{"id":25673,"date":"2018-03-21T07:50:28","date_gmt":"2018-03-21T10:50:28","guid":{"rendered":"https:\/\/www.isletasnoticias.com.ar\/?p=25673"},"modified":"2018-03-21T07:50:28","modified_gmt":"2018-03-21T10:50:28","slug":"fijaron-los-precios-de-la-yerba-mate","status":"publish","type":"post","link":"https:\/\/informelitoral.com.ar\/fijaron-los-precios-de-la-yerba-mate\/","title":{"rendered":"Fijaron los precios de la yerba mate"},"content":{"rendered":"<p>El Ministerio de Agroindustria de la Naci\u00f3n fij\u00f3 los precios de la yerba mate en el marco de un encuentro que se realiz\u00f3 el lunes por la tarde en la sede de la cartera, que cont\u00f3 con la presencia de funcionarios nacionales, de Misiones y Corrientes, c\u00e1maras, asociaciones y entidades gremiales.<\/p>\n<p>En cuanto al laudo, se acord\u00f3 que <strong>durante el semestre abril-septiembre el valor ser\u00e1 de $7,02 para la hoja verde y de $26,04 para la canchada.\u00a0<\/strong><\/p>\n<p>\u201cSe tomaron estos valores seg\u00fan bases t\u00e9cnicas\u201d, afirm\u00f3 el ministro <strong>Luis Miguel Etchevehere<\/strong>, quien anunci\u00f3 adem\u00e1s la conformaci\u00f3n de la<strong> Mesa de Competitividad<\/strong> de la cadena, cuyo objetivo es funcionar \u201ccomo el \u00e1mbito para aportar las ideas que potencien la actividad\u201d.<\/p>\n<p>En ese sentido,<strong> se analiz\u00f3 la necesidad de mejorar la log\u00edstica de transporte y sus costos, el apoyo para acceder a mercados externos, cuestiones sanitarias y arancelarias, costos financieros, el c\u00f3digo alimentario, situaci\u00f3n impositiva, mecanismos de funcionamientos del Instituto Nacional de la Yerba Mate (INYM) y los plazos de pago de las estampillas.\u00a0<\/strong><\/p>\n<p>\u201cTenemos vocaci\u00f3n de servicio y estamos trabajando para que reuni\u00f3n a reuni\u00f3n tengamos las mejores respuestas, fortalecer las cadenas de manera tal que se generen mayores y mejores oportunidades en la producci\u00f3n y el comercio\u201d, asegur\u00f3 Etchevehere, quien estuvo acompa\u00f1ado por el jefe de Gabinete, Santiago del Solar; los secretarios de Agricultura, Ganader\u00eda y Pesca, <strong>Guillermo Bernaudo<\/strong>; Agricultura Familiar, Coordinaci\u00f3n y Desarrollo Territorial; <strong>Santiago Hardie<\/strong>; de Mercados Agroindustriales, <strong>Marisa Bircher<\/strong>; y de Alimentos y Bioeconom\u00eda, <strong>Andr\u00e9s Murchison<\/strong>.<\/p>\n<p>De la mesa participaron tambi\u00e9n el subsecretario de Agricultura, <strong>Luis Urriza<\/strong>; el subsecretario de Coordinaci\u00f3n Pol\u00edtica, <strong>Hugo Rossi<\/strong>; la directora de Alimentos y Bebidas,<strong> Mercedes Nimo<\/strong>, y del Instituto Nacional de la Yerba Mate (INYM). Representantes de las provincias de Misiones, Corrientes; de INTA; de Confederaciones Rurales Argentinas (CRA); de la Federaci\u00f3n Agraria Argentina (FAA); de la Sociedad Rural Argentina (SRA); de Coninagro. Adem\u00e1s, estuvieron asociaciones representantes de productores primarios, de secaderos y de molinos. Se hicieron presentes entidades de transporte, comercializaci\u00f3n, cosecha, viveros como as\u00ed tambi\u00e9n representantes del sector cooperativo y de trabajadores rurales.<\/p>\n","protected":false},"excerpt":{"rendered":"<p>Durante el semestre abril-septiembre el valor ser\u00e1 de $7,02 para la hoja verde y de $26,04 para la canchada. \u00abSe tomaron estos valores seg\u00fan bases t\u00e9cnicas\u00bb, afirm\u00f3 el ministro Etchevehere. Adem\u00e1s se anunci\u00f3 la conformaci\u00f3n de la Mesa de Competitividad de la cadena,<\/p>\n","protected":false},"author":2,"featured_media":25674,"comment_status":"open","ping_status":"open","sticky":false,"template":"","format":"standard","meta":{"fifu_image_url":"","fifu_image_alt":"","footnotes":""},"categories":[7],"tags":[32,31],"class_list":{"0":"post-25673","1":"post","2":"type-post","3":"status-publish","4":"format-standard","5":"has-post-thumbnail","7":"category-nacionales","8":"tag-precios","9":"tag-yerba-mate"},"yoast_head":"<title>Fijaron los precios de la yerba mate - Informe Litoral<\/title>\n<meta name=\"robots\" content=\"index, follow, max-snippet:-1, max-image-preview:large, max-video-preview:-1\" \/>\n<link rel=\"canonical\" href=\"https:\/\/informelitoral.com.ar\/fijaron-los-precios-de-la-yerba-mate\/\" \/>\n<meta property=\"og:locale\" content=\"es_ES\" \/>\n<meta property=\"og:type\" content=\"article\" \/>\n<meta property=\"og:title\" content=\"Fijaron los precios de la yerba mate - Informe Litoral\" \/>\n<meta property=\"og:description\" content=\"Durante el semestre abril-septiembre el valor ser\u00e1 de $7,02 para la hoja verde y de $26,04 para la canchada. &quot;Se tomaron estos valores seg\u00fan bases t\u00e9cnicas&quot;, afirm\u00f3 el ministro Etchevehere. Adem\u00e1s se anunci\u00f3 la conformaci\u00f3n de la Mesa de Competitividad de la cadena,\" \/>\n<meta property=\"og:url\" content=\"https:\/\/informelitoral.com.ar\/fijaron-los-precios-de-la-yerba-mate\/\" \/>\n<meta property=\"og:site_name\" content=\"Informe Litoral\" \/>\n<meta property=\"article:publisher\" content=\"https:\/\/www.facebook.com\/informelitoral\/\" \/>\n<meta property=\"article:published_time\" content=\"2018-03-21T10:50:28+00:00\" \/>\n<meta property=\"og:image\" content=\"https:\/\/www.isletasnoticias.com.ar\/%77%70%2d%63%6f%6e%74%65%6e%74\/uploads\/2018\/03\/yerba-mate.jpg\" \/>\n<meta name=\"author\" content=\"Gonzalo Schmidt\" \/>\n<meta name=\"twitter:card\" content=\"summary_large_image\" \/>\n<meta name=\"twitter:creator\" content=\"@InformeLitoral\" \/>\n<meta name=\"twitter:site\" content=\"@InformeLitoral\" \/>\n<meta name=\"twitter:label1\" content=\"Escrito por\" \/>\n\t<meta name=\"twitter:data1\" content=\"Gonzalo Schmidt\" \/>\n\t<meta name=\"twitter:label2\" content=\"Tiempo de lectura\" \/>\n\t<meta name=\"twitter:data2\" content=\"2 minutos\" \/>\n<script type=\"application\/ld+json\" class=\"yoast-schema-graph\">{\"@context\":\"https:\\\/\\\/schema.org\",\"@graph\":[{\"@type\":\"Article\",\"@id\":\"https:\\\/\\\/informelitoral.com.ar\\\/fijaron-los-precios-de-la-yerba-mate\\\/#article\",\"isPartOf\":{\"@id\":\"https:\\\/\\\/informelitoral.com.ar\\\/fijaron-los-precios-de-la-yerba-mate\\\/\"},\"author\":{\"name\":\"Gonzalo Schmidt\",\"@id\":\"https:\\\/\\\/informelitoral.com.ar\\\/#\\\/schema\\\/person\\\/b9d00407c836482871ef1d57bf8e3180\"},\"headline\":\"Fijaron los precios de la yerba mate\",\"datePublished\":\"2018-03-21T10:50:28+00:00\",\"mainEntityOfPage\":{\"@id\":\"https:\\\/\\\/informelitoral.com.ar\\\/fijaron-los-precios-de-la-yerba-mate\\\/\"},\"wordCount\":373,\"commentCount\":0,\"publisher\":{\"@id\":\"https:\\\/\\\/informelitoral.com.ar\\\/#organization\"},\"image\":{\"@id\":\"https:\\\/\\\/informelitoral.com.ar\\\/fijaron-los-precios-de-la-yerba-mate\\\/#primaryimage\"},\"thumbnailUrl\":\"https:\\\/\\\/informelitoral.com.ar\\\/%77%70%2d%63%6f%6e%74%65%6e%74\\\/uploads\\\/2018\\\/03\\\/yerba-mate.jpg\",\"keywords\":[\"precios\",\"Yerba mate\"],\"articleSection\":[\"Nacionales\"],\"inLanguage\":\"es\",\"potentialAction\":[{\"@type\":\"CommentAction\",\"name\":\"Comment\",\"target\":[\"https:\\\/\\\/informelitoral.com.ar\\\/fijaron-los-precios-de-la-yerba-mate\\\/#respond\"]}]},{\"@type\":\"WebPage\",\"@id\":\"https:\\\/\\\/informelitoral.com.ar\\\/fijaron-los-precios-de-la-yerba-mate\\\/\",\"url\":\"https:\\\/\\\/informelitoral.com.ar\\\/fijaron-los-precios-de-la-yerba-mate\\\/\",\"name\":\"Fijaron los precios de la yerba mate - Informe Litoral\",\"isPartOf\":{\"@id\":\"https:\\\/\\\/informelitoral.com.ar\\\/#website\"},\"primaryImageOfPage\":{\"@id\":\"https:\\\/\\\/informelitoral.com.ar\\\/fijaron-los-precios-de-la-yerba-mate\\\/#primaryimage\"},\"image\":{\"@id\":\"https:\\\/\\\/informelitoral.com.ar\\\/fijaron-los-precios-de-la-yerba-mate\\\/#primaryimage\"},\"thumbnailUrl\":\"https:\\\/\\\/informelitoral.com.ar\\\/%77%70%2d%63%6f%6e%74%65%6e%74\\\/uploads\\\/2018\\\/03\\\/yerba-mate.jpg\",\"datePublished\":\"2018-03-21T10:50:28+00:00\",\"breadcrumb\":{\"@id\":\"https:\\\/\\\/informelitoral.com.ar\\\/fijaron-los-precios-de-la-yerba-mate\\\/#breadcrumb\"},\"inLanguage\":\"es\",\"potentialAction\":[{\"@type\":\"ReadAction\",\"target\":[\"https:\\\/\\\/informelitoral.com.ar\\\/fijaron-los-precios-de-la-yerba-mate\\\/\"]}]},{\"@type\":\"ImageObject\",\"inLanguage\":\"es\",\"@id\":\"https:\\\/\\\/informelitoral.com.ar\\\/fijaron-los-precios-de-la-yerba-mate\\\/#primaryimage\",\"url\":\"https:\\\/\\\/informelitoral.com.ar\\\/%77%70%2d%63%6f%6e%74%65%6e%74\\\/uploads\\\/2018\\\/03\\\/yerba-mate.jpg\",\"contentUrl\":\"https:\\\/\\\/informelitoral.com.ar\\\/%77%70%2d%63%6f%6e%74%65%6e%74\\\/uploads\\\/2018\\\/03\\\/yerba-mate.jpg\",\"width\":1024,\"height\":709},{\"@type\":\"BreadcrumbList\",\"@id\":\"https:\\\/\\\/informelitoral.com.ar\\\/fijaron-los-precios-de-la-yerba-mate\\\/#breadcrumb\",\"itemListElement\":[{\"@type\":\"ListItem\",\"position\":1,\"name\":\"Portada\",\"item\":\"https:\\\/\\\/informelitoral.com.ar\\\/\"},{\"@type\":\"ListItem\",\"position\":2,\"name\":\"Fijaron los precios de la yerba mate\"}]},{\"@type\":\"WebSite\",\"@id\":\"https:\\\/\\\/informelitoral.com.ar\\\/#website\",\"url\":\"https:\\\/\\\/informelitoral.com.ar\\\/\",\"name\":\"Informe Litoral\",\"description\":\"&quot;Nos informamos&quot; \",\"publisher\":{\"@id\":\"https:\\\/\\\/informelitoral.com.ar\\\/#organization\"},\"potentialAction\":[{\"@type\":\"SearchAction\",\"target\":{\"@type\":\"EntryPoint\",\"urlTemplate\":\"https:\\\/\\\/informelitoral.com.ar\\\/?s={search_term_string}\"},\"query-input\":{\"@type\":\"PropertyValueSpecification\",\"valueRequired\":true,\"valueName\":\"search_term_string\"}}],\"inLanguage\":\"es\"},{\"@type\":\"Organization\",\"@id\":\"https:\\\/\\\/informelitoral.com.ar\\\/#organization\",\"name\":\"Informe Litoral\",\"url\":\"https:\\\/\\\/informelitoral.com.ar\\\/\",\"logo\":{\"@type\":\"ImageObject\",\"inLanguage\":\"es\",\"@id\":\"https:\\\/\\\/informelitoral.com.ar\\\/#\\\/schema\\\/logo\\\/image\\\/\",\"url\":\"https:\\\/\\\/informelitoral.com.ar\\\/%77%70%2d%63%6f%6e%74%65%6e%74\\\/uploads\\\/2021\\\/01\\\/circulo.png\",\"contentUrl\":\"https:\\\/\\\/informelitoral.com.ar\\\/%77%70%2d%63%6f%6e%74%65%6e%74\\\/uploads\\\/2021\\\/01\\\/circulo.png\",\"width\":723,\"height\":731,\"caption\":\"Informe Litoral\"},\"image\":{\"@id\":\"https:\\\/\\\/informelitoral.com.ar\\\/#\\\/schema\\\/logo\\\/image\\\/\"},\"sameAs\":[\"https:\\\/\\\/www.facebook.com\\\/informelitoral\\\/\",\"https:\\\/\\\/x.com\\\/InformeLitoral\",\"https:\\\/\\\/www.instagram.com\\\/informelitoral\\\/\",\"https:\\\/\\\/www.youtube.com\\\/channel\\\/UCua4Qvz8Icb6MYqhoq9xLXw\"]},{\"@type\":\"Person\",\"@id\":\"https:\\\/\\\/informelitoral.com.ar\\\/#\\\/schema\\\/person\\\/b9d00407c836482871ef1d57bf8e3180\",\"name\":\"Gonzalo Schmidt\",\"image\":{\"@type\":\"ImageObject\",\"inLanguage\":\"es\",\"@id\":\"https:\\\/\\\/secure.gravatar.com\\\/avatar\\\/31a1a7b66ff2de83bd0e9fd79d026630d2d99e55e8bfe501287647b4fd9743de?s=96&d=mm&r=g\",\"url\":\"https:\\\/\\\/secure.gravatar.com\\\/avatar\\\/31a1a7b66ff2de83bd0e9fd79d026630d2d99e55e8bfe501287647b4fd9743de?s=96&d=mm&r=g\",\"contentUrl\":\"https:\\\/\\\/secure.gravatar.com\\\/avatar\\\/31a1a7b66ff2de83bd0e9fd79d026630d2d99e55e8bfe501287647b4fd9743de?s=96&d=mm&r=g\",\"caption\":\"Gonzalo Schmidt\"},\"description\":\"Sitio web de noticias de la provincia de Entre R\u00edos, Argentina. Informaci\u00f3n y entretenimiento. Informe Litoral, nos informamos.\",\"sameAs\":[\"http:\\\/\\\/www.isletasnoticias.com.ar\"],\"url\":\"https:\\\/\\\/informelitoral.com.ar\\\/author\\\/gonzalo\\\/\"}]}<\/script>","yoast_head_json":{"title":"Fijaron los precios de la yerba mate - Informe Litoral","robots":{"index":"index","follow":"follow","max-snippet":"max-snippet:-1","max-image-preview":"max-image-preview:large","max-video-preview":"max-video-preview:-1"},"canonical":"https:\/\/informelitoral.com.ar\/fijaron-los-precios-de-la-yerba-mate\/","og_locale":"es_ES","og_type":"article","og_title":"Fijaron los precios de la yerba mate - Informe Litoral","og_description":"Durante el semestre abril-septiembre el valor ser\u00e1 de $7,02 para la hoja verde y de $26,04 para la canchada. \"Se tomaron estos valores seg\u00fan bases t\u00e9cnicas\", afirm\u00f3 el ministro Etchevehere. Adem\u00e1s se anunci\u00f3 la conformaci\u00f3n de la Mesa de Competitividad de la cadena,","og_url":"https:\/\/informelitoral.com.ar\/fijaron-los-precios-de-la-yerba-mate\/","og_site_name":"Informe Litoral","article_publisher":"https:\/\/www.facebook.com\/informelitoral\/","article_published_time":"2018-03-21T10:50:28+00:00","og_image":[{"url":"https:\/\/www.isletasnoticias.com.ar\/%77%70%2d%63%6f%6e%74%65%6e%74\/uploads\/2018\/03\/yerba-mate.jpg","type":"","width":"","height":""}],"author":"Gonzalo Schmidt","twitter_card":"summary_large_image","twitter_creator":"@InformeLitoral","twitter_site":"@InformeLitoral","twitter_misc":{"Escrito por":"Gonzalo Schmidt","Tiempo de lectura":"2 minutos"},"schema":{"@context":"https:\/\/schema.org","@graph":[{"@type":"Article","@id":"https:\/\/informelitoral.com.ar\/fijaron-los-precios-de-la-yerba-mate\/#article","isPartOf":{"@id":"https:\/\/informelitoral.com.ar\/fijaron-los-precios-de-la-yerba-mate\/"},"author":{"name":"Gonzalo Schmidt","@id":"https:\/\/informelitoral.com.ar\/#\/schema\/person\/b9d00407c836482871ef1d57bf8e3180"},"headline":"Fijaron los precios de la yerba mate","datePublished":"2018-03-21T10:50:28+00:00","mainEntityOfPage":{"@id":"https:\/\/informelitoral.com.ar\/fijaron-los-precios-de-la-yerba-mate\/"},"wordCount":373,"commentCount":0,"publisher":{"@id":"https:\/\/informelitoral.com.ar\/#organization"},"image":{"@id":"https:\/\/informelitoral.com.ar\/fijaron-los-precios-de-la-yerba-mate\/#primaryimage"},"thumbnailUrl":"https:\/\/informelitoral.com.ar\/%77%70%2d%63%6f%6e%74%65%6e%74\/uploads\/2018\/03\/yerba-mate.jpg","keywords":["precios","Yerba mate"],"articleSection":["Nacionales"],"inLanguage":"es","potentialAction":[{"@type":"CommentAction","name":"Comment","target":["https:\/\/informelitoral.com.ar\/fijaron-los-precios-de-la-yerba-mate\/#respond"]}]},{"@type":"WebPage","@id":"https:\/\/informelitoral.com.ar\/fijaron-los-precios-de-la-yerba-mate\/","url":"https:\/\/informelitoral.com.ar\/fijaron-los-precios-de-la-yerba-mate\/","name":"Fijaron los precios de la yerba mate - Informe Litoral","isPartOf":{"@id":"https:\/\/informelitoral.com.ar\/#website"},"primaryImageOfPage":{"@id":"https:\/\/informelitoral.com.ar\/fijaron-los-precios-de-la-yerba-mate\/#primaryimage"},"image":{"@id":"https:\/\/informelitoral.com.ar\/fijaron-los-precios-de-la-yerba-mate\/#primaryimage"},"thumbnailUrl":"https:\/\/informelitoral.com.ar\/%77%70%2d%63%6f%6e%74%65%6e%74\/uploads\/2018\/03\/yerba-mate.jpg","datePublished":"2018-03-21T10:50:28+00:00","breadcrumb":{"@id":"https:\/\/informelitoral.com.ar\/fijaron-los-precios-de-la-yerba-mate\/#breadcrumb"},"inLanguage":"es","potentialAction":[{"@type":"ReadAction","target":["https:\/\/informelitoral.com.ar\/fijaron-los-precios-de-la-yerba-mate\/"]}]},{"@type":"ImageObject","inLanguage":"es","@id":"https:\/\/informelitoral.com.ar\/fijaron-los-precios-de-la-yerba-mate\/#primaryimage","url":"https:\/\/informelitoral.com.ar\/%77%70%2d%63%6f%6e%74%65%6e%74\/uploads\/2018\/03\/yerba-mate.jpg","contentUrl":"https:\/\/informelitoral.com.ar\/%77%70%2d%63%6f%6e%74%65%6e%74\/uploads\/2018\/03\/yerba-mate.jpg","width":1024,"height":709},{"@type":"BreadcrumbList","@id":"https:\/\/informelitoral.com.ar\/fijaron-los-precios-de-la-yerba-mate\/#breadcrumb","itemListElement":[{"@type":"ListItem","position":1,"name":"Portada","item":"https:\/\/informelitoral.com.ar\/"},{"@type":"ListItem","position":2,"name":"Fijaron los precios de la yerba mate"}]},{"@type":"WebSite","@id":"https:\/\/informelitoral.com.ar\/#website","url":"https:\/\/informelitoral.com.ar\/","name":"Informe Litoral","description":"&quot;Nos informamos&quot; ","publisher":{"@id":"https:\/\/informelitoral.com.ar\/#organization"},"potentialAction":[{"@type":"SearchAction","target":{"@type":"EntryPoint","urlTemplate":"https:\/\/informelitoral.com.ar\/?s={search_term_string}"},"query-input":{"@type":"PropertyValueSpecification","valueRequired":true,"valueName":"search_term_string"}}],"inLanguage":"es"},{"@type":"Organization","@id":"https:\/\/informelitoral.com.ar\/#organization","name":"Informe Litoral","url":"https:\/\/informelitoral.com.ar\/","logo":{"@type":"ImageObject","inLanguage":"es","@id":"https:\/\/informelitoral.com.ar\/#\/schema\/logo\/image\/","url":"https:\/\/informelitoral.com.ar\/%77%70%2d%63%6f%6e%74%65%6e%74\/uploads\/2021\/01\/circulo.png","contentUrl":"https:\/\/informelitoral.com.ar\/%77%70%2d%63%6f%6e%74%65%6e%74\/uploads\/2021\/01\/circulo.png","width":723,"height":731,"caption":"Informe Litoral"},"image":{"@id":"https:\/\/informelitoral.com.ar\/#\/schema\/logo\/image\/"},"sameAs":["https:\/\/www.facebook.com\/informelitoral\/","https:\/\/x.com\/InformeLitoral","https:\/\/www.instagram.com\/informelitoral\/","https:\/\/www.youtube.com\/channel\/UCua4Qvz8Icb6MYqhoq9xLXw"]},{"@type":"Person","@id":"https:\/\/informelitoral.com.ar\/#\/schema\/person\/b9d00407c836482871ef1d57bf8e3180","name":"Gonzalo Schmidt","image":{"@type":"ImageObject","inLanguage":"es","@id":"https:\/\/secure.gravatar.com\/avatar\/31a1a7b66ff2de83bd0e9fd79d026630d2d99e55e8bfe501287647b4fd9743de?s=96&d=mm&r=g","url":"https:\/\/secure.gravatar.com\/avatar\/31a1a7b66ff2de83bd0e9fd79d026630d2d99e55e8bfe501287647b4fd9743de?s=96&d=mm&r=g","contentUrl":"https:\/\/secure.gravatar.com\/avatar\/31a1a7b66ff2de83bd0e9fd79d026630d2d99e55e8bfe501287647b4fd9743de?s=96&d=mm&r=g","caption":"Gonzalo Schmidt"},"description":"Sitio web de noticias de la provincia de Entre R\u00edos, Argentina. Informaci\u00f3n y entretenimiento. Informe Litoral, nos informamos.","sameAs":["http:\/\/www.isletasnoticias.com.ar"],"url":"https:\/\/informelitoral.com.ar\/author\/gonzalo\/"}]}},"_links":{"self":[{"href":"https:\/\/informelitoral.com.ar\/%77%70%2d%6a%73%6f%6e\/wp\/v2\/posts\/25673","targetHints":{"allow":["GET"]}}],"collection":[{"href":"https:\/\/informelitoral.com.ar\/%77%70%2d%6a%73%6f%6e\/wp\/v2\/posts"}],"about":[{"href":"https:\/\/informelitoral.com.ar\/%77%70%2d%6a%73%6f%6e\/wp\/v2\/types\/post"}],"author":[{"embeddable":true,"href":"https:\/\/informelitoral.com.ar\/%77%70%2d%6a%73%6f%6e\/wp\/v2\/users\/2"}],"replies":[{"embeddable":true,"href":"https:\/\/informelitoral.com.ar\/%77%70%2d%6a%73%6f%6e\/wp\/v2\/comments?post=25673"}],"version-history":[{"count":0,"href":"https:\/\/informelitoral.com.ar\/%77%70%2d%6a%73%6f%6e\/wp\/v2\/posts\/25673\/revisions"}],"wp:featuredmedia":[{"embeddable":true,"href":"https:\/\/informelitoral.com.ar\/%77%70%2d%6a%73%6f%6e\/wp\/v2\/media\/25674"}],"wp:attachment":[{"href":"https:\/\/informelitoral.com.ar\/%77%70%2d%6a%73%6f%6e\/wp\/v2\/media?parent=25673"}],"wp:term":[{"taxonomy":"category","embeddable":true,"href":"https:\/\/informelitoral.com.ar\/%77%70%2d%6a%73%6f%6e\/wp\/v2\/categories?post=25673"},{"taxonomy":"post_tag","embeddable":true,"href":"https:\/\/informelitoral.com.ar\/%77%70%2d%6a%73%6f%6e\/wp\/v2\/tags?post=25673"}],"curies":[{"name":"wp","href":"https:\/\/api.w.org\/{rel}","templated":true}]}}