{"id":25650,"date":"2018-03-20T08:36:24","date_gmt":"2018-03-20T11:36:24","guid":{"rendered":"https:\/\/www.isletasnoticias.com.ar\/?p=25650"},"modified":"2018-03-20T08:36:24","modified_gmt":"2018-03-20T11:36:24","slug":"el-gobierno-entrerriano-ofrecio-un-17-a-los-docentes","status":"publish","type":"post","link":"https:\/\/informelitoral.com.ar\/el-gobierno-entrerriano-ofrecio-un-17-a-los-docentes\/","title":{"rendered":"El gobierno entrerriano ofreci\u00f3 un 17% a los docentes"},"content":{"rendered":"<div class=\"post-right\">\n<p class=\"post-excerpt\">Se desarroll\u00f3 el lunes una nueva reuni\u00f3n paritaria en el Sal\u00f3n de los Gobernadores en Casa Gris. En el encuentro, encabezado por el ministro de Econom\u00eda Hugo Ballay y la titular del CGE Marta Land\u00f3, el gobierno mejor\u00f3 la oferta salarial para el sector y<strong>\u00a0ofreci\u00f3 un ocho por ciento en marzo y un nueve por ciento en agosto, totalizando un 17 por ciento de incremento.<\/strong><\/p>\n<\/div>\n<div class=\"post-body-inner\">\n<p>\u201cEl mandato de nuestro congreso fue claro, de hacer un emplazamiento al Gobierno y si para no ten\u00edamos una propuesta superadora ten\u00edamos dos medidas dispuestas pero en funci\u00f3n de que esta propuesta en t\u00e9rminos porcentuales es superadora,\u00a0<strong>vamos a empezar a convocar a asambleas ma\u00f1ana en horario nocturno \u00a0y mi\u00e9rcoles de ma\u00f1ana y de tarde para finalmente realizar un congreso el d\u00eda jueves y dar a conocer una respuesta<\/strong>\u201d, explic\u00f3 el secretario general de Agmer,\u00a0<strong>Marcelo Pagani<\/strong>.<\/p>\n<p>Con la oferta del Gobierno,\u00a0<strong>las huelgas del mi\u00e9rcoles y jueves quedan \u201csin efecto\u201d<\/strong>, subray\u00f3 Pagani. En tanto el mismo jueves el Congreso<strong>\u00a0si llega a rechazar esta oferta, le pondr\u00e1 fecha a esas 48 horas de paro por ahora est\u00e1n \u201cen suspenso\u201d.<\/strong><\/p>\n<p>Qued\u00f3 afuera de esta mejora el 1,3 por ciento de actualizaci\u00f3n salarial por la paritaria del 2017, el cual, seg\u00fan se inform\u00f3 en el encuentro del lunes \u201cser\u00e1 retroactivo a enero y se pagar\u00e1 por planilla complementaria luego del pago de los haberes de marzo, creemos que en la segunda quincena de abril\u201d.<\/p>\n<p>En otro orden, el m\u00e1ximo dirigente de Agmer puso \u00e9nfasis en destacar como punto destacado de la reuni\u00f3n, la \u201c<strong>derogaci\u00f3n del decreto 97<\/strong>\u201d, el cual pon\u00eda l\u00edmites a las asambleas docentes (\u00e9stas deb\u00edan informarse 72 horas antes, circunscribirse al \u00e1mbito escolar, etc). \u201cQuedaron en enviarnos una copia del decreto cuya derogaci\u00f3n era otro pedido del Congreso\u201d, acopl\u00f3 Pagani.<\/p>\n<p><strong>La postura de los otros gremios<\/strong><\/p>\n<p>La reuni\u00f3n se desarroll\u00f3 con representantes de los cuatro gremios docentes. Adem\u00e1s de Agmer, estuvo presente\u00a0<strong>AMET<\/strong>, cuyo secretario adjunto\u00a0<strong>Carlos Varela<\/strong>\u00a0precis\u00f3 que \u201c<strong>las bases analizar\u00e1n ma\u00f1ana (por este martes)<\/strong>\u201d la nueva propuesta para luego dar una respuesta.<\/p>\n<p>Desde\u00a0<strong>Sadop<\/strong>, su secretario general\u00a0<strong>Sergio Pesoa<\/strong>\u00a0dijo que fue \u201cmuy positivo el avance\u201d logrado en esta jornada y adelant\u00f3 que \u201c<strong>el jueves estaremos contestando<\/strong>\u201d.<\/p>\n<p>A su turno, la titular de\u00a0<strong>UDA, Mirta Raya<\/strong>, dijo que<strong>\u00a0el nuevo porcentaje se logr\u00f3 \u201cpor la lucha de los docentes\u201d<\/strong>\u00a0y tras \u201cvalorar el esfuerzo\u201d del Gobierno, dijo que los detalles se abordar\u00e1n en comisi\u00f3n directiva para luego, informar una postura.<\/p>\n<p><strong>El por qu\u00e9 del 17 por ciento ahora<\/strong><\/p>\n<p>El ministro de Econom\u00eda\u00a0<strong>Hugo Ballay<\/strong>, por su parte, expres\u00f3: \u201cMantuvimos una cuarta reuni\u00f3n apostando al di\u00e1logo como lo pide el gobernador Gustavo Bordet en todos los \u00e1mbitos. Hemos mejorado respuesta a la \u00faltima oferta presentada, sosteniendo los mismos meses -ocho por ciento en marzo y nueve por ciento en agosto- que va liquidado por sobre el 1,3 por ciento que se liquida a enero por la diferencia de inflaci\u00f3n de 2017. Esto implica un 18,3 por ciento de incremento para los docentes este a\u00f1o y con la cl\u00e1usula de revisi\u00f3n permanente\u201d.<\/p>\n<p>\u201c\u00bfPor qu\u00e9 llegan a este porcentaje si antes se dijo que el 15 era el m\u00e1ximo esfuerzo\u201d? , se le consult\u00f3 al funcionario y \u00e9ste respondi\u00f3: \u201cSiempre es el m\u00e1ximo esfuerzo y de hecho lo hicimos\u201d.<\/p>\n<p>Luego se explay\u00f3, al recordar que \u201c<strong>en la anterior reuni\u00f3n todav\u00eda no se conoc\u00eda la inflaci\u00f3n de febrero y cuando vemos una acumulaci\u00f3n de dos meses de un monto importante y tambi\u00e9n monitoreamos los recursos de la provincia en dos meses y medio de ejecuci\u00f3n, es que podemos hacer este esfuerzo adicional de dos puntos<\/strong>\u201d.<\/p>\n<p>Cabe recordar que los docentes rechazaron el 15 por ciento de aumento en dos tramos de incremento que ofreci\u00f3 el Ejecutivo como tambi\u00e9n la actualizaci\u00f3n salarial 2017 del 1,3 por ciento desde marzo.<\/p>\n<p>En el caso de Agmer ya se contabilizan cuatro jornadas de paro en lo que va del actual ciclo lectivo; adem\u00e1s de una movilizaci\u00f3n provincial realizada la semana pasada en Paran\u00e1.\u00a0<em>(APF)<\/em><\/p>\n<\/div>\n","protected":false},"excerpt":{"rendered":"<p>En la cuarta reuni\u00f3n paritaria realizada el lunes en Casa de Gobierno, el Ejecutivo propuso aumentar los salarios docentes un ocho por ciento en marzo y un nueve en agosto a lo que se sumar\u00eda el pago del 1,3 por ciento de actualizaci\u00f3n salarial 2017 desde enero por planilla complementaria. Los sindicatos docentes dar\u00e1n a conocer su respuesta antes del viernes.<\/p>\n","protected":false},"author":2,"featured_media":25651,"comment_status":"open","ping_status":"open","sticky":false,"template":"","format":"standard","meta":{"fifu_image_url":"","fifu_image_alt":"","footnotes":""},"categories":[6],"tags":[],"class_list":{"0":"post-25650","1":"post","2":"type-post","3":"status-publish","4":"format-standard","5":"has-post-thumbnail","7":"category-entre-rios"},"yoast_head":"<title>El gobierno entrerriano ofreci\u00f3 un 17% a los docentes - Informe Litoral<\/title>\n<meta name=\"robots\" content=\"index, follow, max-snippet:-1, max-image-preview:large, max-video-preview:-1\" \/>\n<link rel=\"canonical\" href=\"https:\/\/informelitoral.com.ar\/el-gobierno-entrerriano-ofrecio-un-17-a-los-docentes\/\" \/>\n<meta property=\"og:locale\" content=\"es_ES\" \/>\n<meta property=\"og:type\" content=\"article\" \/>\n<meta property=\"og:title\" content=\"El gobierno entrerriano ofreci\u00f3 un 17% a los docentes - Informe Litoral\" \/>\n<meta property=\"og:description\" content=\"En la cuarta reuni\u00f3n paritaria realizada el lunes en Casa de Gobierno, el Ejecutivo propuso aumentar los salarios docentes un ocho por ciento en marzo y un nueve en agosto a lo que se sumar\u00eda el pago del 1,3 por ciento de actualizaci\u00f3n salarial 2017 desde enero por planilla complementaria. Los sindicatos docentes dar\u00e1n a conocer su respuesta antes del viernes.\" \/>\n<meta property=\"og:url\" content=\"https:\/\/informelitoral.com.ar\/el-gobierno-entrerriano-ofrecio-un-17-a-los-docentes\/\" \/>\n<meta property=\"og:site_name\" content=\"Informe Litoral\" \/>\n<meta property=\"article:publisher\" content=\"https:\/\/www.facebook.com\/informelitoral\/\" \/>\n<meta property=\"article:published_time\" content=\"2018-03-20T11:36:24+00:00\" \/>\n<meta property=\"og:image\" content=\"https:\/\/www.isletasnoticias.com.ar\/%77%70%2d%63%6f%6e%74%65%6e%74\/uploads\/2018\/03\/reauni\u00f3n-paritaria-gobierno-docentes.jpg\" \/>\n<meta name=\"author\" content=\"Gonzalo Schmidt\" \/>\n<meta name=\"twitter:card\" content=\"summary_large_image\" \/>\n<meta name=\"twitter:creator\" content=\"@InformeLitoral\" \/>\n<meta name=\"twitter:site\" content=\"@InformeLitoral\" \/>\n<meta name=\"twitter:label1\" content=\"Escrito por\" \/>\n\t<meta name=\"twitter:data1\" content=\"Gonzalo Schmidt\" \/>\n\t<meta name=\"twitter:label2\" content=\"Tiempo de lectura\" \/>\n\t<meta name=\"twitter:data2\" content=\"3 minutos\" \/>\n<script type=\"application\/ld+json\" class=\"yoast-schema-graph\">{\"@context\":\"https:\\\/\\\/schema.org\",\"@graph\":[{\"@type\":\"Article\",\"@id\":\"https:\\\/\\\/informelitoral.com.ar\\\/el-gobierno-entrerriano-ofrecio-un-17-a-los-docentes\\\/#article\",\"isPartOf\":{\"@id\":\"https:\\\/\\\/informelitoral.com.ar\\\/el-gobierno-entrerriano-ofrecio-un-17-a-los-docentes\\\/\"},\"author\":{\"name\":\"Gonzalo Schmidt\",\"@id\":\"https:\\\/\\\/informelitoral.com.ar\\\/#\\\/schema\\\/person\\\/b9d00407c836482871ef1d57bf8e3180\"},\"headline\":\"El gobierno entrerriano ofreci\u00f3 un 17% a los docentes\",\"datePublished\":\"2018-03-20T11:36:24+00:00\",\"mainEntityOfPage\":{\"@id\":\"https:\\\/\\\/informelitoral.com.ar\\\/el-gobierno-entrerriano-ofrecio-un-17-a-los-docentes\\\/\"},\"wordCount\":707,\"commentCount\":0,\"publisher\":{\"@id\":\"https:\\\/\\\/informelitoral.com.ar\\\/#organization\"},\"image\":{\"@id\":\"https:\\\/\\\/informelitoral.com.ar\\\/el-gobierno-entrerriano-ofrecio-un-17-a-los-docentes\\\/#primaryimage\"},\"thumbnailUrl\":\"https:\\\/\\\/informelitoral.com.ar\\\/%77%70%2d%63%6f%6e%74%65%6e%74\\\/uploads\\\/2018\\\/03\\\/reauni\u00f3n-paritaria-gobierno-docentes.jpg\",\"articleSection\":[\"Entre R\u00edos\"],\"inLanguage\":\"es\",\"potentialAction\":[{\"@type\":\"CommentAction\",\"name\":\"Comment\",\"target\":[\"https:\\\/\\\/informelitoral.com.ar\\\/el-gobierno-entrerriano-ofrecio-un-17-a-los-docentes\\\/#respond\"]}]},{\"@type\":\"WebPage\",\"@id\":\"https:\\\/\\\/informelitoral.com.ar\\\/el-gobierno-entrerriano-ofrecio-un-17-a-los-docentes\\\/\",\"url\":\"https:\\\/\\\/informelitoral.com.ar\\\/el-gobierno-entrerriano-ofrecio-un-17-a-los-docentes\\\/\",\"name\":\"El gobierno entrerriano ofreci\u00f3 un 17% a los docentes - Informe Litoral\",\"isPartOf\":{\"@id\":\"https:\\\/\\\/informelitoral.com.ar\\\/#website\"},\"primaryImageOfPage\":{\"@id\":\"https:\\\/\\\/informelitoral.com.ar\\\/el-gobierno-entrerriano-ofrecio-un-17-a-los-docentes\\\/#primaryimage\"},\"image\":{\"@id\":\"https:\\\/\\\/informelitoral.com.ar\\\/el-gobierno-entrerriano-ofrecio-un-17-a-los-docentes\\\/#primaryimage\"},\"thumbnailUrl\":\"https:\\\/\\\/informelitoral.com.ar\\\/%77%70%2d%63%6f%6e%74%65%6e%74\\\/uploads\\\/2018\\\/03\\\/reauni\u00f3n-paritaria-gobierno-docentes.jpg\",\"datePublished\":\"2018-03-20T11:36:24+00:00\",\"breadcrumb\":{\"@id\":\"https:\\\/\\\/informelitoral.com.ar\\\/el-gobierno-entrerriano-ofrecio-un-17-a-los-docentes\\\/#breadcrumb\"},\"inLanguage\":\"es\",\"potentialAction\":[{\"@type\":\"ReadAction\",\"target\":[\"https:\\\/\\\/informelitoral.com.ar\\\/el-gobierno-entrerriano-ofrecio-un-17-a-los-docentes\\\/\"]}]},{\"@type\":\"ImageObject\",\"inLanguage\":\"es\",\"@id\":\"https:\\\/\\\/informelitoral.com.ar\\\/el-gobierno-entrerriano-ofrecio-un-17-a-los-docentes\\\/#primaryimage\",\"url\":\"https:\\\/\\\/informelitoral.com.ar\\\/%77%70%2d%63%6f%6e%74%65%6e%74\\\/uploads\\\/2018\\\/03\\\/reauni\u00f3n-paritaria-gobierno-docentes.jpg\",\"contentUrl\":\"https:\\\/\\\/informelitoral.com.ar\\\/%77%70%2d%63%6f%6e%74%65%6e%74\\\/uploads\\\/2018\\\/03\\\/reauni\u00f3n-paritaria-gobierno-docentes.jpg\",\"width\":1920,\"height\":1280},{\"@type\":\"BreadcrumbList\",\"@id\":\"https:\\\/\\\/informelitoral.com.ar\\\/el-gobierno-entrerriano-ofrecio-un-17-a-los-docentes\\\/#breadcrumb\",\"itemListElement\":[{\"@type\":\"ListItem\",\"position\":1,\"name\":\"Portada\",\"item\":\"https:\\\/\\\/informelitoral.com.ar\\\/\"},{\"@type\":\"ListItem\",\"position\":2,\"name\":\"El gobierno entrerriano ofreci\u00f3 un 17% a los docentes\"}]},{\"@type\":\"WebSite\",\"@id\":\"https:\\\/\\\/informelitoral.com.ar\\\/#website\",\"url\":\"https:\\\/\\\/informelitoral.com.ar\\\/\",\"name\":\"Informe Litoral\",\"description\":\"&quot;Nos informamos&quot; \",\"publisher\":{\"@id\":\"https:\\\/\\\/informelitoral.com.ar\\\/#organization\"},\"potentialAction\":[{\"@type\":\"SearchAction\",\"target\":{\"@type\":\"EntryPoint\",\"urlTemplate\":\"https:\\\/\\\/informelitoral.com.ar\\\/?s={search_term_string}\"},\"query-input\":{\"@type\":\"PropertyValueSpecification\",\"valueRequired\":true,\"valueName\":\"search_term_string\"}}],\"inLanguage\":\"es\"},{\"@type\":\"Organization\",\"@id\":\"https:\\\/\\\/informelitoral.com.ar\\\/#organization\",\"name\":\"Informe Litoral\",\"url\":\"https:\\\/\\\/informelitoral.com.ar\\\/\",\"logo\":{\"@type\":\"ImageObject\",\"inLanguage\":\"es\",\"@id\":\"https:\\\/\\\/informelitoral.com.ar\\\/#\\\/schema\\\/logo\\\/image\\\/\",\"url\":\"https:\\\/\\\/informelitoral.com.ar\\\/%77%70%2d%63%6f%6e%74%65%6e%74\\\/uploads\\\/2021\\\/01\\\/circulo.png\",\"contentUrl\":\"https:\\\/\\\/informelitoral.com.ar\\\/%77%70%2d%63%6f%6e%74%65%6e%74\\\/uploads\\\/2021\\\/01\\\/circulo.png\",\"width\":723,\"height\":731,\"caption\":\"Informe Litoral\"},\"image\":{\"@id\":\"https:\\\/\\\/informelitoral.com.ar\\\/#\\\/schema\\\/logo\\\/image\\\/\"},\"sameAs\":[\"https:\\\/\\\/www.facebook.com\\\/informelitoral\\\/\",\"https:\\\/\\\/x.com\\\/InformeLitoral\",\"https:\\\/\\\/www.instagram.com\\\/informelitoral\\\/\",\"https:\\\/\\\/www.youtube.com\\\/channel\\\/UCua4Qvz8Icb6MYqhoq9xLXw\"]},{\"@type\":\"Person\",\"@id\":\"https:\\\/\\\/informelitoral.com.ar\\\/#\\\/schema\\\/person\\\/b9d00407c836482871ef1d57bf8e3180\",\"name\":\"Gonzalo Schmidt\",\"image\":{\"@type\":\"ImageObject\",\"inLanguage\":\"es\",\"@id\":\"https:\\\/\\\/secure.gravatar.com\\\/avatar\\\/31a1a7b66ff2de83bd0e9fd79d026630d2d99e55e8bfe501287647b4fd9743de?s=96&d=mm&r=g\",\"url\":\"https:\\\/\\\/secure.gravatar.com\\\/avatar\\\/31a1a7b66ff2de83bd0e9fd79d026630d2d99e55e8bfe501287647b4fd9743de?s=96&d=mm&r=g\",\"contentUrl\":\"https:\\\/\\\/secure.gravatar.com\\\/avatar\\\/31a1a7b66ff2de83bd0e9fd79d026630d2d99e55e8bfe501287647b4fd9743de?s=96&d=mm&r=g\",\"caption\":\"Gonzalo Schmidt\"},\"description\":\"Sitio web de noticias de la provincia de Entre R\u00edos, Argentina. Informaci\u00f3n y entretenimiento. Informe Litoral, nos informamos.\",\"sameAs\":[\"http:\\\/\\\/www.isletasnoticias.com.ar\"],\"url\":\"https:\\\/\\\/informelitoral.com.ar\\\/author\\\/gonzalo\\\/\"}]}<\/script>","yoast_head_json":{"title":"El gobierno entrerriano ofreci\u00f3 un 17% a los docentes - Informe Litoral","robots":{"index":"index","follow":"follow","max-snippet":"max-snippet:-1","max-image-preview":"max-image-preview:large","max-video-preview":"max-video-preview:-1"},"canonical":"https:\/\/informelitoral.com.ar\/el-gobierno-entrerriano-ofrecio-un-17-a-los-docentes\/","og_locale":"es_ES","og_type":"article","og_title":"El gobierno entrerriano ofreci\u00f3 un 17% a los docentes - Informe Litoral","og_description":"En la cuarta reuni\u00f3n paritaria realizada el lunes en Casa de Gobierno, el Ejecutivo propuso aumentar los salarios docentes un ocho por ciento en marzo y un nueve en agosto a lo que se sumar\u00eda el pago del 1,3 por ciento de actualizaci\u00f3n salarial 2017 desde enero por planilla complementaria. Los sindicatos docentes dar\u00e1n a conocer su respuesta antes del viernes.","og_url":"https:\/\/informelitoral.com.ar\/el-gobierno-entrerriano-ofrecio-un-17-a-los-docentes\/","og_site_name":"Informe Litoral","article_publisher":"https:\/\/www.facebook.com\/informelitoral\/","article_published_time":"2018-03-20T11:36:24+00:00","og_image":[{"url":"https:\/\/www.isletasnoticias.com.ar\/%77%70%2d%63%6f%6e%74%65%6e%74\/uploads\/2018\/03\/reauni\u00f3n-paritaria-gobierno-docentes.jpg","type":"","width":"","height":""}],"author":"Gonzalo Schmidt","twitter_card":"summary_large_image","twitter_creator":"@InformeLitoral","twitter_site":"@InformeLitoral","twitter_misc":{"Escrito por":"Gonzalo Schmidt","Tiempo de lectura":"3 minutos"},"schema":{"@context":"https:\/\/schema.org","@graph":[{"@type":"Article","@id":"https:\/\/informelitoral.com.ar\/el-gobierno-entrerriano-ofrecio-un-17-a-los-docentes\/#article","isPartOf":{"@id":"https:\/\/informelitoral.com.ar\/el-gobierno-entrerriano-ofrecio-un-17-a-los-docentes\/"},"author":{"name":"Gonzalo Schmidt","@id":"https:\/\/informelitoral.com.ar\/#\/schema\/person\/b9d00407c836482871ef1d57bf8e3180"},"headline":"El gobierno entrerriano ofreci\u00f3 un 17% a los docentes","datePublished":"2018-03-20T11:36:24+00:00","mainEntityOfPage":{"@id":"https:\/\/informelitoral.com.ar\/el-gobierno-entrerriano-ofrecio-un-17-a-los-docentes\/"},"wordCount":707,"commentCount":0,"publisher":{"@id":"https:\/\/informelitoral.com.ar\/#organization"},"image":{"@id":"https:\/\/informelitoral.com.ar\/el-gobierno-entrerriano-ofrecio-un-17-a-los-docentes\/#primaryimage"},"thumbnailUrl":"https:\/\/informelitoral.com.ar\/%77%70%2d%63%6f%6e%74%65%6e%74\/uploads\/2018\/03\/reauni\u00f3n-paritaria-gobierno-docentes.jpg","articleSection":["Entre R\u00edos"],"inLanguage":"es","potentialAction":[{"@type":"CommentAction","name":"Comment","target":["https:\/\/informelitoral.com.ar\/el-gobierno-entrerriano-ofrecio-un-17-a-los-docentes\/#respond"]}]},{"@type":"WebPage","@id":"https:\/\/informelitoral.com.ar\/el-gobierno-entrerriano-ofrecio-un-17-a-los-docentes\/","url":"https:\/\/informelitoral.com.ar\/el-gobierno-entrerriano-ofrecio-un-17-a-los-docentes\/","name":"El gobierno entrerriano ofreci\u00f3 un 17% a los docentes - Informe Litoral","isPartOf":{"@id":"https:\/\/informelitoral.com.ar\/#website"},"primaryImageOfPage":{"@id":"https:\/\/informelitoral.com.ar\/el-gobierno-entrerriano-ofrecio-un-17-a-los-docentes\/#primaryimage"},"image":{"@id":"https:\/\/informelitoral.com.ar\/el-gobierno-entrerriano-ofrecio-un-17-a-los-docentes\/#primaryimage"},"thumbnailUrl":"https:\/\/informelitoral.com.ar\/%77%70%2d%63%6f%6e%74%65%6e%74\/uploads\/2018\/03\/reauni\u00f3n-paritaria-gobierno-docentes.jpg","datePublished":"2018-03-20T11:36:24+00:00","breadcrumb":{"@id":"https:\/\/informelitoral.com.ar\/el-gobierno-entrerriano-ofrecio-un-17-a-los-docentes\/#breadcrumb"},"inLanguage":"es","potentialAction":[{"@type":"ReadAction","target":["https:\/\/informelitoral.com.ar\/el-gobierno-entrerriano-ofrecio-un-17-a-los-docentes\/"]}]},{"@type":"ImageObject","inLanguage":"es","@id":"https:\/\/informelitoral.com.ar\/el-gobierno-entrerriano-ofrecio-un-17-a-los-docentes\/#primaryimage","url":"https:\/\/informelitoral.com.ar\/%77%70%2d%63%6f%6e%74%65%6e%74\/uploads\/2018\/03\/reauni\u00f3n-paritaria-gobierno-docentes.jpg","contentUrl":"https:\/\/informelitoral.com.ar\/%77%70%2d%63%6f%6e%74%65%6e%74\/uploads\/2018\/03\/reauni\u00f3n-paritaria-gobierno-docentes.jpg","width":1920,"height":1280},{"@type":"BreadcrumbList","@id":"https:\/\/informelitoral.com.ar\/el-gobierno-entrerriano-ofrecio-un-17-a-los-docentes\/#breadcrumb","itemListElement":[{"@type":"ListItem","position":1,"name":"Portada","item":"https:\/\/informelitoral.com.ar\/"},{"@type":"ListItem","position":2,"name":"El gobierno entrerriano ofreci\u00f3 un 17% a los docentes"}]},{"@type":"WebSite","@id":"https:\/\/informelitoral.com.ar\/#website","url":"https:\/\/informelitoral.com.ar\/","name":"Informe Litoral","description":"&quot;Nos informamos&quot; ","publisher":{"@id":"https:\/\/informelitoral.com.ar\/#organization"},"potentialAction":[{"@type":"SearchAction","target":{"@type":"EntryPoint","urlTemplate":"https:\/\/informelitoral.com.ar\/?s={search_term_string}"},"query-input":{"@type":"PropertyValueSpecification","valueRequired":true,"valueName":"search_term_string"}}],"inLanguage":"es"},{"@type":"Organization","@id":"https:\/\/informelitoral.com.ar\/#organization","name":"Informe Litoral","url":"https:\/\/informelitoral.com.ar\/","logo":{"@type":"ImageObject","inLanguage":"es","@id":"https:\/\/informelitoral.com.ar\/#\/schema\/logo\/image\/","url":"https:\/\/informelitoral.com.ar\/%77%70%2d%63%6f%6e%74%65%6e%74\/uploads\/2021\/01\/circulo.png","contentUrl":"https:\/\/informelitoral.com.ar\/%77%70%2d%63%6f%6e%74%65%6e%74\/uploads\/2021\/01\/circulo.png","width":723,"height":731,"caption":"Informe Litoral"},"image":{"@id":"https:\/\/informelitoral.com.ar\/#\/schema\/logo\/image\/"},"sameAs":["https:\/\/www.facebook.com\/informelitoral\/","https:\/\/x.com\/InformeLitoral","https:\/\/www.instagram.com\/informelitoral\/","https:\/\/www.youtube.com\/channel\/UCua4Qvz8Icb6MYqhoq9xLXw"]},{"@type":"Person","@id":"https:\/\/informelitoral.com.ar\/#\/schema\/person\/b9d00407c836482871ef1d57bf8e3180","name":"Gonzalo Schmidt","image":{"@type":"ImageObject","inLanguage":"es","@id":"https:\/\/secure.gravatar.com\/avatar\/31a1a7b66ff2de83bd0e9fd79d026630d2d99e55e8bfe501287647b4fd9743de?s=96&d=mm&r=g","url":"https:\/\/secure.gravatar.com\/avatar\/31a1a7b66ff2de83bd0e9fd79d026630d2d99e55e8bfe501287647b4fd9743de?s=96&d=mm&r=g","contentUrl":"https:\/\/secure.gravatar.com\/avatar\/31a1a7b66ff2de83bd0e9fd79d026630d2d99e55e8bfe501287647b4fd9743de?s=96&d=mm&r=g","caption":"Gonzalo Schmidt"},"description":"Sitio web de noticias de la provincia de Entre R\u00edos, Argentina. Informaci\u00f3n y entretenimiento. Informe Litoral, nos informamos.","sameAs":["http:\/\/www.isletasnoticias.com.ar"],"url":"https:\/\/informelitoral.com.ar\/author\/gonzalo\/"}]}},"_links":{"self":[{"href":"https:\/\/informelitoral.com.ar\/%77%70%2d%6a%73%6f%6e\/wp\/v2\/posts\/25650","targetHints":{"allow":["GET"]}}],"collection":[{"href":"https:\/\/informelitoral.com.ar\/%77%70%2d%6a%73%6f%6e\/wp\/v2\/posts"}],"about":[{"href":"https:\/\/informelitoral.com.ar\/%77%70%2d%6a%73%6f%6e\/wp\/v2\/types\/post"}],"author":[{"embeddable":true,"href":"https:\/\/informelitoral.com.ar\/%77%70%2d%6a%73%6f%6e\/wp\/v2\/users\/2"}],"replies":[{"embeddable":true,"href":"https:\/\/informelitoral.com.ar\/%77%70%2d%6a%73%6f%6e\/wp\/v2\/comments?post=25650"}],"version-history":[{"count":0,"href":"https:\/\/informelitoral.com.ar\/%77%70%2d%6a%73%6f%6e\/wp\/v2\/posts\/25650\/revisions"}],"wp:featuredmedia":[{"embeddable":true,"href":"https:\/\/informelitoral.com.ar\/%77%70%2d%6a%73%6f%6e\/wp\/v2\/media\/25651"}],"wp:attachment":[{"href":"https:\/\/informelitoral.com.ar\/%77%70%2d%6a%73%6f%6e\/wp\/v2\/media?parent=25650"}],"wp:term":[{"taxonomy":"category","embeddable":true,"href":"https:\/\/informelitoral.com.ar\/%77%70%2d%6a%73%6f%6e\/wp\/v2\/categories?post=25650"},{"taxonomy":"post_tag","embeddable":true,"href":"https:\/\/informelitoral.com.ar\/%77%70%2d%6a%73%6f%6e\/wp\/v2\/tags?post=25650"}],"curies":[{"name":"wp","href":"https:\/\/api.w.org\/{rel}","templated":true}]}}