{"id":25625,"date":"2018-03-19T09:30:01","date_gmt":"2018-03-19T12:30:01","guid":{"rendered":"https:\/\/www.isletasnoticias.com.ar\/?p=25625"},"modified":"2018-03-19T09:30:01","modified_gmt":"2018-03-19T12:30:01","slug":"ramirez-preocupacion-por-la-demora-en-la-entrega-de-viviendas","status":"publish","type":"post","link":"https:\/\/informelitoral.com.ar\/ramirez-preocupacion-por-la-demora-en-la-entrega-de-viviendas\/","title":{"rendered":"Ram\u00edrez: preocupaci\u00f3n por la demora en la entrega de viviendas"},"content":{"rendered":"<p>Unos <strong>71 beneficiarios<\/strong> de un programa federal de viviendas de <strong>General Ram\u00edrez<\/strong> expresaron su preocupaci\u00f3n por las demoras para la entrega de los inmuebles que se construyen en esa ciudad del departamento Diamante.<\/p>\n<p>Se trata de unidades habitacionales que fueron construidas en el marco del <strong>Programa Federal de Vivienda y Mejoramiento del H\u00e1bitat de Pueblos Originarios y Rurales<\/strong>, que instrument\u00f3 el gobierno nacional en 2014 a trav\u00e9s de la Subsecretar\u00eda de Desarrollo Urbano y Vivienda de la Naci\u00f3n, con el objetivo apoyar y mejorar las condiciones de vida de los pueblos originarios y los hogares de bajos recursos en las zonas rurales del pa\u00eds.<a href=\"https:\/\/www.isletasnoticias.com.ar\/%77%70%2d%63%6f%6e%74%65%6e%74\/uploads\/2018\/03\/29339903_127432251426871_1078769620090880000_n.jpg\"><img loading=\"lazy\" decoding=\"async\" class=\"aligncenter wp-image-25627 size-full\" src=\"https:\/\/www.isletasnoticias.com.ar\/%77%70%2d%63%6f%6e%74%65%6e%74\/uploads\/2018\/03\/29339903_127432251426871_1078769620090880000_n.jpg\" alt=\"\" width=\"466\" height=\"280\" srcset=\"https:\/\/informelitoral.com.ar\/%77%70%2d%63%6f%6e%74%65%6e%74\/uploads\/2018\/03\/29339903_127432251426871_1078769620090880000_n.jpg 466w, https:\/\/informelitoral.com.ar\/%77%70%2d%63%6f%6e%74%65%6e%74\/uploads\/2018\/03\/29339903_127432251426871_1078769620090880000_n-300x180.jpg 300w, https:\/\/informelitoral.com.ar\/%77%70%2d%63%6f%6e%74%65%6e%74\/uploads\/2018\/03\/29339903_127432251426871_1078769620090880000_n-400x240.jpg 400w\" sizes=\"auto, (max-width: 466px) 100vw, 466px\" \/><\/a><\/p>\n<p>Las familias que cumplieron con requisitos para acceder al programa, conformaron un Consorcio a Gesti\u00f3n y a trav\u00e9s de las empresas constructoras, acordaron a trav\u00e9s la Unidad Ejecutora de Programas Especiales del Ministerio provincial de Desarrollo Social, la construcci\u00f3n de las viviendas.<\/p>\n<p>En noviembre de 2014, el entonces gobernador Sergio Urribarri inaugur\u00f3 y entreg\u00f3 26 de esas viviendas a familias rurales de Ram\u00edrez y durante el acto, anunci\u00f3 la construcci\u00f3n de otras 27, para lo cual desembols\u00f3 3.109.719 millones de pesos al municipio, en ese momento bajo la gesti\u00f3n de Edelmiro Kr\u00e4mer (FpV), como adelanto para la construcci\u00f3n.<\/p>\n<p>Tres a\u00f1os despu\u00e9s de aquel acontecimiento, los adjudicatarios comenzaron a advertir su preocupaci\u00f3n por las demoras para la entrega del resto de las viviendas, y ante los rumores que circularon en la localidad respecto a la intenci\u00f3n de cambiar a los beneficiarios originales, enviaron una nota al actual intendente Gustavo Vergara (Cambiemos), a quien le solicitaron que \u00abse mantenga sin ninguna modificaci\u00f3n, el listado original de adjudicatarios\u00bb.<\/p>\n<p>\u00ab<strong>Nuestro pedido no intenta generar discordia ni posicionamientos de ning\u00fan car\u00e1cter pol\u00edtico-partidario, solo estamos defendiendo y que se respete el programa como fue otorgado<\/strong>\u00ab, indica el escrito que los adjudicatarios enviaron al presidente municipal y al cual accedi\u00f3<strong><em> IN.<\/em><\/strong><\/p>\n<p>\u00abNo avalamos bajo ning\u00fan punto de vista que se anule y modifique lo que ya est\u00e1 comenzado y a poco de terminar, nos duele enormemente vernos en esta situaci\u00f3n, y solo pedimos que las decisiones no se tomen en el \u00e1mbito de una mezquindad pol\u00edtica y partidaria\u00bb, expresaron. \u00abS\u00f3lo hemos quedado en una grieta de posiciones distintas y esperamos son caer en ella\u00bb, argumentaron.<\/p>\n<p>Tras diversas gestiones ante la Unidad Ejecutora de Programas Especiales del Ministerio provincial de Desarrollo Social (EUPE), <strong>les informaron que las viviendas iban a ser entregadas en diciembre de 2016<\/strong>. Pero en junio del a\u00f1o siguiente, les confirmaron que restaban obras complementarias, y que esperaran hasta fines de julio o agosto. Y as\u00ed pasaron los meses, en octubre de 2017 recibieron la novedad de que \u00abentre el lunes y martes, depositan los \u00faltimos fondos\u00bb junto con la promesa de inauguraci\u00f3n para el mes de diciembre.<a href=\"https:\/\/www.isletasnoticias.com.ar\/%77%70%2d%63%6f%6e%74%65%6e%74\/uploads\/2018\/03\/29340162_127431874760242_5481871651299655680_n.jpg\"><img loading=\"lazy\" decoding=\"async\" class=\"aligncenter wp-image-25628 size-full\" src=\"https:\/\/www.isletasnoticias.com.ar\/%77%70%2d%63%6f%6e%74%65%6e%74\/uploads\/2018\/03\/29340162_127431874760242_5481871651299655680_n.jpg\" alt=\"\" width=\"466\" height=\"280\" srcset=\"https:\/\/informelitoral.com.ar\/%77%70%2d%63%6f%6e%74%65%6e%74\/uploads\/2018\/03\/29340162_127431874760242_5481871651299655680_n.jpg 466w, https:\/\/informelitoral.com.ar\/%77%70%2d%63%6f%6e%74%65%6e%74\/uploads\/2018\/03\/29340162_127431874760242_5481871651299655680_n-300x180.jpg 300w, https:\/\/informelitoral.com.ar\/%77%70%2d%63%6f%6e%74%65%6e%74\/uploads\/2018\/03\/29340162_127431874760242_5481871651299655680_n-400x240.jpg 400w\" sizes=\"auto, (max-width: 466px) 100vw, 466px\" \/><\/a><\/p>\n<p><strong>A marzo de 2018, las viviendas se est\u00e1n deteriorando, registran rajaduras, han sido blanco de vandalismo por pintadas, rotura de vidrios y ventanas, y hasta los caballos defecan en las puertas.<\/strong>\u00a0<em>(Con informaci\u00f3n de Elonce.com)<\/em><\/p>\n","protected":false},"excerpt":{"rendered":"<p>Las unidades habitacionales corresponden al Programa Federal de Vivienda y Mejoramiento del H\u00e1bitat de Pueblos Originarios y Rurales. Los beneficiarios tambi\u00e9n denuncian deterioro y actos de vandalismo en las casas.<\/p>\n","protected":false},"author":2,"featured_media":25626,"comment_status":"open","ping_status":"open","sticky":false,"template":"","format":"standard","meta":{"fifu_image_url":"","fifu_image_alt":"","footnotes":""},"categories":[5],"tags":[],"class_list":{"0":"post-25625","1":"post","2":"type-post","3":"status-publish","4":"format-standard","5":"has-post-thumbnail","7":"category-zonales"},"yoast_head":"<title>Ram\u00edrez: preocupaci\u00f3n por la demora en la entrega de viviendas - Informe Litoral<\/title>\n<meta name=\"robots\" content=\"index, follow, max-snippet:-1, max-image-preview:large, max-video-preview:-1\" \/>\n<link rel=\"canonical\" href=\"https:\/\/informelitoral.com.ar\/ramirez-preocupacion-por-la-demora-en-la-entrega-de-viviendas\/\" \/>\n<meta property=\"og:locale\" content=\"es_ES\" \/>\n<meta property=\"og:type\" content=\"article\" \/>\n<meta property=\"og:title\" content=\"Ram\u00edrez: preocupaci\u00f3n por la demora en la entrega de viviendas - Informe Litoral\" \/>\n<meta property=\"og:description\" content=\"Las unidades habitacionales corresponden al Programa Federal de Vivienda y Mejoramiento del H\u00e1bitat de Pueblos Originarios y Rurales. Los beneficiarios tambi\u00e9n denuncian deterioro y actos de vandalismo en las casas.\" \/>\n<meta property=\"og:url\" content=\"https:\/\/informelitoral.com.ar\/ramirez-preocupacion-por-la-demora-en-la-entrega-de-viviendas\/\" \/>\n<meta property=\"og:site_name\" content=\"Informe Litoral\" \/>\n<meta property=\"article:publisher\" content=\"https:\/\/www.facebook.com\/informelitoral\/\" \/>\n<meta property=\"article:published_time\" content=\"2018-03-19T12:30:01+00:00\" \/>\n<meta property=\"og:image\" content=\"https:\/\/informelitoral.com.ar\/%77%70%2d%63%6f%6e%74%65%6e%74\/uploads\/2018\/03\/vivienda-social-ram\u00edrez.jpg\" \/>\n\t<meta property=\"og:image:width\" content=\"466\" \/>\n\t<meta property=\"og:image:height\" content=\"280\" \/>\n\t<meta property=\"og:image:type\" content=\"image\/jpeg\" \/>\n<meta name=\"author\" content=\"Gonzalo Schmidt\" \/>\n<meta name=\"twitter:card\" content=\"summary_large_image\" \/>\n<meta name=\"twitter:creator\" content=\"@InformeLitoral\" \/>\n<meta name=\"twitter:site\" content=\"@InformeLitoral\" \/>\n<meta name=\"twitter:label1\" content=\"Escrito por\" \/>\n\t<meta name=\"twitter:data1\" content=\"Gonzalo Schmidt\" \/>\n\t<meta name=\"twitter:label2\" content=\"Tiempo de lectura\" \/>\n\t<meta name=\"twitter:data2\" content=\"3 minutos\" \/>\n<script type=\"application\/ld+json\" class=\"yoast-schema-graph\">{\"@context\":\"https:\\\/\\\/schema.org\",\"@graph\":[{\"@type\":\"Article\",\"@id\":\"https:\\\/\\\/informelitoral.com.ar\\\/ramirez-preocupacion-por-la-demora-en-la-entrega-de-viviendas\\\/#article\",\"isPartOf\":{\"@id\":\"https:\\\/\\\/informelitoral.com.ar\\\/ramirez-preocupacion-por-la-demora-en-la-entrega-de-viviendas\\\/\"},\"author\":{\"name\":\"Gonzalo Schmidt\",\"@id\":\"https:\\\/\\\/informelitoral.com.ar\\\/#\\\/schema\\\/person\\\/b9d00407c836482871ef1d57bf8e3180\"},\"headline\":\"Ram\u00edrez: preocupaci\u00f3n por la demora en la entrega de viviendas\",\"datePublished\":\"2018-03-19T12:30:01+00:00\",\"mainEntityOfPage\":{\"@id\":\"https:\\\/\\\/informelitoral.com.ar\\\/ramirez-preocupacion-por-la-demora-en-la-entrega-de-viviendas\\\/\"},\"wordCount\":528,\"commentCount\":0,\"publisher\":{\"@id\":\"https:\\\/\\\/informelitoral.com.ar\\\/#organization\"},\"image\":{\"@id\":\"https:\\\/\\\/informelitoral.com.ar\\\/ramirez-preocupacion-por-la-demora-en-la-entrega-de-viviendas\\\/#primaryimage\"},\"thumbnailUrl\":\"https:\\\/\\\/informelitoral.com.ar\\\/%77%70%2d%63%6f%6e%74%65%6e%74\\\/uploads\\\/2018\\\/03\\\/vivienda-social-ram\u00edrez.jpg\",\"articleSection\":[\"Departamento Diamante\"],\"inLanguage\":\"es\",\"potentialAction\":[{\"@type\":\"CommentAction\",\"name\":\"Comment\",\"target\":[\"https:\\\/\\\/informelitoral.com.ar\\\/ramirez-preocupacion-por-la-demora-en-la-entrega-de-viviendas\\\/#respond\"]}]},{\"@type\":\"WebPage\",\"@id\":\"https:\\\/\\\/informelitoral.com.ar\\\/ramirez-preocupacion-por-la-demora-en-la-entrega-de-viviendas\\\/\",\"url\":\"https:\\\/\\\/informelitoral.com.ar\\\/ramirez-preocupacion-por-la-demora-en-la-entrega-de-viviendas\\\/\",\"name\":\"Ram\u00edrez: preocupaci\u00f3n por la demora en la entrega de viviendas - Informe Litoral\",\"isPartOf\":{\"@id\":\"https:\\\/\\\/informelitoral.com.ar\\\/#website\"},\"primaryImageOfPage\":{\"@id\":\"https:\\\/\\\/informelitoral.com.ar\\\/ramirez-preocupacion-por-la-demora-en-la-entrega-de-viviendas\\\/#primaryimage\"},\"image\":{\"@id\":\"https:\\\/\\\/informelitoral.com.ar\\\/ramirez-preocupacion-por-la-demora-en-la-entrega-de-viviendas\\\/#primaryimage\"},\"thumbnailUrl\":\"https:\\\/\\\/informelitoral.com.ar\\\/%77%70%2d%63%6f%6e%74%65%6e%74\\\/uploads\\\/2018\\\/03\\\/vivienda-social-ram\u00edrez.jpg\",\"datePublished\":\"2018-03-19T12:30:01+00:00\",\"breadcrumb\":{\"@id\":\"https:\\\/\\\/informelitoral.com.ar\\\/ramirez-preocupacion-por-la-demora-en-la-entrega-de-viviendas\\\/#breadcrumb\"},\"inLanguage\":\"es\",\"potentialAction\":[{\"@type\":\"ReadAction\",\"target\":[\"https:\\\/\\\/informelitoral.com.ar\\\/ramirez-preocupacion-por-la-demora-en-la-entrega-de-viviendas\\\/\"]}]},{\"@type\":\"ImageObject\",\"inLanguage\":\"es\",\"@id\":\"https:\\\/\\\/informelitoral.com.ar\\\/ramirez-preocupacion-por-la-demora-en-la-entrega-de-viviendas\\\/#primaryimage\",\"url\":\"https:\\\/\\\/informelitoral.com.ar\\\/%77%70%2d%63%6f%6e%74%65%6e%74\\\/uploads\\\/2018\\\/03\\\/vivienda-social-ram\u00edrez.jpg\",\"contentUrl\":\"https:\\\/\\\/informelitoral.com.ar\\\/%77%70%2d%63%6f%6e%74%65%6e%74\\\/uploads\\\/2018\\\/03\\\/vivienda-social-ram\u00edrez.jpg\",\"width\":466,\"height\":280},{\"@type\":\"BreadcrumbList\",\"@id\":\"https:\\\/\\\/informelitoral.com.ar\\\/ramirez-preocupacion-por-la-demora-en-la-entrega-de-viviendas\\\/#breadcrumb\",\"itemListElement\":[{\"@type\":\"ListItem\",\"position\":1,\"name\":\"Portada\",\"item\":\"https:\\\/\\\/informelitoral.com.ar\\\/\"},{\"@type\":\"ListItem\",\"position\":2,\"name\":\"Ram\u00edrez: preocupaci\u00f3n por la demora en la entrega de viviendas\"}]},{\"@type\":\"WebSite\",\"@id\":\"https:\\\/\\\/informelitoral.com.ar\\\/#website\",\"url\":\"https:\\\/\\\/informelitoral.com.ar\\\/\",\"name\":\"Informe Litoral\",\"description\":\"&quot;Nos informamos&quot; \",\"publisher\":{\"@id\":\"https:\\\/\\\/informelitoral.com.ar\\\/#organization\"},\"potentialAction\":[{\"@type\":\"SearchAction\",\"target\":{\"@type\":\"EntryPoint\",\"urlTemplate\":\"https:\\\/\\\/informelitoral.com.ar\\\/?s={search_term_string}\"},\"query-input\":{\"@type\":\"PropertyValueSpecification\",\"valueRequired\":true,\"valueName\":\"search_term_string\"}}],\"inLanguage\":\"es\"},{\"@type\":\"Organization\",\"@id\":\"https:\\\/\\\/informelitoral.com.ar\\\/#organization\",\"name\":\"Informe Litoral\",\"url\":\"https:\\\/\\\/informelitoral.com.ar\\\/\",\"logo\":{\"@type\":\"ImageObject\",\"inLanguage\":\"es\",\"@id\":\"https:\\\/\\\/informelitoral.com.ar\\\/#\\\/schema\\\/logo\\\/image\\\/\",\"url\":\"https:\\\/\\\/informelitoral.com.ar\\\/%77%70%2d%63%6f%6e%74%65%6e%74\\\/uploads\\\/2021\\\/01\\\/circulo.png\",\"contentUrl\":\"https:\\\/\\\/informelitoral.com.ar\\\/%77%70%2d%63%6f%6e%74%65%6e%74\\\/uploads\\\/2021\\\/01\\\/circulo.png\",\"width\":723,\"height\":731,\"caption\":\"Informe Litoral\"},\"image\":{\"@id\":\"https:\\\/\\\/informelitoral.com.ar\\\/#\\\/schema\\\/logo\\\/image\\\/\"},\"sameAs\":[\"https:\\\/\\\/www.facebook.com\\\/informelitoral\\\/\",\"https:\\\/\\\/x.com\\\/InformeLitoral\",\"https:\\\/\\\/www.instagram.com\\\/informelitoral\\\/\",\"https:\\\/\\\/www.youtube.com\\\/channel\\\/UCua4Qvz8Icb6MYqhoq9xLXw\"]},{\"@type\":\"Person\",\"@id\":\"https:\\\/\\\/informelitoral.com.ar\\\/#\\\/schema\\\/person\\\/b9d00407c836482871ef1d57bf8e3180\",\"name\":\"Gonzalo Schmidt\",\"image\":{\"@type\":\"ImageObject\",\"inLanguage\":\"es\",\"@id\":\"https:\\\/\\\/secure.gravatar.com\\\/avatar\\\/31a1a7b66ff2de83bd0e9fd79d026630d2d99e55e8bfe501287647b4fd9743de?s=96&d=mm&r=g\",\"url\":\"https:\\\/\\\/secure.gravatar.com\\\/avatar\\\/31a1a7b66ff2de83bd0e9fd79d026630d2d99e55e8bfe501287647b4fd9743de?s=96&d=mm&r=g\",\"contentUrl\":\"https:\\\/\\\/secure.gravatar.com\\\/avatar\\\/31a1a7b66ff2de83bd0e9fd79d026630d2d99e55e8bfe501287647b4fd9743de?s=96&d=mm&r=g\",\"caption\":\"Gonzalo Schmidt\"},\"description\":\"Sitio web de noticias de la provincia de Entre R\u00edos, Argentina. Informaci\u00f3n y entretenimiento. Informe Litoral, nos informamos.\",\"sameAs\":[\"http:\\\/\\\/www.isletasnoticias.com.ar\"],\"url\":\"https:\\\/\\\/informelitoral.com.ar\\\/author\\\/gonzalo\\\/\"}]}<\/script>","yoast_head_json":{"title":"Ram\u00edrez: preocupaci\u00f3n por la demora en la entrega de viviendas - Informe Litoral","robots":{"index":"index","follow":"follow","max-snippet":"max-snippet:-1","max-image-preview":"max-image-preview:large","max-video-preview":"max-video-preview:-1"},"canonical":"https:\/\/informelitoral.com.ar\/ramirez-preocupacion-por-la-demora-en-la-entrega-de-viviendas\/","og_locale":"es_ES","og_type":"article","og_title":"Ram\u00edrez: preocupaci\u00f3n por la demora en la entrega de viviendas - Informe Litoral","og_description":"Las unidades habitacionales corresponden al Programa Federal de Vivienda y Mejoramiento del H\u00e1bitat de Pueblos Originarios y Rurales. Los beneficiarios tambi\u00e9n denuncian deterioro y actos de vandalismo en las casas.","og_url":"https:\/\/informelitoral.com.ar\/ramirez-preocupacion-por-la-demora-en-la-entrega-de-viviendas\/","og_site_name":"Informe Litoral","article_publisher":"https:\/\/www.facebook.com\/informelitoral\/","article_published_time":"2018-03-19T12:30:01+00:00","og_image":[{"width":466,"height":280,"url":"https:\/\/informelitoral.com.ar\/%77%70%2d%63%6f%6e%74%65%6e%74\/uploads\/2018\/03\/vivienda-social-ram\u00edrez.jpg","type":"image\/jpeg"}],"author":"Gonzalo Schmidt","twitter_card":"summary_large_image","twitter_creator":"@InformeLitoral","twitter_site":"@InformeLitoral","twitter_misc":{"Escrito por":"Gonzalo Schmidt","Tiempo de lectura":"3 minutos"},"schema":{"@context":"https:\/\/schema.org","@graph":[{"@type":"Article","@id":"https:\/\/informelitoral.com.ar\/ramirez-preocupacion-por-la-demora-en-la-entrega-de-viviendas\/#article","isPartOf":{"@id":"https:\/\/informelitoral.com.ar\/ramirez-preocupacion-por-la-demora-en-la-entrega-de-viviendas\/"},"author":{"name":"Gonzalo Schmidt","@id":"https:\/\/informelitoral.com.ar\/#\/schema\/person\/b9d00407c836482871ef1d57bf8e3180"},"headline":"Ram\u00edrez: preocupaci\u00f3n por la demora en la entrega de viviendas","datePublished":"2018-03-19T12:30:01+00:00","mainEntityOfPage":{"@id":"https:\/\/informelitoral.com.ar\/ramirez-preocupacion-por-la-demora-en-la-entrega-de-viviendas\/"},"wordCount":528,"commentCount":0,"publisher":{"@id":"https:\/\/informelitoral.com.ar\/#organization"},"image":{"@id":"https:\/\/informelitoral.com.ar\/ramirez-preocupacion-por-la-demora-en-la-entrega-de-viviendas\/#primaryimage"},"thumbnailUrl":"https:\/\/informelitoral.com.ar\/%77%70%2d%63%6f%6e%74%65%6e%74\/uploads\/2018\/03\/vivienda-social-ram\u00edrez.jpg","articleSection":["Departamento Diamante"],"inLanguage":"es","potentialAction":[{"@type":"CommentAction","name":"Comment","target":["https:\/\/informelitoral.com.ar\/ramirez-preocupacion-por-la-demora-en-la-entrega-de-viviendas\/#respond"]}]},{"@type":"WebPage","@id":"https:\/\/informelitoral.com.ar\/ramirez-preocupacion-por-la-demora-en-la-entrega-de-viviendas\/","url":"https:\/\/informelitoral.com.ar\/ramirez-preocupacion-por-la-demora-en-la-entrega-de-viviendas\/","name":"Ram\u00edrez: preocupaci\u00f3n por la demora en la entrega de viviendas - Informe Litoral","isPartOf":{"@id":"https:\/\/informelitoral.com.ar\/#website"},"primaryImageOfPage":{"@id":"https:\/\/informelitoral.com.ar\/ramirez-preocupacion-por-la-demora-en-la-entrega-de-viviendas\/#primaryimage"},"image":{"@id":"https:\/\/informelitoral.com.ar\/ramirez-preocupacion-por-la-demora-en-la-entrega-de-viviendas\/#primaryimage"},"thumbnailUrl":"https:\/\/informelitoral.com.ar\/%77%70%2d%63%6f%6e%74%65%6e%74\/uploads\/2018\/03\/vivienda-social-ram\u00edrez.jpg","datePublished":"2018-03-19T12:30:01+00:00","breadcrumb":{"@id":"https:\/\/informelitoral.com.ar\/ramirez-preocupacion-por-la-demora-en-la-entrega-de-viviendas\/#breadcrumb"},"inLanguage":"es","potentialAction":[{"@type":"ReadAction","target":["https:\/\/informelitoral.com.ar\/ramirez-preocupacion-por-la-demora-en-la-entrega-de-viviendas\/"]}]},{"@type":"ImageObject","inLanguage":"es","@id":"https:\/\/informelitoral.com.ar\/ramirez-preocupacion-por-la-demora-en-la-entrega-de-viviendas\/#primaryimage","url":"https:\/\/informelitoral.com.ar\/%77%70%2d%63%6f%6e%74%65%6e%74\/uploads\/2018\/03\/vivienda-social-ram\u00edrez.jpg","contentUrl":"https:\/\/informelitoral.com.ar\/%77%70%2d%63%6f%6e%74%65%6e%74\/uploads\/2018\/03\/vivienda-social-ram\u00edrez.jpg","width":466,"height":280},{"@type":"BreadcrumbList","@id":"https:\/\/informelitoral.com.ar\/ramirez-preocupacion-por-la-demora-en-la-entrega-de-viviendas\/#breadcrumb","itemListElement":[{"@type":"ListItem","position":1,"name":"Portada","item":"https:\/\/informelitoral.com.ar\/"},{"@type":"ListItem","position":2,"name":"Ram\u00edrez: preocupaci\u00f3n por la demora en la entrega de viviendas"}]},{"@type":"WebSite","@id":"https:\/\/informelitoral.com.ar\/#website","url":"https:\/\/informelitoral.com.ar\/","name":"Informe Litoral","description":"&quot;Nos informamos&quot; ","publisher":{"@id":"https:\/\/informelitoral.com.ar\/#organization"},"potentialAction":[{"@type":"SearchAction","target":{"@type":"EntryPoint","urlTemplate":"https:\/\/informelitoral.com.ar\/?s={search_term_string}"},"query-input":{"@type":"PropertyValueSpecification","valueRequired":true,"valueName":"search_term_string"}}],"inLanguage":"es"},{"@type":"Organization","@id":"https:\/\/informelitoral.com.ar\/#organization","name":"Informe Litoral","url":"https:\/\/informelitoral.com.ar\/","logo":{"@type":"ImageObject","inLanguage":"es","@id":"https:\/\/informelitoral.com.ar\/#\/schema\/logo\/image\/","url":"https:\/\/informelitoral.com.ar\/%77%70%2d%63%6f%6e%74%65%6e%74\/uploads\/2021\/01\/circulo.png","contentUrl":"https:\/\/informelitoral.com.ar\/%77%70%2d%63%6f%6e%74%65%6e%74\/uploads\/2021\/01\/circulo.png","width":723,"height":731,"caption":"Informe Litoral"},"image":{"@id":"https:\/\/informelitoral.com.ar\/#\/schema\/logo\/image\/"},"sameAs":["https:\/\/www.facebook.com\/informelitoral\/","https:\/\/x.com\/InformeLitoral","https:\/\/www.instagram.com\/informelitoral\/","https:\/\/www.youtube.com\/channel\/UCua4Qvz8Icb6MYqhoq9xLXw"]},{"@type":"Person","@id":"https:\/\/informelitoral.com.ar\/#\/schema\/person\/b9d00407c836482871ef1d57bf8e3180","name":"Gonzalo Schmidt","image":{"@type":"ImageObject","inLanguage":"es","@id":"https:\/\/secure.gravatar.com\/avatar\/31a1a7b66ff2de83bd0e9fd79d026630d2d99e55e8bfe501287647b4fd9743de?s=96&d=mm&r=g","url":"https:\/\/secure.gravatar.com\/avatar\/31a1a7b66ff2de83bd0e9fd79d026630d2d99e55e8bfe501287647b4fd9743de?s=96&d=mm&r=g","contentUrl":"https:\/\/secure.gravatar.com\/avatar\/31a1a7b66ff2de83bd0e9fd79d026630d2d99e55e8bfe501287647b4fd9743de?s=96&d=mm&r=g","caption":"Gonzalo Schmidt"},"description":"Sitio web de noticias de la provincia de Entre R\u00edos, Argentina. Informaci\u00f3n y entretenimiento. Informe Litoral, nos informamos.","sameAs":["http:\/\/www.isletasnoticias.com.ar"],"url":"https:\/\/informelitoral.com.ar\/author\/gonzalo\/"}]}},"_links":{"self":[{"href":"https:\/\/informelitoral.com.ar\/%77%70%2d%6a%73%6f%6e\/wp\/v2\/posts\/25625","targetHints":{"allow":["GET"]}}],"collection":[{"href":"https:\/\/informelitoral.com.ar\/%77%70%2d%6a%73%6f%6e\/wp\/v2\/posts"}],"about":[{"href":"https:\/\/informelitoral.com.ar\/%77%70%2d%6a%73%6f%6e\/wp\/v2\/types\/post"}],"author":[{"embeddable":true,"href":"https:\/\/informelitoral.com.ar\/%77%70%2d%6a%73%6f%6e\/wp\/v2\/users\/2"}],"replies":[{"embeddable":true,"href":"https:\/\/informelitoral.com.ar\/%77%70%2d%6a%73%6f%6e\/wp\/v2\/comments?post=25625"}],"version-history":[{"count":0,"href":"https:\/\/informelitoral.com.ar\/%77%70%2d%6a%73%6f%6e\/wp\/v2\/posts\/25625\/revisions"}],"wp:featuredmedia":[{"embeddable":true,"href":"https:\/\/informelitoral.com.ar\/%77%70%2d%6a%73%6f%6e\/wp\/v2\/media\/25626"}],"wp:attachment":[{"href":"https:\/\/informelitoral.com.ar\/%77%70%2d%6a%73%6f%6e\/wp\/v2\/media?parent=25625"}],"wp:term":[{"taxonomy":"category","embeddable":true,"href":"https:\/\/informelitoral.com.ar\/%77%70%2d%6a%73%6f%6e\/wp\/v2\/categories?post=25625"},{"taxonomy":"post_tag","embeddable":true,"href":"https:\/\/informelitoral.com.ar\/%77%70%2d%6a%73%6f%6e\/wp\/v2\/tags?post=25625"}],"curies":[{"name":"wp","href":"https:\/\/api.w.org\/{rel}","templated":true}]}}