{"id":25622,"date":"2018-03-19T09:13:57","date_gmt":"2018-03-19T12:13:57","guid":{"rendered":"https:\/\/www.isletasnoticias.com.ar\/?p=25622"},"modified":"2018-03-19T09:13:57","modified_gmt":"2018-03-19T12:13:57","slug":"anticipan-otra-semana-sin-lluvias-en-entre-rios","status":"publish","type":"post","link":"https:\/\/informelitoral.com.ar\/anticipan-otra-semana-sin-lluvias-en-entre-rios\/","title":{"rendered":"Anticipan otra semana sin lluvias en Entre R\u00edos"},"content":{"rendered":"<article id=\"article-post\" class=\"first\">\n<div class=\"cuerpo\" data-twitter-link=\"https:\/\/twitter.com\/intent\/tweet?url=https:\/\/ahora.com.ar\/c4143131&amp;via=PlataformaAhora&amp;related=Ahora&amp;text=\">\n<p>Tras un fin de semana que en parte tuvo mal tiempo y\u00a0<strong>la llegada de un frente fr\u00edo a la provincia<\/strong>, el\u00a0<strong>Servicio Meteorol\u00f3gico Nacional<\/strong>\u00a0-SMN- prev\u00e9\u00a0<strong>d\u00edas agradables<\/strong>\u00a0y sin precipitaciones.<\/p>\n<\/div>\n<\/article>\n<article id=\"article-post\">\n<div class=\"cuerpo\" data-twitter-link=\"https:\/\/twitter.com\/intent\/tweet?url=https:\/\/ahora.com.ar\/c4143131&amp;via=PlataformaAhora&amp;related=Ahora&amp;text=\">\n<p>De acuerdo a la informaci\u00f3n del\u00a0<a href=\"https:\/\/www.smn.gob.ar\/\">sitio web<\/a>\u00a0oficial del organismo,\u00a0<strong>este lunes estar\u00e1 soleado<\/strong>\u00a0ya que se espera un cielo despejado o ligeramente nublado. Continuar\u00e1 la presencia de\u00a0<strong>vientos leves provenientes del sudoeste<\/strong>\u00a0y se esperan\u00a0<strong>temperaturas de entre 9\u00b0C y 29\u00b0C<\/strong>\u00a0en la provincia.<\/p>\n<div id=\"6057959-Libre-2134156313_wrap\" class=\"embed_cont type_imagen\">\n<div id=\"6057959-Libre-2134156313_content\" class=\"embed_content\"><img decoding=\"async\" id=\"6057959-Libre-2134156313_embed\" class=\"aligncenter\" src=\"https:\/\/media.ahora.com.ar\/adjuntos\/226\/imagenes\/002\/315\/0002315515.jpg?0000-00-00-00-00-00\" alt=\"\" longdesc=\"https:\/\/media.ahora.com.ar\/adjuntos\/226\/imagenes\/002\/315\/0002315515.jpg?0000-00-00-00-00-00\" \/><\/div>\n<\/div>\n<p>Por la tarde noche el cielo estar\u00e1 algo nublado y los vientos cambiar\u00e1n, primero a direcciones variables y luego a provenientes del sector este.<\/p>\n<p>Tanto el martes, como el mi\u00e9rcoles y el jueves se prev\u00e9n\u00a0<strong>algo nublados, con temperaturas m\u00ednimas de 10\u00b0C y m\u00e1ximas de 31\u00b0C<\/strong>\u00a0en Entre R\u00edos, hasta el momento\u00a0<strong>sin lluvias<\/strong>.<\/p>\n<p>Esta situaci\u00f3n perjudica al campo, ya que en la mayor\u00eda de los lugares afectados por la fuerte sequ\u00eda las precipitaciones del fin de semana no fueron suficientes para revertir la situaci\u00f3n.<\/p>\n<div id=\"6057960-Libre-527037361_wrap\" class=\"embed_cont type_imagen\">\n<div id=\"6057960-Libre-527037361_content\" class=\"embed_content\"><img decoding=\"async\" id=\"6057960-Libre-527037361_embed\" class=\"aligncenter\" src=\"https:\/\/media.ahora.com.ar\/adjuntos\/226\/imagenes\/002\/315\/0002315517.jpg?0000-00-00-00-00-00\" alt=\"\" longdesc=\"https:\/\/media.ahora.com.ar\/adjuntos\/226\/imagenes\/002\/315\/0002315517.jpg?0000-00-00-00-00-00\" \/><\/div>\n<div><em>Con informaci\u00f3n del sitio web Ahora. Foto destacada: Nelson Steinbach<\/em><\/div>\n<\/div>\n<\/div>\n<\/article>\n","protected":false},"excerpt":{"rendered":"<p>As\u00ed lo anunci\u00f3 el Servicios Metereol\u00f3gico Nacional en su pron\u00f3stico extendido. Si bien se esperan d\u00edas mayormente soleados y con temperaturas agradables, esta situaci\u00f3n perjudica al campo que contin\u00faa siendo afectado por la sequ\u00eda. <\/p>\n","protected":false},"author":2,"featured_media":25623,"comment_status":"open","ping_status":"open","sticky":false,"template":"","format":"standard","meta":{"fifu_image_url":"","fifu_image_alt":"","footnotes":""},"categories":[6],"tags":[],"class_list":{"0":"post-25622","1":"post","2":"type-post","3":"status-publish","4":"format-standard","5":"has-post-thumbnail","7":"category-entre-rios"},"yoast_head":"<title>Anticipan otra semana sin lluvias en Entre R\u00edos - Informe Litoral<\/title>\n<meta name=\"robots\" content=\"index, follow, max-snippet:-1, max-image-preview:large, max-video-preview:-1\" \/>\n<link rel=\"canonical\" href=\"https:\/\/informelitoral.com.ar\/anticipan-otra-semana-sin-lluvias-en-entre-rios\/\" \/>\n<meta property=\"og:locale\" content=\"es_ES\" \/>\n<meta property=\"og:type\" content=\"article\" \/>\n<meta property=\"og:title\" content=\"Anticipan otra semana sin lluvias en Entre R\u00edos - Informe Litoral\" \/>\n<meta property=\"og:description\" content=\"As\u00ed lo anunci\u00f3 el Servicios Metereol\u00f3gico Nacional en su pron\u00f3stico extendido. Si bien se esperan d\u00edas mayormente soleados y con temperaturas agradables, esta situaci\u00f3n perjudica al campo que contin\u00faa siendo afectado por la sequ\u00eda.\" \/>\n<meta property=\"og:url\" content=\"https:\/\/informelitoral.com.ar\/anticipan-otra-semana-sin-lluvias-en-entre-rios\/\" \/>\n<meta property=\"og:site_name\" content=\"Informe Litoral\" \/>\n<meta property=\"article:publisher\" content=\"https:\/\/www.facebook.com\/informelitoral\/\" \/>\n<meta property=\"article:published_time\" content=\"2018-03-19T12:13:57+00:00\" \/>\n<meta property=\"og:image\" content=\"https:\/\/www.isletasnoticias.com.ar\/%77%70%2d%63%6f%6e%74%65%6e%74\/uploads\/2018\/03\/smn-tiempo-entre-r\u00edos.jpg\" \/>\n<meta name=\"author\" content=\"Gonzalo Schmidt\" \/>\n<meta name=\"twitter:card\" content=\"summary_large_image\" \/>\n<meta name=\"twitter:creator\" content=\"@InformeLitoral\" \/>\n<meta name=\"twitter:site\" content=\"@InformeLitoral\" \/>\n<meta name=\"twitter:label1\" content=\"Escrito por\" \/>\n\t<meta name=\"twitter:data1\" content=\"Gonzalo Schmidt\" \/>\n\t<meta name=\"twitter:label2\" content=\"Tiempo de lectura\" \/>\n\t<meta name=\"twitter:data2\" content=\"1 minuto\" \/>\n<script type=\"application\/ld+json\" class=\"yoast-schema-graph\">{\"@context\":\"https:\\\/\\\/schema.org\",\"@graph\":[{\"@type\":\"Article\",\"@id\":\"https:\\\/\\\/informelitoral.com.ar\\\/anticipan-otra-semana-sin-lluvias-en-entre-rios\\\/#article\",\"isPartOf\":{\"@id\":\"https:\\\/\\\/informelitoral.com.ar\\\/anticipan-otra-semana-sin-lluvias-en-entre-rios\\\/\"},\"author\":{\"name\":\"Gonzalo Schmidt\",\"@id\":\"https:\\\/\\\/informelitoral.com.ar\\\/#\\\/schema\\\/person\\\/b9d00407c836482871ef1d57bf8e3180\"},\"headline\":\"Anticipan otra semana sin lluvias en Entre R\u00edos\",\"datePublished\":\"2018-03-19T12:13:57+00:00\",\"mainEntityOfPage\":{\"@id\":\"https:\\\/\\\/informelitoral.com.ar\\\/anticipan-otra-semana-sin-lluvias-en-entre-rios\\\/\"},\"wordCount\":197,\"commentCount\":0,\"publisher\":{\"@id\":\"https:\\\/\\\/informelitoral.com.ar\\\/#organization\"},\"image\":{\"@id\":\"https:\\\/\\\/informelitoral.com.ar\\\/anticipan-otra-semana-sin-lluvias-en-entre-rios\\\/#primaryimage\"},\"thumbnailUrl\":\"https:\\\/\\\/informelitoral.com.ar\\\/%77%70%2d%63%6f%6e%74%65%6e%74\\\/uploads\\\/2018\\\/03\\\/smn-tiempo-entre-r\u00edos.jpg\",\"articleSection\":[\"Entre R\u00edos\"],\"inLanguage\":\"es\",\"potentialAction\":[{\"@type\":\"CommentAction\",\"name\":\"Comment\",\"target\":[\"https:\\\/\\\/informelitoral.com.ar\\\/anticipan-otra-semana-sin-lluvias-en-entre-rios\\\/#respond\"]}]},{\"@type\":\"WebPage\",\"@id\":\"https:\\\/\\\/informelitoral.com.ar\\\/anticipan-otra-semana-sin-lluvias-en-entre-rios\\\/\",\"url\":\"https:\\\/\\\/informelitoral.com.ar\\\/anticipan-otra-semana-sin-lluvias-en-entre-rios\\\/\",\"name\":\"Anticipan otra semana sin lluvias en Entre R\u00edos - Informe Litoral\",\"isPartOf\":{\"@id\":\"https:\\\/\\\/informelitoral.com.ar\\\/#website\"},\"primaryImageOfPage\":{\"@id\":\"https:\\\/\\\/informelitoral.com.ar\\\/anticipan-otra-semana-sin-lluvias-en-entre-rios\\\/#primaryimage\"},\"image\":{\"@id\":\"https:\\\/\\\/informelitoral.com.ar\\\/anticipan-otra-semana-sin-lluvias-en-entre-rios\\\/#primaryimage\"},\"thumbnailUrl\":\"https:\\\/\\\/informelitoral.com.ar\\\/%77%70%2d%63%6f%6e%74%65%6e%74\\\/uploads\\\/2018\\\/03\\\/smn-tiempo-entre-r\u00edos.jpg\",\"datePublished\":\"2018-03-19T12:13:57+00:00\",\"breadcrumb\":{\"@id\":\"https:\\\/\\\/informelitoral.com.ar\\\/anticipan-otra-semana-sin-lluvias-en-entre-rios\\\/#breadcrumb\"},\"inLanguage\":\"es\",\"potentialAction\":[{\"@type\":\"ReadAction\",\"target\":[\"https:\\\/\\\/informelitoral.com.ar\\\/anticipan-otra-semana-sin-lluvias-en-entre-rios\\\/\"]}]},{\"@type\":\"ImageObject\",\"inLanguage\":\"es\",\"@id\":\"https:\\\/\\\/informelitoral.com.ar\\\/anticipan-otra-semana-sin-lluvias-en-entre-rios\\\/#primaryimage\",\"url\":\"https:\\\/\\\/informelitoral.com.ar\\\/%77%70%2d%63%6f%6e%74%65%6e%74\\\/uploads\\\/2018\\\/03\\\/smn-tiempo-entre-r\u00edos.jpg\",\"contentUrl\":\"https:\\\/\\\/informelitoral.com.ar\\\/%77%70%2d%63%6f%6e%74%65%6e%74\\\/uploads\\\/2018\\\/03\\\/smn-tiempo-entre-r\u00edos.jpg\",\"width\":960,\"height\":640},{\"@type\":\"BreadcrumbList\",\"@id\":\"https:\\\/\\\/informelitoral.com.ar\\\/anticipan-otra-semana-sin-lluvias-en-entre-rios\\\/#breadcrumb\",\"itemListElement\":[{\"@type\":\"ListItem\",\"position\":1,\"name\":\"Portada\",\"item\":\"https:\\\/\\\/informelitoral.com.ar\\\/\"},{\"@type\":\"ListItem\",\"position\":2,\"name\":\"Anticipan otra semana sin lluvias en Entre R\u00edos\"}]},{\"@type\":\"WebSite\",\"@id\":\"https:\\\/\\\/informelitoral.com.ar\\\/#website\",\"url\":\"https:\\\/\\\/informelitoral.com.ar\\\/\",\"name\":\"Informe Litoral\",\"description\":\"&quot;Nos informamos&quot; \",\"publisher\":{\"@id\":\"https:\\\/\\\/informelitoral.com.ar\\\/#organization\"},\"potentialAction\":[{\"@type\":\"SearchAction\",\"target\":{\"@type\":\"EntryPoint\",\"urlTemplate\":\"https:\\\/\\\/informelitoral.com.ar\\\/?s={search_term_string}\"},\"query-input\":{\"@type\":\"PropertyValueSpecification\",\"valueRequired\":true,\"valueName\":\"search_term_string\"}}],\"inLanguage\":\"es\"},{\"@type\":\"Organization\",\"@id\":\"https:\\\/\\\/informelitoral.com.ar\\\/#organization\",\"name\":\"Informe Litoral\",\"url\":\"https:\\\/\\\/informelitoral.com.ar\\\/\",\"logo\":{\"@type\":\"ImageObject\",\"inLanguage\":\"es\",\"@id\":\"https:\\\/\\\/informelitoral.com.ar\\\/#\\\/schema\\\/logo\\\/image\\\/\",\"url\":\"https:\\\/\\\/informelitoral.com.ar\\\/%77%70%2d%63%6f%6e%74%65%6e%74\\\/uploads\\\/2021\\\/01\\\/circulo.png\",\"contentUrl\":\"https:\\\/\\\/informelitoral.com.ar\\\/%77%70%2d%63%6f%6e%74%65%6e%74\\\/uploads\\\/2021\\\/01\\\/circulo.png\",\"width\":723,\"height\":731,\"caption\":\"Informe Litoral\"},\"image\":{\"@id\":\"https:\\\/\\\/informelitoral.com.ar\\\/#\\\/schema\\\/logo\\\/image\\\/\"},\"sameAs\":[\"https:\\\/\\\/www.facebook.com\\\/informelitoral\\\/\",\"https:\\\/\\\/x.com\\\/InformeLitoral\",\"https:\\\/\\\/www.instagram.com\\\/informelitoral\\\/\",\"https:\\\/\\\/www.youtube.com\\\/channel\\\/UCua4Qvz8Icb6MYqhoq9xLXw\"]},{\"@type\":\"Person\",\"@id\":\"https:\\\/\\\/informelitoral.com.ar\\\/#\\\/schema\\\/person\\\/b9d00407c836482871ef1d57bf8e3180\",\"name\":\"Gonzalo Schmidt\",\"image\":{\"@type\":\"ImageObject\",\"inLanguage\":\"es\",\"@id\":\"https:\\\/\\\/secure.gravatar.com\\\/avatar\\\/31a1a7b66ff2de83bd0e9fd79d026630d2d99e55e8bfe501287647b4fd9743de?s=96&d=mm&r=g\",\"url\":\"https:\\\/\\\/secure.gravatar.com\\\/avatar\\\/31a1a7b66ff2de83bd0e9fd79d026630d2d99e55e8bfe501287647b4fd9743de?s=96&d=mm&r=g\",\"contentUrl\":\"https:\\\/\\\/secure.gravatar.com\\\/avatar\\\/31a1a7b66ff2de83bd0e9fd79d026630d2d99e55e8bfe501287647b4fd9743de?s=96&d=mm&r=g\",\"caption\":\"Gonzalo Schmidt\"},\"description\":\"Sitio web de noticias de la provincia de Entre R\u00edos, Argentina. Informaci\u00f3n y entretenimiento. Informe Litoral, nos informamos.\",\"sameAs\":[\"http:\\\/\\\/www.isletasnoticias.com.ar\"],\"url\":\"https:\\\/\\\/informelitoral.com.ar\\\/author\\\/gonzalo\\\/\"}]}<\/script>","yoast_head_json":{"title":"Anticipan otra semana sin lluvias en Entre R\u00edos - Informe Litoral","robots":{"index":"index","follow":"follow","max-snippet":"max-snippet:-1","max-image-preview":"max-image-preview:large","max-video-preview":"max-video-preview:-1"},"canonical":"https:\/\/informelitoral.com.ar\/anticipan-otra-semana-sin-lluvias-en-entre-rios\/","og_locale":"es_ES","og_type":"article","og_title":"Anticipan otra semana sin lluvias en Entre R\u00edos - Informe Litoral","og_description":"As\u00ed lo anunci\u00f3 el Servicios Metereol\u00f3gico Nacional en su pron\u00f3stico extendido. Si bien se esperan d\u00edas mayormente soleados y con temperaturas agradables, esta situaci\u00f3n perjudica al campo que contin\u00faa siendo afectado por la sequ\u00eda.","og_url":"https:\/\/informelitoral.com.ar\/anticipan-otra-semana-sin-lluvias-en-entre-rios\/","og_site_name":"Informe Litoral","article_publisher":"https:\/\/www.facebook.com\/informelitoral\/","article_published_time":"2018-03-19T12:13:57+00:00","og_image":[{"url":"https:\/\/www.isletasnoticias.com.ar\/%77%70%2d%63%6f%6e%74%65%6e%74\/uploads\/2018\/03\/smn-tiempo-entre-r\u00edos.jpg","type":"","width":"","height":""}],"author":"Gonzalo Schmidt","twitter_card":"summary_large_image","twitter_creator":"@InformeLitoral","twitter_site":"@InformeLitoral","twitter_misc":{"Escrito por":"Gonzalo Schmidt","Tiempo de lectura":"1 minuto"},"schema":{"@context":"https:\/\/schema.org","@graph":[{"@type":"Article","@id":"https:\/\/informelitoral.com.ar\/anticipan-otra-semana-sin-lluvias-en-entre-rios\/#article","isPartOf":{"@id":"https:\/\/informelitoral.com.ar\/anticipan-otra-semana-sin-lluvias-en-entre-rios\/"},"author":{"name":"Gonzalo Schmidt","@id":"https:\/\/informelitoral.com.ar\/#\/schema\/person\/b9d00407c836482871ef1d57bf8e3180"},"headline":"Anticipan otra semana sin lluvias en Entre R\u00edos","datePublished":"2018-03-19T12:13:57+00:00","mainEntityOfPage":{"@id":"https:\/\/informelitoral.com.ar\/anticipan-otra-semana-sin-lluvias-en-entre-rios\/"},"wordCount":197,"commentCount":0,"publisher":{"@id":"https:\/\/informelitoral.com.ar\/#organization"},"image":{"@id":"https:\/\/informelitoral.com.ar\/anticipan-otra-semana-sin-lluvias-en-entre-rios\/#primaryimage"},"thumbnailUrl":"https:\/\/informelitoral.com.ar\/%77%70%2d%63%6f%6e%74%65%6e%74\/uploads\/2018\/03\/smn-tiempo-entre-r\u00edos.jpg","articleSection":["Entre R\u00edos"],"inLanguage":"es","potentialAction":[{"@type":"CommentAction","name":"Comment","target":["https:\/\/informelitoral.com.ar\/anticipan-otra-semana-sin-lluvias-en-entre-rios\/#respond"]}]},{"@type":"WebPage","@id":"https:\/\/informelitoral.com.ar\/anticipan-otra-semana-sin-lluvias-en-entre-rios\/","url":"https:\/\/informelitoral.com.ar\/anticipan-otra-semana-sin-lluvias-en-entre-rios\/","name":"Anticipan otra semana sin lluvias en Entre R\u00edos - Informe Litoral","isPartOf":{"@id":"https:\/\/informelitoral.com.ar\/#website"},"primaryImageOfPage":{"@id":"https:\/\/informelitoral.com.ar\/anticipan-otra-semana-sin-lluvias-en-entre-rios\/#primaryimage"},"image":{"@id":"https:\/\/informelitoral.com.ar\/anticipan-otra-semana-sin-lluvias-en-entre-rios\/#primaryimage"},"thumbnailUrl":"https:\/\/informelitoral.com.ar\/%77%70%2d%63%6f%6e%74%65%6e%74\/uploads\/2018\/03\/smn-tiempo-entre-r\u00edos.jpg","datePublished":"2018-03-19T12:13:57+00:00","breadcrumb":{"@id":"https:\/\/informelitoral.com.ar\/anticipan-otra-semana-sin-lluvias-en-entre-rios\/#breadcrumb"},"inLanguage":"es","potentialAction":[{"@type":"ReadAction","target":["https:\/\/informelitoral.com.ar\/anticipan-otra-semana-sin-lluvias-en-entre-rios\/"]}]},{"@type":"ImageObject","inLanguage":"es","@id":"https:\/\/informelitoral.com.ar\/anticipan-otra-semana-sin-lluvias-en-entre-rios\/#primaryimage","url":"https:\/\/informelitoral.com.ar\/%77%70%2d%63%6f%6e%74%65%6e%74\/uploads\/2018\/03\/smn-tiempo-entre-r\u00edos.jpg","contentUrl":"https:\/\/informelitoral.com.ar\/%77%70%2d%63%6f%6e%74%65%6e%74\/uploads\/2018\/03\/smn-tiempo-entre-r\u00edos.jpg","width":960,"height":640},{"@type":"BreadcrumbList","@id":"https:\/\/informelitoral.com.ar\/anticipan-otra-semana-sin-lluvias-en-entre-rios\/#breadcrumb","itemListElement":[{"@type":"ListItem","position":1,"name":"Portada","item":"https:\/\/informelitoral.com.ar\/"},{"@type":"ListItem","position":2,"name":"Anticipan otra semana sin lluvias en Entre R\u00edos"}]},{"@type":"WebSite","@id":"https:\/\/informelitoral.com.ar\/#website","url":"https:\/\/informelitoral.com.ar\/","name":"Informe Litoral","description":"&quot;Nos informamos&quot; ","publisher":{"@id":"https:\/\/informelitoral.com.ar\/#organization"},"potentialAction":[{"@type":"SearchAction","target":{"@type":"EntryPoint","urlTemplate":"https:\/\/informelitoral.com.ar\/?s={search_term_string}"},"query-input":{"@type":"PropertyValueSpecification","valueRequired":true,"valueName":"search_term_string"}}],"inLanguage":"es"},{"@type":"Organization","@id":"https:\/\/informelitoral.com.ar\/#organization","name":"Informe Litoral","url":"https:\/\/informelitoral.com.ar\/","logo":{"@type":"ImageObject","inLanguage":"es","@id":"https:\/\/informelitoral.com.ar\/#\/schema\/logo\/image\/","url":"https:\/\/informelitoral.com.ar\/%77%70%2d%63%6f%6e%74%65%6e%74\/uploads\/2021\/01\/circulo.png","contentUrl":"https:\/\/informelitoral.com.ar\/%77%70%2d%63%6f%6e%74%65%6e%74\/uploads\/2021\/01\/circulo.png","width":723,"height":731,"caption":"Informe Litoral"},"image":{"@id":"https:\/\/informelitoral.com.ar\/#\/schema\/logo\/image\/"},"sameAs":["https:\/\/www.facebook.com\/informelitoral\/","https:\/\/x.com\/InformeLitoral","https:\/\/www.instagram.com\/informelitoral\/","https:\/\/www.youtube.com\/channel\/UCua4Qvz8Icb6MYqhoq9xLXw"]},{"@type":"Person","@id":"https:\/\/informelitoral.com.ar\/#\/schema\/person\/b9d00407c836482871ef1d57bf8e3180","name":"Gonzalo Schmidt","image":{"@type":"ImageObject","inLanguage":"es","@id":"https:\/\/secure.gravatar.com\/avatar\/31a1a7b66ff2de83bd0e9fd79d026630d2d99e55e8bfe501287647b4fd9743de?s=96&d=mm&r=g","url":"https:\/\/secure.gravatar.com\/avatar\/31a1a7b66ff2de83bd0e9fd79d026630d2d99e55e8bfe501287647b4fd9743de?s=96&d=mm&r=g","contentUrl":"https:\/\/secure.gravatar.com\/avatar\/31a1a7b66ff2de83bd0e9fd79d026630d2d99e55e8bfe501287647b4fd9743de?s=96&d=mm&r=g","caption":"Gonzalo Schmidt"},"description":"Sitio web de noticias de la provincia de Entre R\u00edos, Argentina. Informaci\u00f3n y entretenimiento. Informe Litoral, nos informamos.","sameAs":["http:\/\/www.isletasnoticias.com.ar"],"url":"https:\/\/informelitoral.com.ar\/author\/gonzalo\/"}]}},"_links":{"self":[{"href":"https:\/\/informelitoral.com.ar\/%77%70%2d%6a%73%6f%6e\/wp\/v2\/posts\/25622","targetHints":{"allow":["GET"]}}],"collection":[{"href":"https:\/\/informelitoral.com.ar\/%77%70%2d%6a%73%6f%6e\/wp\/v2\/posts"}],"about":[{"href":"https:\/\/informelitoral.com.ar\/%77%70%2d%6a%73%6f%6e\/wp\/v2\/types\/post"}],"author":[{"embeddable":true,"href":"https:\/\/informelitoral.com.ar\/%77%70%2d%6a%73%6f%6e\/wp\/v2\/users\/2"}],"replies":[{"embeddable":true,"href":"https:\/\/informelitoral.com.ar\/%77%70%2d%6a%73%6f%6e\/wp\/v2\/comments?post=25622"}],"version-history":[{"count":0,"href":"https:\/\/informelitoral.com.ar\/%77%70%2d%6a%73%6f%6e\/wp\/v2\/posts\/25622\/revisions"}],"wp:featuredmedia":[{"embeddable":true,"href":"https:\/\/informelitoral.com.ar\/%77%70%2d%6a%73%6f%6e\/wp\/v2\/media\/25623"}],"wp:attachment":[{"href":"https:\/\/informelitoral.com.ar\/%77%70%2d%6a%73%6f%6e\/wp\/v2\/media?parent=25622"}],"wp:term":[{"taxonomy":"category","embeddable":true,"href":"https:\/\/informelitoral.com.ar\/%77%70%2d%6a%73%6f%6e\/wp\/v2\/categories?post=25622"},{"taxonomy":"post_tag","embeddable":true,"href":"https:\/\/informelitoral.com.ar\/%77%70%2d%6a%73%6f%6e\/wp\/v2\/tags?post=25622"}],"curies":[{"name":"wp","href":"https:\/\/api.w.org\/{rel}","templated":true}]}}