{"id":25620,"date":"2018-03-19T08:59:37","date_gmt":"2018-03-19T11:59:37","guid":{"rendered":"https:\/\/www.isletasnoticias.com.ar\/?p=25620"},"modified":"2018-03-19T08:59:37","modified_gmt":"2018-03-19T11:59:37","slug":"el-estado-entrerriano-redujo-la-incorporacion-de-empleados","status":"publish","type":"post","link":"https:\/\/informelitoral.com.ar\/el-estado-entrerriano-redujo-la-incorporacion-de-empleados\/","title":{"rendered":"El Estado entrerriano redujo la incorporaci\u00f3n de empleados"},"content":{"rendered":"<p>En el marco de los\u00a0lineamientos que el gobierno nacional\u00a0de Mauricio Macri viene bajando a las provincias desde el Consejo Federal de Responsabilidad Fiscal -que Entre R\u00edos integra a trav\u00e9s del ministerio de Econom\u00eda-, el Poder Ejecutivo puso durante el 2017 un freno al crecimiento de la planta de empleados p\u00fablicos y, de hecho, la redujo.<\/p>\n<p>El procentaje es m\u00ednimo: <strong>un 0,26 por ciento entre el 31 de diciembre de 2016, y la misma fecha de 2017.<\/strong> Pero de gran importancia pol\u00edtica y simb\u00f3lica para el gobierno de Gustavo Bordet, seg\u00fan el comunicado oficial.<\/p>\n<p><strong>Esta reducci\u00f3n de la planta de empleados p\u00fablicos se llev\u00f3 a cabo sin producir despidos ni resentir servicios a la comunidad.<\/strong> Al contrario, la provincia ha asumido nuevos servicios en salud, educaci\u00f3n y desarrollo social que antes prestaba Naci\u00f3n\u201d, valor\u00f3 el secretario de Hacienda, Gustavo Labriola.<\/p>\n<p>\u201cCada una de estas definiciones va atada a iniciativas que tengan impacto en la generaci\u00f3n de empleo en el sector privado. Entre R\u00edos tiene un enorme potencial pero adem\u00e1s tiene una incidencia del sector privado importante, diferente a lo que ocurre en otras provincias, donde es el Estado el mayor generador de recursos\u00bb, entendi\u00f3 el funcionario.<\/p>\n<p><b>Austeridad<\/b><br \/>\nLabriola explic\u00f3 con cifras el proceso dado en la planta de personal. \u00abEl primer a\u00f1o (2016) logramos desacelerar el crecimiento de la planta, pasando de un incremento del 3,5 por ciento a uno del 1,19 por ciento, cumpliendo compromisos de pases a planta asumidos el a\u00f1o anterior, y ya en el segundo a\u00f1o logramos reducirla, y todo ello sin resentir servicios a la poblaci\u00f3n\u201d, indic\u00f3.<\/p>\n<p>Entre los factores que permitieron este descenso se encuentran <strong>\u201cla reducci\u00f3n de ministerios y secretar\u00edas que llev\u00f3 adelante el gobernador, control de ausentismo, de cumplimiento de las tareas y las jubilaciones.<\/strong> <strong>Hace dos a\u00f1os venimos priorizando cubrir las vacantes de servicios b\u00e1sicos, como salud, seguridad y educaci\u00f3n<\/strong>\u201d, especific\u00f3 el funcionario.<\/p>\n<p>El titular de la Secretar\u00eda de Hacienda tambi\u00e9n destac\u00f3 que \u201ca fines del a\u00f1o pasado Bordet cumpli\u00f3 su compromiso con los gremios estatales regularizando la situaci\u00f3n de 5.000 agentes con antig\u00fcedad y mayoritariamente vinculados a los servicios de salud y educaci\u00f3n, lo que significa un profundo respeto por los derechos de los trabajadores\u201d.<\/p>\n<p><b>Acuerdo con Naci\u00f3n<\/b><br \/>\nEl Consejo Federal de Responsabilidad Fiscal, conducido por el ministerio de Econom\u00eda nacional, fij\u00f3 una serie de metas con el objetivo de achicar los d\u00e9ficits provinciales a las que adhirieron las provincias. Entre otras son:<\/p>\n<p>&#8211; que el personal de planta en las administraciones p\u00fablicas provinciales no aumente en proporciones mayores que el crecimiento de su poblaci\u00f3n;<\/p>\n<p>&#8211; que aquellas provincias que controlen su gasto corriente puedan acceder al cr\u00e9dito internacional sin necesidad de contar con el visto bueno de la Naci\u00f3n;<\/p>\n<p>&#8211; que aquellos gobernadores cuyo d\u00e9ficit sea superior a la media nacional no puedan designar fondos de gasto corriente m\u00e1s all\u00e1 del \u00edndice de inflaci\u00f3n (una f\u00f3rmula para moderar el pago de salarios estatales exclusivamente);<\/p>\n<p>&#8211; la cl\u00e1usula denominada \u00abregla de fin de mandato\u00bb por la cual se prohibir\u00e1 que en los \u00faltimos seis meses de mandato un gobernador asuma gastos permanentes, que herede el pr\u00f3ximo mandatario.<\/p>\n","protected":false},"excerpt":{"rendered":"<p>La planta de personal del Estado entrerriano dej\u00f3 de crecer para pasar a reducirse durante el 2017, aunque el achique fue m\u00ednimo, del 0,26 por ciento. \u201cSin haber realizado un solo despido\u201d, valoraron desde el Ministerio de Econom\u00eda.<\/p>\n","protected":false},"author":2,"featured_media":22142,"comment_status":"open","ping_status":"open","sticky":false,"template":"","format":"standard","meta":{"fifu_image_url":"","fifu_image_alt":"","footnotes":""},"categories":[6,16],"tags":[],"class_list":{"0":"post-25620","1":"post","2":"type-post","3":"status-publish","4":"format-standard","5":"has-post-thumbnail","7":"category-entre-rios","8":"category-politi"},"yoast_head":"<title>El Estado entrerriano redujo la incorporaci\u00f3n de empleados - Informe Litoral<\/title>\n<meta name=\"robots\" content=\"index, follow, max-snippet:-1, max-image-preview:large, max-video-preview:-1\" \/>\n<link rel=\"canonical\" href=\"https:\/\/informelitoral.com.ar\/el-estado-entrerriano-redujo-la-incorporacion-de-empleados\/\" \/>\n<meta property=\"og:locale\" content=\"es_ES\" \/>\n<meta property=\"og:type\" content=\"article\" \/>\n<meta property=\"og:title\" content=\"El Estado entrerriano redujo la incorporaci\u00f3n de empleados - Informe Litoral\" \/>\n<meta property=\"og:description\" content=\"La planta de personal del Estado entrerriano dej\u00f3 de crecer para pasar a reducirse durante el 2017, aunque el achique fue m\u00ednimo, del 0,26 por ciento. \u201cSin haber realizado un solo despido\u201d, valoraron desde el Ministerio de Econom\u00eda.\" \/>\n<meta property=\"og:url\" content=\"https:\/\/informelitoral.com.ar\/el-estado-entrerriano-redujo-la-incorporacion-de-empleados\/\" \/>\n<meta property=\"og:site_name\" content=\"Informe Litoral\" \/>\n<meta property=\"article:publisher\" content=\"https:\/\/www.facebook.com\/informelitoral\/\" \/>\n<meta property=\"article:published_time\" content=\"2018-03-19T11:59:37+00:00\" \/>\n<meta property=\"og:image\" content=\"https:\/\/www.isletasnoticias.com.ar\/%77%70%2d%63%6f%6e%74%65%6e%74\/uploads\/2017\/06\/cronograma-de-pagos-casa-de-gobierno.jpg\" \/>\n<meta name=\"author\" content=\"Gonzalo Schmidt\" \/>\n<meta name=\"twitter:card\" content=\"summary_large_image\" \/>\n<meta name=\"twitter:creator\" content=\"@InformeLitoral\" \/>\n<meta name=\"twitter:site\" content=\"@InformeLitoral\" \/>\n<meta name=\"twitter:label1\" content=\"Escrito por\" \/>\n\t<meta name=\"twitter:data1\" content=\"Gonzalo Schmidt\" \/>\n\t<meta name=\"twitter:label2\" content=\"Tiempo de lectura\" \/>\n\t<meta name=\"twitter:data2\" content=\"3 minutos\" \/>\n<script type=\"application\/ld+json\" class=\"yoast-schema-graph\">{\"@context\":\"https:\\\/\\\/schema.org\",\"@graph\":[{\"@type\":\"Article\",\"@id\":\"https:\\\/\\\/informelitoral.com.ar\\\/el-estado-entrerriano-redujo-la-incorporacion-de-empleados\\\/#article\",\"isPartOf\":{\"@id\":\"https:\\\/\\\/informelitoral.com.ar\\\/el-estado-entrerriano-redujo-la-incorporacion-de-empleados\\\/\"},\"author\":{\"name\":\"Gonzalo Schmidt\",\"@id\":\"https:\\\/\\\/informelitoral.com.ar\\\/#\\\/schema\\\/person\\\/b9d00407c836482871ef1d57bf8e3180\"},\"headline\":\"El Estado entrerriano redujo la incorporaci\u00f3n de empleados\",\"datePublished\":\"2018-03-19T11:59:37+00:00\",\"mainEntityOfPage\":{\"@id\":\"https:\\\/\\\/informelitoral.com.ar\\\/el-estado-entrerriano-redujo-la-incorporacion-de-empleados\\\/\"},\"wordCount\":561,\"commentCount\":0,\"publisher\":{\"@id\":\"https:\\\/\\\/informelitoral.com.ar\\\/#organization\"},\"image\":{\"@id\":\"https:\\\/\\\/informelitoral.com.ar\\\/el-estado-entrerriano-redujo-la-incorporacion-de-empleados\\\/#primaryimage\"},\"thumbnailUrl\":\"https:\\\/\\\/informelitoral.com.ar\\\/%77%70%2d%63%6f%6e%74%65%6e%74\\\/uploads\\\/2017\\\/06\\\/cronograma-de-pagos-casa-de-gobierno.jpg\",\"articleSection\":[\"Entre R\u00edos\",\"Politica\"],\"inLanguage\":\"es\",\"potentialAction\":[{\"@type\":\"CommentAction\",\"name\":\"Comment\",\"target\":[\"https:\\\/\\\/informelitoral.com.ar\\\/el-estado-entrerriano-redujo-la-incorporacion-de-empleados\\\/#respond\"]}]},{\"@type\":\"WebPage\",\"@id\":\"https:\\\/\\\/informelitoral.com.ar\\\/el-estado-entrerriano-redujo-la-incorporacion-de-empleados\\\/\",\"url\":\"https:\\\/\\\/informelitoral.com.ar\\\/el-estado-entrerriano-redujo-la-incorporacion-de-empleados\\\/\",\"name\":\"El Estado entrerriano redujo la incorporaci\u00f3n de empleados - Informe Litoral\",\"isPartOf\":{\"@id\":\"https:\\\/\\\/informelitoral.com.ar\\\/#website\"},\"primaryImageOfPage\":{\"@id\":\"https:\\\/\\\/informelitoral.com.ar\\\/el-estado-entrerriano-redujo-la-incorporacion-de-empleados\\\/#primaryimage\"},\"image\":{\"@id\":\"https:\\\/\\\/informelitoral.com.ar\\\/el-estado-entrerriano-redujo-la-incorporacion-de-empleados\\\/#primaryimage\"},\"thumbnailUrl\":\"https:\\\/\\\/informelitoral.com.ar\\\/%77%70%2d%63%6f%6e%74%65%6e%74\\\/uploads\\\/2017\\\/06\\\/cronograma-de-pagos-casa-de-gobierno.jpg\",\"datePublished\":\"2018-03-19T11:59:37+00:00\",\"breadcrumb\":{\"@id\":\"https:\\\/\\\/informelitoral.com.ar\\\/el-estado-entrerriano-redujo-la-incorporacion-de-empleados\\\/#breadcrumb\"},\"inLanguage\":\"es\",\"potentialAction\":[{\"@type\":\"ReadAction\",\"target\":[\"https:\\\/\\\/informelitoral.com.ar\\\/el-estado-entrerriano-redujo-la-incorporacion-de-empleados\\\/\"]}]},{\"@type\":\"ImageObject\",\"inLanguage\":\"es\",\"@id\":\"https:\\\/\\\/informelitoral.com.ar\\\/el-estado-entrerriano-redujo-la-incorporacion-de-empleados\\\/#primaryimage\",\"url\":\"https:\\\/\\\/informelitoral.com.ar\\\/%77%70%2d%63%6f%6e%74%65%6e%74\\\/uploads\\\/2017\\\/06\\\/cronograma-de-pagos-casa-de-gobierno.jpg\",\"contentUrl\":\"https:\\\/\\\/informelitoral.com.ar\\\/%77%70%2d%63%6f%6e%74%65%6e%74\\\/uploads\\\/2017\\\/06\\\/cronograma-de-pagos-casa-de-gobierno.jpg\",\"width\":544,\"height\":306},{\"@type\":\"BreadcrumbList\",\"@id\":\"https:\\\/\\\/informelitoral.com.ar\\\/el-estado-entrerriano-redujo-la-incorporacion-de-empleados\\\/#breadcrumb\",\"itemListElement\":[{\"@type\":\"ListItem\",\"position\":1,\"name\":\"Portada\",\"item\":\"https:\\\/\\\/informelitoral.com.ar\\\/\"},{\"@type\":\"ListItem\",\"position\":2,\"name\":\"El Estado entrerriano redujo la incorporaci\u00f3n de empleados\"}]},{\"@type\":\"WebSite\",\"@id\":\"https:\\\/\\\/informelitoral.com.ar\\\/#website\",\"url\":\"https:\\\/\\\/informelitoral.com.ar\\\/\",\"name\":\"Informe Litoral\",\"description\":\"&quot;Nos informamos&quot; \",\"publisher\":{\"@id\":\"https:\\\/\\\/informelitoral.com.ar\\\/#organization\"},\"potentialAction\":[{\"@type\":\"SearchAction\",\"target\":{\"@type\":\"EntryPoint\",\"urlTemplate\":\"https:\\\/\\\/informelitoral.com.ar\\\/?s={search_term_string}\"},\"query-input\":{\"@type\":\"PropertyValueSpecification\",\"valueRequired\":true,\"valueName\":\"search_term_string\"}}],\"inLanguage\":\"es\"},{\"@type\":\"Organization\",\"@id\":\"https:\\\/\\\/informelitoral.com.ar\\\/#organization\",\"name\":\"Informe Litoral\",\"url\":\"https:\\\/\\\/informelitoral.com.ar\\\/\",\"logo\":{\"@type\":\"ImageObject\",\"inLanguage\":\"es\",\"@id\":\"https:\\\/\\\/informelitoral.com.ar\\\/#\\\/schema\\\/logo\\\/image\\\/\",\"url\":\"https:\\\/\\\/informelitoral.com.ar\\\/%77%70%2d%63%6f%6e%74%65%6e%74\\\/uploads\\\/2021\\\/01\\\/circulo.png\",\"contentUrl\":\"https:\\\/\\\/informelitoral.com.ar\\\/%77%70%2d%63%6f%6e%74%65%6e%74\\\/uploads\\\/2021\\\/01\\\/circulo.png\",\"width\":723,\"height\":731,\"caption\":\"Informe Litoral\"},\"image\":{\"@id\":\"https:\\\/\\\/informelitoral.com.ar\\\/#\\\/schema\\\/logo\\\/image\\\/\"},\"sameAs\":[\"https:\\\/\\\/www.facebook.com\\\/informelitoral\\\/\",\"https:\\\/\\\/x.com\\\/InformeLitoral\",\"https:\\\/\\\/www.instagram.com\\\/informelitoral\\\/\",\"https:\\\/\\\/www.youtube.com\\\/channel\\\/UCua4Qvz8Icb6MYqhoq9xLXw\"]},{\"@type\":\"Person\",\"@id\":\"https:\\\/\\\/informelitoral.com.ar\\\/#\\\/schema\\\/person\\\/b9d00407c836482871ef1d57bf8e3180\",\"name\":\"Gonzalo Schmidt\",\"image\":{\"@type\":\"ImageObject\",\"inLanguage\":\"es\",\"@id\":\"https:\\\/\\\/secure.gravatar.com\\\/avatar\\\/31a1a7b66ff2de83bd0e9fd79d026630d2d99e55e8bfe501287647b4fd9743de?s=96&d=mm&r=g\",\"url\":\"https:\\\/\\\/secure.gravatar.com\\\/avatar\\\/31a1a7b66ff2de83bd0e9fd79d026630d2d99e55e8bfe501287647b4fd9743de?s=96&d=mm&r=g\",\"contentUrl\":\"https:\\\/\\\/secure.gravatar.com\\\/avatar\\\/31a1a7b66ff2de83bd0e9fd79d026630d2d99e55e8bfe501287647b4fd9743de?s=96&d=mm&r=g\",\"caption\":\"Gonzalo Schmidt\"},\"description\":\"Sitio web de noticias de la provincia de Entre R\u00edos, Argentina. Informaci\u00f3n y entretenimiento. Informe Litoral, nos informamos.\",\"sameAs\":[\"http:\\\/\\\/www.isletasnoticias.com.ar\"],\"url\":\"https:\\\/\\\/informelitoral.com.ar\\\/author\\\/gonzalo\\\/\"}]}<\/script>","yoast_head_json":{"title":"El Estado entrerriano redujo la incorporaci\u00f3n de empleados - Informe Litoral","robots":{"index":"index","follow":"follow","max-snippet":"max-snippet:-1","max-image-preview":"max-image-preview:large","max-video-preview":"max-video-preview:-1"},"canonical":"https:\/\/informelitoral.com.ar\/el-estado-entrerriano-redujo-la-incorporacion-de-empleados\/","og_locale":"es_ES","og_type":"article","og_title":"El Estado entrerriano redujo la incorporaci\u00f3n de empleados - Informe Litoral","og_description":"La planta de personal del Estado entrerriano dej\u00f3 de crecer para pasar a reducirse durante el 2017, aunque el achique fue m\u00ednimo, del 0,26 por ciento. \u201cSin haber realizado un solo despido\u201d, valoraron desde el Ministerio de Econom\u00eda.","og_url":"https:\/\/informelitoral.com.ar\/el-estado-entrerriano-redujo-la-incorporacion-de-empleados\/","og_site_name":"Informe Litoral","article_publisher":"https:\/\/www.facebook.com\/informelitoral\/","article_published_time":"2018-03-19T11:59:37+00:00","og_image":[{"url":"https:\/\/www.isletasnoticias.com.ar\/%77%70%2d%63%6f%6e%74%65%6e%74\/uploads\/2017\/06\/cronograma-de-pagos-casa-de-gobierno.jpg","type":"","width":"","height":""}],"author":"Gonzalo Schmidt","twitter_card":"summary_large_image","twitter_creator":"@InformeLitoral","twitter_site":"@InformeLitoral","twitter_misc":{"Escrito por":"Gonzalo Schmidt","Tiempo de lectura":"3 minutos"},"schema":{"@context":"https:\/\/schema.org","@graph":[{"@type":"Article","@id":"https:\/\/informelitoral.com.ar\/el-estado-entrerriano-redujo-la-incorporacion-de-empleados\/#article","isPartOf":{"@id":"https:\/\/informelitoral.com.ar\/el-estado-entrerriano-redujo-la-incorporacion-de-empleados\/"},"author":{"name":"Gonzalo Schmidt","@id":"https:\/\/informelitoral.com.ar\/#\/schema\/person\/b9d00407c836482871ef1d57bf8e3180"},"headline":"El Estado entrerriano redujo la incorporaci\u00f3n de empleados","datePublished":"2018-03-19T11:59:37+00:00","mainEntityOfPage":{"@id":"https:\/\/informelitoral.com.ar\/el-estado-entrerriano-redujo-la-incorporacion-de-empleados\/"},"wordCount":561,"commentCount":0,"publisher":{"@id":"https:\/\/informelitoral.com.ar\/#organization"},"image":{"@id":"https:\/\/informelitoral.com.ar\/el-estado-entrerriano-redujo-la-incorporacion-de-empleados\/#primaryimage"},"thumbnailUrl":"https:\/\/informelitoral.com.ar\/%77%70%2d%63%6f%6e%74%65%6e%74\/uploads\/2017\/06\/cronograma-de-pagos-casa-de-gobierno.jpg","articleSection":["Entre R\u00edos","Politica"],"inLanguage":"es","potentialAction":[{"@type":"CommentAction","name":"Comment","target":["https:\/\/informelitoral.com.ar\/el-estado-entrerriano-redujo-la-incorporacion-de-empleados\/#respond"]}]},{"@type":"WebPage","@id":"https:\/\/informelitoral.com.ar\/el-estado-entrerriano-redujo-la-incorporacion-de-empleados\/","url":"https:\/\/informelitoral.com.ar\/el-estado-entrerriano-redujo-la-incorporacion-de-empleados\/","name":"El Estado entrerriano redujo la incorporaci\u00f3n de empleados - Informe Litoral","isPartOf":{"@id":"https:\/\/informelitoral.com.ar\/#website"},"primaryImageOfPage":{"@id":"https:\/\/informelitoral.com.ar\/el-estado-entrerriano-redujo-la-incorporacion-de-empleados\/#primaryimage"},"image":{"@id":"https:\/\/informelitoral.com.ar\/el-estado-entrerriano-redujo-la-incorporacion-de-empleados\/#primaryimage"},"thumbnailUrl":"https:\/\/informelitoral.com.ar\/%77%70%2d%63%6f%6e%74%65%6e%74\/uploads\/2017\/06\/cronograma-de-pagos-casa-de-gobierno.jpg","datePublished":"2018-03-19T11:59:37+00:00","breadcrumb":{"@id":"https:\/\/informelitoral.com.ar\/el-estado-entrerriano-redujo-la-incorporacion-de-empleados\/#breadcrumb"},"inLanguage":"es","potentialAction":[{"@type":"ReadAction","target":["https:\/\/informelitoral.com.ar\/el-estado-entrerriano-redujo-la-incorporacion-de-empleados\/"]}]},{"@type":"ImageObject","inLanguage":"es","@id":"https:\/\/informelitoral.com.ar\/el-estado-entrerriano-redujo-la-incorporacion-de-empleados\/#primaryimage","url":"https:\/\/informelitoral.com.ar\/%77%70%2d%63%6f%6e%74%65%6e%74\/uploads\/2017\/06\/cronograma-de-pagos-casa-de-gobierno.jpg","contentUrl":"https:\/\/informelitoral.com.ar\/%77%70%2d%63%6f%6e%74%65%6e%74\/uploads\/2017\/06\/cronograma-de-pagos-casa-de-gobierno.jpg","width":544,"height":306},{"@type":"BreadcrumbList","@id":"https:\/\/informelitoral.com.ar\/el-estado-entrerriano-redujo-la-incorporacion-de-empleados\/#breadcrumb","itemListElement":[{"@type":"ListItem","position":1,"name":"Portada","item":"https:\/\/informelitoral.com.ar\/"},{"@type":"ListItem","position":2,"name":"El Estado entrerriano redujo la incorporaci\u00f3n de empleados"}]},{"@type":"WebSite","@id":"https:\/\/informelitoral.com.ar\/#website","url":"https:\/\/informelitoral.com.ar\/","name":"Informe Litoral","description":"&quot;Nos informamos&quot; ","publisher":{"@id":"https:\/\/informelitoral.com.ar\/#organization"},"potentialAction":[{"@type":"SearchAction","target":{"@type":"EntryPoint","urlTemplate":"https:\/\/informelitoral.com.ar\/?s={search_term_string}"},"query-input":{"@type":"PropertyValueSpecification","valueRequired":true,"valueName":"search_term_string"}}],"inLanguage":"es"},{"@type":"Organization","@id":"https:\/\/informelitoral.com.ar\/#organization","name":"Informe Litoral","url":"https:\/\/informelitoral.com.ar\/","logo":{"@type":"ImageObject","inLanguage":"es","@id":"https:\/\/informelitoral.com.ar\/#\/schema\/logo\/image\/","url":"https:\/\/informelitoral.com.ar\/%77%70%2d%63%6f%6e%74%65%6e%74\/uploads\/2021\/01\/circulo.png","contentUrl":"https:\/\/informelitoral.com.ar\/%77%70%2d%63%6f%6e%74%65%6e%74\/uploads\/2021\/01\/circulo.png","width":723,"height":731,"caption":"Informe Litoral"},"image":{"@id":"https:\/\/informelitoral.com.ar\/#\/schema\/logo\/image\/"},"sameAs":["https:\/\/www.facebook.com\/informelitoral\/","https:\/\/x.com\/InformeLitoral","https:\/\/www.instagram.com\/informelitoral\/","https:\/\/www.youtube.com\/channel\/UCua4Qvz8Icb6MYqhoq9xLXw"]},{"@type":"Person","@id":"https:\/\/informelitoral.com.ar\/#\/schema\/person\/b9d00407c836482871ef1d57bf8e3180","name":"Gonzalo Schmidt","image":{"@type":"ImageObject","inLanguage":"es","@id":"https:\/\/secure.gravatar.com\/avatar\/31a1a7b66ff2de83bd0e9fd79d026630d2d99e55e8bfe501287647b4fd9743de?s=96&d=mm&r=g","url":"https:\/\/secure.gravatar.com\/avatar\/31a1a7b66ff2de83bd0e9fd79d026630d2d99e55e8bfe501287647b4fd9743de?s=96&d=mm&r=g","contentUrl":"https:\/\/secure.gravatar.com\/avatar\/31a1a7b66ff2de83bd0e9fd79d026630d2d99e55e8bfe501287647b4fd9743de?s=96&d=mm&r=g","caption":"Gonzalo Schmidt"},"description":"Sitio web de noticias de la provincia de Entre R\u00edos, Argentina. Informaci\u00f3n y entretenimiento. Informe Litoral, nos informamos.","sameAs":["http:\/\/www.isletasnoticias.com.ar"],"url":"https:\/\/informelitoral.com.ar\/author\/gonzalo\/"}]}},"_links":{"self":[{"href":"https:\/\/informelitoral.com.ar\/%77%70%2d%6a%73%6f%6e\/wp\/v2\/posts\/25620","targetHints":{"allow":["GET"]}}],"collection":[{"href":"https:\/\/informelitoral.com.ar\/%77%70%2d%6a%73%6f%6e\/wp\/v2\/posts"}],"about":[{"href":"https:\/\/informelitoral.com.ar\/%77%70%2d%6a%73%6f%6e\/wp\/v2\/types\/post"}],"author":[{"embeddable":true,"href":"https:\/\/informelitoral.com.ar\/%77%70%2d%6a%73%6f%6e\/wp\/v2\/users\/2"}],"replies":[{"embeddable":true,"href":"https:\/\/informelitoral.com.ar\/%77%70%2d%6a%73%6f%6e\/wp\/v2\/comments?post=25620"}],"version-history":[{"count":0,"href":"https:\/\/informelitoral.com.ar\/%77%70%2d%6a%73%6f%6e\/wp\/v2\/posts\/25620\/revisions"}],"wp:featuredmedia":[{"embeddable":true,"href":"https:\/\/informelitoral.com.ar\/%77%70%2d%6a%73%6f%6e\/wp\/v2\/media\/22142"}],"wp:attachment":[{"href":"https:\/\/informelitoral.com.ar\/%77%70%2d%6a%73%6f%6e\/wp\/v2\/media?parent=25620"}],"wp:term":[{"taxonomy":"category","embeddable":true,"href":"https:\/\/informelitoral.com.ar\/%77%70%2d%6a%73%6f%6e\/wp\/v2\/categories?post=25620"},{"taxonomy":"post_tag","embeddable":true,"href":"https:\/\/informelitoral.com.ar\/%77%70%2d%6a%73%6f%6e\/wp\/v2\/tags?post=25620"}],"curies":[{"name":"wp","href":"https:\/\/api.w.org\/{rel}","templated":true}]}}