{"id":25558,"date":"2018-03-14T18:51:37","date_gmt":"2018-03-14T21:51:37","guid":{"rendered":"https:\/\/www.isletasnoticias.com.ar\/?p=25558"},"modified":"2018-03-16T12:29:27","modified_gmt":"2018-03-16T15:29:27","slug":"pueblo-brugo-la-ganadera-organizo-un-curso-de-primeros-auxilios","status":"publish","type":"post","link":"https:\/\/informelitoral.com.ar\/pueblo-brugo-la-ganadera-organizo-un-curso-de-primeros-auxilios\/","title":{"rendered":"Pueblo Brugo: La Ganadera organiz\u00f3 un curso de Primeros Auxilios"},"content":{"rendered":"<p><strong>Desde la cooperativa ramirense brindaron una capacitaci\u00f3n, a cargo de profesionales, para su personal y alumnos de quinto y sexto grado. Reanimaci\u00f3n cardiopulmonar (RCP), uso de desfibrilador externo autom\u00e1tico, obstrucciones por cuerpos extra\u00f1os y quemaduras, fueron algunos de los temas abordados.<a href=\"https:\/\/www.isletasnoticias.com.ar\/%77%70%2d%63%6f%6e%74%65%6e%74\/uploads\/2018\/03\/20180309_145735-Brugo-3.jpg\"><img loading=\"lazy\" decoding=\"async\" class=\"aligncenter wp-image-25559 size-large\" src=\"https:\/\/www.isletasnoticias.com.ar\/%77%70%2d%63%6f%6e%74%65%6e%74\/uploads\/2018\/03\/20180309_145735-Brugo-3-1024x576.jpg\" alt=\"\" width=\"600\" height=\"338\" srcset=\"https:\/\/informelitoral.com.ar\/%77%70%2d%63%6f%6e%74%65%6e%74\/uploads\/2018\/03\/20180309_145735-Brugo-3-1024x576.jpg 1024w, https:\/\/informelitoral.com.ar\/%77%70%2d%63%6f%6e%74%65%6e%74\/uploads\/2018\/03\/20180309_145735-Brugo-3-300x169.jpg 300w, https:\/\/informelitoral.com.ar\/%77%70%2d%63%6f%6e%74%65%6e%74\/uploads\/2018\/03\/20180309_145735-Brugo-3-768x432.jpg 768w\" sizes=\"auto, (max-width: 600px) 100vw, 600px\" \/><\/a><\/strong><\/p>\n<p>Con la organizaci\u00f3n del encargado de la Unidad de Negocios Pueblo Brugo de la <strong>Cooperativa La Ganadera General Ram\u00edrez Limitada<\/strong> se desarrollo la <strong>capacitaci\u00f3n sobre Primeros Auxilios y Prevenci\u00f3n de lesiones para el personal cooperativo<\/strong>. En la oportunidad, asistieron en calidad de invitados <strong>alumnos de 5\u00ba y 6\u00ba grado<\/strong> del colegio de la localidad acompa\u00f1ados de la profesora Silvina Grandolio.<\/p>\n<p>La actividad estuvo coordinada por el <strong>Dr. Leonardo Velurtas<\/strong> y los asesores en Seguridad e Higiene <strong>Silvio Rizatto<\/strong> y <strong>Marcelo Giecco<\/strong>. Mencionaron la importancia que la comunidad en general se instruya en el socorro y atenci\u00f3n inicial de las victimas hasta la llegada de un equipo de salud, ademas de conocer las t\u00e9cnicas de esa atenci\u00f3n y reanimaci\u00f3n ofrecida en la capacitaci\u00f3n realizada.<\/p>\n<p>Tanto en la v\u00eda publica, en tr\u00e1nsito, trabajo o en el hogar la persona puede transformarse en\u00a0\u00a0 una victima. Existen varios factores que pueden atentar contra la salud o el bienestar de las personas; el organismo puede ser alterado por una causa interna (paro card\u00edaco) o externa (trauma o lesi\u00f3n) comprometiendo su integridad f\u00edsica o hasta provocar la muerte. En los factores externos, las lesiones, siendo necesario la implementaci\u00f3n de medidas de prevenci\u00f3n efectivas para evitarlas. En lesiones no intencionales, nos demuestran la existencia de un sujeto susceptible, un ambiente agresivo y causas que lo provocan.<\/p>\n<p>\u201cLos primeros auxilios son aquellas medidas inmediatas que se toman en una persona lesionada, inconsciente o s\u00fabitamente enferma, en el sitio donde ha ocurrido el accidente (escena) y hasta la llegada de la asistencia sanitaria (servicio de emergencia)\u201d. Su objetivo es intentar que la v\u00edctima se recupere, actuando de la mejor manera posible para conservar su vida. Para ello hay diversos pasos a seguir y tambi\u00e9n cosas que no se deben hacer.<\/p>\n<p>Se abordaron <strong>temas<\/strong> como: la <strong>reanimaci\u00f3n cardio-pulmonar (RCP) en adultos, ni\u00f1os y lactantes, uso de desfibrilador externo autom\u00e1tico, obstrucciones por cuerpos extra\u00f1os, quemaduras, fracturas, heridas, intoxicaciones, electrocuci\u00f3n, ACV, convulsiones,<\/strong> entre otras, con especiales recomendaciones en las prevenciones correspondientes.<\/p>\n","protected":false},"excerpt":{"rendered":"<p>Desde la cooperativa ramirense brindaron una capacitaci&oacute;n, a cargo de profesionales, para su personal y alumnos de quinto y sexto grado. Reanimaci&oacute;n cardiopulmonar (RCP), uso de desfibrilador externo autom&aacute;tico, obstrucciones por cuerpos extra&ntilde;os y quemaduras, fueron algunos de los temas abordados. Con la organizaci&oacute;n del encargado de la Unidad de Negocios Pueblo Brugo de la [&hellip;]<\/p>\n","protected":false},"author":2,"featured_media":25559,"comment_status":"open","ping_status":"open","sticky":false,"template":"","format":"standard","meta":{"fifu_image_url":"","fifu_image_alt":"","footnotes":""},"categories":[5,9],"tags":[],"class_list":{"0":"post-25558","1":"post","2":"type-post","3":"status-publish","4":"format-standard","5":"has-post-thumbnail","7":"category-zonales","8":"category-sociedad"},"yoast_head":"<title>Pueblo Brugo: La Ganadera organiz\u00f3 un curso de Primeros Auxilios - Informe Litoral<\/title>\n<meta name=\"robots\" content=\"index, follow, max-snippet:-1, max-image-preview:large, max-video-preview:-1\" \/>\n<link rel=\"canonical\" href=\"https:\/\/informelitoral.com.ar\/pueblo-brugo-la-ganadera-organizo-un-curso-de-primeros-auxilios\/\" \/>\n<meta property=\"og:locale\" content=\"es_ES\" \/>\n<meta property=\"og:type\" content=\"article\" \/>\n<meta property=\"og:title\" content=\"Pueblo Brugo: La Ganadera organiz\u00f3 un curso de Primeros Auxilios - Informe Litoral\" \/>\n<meta property=\"og:description\" content=\"Desde la cooperativa ramirense brindaron una capacitaci&oacute;n, a cargo de profesionales, para su personal y alumnos de quinto y sexto grado. Reanimaci&oacute;n cardiopulmonar (RCP), uso de desfibrilador externo autom&aacute;tico, obstrucciones por cuerpos extra&ntilde;os y quemaduras, fueron algunos de los temas abordados. Con la organizaci&oacute;n del encargado de la Unidad de Negocios Pueblo Brugo de la [&hellip;]\" \/>\n<meta property=\"og:url\" content=\"https:\/\/informelitoral.com.ar\/pueblo-brugo-la-ganadera-organizo-un-curso-de-primeros-auxilios\/\" \/>\n<meta property=\"og:site_name\" content=\"Informe Litoral\" \/>\n<meta property=\"article:publisher\" content=\"https:\/\/www.facebook.com\/informelitoral\/\" \/>\n<meta property=\"article:published_time\" content=\"2018-03-14T21:51:37+00:00\" \/>\n<meta property=\"article:modified_time\" content=\"2018-03-16T15:29:27+00:00\" \/>\n<meta property=\"og:image\" content=\"https:\/\/informelitoral.com.ar\/%77%70%2d%63%6f%6e%74%65%6e%74\/uploads\/2018\/03\/20180309_145735-Brugo-3.jpg\" \/>\n\t<meta property=\"og:image:width\" content=\"2560\" \/>\n\t<meta property=\"og:image:height\" content=\"1440\" \/>\n\t<meta property=\"og:image:type\" content=\"image\/jpeg\" \/>\n<meta name=\"author\" content=\"Gonzalo Schmidt\" \/>\n<meta name=\"twitter:card\" content=\"summary_large_image\" \/>\n<meta name=\"twitter:creator\" content=\"@InformeLitoral\" \/>\n<meta name=\"twitter:site\" content=\"@InformeLitoral\" \/>\n<meta name=\"twitter:label1\" content=\"Escrito por\" \/>\n\t<meta name=\"twitter:data1\" content=\"Gonzalo Schmidt\" \/>\n\t<meta name=\"twitter:label2\" content=\"Tiempo de lectura\" \/>\n\t<meta name=\"twitter:data2\" content=\"2 minutos\" \/>\n<script type=\"application\/ld+json\" class=\"yoast-schema-graph\">{\"@context\":\"https:\\\/\\\/schema.org\",\"@graph\":[{\"@type\":\"Article\",\"@id\":\"https:\\\/\\\/informelitoral.com.ar\\\/pueblo-brugo-la-ganadera-organizo-un-curso-de-primeros-auxilios\\\/#article\",\"isPartOf\":{\"@id\":\"https:\\\/\\\/informelitoral.com.ar\\\/pueblo-brugo-la-ganadera-organizo-un-curso-de-primeros-auxilios\\\/\"},\"author\":{\"name\":\"Gonzalo Schmidt\",\"@id\":\"https:\\\/\\\/informelitoral.com.ar\\\/#\\\/schema\\\/person\\\/b9d00407c836482871ef1d57bf8e3180\"},\"headline\":\"Pueblo Brugo: La Ganadera organiz\u00f3 un curso de Primeros Auxilios\",\"datePublished\":\"2018-03-14T21:51:37+00:00\",\"dateModified\":\"2018-03-16T15:29:27+00:00\",\"mainEntityOfPage\":{\"@id\":\"https:\\\/\\\/informelitoral.com.ar\\\/pueblo-brugo-la-ganadera-organizo-un-curso-de-primeros-auxilios\\\/\"},\"wordCount\":407,\"commentCount\":0,\"publisher\":{\"@id\":\"https:\\\/\\\/informelitoral.com.ar\\\/#organization\"},\"image\":{\"@id\":\"https:\\\/\\\/informelitoral.com.ar\\\/pueblo-brugo-la-ganadera-organizo-un-curso-de-primeros-auxilios\\\/#primaryimage\"},\"thumbnailUrl\":\"https:\\\/\\\/informelitoral.com.ar\\\/%77%70%2d%63%6f%6e%74%65%6e%74\\\/uploads\\\/2018\\\/03\\\/20180309_145735-Brugo-3.jpg\",\"articleSection\":[\"Departamento Diamante\",\"Sociedad\"],\"inLanguage\":\"es\",\"potentialAction\":[{\"@type\":\"CommentAction\",\"name\":\"Comment\",\"target\":[\"https:\\\/\\\/informelitoral.com.ar\\\/pueblo-brugo-la-ganadera-organizo-un-curso-de-primeros-auxilios\\\/#respond\"]}]},{\"@type\":\"WebPage\",\"@id\":\"https:\\\/\\\/informelitoral.com.ar\\\/pueblo-brugo-la-ganadera-organizo-un-curso-de-primeros-auxilios\\\/\",\"url\":\"https:\\\/\\\/informelitoral.com.ar\\\/pueblo-brugo-la-ganadera-organizo-un-curso-de-primeros-auxilios\\\/\",\"name\":\"Pueblo Brugo: La Ganadera organiz\u00f3 un curso de Primeros Auxilios - Informe Litoral\",\"isPartOf\":{\"@id\":\"https:\\\/\\\/informelitoral.com.ar\\\/#website\"},\"primaryImageOfPage\":{\"@id\":\"https:\\\/\\\/informelitoral.com.ar\\\/pueblo-brugo-la-ganadera-organizo-un-curso-de-primeros-auxilios\\\/#primaryimage\"},\"image\":{\"@id\":\"https:\\\/\\\/informelitoral.com.ar\\\/pueblo-brugo-la-ganadera-organizo-un-curso-de-primeros-auxilios\\\/#primaryimage\"},\"thumbnailUrl\":\"https:\\\/\\\/informelitoral.com.ar\\\/%77%70%2d%63%6f%6e%74%65%6e%74\\\/uploads\\\/2018\\\/03\\\/20180309_145735-Brugo-3.jpg\",\"datePublished\":\"2018-03-14T21:51:37+00:00\",\"dateModified\":\"2018-03-16T15:29:27+00:00\",\"breadcrumb\":{\"@id\":\"https:\\\/\\\/informelitoral.com.ar\\\/pueblo-brugo-la-ganadera-organizo-un-curso-de-primeros-auxilios\\\/#breadcrumb\"},\"inLanguage\":\"es\",\"potentialAction\":[{\"@type\":\"ReadAction\",\"target\":[\"https:\\\/\\\/informelitoral.com.ar\\\/pueblo-brugo-la-ganadera-organizo-un-curso-de-primeros-auxilios\\\/\"]}]},{\"@type\":\"ImageObject\",\"inLanguage\":\"es\",\"@id\":\"https:\\\/\\\/informelitoral.com.ar\\\/pueblo-brugo-la-ganadera-organizo-un-curso-de-primeros-auxilios\\\/#primaryimage\",\"url\":\"https:\\\/\\\/informelitoral.com.ar\\\/%77%70%2d%63%6f%6e%74%65%6e%74\\\/uploads\\\/2018\\\/03\\\/20180309_145735-Brugo-3.jpg\",\"contentUrl\":\"https:\\\/\\\/informelitoral.com.ar\\\/%77%70%2d%63%6f%6e%74%65%6e%74\\\/uploads\\\/2018\\\/03\\\/20180309_145735-Brugo-3.jpg\",\"width\":2560,\"height\":1440},{\"@type\":\"BreadcrumbList\",\"@id\":\"https:\\\/\\\/informelitoral.com.ar\\\/pueblo-brugo-la-ganadera-organizo-un-curso-de-primeros-auxilios\\\/#breadcrumb\",\"itemListElement\":[{\"@type\":\"ListItem\",\"position\":1,\"name\":\"Portada\",\"item\":\"https:\\\/\\\/informelitoral.com.ar\\\/\"},{\"@type\":\"ListItem\",\"position\":2,\"name\":\"Pueblo Brugo: La Ganadera organiz\u00f3 un curso de Primeros Auxilios\"}]},{\"@type\":\"WebSite\",\"@id\":\"https:\\\/\\\/informelitoral.com.ar\\\/#website\",\"url\":\"https:\\\/\\\/informelitoral.com.ar\\\/\",\"name\":\"Informe Litoral\",\"description\":\"&quot;Nos informamos&quot; \",\"publisher\":{\"@id\":\"https:\\\/\\\/informelitoral.com.ar\\\/#organization\"},\"potentialAction\":[{\"@type\":\"SearchAction\",\"target\":{\"@type\":\"EntryPoint\",\"urlTemplate\":\"https:\\\/\\\/informelitoral.com.ar\\\/?s={search_term_string}\"},\"query-input\":{\"@type\":\"PropertyValueSpecification\",\"valueRequired\":true,\"valueName\":\"search_term_string\"}}],\"inLanguage\":\"es\"},{\"@type\":\"Organization\",\"@id\":\"https:\\\/\\\/informelitoral.com.ar\\\/#organization\",\"name\":\"Informe Litoral\",\"url\":\"https:\\\/\\\/informelitoral.com.ar\\\/\",\"logo\":{\"@type\":\"ImageObject\",\"inLanguage\":\"es\",\"@id\":\"https:\\\/\\\/informelitoral.com.ar\\\/#\\\/schema\\\/logo\\\/image\\\/\",\"url\":\"https:\\\/\\\/informelitoral.com.ar\\\/%77%70%2d%63%6f%6e%74%65%6e%74\\\/uploads\\\/2021\\\/01\\\/circulo.png\",\"contentUrl\":\"https:\\\/\\\/informelitoral.com.ar\\\/%77%70%2d%63%6f%6e%74%65%6e%74\\\/uploads\\\/2021\\\/01\\\/circulo.png\",\"width\":723,\"height\":731,\"caption\":\"Informe Litoral\"},\"image\":{\"@id\":\"https:\\\/\\\/informelitoral.com.ar\\\/#\\\/schema\\\/logo\\\/image\\\/\"},\"sameAs\":[\"https:\\\/\\\/www.facebook.com\\\/informelitoral\\\/\",\"https:\\\/\\\/x.com\\\/InformeLitoral\",\"https:\\\/\\\/www.instagram.com\\\/informelitoral\\\/\",\"https:\\\/\\\/www.youtube.com\\\/channel\\\/UCua4Qvz8Icb6MYqhoq9xLXw\"]},{\"@type\":\"Person\",\"@id\":\"https:\\\/\\\/informelitoral.com.ar\\\/#\\\/schema\\\/person\\\/b9d00407c836482871ef1d57bf8e3180\",\"name\":\"Gonzalo Schmidt\",\"image\":{\"@type\":\"ImageObject\",\"inLanguage\":\"es\",\"@id\":\"https:\\\/\\\/secure.gravatar.com\\\/avatar\\\/31a1a7b66ff2de83bd0e9fd79d026630d2d99e55e8bfe501287647b4fd9743de?s=96&d=mm&r=g\",\"url\":\"https:\\\/\\\/secure.gravatar.com\\\/avatar\\\/31a1a7b66ff2de83bd0e9fd79d026630d2d99e55e8bfe501287647b4fd9743de?s=96&d=mm&r=g\",\"contentUrl\":\"https:\\\/\\\/secure.gravatar.com\\\/avatar\\\/31a1a7b66ff2de83bd0e9fd79d026630d2d99e55e8bfe501287647b4fd9743de?s=96&d=mm&r=g\",\"caption\":\"Gonzalo Schmidt\"},\"description\":\"Sitio web de noticias de la provincia de Entre R\u00edos, Argentina. Informaci\u00f3n y entretenimiento. Informe Litoral, nos informamos.\",\"sameAs\":[\"http:\\\/\\\/www.isletasnoticias.com.ar\"],\"url\":\"https:\\\/\\\/informelitoral.com.ar\\\/author\\\/gonzalo\\\/\"}]}<\/script>","yoast_head_json":{"title":"Pueblo Brugo: La Ganadera organiz\u00f3 un curso de Primeros Auxilios - Informe Litoral","robots":{"index":"index","follow":"follow","max-snippet":"max-snippet:-1","max-image-preview":"max-image-preview:large","max-video-preview":"max-video-preview:-1"},"canonical":"https:\/\/informelitoral.com.ar\/pueblo-brugo-la-ganadera-organizo-un-curso-de-primeros-auxilios\/","og_locale":"es_ES","og_type":"article","og_title":"Pueblo Brugo: La Ganadera organiz\u00f3 un curso de Primeros Auxilios - Informe Litoral","og_description":"Desde la cooperativa ramirense brindaron una capacitaci&oacute;n, a cargo de profesionales, para su personal y alumnos de quinto y sexto grado. Reanimaci&oacute;n cardiopulmonar (RCP), uso de desfibrilador externo autom&aacute;tico, obstrucciones por cuerpos extra&ntilde;os y quemaduras, fueron algunos de los temas abordados. Con la organizaci&oacute;n del encargado de la Unidad de Negocios Pueblo Brugo de la [&hellip;]","og_url":"https:\/\/informelitoral.com.ar\/pueblo-brugo-la-ganadera-organizo-un-curso-de-primeros-auxilios\/","og_site_name":"Informe Litoral","article_publisher":"https:\/\/www.facebook.com\/informelitoral\/","article_published_time":"2018-03-14T21:51:37+00:00","article_modified_time":"2018-03-16T15:29:27+00:00","og_image":[{"width":2560,"height":1440,"url":"https:\/\/informelitoral.com.ar\/%77%70%2d%63%6f%6e%74%65%6e%74\/uploads\/2018\/03\/20180309_145735-Brugo-3.jpg","type":"image\/jpeg"}],"author":"Gonzalo Schmidt","twitter_card":"summary_large_image","twitter_creator":"@InformeLitoral","twitter_site":"@InformeLitoral","twitter_misc":{"Escrito por":"Gonzalo Schmidt","Tiempo de lectura":"2 minutos"},"schema":{"@context":"https:\/\/schema.org","@graph":[{"@type":"Article","@id":"https:\/\/informelitoral.com.ar\/pueblo-brugo-la-ganadera-organizo-un-curso-de-primeros-auxilios\/#article","isPartOf":{"@id":"https:\/\/informelitoral.com.ar\/pueblo-brugo-la-ganadera-organizo-un-curso-de-primeros-auxilios\/"},"author":{"name":"Gonzalo Schmidt","@id":"https:\/\/informelitoral.com.ar\/#\/schema\/person\/b9d00407c836482871ef1d57bf8e3180"},"headline":"Pueblo Brugo: La Ganadera organiz\u00f3 un curso de Primeros Auxilios","datePublished":"2018-03-14T21:51:37+00:00","dateModified":"2018-03-16T15:29:27+00:00","mainEntityOfPage":{"@id":"https:\/\/informelitoral.com.ar\/pueblo-brugo-la-ganadera-organizo-un-curso-de-primeros-auxilios\/"},"wordCount":407,"commentCount":0,"publisher":{"@id":"https:\/\/informelitoral.com.ar\/#organization"},"image":{"@id":"https:\/\/informelitoral.com.ar\/pueblo-brugo-la-ganadera-organizo-un-curso-de-primeros-auxilios\/#primaryimage"},"thumbnailUrl":"https:\/\/informelitoral.com.ar\/%77%70%2d%63%6f%6e%74%65%6e%74\/uploads\/2018\/03\/20180309_145735-Brugo-3.jpg","articleSection":["Departamento Diamante","Sociedad"],"inLanguage":"es","potentialAction":[{"@type":"CommentAction","name":"Comment","target":["https:\/\/informelitoral.com.ar\/pueblo-brugo-la-ganadera-organizo-un-curso-de-primeros-auxilios\/#respond"]}]},{"@type":"WebPage","@id":"https:\/\/informelitoral.com.ar\/pueblo-brugo-la-ganadera-organizo-un-curso-de-primeros-auxilios\/","url":"https:\/\/informelitoral.com.ar\/pueblo-brugo-la-ganadera-organizo-un-curso-de-primeros-auxilios\/","name":"Pueblo Brugo: La Ganadera organiz\u00f3 un curso de Primeros Auxilios - Informe Litoral","isPartOf":{"@id":"https:\/\/informelitoral.com.ar\/#website"},"primaryImageOfPage":{"@id":"https:\/\/informelitoral.com.ar\/pueblo-brugo-la-ganadera-organizo-un-curso-de-primeros-auxilios\/#primaryimage"},"image":{"@id":"https:\/\/informelitoral.com.ar\/pueblo-brugo-la-ganadera-organizo-un-curso-de-primeros-auxilios\/#primaryimage"},"thumbnailUrl":"https:\/\/informelitoral.com.ar\/%77%70%2d%63%6f%6e%74%65%6e%74\/uploads\/2018\/03\/20180309_145735-Brugo-3.jpg","datePublished":"2018-03-14T21:51:37+00:00","dateModified":"2018-03-16T15:29:27+00:00","breadcrumb":{"@id":"https:\/\/informelitoral.com.ar\/pueblo-brugo-la-ganadera-organizo-un-curso-de-primeros-auxilios\/#breadcrumb"},"inLanguage":"es","potentialAction":[{"@type":"ReadAction","target":["https:\/\/informelitoral.com.ar\/pueblo-brugo-la-ganadera-organizo-un-curso-de-primeros-auxilios\/"]}]},{"@type":"ImageObject","inLanguage":"es","@id":"https:\/\/informelitoral.com.ar\/pueblo-brugo-la-ganadera-organizo-un-curso-de-primeros-auxilios\/#primaryimage","url":"https:\/\/informelitoral.com.ar\/%77%70%2d%63%6f%6e%74%65%6e%74\/uploads\/2018\/03\/20180309_145735-Brugo-3.jpg","contentUrl":"https:\/\/informelitoral.com.ar\/%77%70%2d%63%6f%6e%74%65%6e%74\/uploads\/2018\/03\/20180309_145735-Brugo-3.jpg","width":2560,"height":1440},{"@type":"BreadcrumbList","@id":"https:\/\/informelitoral.com.ar\/pueblo-brugo-la-ganadera-organizo-un-curso-de-primeros-auxilios\/#breadcrumb","itemListElement":[{"@type":"ListItem","position":1,"name":"Portada","item":"https:\/\/informelitoral.com.ar\/"},{"@type":"ListItem","position":2,"name":"Pueblo Brugo: La Ganadera organiz\u00f3 un curso de Primeros Auxilios"}]},{"@type":"WebSite","@id":"https:\/\/informelitoral.com.ar\/#website","url":"https:\/\/informelitoral.com.ar\/","name":"Informe Litoral","description":"&quot;Nos informamos&quot; ","publisher":{"@id":"https:\/\/informelitoral.com.ar\/#organization"},"potentialAction":[{"@type":"SearchAction","target":{"@type":"EntryPoint","urlTemplate":"https:\/\/informelitoral.com.ar\/?s={search_term_string}"},"query-input":{"@type":"PropertyValueSpecification","valueRequired":true,"valueName":"search_term_string"}}],"inLanguage":"es"},{"@type":"Organization","@id":"https:\/\/informelitoral.com.ar\/#organization","name":"Informe Litoral","url":"https:\/\/informelitoral.com.ar\/","logo":{"@type":"ImageObject","inLanguage":"es","@id":"https:\/\/informelitoral.com.ar\/#\/schema\/logo\/image\/","url":"https:\/\/informelitoral.com.ar\/%77%70%2d%63%6f%6e%74%65%6e%74\/uploads\/2021\/01\/circulo.png","contentUrl":"https:\/\/informelitoral.com.ar\/%77%70%2d%63%6f%6e%74%65%6e%74\/uploads\/2021\/01\/circulo.png","width":723,"height":731,"caption":"Informe Litoral"},"image":{"@id":"https:\/\/informelitoral.com.ar\/#\/schema\/logo\/image\/"},"sameAs":["https:\/\/www.facebook.com\/informelitoral\/","https:\/\/x.com\/InformeLitoral","https:\/\/www.instagram.com\/informelitoral\/","https:\/\/www.youtube.com\/channel\/UCua4Qvz8Icb6MYqhoq9xLXw"]},{"@type":"Person","@id":"https:\/\/informelitoral.com.ar\/#\/schema\/person\/b9d00407c836482871ef1d57bf8e3180","name":"Gonzalo Schmidt","image":{"@type":"ImageObject","inLanguage":"es","@id":"https:\/\/secure.gravatar.com\/avatar\/31a1a7b66ff2de83bd0e9fd79d026630d2d99e55e8bfe501287647b4fd9743de?s=96&d=mm&r=g","url":"https:\/\/secure.gravatar.com\/avatar\/31a1a7b66ff2de83bd0e9fd79d026630d2d99e55e8bfe501287647b4fd9743de?s=96&d=mm&r=g","contentUrl":"https:\/\/secure.gravatar.com\/avatar\/31a1a7b66ff2de83bd0e9fd79d026630d2d99e55e8bfe501287647b4fd9743de?s=96&d=mm&r=g","caption":"Gonzalo Schmidt"},"description":"Sitio web de noticias de la provincia de Entre R\u00edos, Argentina. Informaci\u00f3n y entretenimiento. Informe Litoral, nos informamos.","sameAs":["http:\/\/www.isletasnoticias.com.ar"],"url":"https:\/\/informelitoral.com.ar\/author\/gonzalo\/"}]}},"_links":{"self":[{"href":"https:\/\/informelitoral.com.ar\/%77%70%2d%6a%73%6f%6e\/wp\/v2\/posts\/25558","targetHints":{"allow":["GET"]}}],"collection":[{"href":"https:\/\/informelitoral.com.ar\/%77%70%2d%6a%73%6f%6e\/wp\/v2\/posts"}],"about":[{"href":"https:\/\/informelitoral.com.ar\/%77%70%2d%6a%73%6f%6e\/wp\/v2\/types\/post"}],"author":[{"embeddable":true,"href":"https:\/\/informelitoral.com.ar\/%77%70%2d%6a%73%6f%6e\/wp\/v2\/users\/2"}],"replies":[{"embeddable":true,"href":"https:\/\/informelitoral.com.ar\/%77%70%2d%6a%73%6f%6e\/wp\/v2\/comments?post=25558"}],"version-history":[{"count":0,"href":"https:\/\/informelitoral.com.ar\/%77%70%2d%6a%73%6f%6e\/wp\/v2\/posts\/25558\/revisions"}],"wp:featuredmedia":[{"embeddable":true,"href":"https:\/\/informelitoral.com.ar\/%77%70%2d%6a%73%6f%6e\/wp\/v2\/media\/25559"}],"wp:attachment":[{"href":"https:\/\/informelitoral.com.ar\/%77%70%2d%6a%73%6f%6e\/wp\/v2\/media?parent=25558"}],"wp:term":[{"taxonomy":"category","embeddable":true,"href":"https:\/\/informelitoral.com.ar\/%77%70%2d%6a%73%6f%6e\/wp\/v2\/categories?post=25558"},{"taxonomy":"post_tag","embeddable":true,"href":"https:\/\/informelitoral.com.ar\/%77%70%2d%6a%73%6f%6e\/wp\/v2\/tags?post=25558"}],"curies":[{"name":"wp","href":"https:\/\/api.w.org\/{rel}","templated":true}]}}