{"id":254861,"date":"2026-03-25T20:42:57","date_gmt":"2026-03-25T23:42:57","guid":{"rendered":"https:\/\/informelitoral.com.ar\/?p=254861"},"modified":"2026-03-25T20:42:57","modified_gmt":"2026-03-25T23:42:57","slug":"el-empatur-avanzo-en-su-agenda-estrategica-para-consolidar-a-parana-como-destino-turistico","status":"publish","type":"post","link":"https:\/\/informelitoral.com.ar\/el-empatur-avanzo-en-su-agenda-estrategica-para-consolidar-a-parana-como-destino-turistico\/","title":{"rendered":"El EMPATUR avanz\u00f3 en su agenda estrat\u00e9gica para consolidar a Paran\u00e1 como destino tur\u00edstico"},"content":{"rendered":"<p>Durante el encuentro se analizaron indicadores de la \u00faltima temporada de verano y del reciente fin de semana largo, adem\u00e1s de proyectar acciones para los pr\u00f3ximos meses, con especial foco en Semana Santa, uno de los per\u00edodos de mayor movimiento tur\u00edstico para la capital entrerriana.<\/p>\n<p>El subsecretario de Turismo y presidente del EMPATUR,<strong> Agust\u00edn Clavenzani<\/strong>, explic\u00f3 que el espacio se sostiene \u00a0por la determinaci\u00f3n pol\u00edtica del Ejecutivo que conduce Rosario Romero y que \u201cpermite tejer esquemas, proyecciones y planificaciones para fortalecer la actividad tur\u00edstica\u201d, y destac\u00f3 la importancia de analizar el desempe\u00f1o reciente para proyectar lo que viene. En ese sentido, se\u00f1al\u00f3 que el \u00faltimo fin de semana largo registr\u00f3 una ocupaci\u00f3n hotelera cercana al 50%, con un perfil marcado por el excursionismo, que dinamiza sectores como la gastronom\u00eda, los paseos de compras y el comercio local.<\/p>\n<p>En ese contexto, remarc\u00f3 que las expectativas est\u00e1n puestas en el pr\u00f3ximo fin de semana largo de Semana Santa, uno de los m\u00e1s convocantes del calendario tur\u00edstico. \u201cEstamos trabajando en una estrategia de promoci\u00f3n en mercados regionales y nacionales, invitando a quienes a\u00fan no definieron su destino a que elijan Paran\u00e1, que es una excelente opci\u00f3n para disfrutar\u201d, afirm\u00f3.<\/p>\n<p>Uno de los ejes centrales de la reuni\u00f3n fue el fortalecimiento del turismo de reuniones. En ese marco, se avanz\u00f3 en la planificaci\u00f3n de acciones en la ciudad de Buenos Aires orientadas a captar eventos, mediante el v\u00ednculo con Hosted Buyers y Organizadores Profesionales de Congresos (OPC), actores clave en la toma de decisiones del sector. La iniciativa se enmarca en el trabajo del Paran\u00e1 Bureau de Congresos y Convenciones y fue presentada para su tratamiento en el Directorio del Ente, donde se defini\u00f3 avanzar de manera conjunta en esta estrategia con el objetivo de seguir posicionando a la ciudad en este segmento.<\/p>\n<p>Desde el sector privado, el secretario de la Asociaci\u00f3n Empresaria Hotelera Gastron\u00f3mica de Paran\u00e1, <strong>Osvaldo Cabrera<\/strong>, valor\u00f3 el movimiento generado durante los fines de semana largos y destac\u00f3 que \u201cla ciudad toma otro matiz\u201d, con mayor actividad en gastronom\u00eda, espacios p\u00fablicos y propuestas recreativas. En relaci\u00f3n a Semana Santa, remarc\u00f3 que se trata de \u201cuna de las fechas m\u00e1s importantes del calendario tur\u00edstico\u201d, y adelant\u00f3 que el sector se prepara con propuestas espec\u00edficas, como men\u00fas t\u00edpicos y eventos gastron\u00f3micos.<\/p>\n<p>Por su parte, el concejal <strong>Pablo Donad\u00edo<\/strong> subray\u00f3 el potencial de la ciudad: \u201cParan\u00e1 tiene todo lo que un turista busca: gastronom\u00eda, hoteler\u00eda y actividades\u201d, y destac\u00f3 que los fines de semana largos consolidan a la ciudad como destino elegido. Asimismo, se\u00f1al\u00f3 que desde el Concejo Deliberante se trabaja en el acompa\u00f1amiento normativo para fortalecer el desarrollo del sector.<\/p>\n<p>La reuni\u00f3n ratific\u00f3 el trabajo articulado entre los distintos actores que integran el Ente, con una mirada estrat\u00e9gica orientada a consolidar a Paran\u00e1 como un destino competitivo, con propuestas durante todo el a\u00f1o y capacidad para atraer tanto visitantes como eventos de relevancia.<\/p>\n<h6><em><strong>Del archivo:\u00a0<a href=\"https:\/\/informelitoral.com.ar\/multitudinaria-marcha-en-parana-por-el-dia-nacional-de-la-memoria\/\" target=\"_blank\" rel=\"noopener\">Multitudinaria marcha en Paran\u00e1 por el D\u00eda Nacional de la Memoria<\/a><\/strong><\/em><\/h6>\n","protected":false},"excerpt":{"rendered":"<p>El Directorio del Ente Mixto de Turismo de Paran\u00e1 (EMPATUR) mantuvo este mi\u00e9rcoles una nueva reuni\u00f3n de trabajo en Casa de la Costa, donde se abordaron temas vinculados al desarrollo, la promoci\u00f3n y la planificaci\u00f3n de la actividad tur\u00edstica en la ciudad.<\/p>\n","protected":false},"author":2,"featured_media":254862,"comment_status":"open","ping_status":"open","sticky":false,"template":"","format":"standard","meta":{"fifu_image_url":"https:\/\/parana.gob.ar\/writable\/uploads\/6f35f7172bb901ab2e7b6e247eaf8e6c.jpg","fifu_image_alt":"","footnotes":""},"categories":[1597],"tags":[6501,111,1399,45,104],"class_list":{"0":"post-254861","1":"post","2":"type-post","3":"status-publish","4":"format-standard","5":"has-post-thumbnail","7":"category-parana","8":"tag-empatur","9":"tag-municipales","10":"tag-municipalidad-de-parana","11":"tag-parana","12":"tag-turismo"},"yoast_head":"<title>El EMPATUR avanz\u00f3 en su agenda estrat\u00e9gica para consolidar a Paran\u00e1 como destino tur\u00edstico - Informe Litoral<\/title>\n<meta name=\"robots\" content=\"index, follow, max-snippet:-1, max-image-preview:large, max-video-preview:-1\" \/>\n<link rel=\"canonical\" href=\"https:\/\/informelitoral.com.ar\/el-empatur-avanzo-en-su-agenda-estrategica-para-consolidar-a-parana-como-destino-turistico\/\" \/>\n<meta property=\"og:locale\" content=\"es_ES\" \/>\n<meta property=\"og:type\" content=\"article\" \/>\n<meta property=\"og:title\" content=\"El EMPATUR avanz\u00f3 en su agenda estrat\u00e9gica para consolidar a Paran\u00e1 como destino tur\u00edstico - Informe Litoral\" \/>\n<meta property=\"og:description\" content=\"El Directorio del Ente Mixto de Turismo de Paran\u00e1 (EMPATUR) mantuvo este mi\u00e9rcoles una nueva reuni\u00f3n de trabajo en Casa de la Costa, donde se abordaron temas vinculados al desarrollo, la promoci\u00f3n y la planificaci\u00f3n de la actividad tur\u00edstica en la ciudad.\" \/>\n<meta property=\"og:url\" content=\"https:\/\/informelitoral.com.ar\/el-empatur-avanzo-en-su-agenda-estrategica-para-consolidar-a-parana-como-destino-turistico\/\" \/>\n<meta property=\"og:site_name\" content=\"Informe Litoral\" \/>\n<meta property=\"article:publisher\" content=\"https:\/\/www.facebook.com\/informelitoral\/\" \/>\n<meta property=\"article:published_time\" content=\"2026-03-25T23:42:57+00:00\" \/>\n<meta property=\"og:image\" content=\"https:\/\/parana.gob.ar\/writable\/uploads\/6f35f7172bb901ab2e7b6e247eaf8e6c.jpg\" \/>\n<meta name=\"author\" content=\"Gonzalo Schmidt\" \/>\n<meta name=\"twitter:card\" content=\"summary_large_image\" \/>\n<meta name=\"twitter:image\" content=\"https:\/\/parana.gob.ar\/writable\/uploads\/6f35f7172bb901ab2e7b6e247eaf8e6c.jpg\" \/>\n<meta name=\"twitter:creator\" content=\"@InformeLitoral\" \/>\n<meta name=\"twitter:site\" content=\"@InformeLitoral\" \/>\n<meta name=\"twitter:label1\" content=\"Escrito por\" \/>\n\t<meta name=\"twitter:data1\" content=\"Gonzalo Schmidt\" \/>\n\t<meta name=\"twitter:label2\" content=\"Tiempo de lectura\" \/>\n\t<meta name=\"twitter:data2\" content=\"3 minutos\" \/>\n<script type=\"application\/ld+json\" class=\"yoast-schema-graph\">{\"@context\":\"https:\\\/\\\/schema.org\",\"@graph\":[{\"@type\":\"Article\",\"@id\":\"https:\\\/\\\/informelitoral.com.ar\\\/el-empatur-avanzo-en-su-agenda-estrategica-para-consolidar-a-parana-como-destino-turistico\\\/#article\",\"isPartOf\":{\"@id\":\"https:\\\/\\\/informelitoral.com.ar\\\/el-empatur-avanzo-en-su-agenda-estrategica-para-consolidar-a-parana-como-destino-turistico\\\/\"},\"author\":{\"name\":\"Gonzalo Schmidt\",\"@id\":\"https:\\\/\\\/informelitoral.com.ar\\\/#\\\/schema\\\/person\\\/b9d00407c836482871ef1d57bf8e3180\"},\"headline\":\"El EMPATUR avanz\u00f3 en su agenda estrat\u00e9gica para consolidar a Paran\u00e1 como destino tur\u00edstico\",\"datePublished\":\"2026-03-25T23:42:57+00:00\",\"mainEntityOfPage\":{\"@id\":\"https:\\\/\\\/informelitoral.com.ar\\\/el-empatur-avanzo-en-su-agenda-estrategica-para-consolidar-a-parana-como-destino-turistico\\\/\"},\"wordCount\":550,\"commentCount\":0,\"publisher\":{\"@id\":\"https:\\\/\\\/informelitoral.com.ar\\\/#organization\"},\"image\":{\"@id\":\"https:\\\/\\\/informelitoral.com.ar\\\/el-empatur-avanzo-en-su-agenda-estrategica-para-consolidar-a-parana-como-destino-turistico\\\/#primaryimage\"},\"thumbnailUrl\":\"https:\\\/\\\/parana.gob.ar\\\/writable\\\/uploads\\\/6f35f7172bb901ab2e7b6e247eaf8e6c.jpg\",\"keywords\":[\"Empatur\",\"Municipales\",\"Municipalidad de Paran\u00e1\",\"Paran\u00e1\",\"Turismo\"],\"articleSection\":[\"Paran\u00e1\"],\"inLanguage\":\"es\",\"potentialAction\":[{\"@type\":\"CommentAction\",\"name\":\"Comment\",\"target\":[\"https:\\\/\\\/informelitoral.com.ar\\\/el-empatur-avanzo-en-su-agenda-estrategica-para-consolidar-a-parana-como-destino-turistico\\\/#respond\"]}]},{\"@type\":\"WebPage\",\"@id\":\"https:\\\/\\\/informelitoral.com.ar\\\/el-empatur-avanzo-en-su-agenda-estrategica-para-consolidar-a-parana-como-destino-turistico\\\/\",\"url\":\"https:\\\/\\\/informelitoral.com.ar\\\/el-empatur-avanzo-en-su-agenda-estrategica-para-consolidar-a-parana-como-destino-turistico\\\/\",\"name\":\"El EMPATUR avanz\u00f3 en su agenda estrat\u00e9gica para consolidar a Paran\u00e1 como destino tur\u00edstico - Informe Litoral\",\"isPartOf\":{\"@id\":\"https:\\\/\\\/informelitoral.com.ar\\\/#website\"},\"primaryImageOfPage\":{\"@id\":\"https:\\\/\\\/informelitoral.com.ar\\\/el-empatur-avanzo-en-su-agenda-estrategica-para-consolidar-a-parana-como-destino-turistico\\\/#primaryimage\"},\"image\":{\"@id\":\"https:\\\/\\\/informelitoral.com.ar\\\/el-empatur-avanzo-en-su-agenda-estrategica-para-consolidar-a-parana-como-destino-turistico\\\/#primaryimage\"},\"thumbnailUrl\":\"https:\\\/\\\/parana.gob.ar\\\/writable\\\/uploads\\\/6f35f7172bb901ab2e7b6e247eaf8e6c.jpg\",\"datePublished\":\"2026-03-25T23:42:57+00:00\",\"breadcrumb\":{\"@id\":\"https:\\\/\\\/informelitoral.com.ar\\\/el-empatur-avanzo-en-su-agenda-estrategica-para-consolidar-a-parana-como-destino-turistico\\\/#breadcrumb\"},\"inLanguage\":\"es\",\"potentialAction\":[{\"@type\":\"ReadAction\",\"target\":[\"https:\\\/\\\/informelitoral.com.ar\\\/el-empatur-avanzo-en-su-agenda-estrategica-para-consolidar-a-parana-como-destino-turistico\\\/\"]}]},{\"@type\":\"ImageObject\",\"inLanguage\":\"es\",\"@id\":\"https:\\\/\\\/informelitoral.com.ar\\\/el-empatur-avanzo-en-su-agenda-estrategica-para-consolidar-a-parana-como-destino-turistico\\\/#primaryimage\",\"url\":\"https:\\\/\\\/parana.gob.ar\\\/writable\\\/uploads\\\/6f35f7172bb901ab2e7b6e247eaf8e6c.jpg\",\"contentUrl\":\"https:\\\/\\\/parana.gob.ar\\\/writable\\\/uploads\\\/6f35f7172bb901ab2e7b6e247eaf8e6c.jpg\",\"width\":\"1280\",\"height\":\"854\"},{\"@type\":\"BreadcrumbList\",\"@id\":\"https:\\\/\\\/informelitoral.com.ar\\\/el-empatur-avanzo-en-su-agenda-estrategica-para-consolidar-a-parana-como-destino-turistico\\\/#breadcrumb\",\"itemListElement\":[{\"@type\":\"ListItem\",\"position\":1,\"name\":\"Portada\",\"item\":\"https:\\\/\\\/informelitoral.com.ar\\\/\"},{\"@type\":\"ListItem\",\"position\":2,\"name\":\"El EMPATUR avanz\u00f3 en su agenda estrat\u00e9gica para consolidar a Paran\u00e1 como destino tur\u00edstico\"}]},{\"@type\":\"WebSite\",\"@id\":\"https:\\\/\\\/informelitoral.com.ar\\\/#website\",\"url\":\"https:\\\/\\\/informelitoral.com.ar\\\/\",\"name\":\"Informe Litoral\",\"description\":\"&quot;Nos informamos&quot; \",\"publisher\":{\"@id\":\"https:\\\/\\\/informelitoral.com.ar\\\/#organization\"},\"potentialAction\":[{\"@type\":\"SearchAction\",\"target\":{\"@type\":\"EntryPoint\",\"urlTemplate\":\"https:\\\/\\\/informelitoral.com.ar\\\/?s={search_term_string}\"},\"query-input\":{\"@type\":\"PropertyValueSpecification\",\"valueRequired\":true,\"valueName\":\"search_term_string\"}}],\"inLanguage\":\"es\"},{\"@type\":\"Organization\",\"@id\":\"https:\\\/\\\/informelitoral.com.ar\\\/#organization\",\"name\":\"Informe Litoral\",\"url\":\"https:\\\/\\\/informelitoral.com.ar\\\/\",\"logo\":{\"@type\":\"ImageObject\",\"inLanguage\":\"es\",\"@id\":\"https:\\\/\\\/informelitoral.com.ar\\\/#\\\/schema\\\/logo\\\/image\\\/\",\"url\":\"https:\\\/\\\/informelitoral.com.ar\\\/%77%70%2d%63%6f%6e%74%65%6e%74\\\/uploads\\\/2021\\\/01\\\/circulo.png\",\"contentUrl\":\"https:\\\/\\\/informelitoral.com.ar\\\/%77%70%2d%63%6f%6e%74%65%6e%74\\\/uploads\\\/2021\\\/01\\\/circulo.png\",\"width\":723,\"height\":731,\"caption\":\"Informe Litoral\"},\"image\":{\"@id\":\"https:\\\/\\\/informelitoral.com.ar\\\/#\\\/schema\\\/logo\\\/image\\\/\"},\"sameAs\":[\"https:\\\/\\\/www.facebook.com\\\/informelitoral\\\/\",\"https:\\\/\\\/x.com\\\/InformeLitoral\",\"https:\\\/\\\/www.instagram.com\\\/informelitoral\\\/\",\"https:\\\/\\\/www.youtube.com\\\/channel\\\/UCua4Qvz8Icb6MYqhoq9xLXw\"]},{\"@type\":\"Person\",\"@id\":\"https:\\\/\\\/informelitoral.com.ar\\\/#\\\/schema\\\/person\\\/b9d00407c836482871ef1d57bf8e3180\",\"name\":\"Gonzalo Schmidt\",\"image\":{\"@type\":\"ImageObject\",\"inLanguage\":\"es\",\"@id\":\"https:\\\/\\\/secure.gravatar.com\\\/avatar\\\/31a1a7b66ff2de83bd0e9fd79d026630d2d99e55e8bfe501287647b4fd9743de?s=96&d=mm&r=g\",\"url\":\"https:\\\/\\\/secure.gravatar.com\\\/avatar\\\/31a1a7b66ff2de83bd0e9fd79d026630d2d99e55e8bfe501287647b4fd9743de?s=96&d=mm&r=g\",\"contentUrl\":\"https:\\\/\\\/secure.gravatar.com\\\/avatar\\\/31a1a7b66ff2de83bd0e9fd79d026630d2d99e55e8bfe501287647b4fd9743de?s=96&d=mm&r=g\",\"caption\":\"Gonzalo Schmidt\"},\"description\":\"Sitio web de noticias de la provincia de Entre R\u00edos, Argentina. Informaci\u00f3n y entretenimiento. Informe Litoral, nos informamos.\",\"sameAs\":[\"http:\\\/\\\/www.isletasnoticias.com.ar\"],\"url\":\"https:\\\/\\\/informelitoral.com.ar\\\/author\\\/gonzalo\\\/\"}]}<\/script>","yoast_head_json":{"title":"El EMPATUR avanz\u00f3 en su agenda estrat\u00e9gica para consolidar a Paran\u00e1 como destino tur\u00edstico - Informe Litoral","robots":{"index":"index","follow":"follow","max-snippet":"max-snippet:-1","max-image-preview":"max-image-preview:large","max-video-preview":"max-video-preview:-1"},"canonical":"https:\/\/informelitoral.com.ar\/el-empatur-avanzo-en-su-agenda-estrategica-para-consolidar-a-parana-como-destino-turistico\/","og_locale":"es_ES","og_type":"article","og_title":"El EMPATUR avanz\u00f3 en su agenda estrat\u00e9gica para consolidar a Paran\u00e1 como destino tur\u00edstico - Informe Litoral","og_description":"El Directorio del Ente Mixto de Turismo de Paran\u00e1 (EMPATUR) mantuvo este mi\u00e9rcoles una nueva reuni\u00f3n de trabajo en Casa de la Costa, donde se abordaron temas vinculados al desarrollo, la promoci\u00f3n y la planificaci\u00f3n de la actividad tur\u00edstica en la ciudad.","og_url":"https:\/\/informelitoral.com.ar\/el-empatur-avanzo-en-su-agenda-estrategica-para-consolidar-a-parana-como-destino-turistico\/","og_site_name":"Informe Litoral","article_publisher":"https:\/\/www.facebook.com\/informelitoral\/","article_published_time":"2026-03-25T23:42:57+00:00","og_image":[{"url":"https:\/\/parana.gob.ar\/writable\/uploads\/6f35f7172bb901ab2e7b6e247eaf8e6c.jpg","type":"","width":"","height":""}],"author":"Gonzalo Schmidt","twitter_card":"summary_large_image","twitter_image":"https:\/\/parana.gob.ar\/writable\/uploads\/6f35f7172bb901ab2e7b6e247eaf8e6c.jpg","twitter_creator":"@InformeLitoral","twitter_site":"@InformeLitoral","twitter_misc":{"Escrito por":"Gonzalo Schmidt","Tiempo de lectura":"3 minutos"},"schema":{"@context":"https:\/\/schema.org","@graph":[{"@type":"Article","@id":"https:\/\/informelitoral.com.ar\/el-empatur-avanzo-en-su-agenda-estrategica-para-consolidar-a-parana-como-destino-turistico\/#article","isPartOf":{"@id":"https:\/\/informelitoral.com.ar\/el-empatur-avanzo-en-su-agenda-estrategica-para-consolidar-a-parana-como-destino-turistico\/"},"author":{"name":"Gonzalo Schmidt","@id":"https:\/\/informelitoral.com.ar\/#\/schema\/person\/b9d00407c836482871ef1d57bf8e3180"},"headline":"El EMPATUR avanz\u00f3 en su agenda estrat\u00e9gica para consolidar a Paran\u00e1 como destino tur\u00edstico","datePublished":"2026-03-25T23:42:57+00:00","mainEntityOfPage":{"@id":"https:\/\/informelitoral.com.ar\/el-empatur-avanzo-en-su-agenda-estrategica-para-consolidar-a-parana-como-destino-turistico\/"},"wordCount":550,"commentCount":0,"publisher":{"@id":"https:\/\/informelitoral.com.ar\/#organization"},"image":{"@id":"https:\/\/informelitoral.com.ar\/el-empatur-avanzo-en-su-agenda-estrategica-para-consolidar-a-parana-como-destino-turistico\/#primaryimage"},"thumbnailUrl":"https:\/\/parana.gob.ar\/writable\/uploads\/6f35f7172bb901ab2e7b6e247eaf8e6c.jpg","keywords":["Empatur","Municipales","Municipalidad de Paran\u00e1","Paran\u00e1","Turismo"],"articleSection":["Paran\u00e1"],"inLanguage":"es","potentialAction":[{"@type":"CommentAction","name":"Comment","target":["https:\/\/informelitoral.com.ar\/el-empatur-avanzo-en-su-agenda-estrategica-para-consolidar-a-parana-como-destino-turistico\/#respond"]}]},{"@type":"WebPage","@id":"https:\/\/informelitoral.com.ar\/el-empatur-avanzo-en-su-agenda-estrategica-para-consolidar-a-parana-como-destino-turistico\/","url":"https:\/\/informelitoral.com.ar\/el-empatur-avanzo-en-su-agenda-estrategica-para-consolidar-a-parana-como-destino-turistico\/","name":"El EMPATUR avanz\u00f3 en su agenda estrat\u00e9gica para consolidar a Paran\u00e1 como destino tur\u00edstico - Informe Litoral","isPartOf":{"@id":"https:\/\/informelitoral.com.ar\/#website"},"primaryImageOfPage":{"@id":"https:\/\/informelitoral.com.ar\/el-empatur-avanzo-en-su-agenda-estrategica-para-consolidar-a-parana-como-destino-turistico\/#primaryimage"},"image":{"@id":"https:\/\/informelitoral.com.ar\/el-empatur-avanzo-en-su-agenda-estrategica-para-consolidar-a-parana-como-destino-turistico\/#primaryimage"},"thumbnailUrl":"https:\/\/parana.gob.ar\/writable\/uploads\/6f35f7172bb901ab2e7b6e247eaf8e6c.jpg","datePublished":"2026-03-25T23:42:57+00:00","breadcrumb":{"@id":"https:\/\/informelitoral.com.ar\/el-empatur-avanzo-en-su-agenda-estrategica-para-consolidar-a-parana-como-destino-turistico\/#breadcrumb"},"inLanguage":"es","potentialAction":[{"@type":"ReadAction","target":["https:\/\/informelitoral.com.ar\/el-empatur-avanzo-en-su-agenda-estrategica-para-consolidar-a-parana-como-destino-turistico\/"]}]},{"@type":"ImageObject","inLanguage":"es","@id":"https:\/\/informelitoral.com.ar\/el-empatur-avanzo-en-su-agenda-estrategica-para-consolidar-a-parana-como-destino-turistico\/#primaryimage","url":"https:\/\/parana.gob.ar\/writable\/uploads\/6f35f7172bb901ab2e7b6e247eaf8e6c.jpg","contentUrl":"https:\/\/parana.gob.ar\/writable\/uploads\/6f35f7172bb901ab2e7b6e247eaf8e6c.jpg","width":"1280","height":"854"},{"@type":"BreadcrumbList","@id":"https:\/\/informelitoral.com.ar\/el-empatur-avanzo-en-su-agenda-estrategica-para-consolidar-a-parana-como-destino-turistico\/#breadcrumb","itemListElement":[{"@type":"ListItem","position":1,"name":"Portada","item":"https:\/\/informelitoral.com.ar\/"},{"@type":"ListItem","position":2,"name":"El EMPATUR avanz\u00f3 en su agenda estrat\u00e9gica para consolidar a Paran\u00e1 como destino tur\u00edstico"}]},{"@type":"WebSite","@id":"https:\/\/informelitoral.com.ar\/#website","url":"https:\/\/informelitoral.com.ar\/","name":"Informe Litoral","description":"&quot;Nos informamos&quot; ","publisher":{"@id":"https:\/\/informelitoral.com.ar\/#organization"},"potentialAction":[{"@type":"SearchAction","target":{"@type":"EntryPoint","urlTemplate":"https:\/\/informelitoral.com.ar\/?s={search_term_string}"},"query-input":{"@type":"PropertyValueSpecification","valueRequired":true,"valueName":"search_term_string"}}],"inLanguage":"es"},{"@type":"Organization","@id":"https:\/\/informelitoral.com.ar\/#organization","name":"Informe Litoral","url":"https:\/\/informelitoral.com.ar\/","logo":{"@type":"ImageObject","inLanguage":"es","@id":"https:\/\/informelitoral.com.ar\/#\/schema\/logo\/image\/","url":"https:\/\/informelitoral.com.ar\/%77%70%2d%63%6f%6e%74%65%6e%74\/uploads\/2021\/01\/circulo.png","contentUrl":"https:\/\/informelitoral.com.ar\/%77%70%2d%63%6f%6e%74%65%6e%74\/uploads\/2021\/01\/circulo.png","width":723,"height":731,"caption":"Informe Litoral"},"image":{"@id":"https:\/\/informelitoral.com.ar\/#\/schema\/logo\/image\/"},"sameAs":["https:\/\/www.facebook.com\/informelitoral\/","https:\/\/x.com\/InformeLitoral","https:\/\/www.instagram.com\/informelitoral\/","https:\/\/www.youtube.com\/channel\/UCua4Qvz8Icb6MYqhoq9xLXw"]},{"@type":"Person","@id":"https:\/\/informelitoral.com.ar\/#\/schema\/person\/b9d00407c836482871ef1d57bf8e3180","name":"Gonzalo Schmidt","image":{"@type":"ImageObject","inLanguage":"es","@id":"https:\/\/secure.gravatar.com\/avatar\/31a1a7b66ff2de83bd0e9fd79d026630d2d99e55e8bfe501287647b4fd9743de?s=96&d=mm&r=g","url":"https:\/\/secure.gravatar.com\/avatar\/31a1a7b66ff2de83bd0e9fd79d026630d2d99e55e8bfe501287647b4fd9743de?s=96&d=mm&r=g","contentUrl":"https:\/\/secure.gravatar.com\/avatar\/31a1a7b66ff2de83bd0e9fd79d026630d2d99e55e8bfe501287647b4fd9743de?s=96&d=mm&r=g","caption":"Gonzalo Schmidt"},"description":"Sitio web de noticias de la provincia de Entre R\u00edos, Argentina. Informaci\u00f3n y entretenimiento. Informe Litoral, nos informamos.","sameAs":["http:\/\/www.isletasnoticias.com.ar"],"url":"https:\/\/informelitoral.com.ar\/author\/gonzalo\/"}]}},"fifu_image_url":"https:\/\/parana.gob.ar\/writable\/uploads\/6f35f7172bb901ab2e7b6e247eaf8e6c.jpg","_links":{"self":[{"href":"https:\/\/informelitoral.com.ar\/%77%70%2d%6a%73%6f%6e\/wp\/v2\/posts\/254861","targetHints":{"allow":["GET"]}}],"collection":[{"href":"https:\/\/informelitoral.com.ar\/%77%70%2d%6a%73%6f%6e\/wp\/v2\/posts"}],"about":[{"href":"https:\/\/informelitoral.com.ar\/%77%70%2d%6a%73%6f%6e\/wp\/v2\/types\/post"}],"author":[{"embeddable":true,"href":"https:\/\/informelitoral.com.ar\/%77%70%2d%6a%73%6f%6e\/wp\/v2\/users\/2"}],"replies":[{"embeddable":true,"href":"https:\/\/informelitoral.com.ar\/%77%70%2d%6a%73%6f%6e\/wp\/v2\/comments?post=254861"}],"version-history":[{"count":1,"href":"https:\/\/informelitoral.com.ar\/%77%70%2d%6a%73%6f%6e\/wp\/v2\/posts\/254861\/revisions"}],"predecessor-version":[{"id":254863,"href":"https:\/\/informelitoral.com.ar\/%77%70%2d%6a%73%6f%6e\/wp\/v2\/posts\/254861\/revisions\/254863"}],"wp:featuredmedia":[{"embeddable":true,"href":"https:\/\/informelitoral.com.ar\/%77%70%2d%6a%73%6f%6e\/wp\/v2\/media\/254862"}],"wp:attachment":[{"href":"https:\/\/informelitoral.com.ar\/%77%70%2d%6a%73%6f%6e\/wp\/v2\/media?parent=254861"}],"wp:term":[{"taxonomy":"category","embeddable":true,"href":"https:\/\/informelitoral.com.ar\/%77%70%2d%6a%73%6f%6e\/wp\/v2\/categories?post=254861"},{"taxonomy":"post_tag","embeddable":true,"href":"https:\/\/informelitoral.com.ar\/%77%70%2d%6a%73%6f%6e\/wp\/v2\/tags?post=254861"}],"curies":[{"name":"wp","href":"https:\/\/api.w.org\/{rel}","templated":true}]}}