{"id":2548,"date":"2013-07-24T11:30:31","date_gmt":"2013-07-24T14:30:31","guid":{"rendered":"http:\/\/www.isletasnoticias.com.ar\/?p=2548"},"modified":"2013-07-24T11:58:58","modified_gmt":"2013-07-24T14:58:58","slug":"jorge-d%c2%b4agostino-sin-partido-politico-no-pueden-ir-al-congreso-porque-votan-segun-su-humor","status":"publish","type":"post","link":"https:\/\/informelitoral.com.ar\/jorge-d%c2%b4agostino-sin-partido-politico-no-pueden-ir-al-congreso-porque-votan-segun-su-humor\/","title":{"rendered":"Jorge D\u00b4Agostino: \u00abSin partido pol\u00edtico no pueden ir al Congreso, porque votan seg\u00fan su humor\u00bb"},"content":{"rendered":"<p style=\"text-align: left;\"><b>\u00a0 En declaraciones a <i>ISLETAS NOTICIAS<\/i>, el presidente de la Uni\u00f3n C\u00edvica Radical y precandidato a diputado nacional, <i>Jorge D\u2019Agostino, <\/i>destac\u00f3 la estructura del centenario partido en todo el pa\u00eds y critic\u00f3 las pol\u00edticas del gobierno nacional porque actualmente \u00abexiste una desprotecci\u00f3n en la contenci\u00f3n social\u201d. Al tiempo que lament\u00f3 que \u00aben el pa\u00eds del trigo no tenemos harina, ni pan con precio accesible\u00bb. Como propuestas apunt\u00f3 a la sanci\u00f3n de una nueva ley de educaci\u00f3n que sea \u201cformadora\u201d y a la creaci\u00f3n de puestos de trabajo. Finalmente<i> <\/i>pidi\u00f3 votar por la lista 3, para \u201cponer equilibrio\u201d, entre otros temas.<a href=\"http:\/\/www.isletasnoticias.com.ar\/%77%70%2d%63%6f%6e%74%65%6e%74\/uploads\/2013\/07\/dagostino.jpg\"><img loading=\"lazy\" decoding=\"async\" class=\"size-medium wp-image-2550 aligncenter\" title=\"Boleta de la Lista 3 de la Uni\u00f3n C\u00edvica Radical (UCR)\" alt=\" \" src=\"http:\/\/www.isletasnoticias.com.ar\/%77%70%2d%63%6f%6e%74%65%6e%74\/uploads\/2013\/07\/dagostino-300x168.jpg\" width=\"300\" height=\"168\" srcset=\"https:\/\/informelitoral.com.ar\/%77%70%2d%63%6f%6e%74%65%6e%74\/uploads\/2013\/07\/dagostino-300x168.jpg 300w, https:\/\/informelitoral.com.ar\/%77%70%2d%63%6f%6e%74%65%6e%74\/uploads\/2013\/07\/dagostino.jpg 640w\" sizes=\"auto, (max-width: 300px) 100vw, 300px\" \/><\/a><\/b><\/p>\n<p><b>\u00a0 <\/b>El presidente del Comit\u00e9 Provincial de la Uni\u00f3n C\u00edvica Radical y precandidato a diputado nacional por la Lista 3, <b>Jorge Marcelo D\u00b4Agostino (55)<\/b> recibi\u00f3 a <b><i>IN,<\/i><\/b> para hacer su an\u00e1lisis a menos de tres semanas de las Elecciones Primarias, Abiertas, Simultaneas y Obligatorias (PASO) del 11 de agosto.<\/p>\n<p><img loading=\"lazy\" decoding=\"async\" class=\"size-full wp-image-2551 alignright\" title=\"Jorge Marcelo D\u00b4Agostino (55), precandidato a diputado de la UCR\" alt=\"dagostinooo\" src=\"http:\/\/www.isletasnoticias.com.ar\/%77%70%2d%63%6f%6e%74%65%6e%74\/uploads\/2013\/07\/dagostinooo.jpg\" width=\"259\" height=\"194\" \/><\/p>\n<p style=\"text-align: left;\"><b>\u00a0 <\/b>Respecto al \u00faltimo tramo de la campa\u00f1a, D\u2019Agostino reconoci\u00f3 que \u201cantes ten\u00edamos m\u00e1s tiempo, ahora contamos con s\u00f3lo un mes de campa\u00f1a proselitista\u201d; aunque aclar\u00f3 que en su momento \u201chab\u00eda menos medios de comunicaci\u00f3n, por lo que era necesario llegar f\u00edsicamente a cada lugar para hacer conocer las propuestas y hoy hay m\u00e1s facilidades\u201d.<\/p>\n<p>\u00a0 En otro sentido, analiz\u00f3 que se produjo \u201cuna notable diferencia en el humor social \u00a0\u00absi comparamos el 2011 con el 2013\u201d. \u00a0El presidente de la UCR entrerriana asegur\u00f3 que<strong> \u201chay un enorme reproche contra\u00a0el gobierno nacional, debido a que existe una desprotecci\u00f3n en la contenci\u00f3n social\u201d<\/strong>. En tal sentido, el precandidato a diputado enumer\u00f3 que entre las problem\u00e1ticas sobresalen \u201clos subsidios que no alcanzan para la gente pobre, de manera que el mayor requerimiento de la clase baja de la sociedad es el trabajo y en el sector medio hay un fuerte reclamo para que cambie el sistema educativo nacional, por un sistema m\u00e1s formador y menos contenedor, con un r\u00e9gimen de mayor v\u00ednculo entre el maestro, el alumno y la familia\u201d. Afirm\u00f3 el vialense.<\/p>\n<p>En tanto, respecto a los requerimientos de los habitantes del campo, el dirigente asever\u00f3: \u201cEl sector rural lo que quiere es rentabilidad para su actividad, porque las producciones regionales han sido destru\u00edas por el r\u00e9gimen kirchnerista. Tambi\u00e9n tenemos un notable impacto en la siembra del arroz y el trigo\u201d. Sobre este \u00faltimo, el precandidato de la Lista 3, agreg\u00f3: \u201cha ca\u00eddo la superficie sembrada y el precio. Encima tuvimos la mala suerte de que ha sido una mala cosecha. En base a esas pautas<strong> en el pa\u00eds del trigo no tenemos harina, ni pan con precio accesible.\u201d<\/strong><\/p>\n<p>Por otro lado, fue consultado sobre la integraci\u00f3n de la dirigente diamantina <b>Hilma Re<\/b>, proveniente de la Colaci\u00f3n C\u00edvica. Al respecto D\u2019Agostino explic\u00f3: \u201cno es que ingres\u00f3 ahora, sino que desde el 2009 ya es parte del partido. En el 2011 tambi\u00e9n acompa\u00f1\u00f3 nuestro trabajo y ahora nuevamente est\u00e1 participando. Esto claramente demuestra que no se ha cerrado a ninguna opini\u00f3n, sino que es abarcativo de otros modos de pensar.\u201d Dijo el presidente de la UCR y aprovech\u00f3 para destacar: \u201cHay un partido pol\u00edtico que discute ideas en conjunto con otros partidos pol\u00edticos, que tienen denominadores ideol\u00f3gicos comunes\u201d.<\/p>\n<p>Respecto al resultado de las Primarias, para la UCR, el precandidato a diputado examin\u00f3: \u201c<strong>para el 11 de agosto estamos segundos, detr\u00e1s del oficialismo. No tenemos encuestas, sino que lo dice nuestra percepci\u00f3n<\/strong>\u201d. Enfatiz\u00f3 D\u2019Agostino y sobre Uni\u00f3n por Entre R\u00edos dej\u00f3 en claro: \u201cnuestro adversario es el gobierno nacional, porque es una elecci\u00f3n nacional y nosotros somos un partido nacional. Los partidos provinciales son agrupaciones que no aseguran una sustentabilidad en la opini\u00f3n en el Congreso de la Naci\u00f3n. Como prueba puedo mencionar dos hechos\u00a0 que ocurrieron en Entre R\u00edos, donde un partido como la lista 100 de <b>Julio Solanas,<\/b> que se hab\u00eda presentado como una alternativa, hoy es parte del oficialismo y despu\u00e9s <b>Jorge Busti<\/b> en el 2011, trajo consigo seis diputados provinciales que ingresaron a la legislatura como alternativa y hoy son parte del gobierno. Eso no va a ocurrir nunca con la Uni\u00f3n C\u00edvica Radical. Por eso creo que<strong> sin partido pol\u00edtico no pueden ir al congreso, porque votan seg\u00fan su humor, mientras que nosotros votamos seg\u00fan nuestras ideas\u201d<\/strong>. Desliz\u00f3 el dirigente radical.<\/p>\n<p style=\"text-align: center;\"><img loading=\"lazy\" decoding=\"async\" class=\"size-medium wp-image-2549 aligncenter\" title=\"Jorge D\u00b4Agostino durante el dialogo con IN\" alt=\"la foto\" src=\"http:\/\/www.isletasnoticias.com.ar\/%77%70%2d%63%6f%6e%74%65%6e%74\/uploads\/2013\/07\/la-foto-300x224.jpg\" width=\"300\" height=\"224\" srcset=\"https:\/\/informelitoral.com.ar\/%77%70%2d%63%6f%6e%74%65%6e%74\/uploads\/2013\/07\/la-foto-300x224.jpg 300w, https:\/\/informelitoral.com.ar\/%77%70%2d%63%6f%6e%74%65%6e%74\/uploads\/2013\/07\/la-foto-1024x764.jpg 1024w, https:\/\/informelitoral.com.ar\/%77%70%2d%63%6f%6e%74%65%6e%74\/uploads\/2013\/07\/la-foto.jpg 1296w\" sizes=\"auto, (max-width: 300px) 100vw, 300px\" \/><\/p>\n<p>&nbsp;<\/p>\n<p><b>\u00a0Las principales metas: la educaci\u00f3n y el trabajo<\/b><\/p>\n<p><b><\/b>\u00a0 Sobre los proyectos de los candidatos de la Lista 3, D\u2019Agostino coment\u00f3: \u201cClaramente tenemos propuestas que dan una continuidad a lo que plante\u00f3 el bloque de diputados anterior, pero en lo que hace a mi actividad van a ser acentuadas en \u201cla educaci\u00f3n y el trabajo\u201d. Al respecto de la educaci\u00f3n, destac\u00f3 que \u201ces lo primero, porque<strong> si no hay educaci\u00f3n formadora, no hay posibilidad de que los chicos resuelvan sus problemas<\/strong>\u201d. Seguidamente el dirigente adelant\u00f3 que proponen un giro \u201ca trav\u00e9s de una ley nacional, que modifique el sistema educativo\u201d. <strong>\u201cLa educaci\u00f3n formadora es lo contrario a la educaci\u00f3n contenedora que persiste hoy en la Rep\u00fablica Argentina, en donde el que saca 8, 9 o 10 puntos en un examen pasa de grado y quien no lo obtiene tambi\u00e9n aprueba.<\/strong> Eso los contiene pero no les permite conocer el l\u00edmite, la disciplina y que hay una necesidad de obtener conocimientos para vivir en una sociedad compleja como la actual.\u201d Asegur\u00f3 Jorge D\u2019Agostino.<\/p>\n<p>En segundo t\u00e9rmino y entre sus propuestas, mencion\u00f3 la importancia del trabajo \u201cporque al obtener un salario, el hombre se siente digno para criar los hijos y construir una familia. Entonces <strong>no me explico c\u00f3mo es posible que con toda la estructura que tiene el gobierno nacional, no haya logrado un trabajo para los 11 millones de beneficiarios de los planes sociales.<\/strong> Las cooperativas sociales creadas en \u00e9poca del presidente <b>N\u00e9stor Kirchner,<\/b> no han concretado su labor, porque hay cada vez m\u00e1s planes sociales y m\u00e1s personas excluidas del sistema, que no pueden obtener las condiciones b\u00e1sicas para vivir\u201d. Apunt\u00f3 el precandidato radical.<\/p>\n<p>La UCR tambi\u00e9n propone el desarrollo de fuentes de energ\u00eda renovables y se opone al Fracking. Sobre este \u00faltimo m\u00e9todo de extracci\u00f3n sostuvo: \u201cNosotros participamos en el movimiento \u2018Entre R\u00edos Libre de Fraking\u2019, ya que es un m\u00e9todo no convencional de obtenci\u00f3n de hidrocarburos por medio de fractura hidr\u00e1ulica. Se rompen piedras y nadie sabe d\u00f3nde van esos desechos y es probable que fluyan al Acu\u00edfero Guran\u00ed\u201d. Explic\u00f3 D\u2019Agostino y se quej\u00f3: <strong>\u201cen la provincia presentamos una ley que proh\u00edba el fracking, pero el gobierno ha hecho caso omiso, no nos escucha. De esta manera se contribuye al homicidio a largo plazo.<\/strong> Hay que generar m\u00e9todos de energ\u00eda renovable como la e\u00f3lica y la t\u00e9rmica\u201d. Propuso el radical oriundo de Viale.<\/p>\n<p>Finalmente, pronostic\u00f3 el fin del \u2018Modelo Kirchnerista\u2019 y pidi\u00f3 que los ciudadanos voten a la Lista 3 \u201cpara poner equilibrio\u201d. El precandidato a diputado nacional de la UCR avizor\u00f3 que \u201c<strong>el ciclo kirhcnerista se termina porque ha concluido no como una d\u00e9cada ganada, sino como una d\u00e9cada desperdiciada.<\/strong> En los primeros tres a\u00f1os se desperdici\u00f3 la mayor venta de cereales y hoy no se puede recuperar. Tampoco tenemos combustible, ya que tenemos que comprar afuera y en cualquier momento terminamos importando trigo de Uruguay. As\u00ed que <strong>\u00a0estamos en un momento de fin de ciclo y eso se da con la renovaci\u00f3n del Congreso\u201d.<\/strong> En tal sentido,\u00a0D\u00b4Agostino advirti\u00f3: \u201cSi gana el oficialismo vamos a\u00a0 continuar pagando impuesto a las ganancias, seguiremos vendiendo soja para comprar combustible y va a continuar la misma pol\u00edtica agropecuario decadente y retr\u00f3grada. <strong>\u00a0La gente pide equilibrio y l\u00edmites al gobierno nacional y los candidatos de la lista 3 de la Uni\u00f3n C\u00edvica Radical, se lo vamos a dar.<\/strong>\u201d Culmin\u00f3 Jorge D\u00b4Agostino.<\/p>\n","protected":false},"excerpt":{"rendered":"<p>&nbsp; En declaraciones a ISLETAS NOTICIAS, el presidente de la Uni&oacute;n C&iacute;vica Radical y precandidato a diputado nacional, Jorge D&rsquo;Agostino, destac&oacute; la estructura del centenario partido en todo el pa&iacute;s y critic&oacute; las pol&iacute;ticas del gobierno nacional porque actualmente &laquo;existe una desprotecci&oacute;n en la contenci&oacute;n social&rdquo;. Al tiempo que lament&oacute; que &laquo;en el pa&iacute;s del [&hellip;]<\/p>\n","protected":false},"author":2,"featured_media":0,"comment_status":"open","ping_status":"open","sticky":false,"template":"","format":"standard","meta":{"fifu_image_url":"","fifu_image_alt":"","footnotes":""},"categories":[6,16],"tags":[],"class_list":{"0":"post-2548","1":"post","2":"type-post","3":"status-publish","4":"format-standard","6":"category-entre-rios","7":"category-politi"},"yoast_head":"<title>Jorge D\u00b4Agostino: &quot;Sin partido pol\u00edtico no pueden ir al Congreso, porque votan seg\u00fan su humor&quot; - Informe Litoral<\/title>\n<meta name=\"robots\" content=\"index, follow, max-snippet:-1, max-image-preview:large, max-video-preview:-1\" \/>\n<link rel=\"canonical\" href=\"https:\/\/informelitoral.com.ar\/jorge-d\u00b4agostino-sin-partido-politico-no-pueden-ir-al-congreso-porque-votan-segun-su-humor\/\" \/>\n<meta property=\"og:locale\" content=\"es_ES\" \/>\n<meta property=\"og:type\" content=\"article\" \/>\n<meta property=\"og:title\" content=\"Jorge D\u00b4Agostino: &quot;Sin partido pol\u00edtico no pueden ir al Congreso, porque votan seg\u00fan su humor&quot; - Informe Litoral\" \/>\n<meta property=\"og:description\" content=\"&nbsp; En declaraciones a ISLETAS NOTICIAS, el presidente de la Uni&oacute;n C&iacute;vica Radical y precandidato a diputado nacional, Jorge D&rsquo;Agostino, destac&oacute; la estructura del centenario partido en todo el pa&iacute;s y critic&oacute; las pol&iacute;ticas del gobierno nacional porque actualmente &laquo;existe una desprotecci&oacute;n en la contenci&oacute;n social&rdquo;. Al tiempo que lament&oacute; que &laquo;en el pa&iacute;s del [&hellip;]\" \/>\n<meta property=\"og:url\" content=\"https:\/\/informelitoral.com.ar\/jorge-d\u00b4agostino-sin-partido-politico-no-pueden-ir-al-congreso-porque-votan-segun-su-humor\/\" \/>\n<meta property=\"og:site_name\" content=\"Informe Litoral\" \/>\n<meta property=\"article:publisher\" content=\"https:\/\/www.facebook.com\/informelitoral\/\" \/>\n<meta property=\"article:published_time\" content=\"2013-07-24T14:30:31+00:00\" \/>\n<meta property=\"article:modified_time\" content=\"2013-07-24T14:58:58+00:00\" \/>\n<meta property=\"og:image\" content=\"https:\/\/informelitoral.com.ar\/%77%70%2d%63%6f%6e%74%65%6e%74\/uploads\/2013\/07\/dagostino.jpg\" \/>\n\t<meta property=\"og:image:width\" content=\"640\" \/>\n\t<meta property=\"og:image:height\" content=\"360\" \/>\n\t<meta property=\"og:image:type\" content=\"image\/jpeg\" \/>\n<meta name=\"author\" content=\"Gonzalo Schmidt\" \/>\n<meta name=\"twitter:card\" content=\"summary_large_image\" \/>\n<meta name=\"twitter:creator\" content=\"@InformeLitoral\" \/>\n<meta name=\"twitter:site\" content=\"@InformeLitoral\" \/>\n<meta name=\"twitter:label1\" content=\"Escrito por\" \/>\n\t<meta name=\"twitter:data1\" content=\"Gonzalo Schmidt\" \/>\n\t<meta name=\"twitter:label2\" content=\"Tiempo de lectura\" \/>\n\t<meta name=\"twitter:data2\" content=\"7 minutos\" \/>\n<script type=\"application\/ld+json\" class=\"yoast-schema-graph\">{\"@context\":\"https:\\\/\\\/schema.org\",\"@graph\":[{\"@type\":\"Article\",\"@id\":\"https:\\\/\\\/informelitoral.com.ar\\\/jorge-d%c2%b4agostino-sin-partido-politico-no-pueden-ir-al-congreso-porque-votan-segun-su-humor\\\/#article\",\"isPartOf\":{\"@id\":\"https:\\\/\\\/informelitoral.com.ar\\\/jorge-d%c2%b4agostino-sin-partido-politico-no-pueden-ir-al-congreso-porque-votan-segun-su-humor\\\/\"},\"author\":{\"name\":\"Gonzalo Schmidt\",\"@id\":\"https:\\\/\\\/informelitoral.com.ar\\\/#\\\/schema\\\/person\\\/b9d00407c836482871ef1d57bf8e3180\"},\"headline\":\"Jorge D\u00b4Agostino: \u00abSin partido pol\u00edtico no pueden ir al Congreso, porque votan seg\u00fan su humor\u00bb\",\"datePublished\":\"2013-07-24T14:30:31+00:00\",\"dateModified\":\"2013-07-24T14:58:58+00:00\",\"mainEntityOfPage\":{\"@id\":\"https:\\\/\\\/informelitoral.com.ar\\\/jorge-d%c2%b4agostino-sin-partido-politico-no-pueden-ir-al-congreso-porque-votan-segun-su-humor\\\/\"},\"wordCount\":1366,\"commentCount\":0,\"publisher\":{\"@id\":\"https:\\\/\\\/informelitoral.com.ar\\\/#organization\"},\"image\":{\"@id\":\"https:\\\/\\\/informelitoral.com.ar\\\/jorge-d%c2%b4agostino-sin-partido-politico-no-pueden-ir-al-congreso-porque-votan-segun-su-humor\\\/#primaryimage\"},\"thumbnailUrl\":\"http:\\\/\\\/www.isletasnoticias.com.ar\\\/%77%70%2d%63%6f%6e%74%65%6e%74\\\/uploads\\\/2013\\\/07\\\/dagostino-300x168.jpg\",\"articleSection\":[\"Entre R\u00edos\",\"Politica\"],\"inLanguage\":\"es\",\"potentialAction\":[{\"@type\":\"CommentAction\",\"name\":\"Comment\",\"target\":[\"https:\\\/\\\/informelitoral.com.ar\\\/jorge-d%c2%b4agostino-sin-partido-politico-no-pueden-ir-al-congreso-porque-votan-segun-su-humor\\\/#respond\"]}]},{\"@type\":\"WebPage\",\"@id\":\"https:\\\/\\\/informelitoral.com.ar\\\/jorge-d%c2%b4agostino-sin-partido-politico-no-pueden-ir-al-congreso-porque-votan-segun-su-humor\\\/\",\"url\":\"https:\\\/\\\/informelitoral.com.ar\\\/jorge-d%c2%b4agostino-sin-partido-politico-no-pueden-ir-al-congreso-porque-votan-segun-su-humor\\\/\",\"name\":\"Jorge D\u00b4Agostino: \\\"Sin partido pol\u00edtico no pueden ir al Congreso, porque votan seg\u00fan su humor\\\" - Informe Litoral\",\"isPartOf\":{\"@id\":\"https:\\\/\\\/informelitoral.com.ar\\\/#website\"},\"primaryImageOfPage\":{\"@id\":\"https:\\\/\\\/informelitoral.com.ar\\\/jorge-d%c2%b4agostino-sin-partido-politico-no-pueden-ir-al-congreso-porque-votan-segun-su-humor\\\/#primaryimage\"},\"image\":{\"@id\":\"https:\\\/\\\/informelitoral.com.ar\\\/jorge-d%c2%b4agostino-sin-partido-politico-no-pueden-ir-al-congreso-porque-votan-segun-su-humor\\\/#primaryimage\"},\"thumbnailUrl\":\"http:\\\/\\\/www.isletasnoticias.com.ar\\\/%77%70%2d%63%6f%6e%74%65%6e%74\\\/uploads\\\/2013\\\/07\\\/dagostino-300x168.jpg\",\"datePublished\":\"2013-07-24T14:30:31+00:00\",\"dateModified\":\"2013-07-24T14:58:58+00:00\",\"breadcrumb\":{\"@id\":\"https:\\\/\\\/informelitoral.com.ar\\\/jorge-d%c2%b4agostino-sin-partido-politico-no-pueden-ir-al-congreso-porque-votan-segun-su-humor\\\/#breadcrumb\"},\"inLanguage\":\"es\",\"potentialAction\":[{\"@type\":\"ReadAction\",\"target\":[\"https:\\\/\\\/informelitoral.com.ar\\\/jorge-d%c2%b4agostino-sin-partido-politico-no-pueden-ir-al-congreso-porque-votan-segun-su-humor\\\/\"]}]},{\"@type\":\"ImageObject\",\"inLanguage\":\"es\",\"@id\":\"https:\\\/\\\/informelitoral.com.ar\\\/jorge-d%c2%b4agostino-sin-partido-politico-no-pueden-ir-al-congreso-porque-votan-segun-su-humor\\\/#primaryimage\",\"url\":\"http:\\\/\\\/www.isletasnoticias.com.ar\\\/%77%70%2d%63%6f%6e%74%65%6e%74\\\/uploads\\\/2013\\\/07\\\/dagostino-300x168.jpg\",\"contentUrl\":\"http:\\\/\\\/www.isletasnoticias.com.ar\\\/%77%70%2d%63%6f%6e%74%65%6e%74\\\/uploads\\\/2013\\\/07\\\/dagostino-300x168.jpg\"},{\"@type\":\"BreadcrumbList\",\"@id\":\"https:\\\/\\\/informelitoral.com.ar\\\/jorge-d%c2%b4agostino-sin-partido-politico-no-pueden-ir-al-congreso-porque-votan-segun-su-humor\\\/#breadcrumb\",\"itemListElement\":[{\"@type\":\"ListItem\",\"position\":1,\"name\":\"Portada\",\"item\":\"https:\\\/\\\/informelitoral.com.ar\\\/\"},{\"@type\":\"ListItem\",\"position\":2,\"name\":\"Jorge D\u00b4Agostino: \u00abSin partido pol\u00edtico no pueden ir al Congreso, porque votan seg\u00fan su humor\u00bb\"}]},{\"@type\":\"WebSite\",\"@id\":\"https:\\\/\\\/informelitoral.com.ar\\\/#website\",\"url\":\"https:\\\/\\\/informelitoral.com.ar\\\/\",\"name\":\"Informe Litoral\",\"description\":\"&quot;Nos informamos&quot; \",\"publisher\":{\"@id\":\"https:\\\/\\\/informelitoral.com.ar\\\/#organization\"},\"potentialAction\":[{\"@type\":\"SearchAction\",\"target\":{\"@type\":\"EntryPoint\",\"urlTemplate\":\"https:\\\/\\\/informelitoral.com.ar\\\/?s={search_term_string}\"},\"query-input\":{\"@type\":\"PropertyValueSpecification\",\"valueRequired\":true,\"valueName\":\"search_term_string\"}}],\"inLanguage\":\"es\"},{\"@type\":\"Organization\",\"@id\":\"https:\\\/\\\/informelitoral.com.ar\\\/#organization\",\"name\":\"Informe Litoral\",\"url\":\"https:\\\/\\\/informelitoral.com.ar\\\/\",\"logo\":{\"@type\":\"ImageObject\",\"inLanguage\":\"es\",\"@id\":\"https:\\\/\\\/informelitoral.com.ar\\\/#\\\/schema\\\/logo\\\/image\\\/\",\"url\":\"https:\\\/\\\/informelitoral.com.ar\\\/%77%70%2d%63%6f%6e%74%65%6e%74\\\/uploads\\\/2021\\\/01\\\/circulo.png\",\"contentUrl\":\"https:\\\/\\\/informelitoral.com.ar\\\/%77%70%2d%63%6f%6e%74%65%6e%74\\\/uploads\\\/2021\\\/01\\\/circulo.png\",\"width\":723,\"height\":731,\"caption\":\"Informe Litoral\"},\"image\":{\"@id\":\"https:\\\/\\\/informelitoral.com.ar\\\/#\\\/schema\\\/logo\\\/image\\\/\"},\"sameAs\":[\"https:\\\/\\\/www.facebook.com\\\/informelitoral\\\/\",\"https:\\\/\\\/x.com\\\/InformeLitoral\",\"https:\\\/\\\/www.instagram.com\\\/informelitoral\\\/\",\"https:\\\/\\\/www.youtube.com\\\/channel\\\/UCua4Qvz8Icb6MYqhoq9xLXw\"]},{\"@type\":\"Person\",\"@id\":\"https:\\\/\\\/informelitoral.com.ar\\\/#\\\/schema\\\/person\\\/b9d00407c836482871ef1d57bf8e3180\",\"name\":\"Gonzalo Schmidt\",\"image\":{\"@type\":\"ImageObject\",\"inLanguage\":\"es\",\"@id\":\"https:\\\/\\\/secure.gravatar.com\\\/avatar\\\/31a1a7b66ff2de83bd0e9fd79d026630d2d99e55e8bfe501287647b4fd9743de?s=96&d=mm&r=g\",\"url\":\"https:\\\/\\\/secure.gravatar.com\\\/avatar\\\/31a1a7b66ff2de83bd0e9fd79d026630d2d99e55e8bfe501287647b4fd9743de?s=96&d=mm&r=g\",\"contentUrl\":\"https:\\\/\\\/secure.gravatar.com\\\/avatar\\\/31a1a7b66ff2de83bd0e9fd79d026630d2d99e55e8bfe501287647b4fd9743de?s=96&d=mm&r=g\",\"caption\":\"Gonzalo Schmidt\"},\"description\":\"Sitio web de noticias de la provincia de Entre R\u00edos, Argentina. Informaci\u00f3n y entretenimiento. Informe Litoral, nos informamos.\",\"sameAs\":[\"http:\\\/\\\/www.isletasnoticias.com.ar\"],\"url\":\"https:\\\/\\\/informelitoral.com.ar\\\/author\\\/gonzalo\\\/\"}]}<\/script>","yoast_head_json":{"title":"Jorge D\u00b4Agostino: \"Sin partido pol\u00edtico no pueden ir al Congreso, porque votan seg\u00fan su humor\" - Informe Litoral","robots":{"index":"index","follow":"follow","max-snippet":"max-snippet:-1","max-image-preview":"max-image-preview:large","max-video-preview":"max-video-preview:-1"},"canonical":"https:\/\/informelitoral.com.ar\/jorge-d\u00b4agostino-sin-partido-politico-no-pueden-ir-al-congreso-porque-votan-segun-su-humor\/","og_locale":"es_ES","og_type":"article","og_title":"Jorge D\u00b4Agostino: \"Sin partido pol\u00edtico no pueden ir al Congreso, porque votan seg\u00fan su humor\" - Informe Litoral","og_description":"&nbsp; En declaraciones a ISLETAS NOTICIAS, el presidente de la Uni&oacute;n C&iacute;vica Radical y precandidato a diputado nacional, Jorge D&rsquo;Agostino, destac&oacute; la estructura del centenario partido en todo el pa&iacute;s y critic&oacute; las pol&iacute;ticas del gobierno nacional porque actualmente &laquo;existe una desprotecci&oacute;n en la contenci&oacute;n social&rdquo;. Al tiempo que lament&oacute; que &laquo;en el pa&iacute;s del [&hellip;]","og_url":"https:\/\/informelitoral.com.ar\/jorge-d\u00b4agostino-sin-partido-politico-no-pueden-ir-al-congreso-porque-votan-segun-su-humor\/","og_site_name":"Informe Litoral","article_publisher":"https:\/\/www.facebook.com\/informelitoral\/","article_published_time":"2013-07-24T14:30:31+00:00","article_modified_time":"2013-07-24T14:58:58+00:00","og_image":[{"width":640,"height":360,"url":"https:\/\/informelitoral.com.ar\/%77%70%2d%63%6f%6e%74%65%6e%74\/uploads\/2013\/07\/dagostino.jpg","type":"image\/jpeg"}],"author":"Gonzalo Schmidt","twitter_card":"summary_large_image","twitter_creator":"@InformeLitoral","twitter_site":"@InformeLitoral","twitter_misc":{"Escrito por":"Gonzalo Schmidt","Tiempo de lectura":"7 minutos"},"schema":{"@context":"https:\/\/schema.org","@graph":[{"@type":"Article","@id":"https:\/\/informelitoral.com.ar\/jorge-d%c2%b4agostino-sin-partido-politico-no-pueden-ir-al-congreso-porque-votan-segun-su-humor\/#article","isPartOf":{"@id":"https:\/\/informelitoral.com.ar\/jorge-d%c2%b4agostino-sin-partido-politico-no-pueden-ir-al-congreso-porque-votan-segun-su-humor\/"},"author":{"name":"Gonzalo Schmidt","@id":"https:\/\/informelitoral.com.ar\/#\/schema\/person\/b9d00407c836482871ef1d57bf8e3180"},"headline":"Jorge D\u00b4Agostino: \u00abSin partido pol\u00edtico no pueden ir al Congreso, porque votan seg\u00fan su humor\u00bb","datePublished":"2013-07-24T14:30:31+00:00","dateModified":"2013-07-24T14:58:58+00:00","mainEntityOfPage":{"@id":"https:\/\/informelitoral.com.ar\/jorge-d%c2%b4agostino-sin-partido-politico-no-pueden-ir-al-congreso-porque-votan-segun-su-humor\/"},"wordCount":1366,"commentCount":0,"publisher":{"@id":"https:\/\/informelitoral.com.ar\/#organization"},"image":{"@id":"https:\/\/informelitoral.com.ar\/jorge-d%c2%b4agostino-sin-partido-politico-no-pueden-ir-al-congreso-porque-votan-segun-su-humor\/#primaryimage"},"thumbnailUrl":"http:\/\/www.isletasnoticias.com.ar\/%77%70%2d%63%6f%6e%74%65%6e%74\/uploads\/2013\/07\/dagostino-300x168.jpg","articleSection":["Entre R\u00edos","Politica"],"inLanguage":"es","potentialAction":[{"@type":"CommentAction","name":"Comment","target":["https:\/\/informelitoral.com.ar\/jorge-d%c2%b4agostino-sin-partido-politico-no-pueden-ir-al-congreso-porque-votan-segun-su-humor\/#respond"]}]},{"@type":"WebPage","@id":"https:\/\/informelitoral.com.ar\/jorge-d%c2%b4agostino-sin-partido-politico-no-pueden-ir-al-congreso-porque-votan-segun-su-humor\/","url":"https:\/\/informelitoral.com.ar\/jorge-d%c2%b4agostino-sin-partido-politico-no-pueden-ir-al-congreso-porque-votan-segun-su-humor\/","name":"Jorge D\u00b4Agostino: \"Sin partido pol\u00edtico no pueden ir al Congreso, porque votan seg\u00fan su humor\" - Informe Litoral","isPartOf":{"@id":"https:\/\/informelitoral.com.ar\/#website"},"primaryImageOfPage":{"@id":"https:\/\/informelitoral.com.ar\/jorge-d%c2%b4agostino-sin-partido-politico-no-pueden-ir-al-congreso-porque-votan-segun-su-humor\/#primaryimage"},"image":{"@id":"https:\/\/informelitoral.com.ar\/jorge-d%c2%b4agostino-sin-partido-politico-no-pueden-ir-al-congreso-porque-votan-segun-su-humor\/#primaryimage"},"thumbnailUrl":"http:\/\/www.isletasnoticias.com.ar\/%77%70%2d%63%6f%6e%74%65%6e%74\/uploads\/2013\/07\/dagostino-300x168.jpg","datePublished":"2013-07-24T14:30:31+00:00","dateModified":"2013-07-24T14:58:58+00:00","breadcrumb":{"@id":"https:\/\/informelitoral.com.ar\/jorge-d%c2%b4agostino-sin-partido-politico-no-pueden-ir-al-congreso-porque-votan-segun-su-humor\/#breadcrumb"},"inLanguage":"es","potentialAction":[{"@type":"ReadAction","target":["https:\/\/informelitoral.com.ar\/jorge-d%c2%b4agostino-sin-partido-politico-no-pueden-ir-al-congreso-porque-votan-segun-su-humor\/"]}]},{"@type":"ImageObject","inLanguage":"es","@id":"https:\/\/informelitoral.com.ar\/jorge-d%c2%b4agostino-sin-partido-politico-no-pueden-ir-al-congreso-porque-votan-segun-su-humor\/#primaryimage","url":"http:\/\/www.isletasnoticias.com.ar\/%77%70%2d%63%6f%6e%74%65%6e%74\/uploads\/2013\/07\/dagostino-300x168.jpg","contentUrl":"http:\/\/www.isletasnoticias.com.ar\/%77%70%2d%63%6f%6e%74%65%6e%74\/uploads\/2013\/07\/dagostino-300x168.jpg"},{"@type":"BreadcrumbList","@id":"https:\/\/informelitoral.com.ar\/jorge-d%c2%b4agostino-sin-partido-politico-no-pueden-ir-al-congreso-porque-votan-segun-su-humor\/#breadcrumb","itemListElement":[{"@type":"ListItem","position":1,"name":"Portada","item":"https:\/\/informelitoral.com.ar\/"},{"@type":"ListItem","position":2,"name":"Jorge D\u00b4Agostino: \u00abSin partido pol\u00edtico no pueden ir al Congreso, porque votan seg\u00fan su humor\u00bb"}]},{"@type":"WebSite","@id":"https:\/\/informelitoral.com.ar\/#website","url":"https:\/\/informelitoral.com.ar\/","name":"Informe Litoral","description":"&quot;Nos informamos&quot; ","publisher":{"@id":"https:\/\/informelitoral.com.ar\/#organization"},"potentialAction":[{"@type":"SearchAction","target":{"@type":"EntryPoint","urlTemplate":"https:\/\/informelitoral.com.ar\/?s={search_term_string}"},"query-input":{"@type":"PropertyValueSpecification","valueRequired":true,"valueName":"search_term_string"}}],"inLanguage":"es"},{"@type":"Organization","@id":"https:\/\/informelitoral.com.ar\/#organization","name":"Informe Litoral","url":"https:\/\/informelitoral.com.ar\/","logo":{"@type":"ImageObject","inLanguage":"es","@id":"https:\/\/informelitoral.com.ar\/#\/schema\/logo\/image\/","url":"https:\/\/informelitoral.com.ar\/%77%70%2d%63%6f%6e%74%65%6e%74\/uploads\/2021\/01\/circulo.png","contentUrl":"https:\/\/informelitoral.com.ar\/%77%70%2d%63%6f%6e%74%65%6e%74\/uploads\/2021\/01\/circulo.png","width":723,"height":731,"caption":"Informe Litoral"},"image":{"@id":"https:\/\/informelitoral.com.ar\/#\/schema\/logo\/image\/"},"sameAs":["https:\/\/www.facebook.com\/informelitoral\/","https:\/\/x.com\/InformeLitoral","https:\/\/www.instagram.com\/informelitoral\/","https:\/\/www.youtube.com\/channel\/UCua4Qvz8Icb6MYqhoq9xLXw"]},{"@type":"Person","@id":"https:\/\/informelitoral.com.ar\/#\/schema\/person\/b9d00407c836482871ef1d57bf8e3180","name":"Gonzalo Schmidt","image":{"@type":"ImageObject","inLanguage":"es","@id":"https:\/\/secure.gravatar.com\/avatar\/31a1a7b66ff2de83bd0e9fd79d026630d2d99e55e8bfe501287647b4fd9743de?s=96&d=mm&r=g","url":"https:\/\/secure.gravatar.com\/avatar\/31a1a7b66ff2de83bd0e9fd79d026630d2d99e55e8bfe501287647b4fd9743de?s=96&d=mm&r=g","contentUrl":"https:\/\/secure.gravatar.com\/avatar\/31a1a7b66ff2de83bd0e9fd79d026630d2d99e55e8bfe501287647b4fd9743de?s=96&d=mm&r=g","caption":"Gonzalo Schmidt"},"description":"Sitio web de noticias de la provincia de Entre R\u00edos, Argentina. Informaci\u00f3n y entretenimiento. Informe Litoral, nos informamos.","sameAs":["http:\/\/www.isletasnoticias.com.ar"],"url":"https:\/\/informelitoral.com.ar\/author\/gonzalo\/"}]}},"_links":{"self":[{"href":"https:\/\/informelitoral.com.ar\/%77%70%2d%6a%73%6f%6e\/wp\/v2\/posts\/2548","targetHints":{"allow":["GET"]}}],"collection":[{"href":"https:\/\/informelitoral.com.ar\/%77%70%2d%6a%73%6f%6e\/wp\/v2\/posts"}],"about":[{"href":"https:\/\/informelitoral.com.ar\/%77%70%2d%6a%73%6f%6e\/wp\/v2\/types\/post"}],"author":[{"embeddable":true,"href":"https:\/\/informelitoral.com.ar\/%77%70%2d%6a%73%6f%6e\/wp\/v2\/users\/2"}],"replies":[{"embeddable":true,"href":"https:\/\/informelitoral.com.ar\/%77%70%2d%6a%73%6f%6e\/wp\/v2\/comments?post=2548"}],"version-history":[{"count":0,"href":"https:\/\/informelitoral.com.ar\/%77%70%2d%6a%73%6f%6e\/wp\/v2\/posts\/2548\/revisions"}],"wp:attachment":[{"href":"https:\/\/informelitoral.com.ar\/%77%70%2d%6a%73%6f%6e\/wp\/v2\/media?parent=2548"}],"wp:term":[{"taxonomy":"category","embeddable":true,"href":"https:\/\/informelitoral.com.ar\/%77%70%2d%6a%73%6f%6e\/wp\/v2\/categories?post=2548"},{"taxonomy":"post_tag","embeddable":true,"href":"https:\/\/informelitoral.com.ar\/%77%70%2d%6a%73%6f%6e\/wp\/v2\/tags?post=2548"}],"curies":[{"name":"wp","href":"https:\/\/api.w.org\/{rel}","templated":true}]}}