{"id":2545,"date":"2013-07-23T22:02:55","date_gmt":"2013-07-24T01:02:55","guid":{"rendered":"http:\/\/www.isletasnoticias.com.ar\/?p=2545"},"modified":"2013-07-23T22:02:55","modified_gmt":"2013-07-24T01:02:55","slug":"encuestador-entrerriano-ubica-a-urribarri-25-puntos-arriba-del-segundo","status":"publish","type":"post","link":"https:\/\/informelitoral.com.ar\/encuestador-entrerriano-ubica-a-urribarri-25-puntos-arriba-del-segundo\/","title":{"rendered":"Encuestador entrerriano ubica a Urribarri 25 puntos arriba del segundo"},"content":{"rendered":"<p><strong>El titular de la Consultora Claves, <em>Adr\u00edan Remedi<\/em> dijo que el oficialismo obtiene un 45% de intenci\u00f3n de votos. En tanto, advirti\u00f3 que el gobernador tiene una imagen positiva del\u00a0<strong>60%. La UCR se ubicar\u00eda en segundo lugar con el 20%.<\/strong><\/strong><\/p>\n<p><img loading=\"lazy\" decoding=\"async\" class=\"size-medium wp-image-2546 alignleft\" alt=\"urribarri acto\" src=\"http:\/\/www.isletasnoticias.com.ar\/%77%70%2d%63%6f%6e%74%65%6e%74\/uploads\/2013\/07\/urribarri-acto-300x232.jpg\" width=\"300\" height=\"232\" srcset=\"https:\/\/informelitoral.com.ar\/%77%70%2d%63%6f%6e%74%65%6e%74\/uploads\/2013\/07\/urribarri-acto-300x232.jpg 300w, https:\/\/informelitoral.com.ar\/%77%70%2d%63%6f%6e%74%65%6e%74\/uploads\/2013\/07\/urribarri-acto.jpg 500w\" sizes=\"auto, (max-width: 300px) 100vw, 300px\" \/><\/p>\n<p>El titular de la Consultora Claves,<strong> Adri\u00e1n Remedi<\/strong> dio a conocer sus impresiones sobre el panorama electoral de cara a las elecciones Primarias, Abiertas, Simultaneas y Obligatorias (PASO), que se realizan el 11 de agosto. El encuestador refiri\u00f3 que a\u00fan contin\u00faan relevando datos en la provincia pero que se observa un buen resultado favorable al Frente Justicialista para la Victoria.<br \/>\nEn di\u00e1logo con<em>\u00a0Informe Digital,<\/em>\u00a0Remedi, analiz\u00f3 que el escenario actual es \u201ctotalmente diferente al 2009\u201d y que \u201choy tenemos un Partido Justicialista mucho m\u00e1s s\u00f3lido, encolumnado en la figura del gobernador\u201d. En ese sentido el encuestador remarc\u00f3 que el mandatario entrerriano, <strong>Sergio Uribarri<\/strong>, tiene \u201centre un 60% y 70 % de imagen positiva en toda la provincia\u201d. Y que por ese motivo el oficialismo logra adherir \u201cvotantes que nunca hab\u00edan votado al peronismo\u201d.<\/p>\n<p>\u201cEl Frente Justicialista para la Victoria se est\u00e1 imponiendo en toda la provincia\u201d, asegur\u00f3 luego el titular de la consultora Claves. En esa l\u00ednea, dijo que el partido que lleva en la boleta como precandidato a senador a <strong>Pedro Guastavino<\/strong> y para diputado a<strong> Eduardo Lauritto,<\/strong> tiene un promedio del 45% de intenci\u00f3n de voto, por lo que concluy\u00f3 que \u201cel gobernador est\u00e1 midiendo muy por arriba de lo que es el partido. Adem\u00e1s de tener el caudal intacto del a\u00f1o 2011, ese 45 puede irse m\u00e1s arriba\u201d, advirti\u00f3 Remedi.<\/p>\n<p><b>El segundo lugar<\/b><br \/>\nPor otro lado, subray\u00f3 que el tema principal que se discute en la actualidad es qu\u00e9 partido o frentes van a quedarse con el segundo lugar. Remedi manifest\u00f3 que el segundo puesto en la contienda electoral est\u00e1 entre \u201cUni\u00f3n por Entre R\u00edos\u201d, que lleva a <strong>Alfredo De Angeli<\/strong> para el Senado y a <strong>Cristina Cremer de Busti<\/strong> para Diputados y la Uni\u00f3n C\u00edvica Radical, con <strong>Atilio Benedetti<\/strong> y <strong>Jorge D\u2019 Agostino<\/strong>, para senador y diputado, respectivamente.<\/p>\n<p>\u201cLa oposici\u00f3n fragmentada se estar\u00eda repartiendo el 20 por ciento para cada fuerza. El radicalismo no puede pasar desde hace varios a\u00f1os ese porcentaje\u201d, sostuvo Remedi y a\u00f1adi\u00f3 que el centenario partido cuenta con una ventaja ya que tiene una mayor estructura y presencia territorial en la provincia. \u201cLo veo con mejor performance al radicalismo que a Uni\u00f3n por Entre R\u00edos\u201d, concluy\u00f3 el encuestador.<\/p>\n<p>En el caso del Frente Amplio Progresista, Remedi analiz\u00f3 que el frente que re\u00fane a partidos de izquierda, el socialismo y sus vertientes internas y otros sectores no alcanzar\u00edan un porcentaje importante ya que \u201csin la figura de Binner en la boleta va a caer\u201d.<\/p>\n<p>Por \u00faltimo, el titular de la Consultor Claves,<strong> Adri\u00e1n Remedi<\/strong> sostuvo que en estas elecciones de medio t\u00e9rmino no habr\u00e1 corte de boleta. En tanto sobre qu\u00e9 dirigente opositor tiene una imagen positiva y secunda a Urribarri en las encuestas de opini\u00f3n, el encuestador asegur\u00f3 que \u201chay un cincuenta por ciento de la gente que dice que la oposici\u00f3n no existe\u201d y que por ello no se han realizado sondeos en ese sentido. \u201cNo hay referente que pueda competir al gobernador. No vemos una figura en la oposici\u00f3n que sobresalte\u201d, cerr\u00f3.<\/p>\n<p>Fuente: Informe Digital.<\/p>\n","protected":false},"excerpt":{"rendered":"<p>El titular de la Consultora Claves, Adr&iacute;an Remedi dijo que el oficialismo obtiene un 45% de intenci&oacute;n de votos. En tanto, advirti&oacute; que el gobernador tiene una imagen positiva del&nbsp;60%. La UCR se ubicar&iacute;a en segundo lugar con el 20%. El titular de la Consultora Claves, Adri&aacute;n Remedi dio a conocer sus impresiones sobre el [&hellip;]<\/p>\n","protected":false},"author":2,"featured_media":0,"comment_status":"open","ping_status":"open","sticky":false,"template":"","format":"standard","meta":{"fifu_image_url":"","fifu_image_alt":"","footnotes":""},"categories":[16],"tags":[],"class_list":{"0":"post-2545","1":"post","2":"type-post","3":"status-publish","4":"format-standard","6":"category-politi"},"yoast_head":"<title>Encuestador entrerriano ubica a Urribarri 25 puntos arriba del segundo - Informe Litoral<\/title>\n<meta name=\"robots\" content=\"index, follow, max-snippet:-1, max-image-preview:large, max-video-preview:-1\" \/>\n<link rel=\"canonical\" href=\"https:\/\/informelitoral.com.ar\/encuestador-entrerriano-ubica-a-urribarri-25-puntos-arriba-del-segundo\/\" \/>\n<meta property=\"og:locale\" content=\"es_ES\" \/>\n<meta property=\"og:type\" content=\"article\" \/>\n<meta property=\"og:title\" content=\"Encuestador entrerriano ubica a Urribarri 25 puntos arriba del segundo - Informe Litoral\" \/>\n<meta property=\"og:description\" content=\"El titular de la Consultora Claves, Adr&iacute;an Remedi dijo que el oficialismo obtiene un 45% de intenci&oacute;n de votos. En tanto, advirti&oacute; que el gobernador tiene una imagen positiva del&nbsp;60%. La UCR se ubicar&iacute;a en segundo lugar con el 20%. El titular de la Consultora Claves, Adri&aacute;n Remedi dio a conocer sus impresiones sobre el [&hellip;]\" \/>\n<meta property=\"og:url\" content=\"https:\/\/informelitoral.com.ar\/encuestador-entrerriano-ubica-a-urribarri-25-puntos-arriba-del-segundo\/\" \/>\n<meta property=\"og:site_name\" content=\"Informe Litoral\" \/>\n<meta property=\"article:publisher\" content=\"https:\/\/www.facebook.com\/informelitoral\/\" \/>\n<meta property=\"article:published_time\" content=\"2013-07-24T01:02:55+00:00\" \/>\n<meta property=\"og:image\" content=\"https:\/\/informelitoral.com.ar\/%77%70%2d%63%6f%6e%74%65%6e%74\/uploads\/2013\/07\/urribarri-acto.jpg\" \/>\n\t<meta property=\"og:image:width\" content=\"500\" \/>\n\t<meta property=\"og:image:height\" content=\"387\" \/>\n\t<meta property=\"og:image:type\" content=\"image\/jpeg\" \/>\n<meta name=\"author\" content=\"Gonzalo Schmidt\" \/>\n<meta name=\"twitter:card\" content=\"summary_large_image\" \/>\n<meta name=\"twitter:creator\" content=\"@InformeLitoral\" \/>\n<meta name=\"twitter:site\" content=\"@InformeLitoral\" \/>\n<meta name=\"twitter:label1\" content=\"Escrito por\" \/>\n\t<meta name=\"twitter:data1\" content=\"Gonzalo Schmidt\" \/>\n\t<meta name=\"twitter:label2\" content=\"Tiempo de lectura\" \/>\n\t<meta name=\"twitter:data2\" content=\"3 minutos\" \/>\n<script type=\"application\/ld+json\" class=\"yoast-schema-graph\">{\"@context\":\"https:\\\/\\\/schema.org\",\"@graph\":[{\"@type\":\"Article\",\"@id\":\"https:\\\/\\\/informelitoral.com.ar\\\/encuestador-entrerriano-ubica-a-urribarri-25-puntos-arriba-del-segundo\\\/#article\",\"isPartOf\":{\"@id\":\"https:\\\/\\\/informelitoral.com.ar\\\/encuestador-entrerriano-ubica-a-urribarri-25-puntos-arriba-del-segundo\\\/\"},\"author\":{\"name\":\"Gonzalo Schmidt\",\"@id\":\"https:\\\/\\\/informelitoral.com.ar\\\/#\\\/schema\\\/person\\\/b9d00407c836482871ef1d57bf8e3180\"},\"headline\":\"Encuestador entrerriano ubica a Urribarri 25 puntos arriba del segundo\",\"datePublished\":\"2013-07-24T01:02:55+00:00\",\"mainEntityOfPage\":{\"@id\":\"https:\\\/\\\/informelitoral.com.ar\\\/encuestador-entrerriano-ubica-a-urribarri-25-puntos-arriba-del-segundo\\\/\"},\"wordCount\":576,\"commentCount\":0,\"publisher\":{\"@id\":\"https:\\\/\\\/informelitoral.com.ar\\\/#organization\"},\"image\":{\"@id\":\"https:\\\/\\\/informelitoral.com.ar\\\/encuestador-entrerriano-ubica-a-urribarri-25-puntos-arriba-del-segundo\\\/#primaryimage\"},\"thumbnailUrl\":\"http:\\\/\\\/www.isletasnoticias.com.ar\\\/%77%70%2d%63%6f%6e%74%65%6e%74\\\/uploads\\\/2013\\\/07\\\/urribarri-acto-300x232.jpg\",\"articleSection\":[\"Politica\"],\"inLanguage\":\"es\",\"potentialAction\":[{\"@type\":\"CommentAction\",\"name\":\"Comment\",\"target\":[\"https:\\\/\\\/informelitoral.com.ar\\\/encuestador-entrerriano-ubica-a-urribarri-25-puntos-arriba-del-segundo\\\/#respond\"]}]},{\"@type\":\"WebPage\",\"@id\":\"https:\\\/\\\/informelitoral.com.ar\\\/encuestador-entrerriano-ubica-a-urribarri-25-puntos-arriba-del-segundo\\\/\",\"url\":\"https:\\\/\\\/informelitoral.com.ar\\\/encuestador-entrerriano-ubica-a-urribarri-25-puntos-arriba-del-segundo\\\/\",\"name\":\"Encuestador entrerriano ubica a Urribarri 25 puntos arriba del segundo - Informe Litoral\",\"isPartOf\":{\"@id\":\"https:\\\/\\\/informelitoral.com.ar\\\/#website\"},\"primaryImageOfPage\":{\"@id\":\"https:\\\/\\\/informelitoral.com.ar\\\/encuestador-entrerriano-ubica-a-urribarri-25-puntos-arriba-del-segundo\\\/#primaryimage\"},\"image\":{\"@id\":\"https:\\\/\\\/informelitoral.com.ar\\\/encuestador-entrerriano-ubica-a-urribarri-25-puntos-arriba-del-segundo\\\/#primaryimage\"},\"thumbnailUrl\":\"http:\\\/\\\/www.isletasnoticias.com.ar\\\/%77%70%2d%63%6f%6e%74%65%6e%74\\\/uploads\\\/2013\\\/07\\\/urribarri-acto-300x232.jpg\",\"datePublished\":\"2013-07-24T01:02:55+00:00\",\"breadcrumb\":{\"@id\":\"https:\\\/\\\/informelitoral.com.ar\\\/encuestador-entrerriano-ubica-a-urribarri-25-puntos-arriba-del-segundo\\\/#breadcrumb\"},\"inLanguage\":\"es\",\"potentialAction\":[{\"@type\":\"ReadAction\",\"target\":[\"https:\\\/\\\/informelitoral.com.ar\\\/encuestador-entrerriano-ubica-a-urribarri-25-puntos-arriba-del-segundo\\\/\"]}]},{\"@type\":\"ImageObject\",\"inLanguage\":\"es\",\"@id\":\"https:\\\/\\\/informelitoral.com.ar\\\/encuestador-entrerriano-ubica-a-urribarri-25-puntos-arriba-del-segundo\\\/#primaryimage\",\"url\":\"http:\\\/\\\/www.isletasnoticias.com.ar\\\/%77%70%2d%63%6f%6e%74%65%6e%74\\\/uploads\\\/2013\\\/07\\\/urribarri-acto-300x232.jpg\",\"contentUrl\":\"http:\\\/\\\/www.isletasnoticias.com.ar\\\/%77%70%2d%63%6f%6e%74%65%6e%74\\\/uploads\\\/2013\\\/07\\\/urribarri-acto-300x232.jpg\"},{\"@type\":\"BreadcrumbList\",\"@id\":\"https:\\\/\\\/informelitoral.com.ar\\\/encuestador-entrerriano-ubica-a-urribarri-25-puntos-arriba-del-segundo\\\/#breadcrumb\",\"itemListElement\":[{\"@type\":\"ListItem\",\"position\":1,\"name\":\"Portada\",\"item\":\"https:\\\/\\\/informelitoral.com.ar\\\/\"},{\"@type\":\"ListItem\",\"position\":2,\"name\":\"Encuestador entrerriano ubica a Urribarri 25 puntos arriba del segundo\"}]},{\"@type\":\"WebSite\",\"@id\":\"https:\\\/\\\/informelitoral.com.ar\\\/#website\",\"url\":\"https:\\\/\\\/informelitoral.com.ar\\\/\",\"name\":\"Informe Litoral\",\"description\":\"&quot;Nos informamos&quot; \",\"publisher\":{\"@id\":\"https:\\\/\\\/informelitoral.com.ar\\\/#organization\"},\"potentialAction\":[{\"@type\":\"SearchAction\",\"target\":{\"@type\":\"EntryPoint\",\"urlTemplate\":\"https:\\\/\\\/informelitoral.com.ar\\\/?s={search_term_string}\"},\"query-input\":{\"@type\":\"PropertyValueSpecification\",\"valueRequired\":true,\"valueName\":\"search_term_string\"}}],\"inLanguage\":\"es\"},{\"@type\":\"Organization\",\"@id\":\"https:\\\/\\\/informelitoral.com.ar\\\/#organization\",\"name\":\"Informe Litoral\",\"url\":\"https:\\\/\\\/informelitoral.com.ar\\\/\",\"logo\":{\"@type\":\"ImageObject\",\"inLanguage\":\"es\",\"@id\":\"https:\\\/\\\/informelitoral.com.ar\\\/#\\\/schema\\\/logo\\\/image\\\/\",\"url\":\"https:\\\/\\\/informelitoral.com.ar\\\/%77%70%2d%63%6f%6e%74%65%6e%74\\\/uploads\\\/2021\\\/01\\\/circulo.png\",\"contentUrl\":\"https:\\\/\\\/informelitoral.com.ar\\\/%77%70%2d%63%6f%6e%74%65%6e%74\\\/uploads\\\/2021\\\/01\\\/circulo.png\",\"width\":723,\"height\":731,\"caption\":\"Informe Litoral\"},\"image\":{\"@id\":\"https:\\\/\\\/informelitoral.com.ar\\\/#\\\/schema\\\/logo\\\/image\\\/\"},\"sameAs\":[\"https:\\\/\\\/www.facebook.com\\\/informelitoral\\\/\",\"https:\\\/\\\/x.com\\\/InformeLitoral\",\"https:\\\/\\\/www.instagram.com\\\/informelitoral\\\/\",\"https:\\\/\\\/www.youtube.com\\\/channel\\\/UCua4Qvz8Icb6MYqhoq9xLXw\"]},{\"@type\":\"Person\",\"@id\":\"https:\\\/\\\/informelitoral.com.ar\\\/#\\\/schema\\\/person\\\/b9d00407c836482871ef1d57bf8e3180\",\"name\":\"Gonzalo Schmidt\",\"image\":{\"@type\":\"ImageObject\",\"inLanguage\":\"es\",\"@id\":\"https:\\\/\\\/secure.gravatar.com\\\/avatar\\\/31a1a7b66ff2de83bd0e9fd79d026630d2d99e55e8bfe501287647b4fd9743de?s=96&d=mm&r=g\",\"url\":\"https:\\\/\\\/secure.gravatar.com\\\/avatar\\\/31a1a7b66ff2de83bd0e9fd79d026630d2d99e55e8bfe501287647b4fd9743de?s=96&d=mm&r=g\",\"contentUrl\":\"https:\\\/\\\/secure.gravatar.com\\\/avatar\\\/31a1a7b66ff2de83bd0e9fd79d026630d2d99e55e8bfe501287647b4fd9743de?s=96&d=mm&r=g\",\"caption\":\"Gonzalo Schmidt\"},\"description\":\"Sitio web de noticias de la provincia de Entre R\u00edos, Argentina. Informaci\u00f3n y entretenimiento. Informe Litoral, nos informamos.\",\"sameAs\":[\"http:\\\/\\\/www.isletasnoticias.com.ar\"],\"url\":\"https:\\\/\\\/informelitoral.com.ar\\\/author\\\/gonzalo\\\/\"}]}<\/script>","yoast_head_json":{"title":"Encuestador entrerriano ubica a Urribarri 25 puntos arriba del segundo - Informe Litoral","robots":{"index":"index","follow":"follow","max-snippet":"max-snippet:-1","max-image-preview":"max-image-preview:large","max-video-preview":"max-video-preview:-1"},"canonical":"https:\/\/informelitoral.com.ar\/encuestador-entrerriano-ubica-a-urribarri-25-puntos-arriba-del-segundo\/","og_locale":"es_ES","og_type":"article","og_title":"Encuestador entrerriano ubica a Urribarri 25 puntos arriba del segundo - Informe Litoral","og_description":"El titular de la Consultora Claves, Adr&iacute;an Remedi dijo que el oficialismo obtiene un 45% de intenci&oacute;n de votos. En tanto, advirti&oacute; que el gobernador tiene una imagen positiva del&nbsp;60%. La UCR se ubicar&iacute;a en segundo lugar con el 20%. El titular de la Consultora Claves, Adri&aacute;n Remedi dio a conocer sus impresiones sobre el [&hellip;]","og_url":"https:\/\/informelitoral.com.ar\/encuestador-entrerriano-ubica-a-urribarri-25-puntos-arriba-del-segundo\/","og_site_name":"Informe Litoral","article_publisher":"https:\/\/www.facebook.com\/informelitoral\/","article_published_time":"2013-07-24T01:02:55+00:00","og_image":[{"width":500,"height":387,"url":"https:\/\/informelitoral.com.ar\/%77%70%2d%63%6f%6e%74%65%6e%74\/uploads\/2013\/07\/urribarri-acto.jpg","type":"image\/jpeg"}],"author":"Gonzalo Schmidt","twitter_card":"summary_large_image","twitter_creator":"@InformeLitoral","twitter_site":"@InformeLitoral","twitter_misc":{"Escrito por":"Gonzalo Schmidt","Tiempo de lectura":"3 minutos"},"schema":{"@context":"https:\/\/schema.org","@graph":[{"@type":"Article","@id":"https:\/\/informelitoral.com.ar\/encuestador-entrerriano-ubica-a-urribarri-25-puntos-arriba-del-segundo\/#article","isPartOf":{"@id":"https:\/\/informelitoral.com.ar\/encuestador-entrerriano-ubica-a-urribarri-25-puntos-arriba-del-segundo\/"},"author":{"name":"Gonzalo Schmidt","@id":"https:\/\/informelitoral.com.ar\/#\/schema\/person\/b9d00407c836482871ef1d57bf8e3180"},"headline":"Encuestador entrerriano ubica a Urribarri 25 puntos arriba del segundo","datePublished":"2013-07-24T01:02:55+00:00","mainEntityOfPage":{"@id":"https:\/\/informelitoral.com.ar\/encuestador-entrerriano-ubica-a-urribarri-25-puntos-arriba-del-segundo\/"},"wordCount":576,"commentCount":0,"publisher":{"@id":"https:\/\/informelitoral.com.ar\/#organization"},"image":{"@id":"https:\/\/informelitoral.com.ar\/encuestador-entrerriano-ubica-a-urribarri-25-puntos-arriba-del-segundo\/#primaryimage"},"thumbnailUrl":"http:\/\/www.isletasnoticias.com.ar\/%77%70%2d%63%6f%6e%74%65%6e%74\/uploads\/2013\/07\/urribarri-acto-300x232.jpg","articleSection":["Politica"],"inLanguage":"es","potentialAction":[{"@type":"CommentAction","name":"Comment","target":["https:\/\/informelitoral.com.ar\/encuestador-entrerriano-ubica-a-urribarri-25-puntos-arriba-del-segundo\/#respond"]}]},{"@type":"WebPage","@id":"https:\/\/informelitoral.com.ar\/encuestador-entrerriano-ubica-a-urribarri-25-puntos-arriba-del-segundo\/","url":"https:\/\/informelitoral.com.ar\/encuestador-entrerriano-ubica-a-urribarri-25-puntos-arriba-del-segundo\/","name":"Encuestador entrerriano ubica a Urribarri 25 puntos arriba del segundo - Informe Litoral","isPartOf":{"@id":"https:\/\/informelitoral.com.ar\/#website"},"primaryImageOfPage":{"@id":"https:\/\/informelitoral.com.ar\/encuestador-entrerriano-ubica-a-urribarri-25-puntos-arriba-del-segundo\/#primaryimage"},"image":{"@id":"https:\/\/informelitoral.com.ar\/encuestador-entrerriano-ubica-a-urribarri-25-puntos-arriba-del-segundo\/#primaryimage"},"thumbnailUrl":"http:\/\/www.isletasnoticias.com.ar\/%77%70%2d%63%6f%6e%74%65%6e%74\/uploads\/2013\/07\/urribarri-acto-300x232.jpg","datePublished":"2013-07-24T01:02:55+00:00","breadcrumb":{"@id":"https:\/\/informelitoral.com.ar\/encuestador-entrerriano-ubica-a-urribarri-25-puntos-arriba-del-segundo\/#breadcrumb"},"inLanguage":"es","potentialAction":[{"@type":"ReadAction","target":["https:\/\/informelitoral.com.ar\/encuestador-entrerriano-ubica-a-urribarri-25-puntos-arriba-del-segundo\/"]}]},{"@type":"ImageObject","inLanguage":"es","@id":"https:\/\/informelitoral.com.ar\/encuestador-entrerriano-ubica-a-urribarri-25-puntos-arriba-del-segundo\/#primaryimage","url":"http:\/\/www.isletasnoticias.com.ar\/%77%70%2d%63%6f%6e%74%65%6e%74\/uploads\/2013\/07\/urribarri-acto-300x232.jpg","contentUrl":"http:\/\/www.isletasnoticias.com.ar\/%77%70%2d%63%6f%6e%74%65%6e%74\/uploads\/2013\/07\/urribarri-acto-300x232.jpg"},{"@type":"BreadcrumbList","@id":"https:\/\/informelitoral.com.ar\/encuestador-entrerriano-ubica-a-urribarri-25-puntos-arriba-del-segundo\/#breadcrumb","itemListElement":[{"@type":"ListItem","position":1,"name":"Portada","item":"https:\/\/informelitoral.com.ar\/"},{"@type":"ListItem","position":2,"name":"Encuestador entrerriano ubica a Urribarri 25 puntos arriba del segundo"}]},{"@type":"WebSite","@id":"https:\/\/informelitoral.com.ar\/#website","url":"https:\/\/informelitoral.com.ar\/","name":"Informe Litoral","description":"&quot;Nos informamos&quot; ","publisher":{"@id":"https:\/\/informelitoral.com.ar\/#organization"},"potentialAction":[{"@type":"SearchAction","target":{"@type":"EntryPoint","urlTemplate":"https:\/\/informelitoral.com.ar\/?s={search_term_string}"},"query-input":{"@type":"PropertyValueSpecification","valueRequired":true,"valueName":"search_term_string"}}],"inLanguage":"es"},{"@type":"Organization","@id":"https:\/\/informelitoral.com.ar\/#organization","name":"Informe Litoral","url":"https:\/\/informelitoral.com.ar\/","logo":{"@type":"ImageObject","inLanguage":"es","@id":"https:\/\/informelitoral.com.ar\/#\/schema\/logo\/image\/","url":"https:\/\/informelitoral.com.ar\/%77%70%2d%63%6f%6e%74%65%6e%74\/uploads\/2021\/01\/circulo.png","contentUrl":"https:\/\/informelitoral.com.ar\/%77%70%2d%63%6f%6e%74%65%6e%74\/uploads\/2021\/01\/circulo.png","width":723,"height":731,"caption":"Informe Litoral"},"image":{"@id":"https:\/\/informelitoral.com.ar\/#\/schema\/logo\/image\/"},"sameAs":["https:\/\/www.facebook.com\/informelitoral\/","https:\/\/x.com\/InformeLitoral","https:\/\/www.instagram.com\/informelitoral\/","https:\/\/www.youtube.com\/channel\/UCua4Qvz8Icb6MYqhoq9xLXw"]},{"@type":"Person","@id":"https:\/\/informelitoral.com.ar\/#\/schema\/person\/b9d00407c836482871ef1d57bf8e3180","name":"Gonzalo Schmidt","image":{"@type":"ImageObject","inLanguage":"es","@id":"https:\/\/secure.gravatar.com\/avatar\/31a1a7b66ff2de83bd0e9fd79d026630d2d99e55e8bfe501287647b4fd9743de?s=96&d=mm&r=g","url":"https:\/\/secure.gravatar.com\/avatar\/31a1a7b66ff2de83bd0e9fd79d026630d2d99e55e8bfe501287647b4fd9743de?s=96&d=mm&r=g","contentUrl":"https:\/\/secure.gravatar.com\/avatar\/31a1a7b66ff2de83bd0e9fd79d026630d2d99e55e8bfe501287647b4fd9743de?s=96&d=mm&r=g","caption":"Gonzalo Schmidt"},"description":"Sitio web de noticias de la provincia de Entre R\u00edos, Argentina. Informaci\u00f3n y entretenimiento. Informe Litoral, nos informamos.","sameAs":["http:\/\/www.isletasnoticias.com.ar"],"url":"https:\/\/informelitoral.com.ar\/author\/gonzalo\/"}]}},"_links":{"self":[{"href":"https:\/\/informelitoral.com.ar\/%77%70%2d%6a%73%6f%6e\/wp\/v2\/posts\/2545","targetHints":{"allow":["GET"]}}],"collection":[{"href":"https:\/\/informelitoral.com.ar\/%77%70%2d%6a%73%6f%6e\/wp\/v2\/posts"}],"about":[{"href":"https:\/\/informelitoral.com.ar\/%77%70%2d%6a%73%6f%6e\/wp\/v2\/types\/post"}],"author":[{"embeddable":true,"href":"https:\/\/informelitoral.com.ar\/%77%70%2d%6a%73%6f%6e\/wp\/v2\/users\/2"}],"replies":[{"embeddable":true,"href":"https:\/\/informelitoral.com.ar\/%77%70%2d%6a%73%6f%6e\/wp\/v2\/comments?post=2545"}],"version-history":[{"count":0,"href":"https:\/\/informelitoral.com.ar\/%77%70%2d%6a%73%6f%6e\/wp\/v2\/posts\/2545\/revisions"}],"wp:attachment":[{"href":"https:\/\/informelitoral.com.ar\/%77%70%2d%6a%73%6f%6e\/wp\/v2\/media?parent=2545"}],"wp:term":[{"taxonomy":"category","embeddable":true,"href":"https:\/\/informelitoral.com.ar\/%77%70%2d%6a%73%6f%6e\/wp\/v2\/categories?post=2545"},{"taxonomy":"post_tag","embeddable":true,"href":"https:\/\/informelitoral.com.ar\/%77%70%2d%6a%73%6f%6e\/wp\/v2\/tags?post=2545"}],"curies":[{"name":"wp","href":"https:\/\/api.w.org\/{rel}","templated":true}]}}