{"id":254319,"date":"2026-03-20T08:46:20","date_gmt":"2026-03-20T11:46:20","guid":{"rendered":"https:\/\/informelitoral.com.ar\/?p=254319"},"modified":"2026-03-20T08:46:20","modified_gmt":"2026-03-20T11:46:20","slug":"bloqueo-sanitario-en-la-paz-por-un-caso-positivo-de-dengue","status":"publish","type":"post","link":"https:\/\/informelitoral.com.ar\/bloqueo-sanitario-en-la-paz-por-un-caso-positivo-de-dengue\/","title":{"rendered":"Bloqueo sanitario en La Paz por un caso positivo de dengue"},"content":{"rendered":"<p data-path-to-node=\"3\">La ciudad de La Paz activ\u00f3 un operativo de emergencia sanitaria tras confirmarse un <b data-path-to-node=\"3\" data-index-in-node=\"84\">caso positivo de dengue<\/b>, lo que motiv\u00f3 un <b data-path-to-node=\"3\" data-index-in-node=\"126\">bloqueo epidemiol\u00f3gico en la zona de Termas<\/b>. La intervenci\u00f3n, dispuesta por la Direcci\u00f3n de Epidemiolog\u00eda de Entre R\u00edos, busca cumplir con los protocolos vigentes y evitar de forma inmediata la propagaci\u00f3n del virus en la localidad.<\/p>\n<p data-path-to-node=\"3\"><img decoding=\"async\" src=\"https:\/\/www.argentina.gob.ar\/sites\/default\/files\/que-es-el-dengue.jpg\" alt=\"Qu\u00e9 es el dengue? \u00bfC\u00f3mo se transmite? | Argentina.gob.ar\" \/><\/p>\n<p data-path-to-node=\"4\">El procedimiento incluy\u00f3 tareas de <b data-path-to-node=\"4\" data-index-in-node=\"35\">control focalizado en el sector afectado<\/b> para reducir la presencia del mosquito transmisor. Como parte central de esta estrategia, las autoridades realizaron una <b data-path-to-node=\"4\" data-index-in-node=\"197\">fumigaci\u00f3n integral en la zona termal<\/b> durante la tarde, complementando las acciones de vigilancia y rastreo de posibles nuevos contagios en las inmediaciones del foco detectado.<\/p>\n<h6 data-path-to-node=\"4\"><em><strong>Del archivo:\u00a0<a href=\"https:\/\/informelitoral.com.ar\/la-obra-social-provincial-amplio-su-cobertura-con-mas-de-290-000-nuevas-prestaciones-en-2025\/\" target=\"_blank\" rel=\"noopener\">La obra social provincial ampli\u00f3 su cobertura con m\u00e1s de 290.000 nuevas prestaciones en 2025<\/a><\/strong><\/em><\/h6>\n<p data-path-to-node=\"5\">Desde el sistema de salud recordaron que estas medidas deben acompa\u00f1arse con el compromiso social de <b data-path-to-node=\"5\" data-index-in-node=\"101\">eliminar recipientes que acumulen agua<\/b> en los hogares. Mantener la higiene en patios y jardines resulta determinante para evitar la proliferaci\u00f3n del mosquito <b data-path-to-node=\"5\" data-index-in-node=\"260\">Aedes aegypti<\/b> y proteger a la comunidad ante la aparici\u00f3n de este nuevo caso en la regi\u00f3n.<\/p>\n","protected":false},"excerpt":{"rendered":"<p>El operativo se despleg\u00f3 en la zona de Termas bajo los protocolos del Ministerio de Salud provincial para frenar la propagaci\u00f3n del virus.<\/p>\n","protected":false},"author":8,"featured_media":142836,"comment_status":"open","ping_status":"open","sticky":false,"template":"","format":"standard","meta":{"fifu_image_url":"","fifu_image_alt":"","footnotes":""},"categories":[1595],"tags":[242,81,687],"class_list":{"0":"post-254319","1":"post","2":"type-post","3":"status-publish","4":"format-standard","5":"has-post-thumbnail","7":"category-salud","8":"tag-dengue","9":"tag-entre-rios","10":"tag-la-paz"},"yoast_head":"<title>Bloqueo sanitario en La Paz por un caso positivo de dengue - Informe Litoral<\/title>\n<meta name=\"robots\" content=\"index, follow, max-snippet:-1, max-image-preview:large, max-video-preview:-1\" \/>\n<link rel=\"canonical\" href=\"https:\/\/informelitoral.com.ar\/bloqueo-sanitario-en-la-paz-por-un-caso-positivo-de-dengue\/\" \/>\n<meta property=\"og:locale\" content=\"es_ES\" \/>\n<meta property=\"og:type\" content=\"article\" \/>\n<meta property=\"og:title\" content=\"Bloqueo sanitario en La Paz por un caso positivo de dengue - Informe Litoral\" \/>\n<meta property=\"og:description\" content=\"El operativo se despleg\u00f3 en la zona de Termas bajo los protocolos del Ministerio de Salud provincial para frenar la propagaci\u00f3n del virus.\" \/>\n<meta property=\"og:url\" content=\"https:\/\/informelitoral.com.ar\/bloqueo-sanitario-en-la-paz-por-un-caso-positivo-de-dengue\/\" \/>\n<meta property=\"og:site_name\" content=\"Informe Litoral\" \/>\n<meta property=\"article:publisher\" content=\"https:\/\/www.facebook.com\/informelitoral\/\" \/>\n<meta property=\"article:published_time\" content=\"2026-03-20T11:46:20+00:00\" \/>\n<meta property=\"og:image\" content=\"https:\/\/informelitoral.com.ar\/%77%70%2d%63%6f%6e%74%65%6e%74\/uploads\/2023\/04\/Dengue-ilustrativa-17042023-editada.webp\" \/>\n\t<meta property=\"og:image:width\" content=\"730\" \/>\n\t<meta property=\"og:image:height\" content=\"443\" \/>\n\t<meta property=\"og:image:type\" content=\"image\/webp\" \/>\n<meta name=\"author\" content=\"Sebastian\" \/>\n<meta name=\"twitter:card\" content=\"summary_large_image\" \/>\n<meta name=\"twitter:creator\" content=\"@InformeLitoral\" \/>\n<meta name=\"twitter:site\" content=\"@InformeLitoral\" \/>\n<meta name=\"twitter:label1\" content=\"Escrito por\" \/>\n\t<meta name=\"twitter:data1\" content=\"Sebastian\" \/>\n\t<meta name=\"twitter:label2\" content=\"Tiempo de lectura\" \/>\n\t<meta name=\"twitter:data2\" content=\"2 minutos\" \/>\n<script type=\"application\/ld+json\" class=\"yoast-schema-graph\">{\"@context\":\"https:\\\/\\\/schema.org\",\"@graph\":[{\"@type\":\"Article\",\"@id\":\"https:\\\/\\\/informelitoral.com.ar\\\/bloqueo-sanitario-en-la-paz-por-un-caso-positivo-de-dengue\\\/#article\",\"isPartOf\":{\"@id\":\"https:\\\/\\\/informelitoral.com.ar\\\/bloqueo-sanitario-en-la-paz-por-un-caso-positivo-de-dengue\\\/\"},\"author\":{\"name\":\"Sebastian\",\"@id\":\"https:\\\/\\\/informelitoral.com.ar\\\/#\\\/schema\\\/person\\\/f05f9f461677119578717524b127d6d5\"},\"headline\":\"Bloqueo sanitario en La Paz por un caso positivo de dengue\",\"datePublished\":\"2026-03-20T11:46:20+00:00\",\"mainEntityOfPage\":{\"@id\":\"https:\\\/\\\/informelitoral.com.ar\\\/bloqueo-sanitario-en-la-paz-por-un-caso-positivo-de-dengue\\\/\"},\"wordCount\":206,\"commentCount\":0,\"publisher\":{\"@id\":\"https:\\\/\\\/informelitoral.com.ar\\\/#organization\"},\"image\":{\"@id\":\"https:\\\/\\\/informelitoral.com.ar\\\/bloqueo-sanitario-en-la-paz-por-un-caso-positivo-de-dengue\\\/#primaryimage\"},\"thumbnailUrl\":\"https:\\\/\\\/informelitoral.com.ar\\\/%77%70%2d%63%6f%6e%74%65%6e%74\\\/uploads\\\/2023\\\/04\\\/Dengue-ilustrativa-17042023-editada.webp\",\"keywords\":[\"Dengue\",\"Entre R\u00edos\",\"La Paz\"],\"articleSection\":[\"Salud\"],\"inLanguage\":\"es\",\"potentialAction\":[{\"@type\":\"CommentAction\",\"name\":\"Comment\",\"target\":[\"https:\\\/\\\/informelitoral.com.ar\\\/bloqueo-sanitario-en-la-paz-por-un-caso-positivo-de-dengue\\\/#respond\"]}]},{\"@type\":\"WebPage\",\"@id\":\"https:\\\/\\\/informelitoral.com.ar\\\/bloqueo-sanitario-en-la-paz-por-un-caso-positivo-de-dengue\\\/\",\"url\":\"https:\\\/\\\/informelitoral.com.ar\\\/bloqueo-sanitario-en-la-paz-por-un-caso-positivo-de-dengue\\\/\",\"name\":\"Bloqueo sanitario en La Paz por un caso positivo de dengue - Informe Litoral\",\"isPartOf\":{\"@id\":\"https:\\\/\\\/informelitoral.com.ar\\\/#website\"},\"primaryImageOfPage\":{\"@id\":\"https:\\\/\\\/informelitoral.com.ar\\\/bloqueo-sanitario-en-la-paz-por-un-caso-positivo-de-dengue\\\/#primaryimage\"},\"image\":{\"@id\":\"https:\\\/\\\/informelitoral.com.ar\\\/bloqueo-sanitario-en-la-paz-por-un-caso-positivo-de-dengue\\\/#primaryimage\"},\"thumbnailUrl\":\"https:\\\/\\\/informelitoral.com.ar\\\/%77%70%2d%63%6f%6e%74%65%6e%74\\\/uploads\\\/2023\\\/04\\\/Dengue-ilustrativa-17042023-editada.webp\",\"datePublished\":\"2026-03-20T11:46:20+00:00\",\"breadcrumb\":{\"@id\":\"https:\\\/\\\/informelitoral.com.ar\\\/bloqueo-sanitario-en-la-paz-por-un-caso-positivo-de-dengue\\\/#breadcrumb\"},\"inLanguage\":\"es\",\"potentialAction\":[{\"@type\":\"ReadAction\",\"target\":[\"https:\\\/\\\/informelitoral.com.ar\\\/bloqueo-sanitario-en-la-paz-por-un-caso-positivo-de-dengue\\\/\"]}]},{\"@type\":\"ImageObject\",\"inLanguage\":\"es\",\"@id\":\"https:\\\/\\\/informelitoral.com.ar\\\/bloqueo-sanitario-en-la-paz-por-un-caso-positivo-de-dengue\\\/#primaryimage\",\"url\":\"https:\\\/\\\/informelitoral.com.ar\\\/%77%70%2d%63%6f%6e%74%65%6e%74\\\/uploads\\\/2023\\\/04\\\/Dengue-ilustrativa-17042023-editada.webp\",\"contentUrl\":\"https:\\\/\\\/informelitoral.com.ar\\\/%77%70%2d%63%6f%6e%74%65%6e%74\\\/uploads\\\/2023\\\/04\\\/Dengue-ilustrativa-17042023-editada.webp\",\"width\":730,\"height\":443},{\"@type\":\"BreadcrumbList\",\"@id\":\"https:\\\/\\\/informelitoral.com.ar\\\/bloqueo-sanitario-en-la-paz-por-un-caso-positivo-de-dengue\\\/#breadcrumb\",\"itemListElement\":[{\"@type\":\"ListItem\",\"position\":1,\"name\":\"Portada\",\"item\":\"https:\\\/\\\/informelitoral.com.ar\\\/\"},{\"@type\":\"ListItem\",\"position\":2,\"name\":\"Bloqueo sanitario en La Paz por un caso positivo de dengue\"}]},{\"@type\":\"WebSite\",\"@id\":\"https:\\\/\\\/informelitoral.com.ar\\\/#website\",\"url\":\"https:\\\/\\\/informelitoral.com.ar\\\/\",\"name\":\"Informe Litoral\",\"description\":\"&quot;Nos informamos&quot; \",\"publisher\":{\"@id\":\"https:\\\/\\\/informelitoral.com.ar\\\/#organization\"},\"potentialAction\":[{\"@type\":\"SearchAction\",\"target\":{\"@type\":\"EntryPoint\",\"urlTemplate\":\"https:\\\/\\\/informelitoral.com.ar\\\/?s={search_term_string}\"},\"query-input\":{\"@type\":\"PropertyValueSpecification\",\"valueRequired\":true,\"valueName\":\"search_term_string\"}}],\"inLanguage\":\"es\"},{\"@type\":\"Organization\",\"@id\":\"https:\\\/\\\/informelitoral.com.ar\\\/#organization\",\"name\":\"Informe Litoral\",\"url\":\"https:\\\/\\\/informelitoral.com.ar\\\/\",\"logo\":{\"@type\":\"ImageObject\",\"inLanguage\":\"es\",\"@id\":\"https:\\\/\\\/informelitoral.com.ar\\\/#\\\/schema\\\/logo\\\/image\\\/\",\"url\":\"https:\\\/\\\/informelitoral.com.ar\\\/%77%70%2d%63%6f%6e%74%65%6e%74\\\/uploads\\\/2021\\\/01\\\/circulo.png\",\"contentUrl\":\"https:\\\/\\\/informelitoral.com.ar\\\/%77%70%2d%63%6f%6e%74%65%6e%74\\\/uploads\\\/2021\\\/01\\\/circulo.png\",\"width\":723,\"height\":731,\"caption\":\"Informe Litoral\"},\"image\":{\"@id\":\"https:\\\/\\\/informelitoral.com.ar\\\/#\\\/schema\\\/logo\\\/image\\\/\"},\"sameAs\":[\"https:\\\/\\\/www.facebook.com\\\/informelitoral\\\/\",\"https:\\\/\\\/x.com\\\/InformeLitoral\",\"https:\\\/\\\/www.instagram.com\\\/informelitoral\\\/\",\"https:\\\/\\\/www.youtube.com\\\/channel\\\/UCua4Qvz8Icb6MYqhoq9xLXw\"]},{\"@type\":\"Person\",\"@id\":\"https:\\\/\\\/informelitoral.com.ar\\\/#\\\/schema\\\/person\\\/f05f9f461677119578717524b127d6d5\",\"name\":\"Sebastian\",\"image\":{\"@type\":\"ImageObject\",\"inLanguage\":\"es\",\"@id\":\"https:\\\/\\\/secure.gravatar.com\\\/avatar\\\/b71bf7481d447dfb9583c7f2798e7cc64de6efb9067b74633ed8c31059a3bd82?s=96&d=mm&r=g\",\"url\":\"https:\\\/\\\/secure.gravatar.com\\\/avatar\\\/b71bf7481d447dfb9583c7f2798e7cc64de6efb9067b74633ed8c31059a3bd82?s=96&d=mm&r=g\",\"contentUrl\":\"https:\\\/\\\/secure.gravatar.com\\\/avatar\\\/b71bf7481d447dfb9583c7f2798e7cc64de6efb9067b74633ed8c31059a3bd82?s=96&d=mm&r=g\",\"caption\":\"Sebastian\"},\"url\":\"https:\\\/\\\/informelitoral.com.ar\\\/author\\\/sebastian\\\/\"}]}<\/script>","yoast_head_json":{"title":"Bloqueo sanitario en La Paz por un caso positivo de dengue - Informe Litoral","robots":{"index":"index","follow":"follow","max-snippet":"max-snippet:-1","max-image-preview":"max-image-preview:large","max-video-preview":"max-video-preview:-1"},"canonical":"https:\/\/informelitoral.com.ar\/bloqueo-sanitario-en-la-paz-por-un-caso-positivo-de-dengue\/","og_locale":"es_ES","og_type":"article","og_title":"Bloqueo sanitario en La Paz por un caso positivo de dengue - Informe Litoral","og_description":"El operativo se despleg\u00f3 en la zona de Termas bajo los protocolos del Ministerio de Salud provincial para frenar la propagaci\u00f3n del virus.","og_url":"https:\/\/informelitoral.com.ar\/bloqueo-sanitario-en-la-paz-por-un-caso-positivo-de-dengue\/","og_site_name":"Informe Litoral","article_publisher":"https:\/\/www.facebook.com\/informelitoral\/","article_published_time":"2026-03-20T11:46:20+00:00","og_image":[{"width":730,"height":443,"url":"https:\/\/informelitoral.com.ar\/%77%70%2d%63%6f%6e%74%65%6e%74\/uploads\/2023\/04\/Dengue-ilustrativa-17042023-editada.webp","type":"image\/webp"}],"author":"Sebastian","twitter_card":"summary_large_image","twitter_creator":"@InformeLitoral","twitter_site":"@InformeLitoral","twitter_misc":{"Escrito por":"Sebastian","Tiempo de lectura":"2 minutos"},"schema":{"@context":"https:\/\/schema.org","@graph":[{"@type":"Article","@id":"https:\/\/informelitoral.com.ar\/bloqueo-sanitario-en-la-paz-por-un-caso-positivo-de-dengue\/#article","isPartOf":{"@id":"https:\/\/informelitoral.com.ar\/bloqueo-sanitario-en-la-paz-por-un-caso-positivo-de-dengue\/"},"author":{"name":"Sebastian","@id":"https:\/\/informelitoral.com.ar\/#\/schema\/person\/f05f9f461677119578717524b127d6d5"},"headline":"Bloqueo sanitario en La Paz por un caso positivo de dengue","datePublished":"2026-03-20T11:46:20+00:00","mainEntityOfPage":{"@id":"https:\/\/informelitoral.com.ar\/bloqueo-sanitario-en-la-paz-por-un-caso-positivo-de-dengue\/"},"wordCount":206,"commentCount":0,"publisher":{"@id":"https:\/\/informelitoral.com.ar\/#organization"},"image":{"@id":"https:\/\/informelitoral.com.ar\/bloqueo-sanitario-en-la-paz-por-un-caso-positivo-de-dengue\/#primaryimage"},"thumbnailUrl":"https:\/\/informelitoral.com.ar\/%77%70%2d%63%6f%6e%74%65%6e%74\/uploads\/2023\/04\/Dengue-ilustrativa-17042023-editada.webp","keywords":["Dengue","Entre R\u00edos","La Paz"],"articleSection":["Salud"],"inLanguage":"es","potentialAction":[{"@type":"CommentAction","name":"Comment","target":["https:\/\/informelitoral.com.ar\/bloqueo-sanitario-en-la-paz-por-un-caso-positivo-de-dengue\/#respond"]}]},{"@type":"WebPage","@id":"https:\/\/informelitoral.com.ar\/bloqueo-sanitario-en-la-paz-por-un-caso-positivo-de-dengue\/","url":"https:\/\/informelitoral.com.ar\/bloqueo-sanitario-en-la-paz-por-un-caso-positivo-de-dengue\/","name":"Bloqueo sanitario en La Paz por un caso positivo de dengue - Informe Litoral","isPartOf":{"@id":"https:\/\/informelitoral.com.ar\/#website"},"primaryImageOfPage":{"@id":"https:\/\/informelitoral.com.ar\/bloqueo-sanitario-en-la-paz-por-un-caso-positivo-de-dengue\/#primaryimage"},"image":{"@id":"https:\/\/informelitoral.com.ar\/bloqueo-sanitario-en-la-paz-por-un-caso-positivo-de-dengue\/#primaryimage"},"thumbnailUrl":"https:\/\/informelitoral.com.ar\/%77%70%2d%63%6f%6e%74%65%6e%74\/uploads\/2023\/04\/Dengue-ilustrativa-17042023-editada.webp","datePublished":"2026-03-20T11:46:20+00:00","breadcrumb":{"@id":"https:\/\/informelitoral.com.ar\/bloqueo-sanitario-en-la-paz-por-un-caso-positivo-de-dengue\/#breadcrumb"},"inLanguage":"es","potentialAction":[{"@type":"ReadAction","target":["https:\/\/informelitoral.com.ar\/bloqueo-sanitario-en-la-paz-por-un-caso-positivo-de-dengue\/"]}]},{"@type":"ImageObject","inLanguage":"es","@id":"https:\/\/informelitoral.com.ar\/bloqueo-sanitario-en-la-paz-por-un-caso-positivo-de-dengue\/#primaryimage","url":"https:\/\/informelitoral.com.ar\/%77%70%2d%63%6f%6e%74%65%6e%74\/uploads\/2023\/04\/Dengue-ilustrativa-17042023-editada.webp","contentUrl":"https:\/\/informelitoral.com.ar\/%77%70%2d%63%6f%6e%74%65%6e%74\/uploads\/2023\/04\/Dengue-ilustrativa-17042023-editada.webp","width":730,"height":443},{"@type":"BreadcrumbList","@id":"https:\/\/informelitoral.com.ar\/bloqueo-sanitario-en-la-paz-por-un-caso-positivo-de-dengue\/#breadcrumb","itemListElement":[{"@type":"ListItem","position":1,"name":"Portada","item":"https:\/\/informelitoral.com.ar\/"},{"@type":"ListItem","position":2,"name":"Bloqueo sanitario en La Paz por un caso positivo de dengue"}]},{"@type":"WebSite","@id":"https:\/\/informelitoral.com.ar\/#website","url":"https:\/\/informelitoral.com.ar\/","name":"Informe Litoral","description":"&quot;Nos informamos&quot; ","publisher":{"@id":"https:\/\/informelitoral.com.ar\/#organization"},"potentialAction":[{"@type":"SearchAction","target":{"@type":"EntryPoint","urlTemplate":"https:\/\/informelitoral.com.ar\/?s={search_term_string}"},"query-input":{"@type":"PropertyValueSpecification","valueRequired":true,"valueName":"search_term_string"}}],"inLanguage":"es"},{"@type":"Organization","@id":"https:\/\/informelitoral.com.ar\/#organization","name":"Informe Litoral","url":"https:\/\/informelitoral.com.ar\/","logo":{"@type":"ImageObject","inLanguage":"es","@id":"https:\/\/informelitoral.com.ar\/#\/schema\/logo\/image\/","url":"https:\/\/informelitoral.com.ar\/%77%70%2d%63%6f%6e%74%65%6e%74\/uploads\/2021\/01\/circulo.png","contentUrl":"https:\/\/informelitoral.com.ar\/%77%70%2d%63%6f%6e%74%65%6e%74\/uploads\/2021\/01\/circulo.png","width":723,"height":731,"caption":"Informe Litoral"},"image":{"@id":"https:\/\/informelitoral.com.ar\/#\/schema\/logo\/image\/"},"sameAs":["https:\/\/www.facebook.com\/informelitoral\/","https:\/\/x.com\/InformeLitoral","https:\/\/www.instagram.com\/informelitoral\/","https:\/\/www.youtube.com\/channel\/UCua4Qvz8Icb6MYqhoq9xLXw"]},{"@type":"Person","@id":"https:\/\/informelitoral.com.ar\/#\/schema\/person\/f05f9f461677119578717524b127d6d5","name":"Sebastian","image":{"@type":"ImageObject","inLanguage":"es","@id":"https:\/\/secure.gravatar.com\/avatar\/b71bf7481d447dfb9583c7f2798e7cc64de6efb9067b74633ed8c31059a3bd82?s=96&d=mm&r=g","url":"https:\/\/secure.gravatar.com\/avatar\/b71bf7481d447dfb9583c7f2798e7cc64de6efb9067b74633ed8c31059a3bd82?s=96&d=mm&r=g","contentUrl":"https:\/\/secure.gravatar.com\/avatar\/b71bf7481d447dfb9583c7f2798e7cc64de6efb9067b74633ed8c31059a3bd82?s=96&d=mm&r=g","caption":"Sebastian"},"url":"https:\/\/informelitoral.com.ar\/author\/sebastian\/"}]}},"_links":{"self":[{"href":"https:\/\/informelitoral.com.ar\/%77%70%2d%6a%73%6f%6e\/wp\/v2\/posts\/254319","targetHints":{"allow":["GET"]}}],"collection":[{"href":"https:\/\/informelitoral.com.ar\/%77%70%2d%6a%73%6f%6e\/wp\/v2\/posts"}],"about":[{"href":"https:\/\/informelitoral.com.ar\/%77%70%2d%6a%73%6f%6e\/wp\/v2\/types\/post"}],"author":[{"embeddable":true,"href":"https:\/\/informelitoral.com.ar\/%77%70%2d%6a%73%6f%6e\/wp\/v2\/users\/8"}],"replies":[{"embeddable":true,"href":"https:\/\/informelitoral.com.ar\/%77%70%2d%6a%73%6f%6e\/wp\/v2\/comments?post=254319"}],"version-history":[{"count":1,"href":"https:\/\/informelitoral.com.ar\/%77%70%2d%6a%73%6f%6e\/wp\/v2\/posts\/254319\/revisions"}],"predecessor-version":[{"id":254320,"href":"https:\/\/informelitoral.com.ar\/%77%70%2d%6a%73%6f%6e\/wp\/v2\/posts\/254319\/revisions\/254320"}],"wp:featuredmedia":[{"embeddable":true,"href":"https:\/\/informelitoral.com.ar\/%77%70%2d%6a%73%6f%6e\/wp\/v2\/media\/142836"}],"wp:attachment":[{"href":"https:\/\/informelitoral.com.ar\/%77%70%2d%6a%73%6f%6e\/wp\/v2\/media?parent=254319"}],"wp:term":[{"taxonomy":"category","embeddable":true,"href":"https:\/\/informelitoral.com.ar\/%77%70%2d%6a%73%6f%6e\/wp\/v2\/categories?post=254319"},{"taxonomy":"post_tag","embeddable":true,"href":"https:\/\/informelitoral.com.ar\/%77%70%2d%6a%73%6f%6e\/wp\/v2\/tags?post=254319"}],"curies":[{"name":"wp","href":"https:\/\/api.w.org\/{rel}","templated":true}]}}