{"id":25426,"date":"2018-03-07T06:40:44","date_gmt":"2018-03-07T09:40:44","guid":{"rendered":"https:\/\/www.isletasnoticias.com.ar\/?p=25426"},"modified":"2018-03-07T07:49:44","modified_gmt":"2018-03-07T10:49:44","slug":"en-crespo-ya-se-pueden-realizar-todos-los-tramites-de-anses","status":"publish","type":"post","link":"https:\/\/informelitoral.com.ar\/en-crespo-ya-se-pueden-realizar-todos-los-tramites-de-anses\/","title":{"rendered":"En Crespo ya se pueden realizar tr\u00e1mites de Anses"},"content":{"rendered":"<p><strong>La oficina de la Administraci\u00f3n Nacional de Seguridad Social funcionar\u00e1 los lunes, martes y mi\u00e9rcoles. Se podr\u00e1n realizar todos los tr\u00e1mites, excepto tramitar jubilaciones. Se atender\u00e1n s\u00f3lo 30 turnos por d\u00eda e incluye un cupo para localidades vecinas.<a href=\"https:\/\/www.isletasnoticias.com.ar\/%77%70%2d%63%6f%6e%74%65%6e%74\/uploads\/2018\/03\/anses-crespo.jpg\"><img loading=\"lazy\" decoding=\"async\" class=\"aligncenter wp-image-25427 size-full\" src=\"https:\/\/www.isletasnoticias.com.ar\/%77%70%2d%63%6f%6e%74%65%6e%74\/uploads\/2018\/03\/anses-crespo.jpg\" alt=\"\" width=\"696\" height=\"485\" srcset=\"https:\/\/informelitoral.com.ar\/%77%70%2d%63%6f%6e%74%65%6e%74\/uploads\/2018\/03\/anses-crespo.jpg 696w, https:\/\/informelitoral.com.ar\/%77%70%2d%63%6f%6e%74%65%6e%74\/uploads\/2018\/03\/anses-crespo-300x209.jpg 300w\" sizes=\"auto, (max-width: 696px) 100vw, 696px\" \/><\/a><\/strong><\/p>\n<p>El martes \u00faltimo, se inaugur\u00f3 un punto de atenci\u00f3n de Anses en Crespo. El acto fue presidido por el intendente <strong>Dar\u00edo Schneider<\/strong>, acompa\u00f1ado por el jefe Regional Litoral, <strong>Sebasti\u00e1n Mastropaolo<\/strong>; la jefa de UNDAI Paran\u00e1 I, <strong>Andrea Gaspar\u00edn<\/strong>; <strong>Juan Domingo Zacar\u00edas<\/strong>, coordinador institucional de Entre R\u00edos; y<strong> Enrique Susevich<\/strong>, jefe UDAI Paran\u00e1 II.<\/p>\n<p>El intendente destac\u00f3 que \u201ceste nuevo servicio que prestar\u00e1 Anses en la ciudad es muy necesario y muy esperado por todos los crespenses, pero adem\u00e1s por <strong>toda el \u00e1rea de influencia y localidades vecinas que tambi\u00e9n tendr\u00e1n la oportunidad de poder realizar los tr\u00e1mites en esta ciudad\u201d.<\/strong><\/p>\n<p>Anunci\u00f3 que \u201ces un primer paso para que el servicio siga creciendo en el futuro\u201d. Se mostr\u00f3 contento de haber llegado a esta instancia y facilitar el acceso a much\u00edsimos programas que tiene a disposici\u00f3n Anses. \u201cQue haya agentes de Anses viviendo en nuestra ciudad, ayuda a abrir este punto\u201d- se\u00f1al\u00f3 y agradeci\u00f3 la disposici\u00f3n de facilitar este servicio.<\/p>\n<p>Por su parte el jefe Regional Litoral, <strong>Sebasti\u00e1n Mastropaolo<\/strong> agradeci\u00f3 la buena predisposici\u00f3n del intendente. \u201cEstamos trabajando fuertemente desde Anses para llegar a todas las localidades del interior de Entre R\u00edos y de Santa Fe, pero muchas veces nos pasa que no tenemos esta reciprocidad de recepci\u00f3n\u201d- indic\u00f3 en relaci\u00f3n a la colaboraci\u00f3n del municipio que puso a disposici\u00f3n del organismo una oficina y todo su equipamiento.<\/p>\n<p><img loading=\"lazy\" decoding=\"async\" class=\"aligncenter size-full wp-image-21806 td-animation-stack-type0-2\" src=\"http:\/\/paralelo32.4hiq9fbm.maxcdn-edge.com\/%77%70%2d%63%6f%6e%74%65%6e%74\/uploads\/2018\/03\/InauguranOficinaAnsesCrespo.jpg\" sizes=\"auto, (max-width: 2125px) 100vw, 2125px\" srcset=\"http:\/\/paralelo32.4hiq9fbm.maxcdn-edge.com\/%77%70%2d%63%6f%6e%74%65%6e%74\/uploads\/2018\/03\/InauguranOficinaAnsesCrespo.jpg 2125w, http:\/\/paralelo32.4hiq9fbm.maxcdn-edge.com\/%77%70%2d%63%6f%6e%74%65%6e%74\/uploads\/2018\/03\/InauguranOficinaAnsesCrespo-300x209.jpg 300w, http:\/\/paralelo32.4hiq9fbm.maxcdn-edge.com\/%77%70%2d%63%6f%6e%74%65%6e%74\/uploads\/2018\/03\/InauguranOficinaAnsesCrespo-768x535.jpg 768w, http:\/\/paralelo32.4hiq9fbm.maxcdn-edge.com\/%77%70%2d%63%6f%6e%74%65%6e%74\/uploads\/2018\/03\/InauguranOficinaAnsesCrespo-1024x714.jpg 1024w, http:\/\/paralelo32.4hiq9fbm.maxcdn-edge.com\/%77%70%2d%63%6f%6e%74%65%6e%74\/uploads\/2018\/03\/InauguranOficinaAnsesCrespo-100x70.jpg 100w, http:\/\/paralelo32.4hiq9fbm.maxcdn-edge.com\/%77%70%2d%63%6f%6e%74%65%6e%74\/uploads\/2018\/03\/InauguranOficinaAnsesCrespo-696x485.jpg 696w, http:\/\/paralelo32.4hiq9fbm.maxcdn-edge.com\/%77%70%2d%63%6f%6e%74%65%6e%74\/uploads\/2018\/03\/InauguranOficinaAnsesCrespo-1068x744.jpg 1068w, http:\/\/paralelo32.4hiq9fbm.maxcdn-edge.com\/%77%70%2d%63%6f%6e%74%65%6e%74\/uploads\/2018\/03\/InauguranOficinaAnsesCrespo-603x420.jpg 603w\" alt=\"\" width=\"2125\" height=\"1481\" \/><\/p>\n<h3><strong>Servicios<\/strong><\/h3>\n<p>La jefa UDAI Paran\u00e1 I, <strong>Andrea Gaspar\u00edn<\/strong> indic\u00f3 que<strong> la oficina funcionar\u00e1 tres d\u00edas a la semana,<\/strong> <strong>lunes, martes<\/strong> y <strong>mi\u00e9rcoles de 7:30 a 13:00<\/strong> en un espacio cedido por la Direcci\u00f3n de Desarrollo Social, <strong>25 de Mayo 907 (planta baja)<\/strong>. <strong>Cada d\u00eda se atender\u00e1n 30 personas<\/strong>, que deber\u00e1n solicitar turno el d\u00eda antes en la Direcci\u00f3n de Desarrollo Social.<\/p>\n<p>Gaspar\u00edn aclar\u00f3 que dentro de ese cupo hay una cantidad prevista para atender la demanda de localidades vecinas.<\/p>\n<p>La entrevistada precis\u00f3 que en este punto de atenci\u00f3n <strong>se podr\u00e1n realizar todos los tr\u00e1mites, excepto gestionar jubilaciones<\/strong>. \u201cSe los va a asesorar, sacar un turno y despu\u00e9s tendr\u00e1n que viajar a Paran\u00e1\u201d, aclar\u00f3.<\/p>\n","protected":false},"excerpt":{"rendered":"<p>La oficina de la Administraci&oacute;n Nacional de Seguridad Social funcionar&aacute; los lunes, martes y mi&eacute;rcoles. Se podr&aacute;n realizar todos los tr&aacute;mites, excepto tramitar jubilaciones. Se atender&aacute;n s&oacute;lo 30 turnos por d&iacute;a e incluye un cupo para localidades vecinas. El martes &uacute;ltimo, se inaugur&oacute; un punto de atenci&oacute;n de Anses en Crespo. El acto fue presidido [&hellip;]<\/p>\n","protected":false},"author":2,"featured_media":0,"comment_status":"open","ping_status":"open","sticky":false,"template":"","format":"standard","meta":{"fifu_image_url":"","fifu_image_alt":"","footnotes":""},"categories":[6],"tags":[],"class_list":{"0":"post-25426","1":"post","2":"type-post","3":"status-publish","4":"format-standard","6":"category-entre-rios"},"yoast_head":"<title>En Crespo ya se pueden realizar tr\u00e1mites de Anses - Informe Litoral<\/title>\n<meta name=\"robots\" content=\"index, follow, max-snippet:-1, max-image-preview:large, max-video-preview:-1\" \/>\n<link rel=\"canonical\" href=\"https:\/\/informelitoral.com.ar\/en-crespo-ya-se-pueden-realizar-todos-los-tramites-de-anses\/\" \/>\n<meta property=\"og:locale\" content=\"es_ES\" \/>\n<meta property=\"og:type\" content=\"article\" \/>\n<meta property=\"og:title\" content=\"En Crespo ya se pueden realizar tr\u00e1mites de Anses - Informe Litoral\" \/>\n<meta property=\"og:description\" content=\"La oficina de la Administraci&oacute;n Nacional de Seguridad Social funcionar&aacute; los lunes, martes y mi&eacute;rcoles. Se podr&aacute;n realizar todos los tr&aacute;mites, excepto tramitar jubilaciones. Se atender&aacute;n s&oacute;lo 30 turnos por d&iacute;a e incluye un cupo para localidades vecinas. El martes &uacute;ltimo, se inaugur&oacute; un punto de atenci&oacute;n de Anses en Crespo. El acto fue presidido [&hellip;]\" \/>\n<meta property=\"og:url\" content=\"https:\/\/informelitoral.com.ar\/en-crespo-ya-se-pueden-realizar-todos-los-tramites-de-anses\/\" \/>\n<meta property=\"og:site_name\" content=\"Informe Litoral\" \/>\n<meta property=\"article:publisher\" content=\"https:\/\/www.facebook.com\/informelitoral\/\" \/>\n<meta property=\"article:published_time\" content=\"2018-03-07T09:40:44+00:00\" \/>\n<meta property=\"article:modified_time\" content=\"2018-03-07T10:49:44+00:00\" \/>\n<meta property=\"og:image\" content=\"https:\/\/informelitoral.com.ar\/%77%70%2d%63%6f%6e%74%65%6e%74\/uploads\/2018\/03\/anses-crespo.jpg\" \/>\n\t<meta property=\"og:image:width\" content=\"696\" \/>\n\t<meta property=\"og:image:height\" content=\"485\" \/>\n\t<meta property=\"og:image:type\" content=\"image\/jpeg\" \/>\n<meta name=\"author\" content=\"Gonzalo Schmidt\" \/>\n<meta name=\"twitter:card\" content=\"summary_large_image\" \/>\n<meta name=\"twitter:creator\" content=\"@InformeLitoral\" \/>\n<meta name=\"twitter:site\" content=\"@InformeLitoral\" \/>\n<meta name=\"twitter:label1\" content=\"Escrito por\" \/>\n\t<meta name=\"twitter:data1\" content=\"Gonzalo Schmidt\" \/>\n\t<meta name=\"twitter:label2\" content=\"Tiempo de lectura\" \/>\n\t<meta name=\"twitter:data2\" content=\"2 minutos\" \/>\n<script type=\"application\/ld+json\" class=\"yoast-schema-graph\">{\"@context\":\"https:\\\/\\\/schema.org\",\"@graph\":[{\"@type\":\"Article\",\"@id\":\"https:\\\/\\\/informelitoral.com.ar\\\/en-crespo-ya-se-pueden-realizar-todos-los-tramites-de-anses\\\/#article\",\"isPartOf\":{\"@id\":\"https:\\\/\\\/informelitoral.com.ar\\\/en-crespo-ya-se-pueden-realizar-todos-los-tramites-de-anses\\\/\"},\"author\":{\"name\":\"Gonzalo Schmidt\",\"@id\":\"https:\\\/\\\/informelitoral.com.ar\\\/#\\\/schema\\\/person\\\/b9d00407c836482871ef1d57bf8e3180\"},\"headline\":\"En Crespo ya se pueden realizar tr\u00e1mites de Anses\",\"datePublished\":\"2018-03-07T09:40:44+00:00\",\"dateModified\":\"2018-03-07T10:49:44+00:00\",\"mainEntityOfPage\":{\"@id\":\"https:\\\/\\\/informelitoral.com.ar\\\/en-crespo-ya-se-pueden-realizar-todos-los-tramites-de-anses\\\/\"},\"wordCount\":427,\"commentCount\":0,\"publisher\":{\"@id\":\"https:\\\/\\\/informelitoral.com.ar\\\/#organization\"},\"image\":{\"@id\":\"https:\\\/\\\/informelitoral.com.ar\\\/en-crespo-ya-se-pueden-realizar-todos-los-tramites-de-anses\\\/#primaryimage\"},\"thumbnailUrl\":\"https:\\\/\\\/www.isletasnoticias.com.ar\\\/%77%70%2d%63%6f%6e%74%65%6e%74\\\/uploads\\\/2018\\\/03\\\/anses-crespo.jpg\",\"articleSection\":[\"Entre R\u00edos\"],\"inLanguage\":\"es\",\"potentialAction\":[{\"@type\":\"CommentAction\",\"name\":\"Comment\",\"target\":[\"https:\\\/\\\/informelitoral.com.ar\\\/en-crespo-ya-se-pueden-realizar-todos-los-tramites-de-anses\\\/#respond\"]}]},{\"@type\":\"WebPage\",\"@id\":\"https:\\\/\\\/informelitoral.com.ar\\\/en-crespo-ya-se-pueden-realizar-todos-los-tramites-de-anses\\\/\",\"url\":\"https:\\\/\\\/informelitoral.com.ar\\\/en-crespo-ya-se-pueden-realizar-todos-los-tramites-de-anses\\\/\",\"name\":\"En Crespo ya se pueden realizar tr\u00e1mites de Anses - Informe Litoral\",\"isPartOf\":{\"@id\":\"https:\\\/\\\/informelitoral.com.ar\\\/#website\"},\"primaryImageOfPage\":{\"@id\":\"https:\\\/\\\/informelitoral.com.ar\\\/en-crespo-ya-se-pueden-realizar-todos-los-tramites-de-anses\\\/#primaryimage\"},\"image\":{\"@id\":\"https:\\\/\\\/informelitoral.com.ar\\\/en-crespo-ya-se-pueden-realizar-todos-los-tramites-de-anses\\\/#primaryimage\"},\"thumbnailUrl\":\"https:\\\/\\\/www.isletasnoticias.com.ar\\\/%77%70%2d%63%6f%6e%74%65%6e%74\\\/uploads\\\/2018\\\/03\\\/anses-crespo.jpg\",\"datePublished\":\"2018-03-07T09:40:44+00:00\",\"dateModified\":\"2018-03-07T10:49:44+00:00\",\"breadcrumb\":{\"@id\":\"https:\\\/\\\/informelitoral.com.ar\\\/en-crespo-ya-se-pueden-realizar-todos-los-tramites-de-anses\\\/#breadcrumb\"},\"inLanguage\":\"es\",\"potentialAction\":[{\"@type\":\"ReadAction\",\"target\":[\"https:\\\/\\\/informelitoral.com.ar\\\/en-crespo-ya-se-pueden-realizar-todos-los-tramites-de-anses\\\/\"]}]},{\"@type\":\"ImageObject\",\"inLanguage\":\"es\",\"@id\":\"https:\\\/\\\/informelitoral.com.ar\\\/en-crespo-ya-se-pueden-realizar-todos-los-tramites-de-anses\\\/#primaryimage\",\"url\":\"https:\\\/\\\/www.isletasnoticias.com.ar\\\/%77%70%2d%63%6f%6e%74%65%6e%74\\\/uploads\\\/2018\\\/03\\\/anses-crespo.jpg\",\"contentUrl\":\"https:\\\/\\\/www.isletasnoticias.com.ar\\\/%77%70%2d%63%6f%6e%74%65%6e%74\\\/uploads\\\/2018\\\/03\\\/anses-crespo.jpg\"},{\"@type\":\"BreadcrumbList\",\"@id\":\"https:\\\/\\\/informelitoral.com.ar\\\/en-crespo-ya-se-pueden-realizar-todos-los-tramites-de-anses\\\/#breadcrumb\",\"itemListElement\":[{\"@type\":\"ListItem\",\"position\":1,\"name\":\"Portada\",\"item\":\"https:\\\/\\\/informelitoral.com.ar\\\/\"},{\"@type\":\"ListItem\",\"position\":2,\"name\":\"En Crespo ya se pueden realizar tr\u00e1mites de Anses\"}]},{\"@type\":\"WebSite\",\"@id\":\"https:\\\/\\\/informelitoral.com.ar\\\/#website\",\"url\":\"https:\\\/\\\/informelitoral.com.ar\\\/\",\"name\":\"Informe Litoral\",\"description\":\"&quot;Nos informamos&quot; \",\"publisher\":{\"@id\":\"https:\\\/\\\/informelitoral.com.ar\\\/#organization\"},\"potentialAction\":[{\"@type\":\"SearchAction\",\"target\":{\"@type\":\"EntryPoint\",\"urlTemplate\":\"https:\\\/\\\/informelitoral.com.ar\\\/?s={search_term_string}\"},\"query-input\":{\"@type\":\"PropertyValueSpecification\",\"valueRequired\":true,\"valueName\":\"search_term_string\"}}],\"inLanguage\":\"es\"},{\"@type\":\"Organization\",\"@id\":\"https:\\\/\\\/informelitoral.com.ar\\\/#organization\",\"name\":\"Informe Litoral\",\"url\":\"https:\\\/\\\/informelitoral.com.ar\\\/\",\"logo\":{\"@type\":\"ImageObject\",\"inLanguage\":\"es\",\"@id\":\"https:\\\/\\\/informelitoral.com.ar\\\/#\\\/schema\\\/logo\\\/image\\\/\",\"url\":\"https:\\\/\\\/informelitoral.com.ar\\\/%77%70%2d%63%6f%6e%74%65%6e%74\\\/uploads\\\/2021\\\/01\\\/circulo.png\",\"contentUrl\":\"https:\\\/\\\/informelitoral.com.ar\\\/%77%70%2d%63%6f%6e%74%65%6e%74\\\/uploads\\\/2021\\\/01\\\/circulo.png\",\"width\":723,\"height\":731,\"caption\":\"Informe Litoral\"},\"image\":{\"@id\":\"https:\\\/\\\/informelitoral.com.ar\\\/#\\\/schema\\\/logo\\\/image\\\/\"},\"sameAs\":[\"https:\\\/\\\/www.facebook.com\\\/informelitoral\\\/\",\"https:\\\/\\\/x.com\\\/InformeLitoral\",\"https:\\\/\\\/www.instagram.com\\\/informelitoral\\\/\",\"https:\\\/\\\/www.youtube.com\\\/channel\\\/UCua4Qvz8Icb6MYqhoq9xLXw\"]},{\"@type\":\"Person\",\"@id\":\"https:\\\/\\\/informelitoral.com.ar\\\/#\\\/schema\\\/person\\\/b9d00407c836482871ef1d57bf8e3180\",\"name\":\"Gonzalo Schmidt\",\"image\":{\"@type\":\"ImageObject\",\"inLanguage\":\"es\",\"@id\":\"https:\\\/\\\/secure.gravatar.com\\\/avatar\\\/31a1a7b66ff2de83bd0e9fd79d026630d2d99e55e8bfe501287647b4fd9743de?s=96&d=mm&r=g\",\"url\":\"https:\\\/\\\/secure.gravatar.com\\\/avatar\\\/31a1a7b66ff2de83bd0e9fd79d026630d2d99e55e8bfe501287647b4fd9743de?s=96&d=mm&r=g\",\"contentUrl\":\"https:\\\/\\\/secure.gravatar.com\\\/avatar\\\/31a1a7b66ff2de83bd0e9fd79d026630d2d99e55e8bfe501287647b4fd9743de?s=96&d=mm&r=g\",\"caption\":\"Gonzalo Schmidt\"},\"description\":\"Sitio web de noticias de la provincia de Entre R\u00edos, Argentina. Informaci\u00f3n y entretenimiento. Informe Litoral, nos informamos.\",\"sameAs\":[\"http:\\\/\\\/www.isletasnoticias.com.ar\"],\"url\":\"https:\\\/\\\/informelitoral.com.ar\\\/author\\\/gonzalo\\\/\"}]}<\/script>","yoast_head_json":{"title":"En Crespo ya se pueden realizar tr\u00e1mites de Anses - Informe Litoral","robots":{"index":"index","follow":"follow","max-snippet":"max-snippet:-1","max-image-preview":"max-image-preview:large","max-video-preview":"max-video-preview:-1"},"canonical":"https:\/\/informelitoral.com.ar\/en-crespo-ya-se-pueden-realizar-todos-los-tramites-de-anses\/","og_locale":"es_ES","og_type":"article","og_title":"En Crespo ya se pueden realizar tr\u00e1mites de Anses - Informe Litoral","og_description":"La oficina de la Administraci&oacute;n Nacional de Seguridad Social funcionar&aacute; los lunes, martes y mi&eacute;rcoles. Se podr&aacute;n realizar todos los tr&aacute;mites, excepto tramitar jubilaciones. Se atender&aacute;n s&oacute;lo 30 turnos por d&iacute;a e incluye un cupo para localidades vecinas. El martes &uacute;ltimo, se inaugur&oacute; un punto de atenci&oacute;n de Anses en Crespo. El acto fue presidido [&hellip;]","og_url":"https:\/\/informelitoral.com.ar\/en-crespo-ya-se-pueden-realizar-todos-los-tramites-de-anses\/","og_site_name":"Informe Litoral","article_publisher":"https:\/\/www.facebook.com\/informelitoral\/","article_published_time":"2018-03-07T09:40:44+00:00","article_modified_time":"2018-03-07T10:49:44+00:00","og_image":[{"width":696,"height":485,"url":"https:\/\/informelitoral.com.ar\/%77%70%2d%63%6f%6e%74%65%6e%74\/uploads\/2018\/03\/anses-crespo.jpg","type":"image\/jpeg"}],"author":"Gonzalo Schmidt","twitter_card":"summary_large_image","twitter_creator":"@InformeLitoral","twitter_site":"@InformeLitoral","twitter_misc":{"Escrito por":"Gonzalo Schmidt","Tiempo de lectura":"2 minutos"},"schema":{"@context":"https:\/\/schema.org","@graph":[{"@type":"Article","@id":"https:\/\/informelitoral.com.ar\/en-crespo-ya-se-pueden-realizar-todos-los-tramites-de-anses\/#article","isPartOf":{"@id":"https:\/\/informelitoral.com.ar\/en-crespo-ya-se-pueden-realizar-todos-los-tramites-de-anses\/"},"author":{"name":"Gonzalo Schmidt","@id":"https:\/\/informelitoral.com.ar\/#\/schema\/person\/b9d00407c836482871ef1d57bf8e3180"},"headline":"En Crespo ya se pueden realizar tr\u00e1mites de Anses","datePublished":"2018-03-07T09:40:44+00:00","dateModified":"2018-03-07T10:49:44+00:00","mainEntityOfPage":{"@id":"https:\/\/informelitoral.com.ar\/en-crespo-ya-se-pueden-realizar-todos-los-tramites-de-anses\/"},"wordCount":427,"commentCount":0,"publisher":{"@id":"https:\/\/informelitoral.com.ar\/#organization"},"image":{"@id":"https:\/\/informelitoral.com.ar\/en-crespo-ya-se-pueden-realizar-todos-los-tramites-de-anses\/#primaryimage"},"thumbnailUrl":"https:\/\/www.isletasnoticias.com.ar\/%77%70%2d%63%6f%6e%74%65%6e%74\/uploads\/2018\/03\/anses-crespo.jpg","articleSection":["Entre R\u00edos"],"inLanguage":"es","potentialAction":[{"@type":"CommentAction","name":"Comment","target":["https:\/\/informelitoral.com.ar\/en-crespo-ya-se-pueden-realizar-todos-los-tramites-de-anses\/#respond"]}]},{"@type":"WebPage","@id":"https:\/\/informelitoral.com.ar\/en-crespo-ya-se-pueden-realizar-todos-los-tramites-de-anses\/","url":"https:\/\/informelitoral.com.ar\/en-crespo-ya-se-pueden-realizar-todos-los-tramites-de-anses\/","name":"En Crespo ya se pueden realizar tr\u00e1mites de Anses - Informe Litoral","isPartOf":{"@id":"https:\/\/informelitoral.com.ar\/#website"},"primaryImageOfPage":{"@id":"https:\/\/informelitoral.com.ar\/en-crespo-ya-se-pueden-realizar-todos-los-tramites-de-anses\/#primaryimage"},"image":{"@id":"https:\/\/informelitoral.com.ar\/en-crespo-ya-se-pueden-realizar-todos-los-tramites-de-anses\/#primaryimage"},"thumbnailUrl":"https:\/\/www.isletasnoticias.com.ar\/%77%70%2d%63%6f%6e%74%65%6e%74\/uploads\/2018\/03\/anses-crespo.jpg","datePublished":"2018-03-07T09:40:44+00:00","dateModified":"2018-03-07T10:49:44+00:00","breadcrumb":{"@id":"https:\/\/informelitoral.com.ar\/en-crespo-ya-se-pueden-realizar-todos-los-tramites-de-anses\/#breadcrumb"},"inLanguage":"es","potentialAction":[{"@type":"ReadAction","target":["https:\/\/informelitoral.com.ar\/en-crespo-ya-se-pueden-realizar-todos-los-tramites-de-anses\/"]}]},{"@type":"ImageObject","inLanguage":"es","@id":"https:\/\/informelitoral.com.ar\/en-crespo-ya-se-pueden-realizar-todos-los-tramites-de-anses\/#primaryimage","url":"https:\/\/www.isletasnoticias.com.ar\/%77%70%2d%63%6f%6e%74%65%6e%74\/uploads\/2018\/03\/anses-crespo.jpg","contentUrl":"https:\/\/www.isletasnoticias.com.ar\/%77%70%2d%63%6f%6e%74%65%6e%74\/uploads\/2018\/03\/anses-crespo.jpg"},{"@type":"BreadcrumbList","@id":"https:\/\/informelitoral.com.ar\/en-crespo-ya-se-pueden-realizar-todos-los-tramites-de-anses\/#breadcrumb","itemListElement":[{"@type":"ListItem","position":1,"name":"Portada","item":"https:\/\/informelitoral.com.ar\/"},{"@type":"ListItem","position":2,"name":"En Crespo ya se pueden realizar tr\u00e1mites de Anses"}]},{"@type":"WebSite","@id":"https:\/\/informelitoral.com.ar\/#website","url":"https:\/\/informelitoral.com.ar\/","name":"Informe Litoral","description":"&quot;Nos informamos&quot; ","publisher":{"@id":"https:\/\/informelitoral.com.ar\/#organization"},"potentialAction":[{"@type":"SearchAction","target":{"@type":"EntryPoint","urlTemplate":"https:\/\/informelitoral.com.ar\/?s={search_term_string}"},"query-input":{"@type":"PropertyValueSpecification","valueRequired":true,"valueName":"search_term_string"}}],"inLanguage":"es"},{"@type":"Organization","@id":"https:\/\/informelitoral.com.ar\/#organization","name":"Informe Litoral","url":"https:\/\/informelitoral.com.ar\/","logo":{"@type":"ImageObject","inLanguage":"es","@id":"https:\/\/informelitoral.com.ar\/#\/schema\/logo\/image\/","url":"https:\/\/informelitoral.com.ar\/%77%70%2d%63%6f%6e%74%65%6e%74\/uploads\/2021\/01\/circulo.png","contentUrl":"https:\/\/informelitoral.com.ar\/%77%70%2d%63%6f%6e%74%65%6e%74\/uploads\/2021\/01\/circulo.png","width":723,"height":731,"caption":"Informe Litoral"},"image":{"@id":"https:\/\/informelitoral.com.ar\/#\/schema\/logo\/image\/"},"sameAs":["https:\/\/www.facebook.com\/informelitoral\/","https:\/\/x.com\/InformeLitoral","https:\/\/www.instagram.com\/informelitoral\/","https:\/\/www.youtube.com\/channel\/UCua4Qvz8Icb6MYqhoq9xLXw"]},{"@type":"Person","@id":"https:\/\/informelitoral.com.ar\/#\/schema\/person\/b9d00407c836482871ef1d57bf8e3180","name":"Gonzalo Schmidt","image":{"@type":"ImageObject","inLanguage":"es","@id":"https:\/\/secure.gravatar.com\/avatar\/31a1a7b66ff2de83bd0e9fd79d026630d2d99e55e8bfe501287647b4fd9743de?s=96&d=mm&r=g","url":"https:\/\/secure.gravatar.com\/avatar\/31a1a7b66ff2de83bd0e9fd79d026630d2d99e55e8bfe501287647b4fd9743de?s=96&d=mm&r=g","contentUrl":"https:\/\/secure.gravatar.com\/avatar\/31a1a7b66ff2de83bd0e9fd79d026630d2d99e55e8bfe501287647b4fd9743de?s=96&d=mm&r=g","caption":"Gonzalo Schmidt"},"description":"Sitio web de noticias de la provincia de Entre R\u00edos, Argentina. Informaci\u00f3n y entretenimiento. Informe Litoral, nos informamos.","sameAs":["http:\/\/www.isletasnoticias.com.ar"],"url":"https:\/\/informelitoral.com.ar\/author\/gonzalo\/"}]}},"_links":{"self":[{"href":"https:\/\/informelitoral.com.ar\/%77%70%2d%6a%73%6f%6e\/wp\/v2\/posts\/25426","targetHints":{"allow":["GET"]}}],"collection":[{"href":"https:\/\/informelitoral.com.ar\/%77%70%2d%6a%73%6f%6e\/wp\/v2\/posts"}],"about":[{"href":"https:\/\/informelitoral.com.ar\/%77%70%2d%6a%73%6f%6e\/wp\/v2\/types\/post"}],"author":[{"embeddable":true,"href":"https:\/\/informelitoral.com.ar\/%77%70%2d%6a%73%6f%6e\/wp\/v2\/users\/2"}],"replies":[{"embeddable":true,"href":"https:\/\/informelitoral.com.ar\/%77%70%2d%6a%73%6f%6e\/wp\/v2\/comments?post=25426"}],"version-history":[{"count":0,"href":"https:\/\/informelitoral.com.ar\/%77%70%2d%6a%73%6f%6e\/wp\/v2\/posts\/25426\/revisions"}],"wp:attachment":[{"href":"https:\/\/informelitoral.com.ar\/%77%70%2d%6a%73%6f%6e\/wp\/v2\/media?parent=25426"}],"wp:term":[{"taxonomy":"category","embeddable":true,"href":"https:\/\/informelitoral.com.ar\/%77%70%2d%6a%73%6f%6e\/wp\/v2\/categories?post=25426"},{"taxonomy":"post_tag","embeddable":true,"href":"https:\/\/informelitoral.com.ar\/%77%70%2d%6a%73%6f%6e\/wp\/v2\/tags?post=25426"}],"curies":[{"name":"wp","href":"https:\/\/api.w.org\/{rel}","templated":true}]}}