{"id":25418,"date":"2018-03-07T07:35:02","date_gmt":"2018-03-07T10:35:02","guid":{"rendered":"https:\/\/www.isletasnoticias.com.ar\/?p=25418"},"modified":"2018-03-07T07:38:08","modified_gmt":"2018-03-07T10:38:08","slug":"bordet-declarara-la-emergencia-agropecuaria","status":"publish","type":"post","link":"https:\/\/informelitoral.com.ar\/bordet-declarara-la-emergencia-agropecuaria\/","title":{"rendered":"Bordet declarar\u00e1 la emergencia agropecuaria"},"content":{"rendered":"<div class=\"post-right\">\n<p class=\"post-excerpt\"><strong>El gobernador lo decidi\u00f3 debido a la sequ\u00eda que azota a miles de productores en la provincia. Se convoc\u00f3 a la Mesa de Enlace para este viernes. La sequ\u00eda ya produjo p\u00e9rdidas millonarias.<a href=\"https:\/\/www.isletasnoticias.com.ar\/%77%70%2d%63%6f%6e%74%65%6e%74\/uploads\/2018\/03\/sequ\u00eda-ma\u00edz.gif\"><img loading=\"lazy\" decoding=\"async\" class=\"aligncenter wp-image-25421 size-full\" src=\"https:\/\/www.isletasnoticias.com.ar\/%77%70%2d%63%6f%6e%74%65%6e%74\/uploads\/2018\/03\/sequ\u00eda-ma\u00edz.gif\" alt=\"\" width=\"1000\" height=\"600\" \/><\/a><\/strong><\/p>\n<\/div>\n<div class=\"post-body-inner\">\n<article id=\"article-post\" class=\"first\">\n<div class=\"cuerpo\" data-twitter-link=\"https:\/\/twitter.com\/intent\/tweet?url=https:\/\/ahora.com.ar\/c4141911&amp;via=PlataformaAhora&amp;related=Ahora&amp;text=\">\n<p>El\u00a0<strong>Gobierno provincial<\/strong>\u00a0declarar\u00e1 la\u00a0<strong>emergencia agropecuaria<\/strong>.\u00a0La medida se enmarca en la delicada situaci\u00f3n que atraviesa la provincia como consecuencia de la\u00a0<strong>sequ\u00eda<\/strong>, que est\u00e1 afectando a<strong>\u00a0miles de hect\u00e1reas<\/strong>, generando<strong>\u00a0p\u00e9rdidas millonarias<\/strong>.<\/p>\n<\/div>\n<\/article>\n<article id=\"article-post\">\n<div class=\"cuerpo\" data-twitter-link=\"https:\/\/twitter.com\/intent\/tweet?url=https:\/\/ahora.com.ar\/c4141911&amp;via=PlataformaAhora&amp;related=Ahora&amp;text=\">\n<p>En este marco, el ministro de Econom\u00eda,\u00a0<strong>Hugo Ballay<\/strong>, convoc\u00f3 a las entidades del agro a una reuni\u00f3n este viernes donde\u00a0<strong>se delinear\u00e1 en forma conjunta el decreto<\/strong>\u00a0que rubricar\u00e1 el gobernador.<a href=\"https:\/\/www.isletasnoticias.com.ar\/%77%70%2d%63%6f%6e%74%65%6e%74\/uploads\/2018\/03\/x_1520381500.jpg\"><img loading=\"lazy\" decoding=\"async\" class=\"aligncenter wp-image-25419 size-large\" src=\"https:\/\/www.isletasnoticias.com.ar\/%77%70%2d%63%6f%6e%74%65%6e%74\/uploads\/2018\/03\/x_1520381500-1024x683.jpg\" alt=\"\" width=\"600\" height=\"400\" srcset=\"https:\/\/informelitoral.com.ar\/%77%70%2d%63%6f%6e%74%65%6e%74\/uploads\/2018\/03\/x_1520381500-1024x683.jpg 1024w, https:\/\/informelitoral.com.ar\/%77%70%2d%63%6f%6e%74%65%6e%74\/uploads\/2018\/03\/x_1520381500-300x200.jpg 300w, https:\/\/informelitoral.com.ar\/%77%70%2d%63%6f%6e%74%65%6e%74\/uploads\/2018\/03\/x_1520381500-768x512.jpg 768w, https:\/\/informelitoral.com.ar\/%77%70%2d%63%6f%6e%74%65%6e%74\/uploads\/2018\/03\/x_1520381500.jpg 1920w\" sizes=\"auto, (max-width: 600px) 100vw, 600px\" \/><\/a><\/p>\n<p>\u201cBordet decidi\u00f3 declarar la emergencia de los sectores que est\u00e1n involucrados con la sequ\u00eda, fundamentalmente. Lo vamos a hacer en forma conjunta con la cuatro entidades que integran la Mesa de Enlace. Seguramente de esa reuni\u00f3n de trabajo saldr\u00e1 el proyecto de decreto para que el gobernador suscriba\u201d, detall\u00f3 el ministro.<\/p>\n<p>Ballay explic\u00f3 que con esta medida el Estado renunciar\u00e1 a parte de los recursos presupuestados por el Impuesto Inmobiliario Rural. Y apunt\u00f3: \u201cNo podemos escapar a la realidad de estos sectores productivos que\u00a0<strong>est\u00e1n complicados o comprometidos<\/strong>. Al decreto declarando la emergencia, lo vamos a hacer con el acompa\u00f1amiento y con el aval de las entidades\u201d.<a href=\"https:\/\/www.isletasnoticias.com.ar\/%77%70%2d%63%6f%6e%74%65%6e%74\/uploads\/2018\/03\/x_1520379381.jpg\"><img loading=\"lazy\" decoding=\"async\" class=\"aligncenter wp-image-25420 size-large\" src=\"https:\/\/www.isletasnoticias.com.ar\/%77%70%2d%63%6f%6e%74%65%6e%74\/uploads\/2018\/03\/x_1520379381-1024x683.jpg\" alt=\"\" width=\"600\" height=\"400\" srcset=\"https:\/\/informelitoral.com.ar\/%77%70%2d%63%6f%6e%74%65%6e%74\/uploads\/2018\/03\/x_1520379381-1024x683.jpg 1024w, https:\/\/informelitoral.com.ar\/%77%70%2d%63%6f%6e%74%65%6e%74\/uploads\/2018\/03\/x_1520379381-300x200.jpg 300w, https:\/\/informelitoral.com.ar\/%77%70%2d%63%6f%6e%74%65%6e%74\/uploads\/2018\/03\/x_1520379381-768x512.jpg 768w, https:\/\/informelitoral.com.ar\/%77%70%2d%63%6f%6e%74%65%6e%74\/uploads\/2018\/03\/x_1520379381.jpg 1920w\" sizes=\"auto, (max-width: 600px) 100vw, 600px\" \/><\/a><\/p>\n<p>Por \u00faltimo, el funcionario dijo que no s\u00f3lo se quedar\u00e1 con el esfuerzo de la provincia y con una pr\u00f3rroga del impuesto, sino que tambi\u00e9n\u00a0<strong>se acompa\u00f1ar\u00e1 a los productores entrerrianos ante gobierno nacional para que los apoye<\/strong>, como as\u00ed tambi\u00e9n ante las entidades bancarias. \u201cCreo que el puntapi\u00e9 nuestro del decreto llevar\u00e1 a los productores a que reciban de las entidades bancarias y del gobierno nacional<strong>\u00a0la ayuda que corresponde<\/strong>\u201d, complet\u00f3 el ministro.<\/p>\n<p><strong><em><a href=\"https:\/\/www.isletasnoticias.com.ar\/?p=25307\">LEER M\u00c1S: Isletas y Costa Grande piden la emergencia agropecuaria a Bordet<\/a><\/em><\/strong><\/p>\n<p><a href=\"https:\/\/www.isletasnoticias.com.ar\/%77%70%2d%63%6f%6e%74%65%6e%74\/uploads\/2016\/12\/LOGO-LA-GANADERA-PNG.png\"><img loading=\"lazy\" decoding=\"async\" class=\"size-medium wp-image-19466 aligncenter\" src=\"https:\/\/www.isletasnoticias.com.ar\/%77%70%2d%63%6f%6e%74%65%6e%74\/uploads\/2016\/12\/LOGO-LA-GANADERA-PNG-300x75.png\" alt=\"\" width=\"300\" height=\"75\" srcset=\"https:\/\/informelitoral.com.ar\/%77%70%2d%63%6f%6e%74%65%6e%74\/uploads\/2016\/12\/LOGO-LA-GANADERA-PNG-300x75.png 300w, https:\/\/informelitoral.com.ar\/%77%70%2d%63%6f%6e%74%65%6e%74\/uploads\/2016\/12\/LOGO-LA-GANADERA-PNG-768x191.png 768w, https:\/\/informelitoral.com.ar\/%77%70%2d%63%6f%6e%74%65%6e%74\/uploads\/2016\/12\/LOGO-LA-GANADERA-PNG-1024x255.png 1024w, https:\/\/informelitoral.com.ar\/%77%70%2d%63%6f%6e%74%65%6e%74\/uploads\/2016\/12\/LOGO-LA-GANADERA-PNG.png 1200w\" sizes=\"auto, (max-width: 300px) 100vw, 300px\" \/><\/a><\/p>\n<\/div>\n<\/article>\n<\/div>\n","protected":false},"excerpt":{"rendered":"<p>El gobernador lo decidi&oacute; debido a la sequ&iacute;a que azota a miles de productores en la provincia. Se convoc&oacute; a la Mesa de Enlace para este viernes. La sequ&iacute;a ya produjo p&eacute;rdidas millonarias. El&nbsp;Gobierno provincial&nbsp;declarar&aacute; la&nbsp;emergencia agropecuaria.&nbsp;La medida se enmarca en la delicada situaci&oacute;n que atraviesa la provincia como consecuencia de la&nbsp;sequ&iacute;a, que est&aacute; afectando [&hellip;]<\/p>\n","protected":false},"author":2,"featured_media":0,"comment_status":"open","ping_status":"open","sticky":false,"template":"","format":"standard","meta":{"fifu_image_url":"","fifu_image_alt":"","footnotes":""},"categories":[10,6],"tags":[],"class_list":{"0":"post-25418","1":"post","2":"type-post","3":"status-publish","4":"format-standard","6":"category-campo","7":"category-entre-rios"},"yoast_head":"<title>Bordet declarar\u00e1 la emergencia agropecuaria - Informe Litoral<\/title>\n<meta name=\"robots\" content=\"index, follow, max-snippet:-1, max-image-preview:large, max-video-preview:-1\" \/>\n<link rel=\"canonical\" href=\"https:\/\/informelitoral.com.ar\/bordet-declarara-la-emergencia-agropecuaria\/\" \/>\n<meta property=\"og:locale\" content=\"es_ES\" \/>\n<meta property=\"og:type\" content=\"article\" \/>\n<meta property=\"og:title\" content=\"Bordet declarar\u00e1 la emergencia agropecuaria - Informe Litoral\" \/>\n<meta property=\"og:description\" content=\"El gobernador lo decidi&oacute; debido a la sequ&iacute;a que azota a miles de productores en la provincia. Se convoc&oacute; a la Mesa de Enlace para este viernes. La sequ&iacute;a ya produjo p&eacute;rdidas millonarias. El&nbsp;Gobierno provincial&nbsp;declarar&aacute; la&nbsp;emergencia agropecuaria.&nbsp;La medida se enmarca en la delicada situaci&oacute;n que atraviesa la provincia como consecuencia de la&nbsp;sequ&iacute;a, que est&aacute; afectando [&hellip;]\" \/>\n<meta property=\"og:url\" content=\"https:\/\/informelitoral.com.ar\/bordet-declarara-la-emergencia-agropecuaria\/\" \/>\n<meta property=\"og:site_name\" content=\"Informe Litoral\" \/>\n<meta property=\"article:publisher\" content=\"https:\/\/www.facebook.com\/informelitoral\/\" \/>\n<meta property=\"article:published_time\" content=\"2018-03-07T10:35:02+00:00\" \/>\n<meta property=\"article:modified_time\" content=\"2018-03-07T10:38:08+00:00\" \/>\n<meta property=\"og:image\" content=\"https:\/\/www.isletasnoticias.com.ar\/%77%70%2d%63%6f%6e%74%65%6e%74\/uploads\/2018\/03\/x_1520381500-1024x683.jpg\" \/>\n<meta name=\"author\" content=\"Gonzalo Schmidt\" \/>\n<meta name=\"twitter:card\" content=\"summary_large_image\" \/>\n<meta name=\"twitter:creator\" content=\"@InformeLitoral\" \/>\n<meta name=\"twitter:site\" content=\"@InformeLitoral\" \/>\n<meta name=\"twitter:label1\" content=\"Escrito por\" \/>\n\t<meta name=\"twitter:data1\" content=\"Gonzalo Schmidt\" \/>\n\t<meta name=\"twitter:label2\" content=\"Tiempo de lectura\" \/>\n\t<meta name=\"twitter:data2\" content=\"2 minutos\" \/>\n<script type=\"application\/ld+json\" class=\"yoast-schema-graph\">{\"@context\":\"https:\\\/\\\/schema.org\",\"@graph\":[{\"@type\":\"Article\",\"@id\":\"https:\\\/\\\/informelitoral.com.ar\\\/bordet-declarara-la-emergencia-agropecuaria\\\/#article\",\"isPartOf\":{\"@id\":\"https:\\\/\\\/informelitoral.com.ar\\\/bordet-declarara-la-emergencia-agropecuaria\\\/\"},\"author\":{\"name\":\"Gonzalo Schmidt\",\"@id\":\"https:\\\/\\\/informelitoral.com.ar\\\/#\\\/schema\\\/person\\\/b9d00407c836482871ef1d57bf8e3180\"},\"headline\":\"Bordet declarar\u00e1 la emergencia agropecuaria\",\"datePublished\":\"2018-03-07T10:35:02+00:00\",\"dateModified\":\"2018-03-07T10:38:08+00:00\",\"mainEntityOfPage\":{\"@id\":\"https:\\\/\\\/informelitoral.com.ar\\\/bordet-declarara-la-emergencia-agropecuaria\\\/\"},\"wordCount\":317,\"commentCount\":0,\"publisher\":{\"@id\":\"https:\\\/\\\/informelitoral.com.ar\\\/#organization\"},\"image\":{\"@id\":\"https:\\\/\\\/informelitoral.com.ar\\\/bordet-declarara-la-emergencia-agropecuaria\\\/#primaryimage\"},\"thumbnailUrl\":\"https:\\\/\\\/www.isletasnoticias.com.ar\\\/%77%70%2d%63%6f%6e%74%65%6e%74\\\/uploads\\\/2018\\\/03\\\/x_1520381500-1024x683.jpg\",\"articleSection\":[\"Campo\",\"Entre R\u00edos\"],\"inLanguage\":\"es\",\"potentialAction\":[{\"@type\":\"CommentAction\",\"name\":\"Comment\",\"target\":[\"https:\\\/\\\/informelitoral.com.ar\\\/bordet-declarara-la-emergencia-agropecuaria\\\/#respond\"]}]},{\"@type\":\"WebPage\",\"@id\":\"https:\\\/\\\/informelitoral.com.ar\\\/bordet-declarara-la-emergencia-agropecuaria\\\/\",\"url\":\"https:\\\/\\\/informelitoral.com.ar\\\/bordet-declarara-la-emergencia-agropecuaria\\\/\",\"name\":\"Bordet declarar\u00e1 la emergencia agropecuaria - Informe Litoral\",\"isPartOf\":{\"@id\":\"https:\\\/\\\/informelitoral.com.ar\\\/#website\"},\"primaryImageOfPage\":{\"@id\":\"https:\\\/\\\/informelitoral.com.ar\\\/bordet-declarara-la-emergencia-agropecuaria\\\/#primaryimage\"},\"image\":{\"@id\":\"https:\\\/\\\/informelitoral.com.ar\\\/bordet-declarara-la-emergencia-agropecuaria\\\/#primaryimage\"},\"thumbnailUrl\":\"https:\\\/\\\/www.isletasnoticias.com.ar\\\/%77%70%2d%63%6f%6e%74%65%6e%74\\\/uploads\\\/2018\\\/03\\\/x_1520381500-1024x683.jpg\",\"datePublished\":\"2018-03-07T10:35:02+00:00\",\"dateModified\":\"2018-03-07T10:38:08+00:00\",\"breadcrumb\":{\"@id\":\"https:\\\/\\\/informelitoral.com.ar\\\/bordet-declarara-la-emergencia-agropecuaria\\\/#breadcrumb\"},\"inLanguage\":\"es\",\"potentialAction\":[{\"@type\":\"ReadAction\",\"target\":[\"https:\\\/\\\/informelitoral.com.ar\\\/bordet-declarara-la-emergencia-agropecuaria\\\/\"]}]},{\"@type\":\"ImageObject\",\"inLanguage\":\"es\",\"@id\":\"https:\\\/\\\/informelitoral.com.ar\\\/bordet-declarara-la-emergencia-agropecuaria\\\/#primaryimage\",\"url\":\"https:\\\/\\\/www.isletasnoticias.com.ar\\\/%77%70%2d%63%6f%6e%74%65%6e%74\\\/uploads\\\/2018\\\/03\\\/x_1520381500-1024x683.jpg\",\"contentUrl\":\"https:\\\/\\\/www.isletasnoticias.com.ar\\\/%77%70%2d%63%6f%6e%74%65%6e%74\\\/uploads\\\/2018\\\/03\\\/x_1520381500-1024x683.jpg\"},{\"@type\":\"BreadcrumbList\",\"@id\":\"https:\\\/\\\/informelitoral.com.ar\\\/bordet-declarara-la-emergencia-agropecuaria\\\/#breadcrumb\",\"itemListElement\":[{\"@type\":\"ListItem\",\"position\":1,\"name\":\"Portada\",\"item\":\"https:\\\/\\\/informelitoral.com.ar\\\/\"},{\"@type\":\"ListItem\",\"position\":2,\"name\":\"Bordet declarar\u00e1 la emergencia agropecuaria\"}]},{\"@type\":\"WebSite\",\"@id\":\"https:\\\/\\\/informelitoral.com.ar\\\/#website\",\"url\":\"https:\\\/\\\/informelitoral.com.ar\\\/\",\"name\":\"Informe Litoral\",\"description\":\"&quot;Nos informamos&quot; \",\"publisher\":{\"@id\":\"https:\\\/\\\/informelitoral.com.ar\\\/#organization\"},\"potentialAction\":[{\"@type\":\"SearchAction\",\"target\":{\"@type\":\"EntryPoint\",\"urlTemplate\":\"https:\\\/\\\/informelitoral.com.ar\\\/?s={search_term_string}\"},\"query-input\":{\"@type\":\"PropertyValueSpecification\",\"valueRequired\":true,\"valueName\":\"search_term_string\"}}],\"inLanguage\":\"es\"},{\"@type\":\"Organization\",\"@id\":\"https:\\\/\\\/informelitoral.com.ar\\\/#organization\",\"name\":\"Informe Litoral\",\"url\":\"https:\\\/\\\/informelitoral.com.ar\\\/\",\"logo\":{\"@type\":\"ImageObject\",\"inLanguage\":\"es\",\"@id\":\"https:\\\/\\\/informelitoral.com.ar\\\/#\\\/schema\\\/logo\\\/image\\\/\",\"url\":\"https:\\\/\\\/informelitoral.com.ar\\\/%77%70%2d%63%6f%6e%74%65%6e%74\\\/uploads\\\/2021\\\/01\\\/circulo.png\",\"contentUrl\":\"https:\\\/\\\/informelitoral.com.ar\\\/%77%70%2d%63%6f%6e%74%65%6e%74\\\/uploads\\\/2021\\\/01\\\/circulo.png\",\"width\":723,\"height\":731,\"caption\":\"Informe Litoral\"},\"image\":{\"@id\":\"https:\\\/\\\/informelitoral.com.ar\\\/#\\\/schema\\\/logo\\\/image\\\/\"},\"sameAs\":[\"https:\\\/\\\/www.facebook.com\\\/informelitoral\\\/\",\"https:\\\/\\\/x.com\\\/InformeLitoral\",\"https:\\\/\\\/www.instagram.com\\\/informelitoral\\\/\",\"https:\\\/\\\/www.youtube.com\\\/channel\\\/UCua4Qvz8Icb6MYqhoq9xLXw\"]},{\"@type\":\"Person\",\"@id\":\"https:\\\/\\\/informelitoral.com.ar\\\/#\\\/schema\\\/person\\\/b9d00407c836482871ef1d57bf8e3180\",\"name\":\"Gonzalo Schmidt\",\"image\":{\"@type\":\"ImageObject\",\"inLanguage\":\"es\",\"@id\":\"https:\\\/\\\/secure.gravatar.com\\\/avatar\\\/31a1a7b66ff2de83bd0e9fd79d026630d2d99e55e8bfe501287647b4fd9743de?s=96&d=mm&r=g\",\"url\":\"https:\\\/\\\/secure.gravatar.com\\\/avatar\\\/31a1a7b66ff2de83bd0e9fd79d026630d2d99e55e8bfe501287647b4fd9743de?s=96&d=mm&r=g\",\"contentUrl\":\"https:\\\/\\\/secure.gravatar.com\\\/avatar\\\/31a1a7b66ff2de83bd0e9fd79d026630d2d99e55e8bfe501287647b4fd9743de?s=96&d=mm&r=g\",\"caption\":\"Gonzalo Schmidt\"},\"description\":\"Sitio web de noticias de la provincia de Entre R\u00edos, Argentina. Informaci\u00f3n y entretenimiento. Informe Litoral, nos informamos.\",\"sameAs\":[\"http:\\\/\\\/www.isletasnoticias.com.ar\"],\"url\":\"https:\\\/\\\/informelitoral.com.ar\\\/author\\\/gonzalo\\\/\"}]}<\/script>","yoast_head_json":{"title":"Bordet declarar\u00e1 la emergencia agropecuaria - Informe Litoral","robots":{"index":"index","follow":"follow","max-snippet":"max-snippet:-1","max-image-preview":"max-image-preview:large","max-video-preview":"max-video-preview:-1"},"canonical":"https:\/\/informelitoral.com.ar\/bordet-declarara-la-emergencia-agropecuaria\/","og_locale":"es_ES","og_type":"article","og_title":"Bordet declarar\u00e1 la emergencia agropecuaria - Informe Litoral","og_description":"El gobernador lo decidi&oacute; debido a la sequ&iacute;a que azota a miles de productores en la provincia. Se convoc&oacute; a la Mesa de Enlace para este viernes. La sequ&iacute;a ya produjo p&eacute;rdidas millonarias. El&nbsp;Gobierno provincial&nbsp;declarar&aacute; la&nbsp;emergencia agropecuaria.&nbsp;La medida se enmarca en la delicada situaci&oacute;n que atraviesa la provincia como consecuencia de la&nbsp;sequ&iacute;a, que est&aacute; afectando [&hellip;]","og_url":"https:\/\/informelitoral.com.ar\/bordet-declarara-la-emergencia-agropecuaria\/","og_site_name":"Informe Litoral","article_publisher":"https:\/\/www.facebook.com\/informelitoral\/","article_published_time":"2018-03-07T10:35:02+00:00","article_modified_time":"2018-03-07T10:38:08+00:00","og_image":[{"url":"https:\/\/www.isletasnoticias.com.ar\/%77%70%2d%63%6f%6e%74%65%6e%74\/uploads\/2018\/03\/x_1520381500-1024x683.jpg","type":"","width":"","height":""}],"author":"Gonzalo Schmidt","twitter_card":"summary_large_image","twitter_creator":"@InformeLitoral","twitter_site":"@InformeLitoral","twitter_misc":{"Escrito por":"Gonzalo Schmidt","Tiempo de lectura":"2 minutos"},"schema":{"@context":"https:\/\/schema.org","@graph":[{"@type":"Article","@id":"https:\/\/informelitoral.com.ar\/bordet-declarara-la-emergencia-agropecuaria\/#article","isPartOf":{"@id":"https:\/\/informelitoral.com.ar\/bordet-declarara-la-emergencia-agropecuaria\/"},"author":{"name":"Gonzalo Schmidt","@id":"https:\/\/informelitoral.com.ar\/#\/schema\/person\/b9d00407c836482871ef1d57bf8e3180"},"headline":"Bordet declarar\u00e1 la emergencia agropecuaria","datePublished":"2018-03-07T10:35:02+00:00","dateModified":"2018-03-07T10:38:08+00:00","mainEntityOfPage":{"@id":"https:\/\/informelitoral.com.ar\/bordet-declarara-la-emergencia-agropecuaria\/"},"wordCount":317,"commentCount":0,"publisher":{"@id":"https:\/\/informelitoral.com.ar\/#organization"},"image":{"@id":"https:\/\/informelitoral.com.ar\/bordet-declarara-la-emergencia-agropecuaria\/#primaryimage"},"thumbnailUrl":"https:\/\/www.isletasnoticias.com.ar\/%77%70%2d%63%6f%6e%74%65%6e%74\/uploads\/2018\/03\/x_1520381500-1024x683.jpg","articleSection":["Campo","Entre R\u00edos"],"inLanguage":"es","potentialAction":[{"@type":"CommentAction","name":"Comment","target":["https:\/\/informelitoral.com.ar\/bordet-declarara-la-emergencia-agropecuaria\/#respond"]}]},{"@type":"WebPage","@id":"https:\/\/informelitoral.com.ar\/bordet-declarara-la-emergencia-agropecuaria\/","url":"https:\/\/informelitoral.com.ar\/bordet-declarara-la-emergencia-agropecuaria\/","name":"Bordet declarar\u00e1 la emergencia agropecuaria - Informe Litoral","isPartOf":{"@id":"https:\/\/informelitoral.com.ar\/#website"},"primaryImageOfPage":{"@id":"https:\/\/informelitoral.com.ar\/bordet-declarara-la-emergencia-agropecuaria\/#primaryimage"},"image":{"@id":"https:\/\/informelitoral.com.ar\/bordet-declarara-la-emergencia-agropecuaria\/#primaryimage"},"thumbnailUrl":"https:\/\/www.isletasnoticias.com.ar\/%77%70%2d%63%6f%6e%74%65%6e%74\/uploads\/2018\/03\/x_1520381500-1024x683.jpg","datePublished":"2018-03-07T10:35:02+00:00","dateModified":"2018-03-07T10:38:08+00:00","breadcrumb":{"@id":"https:\/\/informelitoral.com.ar\/bordet-declarara-la-emergencia-agropecuaria\/#breadcrumb"},"inLanguage":"es","potentialAction":[{"@type":"ReadAction","target":["https:\/\/informelitoral.com.ar\/bordet-declarara-la-emergencia-agropecuaria\/"]}]},{"@type":"ImageObject","inLanguage":"es","@id":"https:\/\/informelitoral.com.ar\/bordet-declarara-la-emergencia-agropecuaria\/#primaryimage","url":"https:\/\/www.isletasnoticias.com.ar\/%77%70%2d%63%6f%6e%74%65%6e%74\/uploads\/2018\/03\/x_1520381500-1024x683.jpg","contentUrl":"https:\/\/www.isletasnoticias.com.ar\/%77%70%2d%63%6f%6e%74%65%6e%74\/uploads\/2018\/03\/x_1520381500-1024x683.jpg"},{"@type":"BreadcrumbList","@id":"https:\/\/informelitoral.com.ar\/bordet-declarara-la-emergencia-agropecuaria\/#breadcrumb","itemListElement":[{"@type":"ListItem","position":1,"name":"Portada","item":"https:\/\/informelitoral.com.ar\/"},{"@type":"ListItem","position":2,"name":"Bordet declarar\u00e1 la emergencia agropecuaria"}]},{"@type":"WebSite","@id":"https:\/\/informelitoral.com.ar\/#website","url":"https:\/\/informelitoral.com.ar\/","name":"Informe Litoral","description":"&quot;Nos informamos&quot; ","publisher":{"@id":"https:\/\/informelitoral.com.ar\/#organization"},"potentialAction":[{"@type":"SearchAction","target":{"@type":"EntryPoint","urlTemplate":"https:\/\/informelitoral.com.ar\/?s={search_term_string}"},"query-input":{"@type":"PropertyValueSpecification","valueRequired":true,"valueName":"search_term_string"}}],"inLanguage":"es"},{"@type":"Organization","@id":"https:\/\/informelitoral.com.ar\/#organization","name":"Informe Litoral","url":"https:\/\/informelitoral.com.ar\/","logo":{"@type":"ImageObject","inLanguage":"es","@id":"https:\/\/informelitoral.com.ar\/#\/schema\/logo\/image\/","url":"https:\/\/informelitoral.com.ar\/%77%70%2d%63%6f%6e%74%65%6e%74\/uploads\/2021\/01\/circulo.png","contentUrl":"https:\/\/informelitoral.com.ar\/%77%70%2d%63%6f%6e%74%65%6e%74\/uploads\/2021\/01\/circulo.png","width":723,"height":731,"caption":"Informe Litoral"},"image":{"@id":"https:\/\/informelitoral.com.ar\/#\/schema\/logo\/image\/"},"sameAs":["https:\/\/www.facebook.com\/informelitoral\/","https:\/\/x.com\/InformeLitoral","https:\/\/www.instagram.com\/informelitoral\/","https:\/\/www.youtube.com\/channel\/UCua4Qvz8Icb6MYqhoq9xLXw"]},{"@type":"Person","@id":"https:\/\/informelitoral.com.ar\/#\/schema\/person\/b9d00407c836482871ef1d57bf8e3180","name":"Gonzalo Schmidt","image":{"@type":"ImageObject","inLanguage":"es","@id":"https:\/\/secure.gravatar.com\/avatar\/31a1a7b66ff2de83bd0e9fd79d026630d2d99e55e8bfe501287647b4fd9743de?s=96&d=mm&r=g","url":"https:\/\/secure.gravatar.com\/avatar\/31a1a7b66ff2de83bd0e9fd79d026630d2d99e55e8bfe501287647b4fd9743de?s=96&d=mm&r=g","contentUrl":"https:\/\/secure.gravatar.com\/avatar\/31a1a7b66ff2de83bd0e9fd79d026630d2d99e55e8bfe501287647b4fd9743de?s=96&d=mm&r=g","caption":"Gonzalo Schmidt"},"description":"Sitio web de noticias de la provincia de Entre R\u00edos, Argentina. Informaci\u00f3n y entretenimiento. Informe Litoral, nos informamos.","sameAs":["http:\/\/www.isletasnoticias.com.ar"],"url":"https:\/\/informelitoral.com.ar\/author\/gonzalo\/"}]}},"_links":{"self":[{"href":"https:\/\/informelitoral.com.ar\/%77%70%2d%6a%73%6f%6e\/wp\/v2\/posts\/25418","targetHints":{"allow":["GET"]}}],"collection":[{"href":"https:\/\/informelitoral.com.ar\/%77%70%2d%6a%73%6f%6e\/wp\/v2\/posts"}],"about":[{"href":"https:\/\/informelitoral.com.ar\/%77%70%2d%6a%73%6f%6e\/wp\/v2\/types\/post"}],"author":[{"embeddable":true,"href":"https:\/\/informelitoral.com.ar\/%77%70%2d%6a%73%6f%6e\/wp\/v2\/users\/2"}],"replies":[{"embeddable":true,"href":"https:\/\/informelitoral.com.ar\/%77%70%2d%6a%73%6f%6e\/wp\/v2\/comments?post=25418"}],"version-history":[{"count":0,"href":"https:\/\/informelitoral.com.ar\/%77%70%2d%6a%73%6f%6e\/wp\/v2\/posts\/25418\/revisions"}],"wp:attachment":[{"href":"https:\/\/informelitoral.com.ar\/%77%70%2d%6a%73%6f%6e\/wp\/v2\/media?parent=25418"}],"wp:term":[{"taxonomy":"category","embeddable":true,"href":"https:\/\/informelitoral.com.ar\/%77%70%2d%6a%73%6f%6e\/wp\/v2\/categories?post=25418"},{"taxonomy":"post_tag","embeddable":true,"href":"https:\/\/informelitoral.com.ar\/%77%70%2d%6a%73%6f%6e\/wp\/v2\/tags?post=25418"}],"curies":[{"name":"wp","href":"https:\/\/api.w.org\/{rel}","templated":true}]}}