{"id":253837,"date":"2026-03-17T09:52:17","date_gmt":"2026-03-17T12:52:17","guid":{"rendered":"https:\/\/informelitoral.com.ar\/?p=253837"},"modified":"2026-03-17T09:52:17","modified_gmt":"2026-03-17T12:52:17","slug":"un-hombre-se-presento-ante-la-justicia-tras-el-accidente-ocurrido-en-crespo","status":"publish","type":"post","link":"https:\/\/informelitoral.com.ar\/un-hombre-se-presento-ante-la-justicia-tras-el-accidente-ocurrido-en-crespo\/","title":{"rendered":"Un hombre se present\u00f3 ante la justicia tras el accidente ocurrido en Crespo"},"content":{"rendered":"<p data-path-to-node=\"3\">En el marco de la investigaci\u00f3n por el incidente vial ocurrido el pasado domingo por la tarde, donde un <b data-path-to-node=\"3\" data-index-in-node=\"104\">menor de apellido Castillo<\/b> result\u00f3 afectado, un hombre mayor de edad se present\u00f3 de forma <b data-path-to-node=\"3\" data-index-in-node=\"194\">espont\u00e1nea<\/b> en la dependencia local durante las \u00faltimas horas del lunes. El ciudadano manifest\u00f3 ser quien conduc\u00eda el veh\u00edculo al momento del hecho, buscando aclarar su situaci\u00f3n frente a lo sucedido.<\/p>\n<p data-path-to-node=\"4\">Durante el encuentro con las autoridades, el vecino hizo entrega de toda la <b data-path-to-node=\"4\" data-index-in-node=\"76\">documentaci\u00f3n personal y del autom\u00f3vil<\/b> de su propiedad, elementos que fueron verificados con las <b data-path-to-node=\"4\" data-index-in-node=\"173\">grabaciones de seguridad<\/b> obtenidas durante las primeras horas de la investigaci\u00f3n. Este paso permiti\u00f3 corroborar la informaci\u00f3n brindada y avanzar con mayor claridad en el proceso para determinar c\u00f3mo se desencaden\u00f3 el episodio.<\/p>\n<p data-path-to-node=\"5\">Seg\u00fan <i data-path-to-node=\"5\" data-index-in-node=\"6\">supo <\/i><b data-path-to-node=\"5\" data-index-in-node=\"6\"><i data-path-to-node=\"5\" data-index-in-node=\"6\">Informe Litoral<\/i><\/b>, tras este acto voluntario, se dio aviso a las autoridades judiciales correspondientes, quienes ordenaron que el hombre sea formalmente identificado. Actualmente, el conductor se encuentra <b data-path-to-node=\"5\" data-index-in-node=\"216\">vinculado al proceso legal<\/b> que sigue su curso, a la espera de las resoluciones que permitan esclarecer definitivamente las responsabilidades del caso.<\/p>\n","protected":false},"excerpt":{"rendered":"<p>El conductor se puso a disposici\u00f3n de las autoridades de manera voluntaria, aportando la documentaci\u00f3n del veh\u00edculo involucrado en el hecho del domingo.<\/p>\n","protected":false},"author":8,"featured_media":253838,"comment_status":"open","ping_status":"open","sticky":false,"template":"","format":"standard","meta":{"fifu_image_url":"https:\/\/admin.desdeentrerios.com.ar\/wp-content\/uploads\/2026\/03\/comisaria-Crespo.png","fifu_image_alt":"","footnotes":""},"categories":[14],"tags":[],"class_list":{"0":"post-253837","1":"post","2":"type-post","3":"status-publish","4":"format-standard","5":"has-post-thumbnail","7":"category-policiales"},"yoast_head":"<title>Un hombre se present\u00f3 ante la justicia tras el accidente ocurrido en Crespo - Informe Litoral<\/title>\n<meta name=\"robots\" content=\"index, follow, max-snippet:-1, max-image-preview:large, max-video-preview:-1\" \/>\n<link rel=\"canonical\" href=\"https:\/\/informelitoral.com.ar\/un-hombre-se-presento-ante-la-justicia-tras-el-accidente-ocurrido-en-crespo\/\" \/>\n<meta property=\"og:locale\" content=\"es_ES\" \/>\n<meta property=\"og:type\" content=\"article\" \/>\n<meta property=\"og:title\" content=\"Un hombre se present\u00f3 ante la justicia tras el accidente ocurrido en Crespo - Informe Litoral\" \/>\n<meta property=\"og:description\" content=\"El conductor se puso a disposici\u00f3n de las autoridades de manera voluntaria, aportando la documentaci\u00f3n del veh\u00edculo involucrado en el hecho del domingo.\" \/>\n<meta property=\"og:url\" content=\"https:\/\/informelitoral.com.ar\/un-hombre-se-presento-ante-la-justicia-tras-el-accidente-ocurrido-en-crespo\/\" \/>\n<meta property=\"og:site_name\" content=\"Informe Litoral\" \/>\n<meta property=\"article:publisher\" content=\"https:\/\/www.facebook.com\/informelitoral\/\" \/>\n<meta property=\"article:published_time\" content=\"2026-03-17T12:52:17+00:00\" \/>\n<meta property=\"og:image\" content=\"https:\/\/admin.desdeentrerios.com.ar\/%77%70%2d%63%6f%6e%74%65%6e%74\/uploads\/2026\/03\/comisaria-Crespo.png\" \/>\n<meta name=\"author\" content=\"Sebastian\" \/>\n<meta name=\"twitter:card\" content=\"summary_large_image\" \/>\n<meta name=\"twitter:image\" content=\"https:\/\/admin.desdeentrerios.com.ar\/%77%70%2d%63%6f%6e%74%65%6e%74\/uploads\/2026\/03\/comisaria-Crespo.png\" \/>\n<meta name=\"twitter:creator\" content=\"@InformeLitoral\" \/>\n<meta name=\"twitter:site\" content=\"@InformeLitoral\" \/>\n<meta name=\"twitter:label1\" content=\"Escrito por\" \/>\n\t<meta name=\"twitter:data1\" content=\"Sebastian\" \/>\n\t<meta name=\"twitter:label2\" content=\"Tiempo de lectura\" \/>\n\t<meta name=\"twitter:data2\" content=\"1 minuto\" \/>\n<script type=\"application\/ld+json\" class=\"yoast-schema-graph\">{\"@context\":\"https:\\\/\\\/schema.org\",\"@graph\":[{\"@type\":\"Article\",\"@id\":\"https:\\\/\\\/informelitoral.com.ar\\\/un-hombre-se-presento-ante-la-justicia-tras-el-accidente-ocurrido-en-crespo\\\/#article\",\"isPartOf\":{\"@id\":\"https:\\\/\\\/informelitoral.com.ar\\\/un-hombre-se-presento-ante-la-justicia-tras-el-accidente-ocurrido-en-crespo\\\/\"},\"author\":{\"name\":\"Sebastian\",\"@id\":\"https:\\\/\\\/informelitoral.com.ar\\\/#\\\/schema\\\/person\\\/f05f9f461677119578717524b127d6d5\"},\"headline\":\"Un hombre se present\u00f3 ante la justicia tras el accidente ocurrido en Crespo\",\"datePublished\":\"2026-03-17T12:52:17+00:00\",\"mainEntityOfPage\":{\"@id\":\"https:\\\/\\\/informelitoral.com.ar\\\/un-hombre-se-presento-ante-la-justicia-tras-el-accidente-ocurrido-en-crespo\\\/\"},\"wordCount\":200,\"commentCount\":0,\"publisher\":{\"@id\":\"https:\\\/\\\/informelitoral.com.ar\\\/#organization\"},\"image\":{\"@id\":\"https:\\\/\\\/informelitoral.com.ar\\\/un-hombre-se-presento-ante-la-justicia-tras-el-accidente-ocurrido-en-crespo\\\/#primaryimage\"},\"thumbnailUrl\":\"https:\\\/\\\/admin.desdeentrerios.com.ar\\\/%77%70%2d%63%6f%6e%74%65%6e%74\\\/uploads\\\/2026\\\/03\\\/comisaria-Crespo.png\",\"articleSection\":[\"Policiales\"],\"inLanguage\":\"es\",\"potentialAction\":[{\"@type\":\"CommentAction\",\"name\":\"Comment\",\"target\":[\"https:\\\/\\\/informelitoral.com.ar\\\/un-hombre-se-presento-ante-la-justicia-tras-el-accidente-ocurrido-en-crespo\\\/#respond\"]}]},{\"@type\":\"WebPage\",\"@id\":\"https:\\\/\\\/informelitoral.com.ar\\\/un-hombre-se-presento-ante-la-justicia-tras-el-accidente-ocurrido-en-crespo\\\/\",\"url\":\"https:\\\/\\\/informelitoral.com.ar\\\/un-hombre-se-presento-ante-la-justicia-tras-el-accidente-ocurrido-en-crespo\\\/\",\"name\":\"Un hombre se present\u00f3 ante la justicia tras el accidente ocurrido en Crespo - Informe Litoral\",\"isPartOf\":{\"@id\":\"https:\\\/\\\/informelitoral.com.ar\\\/#website\"},\"primaryImageOfPage\":{\"@id\":\"https:\\\/\\\/informelitoral.com.ar\\\/un-hombre-se-presento-ante-la-justicia-tras-el-accidente-ocurrido-en-crespo\\\/#primaryimage\"},\"image\":{\"@id\":\"https:\\\/\\\/informelitoral.com.ar\\\/un-hombre-se-presento-ante-la-justicia-tras-el-accidente-ocurrido-en-crespo\\\/#primaryimage\"},\"thumbnailUrl\":\"https:\\\/\\\/admin.desdeentrerios.com.ar\\\/%77%70%2d%63%6f%6e%74%65%6e%74\\\/uploads\\\/2026\\\/03\\\/comisaria-Crespo.png\",\"datePublished\":\"2026-03-17T12:52:17+00:00\",\"breadcrumb\":{\"@id\":\"https:\\\/\\\/informelitoral.com.ar\\\/un-hombre-se-presento-ante-la-justicia-tras-el-accidente-ocurrido-en-crespo\\\/#breadcrumb\"},\"inLanguage\":\"es\",\"potentialAction\":[{\"@type\":\"ReadAction\",\"target\":[\"https:\\\/\\\/informelitoral.com.ar\\\/un-hombre-se-presento-ante-la-justicia-tras-el-accidente-ocurrido-en-crespo\\\/\"]}]},{\"@type\":\"ImageObject\",\"inLanguage\":\"es\",\"@id\":\"https:\\\/\\\/informelitoral.com.ar\\\/un-hombre-se-presento-ante-la-justicia-tras-el-accidente-ocurrido-en-crespo\\\/#primaryimage\",\"url\":\"https:\\\/\\\/admin.desdeentrerios.com.ar\\\/%77%70%2d%63%6f%6e%74%65%6e%74\\\/uploads\\\/2026\\\/03\\\/comisaria-Crespo.png\",\"contentUrl\":\"https:\\\/\\\/admin.desdeentrerios.com.ar\\\/%77%70%2d%63%6f%6e%74%65%6e%74\\\/uploads\\\/2026\\\/03\\\/comisaria-Crespo.png\",\"width\":\"715\",\"height\":\"410\"},{\"@type\":\"BreadcrumbList\",\"@id\":\"https:\\\/\\\/informelitoral.com.ar\\\/un-hombre-se-presento-ante-la-justicia-tras-el-accidente-ocurrido-en-crespo\\\/#breadcrumb\",\"itemListElement\":[{\"@type\":\"ListItem\",\"position\":1,\"name\":\"Portada\",\"item\":\"https:\\\/\\\/informelitoral.com.ar\\\/\"},{\"@type\":\"ListItem\",\"position\":2,\"name\":\"Un hombre se present\u00f3 ante la justicia tras el accidente ocurrido en Crespo\"}]},{\"@type\":\"WebSite\",\"@id\":\"https:\\\/\\\/informelitoral.com.ar\\\/#website\",\"url\":\"https:\\\/\\\/informelitoral.com.ar\\\/\",\"name\":\"Informe Litoral\",\"description\":\"&quot;Nos informamos&quot; \",\"publisher\":{\"@id\":\"https:\\\/\\\/informelitoral.com.ar\\\/#organization\"},\"potentialAction\":[{\"@type\":\"SearchAction\",\"target\":{\"@type\":\"EntryPoint\",\"urlTemplate\":\"https:\\\/\\\/informelitoral.com.ar\\\/?s={search_term_string}\"},\"query-input\":{\"@type\":\"PropertyValueSpecification\",\"valueRequired\":true,\"valueName\":\"search_term_string\"}}],\"inLanguage\":\"es\"},{\"@type\":\"Organization\",\"@id\":\"https:\\\/\\\/informelitoral.com.ar\\\/#organization\",\"name\":\"Informe Litoral\",\"url\":\"https:\\\/\\\/informelitoral.com.ar\\\/\",\"logo\":{\"@type\":\"ImageObject\",\"inLanguage\":\"es\",\"@id\":\"https:\\\/\\\/informelitoral.com.ar\\\/#\\\/schema\\\/logo\\\/image\\\/\",\"url\":\"https:\\\/\\\/informelitoral.com.ar\\\/%77%70%2d%63%6f%6e%74%65%6e%74\\\/uploads\\\/2021\\\/01\\\/circulo.png\",\"contentUrl\":\"https:\\\/\\\/informelitoral.com.ar\\\/%77%70%2d%63%6f%6e%74%65%6e%74\\\/uploads\\\/2021\\\/01\\\/circulo.png\",\"width\":723,\"height\":731,\"caption\":\"Informe Litoral\"},\"image\":{\"@id\":\"https:\\\/\\\/informelitoral.com.ar\\\/#\\\/schema\\\/logo\\\/image\\\/\"},\"sameAs\":[\"https:\\\/\\\/www.facebook.com\\\/informelitoral\\\/\",\"https:\\\/\\\/x.com\\\/InformeLitoral\",\"https:\\\/\\\/www.instagram.com\\\/informelitoral\\\/\",\"https:\\\/\\\/www.youtube.com\\\/channel\\\/UCua4Qvz8Icb6MYqhoq9xLXw\"]},{\"@type\":\"Person\",\"@id\":\"https:\\\/\\\/informelitoral.com.ar\\\/#\\\/schema\\\/person\\\/f05f9f461677119578717524b127d6d5\",\"name\":\"Sebastian\",\"image\":{\"@type\":\"ImageObject\",\"inLanguage\":\"es\",\"@id\":\"https:\\\/\\\/secure.gravatar.com\\\/avatar\\\/b71bf7481d447dfb9583c7f2798e7cc64de6efb9067b74633ed8c31059a3bd82?s=96&d=mm&r=g\",\"url\":\"https:\\\/\\\/secure.gravatar.com\\\/avatar\\\/b71bf7481d447dfb9583c7f2798e7cc64de6efb9067b74633ed8c31059a3bd82?s=96&d=mm&r=g\",\"contentUrl\":\"https:\\\/\\\/secure.gravatar.com\\\/avatar\\\/b71bf7481d447dfb9583c7f2798e7cc64de6efb9067b74633ed8c31059a3bd82?s=96&d=mm&r=g\",\"caption\":\"Sebastian\"},\"url\":\"https:\\\/\\\/informelitoral.com.ar\\\/author\\\/sebastian\\\/\"}]}<\/script>","yoast_head_json":{"title":"Un hombre se present\u00f3 ante la justicia tras el accidente ocurrido en Crespo - Informe Litoral","robots":{"index":"index","follow":"follow","max-snippet":"max-snippet:-1","max-image-preview":"max-image-preview:large","max-video-preview":"max-video-preview:-1"},"canonical":"https:\/\/informelitoral.com.ar\/un-hombre-se-presento-ante-la-justicia-tras-el-accidente-ocurrido-en-crespo\/","og_locale":"es_ES","og_type":"article","og_title":"Un hombre se present\u00f3 ante la justicia tras el accidente ocurrido en Crespo - Informe Litoral","og_description":"El conductor se puso a disposici\u00f3n de las autoridades de manera voluntaria, aportando la documentaci\u00f3n del veh\u00edculo involucrado en el hecho del domingo.","og_url":"https:\/\/informelitoral.com.ar\/un-hombre-se-presento-ante-la-justicia-tras-el-accidente-ocurrido-en-crespo\/","og_site_name":"Informe Litoral","article_publisher":"https:\/\/www.facebook.com\/informelitoral\/","article_published_time":"2026-03-17T12:52:17+00:00","og_image":[{"url":"https:\/\/admin.desdeentrerios.com.ar\/wp-content\/uploads\/2026\/03\/comisaria-Crespo.png","type":"","width":"","height":""}],"author":"Sebastian","twitter_card":"summary_large_image","twitter_image":"https:\/\/admin.desdeentrerios.com.ar\/wp-content\/uploads\/2026\/03\/comisaria-Crespo.png","twitter_creator":"@InformeLitoral","twitter_site":"@InformeLitoral","twitter_misc":{"Escrito por":"Sebastian","Tiempo de lectura":"1 minuto"},"schema":{"@context":"https:\/\/schema.org","@graph":[{"@type":"Article","@id":"https:\/\/informelitoral.com.ar\/un-hombre-se-presento-ante-la-justicia-tras-el-accidente-ocurrido-en-crespo\/#article","isPartOf":{"@id":"https:\/\/informelitoral.com.ar\/un-hombre-se-presento-ante-la-justicia-tras-el-accidente-ocurrido-en-crespo\/"},"author":{"name":"Sebastian","@id":"https:\/\/informelitoral.com.ar\/#\/schema\/person\/f05f9f461677119578717524b127d6d5"},"headline":"Un hombre se present\u00f3 ante la justicia tras el accidente ocurrido en Crespo","datePublished":"2026-03-17T12:52:17+00:00","mainEntityOfPage":{"@id":"https:\/\/informelitoral.com.ar\/un-hombre-se-presento-ante-la-justicia-tras-el-accidente-ocurrido-en-crespo\/"},"wordCount":200,"commentCount":0,"publisher":{"@id":"https:\/\/informelitoral.com.ar\/#organization"},"image":{"@id":"https:\/\/informelitoral.com.ar\/un-hombre-se-presento-ante-la-justicia-tras-el-accidente-ocurrido-en-crespo\/#primaryimage"},"thumbnailUrl":"https:\/\/admin.desdeentrerios.com.ar\/%77%70%2d%63%6f%6e%74%65%6e%74\/uploads\/2026\/03\/comisaria-Crespo.png","articleSection":["Policiales"],"inLanguage":"es","potentialAction":[{"@type":"CommentAction","name":"Comment","target":["https:\/\/informelitoral.com.ar\/un-hombre-se-presento-ante-la-justicia-tras-el-accidente-ocurrido-en-crespo\/#respond"]}]},{"@type":"WebPage","@id":"https:\/\/informelitoral.com.ar\/un-hombre-se-presento-ante-la-justicia-tras-el-accidente-ocurrido-en-crespo\/","url":"https:\/\/informelitoral.com.ar\/un-hombre-se-presento-ante-la-justicia-tras-el-accidente-ocurrido-en-crespo\/","name":"Un hombre se present\u00f3 ante la justicia tras el accidente ocurrido en Crespo - Informe Litoral","isPartOf":{"@id":"https:\/\/informelitoral.com.ar\/#website"},"primaryImageOfPage":{"@id":"https:\/\/informelitoral.com.ar\/un-hombre-se-presento-ante-la-justicia-tras-el-accidente-ocurrido-en-crespo\/#primaryimage"},"image":{"@id":"https:\/\/informelitoral.com.ar\/un-hombre-se-presento-ante-la-justicia-tras-el-accidente-ocurrido-en-crespo\/#primaryimage"},"thumbnailUrl":"https:\/\/admin.desdeentrerios.com.ar\/%77%70%2d%63%6f%6e%74%65%6e%74\/uploads\/2026\/03\/comisaria-Crespo.png","datePublished":"2026-03-17T12:52:17+00:00","breadcrumb":{"@id":"https:\/\/informelitoral.com.ar\/un-hombre-se-presento-ante-la-justicia-tras-el-accidente-ocurrido-en-crespo\/#breadcrumb"},"inLanguage":"es","potentialAction":[{"@type":"ReadAction","target":["https:\/\/informelitoral.com.ar\/un-hombre-se-presento-ante-la-justicia-tras-el-accidente-ocurrido-en-crespo\/"]}]},{"@type":"ImageObject","inLanguage":"es","@id":"https:\/\/informelitoral.com.ar\/un-hombre-se-presento-ante-la-justicia-tras-el-accidente-ocurrido-en-crespo\/#primaryimage","url":"https:\/\/admin.desdeentrerios.com.ar\/%77%70%2d%63%6f%6e%74%65%6e%74\/uploads\/2026\/03\/comisaria-Crespo.png","contentUrl":"https:\/\/admin.desdeentrerios.com.ar\/%77%70%2d%63%6f%6e%74%65%6e%74\/uploads\/2026\/03\/comisaria-Crespo.png","width":"715","height":"410"},{"@type":"BreadcrumbList","@id":"https:\/\/informelitoral.com.ar\/un-hombre-se-presento-ante-la-justicia-tras-el-accidente-ocurrido-en-crespo\/#breadcrumb","itemListElement":[{"@type":"ListItem","position":1,"name":"Portada","item":"https:\/\/informelitoral.com.ar\/"},{"@type":"ListItem","position":2,"name":"Un hombre se present\u00f3 ante la justicia tras el accidente ocurrido en Crespo"}]},{"@type":"WebSite","@id":"https:\/\/informelitoral.com.ar\/#website","url":"https:\/\/informelitoral.com.ar\/","name":"Informe Litoral","description":"&quot;Nos informamos&quot; ","publisher":{"@id":"https:\/\/informelitoral.com.ar\/#organization"},"potentialAction":[{"@type":"SearchAction","target":{"@type":"EntryPoint","urlTemplate":"https:\/\/informelitoral.com.ar\/?s={search_term_string}"},"query-input":{"@type":"PropertyValueSpecification","valueRequired":true,"valueName":"search_term_string"}}],"inLanguage":"es"},{"@type":"Organization","@id":"https:\/\/informelitoral.com.ar\/#organization","name":"Informe Litoral","url":"https:\/\/informelitoral.com.ar\/","logo":{"@type":"ImageObject","inLanguage":"es","@id":"https:\/\/informelitoral.com.ar\/#\/schema\/logo\/image\/","url":"https:\/\/informelitoral.com.ar\/%77%70%2d%63%6f%6e%74%65%6e%74\/uploads\/2021\/01\/circulo.png","contentUrl":"https:\/\/informelitoral.com.ar\/%77%70%2d%63%6f%6e%74%65%6e%74\/uploads\/2021\/01\/circulo.png","width":723,"height":731,"caption":"Informe Litoral"},"image":{"@id":"https:\/\/informelitoral.com.ar\/#\/schema\/logo\/image\/"},"sameAs":["https:\/\/www.facebook.com\/informelitoral\/","https:\/\/x.com\/InformeLitoral","https:\/\/www.instagram.com\/informelitoral\/","https:\/\/www.youtube.com\/channel\/UCua4Qvz8Icb6MYqhoq9xLXw"]},{"@type":"Person","@id":"https:\/\/informelitoral.com.ar\/#\/schema\/person\/f05f9f461677119578717524b127d6d5","name":"Sebastian","image":{"@type":"ImageObject","inLanguage":"es","@id":"https:\/\/secure.gravatar.com\/avatar\/b71bf7481d447dfb9583c7f2798e7cc64de6efb9067b74633ed8c31059a3bd82?s=96&d=mm&r=g","url":"https:\/\/secure.gravatar.com\/avatar\/b71bf7481d447dfb9583c7f2798e7cc64de6efb9067b74633ed8c31059a3bd82?s=96&d=mm&r=g","contentUrl":"https:\/\/secure.gravatar.com\/avatar\/b71bf7481d447dfb9583c7f2798e7cc64de6efb9067b74633ed8c31059a3bd82?s=96&d=mm&r=g","caption":"Sebastian"},"url":"https:\/\/informelitoral.com.ar\/author\/sebastian\/"}]}},"fifu_image_url":"https:\/\/admin.desdeentrerios.com.ar\/wp-content\/uploads\/2026\/03\/comisaria-Crespo.png","_links":{"self":[{"href":"https:\/\/informelitoral.com.ar\/%77%70%2d%6a%73%6f%6e\/wp\/v2\/posts\/253837","targetHints":{"allow":["GET"]}}],"collection":[{"href":"https:\/\/informelitoral.com.ar\/%77%70%2d%6a%73%6f%6e\/wp\/v2\/posts"}],"about":[{"href":"https:\/\/informelitoral.com.ar\/%77%70%2d%6a%73%6f%6e\/wp\/v2\/types\/post"}],"author":[{"embeddable":true,"href":"https:\/\/informelitoral.com.ar\/%77%70%2d%6a%73%6f%6e\/wp\/v2\/users\/8"}],"replies":[{"embeddable":true,"href":"https:\/\/informelitoral.com.ar\/%77%70%2d%6a%73%6f%6e\/wp\/v2\/comments?post=253837"}],"version-history":[{"count":2,"href":"https:\/\/informelitoral.com.ar\/%77%70%2d%6a%73%6f%6e\/wp\/v2\/posts\/253837\/revisions"}],"predecessor-version":[{"id":253840,"href":"https:\/\/informelitoral.com.ar\/%77%70%2d%6a%73%6f%6e\/wp\/v2\/posts\/253837\/revisions\/253840"}],"wp:featuredmedia":[{"embeddable":true,"href":"https:\/\/informelitoral.com.ar\/%77%70%2d%6a%73%6f%6e\/wp\/v2\/media\/253838"}],"wp:attachment":[{"href":"https:\/\/informelitoral.com.ar\/%77%70%2d%6a%73%6f%6e\/wp\/v2\/media?parent=253837"}],"wp:term":[{"taxonomy":"category","embeddable":true,"href":"https:\/\/informelitoral.com.ar\/%77%70%2d%6a%73%6f%6e\/wp\/v2\/categories?post=253837"},{"taxonomy":"post_tag","embeddable":true,"href":"https:\/\/informelitoral.com.ar\/%77%70%2d%6a%73%6f%6e\/wp\/v2\/tags?post=253837"}],"curies":[{"name":"wp","href":"https:\/\/api.w.org\/{rel}","templated":true}]}}