{"id":253821,"date":"2026-03-17T09:42:31","date_gmt":"2026-03-17T12:42:31","guid":{"rendered":"https:\/\/informelitoral.com.ar\/?p=253821"},"modified":"2026-03-17T09:42:31","modified_gmt":"2026-03-17T12:42:31","slug":"avanza-la-puesta-en-valor-del-hospital-san-roque-la-obra-de-recuperacion-ya-alcanzo-el-50","status":"publish","type":"post","link":"https:\/\/informelitoral.com.ar\/avanza-la-puesta-en-valor-del-hospital-san-roque-la-obra-de-recuperacion-ya-alcanzo-el-50\/","title":{"rendered":"Avanza la puesta en valor del Hospital San Roque: la obra de recuperaci\u00f3n ya alcanz\u00f3 el 50%"},"content":{"rendered":"<p data-path-to-node=\"3\">La infraestructura del <b data-path-to-node=\"3\" data-index-in-node=\"23\">Hospital San Roque de Paran\u00e1<\/b>, centro de referencia pedi\u00e1trica en toda la provincia, atraviesa una etapa clave de transformaci\u00f3n. Luego de un relevamiento t\u00e9cnico que puso de manifiesto la necesidad de intervenir el edificio, el Gobierno Provincial puso en marcha una obra integral que ya registra un <b data-path-to-node=\"3\" data-index-in-node=\"323\">avance del 50 por ciento<\/b>. Los trabajos, coordinados entre los ministerios de Planeamiento e Infraestructura y de Salud, no solo buscan recuperar el funcionamiento del sector, sino actualizar sus servicios bajo los m\u00e1s altos est\u00e1ndares de seguridad.<\/p>\n<p data-path-to-node=\"3\"><a href=\"https:\/\/drive.google.com\/thumbnail?id=14TGwY4Yhtc0N25HekLQoVhtIOIm8wUyv&amp;sz=w2048\"><img loading=\"lazy\" decoding=\"async\" class=\"alignnone wp-image-253822 size-large\" src=\"https:\/\/drive.google.com\/thumbnail?id=14TGwY4Yhtc0N25HekLQoVhtIOIm8wUyv&amp;sz=w2048-h2048\" alt=\"\" width=\"1024\" height=\"1024\" \/><\/a><\/p>\n<p data-path-to-node=\"4\">El ministro de Planeamiento, Infraestructura y Servicios, <b data-path-to-node=\"4\" data-index-in-node=\"58\">Hern\u00e1n Jacob<\/b>, resalt\u00f3 que la intervenci\u00f3n permite dotar al nosocomio de infraestructura acorde a las necesidades actuales del sistema de salud. Por su parte, el ministro de Salud, <b data-path-to-node=\"4\" data-index-in-node=\"238\">Daniel Blanzaco<\/b>, enfatiz\u00f3 que la celeridad de los plazos refleja la prioridad de esta gesti\u00f3n por sumar capacidad de respuesta, asegurando que, al finalizar las tareas, el hospital contar\u00e1 con un <b data-path-to-node=\"4\" data-index-in-node=\"434\">\u00e1rea m\u00e1s moderna, segura y preparada<\/b> para acompa\u00f1ar la demanda de los pr\u00f3ximos a\u00f1os.<\/p>\n<p data-path-to-node=\"4\"><a href=\"https:\/\/drive.google.com\/thumbnail?id=1jv64eAcJ_HOwEzcxisnZRGvYsrk2BO3b&amp;sz=w2048\"><img loading=\"lazy\" decoding=\"async\" class=\"alignnone wp-image-253823 size-large\" src=\"https:\/\/drive.google.com\/thumbnail?id=1jv64eAcJ_HOwEzcxisnZRGvYsrk2BO3b&amp;sz=w2048-h2048\" alt=\"\" width=\"1024\" height=\"1024\" \/><\/a><\/p>\n<p data-path-to-node=\"5\">La obra, ejecutada por la firma Calaco Construcciones S.R.L., abarca una superficie de <b data-path-to-node=\"5\" data-index-in-node=\"87\">623 metros cuadrados<\/b> correspondientes a la Sala 4 y el \u00e1rea de consultorios externos. Las tareas incluyen la readecuaci\u00f3n completa de la instalaci\u00f3n el\u00e9ctrica y la <b data-path-to-node=\"5\" data-index-in-node=\"251\">ampliaci\u00f3n de la red de gases medicinales<\/b>. El nuevo dise\u00f1o contempla una capacidad de <b data-path-to-node=\"5\" data-index-in-node=\"337\">14 camas de internaci\u00f3n<\/b> y la incorporaci\u00f3n de <b data-path-to-node=\"5\" data-index-in-node=\"383\">dos habitaciones de aislamiento individuales<\/b> con sanitarios propios, una mejora sustancial para el manejo de pacientes que requieren cuidados espec\u00edficos.<\/p>\n<p data-path-to-node=\"6\">Adem\u00e1s de las \u00e1reas de internaci\u00f3n, el proyecto optimiza las condiciones de trabajo del personal sanitario mediante la creaci\u00f3n de nuevos espacios de apoyo para enfermer\u00eda y una sala exclusiva para m\u00e9dicos. En materia de seguridad, se destaca la construcci\u00f3n de una <b data-path-to-node=\"6\" data-index-in-node=\"266\">nueva salida de emergencia<\/b> que conectar\u00e1 directamente con la escalera de servicio contra incendios existente, completando as\u00ed una renovaci\u00f3n estructural que prioriza tanto la excelencia m\u00e9dica como la protecci\u00f3n de los pacientes.<\/p>\n","protected":false},"excerpt":{"rendered":"<p>Con una inversi\u00f3n de 321 millones de pesos, la provincia restaura la Sala 4 y consultorios externos para modernizar la atenci\u00f3n pedi\u00e1trica.<\/p>\n","protected":false},"author":8,"featured_media":198432,"comment_status":"open","ping_status":"open","sticky":false,"template":"","format":"standard","meta":{"fifu_image_url":"","fifu_image_alt":"","footnotes":""},"categories":[6],"tags":[1292,283],"class_list":{"0":"post-253821","1":"post","2":"type-post","3":"status-publish","4":"format-standard","5":"has-post-thumbnail","7":"category-entre-rios","8":"tag-hospital-san-roque","9":"tag-obras"},"yoast_head":"<title>Avanza la puesta en valor del Hospital San Roque: la obra de recuperaci\u00f3n ya alcanz\u00f3 el 50% - Informe Litoral<\/title>\n<meta name=\"robots\" content=\"index, follow, max-snippet:-1, max-image-preview:large, max-video-preview:-1\" \/>\n<link rel=\"canonical\" href=\"https:\/\/informelitoral.com.ar\/avanza-la-puesta-en-valor-del-hospital-san-roque-la-obra-de-recuperacion-ya-alcanzo-el-50\/\" \/>\n<meta property=\"og:locale\" content=\"es_ES\" \/>\n<meta property=\"og:type\" content=\"article\" \/>\n<meta property=\"og:title\" content=\"Avanza la puesta en valor del Hospital San Roque: la obra de recuperaci\u00f3n ya alcanz\u00f3 el 50% - Informe Litoral\" \/>\n<meta property=\"og:description\" content=\"Con una inversi\u00f3n de 321 millones de pesos, la provincia restaura la Sala 4 y consultorios externos para modernizar la atenci\u00f3n pedi\u00e1trica.\" \/>\n<meta property=\"og:url\" content=\"https:\/\/informelitoral.com.ar\/avanza-la-puesta-en-valor-del-hospital-san-roque-la-obra-de-recuperacion-ya-alcanzo-el-50\/\" \/>\n<meta property=\"og:site_name\" content=\"Informe Litoral\" \/>\n<meta property=\"article:publisher\" content=\"https:\/\/www.facebook.com\/informelitoral\/\" \/>\n<meta property=\"article:published_time\" content=\"2026-03-17T12:42:31+00:00\" \/>\n<meta property=\"og:image\" content=\"https:\/\/informelitoral.com.ar\/%77%70%2d%63%6f%6e%74%65%6e%74\/uploads\/2024\/09\/hospital-materno-infantil-san-roque-parana-1.webp\" \/>\n\t<meta property=\"og:image:width\" content=\"696\" \/>\n\t<meta property=\"og:image:height\" content=\"413\" \/>\n\t<meta property=\"og:image:type\" content=\"image\/webp\" \/>\n<meta name=\"author\" content=\"Sebastian\" \/>\n<meta name=\"twitter:card\" content=\"summary_large_image\" \/>\n<meta name=\"twitter:creator\" content=\"@InformeLitoral\" \/>\n<meta name=\"twitter:site\" content=\"@InformeLitoral\" \/>\n<meta name=\"twitter:label1\" content=\"Escrito por\" \/>\n\t<meta name=\"twitter:data1\" content=\"Sebastian\" \/>\n\t<meta name=\"twitter:label2\" content=\"Tiempo de lectura\" \/>\n\t<meta name=\"twitter:data2\" content=\"3 minutos\" \/>\n<script type=\"application\/ld+json\" class=\"yoast-schema-graph\">{\"@context\":\"https:\\\/\\\/schema.org\",\"@graph\":[{\"@type\":\"Article\",\"@id\":\"https:\\\/\\\/informelitoral.com.ar\\\/avanza-la-puesta-en-valor-del-hospital-san-roque-la-obra-de-recuperacion-ya-alcanzo-el-50\\\/#article\",\"isPartOf\":{\"@id\":\"https:\\\/\\\/informelitoral.com.ar\\\/avanza-la-puesta-en-valor-del-hospital-san-roque-la-obra-de-recuperacion-ya-alcanzo-el-50\\\/\"},\"author\":{\"name\":\"Sebastian\",\"@id\":\"https:\\\/\\\/informelitoral.com.ar\\\/#\\\/schema\\\/person\\\/f05f9f461677119578717524b127d6d5\"},\"headline\":\"Avanza la puesta en valor del Hospital San Roque: la obra de recuperaci\u00f3n ya alcanz\u00f3 el 50%\",\"datePublished\":\"2026-03-17T12:42:31+00:00\",\"mainEntityOfPage\":{\"@id\":\"https:\\\/\\\/informelitoral.com.ar\\\/avanza-la-puesta-en-valor-del-hospital-san-roque-la-obra-de-recuperacion-ya-alcanzo-el-50\\\/\"},\"wordCount\":366,\"commentCount\":0,\"publisher\":{\"@id\":\"https:\\\/\\\/informelitoral.com.ar\\\/#organization\"},\"image\":{\"@id\":\"https:\\\/\\\/informelitoral.com.ar\\\/avanza-la-puesta-en-valor-del-hospital-san-roque-la-obra-de-recuperacion-ya-alcanzo-el-50\\\/#primaryimage\"},\"thumbnailUrl\":\"https:\\\/\\\/informelitoral.com.ar\\\/%77%70%2d%63%6f%6e%74%65%6e%74\\\/uploads\\\/2024\\\/09\\\/hospital-materno-infantil-san-roque-parana-1.webp\",\"keywords\":[\"Hospital San Roque\",\"Obras\"],\"articleSection\":[\"Entre R\u00edos\"],\"inLanguage\":\"es\",\"potentialAction\":[{\"@type\":\"CommentAction\",\"name\":\"Comment\",\"target\":[\"https:\\\/\\\/informelitoral.com.ar\\\/avanza-la-puesta-en-valor-del-hospital-san-roque-la-obra-de-recuperacion-ya-alcanzo-el-50\\\/#respond\"]}]},{\"@type\":\"WebPage\",\"@id\":\"https:\\\/\\\/informelitoral.com.ar\\\/avanza-la-puesta-en-valor-del-hospital-san-roque-la-obra-de-recuperacion-ya-alcanzo-el-50\\\/\",\"url\":\"https:\\\/\\\/informelitoral.com.ar\\\/avanza-la-puesta-en-valor-del-hospital-san-roque-la-obra-de-recuperacion-ya-alcanzo-el-50\\\/\",\"name\":\"Avanza la puesta en valor del Hospital San Roque: la obra de recuperaci\u00f3n ya alcanz\u00f3 el 50% - Informe Litoral\",\"isPartOf\":{\"@id\":\"https:\\\/\\\/informelitoral.com.ar\\\/#website\"},\"primaryImageOfPage\":{\"@id\":\"https:\\\/\\\/informelitoral.com.ar\\\/avanza-la-puesta-en-valor-del-hospital-san-roque-la-obra-de-recuperacion-ya-alcanzo-el-50\\\/#primaryimage\"},\"image\":{\"@id\":\"https:\\\/\\\/informelitoral.com.ar\\\/avanza-la-puesta-en-valor-del-hospital-san-roque-la-obra-de-recuperacion-ya-alcanzo-el-50\\\/#primaryimage\"},\"thumbnailUrl\":\"https:\\\/\\\/informelitoral.com.ar\\\/%77%70%2d%63%6f%6e%74%65%6e%74\\\/uploads\\\/2024\\\/09\\\/hospital-materno-infantil-san-roque-parana-1.webp\",\"datePublished\":\"2026-03-17T12:42:31+00:00\",\"breadcrumb\":{\"@id\":\"https:\\\/\\\/informelitoral.com.ar\\\/avanza-la-puesta-en-valor-del-hospital-san-roque-la-obra-de-recuperacion-ya-alcanzo-el-50\\\/#breadcrumb\"},\"inLanguage\":\"es\",\"potentialAction\":[{\"@type\":\"ReadAction\",\"target\":[\"https:\\\/\\\/informelitoral.com.ar\\\/avanza-la-puesta-en-valor-del-hospital-san-roque-la-obra-de-recuperacion-ya-alcanzo-el-50\\\/\"]}]},{\"@type\":\"ImageObject\",\"inLanguage\":\"es\",\"@id\":\"https:\\\/\\\/informelitoral.com.ar\\\/avanza-la-puesta-en-valor-del-hospital-san-roque-la-obra-de-recuperacion-ya-alcanzo-el-50\\\/#primaryimage\",\"url\":\"https:\\\/\\\/informelitoral.com.ar\\\/%77%70%2d%63%6f%6e%74%65%6e%74\\\/uploads\\\/2024\\\/09\\\/hospital-materno-infantil-san-roque-parana-1.webp\",\"contentUrl\":\"https:\\\/\\\/informelitoral.com.ar\\\/%77%70%2d%63%6f%6e%74%65%6e%74\\\/uploads\\\/2024\\\/09\\\/hospital-materno-infantil-san-roque-parana-1.webp\",\"width\":696,\"height\":413},{\"@type\":\"BreadcrumbList\",\"@id\":\"https:\\\/\\\/informelitoral.com.ar\\\/avanza-la-puesta-en-valor-del-hospital-san-roque-la-obra-de-recuperacion-ya-alcanzo-el-50\\\/#breadcrumb\",\"itemListElement\":[{\"@type\":\"ListItem\",\"position\":1,\"name\":\"Portada\",\"item\":\"https:\\\/\\\/informelitoral.com.ar\\\/\"},{\"@type\":\"ListItem\",\"position\":2,\"name\":\"Avanza la puesta en valor del Hospital San Roque: la obra de recuperaci\u00f3n ya alcanz\u00f3 el 50%\"}]},{\"@type\":\"WebSite\",\"@id\":\"https:\\\/\\\/informelitoral.com.ar\\\/#website\",\"url\":\"https:\\\/\\\/informelitoral.com.ar\\\/\",\"name\":\"Informe Litoral\",\"description\":\"&quot;Nos informamos&quot; \",\"publisher\":{\"@id\":\"https:\\\/\\\/informelitoral.com.ar\\\/#organization\"},\"potentialAction\":[{\"@type\":\"SearchAction\",\"target\":{\"@type\":\"EntryPoint\",\"urlTemplate\":\"https:\\\/\\\/informelitoral.com.ar\\\/?s={search_term_string}\"},\"query-input\":{\"@type\":\"PropertyValueSpecification\",\"valueRequired\":true,\"valueName\":\"search_term_string\"}}],\"inLanguage\":\"es\"},{\"@type\":\"Organization\",\"@id\":\"https:\\\/\\\/informelitoral.com.ar\\\/#organization\",\"name\":\"Informe Litoral\",\"url\":\"https:\\\/\\\/informelitoral.com.ar\\\/\",\"logo\":{\"@type\":\"ImageObject\",\"inLanguage\":\"es\",\"@id\":\"https:\\\/\\\/informelitoral.com.ar\\\/#\\\/schema\\\/logo\\\/image\\\/\",\"url\":\"https:\\\/\\\/informelitoral.com.ar\\\/%77%70%2d%63%6f%6e%74%65%6e%74\\\/uploads\\\/2021\\\/01\\\/circulo.png\",\"contentUrl\":\"https:\\\/\\\/informelitoral.com.ar\\\/%77%70%2d%63%6f%6e%74%65%6e%74\\\/uploads\\\/2021\\\/01\\\/circulo.png\",\"width\":723,\"height\":731,\"caption\":\"Informe Litoral\"},\"image\":{\"@id\":\"https:\\\/\\\/informelitoral.com.ar\\\/#\\\/schema\\\/logo\\\/image\\\/\"},\"sameAs\":[\"https:\\\/\\\/www.facebook.com\\\/informelitoral\\\/\",\"https:\\\/\\\/x.com\\\/InformeLitoral\",\"https:\\\/\\\/www.instagram.com\\\/informelitoral\\\/\",\"https:\\\/\\\/www.youtube.com\\\/channel\\\/UCua4Qvz8Icb6MYqhoq9xLXw\"]},{\"@type\":\"Person\",\"@id\":\"https:\\\/\\\/informelitoral.com.ar\\\/#\\\/schema\\\/person\\\/f05f9f461677119578717524b127d6d5\",\"name\":\"Sebastian\",\"image\":{\"@type\":\"ImageObject\",\"inLanguage\":\"es\",\"@id\":\"https:\\\/\\\/secure.gravatar.com\\\/avatar\\\/b71bf7481d447dfb9583c7f2798e7cc64de6efb9067b74633ed8c31059a3bd82?s=96&d=mm&r=g\",\"url\":\"https:\\\/\\\/secure.gravatar.com\\\/avatar\\\/b71bf7481d447dfb9583c7f2798e7cc64de6efb9067b74633ed8c31059a3bd82?s=96&d=mm&r=g\",\"contentUrl\":\"https:\\\/\\\/secure.gravatar.com\\\/avatar\\\/b71bf7481d447dfb9583c7f2798e7cc64de6efb9067b74633ed8c31059a3bd82?s=96&d=mm&r=g\",\"caption\":\"Sebastian\"},\"url\":\"https:\\\/\\\/informelitoral.com.ar\\\/author\\\/sebastian\\\/\"}]}<\/script>","yoast_head_json":{"title":"Avanza la puesta en valor del Hospital San Roque: la obra de recuperaci\u00f3n ya alcanz\u00f3 el 50% - Informe Litoral","robots":{"index":"index","follow":"follow","max-snippet":"max-snippet:-1","max-image-preview":"max-image-preview:large","max-video-preview":"max-video-preview:-1"},"canonical":"https:\/\/informelitoral.com.ar\/avanza-la-puesta-en-valor-del-hospital-san-roque-la-obra-de-recuperacion-ya-alcanzo-el-50\/","og_locale":"es_ES","og_type":"article","og_title":"Avanza la puesta en valor del Hospital San Roque: la obra de recuperaci\u00f3n ya alcanz\u00f3 el 50% - Informe Litoral","og_description":"Con una inversi\u00f3n de 321 millones de pesos, la provincia restaura la Sala 4 y consultorios externos para modernizar la atenci\u00f3n pedi\u00e1trica.","og_url":"https:\/\/informelitoral.com.ar\/avanza-la-puesta-en-valor-del-hospital-san-roque-la-obra-de-recuperacion-ya-alcanzo-el-50\/","og_site_name":"Informe Litoral","article_publisher":"https:\/\/www.facebook.com\/informelitoral\/","article_published_time":"2026-03-17T12:42:31+00:00","og_image":[{"width":696,"height":413,"url":"https:\/\/informelitoral.com.ar\/%77%70%2d%63%6f%6e%74%65%6e%74\/uploads\/2024\/09\/hospital-materno-infantil-san-roque-parana-1.webp","type":"image\/webp"}],"author":"Sebastian","twitter_card":"summary_large_image","twitter_creator":"@InformeLitoral","twitter_site":"@InformeLitoral","twitter_misc":{"Escrito por":"Sebastian","Tiempo de lectura":"3 minutos"},"schema":{"@context":"https:\/\/schema.org","@graph":[{"@type":"Article","@id":"https:\/\/informelitoral.com.ar\/avanza-la-puesta-en-valor-del-hospital-san-roque-la-obra-de-recuperacion-ya-alcanzo-el-50\/#article","isPartOf":{"@id":"https:\/\/informelitoral.com.ar\/avanza-la-puesta-en-valor-del-hospital-san-roque-la-obra-de-recuperacion-ya-alcanzo-el-50\/"},"author":{"name":"Sebastian","@id":"https:\/\/informelitoral.com.ar\/#\/schema\/person\/f05f9f461677119578717524b127d6d5"},"headline":"Avanza la puesta en valor del Hospital San Roque: la obra de recuperaci\u00f3n ya alcanz\u00f3 el 50%","datePublished":"2026-03-17T12:42:31+00:00","mainEntityOfPage":{"@id":"https:\/\/informelitoral.com.ar\/avanza-la-puesta-en-valor-del-hospital-san-roque-la-obra-de-recuperacion-ya-alcanzo-el-50\/"},"wordCount":366,"commentCount":0,"publisher":{"@id":"https:\/\/informelitoral.com.ar\/#organization"},"image":{"@id":"https:\/\/informelitoral.com.ar\/avanza-la-puesta-en-valor-del-hospital-san-roque-la-obra-de-recuperacion-ya-alcanzo-el-50\/#primaryimage"},"thumbnailUrl":"https:\/\/informelitoral.com.ar\/%77%70%2d%63%6f%6e%74%65%6e%74\/uploads\/2024\/09\/hospital-materno-infantil-san-roque-parana-1.webp","keywords":["Hospital San Roque","Obras"],"articleSection":["Entre R\u00edos"],"inLanguage":"es","potentialAction":[{"@type":"CommentAction","name":"Comment","target":["https:\/\/informelitoral.com.ar\/avanza-la-puesta-en-valor-del-hospital-san-roque-la-obra-de-recuperacion-ya-alcanzo-el-50\/#respond"]}]},{"@type":"WebPage","@id":"https:\/\/informelitoral.com.ar\/avanza-la-puesta-en-valor-del-hospital-san-roque-la-obra-de-recuperacion-ya-alcanzo-el-50\/","url":"https:\/\/informelitoral.com.ar\/avanza-la-puesta-en-valor-del-hospital-san-roque-la-obra-de-recuperacion-ya-alcanzo-el-50\/","name":"Avanza la puesta en valor del Hospital San Roque: la obra de recuperaci\u00f3n ya alcanz\u00f3 el 50% - Informe Litoral","isPartOf":{"@id":"https:\/\/informelitoral.com.ar\/#website"},"primaryImageOfPage":{"@id":"https:\/\/informelitoral.com.ar\/avanza-la-puesta-en-valor-del-hospital-san-roque-la-obra-de-recuperacion-ya-alcanzo-el-50\/#primaryimage"},"image":{"@id":"https:\/\/informelitoral.com.ar\/avanza-la-puesta-en-valor-del-hospital-san-roque-la-obra-de-recuperacion-ya-alcanzo-el-50\/#primaryimage"},"thumbnailUrl":"https:\/\/informelitoral.com.ar\/%77%70%2d%63%6f%6e%74%65%6e%74\/uploads\/2024\/09\/hospital-materno-infantil-san-roque-parana-1.webp","datePublished":"2026-03-17T12:42:31+00:00","breadcrumb":{"@id":"https:\/\/informelitoral.com.ar\/avanza-la-puesta-en-valor-del-hospital-san-roque-la-obra-de-recuperacion-ya-alcanzo-el-50\/#breadcrumb"},"inLanguage":"es","potentialAction":[{"@type":"ReadAction","target":["https:\/\/informelitoral.com.ar\/avanza-la-puesta-en-valor-del-hospital-san-roque-la-obra-de-recuperacion-ya-alcanzo-el-50\/"]}]},{"@type":"ImageObject","inLanguage":"es","@id":"https:\/\/informelitoral.com.ar\/avanza-la-puesta-en-valor-del-hospital-san-roque-la-obra-de-recuperacion-ya-alcanzo-el-50\/#primaryimage","url":"https:\/\/informelitoral.com.ar\/%77%70%2d%63%6f%6e%74%65%6e%74\/uploads\/2024\/09\/hospital-materno-infantil-san-roque-parana-1.webp","contentUrl":"https:\/\/informelitoral.com.ar\/%77%70%2d%63%6f%6e%74%65%6e%74\/uploads\/2024\/09\/hospital-materno-infantil-san-roque-parana-1.webp","width":696,"height":413},{"@type":"BreadcrumbList","@id":"https:\/\/informelitoral.com.ar\/avanza-la-puesta-en-valor-del-hospital-san-roque-la-obra-de-recuperacion-ya-alcanzo-el-50\/#breadcrumb","itemListElement":[{"@type":"ListItem","position":1,"name":"Portada","item":"https:\/\/informelitoral.com.ar\/"},{"@type":"ListItem","position":2,"name":"Avanza la puesta en valor del Hospital San Roque: la obra de recuperaci\u00f3n ya alcanz\u00f3 el 50%"}]},{"@type":"WebSite","@id":"https:\/\/informelitoral.com.ar\/#website","url":"https:\/\/informelitoral.com.ar\/","name":"Informe Litoral","description":"&quot;Nos informamos&quot; ","publisher":{"@id":"https:\/\/informelitoral.com.ar\/#organization"},"potentialAction":[{"@type":"SearchAction","target":{"@type":"EntryPoint","urlTemplate":"https:\/\/informelitoral.com.ar\/?s={search_term_string}"},"query-input":{"@type":"PropertyValueSpecification","valueRequired":true,"valueName":"search_term_string"}}],"inLanguage":"es"},{"@type":"Organization","@id":"https:\/\/informelitoral.com.ar\/#organization","name":"Informe Litoral","url":"https:\/\/informelitoral.com.ar\/","logo":{"@type":"ImageObject","inLanguage":"es","@id":"https:\/\/informelitoral.com.ar\/#\/schema\/logo\/image\/","url":"https:\/\/informelitoral.com.ar\/%77%70%2d%63%6f%6e%74%65%6e%74\/uploads\/2021\/01\/circulo.png","contentUrl":"https:\/\/informelitoral.com.ar\/%77%70%2d%63%6f%6e%74%65%6e%74\/uploads\/2021\/01\/circulo.png","width":723,"height":731,"caption":"Informe Litoral"},"image":{"@id":"https:\/\/informelitoral.com.ar\/#\/schema\/logo\/image\/"},"sameAs":["https:\/\/www.facebook.com\/informelitoral\/","https:\/\/x.com\/InformeLitoral","https:\/\/www.instagram.com\/informelitoral\/","https:\/\/www.youtube.com\/channel\/UCua4Qvz8Icb6MYqhoq9xLXw"]},{"@type":"Person","@id":"https:\/\/informelitoral.com.ar\/#\/schema\/person\/f05f9f461677119578717524b127d6d5","name":"Sebastian","image":{"@type":"ImageObject","inLanguage":"es","@id":"https:\/\/secure.gravatar.com\/avatar\/b71bf7481d447dfb9583c7f2798e7cc64de6efb9067b74633ed8c31059a3bd82?s=96&d=mm&r=g","url":"https:\/\/secure.gravatar.com\/avatar\/b71bf7481d447dfb9583c7f2798e7cc64de6efb9067b74633ed8c31059a3bd82?s=96&d=mm&r=g","contentUrl":"https:\/\/secure.gravatar.com\/avatar\/b71bf7481d447dfb9583c7f2798e7cc64de6efb9067b74633ed8c31059a3bd82?s=96&d=mm&r=g","caption":"Sebastian"},"url":"https:\/\/informelitoral.com.ar\/author\/sebastian\/"}]}},"_links":{"self":[{"href":"https:\/\/informelitoral.com.ar\/%77%70%2d%6a%73%6f%6e\/wp\/v2\/posts\/253821","targetHints":{"allow":["GET"]}}],"collection":[{"href":"https:\/\/informelitoral.com.ar\/%77%70%2d%6a%73%6f%6e\/wp\/v2\/posts"}],"about":[{"href":"https:\/\/informelitoral.com.ar\/%77%70%2d%6a%73%6f%6e\/wp\/v2\/types\/post"}],"author":[{"embeddable":true,"href":"https:\/\/informelitoral.com.ar\/%77%70%2d%6a%73%6f%6e\/wp\/v2\/users\/8"}],"replies":[{"embeddable":true,"href":"https:\/\/informelitoral.com.ar\/%77%70%2d%6a%73%6f%6e\/wp\/v2\/comments?post=253821"}],"version-history":[{"count":1,"href":"https:\/\/informelitoral.com.ar\/%77%70%2d%6a%73%6f%6e\/wp\/v2\/posts\/253821\/revisions"}],"predecessor-version":[{"id":253824,"href":"https:\/\/informelitoral.com.ar\/%77%70%2d%6a%73%6f%6e\/wp\/v2\/posts\/253821\/revisions\/253824"}],"wp:featuredmedia":[{"embeddable":true,"href":"https:\/\/informelitoral.com.ar\/%77%70%2d%6a%73%6f%6e\/wp\/v2\/media\/198432"}],"wp:attachment":[{"href":"https:\/\/informelitoral.com.ar\/%77%70%2d%6a%73%6f%6e\/wp\/v2\/media?parent=253821"}],"wp:term":[{"taxonomy":"category","embeddable":true,"href":"https:\/\/informelitoral.com.ar\/%77%70%2d%6a%73%6f%6e\/wp\/v2\/categories?post=253821"},{"taxonomy":"post_tag","embeddable":true,"href":"https:\/\/informelitoral.com.ar\/%77%70%2d%6a%73%6f%6e\/wp\/v2\/tags?post=253821"}],"curies":[{"name":"wp","href":"https:\/\/api.w.org\/{rel}","templated":true}]}}