{"id":2538,"date":"2013-07-23T16:26:38","date_gmt":"2013-07-23T19:26:38","guid":{"rendered":"http:\/\/www.isletasnoticias.com.ar\/?p=2538"},"modified":"2013-07-23T16:33:31","modified_gmt":"2013-07-23T19:33:31","slug":"2538","status":"publish","type":"post","link":"https:\/\/informelitoral.com.ar\/2538\/","title":{"rendered":"Miguel Ruberto habl\u00f3 de la Asociaci\u00f3n Entrerriana de Periodistas Agropecuarios"},"content":{"rendered":"<div>\n<p lang=\"es-ES\"><strong>En una entrevista con <em>Campo Adentro,<\/em> el presidente de\u00a0Asociaci\u00f3n Entrerriana de Periodistas Agropecuarios (AEPA)<em> Miguel Ruberto<\/em>, habl\u00f3 acerca de c\u00f3mo funciona esta asociaci\u00f3n, las actividades que se\u00a0<strong>realizan y el panorama del sector agropecuario actual.<\/strong><\/strong><\/p>\n<p style=\"text-align: center;\"><img loading=\"lazy\" decoding=\"async\" class=\"size-medium wp-image-2539 aligncenter\" title=\"Integrantes de AEPA.\" alt=\"aepa\" src=\"http:\/\/www.isletasnoticias.com.ar\/%77%70%2d%63%6f%6e%74%65%6e%74\/uploads\/2013\/07\/aepa-300x225.jpg\" width=\"300\" height=\"225\" srcset=\"https:\/\/informelitoral.com.ar\/%77%70%2d%63%6f%6e%74%65%6e%74\/uploads\/2013\/07\/aepa-300x225.jpg 300w, https:\/\/informelitoral.com.ar\/%77%70%2d%63%6f%6e%74%65%6e%74\/uploads\/2013\/07\/aepa.jpg 960w\" sizes=\"auto, (max-width: 300px) 100vw, 300px\" \/><\/p>\n<p><strong><a href=\"http:\/\/www.isletasnoticias.com.ar\/%77%70%2d%63%6f%6e%74%65%6e%74\/uploads\/2013\/07\/ruberto.jpg\"><img loading=\"lazy\" decoding=\"async\" class=\"size-medium wp-image-2540 alignright\" title=\"Miguel Ruberto, actual presidente de AEPA.\" alt=\"ruberto\" src=\"http:\/\/www.isletasnoticias.com.ar\/%77%70%2d%63%6f%6e%74%65%6e%74\/uploads\/2013\/07\/ruberto-300x225.jpg\" width=\"300\" height=\"225\" srcset=\"https:\/\/informelitoral.com.ar\/%77%70%2d%63%6f%6e%74%65%6e%74\/uploads\/2013\/07\/ruberto-300x225.jpg 300w, https:\/\/informelitoral.com.ar\/%77%70%2d%63%6f%6e%74%65%6e%74\/uploads\/2013\/07\/ruberto.jpg 720w\" sizes=\"auto, (max-width: 300px) 100vw, 300px\" \/><\/a><\/strong><strong>&#8211;\u00bfC\u00f3mo surgi\u00f3 la AEPA?<\/strong><\/p>\n<\/div>\n<div>\n<p lang=\"es-ES\">&#8211;Desde el a\u00f1o 2007 un grupo de periodistas y comunicadores de la zona ven\u00edamos reuni\u00e9ndonos peri\u00f3dicamente, y vimos la necesidad de tener que organizarnos, porque notamos que en cada pueblo hab\u00eda alguien que comunicaba y le daba prioridad los temas del sector agropecuario.\u00a0Es as\u00ed que nos juntamos con la idea de armar algo que nos sirviera para estar mas juntos, tener una especie de red que nos comunique, como as\u00ed tambi\u00e9n una buena forma de defender la profesi\u00f3n, la comunicaci\u00f3n agropecuaria que se ha ido especializando en los \u00faltimos tiempos, dada la complejidad y diversidad de cada tema. De ah\u00ed la idea de capacitarnos, de formarnos, de armar esta red que se ha ido de a poco conformando, y es hoy la Asociaci\u00f3n Entrerriana de Periodistas Agropecuarios.<\/p>\n<p lang=\"es-ES\"><strong>&#8211;\u00bfC\u00f3mo esta organizada la Asociaci\u00f3n?<\/strong><\/p>\n<p lang=\"es-ES\"><strong>&#8212;<\/strong>En este momento estamos tramitando la personer\u00eda jur\u00eddica para transformarla en una asociaci\u00f3n civil. Tiene una regularidad en las reuniones de comisi\u00f3n directiva con diferentes responsabilidades, y esta conformado por un presidente, un secretario, un tesorero y tiene un determinado plan de trabajo, que este a\u00f1o fue, por ejemplo; el de realizar capacitaciones.<\/p>\n<p lang=\"es-ES\"><strong>&#8211;\u00bfQue tipo de capacitaciones?<\/strong><\/p>\n<p lang=\"es-ES\"><strong>&#8212;<\/strong>Realizamos una de redacci\u00f3n period\u00edstica, y para mediados de agosto est\u00e1n programadas otras sobre periodismo digital, y comunicaci\u00f3n institucional. Despu\u00e9s hacemos capacitaciones puntuales en producci\u00f3n, como el tema av\u00edcola que la estamos programando. Justamente este a\u00f1o se realiza tambi\u00e9n el Congreso Mundial de Periodismo Agropecuario que nos va a marcar, y que nos requiere de determinado tiempo para la participaci\u00f3n.<\/p>\n<p lang=\"es-ES\"><strong>&#8211;\u00bfQu\u00e9 avances reconoces desde el sector agropecuario en esto que ustedes realizan?<\/strong><\/p>\n<p lang=\"es-ES\"><strong>&#8212;<\/strong>Vemos que el sector agropecuario y el agroalimentario tiene cada d\u00eda una importancia mas fuerte en la econom\u00eda y la sociedad argentina. Creo que todos vamos descubriendo eso, tanto la gente en las ciudades que esta entendiendo la importancia que tiene el campo, como as\u00ed tambi\u00e9n las empresas. Las entidades de estos sectores est\u00e1n entendiendo la necesidad de comunicarlo mejor, m\u00e1s profesionalmente, y es ac\u00e1 donde entramos nosotros, y es por eso que vemos la necesidad de capacitarnos constantemente. Buscamos poder transmitir el mensaje del sector, sin hacer un periodismo corporativo, pero s\u00ed hay espacios para difundir la actividad corporativa de algunas empresas, sectores, instituciones y entidades.<\/p>\n<p lang=\"es-ES\">\u00a0&#8212;<strong>\u00bfC\u00f3mo ve la rentabilidad del sector agropecuario?<\/strong><\/p>\n<p lang=\"es-ES\"><strong>&#8212;<\/strong>En estos \u00faltimos tiempos el sector se va ajustando; hay presiones fiscales m\u00e1s fuertes en distintas actividades, y se fueron formalizando y blanqueando muchas actividades productivas que antes transitaban un camino entre lo que estaba en blanco y lo informal. Podemos decir que todas las actividades se van formalizando, desde el servicio dom\u00e9stico hasta el trabajo rural y las actividades productivas que de a poco se van regularizando. El sector tiene otras exigencias, hay un cuestionamiento en el consumidor final que quiere saber de donde vine la mercader\u00eda, por lo que tiene que ir blanque\u00e1ndose como se procesa y produce en cada eslab\u00f3n de la cadena. Tal vez esto es m\u00e1s dif\u00edcil para el peque\u00f1o productor, m\u00e1s all\u00e1 de que aparecieron otras herramientas, como el monotributo social que le permiti\u00f3 incorporarse al esquema de una econom\u00eda formal.<\/p>\n<p lang=\"es-ES\">\u00a0&#8212;<strong>\u00bfC\u00f3mo se puede asociar a la AEPA?<\/strong><\/p>\n<p lang=\"es-ES\"><strong>&#8212;<\/strong>Nosotros lo hacemos por sugerencias. No hay un requisito de que tiene que tener un t\u00edtulo o algo por el estilo. Lo que si se necesita, es que quien quiera formar parte, est\u00e9 vinculado a la comunicaci\u00f3n en el sector. Puede ser quien trabaje en la FM de un pueblo o un peri\u00f3dico peque\u00f1o, pero que tenga contenidos que lo vincule con el sector agropecuario y con la comunidad rural. Este ser\u00eda el \u00fanico requisito que nosotros imponemos para asociarse a la AEPA.<\/p>\n<p lang=\"es-ES\">La Asociaci\u00f3n Entrerriana de Periodistas Agropecuarios cuenta con una P\u00e1gina Web que es:\u00a0<a href=\"http:\/\/www.aepa-donluis.com.ar\/\">www.aepa-donluis.com.ar<\/a>.<\/p>\n<\/div>\n","protected":false},"excerpt":{"rendered":"<p>En una entrevista con Campo Adentro, el presidente de&nbsp;Asociaci&oacute;n Entrerriana de Periodistas Agropecuarios (AEPA) Miguel Ruberto, habl&oacute; acerca de c&oacute;mo funciona esta asociaci&oacute;n, las actividades que se&nbsp;realizan y el panorama del sector agropecuario actual. &ndash;&iquest;C&oacute;mo surgi&oacute; la AEPA? &ndash;Desde el a&ntilde;o 2007 un grupo de periodistas y comunicadores de la zona ven&iacute;amos reuni&eacute;ndonos peri&oacute;dicamente, y [&hellip;]<\/p>\n","protected":false},"author":2,"featured_media":0,"comment_status":"open","ping_status":"open","sticky":false,"template":"","format":"standard","meta":{"fifu_image_url":"","fifu_image_alt":"","footnotes":""},"categories":[10,12],"tags":[],"class_list":{"0":"post-2538","1":"post","2":"type-post","3":"status-publish","4":"format-standard","6":"category-campo","7":"category-espectaculos"},"yoast_head":"<title>Miguel Ruberto habl\u00f3 de la Asociaci\u00f3n Entrerriana de Periodistas Agropecuarios - Informe Litoral<\/title>\n<meta name=\"robots\" content=\"index, follow, max-snippet:-1, max-image-preview:large, max-video-preview:-1\" \/>\n<link rel=\"canonical\" href=\"https:\/\/informelitoral.com.ar\/2538\/\" \/>\n<meta property=\"og:locale\" content=\"es_ES\" \/>\n<meta property=\"og:type\" content=\"article\" \/>\n<meta property=\"og:title\" content=\"Miguel Ruberto habl\u00f3 de la Asociaci\u00f3n Entrerriana de Periodistas Agropecuarios - Informe Litoral\" \/>\n<meta property=\"og:description\" content=\"En una entrevista con Campo Adentro, el presidente de&nbsp;Asociaci&oacute;n Entrerriana de Periodistas Agropecuarios (AEPA) Miguel Ruberto, habl&oacute; acerca de c&oacute;mo funciona esta asociaci&oacute;n, las actividades que se&nbsp;realizan y el panorama del sector agropecuario actual. &ndash;&iquest;C&oacute;mo surgi&oacute; la AEPA? &ndash;Desde el a&ntilde;o 2007 un grupo de periodistas y comunicadores de la zona ven&iacute;amos reuni&eacute;ndonos peri&oacute;dicamente, y [&hellip;]\" \/>\n<meta property=\"og:url\" content=\"https:\/\/informelitoral.com.ar\/2538\/\" \/>\n<meta property=\"og:site_name\" content=\"Informe Litoral\" \/>\n<meta property=\"article:publisher\" content=\"https:\/\/www.facebook.com\/informelitoral\/\" \/>\n<meta property=\"article:published_time\" content=\"2013-07-23T19:26:38+00:00\" \/>\n<meta property=\"article:modified_time\" content=\"2013-07-23T19:33:31+00:00\" \/>\n<meta property=\"og:image\" content=\"https:\/\/informelitoral.com.ar\/%77%70%2d%63%6f%6e%74%65%6e%74\/uploads\/2013\/07\/aepa.jpg\" \/>\n\t<meta property=\"og:image:width\" content=\"960\" \/>\n\t<meta property=\"og:image:height\" content=\"720\" \/>\n\t<meta property=\"og:image:type\" content=\"image\/jpeg\" \/>\n<meta name=\"author\" content=\"Gonzalo Schmidt\" \/>\n<meta name=\"twitter:card\" content=\"summary_large_image\" \/>\n<meta name=\"twitter:creator\" content=\"@InformeLitoral\" \/>\n<meta name=\"twitter:site\" content=\"@InformeLitoral\" \/>\n<meta name=\"twitter:label1\" content=\"Escrito por\" \/>\n\t<meta name=\"twitter:data1\" content=\"Gonzalo Schmidt\" \/>\n\t<meta name=\"twitter:label2\" content=\"Tiempo de lectura\" \/>\n\t<meta name=\"twitter:data2\" content=\"4 minutos\" \/>\n<script type=\"application\/ld+json\" class=\"yoast-schema-graph\">{\"@context\":\"https:\\\/\\\/schema.org\",\"@graph\":[{\"@type\":\"Article\",\"@id\":\"https:\\\/\\\/informelitoral.com.ar\\\/2538\\\/#article\",\"isPartOf\":{\"@id\":\"https:\\\/\\\/informelitoral.com.ar\\\/2538\\\/\"},\"author\":{\"name\":\"Gonzalo Schmidt\",\"@id\":\"https:\\\/\\\/informelitoral.com.ar\\\/#\\\/schema\\\/person\\\/b9d00407c836482871ef1d57bf8e3180\"},\"headline\":\"Miguel Ruberto habl\u00f3 de la Asociaci\u00f3n Entrerriana de Periodistas Agropecuarios\",\"datePublished\":\"2013-07-23T19:26:38+00:00\",\"dateModified\":\"2013-07-23T19:33:31+00:00\",\"mainEntityOfPage\":{\"@id\":\"https:\\\/\\\/informelitoral.com.ar\\\/2538\\\/\"},\"wordCount\":730,\"commentCount\":0,\"publisher\":{\"@id\":\"https:\\\/\\\/informelitoral.com.ar\\\/#organization\"},\"image\":{\"@id\":\"https:\\\/\\\/informelitoral.com.ar\\\/2538\\\/#primaryimage\"},\"thumbnailUrl\":\"http:\\\/\\\/www.isletasnoticias.com.ar\\\/%77%70%2d%63%6f%6e%74%65%6e%74\\\/uploads\\\/2013\\\/07\\\/aepa-300x225.jpg\",\"articleSection\":[\"Campo\",\"Espect\u00e1culos\"],\"inLanguage\":\"es\",\"potentialAction\":[{\"@type\":\"CommentAction\",\"name\":\"Comment\",\"target\":[\"https:\\\/\\\/informelitoral.com.ar\\\/2538\\\/#respond\"]}]},{\"@type\":\"WebPage\",\"@id\":\"https:\\\/\\\/informelitoral.com.ar\\\/2538\\\/\",\"url\":\"https:\\\/\\\/informelitoral.com.ar\\\/2538\\\/\",\"name\":\"Miguel Ruberto habl\u00f3 de la Asociaci\u00f3n Entrerriana de Periodistas Agropecuarios - Informe Litoral\",\"isPartOf\":{\"@id\":\"https:\\\/\\\/informelitoral.com.ar\\\/#website\"},\"primaryImageOfPage\":{\"@id\":\"https:\\\/\\\/informelitoral.com.ar\\\/2538\\\/#primaryimage\"},\"image\":{\"@id\":\"https:\\\/\\\/informelitoral.com.ar\\\/2538\\\/#primaryimage\"},\"thumbnailUrl\":\"http:\\\/\\\/www.isletasnoticias.com.ar\\\/%77%70%2d%63%6f%6e%74%65%6e%74\\\/uploads\\\/2013\\\/07\\\/aepa-300x225.jpg\",\"datePublished\":\"2013-07-23T19:26:38+00:00\",\"dateModified\":\"2013-07-23T19:33:31+00:00\",\"breadcrumb\":{\"@id\":\"https:\\\/\\\/informelitoral.com.ar\\\/2538\\\/#breadcrumb\"},\"inLanguage\":\"es\",\"potentialAction\":[{\"@type\":\"ReadAction\",\"target\":[\"https:\\\/\\\/informelitoral.com.ar\\\/2538\\\/\"]}]},{\"@type\":\"ImageObject\",\"inLanguage\":\"es\",\"@id\":\"https:\\\/\\\/informelitoral.com.ar\\\/2538\\\/#primaryimage\",\"url\":\"http:\\\/\\\/www.isletasnoticias.com.ar\\\/%77%70%2d%63%6f%6e%74%65%6e%74\\\/uploads\\\/2013\\\/07\\\/aepa-300x225.jpg\",\"contentUrl\":\"http:\\\/\\\/www.isletasnoticias.com.ar\\\/%77%70%2d%63%6f%6e%74%65%6e%74\\\/uploads\\\/2013\\\/07\\\/aepa-300x225.jpg\"},{\"@type\":\"BreadcrumbList\",\"@id\":\"https:\\\/\\\/informelitoral.com.ar\\\/2538\\\/#breadcrumb\",\"itemListElement\":[{\"@type\":\"ListItem\",\"position\":1,\"name\":\"Portada\",\"item\":\"https:\\\/\\\/informelitoral.com.ar\\\/\"},{\"@type\":\"ListItem\",\"position\":2,\"name\":\"Miguel Ruberto habl\u00f3 de la Asociaci\u00f3n Entrerriana de Periodistas Agropecuarios\"}]},{\"@type\":\"WebSite\",\"@id\":\"https:\\\/\\\/informelitoral.com.ar\\\/#website\",\"url\":\"https:\\\/\\\/informelitoral.com.ar\\\/\",\"name\":\"Informe Litoral\",\"description\":\"&quot;Nos informamos&quot; \",\"publisher\":{\"@id\":\"https:\\\/\\\/informelitoral.com.ar\\\/#organization\"},\"potentialAction\":[{\"@type\":\"SearchAction\",\"target\":{\"@type\":\"EntryPoint\",\"urlTemplate\":\"https:\\\/\\\/informelitoral.com.ar\\\/?s={search_term_string}\"},\"query-input\":{\"@type\":\"PropertyValueSpecification\",\"valueRequired\":true,\"valueName\":\"search_term_string\"}}],\"inLanguage\":\"es\"},{\"@type\":\"Organization\",\"@id\":\"https:\\\/\\\/informelitoral.com.ar\\\/#organization\",\"name\":\"Informe Litoral\",\"url\":\"https:\\\/\\\/informelitoral.com.ar\\\/\",\"logo\":{\"@type\":\"ImageObject\",\"inLanguage\":\"es\",\"@id\":\"https:\\\/\\\/informelitoral.com.ar\\\/#\\\/schema\\\/logo\\\/image\\\/\",\"url\":\"https:\\\/\\\/informelitoral.com.ar\\\/%77%70%2d%63%6f%6e%74%65%6e%74\\\/uploads\\\/2021\\\/01\\\/circulo.png\",\"contentUrl\":\"https:\\\/\\\/informelitoral.com.ar\\\/%77%70%2d%63%6f%6e%74%65%6e%74\\\/uploads\\\/2021\\\/01\\\/circulo.png\",\"width\":723,\"height\":731,\"caption\":\"Informe Litoral\"},\"image\":{\"@id\":\"https:\\\/\\\/informelitoral.com.ar\\\/#\\\/schema\\\/logo\\\/image\\\/\"},\"sameAs\":[\"https:\\\/\\\/www.facebook.com\\\/informelitoral\\\/\",\"https:\\\/\\\/x.com\\\/InformeLitoral\",\"https:\\\/\\\/www.instagram.com\\\/informelitoral\\\/\",\"https:\\\/\\\/www.youtube.com\\\/channel\\\/UCua4Qvz8Icb6MYqhoq9xLXw\"]},{\"@type\":\"Person\",\"@id\":\"https:\\\/\\\/informelitoral.com.ar\\\/#\\\/schema\\\/person\\\/b9d00407c836482871ef1d57bf8e3180\",\"name\":\"Gonzalo Schmidt\",\"image\":{\"@type\":\"ImageObject\",\"inLanguage\":\"es\",\"@id\":\"https:\\\/\\\/secure.gravatar.com\\\/avatar\\\/31a1a7b66ff2de83bd0e9fd79d026630d2d99e55e8bfe501287647b4fd9743de?s=96&d=mm&r=g\",\"url\":\"https:\\\/\\\/secure.gravatar.com\\\/avatar\\\/31a1a7b66ff2de83bd0e9fd79d026630d2d99e55e8bfe501287647b4fd9743de?s=96&d=mm&r=g\",\"contentUrl\":\"https:\\\/\\\/secure.gravatar.com\\\/avatar\\\/31a1a7b66ff2de83bd0e9fd79d026630d2d99e55e8bfe501287647b4fd9743de?s=96&d=mm&r=g\",\"caption\":\"Gonzalo Schmidt\"},\"description\":\"Sitio web de noticias de la provincia de Entre R\u00edos, Argentina. Informaci\u00f3n y entretenimiento. Informe Litoral, nos informamos.\",\"sameAs\":[\"http:\\\/\\\/www.isletasnoticias.com.ar\"],\"url\":\"https:\\\/\\\/informelitoral.com.ar\\\/author\\\/gonzalo\\\/\"}]}<\/script>","yoast_head_json":{"title":"Miguel Ruberto habl\u00f3 de la Asociaci\u00f3n Entrerriana de Periodistas Agropecuarios - Informe Litoral","robots":{"index":"index","follow":"follow","max-snippet":"max-snippet:-1","max-image-preview":"max-image-preview:large","max-video-preview":"max-video-preview:-1"},"canonical":"https:\/\/informelitoral.com.ar\/2538\/","og_locale":"es_ES","og_type":"article","og_title":"Miguel Ruberto habl\u00f3 de la Asociaci\u00f3n Entrerriana de Periodistas Agropecuarios - Informe Litoral","og_description":"En una entrevista con Campo Adentro, el presidente de&nbsp;Asociaci&oacute;n Entrerriana de Periodistas Agropecuarios (AEPA) Miguel Ruberto, habl&oacute; acerca de c&oacute;mo funciona esta asociaci&oacute;n, las actividades que se&nbsp;realizan y el panorama del sector agropecuario actual. &ndash;&iquest;C&oacute;mo surgi&oacute; la AEPA? &ndash;Desde el a&ntilde;o 2007 un grupo de periodistas y comunicadores de la zona ven&iacute;amos reuni&eacute;ndonos peri&oacute;dicamente, y [&hellip;]","og_url":"https:\/\/informelitoral.com.ar\/2538\/","og_site_name":"Informe Litoral","article_publisher":"https:\/\/www.facebook.com\/informelitoral\/","article_published_time":"2013-07-23T19:26:38+00:00","article_modified_time":"2013-07-23T19:33:31+00:00","og_image":[{"width":960,"height":720,"url":"https:\/\/informelitoral.com.ar\/%77%70%2d%63%6f%6e%74%65%6e%74\/uploads\/2013\/07\/aepa.jpg","type":"image\/jpeg"}],"author":"Gonzalo Schmidt","twitter_card":"summary_large_image","twitter_creator":"@InformeLitoral","twitter_site":"@InformeLitoral","twitter_misc":{"Escrito por":"Gonzalo Schmidt","Tiempo de lectura":"4 minutos"},"schema":{"@context":"https:\/\/schema.org","@graph":[{"@type":"Article","@id":"https:\/\/informelitoral.com.ar\/2538\/#article","isPartOf":{"@id":"https:\/\/informelitoral.com.ar\/2538\/"},"author":{"name":"Gonzalo Schmidt","@id":"https:\/\/informelitoral.com.ar\/#\/schema\/person\/b9d00407c836482871ef1d57bf8e3180"},"headline":"Miguel Ruberto habl\u00f3 de la Asociaci\u00f3n Entrerriana de Periodistas Agropecuarios","datePublished":"2013-07-23T19:26:38+00:00","dateModified":"2013-07-23T19:33:31+00:00","mainEntityOfPage":{"@id":"https:\/\/informelitoral.com.ar\/2538\/"},"wordCount":730,"commentCount":0,"publisher":{"@id":"https:\/\/informelitoral.com.ar\/#organization"},"image":{"@id":"https:\/\/informelitoral.com.ar\/2538\/#primaryimage"},"thumbnailUrl":"http:\/\/www.isletasnoticias.com.ar\/%77%70%2d%63%6f%6e%74%65%6e%74\/uploads\/2013\/07\/aepa-300x225.jpg","articleSection":["Campo","Espect\u00e1culos"],"inLanguage":"es","potentialAction":[{"@type":"CommentAction","name":"Comment","target":["https:\/\/informelitoral.com.ar\/2538\/#respond"]}]},{"@type":"WebPage","@id":"https:\/\/informelitoral.com.ar\/2538\/","url":"https:\/\/informelitoral.com.ar\/2538\/","name":"Miguel Ruberto habl\u00f3 de la Asociaci\u00f3n Entrerriana de Periodistas Agropecuarios - Informe Litoral","isPartOf":{"@id":"https:\/\/informelitoral.com.ar\/#website"},"primaryImageOfPage":{"@id":"https:\/\/informelitoral.com.ar\/2538\/#primaryimage"},"image":{"@id":"https:\/\/informelitoral.com.ar\/2538\/#primaryimage"},"thumbnailUrl":"http:\/\/www.isletasnoticias.com.ar\/%77%70%2d%63%6f%6e%74%65%6e%74\/uploads\/2013\/07\/aepa-300x225.jpg","datePublished":"2013-07-23T19:26:38+00:00","dateModified":"2013-07-23T19:33:31+00:00","breadcrumb":{"@id":"https:\/\/informelitoral.com.ar\/2538\/#breadcrumb"},"inLanguage":"es","potentialAction":[{"@type":"ReadAction","target":["https:\/\/informelitoral.com.ar\/2538\/"]}]},{"@type":"ImageObject","inLanguage":"es","@id":"https:\/\/informelitoral.com.ar\/2538\/#primaryimage","url":"http:\/\/www.isletasnoticias.com.ar\/%77%70%2d%63%6f%6e%74%65%6e%74\/uploads\/2013\/07\/aepa-300x225.jpg","contentUrl":"http:\/\/www.isletasnoticias.com.ar\/%77%70%2d%63%6f%6e%74%65%6e%74\/uploads\/2013\/07\/aepa-300x225.jpg"},{"@type":"BreadcrumbList","@id":"https:\/\/informelitoral.com.ar\/2538\/#breadcrumb","itemListElement":[{"@type":"ListItem","position":1,"name":"Portada","item":"https:\/\/informelitoral.com.ar\/"},{"@type":"ListItem","position":2,"name":"Miguel Ruberto habl\u00f3 de la Asociaci\u00f3n Entrerriana de Periodistas Agropecuarios"}]},{"@type":"WebSite","@id":"https:\/\/informelitoral.com.ar\/#website","url":"https:\/\/informelitoral.com.ar\/","name":"Informe Litoral","description":"&quot;Nos informamos&quot; ","publisher":{"@id":"https:\/\/informelitoral.com.ar\/#organization"},"potentialAction":[{"@type":"SearchAction","target":{"@type":"EntryPoint","urlTemplate":"https:\/\/informelitoral.com.ar\/?s={search_term_string}"},"query-input":{"@type":"PropertyValueSpecification","valueRequired":true,"valueName":"search_term_string"}}],"inLanguage":"es"},{"@type":"Organization","@id":"https:\/\/informelitoral.com.ar\/#organization","name":"Informe Litoral","url":"https:\/\/informelitoral.com.ar\/","logo":{"@type":"ImageObject","inLanguage":"es","@id":"https:\/\/informelitoral.com.ar\/#\/schema\/logo\/image\/","url":"https:\/\/informelitoral.com.ar\/%77%70%2d%63%6f%6e%74%65%6e%74\/uploads\/2021\/01\/circulo.png","contentUrl":"https:\/\/informelitoral.com.ar\/%77%70%2d%63%6f%6e%74%65%6e%74\/uploads\/2021\/01\/circulo.png","width":723,"height":731,"caption":"Informe Litoral"},"image":{"@id":"https:\/\/informelitoral.com.ar\/#\/schema\/logo\/image\/"},"sameAs":["https:\/\/www.facebook.com\/informelitoral\/","https:\/\/x.com\/InformeLitoral","https:\/\/www.instagram.com\/informelitoral\/","https:\/\/www.youtube.com\/channel\/UCua4Qvz8Icb6MYqhoq9xLXw"]},{"@type":"Person","@id":"https:\/\/informelitoral.com.ar\/#\/schema\/person\/b9d00407c836482871ef1d57bf8e3180","name":"Gonzalo Schmidt","image":{"@type":"ImageObject","inLanguage":"es","@id":"https:\/\/secure.gravatar.com\/avatar\/31a1a7b66ff2de83bd0e9fd79d026630d2d99e55e8bfe501287647b4fd9743de?s=96&d=mm&r=g","url":"https:\/\/secure.gravatar.com\/avatar\/31a1a7b66ff2de83bd0e9fd79d026630d2d99e55e8bfe501287647b4fd9743de?s=96&d=mm&r=g","contentUrl":"https:\/\/secure.gravatar.com\/avatar\/31a1a7b66ff2de83bd0e9fd79d026630d2d99e55e8bfe501287647b4fd9743de?s=96&d=mm&r=g","caption":"Gonzalo Schmidt"},"description":"Sitio web de noticias de la provincia de Entre R\u00edos, Argentina. Informaci\u00f3n y entretenimiento. Informe Litoral, nos informamos.","sameAs":["http:\/\/www.isletasnoticias.com.ar"],"url":"https:\/\/informelitoral.com.ar\/author\/gonzalo\/"}]}},"_links":{"self":[{"href":"https:\/\/informelitoral.com.ar\/%77%70%2d%6a%73%6f%6e\/wp\/v2\/posts\/2538","targetHints":{"allow":["GET"]}}],"collection":[{"href":"https:\/\/informelitoral.com.ar\/%77%70%2d%6a%73%6f%6e\/wp\/v2\/posts"}],"about":[{"href":"https:\/\/informelitoral.com.ar\/%77%70%2d%6a%73%6f%6e\/wp\/v2\/types\/post"}],"author":[{"embeddable":true,"href":"https:\/\/informelitoral.com.ar\/%77%70%2d%6a%73%6f%6e\/wp\/v2\/users\/2"}],"replies":[{"embeddable":true,"href":"https:\/\/informelitoral.com.ar\/%77%70%2d%6a%73%6f%6e\/wp\/v2\/comments?post=2538"}],"version-history":[{"count":0,"href":"https:\/\/informelitoral.com.ar\/%77%70%2d%6a%73%6f%6e\/wp\/v2\/posts\/2538\/revisions"}],"wp:attachment":[{"href":"https:\/\/informelitoral.com.ar\/%77%70%2d%6a%73%6f%6e\/wp\/v2\/media?parent=2538"}],"wp:term":[{"taxonomy":"category","embeddable":true,"href":"https:\/\/informelitoral.com.ar\/%77%70%2d%6a%73%6f%6e\/wp\/v2\/categories?post=2538"},{"taxonomy":"post_tag","embeddable":true,"href":"https:\/\/informelitoral.com.ar\/%77%70%2d%6a%73%6f%6e\/wp\/v2\/tags?post=2538"}],"curies":[{"name":"wp","href":"https:\/\/api.w.org\/{rel}","templated":true}]}}