{"id":253601,"date":"2026-03-16T07:00:03","date_gmt":"2026-03-16T10:00:03","guid":{"rendered":"https:\/\/informelitoral.com.ar\/?p=253601"},"modified":"2026-03-16T07:00:03","modified_gmt":"2026-03-16T10:00:03","slug":"el-parque-berduc-promueve-la-recuperacion-de-ambientes-naturales-invadidos-por-plantas-exoticas","status":"publish","type":"post","link":"https:\/\/informelitoral.com.ar\/el-parque-berduc-promueve-la-recuperacion-de-ambientes-naturales-invadidos-por-plantas-exoticas\/","title":{"rendered":"El Parque Berduc promueve la recuperaci\u00f3n de ambientes naturales invadidos por plantas ex\u00f3ticas"},"content":{"rendered":"<p>La propuesta busca reunir instituciones y actores locales y regionales que trabajan sobre la problem\u00e1tica de las invasiones biol\u00f3gicas, principalmente la vegetaci\u00f3n le\u00f1osa, con el objetivo de compartir experiencias y fortalecer estrategias para la restauraci\u00f3n de ecosistemas en \u00c1reas Naturales Protegidas.<\/p>\n<p>El encuentro comenzar\u00e1 a las 9 y finalizar\u00e1 a las 20.30 con una cena de camarader\u00eda, se desarrollar\u00e1 en el Centro de Visitantes del Parque Escolar Rural Enrique Berduc, reserva de Usos M\u00faltiples. La actividad cuenta con el acompa\u00f1amiento de la Direcci\u00f3n de \u00c1reas Naturales Protegidas de Entre R\u00edos y de ANP La Porota &#8211; Espacio para la Agroecolog\u00eda.<\/p>\n<p>El director del parque dependiente del Consejo General de Educaci\u00f3n (CGE), <strong>Alfredo Berduc<\/strong>, explic\u00f3 que el objetivo de la jornada es reunir a instituciones y actores que trabajan en la tem\u00e1tica para intercambiar conocimientos y experiencias vinculadas a la gesti\u00f3n de especies ex\u00f3ticas invasoras.<\/p>\n<p>En este sentido, se\u00f1al\u00f3 que el espacio permitir\u00e1 compartir informaci\u00f3n te\u00f3rica, herramientas, t\u00e9cnicas y estrategias aplicadas en distintos territorios, tanto aquellas que han tenido resultados positivos como las que representan aprendizajes para futuros abordajes.<\/p>\n<p>Asimismo, destac\u00f3 la importancia de promover la articulaci\u00f3n entre \u00c1reas Naturales Protegidas, organismos del Estado, universidades y la comunidad en general, con el prop\u00f3sito de visibilizar la problem\u00e1tica de las especies ex\u00f3ticas invasoras, generar conocimientos clave y fortalecer la toma de decisiones orientadas a la acci\u00f3n en el territorio.<\/p>\n<h2><strong>Propuestas<\/strong><\/h2>\n<p>En el marco de la jornada se invita especialmente a quienes cuenten con trabajos impresos de experiencias o investigaciones -como publicaciones, p\u00f3sters o informes- a llevarlos para compartir y visibilizar en un espacio com\u00fan. Durante la tarde se realizar\u00e1n pr\u00e1cticas en territorio para lo que se solicita a los participantes llevar sus herramientas para hacer demostraciones de t\u00e9cnicas y forma de trabajo.<\/p>\n<p>Las propuestas y nuevas adhesiones pueden enviarse al correo electr\u00f3nico\u00a0<a href=\"mailto:dpereb.cge@entrerios.edu.ar\">dpereb.cge@entrerios.edu.ar. <\/a>Para consultas tambi\u00e9n se encuentra disponible el whatsapp 343 4711413.<\/p>\n<p>La jornada se desarrolla con la convicci\u00f3n de que recuperar nuestros ambientes naturales tambi\u00e9n implica recuperar nuestra identidad colectiva.<\/p>\n<h6>\n<em><strong>\u00a0Del archivo de Informe Litoral:\u00a0<a href=\"https:\/\/informelitoral.com.ar\/entre-rios-se-esperan-temperaturas-de-hasta-34-grados-antes-del-regreso-de-las-tormentas\/\" target=\"_blank\" rel=\"noopener\">Entre R\u00edos: se esperan temperaturas de hasta 30 grados antes del regreso de las tormentas<\/a><\/strong><\/em><\/h6>\n","protected":false},"excerpt":{"rendered":"<p>La convocatoria es para este viernes 20. Se trata de una jornada de encuentro e intercambio de saberes destinada a abordar la recuperaci\u00f3n de ambientes naturales afectados por plantas ex\u00f3ticas invasoras.<\/p>\n","protected":false},"author":2,"featured_media":253602,"comment_status":"open","ping_status":"open","sticky":false,"template":"","format":"standard","meta":{"fifu_image_url":"","fifu_image_alt":"","footnotes":""},"categories":[6],"tags":[46,6058],"class_list":{"0":"post-253601","1":"post","2":"type-post","3":"status-publish","4":"format-standard","5":"has-post-thumbnail","7":"category-entre-rios","8":"tag-ambiente","9":"tag-parque-berduc"},"yoast_head":"<title>El Parque Berduc promueve la recuperaci\u00f3n de ambientes naturales invadidos por plantas ex\u00f3ticas - Informe Litoral<\/title>\n<meta name=\"robots\" content=\"index, follow, max-snippet:-1, max-image-preview:large, max-video-preview:-1\" \/>\n<link rel=\"canonical\" href=\"https:\/\/informelitoral.com.ar\/el-parque-berduc-promueve-la-recuperacion-de-ambientes-naturales-invadidos-por-plantas-exoticas\/\" \/>\n<meta property=\"og:locale\" content=\"es_ES\" \/>\n<meta property=\"og:type\" content=\"article\" \/>\n<meta property=\"og:title\" content=\"El Parque Berduc promueve la recuperaci\u00f3n de ambientes naturales invadidos por plantas ex\u00f3ticas - Informe Litoral\" \/>\n<meta property=\"og:description\" content=\"La convocatoria es para este viernes 20. Se trata de una jornada de encuentro e intercambio de saberes destinada a abordar la recuperaci\u00f3n de ambientes naturales afectados por plantas ex\u00f3ticas invasoras.\" \/>\n<meta property=\"og:url\" content=\"https:\/\/informelitoral.com.ar\/el-parque-berduc-promueve-la-recuperacion-de-ambientes-naturales-invadidos-por-plantas-exoticas\/\" \/>\n<meta property=\"og:site_name\" content=\"Informe Litoral\" \/>\n<meta property=\"article:publisher\" content=\"https:\/\/www.facebook.com\/informelitoral\/\" \/>\n<meta property=\"article:published_time\" content=\"2026-03-16T10:00:03+00:00\" \/>\n<meta property=\"og:image\" content=\"https:\/\/drive.google.com\/thumbnail?id=1p7PKS9HZ8m3JjjDAPol9KXAfP4U8IQxm&sz=w2048\" \/>\n\t<meta property=\"og:image:width\" content=\"1600\" \/>\n\t<meta property=\"og:image:height\" content=\"1067\" \/>\n\t<meta property=\"og:image:type\" content=\"image\/jpeg\" \/>\n<meta name=\"author\" content=\"Gonzalo Schmidt\" \/>\n<meta name=\"twitter:card\" content=\"summary_large_image\" \/>\n<meta name=\"twitter:creator\" content=\"@InformeLitoral\" \/>\n<meta name=\"twitter:site\" content=\"@InformeLitoral\" \/>\n<meta name=\"twitter:label1\" content=\"Escrito por\" \/>\n\t<meta name=\"twitter:data1\" content=\"Gonzalo Schmidt\" \/>\n\t<meta name=\"twitter:label2\" content=\"Tiempo de lectura\" \/>\n\t<meta name=\"twitter:data2\" content=\"2 minutos\" \/>\n<script type=\"application\/ld+json\" class=\"yoast-schema-graph\">{\"@context\":\"https:\\\/\\\/schema.org\",\"@graph\":[{\"@type\":\"Article\",\"@id\":\"https:\\\/\\\/informelitoral.com.ar\\\/el-parque-berduc-promueve-la-recuperacion-de-ambientes-naturales-invadidos-por-plantas-exoticas\\\/#article\",\"isPartOf\":{\"@id\":\"https:\\\/\\\/informelitoral.com.ar\\\/el-parque-berduc-promueve-la-recuperacion-de-ambientes-naturales-invadidos-por-plantas-exoticas\\\/\"},\"author\":{\"name\":\"Gonzalo Schmidt\",\"@id\":\"https:\\\/\\\/informelitoral.com.ar\\\/#\\\/schema\\\/person\\\/b9d00407c836482871ef1d57bf8e3180\"},\"headline\":\"El Parque Berduc promueve la recuperaci\u00f3n de ambientes naturales invadidos por plantas ex\u00f3ticas\",\"datePublished\":\"2026-03-16T10:00:03+00:00\",\"mainEntityOfPage\":{\"@id\":\"https:\\\/\\\/informelitoral.com.ar\\\/el-parque-berduc-promueve-la-recuperacion-de-ambientes-naturales-invadidos-por-plantas-exoticas\\\/\"},\"wordCount\":398,\"commentCount\":0,\"publisher\":{\"@id\":\"https:\\\/\\\/informelitoral.com.ar\\\/#organization\"},\"image\":{\"@id\":\"https:\\\/\\\/informelitoral.com.ar\\\/el-parque-berduc-promueve-la-recuperacion-de-ambientes-naturales-invadidos-por-plantas-exoticas\\\/#primaryimage\"},\"thumbnailUrl\":\"https:\\\/\\\/drive.google.com\\\/thumbnail?id=1p7PKS9HZ8m3JjjDAPol9KXAfP4U8IQxm&sz=w2048\",\"keywords\":[\"Ambiente\",\"Parque Berduc\"],\"articleSection\":[\"Entre R\u00edos\"],\"inLanguage\":\"es\",\"potentialAction\":[{\"@type\":\"CommentAction\",\"name\":\"Comment\",\"target\":[\"https:\\\/\\\/informelitoral.com.ar\\\/el-parque-berduc-promueve-la-recuperacion-de-ambientes-naturales-invadidos-por-plantas-exoticas\\\/#respond\"]}]},{\"@type\":\"WebPage\",\"@id\":\"https:\\\/\\\/informelitoral.com.ar\\\/el-parque-berduc-promueve-la-recuperacion-de-ambientes-naturales-invadidos-por-plantas-exoticas\\\/\",\"url\":\"https:\\\/\\\/informelitoral.com.ar\\\/el-parque-berduc-promueve-la-recuperacion-de-ambientes-naturales-invadidos-por-plantas-exoticas\\\/\",\"name\":\"El Parque Berduc promueve la recuperaci\u00f3n de ambientes naturales invadidos por plantas ex\u00f3ticas - Informe Litoral\",\"isPartOf\":{\"@id\":\"https:\\\/\\\/informelitoral.com.ar\\\/#website\"},\"primaryImageOfPage\":{\"@id\":\"https:\\\/\\\/informelitoral.com.ar\\\/el-parque-berduc-promueve-la-recuperacion-de-ambientes-naturales-invadidos-por-plantas-exoticas\\\/#primaryimage\"},\"image\":{\"@id\":\"https:\\\/\\\/informelitoral.com.ar\\\/el-parque-berduc-promueve-la-recuperacion-de-ambientes-naturales-invadidos-por-plantas-exoticas\\\/#primaryimage\"},\"thumbnailUrl\":\"https:\\\/\\\/drive.google.com\\\/thumbnail?id=1p7PKS9HZ8m3JjjDAPol9KXAfP4U8IQxm&sz=w2048\",\"datePublished\":\"2026-03-16T10:00:03+00:00\",\"breadcrumb\":{\"@id\":\"https:\\\/\\\/informelitoral.com.ar\\\/el-parque-berduc-promueve-la-recuperacion-de-ambientes-naturales-invadidos-por-plantas-exoticas\\\/#breadcrumb\"},\"inLanguage\":\"es\",\"potentialAction\":[{\"@type\":\"ReadAction\",\"target\":[\"https:\\\/\\\/informelitoral.com.ar\\\/el-parque-berduc-promueve-la-recuperacion-de-ambientes-naturales-invadidos-por-plantas-exoticas\\\/\"]}]},{\"@type\":\"ImageObject\",\"inLanguage\":\"es\",\"@id\":\"https:\\\/\\\/informelitoral.com.ar\\\/el-parque-berduc-promueve-la-recuperacion-de-ambientes-naturales-invadidos-por-plantas-exoticas\\\/#primaryimage\",\"url\":\"https:\\\/\\\/drive.google.com\\\/thumbnail?id=1p7PKS9HZ8m3JjjDAPol9KXAfP4U8IQxm&sz=w2048\",\"contentUrl\":\"https:\\\/\\\/drive.google.com\\\/thumbnail?id=1p7PKS9HZ8m3JjjDAPol9KXAfP4U8IQxm&sz=w2048\",\"width\":1600,\"height\":1067},{\"@type\":\"BreadcrumbList\",\"@id\":\"https:\\\/\\\/informelitoral.com.ar\\\/el-parque-berduc-promueve-la-recuperacion-de-ambientes-naturales-invadidos-por-plantas-exoticas\\\/#breadcrumb\",\"itemListElement\":[{\"@type\":\"ListItem\",\"position\":1,\"name\":\"Portada\",\"item\":\"https:\\\/\\\/informelitoral.com.ar\\\/\"},{\"@type\":\"ListItem\",\"position\":2,\"name\":\"El Parque Berduc promueve la recuperaci\u00f3n de ambientes naturales invadidos por plantas ex\u00f3ticas\"}]},{\"@type\":\"WebSite\",\"@id\":\"https:\\\/\\\/informelitoral.com.ar\\\/#website\",\"url\":\"https:\\\/\\\/informelitoral.com.ar\\\/\",\"name\":\"Informe Litoral\",\"description\":\"&quot;Nos informamos&quot; \",\"publisher\":{\"@id\":\"https:\\\/\\\/informelitoral.com.ar\\\/#organization\"},\"potentialAction\":[{\"@type\":\"SearchAction\",\"target\":{\"@type\":\"EntryPoint\",\"urlTemplate\":\"https:\\\/\\\/informelitoral.com.ar\\\/?s={search_term_string}\"},\"query-input\":{\"@type\":\"PropertyValueSpecification\",\"valueRequired\":true,\"valueName\":\"search_term_string\"}}],\"inLanguage\":\"es\"},{\"@type\":\"Organization\",\"@id\":\"https:\\\/\\\/informelitoral.com.ar\\\/#organization\",\"name\":\"Informe Litoral\",\"url\":\"https:\\\/\\\/informelitoral.com.ar\\\/\",\"logo\":{\"@type\":\"ImageObject\",\"inLanguage\":\"es\",\"@id\":\"https:\\\/\\\/informelitoral.com.ar\\\/#\\\/schema\\\/logo\\\/image\\\/\",\"url\":\"https:\\\/\\\/informelitoral.com.ar\\\/%77%70%2d%63%6f%6e%74%65%6e%74\\\/uploads\\\/2021\\\/01\\\/circulo.png\",\"contentUrl\":\"https:\\\/\\\/informelitoral.com.ar\\\/%77%70%2d%63%6f%6e%74%65%6e%74\\\/uploads\\\/2021\\\/01\\\/circulo.png\",\"width\":723,\"height\":731,\"caption\":\"Informe Litoral\"},\"image\":{\"@id\":\"https:\\\/\\\/informelitoral.com.ar\\\/#\\\/schema\\\/logo\\\/image\\\/\"},\"sameAs\":[\"https:\\\/\\\/www.facebook.com\\\/informelitoral\\\/\",\"https:\\\/\\\/x.com\\\/InformeLitoral\",\"https:\\\/\\\/www.instagram.com\\\/informelitoral\\\/\",\"https:\\\/\\\/www.youtube.com\\\/channel\\\/UCua4Qvz8Icb6MYqhoq9xLXw\"]},{\"@type\":\"Person\",\"@id\":\"https:\\\/\\\/informelitoral.com.ar\\\/#\\\/schema\\\/person\\\/b9d00407c836482871ef1d57bf8e3180\",\"name\":\"Gonzalo Schmidt\",\"image\":{\"@type\":\"ImageObject\",\"inLanguage\":\"es\",\"@id\":\"https:\\\/\\\/secure.gravatar.com\\\/avatar\\\/31a1a7b66ff2de83bd0e9fd79d026630d2d99e55e8bfe501287647b4fd9743de?s=96&d=mm&r=g\",\"url\":\"https:\\\/\\\/secure.gravatar.com\\\/avatar\\\/31a1a7b66ff2de83bd0e9fd79d026630d2d99e55e8bfe501287647b4fd9743de?s=96&d=mm&r=g\",\"contentUrl\":\"https:\\\/\\\/secure.gravatar.com\\\/avatar\\\/31a1a7b66ff2de83bd0e9fd79d026630d2d99e55e8bfe501287647b4fd9743de?s=96&d=mm&r=g\",\"caption\":\"Gonzalo Schmidt\"},\"description\":\"Sitio web de noticias de la provincia de Entre R\u00edos, Argentina. Informaci\u00f3n y entretenimiento. Informe Litoral, nos informamos.\",\"sameAs\":[\"http:\\\/\\\/www.isletasnoticias.com.ar\"],\"url\":\"https:\\\/\\\/informelitoral.com.ar\\\/author\\\/gonzalo\\\/\"}]}<\/script>","yoast_head_json":{"title":"El Parque Berduc promueve la recuperaci\u00f3n de ambientes naturales invadidos por plantas ex\u00f3ticas - Informe Litoral","robots":{"index":"index","follow":"follow","max-snippet":"max-snippet:-1","max-image-preview":"max-image-preview:large","max-video-preview":"max-video-preview:-1"},"canonical":"https:\/\/informelitoral.com.ar\/el-parque-berduc-promueve-la-recuperacion-de-ambientes-naturales-invadidos-por-plantas-exoticas\/","og_locale":"es_ES","og_type":"article","og_title":"El Parque Berduc promueve la recuperaci\u00f3n de ambientes naturales invadidos por plantas ex\u00f3ticas - Informe Litoral","og_description":"La convocatoria es para este viernes 20. Se trata de una jornada de encuentro e intercambio de saberes destinada a abordar la recuperaci\u00f3n de ambientes naturales afectados por plantas ex\u00f3ticas invasoras.","og_url":"https:\/\/informelitoral.com.ar\/el-parque-berduc-promueve-la-recuperacion-de-ambientes-naturales-invadidos-por-plantas-exoticas\/","og_site_name":"Informe Litoral","article_publisher":"https:\/\/www.facebook.com\/informelitoral\/","article_published_time":"2026-03-16T10:00:03+00:00","og_image":[{"width":1600,"height":1067,"url":"https:\/\/drive.google.com\/thumbnail?id=1p7PKS9HZ8m3JjjDAPol9KXAfP4U8IQxm&sz=w2048","type":"image\/jpeg"}],"author":"Gonzalo Schmidt","twitter_card":"summary_large_image","twitter_creator":"@InformeLitoral","twitter_site":"@InformeLitoral","twitter_misc":{"Escrito por":"Gonzalo Schmidt","Tiempo de lectura":"2 minutos"},"schema":{"@context":"https:\/\/schema.org","@graph":[{"@type":"Article","@id":"https:\/\/informelitoral.com.ar\/el-parque-berduc-promueve-la-recuperacion-de-ambientes-naturales-invadidos-por-plantas-exoticas\/#article","isPartOf":{"@id":"https:\/\/informelitoral.com.ar\/el-parque-berduc-promueve-la-recuperacion-de-ambientes-naturales-invadidos-por-plantas-exoticas\/"},"author":{"name":"Gonzalo Schmidt","@id":"https:\/\/informelitoral.com.ar\/#\/schema\/person\/b9d00407c836482871ef1d57bf8e3180"},"headline":"El Parque Berduc promueve la recuperaci\u00f3n de ambientes naturales invadidos por plantas ex\u00f3ticas","datePublished":"2026-03-16T10:00:03+00:00","mainEntityOfPage":{"@id":"https:\/\/informelitoral.com.ar\/el-parque-berduc-promueve-la-recuperacion-de-ambientes-naturales-invadidos-por-plantas-exoticas\/"},"wordCount":398,"commentCount":0,"publisher":{"@id":"https:\/\/informelitoral.com.ar\/#organization"},"image":{"@id":"https:\/\/informelitoral.com.ar\/el-parque-berduc-promueve-la-recuperacion-de-ambientes-naturales-invadidos-por-plantas-exoticas\/#primaryimage"},"thumbnailUrl":"https:\/\/drive.google.com\/thumbnail?id=1p7PKS9HZ8m3JjjDAPol9KXAfP4U8IQxm&sz=w2048","keywords":["Ambiente","Parque Berduc"],"articleSection":["Entre R\u00edos"],"inLanguage":"es","potentialAction":[{"@type":"CommentAction","name":"Comment","target":["https:\/\/informelitoral.com.ar\/el-parque-berduc-promueve-la-recuperacion-de-ambientes-naturales-invadidos-por-plantas-exoticas\/#respond"]}]},{"@type":"WebPage","@id":"https:\/\/informelitoral.com.ar\/el-parque-berduc-promueve-la-recuperacion-de-ambientes-naturales-invadidos-por-plantas-exoticas\/","url":"https:\/\/informelitoral.com.ar\/el-parque-berduc-promueve-la-recuperacion-de-ambientes-naturales-invadidos-por-plantas-exoticas\/","name":"El Parque Berduc promueve la recuperaci\u00f3n de ambientes naturales invadidos por plantas ex\u00f3ticas - Informe Litoral","isPartOf":{"@id":"https:\/\/informelitoral.com.ar\/#website"},"primaryImageOfPage":{"@id":"https:\/\/informelitoral.com.ar\/el-parque-berduc-promueve-la-recuperacion-de-ambientes-naturales-invadidos-por-plantas-exoticas\/#primaryimage"},"image":{"@id":"https:\/\/informelitoral.com.ar\/el-parque-berduc-promueve-la-recuperacion-de-ambientes-naturales-invadidos-por-plantas-exoticas\/#primaryimage"},"thumbnailUrl":"https:\/\/drive.google.com\/thumbnail?id=1p7PKS9HZ8m3JjjDAPol9KXAfP4U8IQxm&sz=w2048","datePublished":"2026-03-16T10:00:03+00:00","breadcrumb":{"@id":"https:\/\/informelitoral.com.ar\/el-parque-berduc-promueve-la-recuperacion-de-ambientes-naturales-invadidos-por-plantas-exoticas\/#breadcrumb"},"inLanguage":"es","potentialAction":[{"@type":"ReadAction","target":["https:\/\/informelitoral.com.ar\/el-parque-berduc-promueve-la-recuperacion-de-ambientes-naturales-invadidos-por-plantas-exoticas\/"]}]},{"@type":"ImageObject","inLanguage":"es","@id":"https:\/\/informelitoral.com.ar\/el-parque-berduc-promueve-la-recuperacion-de-ambientes-naturales-invadidos-por-plantas-exoticas\/#primaryimage","url":"https:\/\/drive.google.com\/thumbnail?id=1p7PKS9HZ8m3JjjDAPol9KXAfP4U8IQxm&sz=w2048","contentUrl":"https:\/\/drive.google.com\/thumbnail?id=1p7PKS9HZ8m3JjjDAPol9KXAfP4U8IQxm&sz=w2048","width":1600,"height":1067},{"@type":"BreadcrumbList","@id":"https:\/\/informelitoral.com.ar\/el-parque-berduc-promueve-la-recuperacion-de-ambientes-naturales-invadidos-por-plantas-exoticas\/#breadcrumb","itemListElement":[{"@type":"ListItem","position":1,"name":"Portada","item":"https:\/\/informelitoral.com.ar\/"},{"@type":"ListItem","position":2,"name":"El Parque Berduc promueve la recuperaci\u00f3n de ambientes naturales invadidos por plantas ex\u00f3ticas"}]},{"@type":"WebSite","@id":"https:\/\/informelitoral.com.ar\/#website","url":"https:\/\/informelitoral.com.ar\/","name":"Informe Litoral","description":"&quot;Nos informamos&quot; ","publisher":{"@id":"https:\/\/informelitoral.com.ar\/#organization"},"potentialAction":[{"@type":"SearchAction","target":{"@type":"EntryPoint","urlTemplate":"https:\/\/informelitoral.com.ar\/?s={search_term_string}"},"query-input":{"@type":"PropertyValueSpecification","valueRequired":true,"valueName":"search_term_string"}}],"inLanguage":"es"},{"@type":"Organization","@id":"https:\/\/informelitoral.com.ar\/#organization","name":"Informe Litoral","url":"https:\/\/informelitoral.com.ar\/","logo":{"@type":"ImageObject","inLanguage":"es","@id":"https:\/\/informelitoral.com.ar\/#\/schema\/logo\/image\/","url":"https:\/\/informelitoral.com.ar\/%77%70%2d%63%6f%6e%74%65%6e%74\/uploads\/2021\/01\/circulo.png","contentUrl":"https:\/\/informelitoral.com.ar\/%77%70%2d%63%6f%6e%74%65%6e%74\/uploads\/2021\/01\/circulo.png","width":723,"height":731,"caption":"Informe Litoral"},"image":{"@id":"https:\/\/informelitoral.com.ar\/#\/schema\/logo\/image\/"},"sameAs":["https:\/\/www.facebook.com\/informelitoral\/","https:\/\/x.com\/InformeLitoral","https:\/\/www.instagram.com\/informelitoral\/","https:\/\/www.youtube.com\/channel\/UCua4Qvz8Icb6MYqhoq9xLXw"]},{"@type":"Person","@id":"https:\/\/informelitoral.com.ar\/#\/schema\/person\/b9d00407c836482871ef1d57bf8e3180","name":"Gonzalo Schmidt","image":{"@type":"ImageObject","inLanguage":"es","@id":"https:\/\/secure.gravatar.com\/avatar\/31a1a7b66ff2de83bd0e9fd79d026630d2d99e55e8bfe501287647b4fd9743de?s=96&d=mm&r=g","url":"https:\/\/secure.gravatar.com\/avatar\/31a1a7b66ff2de83bd0e9fd79d026630d2d99e55e8bfe501287647b4fd9743de?s=96&d=mm&r=g","contentUrl":"https:\/\/secure.gravatar.com\/avatar\/31a1a7b66ff2de83bd0e9fd79d026630d2d99e55e8bfe501287647b4fd9743de?s=96&d=mm&r=g","caption":"Gonzalo Schmidt"},"description":"Sitio web de noticias de la provincia de Entre R\u00edos, Argentina. Informaci\u00f3n y entretenimiento. Informe Litoral, nos informamos.","sameAs":["http:\/\/www.isletasnoticias.com.ar"],"url":"https:\/\/informelitoral.com.ar\/author\/gonzalo\/"}]}},"_links":{"self":[{"href":"https:\/\/informelitoral.com.ar\/%77%70%2d%6a%73%6f%6e\/wp\/v2\/posts\/253601","targetHints":{"allow":["GET"]}}],"collection":[{"href":"https:\/\/informelitoral.com.ar\/%77%70%2d%6a%73%6f%6e\/wp\/v2\/posts"}],"about":[{"href":"https:\/\/informelitoral.com.ar\/%77%70%2d%6a%73%6f%6e\/wp\/v2\/types\/post"}],"author":[{"embeddable":true,"href":"https:\/\/informelitoral.com.ar\/%77%70%2d%6a%73%6f%6e\/wp\/v2\/users\/2"}],"replies":[{"embeddable":true,"href":"https:\/\/informelitoral.com.ar\/%77%70%2d%6a%73%6f%6e\/wp\/v2\/comments?post=253601"}],"version-history":[{"count":2,"href":"https:\/\/informelitoral.com.ar\/%77%70%2d%6a%73%6f%6e\/wp\/v2\/posts\/253601\/revisions"}],"predecessor-version":[{"id":253604,"href":"https:\/\/informelitoral.com.ar\/%77%70%2d%6a%73%6f%6e\/wp\/v2\/posts\/253601\/revisions\/253604"}],"wp:featuredmedia":[{"embeddable":true,"href":"https:\/\/informelitoral.com.ar\/%77%70%2d%6a%73%6f%6e\/wp\/v2\/media\/253602"}],"wp:attachment":[{"href":"https:\/\/informelitoral.com.ar\/%77%70%2d%6a%73%6f%6e\/wp\/v2\/media?parent=253601"}],"wp:term":[{"taxonomy":"category","embeddable":true,"href":"https:\/\/informelitoral.com.ar\/%77%70%2d%6a%73%6f%6e\/wp\/v2\/categories?post=253601"},{"taxonomy":"post_tag","embeddable":true,"href":"https:\/\/informelitoral.com.ar\/%77%70%2d%6a%73%6f%6e\/wp\/v2\/tags?post=253601"}],"curies":[{"name":"wp","href":"https:\/\/api.w.org\/{rel}","templated":true}]}}