{"id":253530,"date":"2026-03-14T06:36:59","date_gmt":"2026-03-14T09:36:59","guid":{"rendered":"https:\/\/informelitoral.com.ar\/?p=253530"},"modified":"2026-03-14T10:41:41","modified_gmt":"2026-03-14T13:41:41","slug":"dal-molin-la-reforma-previsional-no-afecta-a-los-jubilados-actuales-y-sera-debatida-con-todos-los-sectores","status":"publish","type":"post","link":"https:\/\/informelitoral.com.ar\/dal-molin-la-reforma-previsional-no-afecta-a-los-jubilados-actuales-y-sera-debatida-con-todos-los-sectores\/","title":{"rendered":"Dal Molin: \u201cLa reforma previsional no afecta a los jubilados actuales y ser\u00e1 debatida con todos los sectores\u201d"},"content":{"rendered":"<p>\u201cEl primer punto que queremos dejar absolutamente claro es que esta reforma no afecta en nada a los actuales jubilados ni pensionados. Los derechos adquiridos se respetan plenamente y cada beneficio otorgado se mantiene tal como est\u00e1\u201d, expres\u00f3 Dal Molin.<\/p>\n<p>El legislador remarc\u00f3 que la iniciativa apunta a abrir una discusi\u00f3n responsable sobre el futuro del sistema previsional, con el objetivo de garantizar su sustentabilidad. \u201cLo que estamos planteando es c\u00f3mo asegurar que el sistema siga siendo sostenible en el tiempo, para que quienes hoy trabajan tambi\u00e9n puedan tener una jubilaci\u00f3n digna ma\u00f1ana\u201d, se\u00f1al\u00f3.<\/p>\n<p>En ese sentido, explic\u00f3 que el proyecto mantiene principios centrales del sistema previsional entrerriano, como el 82% m\u00f3vil sobre el salario bruto para el haber jubilatorio. \u201cEse es un principio hist\u00f3rico que para nosotros es central y que se preserva en la propuesta\u201d, afirm\u00f3.<\/p>\n<p>Dal Molin tambi\u00e9n destac\u00f3 que se mantienen los reg\u00edmenes especiales, como los correspondientes a docentes y a trabajadores que desempe\u00f1an tareas particularmente exigentes o riesgosas. \u201cNo estamos eliminando derechos; estamos buscando que el sistema funcione mejor y pueda sostenerse en el tiempo\u201d, indic\u00f3.<\/p>\n<p>Asimismo, el senador explic\u00f3 que la propuesta incorpora mecanismos que apuntan a fortalecer el sistema, entre ellos esquemas de movilidad jubilatoria vinculados a la evoluci\u00f3n de los salarios, mayor transparencia en los procesos de evaluaci\u00f3n por invalidez y herramientas que permitan afrontar eventuales desequilibrios financieros.<\/p>\n<p>Respecto de las edades jubilatorias, se\u00f1al\u00f3 que el proyecto plantea un proceso gradual de adecuaci\u00f3n, que comenzar\u00eda reci\u00e9n despu\u00e9s de cinco a\u00f1os y se aplicar\u00eda de manera progresiva. \u201cNo hay cambios abruptos ni decisiones que afecten de inmediato a los trabajadores\u201d, aclar\u00f3.<\/p>\n<p>Finalmente, el presidente del bloque oficialista subray\u00f3 que el documento presentado es un punto de partida para el di\u00e1logo. \u201cEste borrador ser\u00e1 discutido y enriquecido con los aportes de todos los sectores vinculados al sistema previsional. Estamos cumpliendo con el compromiso asumido por el gobernador Rogelio Frigerio en la Asamblea Legislativa de abrir un debate serio y responsable sobre el futuro de nuestro sistema previsional\u201d, concluy\u00f3.<\/p>\n<h6><em><strong>Del archivo:\u00a0<a href=\"https:\/\/informelitoral.com.ar\/avanza-la-obra-vial-que-conectara-los-departamentos-parana-y-nogoya\/\" target=\"_blank\" rel=\"noopener\">Avanza la obra vial que conectar\u00e1 los departamentos Paran\u00e1 y Nogoy\u00e1<\/a><\/strong><\/em><\/h6>\n","protected":false},"excerpt":{"rendered":"<p>El presidente del bloque de senadores de Juntos por Entre R\u00edos, Rub\u00e9n Dal Molin, se refiri\u00f3 a los lineamientos preliminares del proyecto de reforma previsional y destac\u00f3 que se trata de un borrador de trabajo que ser\u00e1 debatido con todos los sectores involucrados.<\/p>\n","protected":false},"author":2,"featured_media":210117,"comment_status":"open","ping_status":"open","sticky":false,"template":"","format":"standard","meta":{"fifu_image_url":"","fifu_image_alt":"","footnotes":""},"categories":[16],"tags":[1886,102,6267,5098],"class_list":{"0":"post-253530","1":"post","2":"type-post","3":"status-publish","4":"format-standard","5":"has-post-thumbnail","7":"category-politi","8":"tag-caja-de-jubilaciones","9":"tag-jubilados","10":"tag-reforma-previsional","11":"tag-senador"},"yoast_head":"<title>Dal Molin: \u201cLa reforma previsional no afecta a los jubilados actuales y ser\u00e1 debatida con todos los sectores\u201d - Informe Litoral<\/title>\n<meta name=\"robots\" content=\"index, follow, max-snippet:-1, max-image-preview:large, max-video-preview:-1\" \/>\n<link rel=\"canonical\" href=\"https:\/\/informelitoral.com.ar\/dal-molin-la-reforma-previsional-no-afecta-a-los-jubilados-actuales-y-sera-debatida-con-todos-los-sectores\/\" \/>\n<meta property=\"og:locale\" content=\"es_ES\" \/>\n<meta property=\"og:type\" content=\"article\" \/>\n<meta property=\"og:title\" content=\"Dal Molin: \u201cLa reforma previsional no afecta a los jubilados actuales y ser\u00e1 debatida con todos los sectores\u201d - Informe Litoral\" \/>\n<meta property=\"og:description\" content=\"El presidente del bloque de senadores de Juntos por Entre R\u00edos, Rub\u00e9n Dal Molin, se refiri\u00f3 a los lineamientos preliminares del proyecto de reforma previsional y destac\u00f3 que se trata de un borrador de trabajo que ser\u00e1 debatido con todos los sectores involucrados.\" \/>\n<meta property=\"og:url\" content=\"https:\/\/informelitoral.com.ar\/dal-molin-la-reforma-previsional-no-afecta-a-los-jubilados-actuales-y-sera-debatida-con-todos-los-sectores\/\" \/>\n<meta property=\"og:site_name\" content=\"Informe Litoral\" \/>\n<meta property=\"article:publisher\" content=\"https:\/\/www.facebook.com\/informelitoral\/\" \/>\n<meta property=\"article:published_time\" content=\"2026-03-14T09:36:59+00:00\" \/>\n<meta property=\"article:modified_time\" content=\"2026-03-14T13:41:41+00:00\" \/>\n<meta property=\"og:image\" content=\"https:\/\/informelitoral.com.ar\/%77%70%2d%63%6f%6e%74%65%6e%74\/uploads\/2025\/01\/senador-Dal-Molin.jpg\" \/>\n\t<meta property=\"og:image:width\" content=\"1920\" \/>\n\t<meta property=\"og:image:height\" content=\"1280\" \/>\n\t<meta property=\"og:image:type\" content=\"image\/jpeg\" \/>\n<meta name=\"author\" content=\"Gonzalo Schmidt\" \/>\n<meta name=\"twitter:card\" content=\"summary_large_image\" \/>\n<meta name=\"twitter:creator\" content=\"@InformeLitoral\" \/>\n<meta name=\"twitter:site\" content=\"@InformeLitoral\" \/>\n<meta name=\"twitter:label1\" content=\"Escrito por\" \/>\n\t<meta name=\"twitter:data1\" content=\"Gonzalo Schmidt\" \/>\n\t<meta name=\"twitter:label2\" content=\"Tiempo de lectura\" \/>\n\t<meta name=\"twitter:data2\" content=\"2 minutos\" \/>\n<script type=\"application\/ld+json\" class=\"yoast-schema-graph\">{\"@context\":\"https:\\\/\\\/schema.org\",\"@graph\":[{\"@type\":\"Article\",\"@id\":\"https:\\\/\\\/informelitoral.com.ar\\\/dal-molin-la-reforma-previsional-no-afecta-a-los-jubilados-actuales-y-sera-debatida-con-todos-los-sectores\\\/#article\",\"isPartOf\":{\"@id\":\"https:\\\/\\\/informelitoral.com.ar\\\/dal-molin-la-reforma-previsional-no-afecta-a-los-jubilados-actuales-y-sera-debatida-con-todos-los-sectores\\\/\"},\"author\":{\"name\":\"Gonzalo Schmidt\",\"@id\":\"https:\\\/\\\/informelitoral.com.ar\\\/#\\\/schema\\\/person\\\/b9d00407c836482871ef1d57bf8e3180\"},\"headline\":\"Dal Molin: \u201cLa reforma previsional no afecta a los jubilados actuales y ser\u00e1 debatida con todos los sectores\u201d\",\"datePublished\":\"2026-03-14T09:36:59+00:00\",\"dateModified\":\"2026-03-14T13:41:41+00:00\",\"mainEntityOfPage\":{\"@id\":\"https:\\\/\\\/informelitoral.com.ar\\\/dal-molin-la-reforma-previsional-no-afecta-a-los-jubilados-actuales-y-sera-debatida-con-todos-los-sectores\\\/\"},\"wordCount\":385,\"commentCount\":0,\"publisher\":{\"@id\":\"https:\\\/\\\/informelitoral.com.ar\\\/#organization\"},\"image\":{\"@id\":\"https:\\\/\\\/informelitoral.com.ar\\\/dal-molin-la-reforma-previsional-no-afecta-a-los-jubilados-actuales-y-sera-debatida-con-todos-los-sectores\\\/#primaryimage\"},\"thumbnailUrl\":\"https:\\\/\\\/informelitoral.com.ar\\\/%77%70%2d%63%6f%6e%74%65%6e%74\\\/uploads\\\/2025\\\/01\\\/senador-Dal-Molin.jpg\",\"keywords\":[\"Caja de Jubilaciones\",\"Jubilados\",\"Reforma Previsional\",\"Senador\"],\"articleSection\":[\"Politica\"],\"inLanguage\":\"es\",\"potentialAction\":[{\"@type\":\"CommentAction\",\"name\":\"Comment\",\"target\":[\"https:\\\/\\\/informelitoral.com.ar\\\/dal-molin-la-reforma-previsional-no-afecta-a-los-jubilados-actuales-y-sera-debatida-con-todos-los-sectores\\\/#respond\"]}]},{\"@type\":\"WebPage\",\"@id\":\"https:\\\/\\\/informelitoral.com.ar\\\/dal-molin-la-reforma-previsional-no-afecta-a-los-jubilados-actuales-y-sera-debatida-con-todos-los-sectores\\\/\",\"url\":\"https:\\\/\\\/informelitoral.com.ar\\\/dal-molin-la-reforma-previsional-no-afecta-a-los-jubilados-actuales-y-sera-debatida-con-todos-los-sectores\\\/\",\"name\":\"Dal Molin: \u201cLa reforma previsional no afecta a los jubilados actuales y ser\u00e1 debatida con todos los sectores\u201d - Informe Litoral\",\"isPartOf\":{\"@id\":\"https:\\\/\\\/informelitoral.com.ar\\\/#website\"},\"primaryImageOfPage\":{\"@id\":\"https:\\\/\\\/informelitoral.com.ar\\\/dal-molin-la-reforma-previsional-no-afecta-a-los-jubilados-actuales-y-sera-debatida-con-todos-los-sectores\\\/#primaryimage\"},\"image\":{\"@id\":\"https:\\\/\\\/informelitoral.com.ar\\\/dal-molin-la-reforma-previsional-no-afecta-a-los-jubilados-actuales-y-sera-debatida-con-todos-los-sectores\\\/#primaryimage\"},\"thumbnailUrl\":\"https:\\\/\\\/informelitoral.com.ar\\\/%77%70%2d%63%6f%6e%74%65%6e%74\\\/uploads\\\/2025\\\/01\\\/senador-Dal-Molin.jpg\",\"datePublished\":\"2026-03-14T09:36:59+00:00\",\"dateModified\":\"2026-03-14T13:41:41+00:00\",\"breadcrumb\":{\"@id\":\"https:\\\/\\\/informelitoral.com.ar\\\/dal-molin-la-reforma-previsional-no-afecta-a-los-jubilados-actuales-y-sera-debatida-con-todos-los-sectores\\\/#breadcrumb\"},\"inLanguage\":\"es\",\"potentialAction\":[{\"@type\":\"ReadAction\",\"target\":[\"https:\\\/\\\/informelitoral.com.ar\\\/dal-molin-la-reforma-previsional-no-afecta-a-los-jubilados-actuales-y-sera-debatida-con-todos-los-sectores\\\/\"]}]},{\"@type\":\"ImageObject\",\"inLanguage\":\"es\",\"@id\":\"https:\\\/\\\/informelitoral.com.ar\\\/dal-molin-la-reforma-previsional-no-afecta-a-los-jubilados-actuales-y-sera-debatida-con-todos-los-sectores\\\/#primaryimage\",\"url\":\"https:\\\/\\\/informelitoral.com.ar\\\/%77%70%2d%63%6f%6e%74%65%6e%74\\\/uploads\\\/2025\\\/01\\\/senador-Dal-Molin.jpg\",\"contentUrl\":\"https:\\\/\\\/informelitoral.com.ar\\\/%77%70%2d%63%6f%6e%74%65%6e%74\\\/uploads\\\/2025\\\/01\\\/senador-Dal-Molin.jpg\",\"width\":1920,\"height\":1280},{\"@type\":\"BreadcrumbList\",\"@id\":\"https:\\\/\\\/informelitoral.com.ar\\\/dal-molin-la-reforma-previsional-no-afecta-a-los-jubilados-actuales-y-sera-debatida-con-todos-los-sectores\\\/#breadcrumb\",\"itemListElement\":[{\"@type\":\"ListItem\",\"position\":1,\"name\":\"Portada\",\"item\":\"https:\\\/\\\/informelitoral.com.ar\\\/\"},{\"@type\":\"ListItem\",\"position\":2,\"name\":\"Dal Molin: \u201cLa reforma previsional no afecta a los jubilados actuales y ser\u00e1 debatida con todos los sectores\u201d\"}]},{\"@type\":\"WebSite\",\"@id\":\"https:\\\/\\\/informelitoral.com.ar\\\/#website\",\"url\":\"https:\\\/\\\/informelitoral.com.ar\\\/\",\"name\":\"Informe Litoral\",\"description\":\"&quot;Nos informamos&quot; \",\"publisher\":{\"@id\":\"https:\\\/\\\/informelitoral.com.ar\\\/#organization\"},\"potentialAction\":[{\"@type\":\"SearchAction\",\"target\":{\"@type\":\"EntryPoint\",\"urlTemplate\":\"https:\\\/\\\/informelitoral.com.ar\\\/?s={search_term_string}\"},\"query-input\":{\"@type\":\"PropertyValueSpecification\",\"valueRequired\":true,\"valueName\":\"search_term_string\"}}],\"inLanguage\":\"es\"},{\"@type\":\"Organization\",\"@id\":\"https:\\\/\\\/informelitoral.com.ar\\\/#organization\",\"name\":\"Informe Litoral\",\"url\":\"https:\\\/\\\/informelitoral.com.ar\\\/\",\"logo\":{\"@type\":\"ImageObject\",\"inLanguage\":\"es\",\"@id\":\"https:\\\/\\\/informelitoral.com.ar\\\/#\\\/schema\\\/logo\\\/image\\\/\",\"url\":\"https:\\\/\\\/informelitoral.com.ar\\\/%77%70%2d%63%6f%6e%74%65%6e%74\\\/uploads\\\/2021\\\/01\\\/circulo.png\",\"contentUrl\":\"https:\\\/\\\/informelitoral.com.ar\\\/%77%70%2d%63%6f%6e%74%65%6e%74\\\/uploads\\\/2021\\\/01\\\/circulo.png\",\"width\":723,\"height\":731,\"caption\":\"Informe Litoral\"},\"image\":{\"@id\":\"https:\\\/\\\/informelitoral.com.ar\\\/#\\\/schema\\\/logo\\\/image\\\/\"},\"sameAs\":[\"https:\\\/\\\/www.facebook.com\\\/informelitoral\\\/\",\"https:\\\/\\\/x.com\\\/InformeLitoral\",\"https:\\\/\\\/www.instagram.com\\\/informelitoral\\\/\",\"https:\\\/\\\/www.youtube.com\\\/channel\\\/UCua4Qvz8Icb6MYqhoq9xLXw\"]},{\"@type\":\"Person\",\"@id\":\"https:\\\/\\\/informelitoral.com.ar\\\/#\\\/schema\\\/person\\\/b9d00407c836482871ef1d57bf8e3180\",\"name\":\"Gonzalo Schmidt\",\"image\":{\"@type\":\"ImageObject\",\"inLanguage\":\"es\",\"@id\":\"https:\\\/\\\/secure.gravatar.com\\\/avatar\\\/31a1a7b66ff2de83bd0e9fd79d026630d2d99e55e8bfe501287647b4fd9743de?s=96&d=mm&r=g\",\"url\":\"https:\\\/\\\/secure.gravatar.com\\\/avatar\\\/31a1a7b66ff2de83bd0e9fd79d026630d2d99e55e8bfe501287647b4fd9743de?s=96&d=mm&r=g\",\"contentUrl\":\"https:\\\/\\\/secure.gravatar.com\\\/avatar\\\/31a1a7b66ff2de83bd0e9fd79d026630d2d99e55e8bfe501287647b4fd9743de?s=96&d=mm&r=g\",\"caption\":\"Gonzalo Schmidt\"},\"description\":\"Sitio web de noticias de la provincia de Entre R\u00edos, Argentina. Informaci\u00f3n y entretenimiento. Informe Litoral, nos informamos.\",\"sameAs\":[\"http:\\\/\\\/www.isletasnoticias.com.ar\"],\"url\":\"https:\\\/\\\/informelitoral.com.ar\\\/author\\\/gonzalo\\\/\"}]}<\/script>","yoast_head_json":{"title":"Dal Molin: \u201cLa reforma previsional no afecta a los jubilados actuales y ser\u00e1 debatida con todos los sectores\u201d - Informe Litoral","robots":{"index":"index","follow":"follow","max-snippet":"max-snippet:-1","max-image-preview":"max-image-preview:large","max-video-preview":"max-video-preview:-1"},"canonical":"https:\/\/informelitoral.com.ar\/dal-molin-la-reforma-previsional-no-afecta-a-los-jubilados-actuales-y-sera-debatida-con-todos-los-sectores\/","og_locale":"es_ES","og_type":"article","og_title":"Dal Molin: \u201cLa reforma previsional no afecta a los jubilados actuales y ser\u00e1 debatida con todos los sectores\u201d - Informe Litoral","og_description":"El presidente del bloque de senadores de Juntos por Entre R\u00edos, Rub\u00e9n Dal Molin, se refiri\u00f3 a los lineamientos preliminares del proyecto de reforma previsional y destac\u00f3 que se trata de un borrador de trabajo que ser\u00e1 debatido con todos los sectores involucrados.","og_url":"https:\/\/informelitoral.com.ar\/dal-molin-la-reforma-previsional-no-afecta-a-los-jubilados-actuales-y-sera-debatida-con-todos-los-sectores\/","og_site_name":"Informe Litoral","article_publisher":"https:\/\/www.facebook.com\/informelitoral\/","article_published_time":"2026-03-14T09:36:59+00:00","article_modified_time":"2026-03-14T13:41:41+00:00","og_image":[{"width":1920,"height":1280,"url":"https:\/\/informelitoral.com.ar\/%77%70%2d%63%6f%6e%74%65%6e%74\/uploads\/2025\/01\/senador-Dal-Molin.jpg","type":"image\/jpeg"}],"author":"Gonzalo Schmidt","twitter_card":"summary_large_image","twitter_creator":"@InformeLitoral","twitter_site":"@InformeLitoral","twitter_misc":{"Escrito por":"Gonzalo Schmidt","Tiempo de lectura":"2 minutos"},"schema":{"@context":"https:\/\/schema.org","@graph":[{"@type":"Article","@id":"https:\/\/informelitoral.com.ar\/dal-molin-la-reforma-previsional-no-afecta-a-los-jubilados-actuales-y-sera-debatida-con-todos-los-sectores\/#article","isPartOf":{"@id":"https:\/\/informelitoral.com.ar\/dal-molin-la-reforma-previsional-no-afecta-a-los-jubilados-actuales-y-sera-debatida-con-todos-los-sectores\/"},"author":{"name":"Gonzalo Schmidt","@id":"https:\/\/informelitoral.com.ar\/#\/schema\/person\/b9d00407c836482871ef1d57bf8e3180"},"headline":"Dal Molin: \u201cLa reforma previsional no afecta a los jubilados actuales y ser\u00e1 debatida con todos los sectores\u201d","datePublished":"2026-03-14T09:36:59+00:00","dateModified":"2026-03-14T13:41:41+00:00","mainEntityOfPage":{"@id":"https:\/\/informelitoral.com.ar\/dal-molin-la-reforma-previsional-no-afecta-a-los-jubilados-actuales-y-sera-debatida-con-todos-los-sectores\/"},"wordCount":385,"commentCount":0,"publisher":{"@id":"https:\/\/informelitoral.com.ar\/#organization"},"image":{"@id":"https:\/\/informelitoral.com.ar\/dal-molin-la-reforma-previsional-no-afecta-a-los-jubilados-actuales-y-sera-debatida-con-todos-los-sectores\/#primaryimage"},"thumbnailUrl":"https:\/\/informelitoral.com.ar\/%77%70%2d%63%6f%6e%74%65%6e%74\/uploads\/2025\/01\/senador-Dal-Molin.jpg","keywords":["Caja de Jubilaciones","Jubilados","Reforma Previsional","Senador"],"articleSection":["Politica"],"inLanguage":"es","potentialAction":[{"@type":"CommentAction","name":"Comment","target":["https:\/\/informelitoral.com.ar\/dal-molin-la-reforma-previsional-no-afecta-a-los-jubilados-actuales-y-sera-debatida-con-todos-los-sectores\/#respond"]}]},{"@type":"WebPage","@id":"https:\/\/informelitoral.com.ar\/dal-molin-la-reforma-previsional-no-afecta-a-los-jubilados-actuales-y-sera-debatida-con-todos-los-sectores\/","url":"https:\/\/informelitoral.com.ar\/dal-molin-la-reforma-previsional-no-afecta-a-los-jubilados-actuales-y-sera-debatida-con-todos-los-sectores\/","name":"Dal Molin: \u201cLa reforma previsional no afecta a los jubilados actuales y ser\u00e1 debatida con todos los sectores\u201d - Informe Litoral","isPartOf":{"@id":"https:\/\/informelitoral.com.ar\/#website"},"primaryImageOfPage":{"@id":"https:\/\/informelitoral.com.ar\/dal-molin-la-reforma-previsional-no-afecta-a-los-jubilados-actuales-y-sera-debatida-con-todos-los-sectores\/#primaryimage"},"image":{"@id":"https:\/\/informelitoral.com.ar\/dal-molin-la-reforma-previsional-no-afecta-a-los-jubilados-actuales-y-sera-debatida-con-todos-los-sectores\/#primaryimage"},"thumbnailUrl":"https:\/\/informelitoral.com.ar\/%77%70%2d%63%6f%6e%74%65%6e%74\/uploads\/2025\/01\/senador-Dal-Molin.jpg","datePublished":"2026-03-14T09:36:59+00:00","dateModified":"2026-03-14T13:41:41+00:00","breadcrumb":{"@id":"https:\/\/informelitoral.com.ar\/dal-molin-la-reforma-previsional-no-afecta-a-los-jubilados-actuales-y-sera-debatida-con-todos-los-sectores\/#breadcrumb"},"inLanguage":"es","potentialAction":[{"@type":"ReadAction","target":["https:\/\/informelitoral.com.ar\/dal-molin-la-reforma-previsional-no-afecta-a-los-jubilados-actuales-y-sera-debatida-con-todos-los-sectores\/"]}]},{"@type":"ImageObject","inLanguage":"es","@id":"https:\/\/informelitoral.com.ar\/dal-molin-la-reforma-previsional-no-afecta-a-los-jubilados-actuales-y-sera-debatida-con-todos-los-sectores\/#primaryimage","url":"https:\/\/informelitoral.com.ar\/%77%70%2d%63%6f%6e%74%65%6e%74\/uploads\/2025\/01\/senador-Dal-Molin.jpg","contentUrl":"https:\/\/informelitoral.com.ar\/%77%70%2d%63%6f%6e%74%65%6e%74\/uploads\/2025\/01\/senador-Dal-Molin.jpg","width":1920,"height":1280},{"@type":"BreadcrumbList","@id":"https:\/\/informelitoral.com.ar\/dal-molin-la-reforma-previsional-no-afecta-a-los-jubilados-actuales-y-sera-debatida-con-todos-los-sectores\/#breadcrumb","itemListElement":[{"@type":"ListItem","position":1,"name":"Portada","item":"https:\/\/informelitoral.com.ar\/"},{"@type":"ListItem","position":2,"name":"Dal Molin: \u201cLa reforma previsional no afecta a los jubilados actuales y ser\u00e1 debatida con todos los sectores\u201d"}]},{"@type":"WebSite","@id":"https:\/\/informelitoral.com.ar\/#website","url":"https:\/\/informelitoral.com.ar\/","name":"Informe Litoral","description":"&quot;Nos informamos&quot; ","publisher":{"@id":"https:\/\/informelitoral.com.ar\/#organization"},"potentialAction":[{"@type":"SearchAction","target":{"@type":"EntryPoint","urlTemplate":"https:\/\/informelitoral.com.ar\/?s={search_term_string}"},"query-input":{"@type":"PropertyValueSpecification","valueRequired":true,"valueName":"search_term_string"}}],"inLanguage":"es"},{"@type":"Organization","@id":"https:\/\/informelitoral.com.ar\/#organization","name":"Informe Litoral","url":"https:\/\/informelitoral.com.ar\/","logo":{"@type":"ImageObject","inLanguage":"es","@id":"https:\/\/informelitoral.com.ar\/#\/schema\/logo\/image\/","url":"https:\/\/informelitoral.com.ar\/%77%70%2d%63%6f%6e%74%65%6e%74\/uploads\/2021\/01\/circulo.png","contentUrl":"https:\/\/informelitoral.com.ar\/%77%70%2d%63%6f%6e%74%65%6e%74\/uploads\/2021\/01\/circulo.png","width":723,"height":731,"caption":"Informe Litoral"},"image":{"@id":"https:\/\/informelitoral.com.ar\/#\/schema\/logo\/image\/"},"sameAs":["https:\/\/www.facebook.com\/informelitoral\/","https:\/\/x.com\/InformeLitoral","https:\/\/www.instagram.com\/informelitoral\/","https:\/\/www.youtube.com\/channel\/UCua4Qvz8Icb6MYqhoq9xLXw"]},{"@type":"Person","@id":"https:\/\/informelitoral.com.ar\/#\/schema\/person\/b9d00407c836482871ef1d57bf8e3180","name":"Gonzalo Schmidt","image":{"@type":"ImageObject","inLanguage":"es","@id":"https:\/\/secure.gravatar.com\/avatar\/31a1a7b66ff2de83bd0e9fd79d026630d2d99e55e8bfe501287647b4fd9743de?s=96&d=mm&r=g","url":"https:\/\/secure.gravatar.com\/avatar\/31a1a7b66ff2de83bd0e9fd79d026630d2d99e55e8bfe501287647b4fd9743de?s=96&d=mm&r=g","contentUrl":"https:\/\/secure.gravatar.com\/avatar\/31a1a7b66ff2de83bd0e9fd79d026630d2d99e55e8bfe501287647b4fd9743de?s=96&d=mm&r=g","caption":"Gonzalo Schmidt"},"description":"Sitio web de noticias de la provincia de Entre R\u00edos, Argentina. Informaci\u00f3n y entretenimiento. Informe Litoral, nos informamos.","sameAs":["http:\/\/www.isletasnoticias.com.ar"],"url":"https:\/\/informelitoral.com.ar\/author\/gonzalo\/"}]}},"_links":{"self":[{"href":"https:\/\/informelitoral.com.ar\/%77%70%2d%6a%73%6f%6e\/wp\/v2\/posts\/253530","targetHints":{"allow":["GET"]}}],"collection":[{"href":"https:\/\/informelitoral.com.ar\/%77%70%2d%6a%73%6f%6e\/wp\/v2\/posts"}],"about":[{"href":"https:\/\/informelitoral.com.ar\/%77%70%2d%6a%73%6f%6e\/wp\/v2\/types\/post"}],"author":[{"embeddable":true,"href":"https:\/\/informelitoral.com.ar\/%77%70%2d%6a%73%6f%6e\/wp\/v2\/users\/2"}],"replies":[{"embeddable":true,"href":"https:\/\/informelitoral.com.ar\/%77%70%2d%6a%73%6f%6e\/wp\/v2\/comments?post=253530"}],"version-history":[{"count":1,"href":"https:\/\/informelitoral.com.ar\/%77%70%2d%6a%73%6f%6e\/wp\/v2\/posts\/253530\/revisions"}],"predecessor-version":[{"id":253531,"href":"https:\/\/informelitoral.com.ar\/%77%70%2d%6a%73%6f%6e\/wp\/v2\/posts\/253530\/revisions\/253531"}],"wp:featuredmedia":[{"embeddable":true,"href":"https:\/\/informelitoral.com.ar\/%77%70%2d%6a%73%6f%6e\/wp\/v2\/media\/210117"}],"wp:attachment":[{"href":"https:\/\/informelitoral.com.ar\/%77%70%2d%6a%73%6f%6e\/wp\/v2\/media?parent=253530"}],"wp:term":[{"taxonomy":"category","embeddable":true,"href":"https:\/\/informelitoral.com.ar\/%77%70%2d%6a%73%6f%6e\/wp\/v2\/categories?post=253530"},{"taxonomy":"post_tag","embeddable":true,"href":"https:\/\/informelitoral.com.ar\/%77%70%2d%6a%73%6f%6e\/wp\/v2\/tags?post=253530"}],"curies":[{"name":"wp","href":"https:\/\/api.w.org\/{rel}","templated":true}]}}