{"id":25334,"date":"2018-03-01T12:54:26","date_gmt":"2018-03-01T15:54:26","guid":{"rendered":"https:\/\/www.isletasnoticias.com.ar\/?p=25334"},"modified":"2018-03-01T12:55:31","modified_gmt":"2018-03-01T15:55:31","slug":"las-claves-del-discurso-de-macri-submarino-aborto-e-inflacion","status":"publish","type":"post","link":"https:\/\/informelitoral.com.ar\/las-claves-del-discurso-de-macri-submarino-aborto-e-inflacion\/","title":{"rendered":"Las claves del discurso de Macri: submarino, aborto e inflaci\u00f3n"},"content":{"rendered":"<div class=\"preview\">\n<p><strong>El Presidente habl\u00f3 ante legisladores nacionales, gobernadores y los ministros de la Corte Suprema. La ex presidenta <em>Cristina Kirchner<\/em> no concurri\u00f3 a la Asamblea Legislativa.<a href=\"https:\/\/www.isletasnoticias.com.ar\/%77%70%2d%63%6f%6e%74%65%6e%74\/uploads\/2018\/03\/0028953084.jpg\"><img loading=\"lazy\" decoding=\"async\" class=\"aligncenter wp-image-25335 size-large\" src=\"https:\/\/www.isletasnoticias.com.ar\/%77%70%2d%63%6f%6e%74%65%6e%74\/uploads\/2018\/03\/0028953084-1024x575.jpg\" alt=\"\" width=\"600\" height=\"337\" srcset=\"https:\/\/informelitoral.com.ar\/%77%70%2d%63%6f%6e%74%65%6e%74\/uploads\/2018\/03\/0028953084-1024x575.jpg 1024w, https:\/\/informelitoral.com.ar\/%77%70%2d%63%6f%6e%74%65%6e%74\/uploads\/2018\/03\/0028953084-300x168.jpg 300w, https:\/\/informelitoral.com.ar\/%77%70%2d%63%6f%6e%74%65%6e%74\/uploads\/2018\/03\/0028953084-768x431.jpg 768w, https:\/\/informelitoral.com.ar\/%77%70%2d%63%6f%6e%74%65%6e%74\/uploads\/2018\/03\/0028953084.jpg 1140w\" sizes=\"auto, (max-width: 600px) 100vw, 600px\" \/><\/a><\/strong><\/p>\n<\/div>\n<article id=\"note-body\" class=\"note-body\" data-twitter-link=\"https:\/\/twitter.com\/intent\/tweet?url=https:\/\/www.minutouno.com\/c3063531&amp;v\u00eda=minutounocom&amp;related=MinutoUno&amp;text=\">\n<div class=\"row\">\n<div class=\"inside-note col-xs-12\">\n<p>La Asamblea Parlamentaria que conforman los diputados y senadores nacionales fue convocada para las 10<strong>. Y poco despu\u00e9s de las 11 lleg\u00f3 al Congreso el presidente, Mauricio Macri,<\/strong>\u00a0para dar su discurso y dejar inaugurado el per\u00edodo de sesiones ordinarias.<\/p>\n<\/div>\n<\/div>\n<\/article>\n<p><span id=\"saysCMSEmphasisxs6zuf37b6\" class=\"saysCMSEmphasis\">\u201cLo peor ya pas\u00f3 y el pa\u00eds comenzar\u00e1 a crecer\u201d.\u00a0<\/span>As\u00ed, el mandatario nacional inici\u00f3 su discurso, en el que habl\u00f3 sobre la situaci\u00f3n que atraviesa la Argentina y advirti\u00f3 que la inflaci\u00f3n est\u00e1 bajando. Adem\u00e1s, indic\u00f3 que trabajar\u00e1n para que eso\u00a0<strong>\u201cnunca m\u00e1s sea un instrumento de la pol\u00edtica como lo ha sido durante los \u00faltimos 70 a\u00f1os\u201d.<\/strong><\/p>\n<p>Antes, Macri brind\u00f3 un homenaje a los 44 tripulantes del submarino ARA SAn Juan: \u201cEstamos con los familiares. Quiero reiterarles que\u00a0<strong>seguiremos haciendo todo lo que est\u00e1 a nuestro alcance para encontrarlos<\/strong>. Estoy seguro de que todos los argentinos estamos unidos en este reconocimiento\u201d.<\/p>\n<div id=\"2706167-Libre-1992438654_wrap\" class=\"embed_cont type_imagen no-epigrafe no-copyright\">\n<div id=\"2706167-Libre-1992438654_content\" class=\"embed_content\"><img decoding=\"async\" id=\"2706167-Libre-1992438654_embed\" class=\"aligncenter\" src=\"https:\/\/media.minutouno.com\/adjuntos\/150\/imagenes\/028\/953\/0028953106.jpg?0000-00-00-00-00-00\" alt=\"\" \/><\/div>\n<\/div>\n<p>El discurso de Macri<strong>\u00a0dur\u00f3 unos 40 minutos<\/strong>\u00a0y gir\u00f3 por diversos temas. Entre esos, uno de los que estuvo en la agenda pol\u00edtica de los \u00faltimos d\u00edas: el aborto.<\/p>\n<p>De cara a los Legisladores que comenzar\u00e1n a debatir sobre el proyecto, el cual genera una fuerte grieta en toda la sociedad, el Presidente fue claro:\u00a0<span id=\"saysCMSEmphasisk59euxo4tz\" class=\"saysCMSEmphasis\">\u00abEstoy a favor de la vida\u00bb.<\/span>\u00a0Sin embargo, aclar\u00f3 que es necesaria una discusi\u00f3n parlamentaria. \u00abVemos con agrado que el Congreso incluya este tema en su agenda de este a\u00f1o. Espero que se escuchen todas las voces y se tomen en cuenta todas las posturas\u00bb, dijo.<\/p>\n<h5>Inflaci\u00f3n<\/h5>\n<p>El mandatario insisti\u00f3 en que la inflaci\u00f3n \u00abest\u00e1 bajando\u00bb. \u00abLa de 2018 va a ser menor que a la de 2017. No queremos solo bajarla, queremos que nunca m\u00e1s sea un instrumento de la pol\u00edtica como lo ha sido durante m\u00e1s de 70 a\u00f1os\u00bb, remarc\u00f3.<\/p>\n<p>Sobre la desocupaci\u00f3n Macri asegur\u00f3 que \u00abest\u00e1 bajando y el total de empleados registrados aument\u00f3 a 270.000\u00bb. Remarc\u00f3 que \u00abla mitad de los trabajadores en la Argentina est\u00e1 en la informalidad\u00bb.<\/p>\n<h5>Educaci\u00f3n<\/h5>\n<p>Macri pidi\u00f3 \u00abno hacer pol\u00edtica con la educaci\u00f3n de nuestros hijos\u00bb, al subrayar que \u00abno podemos acordarnos de la educaci\u00f3n s\u00f3lo en el momento de las paritarias\u00bb en referencia a la negociaci\u00f3n salarial con los sindicatos de docentes.<\/p>\n<p>Asimismo intim\u00f3 trabajar por la igualdad educativa. Tambi\u00e9n habl\u00f3 sobre los m\u00e1s vulnerables y reclam\u00f3 que puedan acceder a una educaci\u00f3n de calidad. \u00abNo estamos preparando a nuestros hijos para el mundo que van a vivir\u00bb, dijo.<\/p>\n<h5>Mano dura<\/h5>\n<p>El Presidente afirm\u00f3 que persiste \u00abuna tensi\u00f3n entre la democracia y seguridad\u00bb. \u00abNo creemos que haya que caer en la mano dura ni en el abolicionismo para resolverla\u00bb, dijo. Sostuvo que apuesta a un \u00absistema que ponga en el centro a las v\u00edctimas del delito, que respeta y ofrezca penas proporcionales a los delitos cometidos\u00bb. La ministra de Seguridad, Patricia Bullrich, lo aplaudi\u00f3. <em>(MinutoUno)<\/em><\/p>\n","protected":false},"excerpt":{"rendered":"<p>El Presidente habl&oacute; ante legisladores nacionales, gobernadores y los ministros de la Corte Suprema. La ex presidenta Cristina Kirchner no concurri&oacute; a la Asamblea Legislativa. La Asamblea Parlamentaria que conforman los diputados y senadores nacionales fue convocada para las 10. Y poco despu&eacute;s de las 11 lleg&oacute; al Congreso el presidente, Mauricio Macri,&nbsp;para dar su [&hellip;]<\/p>\n","protected":false},"author":2,"featured_media":0,"comment_status":"open","ping_status":"open","sticky":false,"template":"","format":"standard","meta":{"fifu_image_url":"","fifu_image_alt":"","footnotes":""},"categories":[7,16],"tags":[],"class_list":{"0":"post-25334","1":"post","2":"type-post","3":"status-publish","4":"format-standard","6":"category-nacionales","7":"category-politi"},"yoast_head":"<title>Las claves del discurso de Macri: submarino, aborto e inflaci\u00f3n - Informe Litoral<\/title>\n<meta name=\"robots\" content=\"index, follow, max-snippet:-1, max-image-preview:large, max-video-preview:-1\" \/>\n<link rel=\"canonical\" href=\"https:\/\/informelitoral.com.ar\/las-claves-del-discurso-de-macri-submarino-aborto-e-inflacion\/\" \/>\n<meta property=\"og:locale\" content=\"es_ES\" \/>\n<meta property=\"og:type\" content=\"article\" \/>\n<meta property=\"og:title\" content=\"Las claves del discurso de Macri: submarino, aborto e inflaci\u00f3n - Informe Litoral\" \/>\n<meta property=\"og:description\" content=\"El Presidente habl&oacute; ante legisladores nacionales, gobernadores y los ministros de la Corte Suprema. La ex presidenta Cristina Kirchner no concurri&oacute; a la Asamblea Legislativa. La Asamblea Parlamentaria que conforman los diputados y senadores nacionales fue convocada para las 10. Y poco despu&eacute;s de las 11 lleg&oacute; al Congreso el presidente, Mauricio Macri,&nbsp;para dar su [&hellip;]\" \/>\n<meta property=\"og:url\" content=\"https:\/\/informelitoral.com.ar\/las-claves-del-discurso-de-macri-submarino-aborto-e-inflacion\/\" \/>\n<meta property=\"og:site_name\" content=\"Informe Litoral\" \/>\n<meta property=\"article:publisher\" content=\"https:\/\/www.facebook.com\/informelitoral\/\" \/>\n<meta property=\"article:published_time\" content=\"2018-03-01T15:54:26+00:00\" \/>\n<meta property=\"article:modified_time\" content=\"2018-03-01T15:55:31+00:00\" \/>\n<meta property=\"og:image\" content=\"https:\/\/informelitoral.com.ar\/%77%70%2d%63%6f%6e%74%65%6e%74\/uploads\/2018\/03\/0028953084.jpg\" \/>\n\t<meta property=\"og:image:width\" content=\"1140\" \/>\n\t<meta property=\"og:image:height\" content=\"640\" \/>\n\t<meta property=\"og:image:type\" content=\"image\/jpeg\" \/>\n<meta name=\"author\" content=\"Gonzalo Schmidt\" \/>\n<meta name=\"twitter:card\" content=\"summary_large_image\" \/>\n<meta name=\"twitter:creator\" content=\"@InformeLitoral\" \/>\n<meta name=\"twitter:site\" content=\"@InformeLitoral\" \/>\n<meta name=\"twitter:label1\" content=\"Escrito por\" \/>\n\t<meta name=\"twitter:data1\" content=\"Gonzalo Schmidt\" \/>\n\t<meta name=\"twitter:label2\" content=\"Tiempo de lectura\" \/>\n\t<meta name=\"twitter:data2\" content=\"3 minutos\" \/>\n<script type=\"application\/ld+json\" class=\"yoast-schema-graph\">{\"@context\":\"https:\\\/\\\/schema.org\",\"@graph\":[{\"@type\":\"Article\",\"@id\":\"https:\\\/\\\/informelitoral.com.ar\\\/las-claves-del-discurso-de-macri-submarino-aborto-e-inflacion\\\/#article\",\"isPartOf\":{\"@id\":\"https:\\\/\\\/informelitoral.com.ar\\\/las-claves-del-discurso-de-macri-submarino-aborto-e-inflacion\\\/\"},\"author\":{\"name\":\"Gonzalo Schmidt\",\"@id\":\"https:\\\/\\\/informelitoral.com.ar\\\/#\\\/schema\\\/person\\\/b9d00407c836482871ef1d57bf8e3180\"},\"headline\":\"Las claves del discurso de Macri: submarino, aborto e inflaci\u00f3n\",\"datePublished\":\"2018-03-01T15:54:26+00:00\",\"dateModified\":\"2018-03-01T15:55:31+00:00\",\"mainEntityOfPage\":{\"@id\":\"https:\\\/\\\/informelitoral.com.ar\\\/las-claves-del-discurso-de-macri-submarino-aborto-e-inflacion\\\/\"},\"wordCount\":524,\"commentCount\":0,\"publisher\":{\"@id\":\"https:\\\/\\\/informelitoral.com.ar\\\/#organization\"},\"image\":{\"@id\":\"https:\\\/\\\/informelitoral.com.ar\\\/las-claves-del-discurso-de-macri-submarino-aborto-e-inflacion\\\/#primaryimage\"},\"thumbnailUrl\":\"https:\\\/\\\/www.isletasnoticias.com.ar\\\/%77%70%2d%63%6f%6e%74%65%6e%74\\\/uploads\\\/2018\\\/03\\\/0028953084-1024x575.jpg\",\"articleSection\":[\"Nacionales\",\"Politica\"],\"inLanguage\":\"es\",\"potentialAction\":[{\"@type\":\"CommentAction\",\"name\":\"Comment\",\"target\":[\"https:\\\/\\\/informelitoral.com.ar\\\/las-claves-del-discurso-de-macri-submarino-aborto-e-inflacion\\\/#respond\"]}]},{\"@type\":\"WebPage\",\"@id\":\"https:\\\/\\\/informelitoral.com.ar\\\/las-claves-del-discurso-de-macri-submarino-aborto-e-inflacion\\\/\",\"url\":\"https:\\\/\\\/informelitoral.com.ar\\\/las-claves-del-discurso-de-macri-submarino-aborto-e-inflacion\\\/\",\"name\":\"Las claves del discurso de Macri: submarino, aborto e inflaci\u00f3n - Informe Litoral\",\"isPartOf\":{\"@id\":\"https:\\\/\\\/informelitoral.com.ar\\\/#website\"},\"primaryImageOfPage\":{\"@id\":\"https:\\\/\\\/informelitoral.com.ar\\\/las-claves-del-discurso-de-macri-submarino-aborto-e-inflacion\\\/#primaryimage\"},\"image\":{\"@id\":\"https:\\\/\\\/informelitoral.com.ar\\\/las-claves-del-discurso-de-macri-submarino-aborto-e-inflacion\\\/#primaryimage\"},\"thumbnailUrl\":\"https:\\\/\\\/www.isletasnoticias.com.ar\\\/%77%70%2d%63%6f%6e%74%65%6e%74\\\/uploads\\\/2018\\\/03\\\/0028953084-1024x575.jpg\",\"datePublished\":\"2018-03-01T15:54:26+00:00\",\"dateModified\":\"2018-03-01T15:55:31+00:00\",\"breadcrumb\":{\"@id\":\"https:\\\/\\\/informelitoral.com.ar\\\/las-claves-del-discurso-de-macri-submarino-aborto-e-inflacion\\\/#breadcrumb\"},\"inLanguage\":\"es\",\"potentialAction\":[{\"@type\":\"ReadAction\",\"target\":[\"https:\\\/\\\/informelitoral.com.ar\\\/las-claves-del-discurso-de-macri-submarino-aborto-e-inflacion\\\/\"]}]},{\"@type\":\"ImageObject\",\"inLanguage\":\"es\",\"@id\":\"https:\\\/\\\/informelitoral.com.ar\\\/las-claves-del-discurso-de-macri-submarino-aborto-e-inflacion\\\/#primaryimage\",\"url\":\"https:\\\/\\\/www.isletasnoticias.com.ar\\\/%77%70%2d%63%6f%6e%74%65%6e%74\\\/uploads\\\/2018\\\/03\\\/0028953084-1024x575.jpg\",\"contentUrl\":\"https:\\\/\\\/www.isletasnoticias.com.ar\\\/%77%70%2d%63%6f%6e%74%65%6e%74\\\/uploads\\\/2018\\\/03\\\/0028953084-1024x575.jpg\"},{\"@type\":\"BreadcrumbList\",\"@id\":\"https:\\\/\\\/informelitoral.com.ar\\\/las-claves-del-discurso-de-macri-submarino-aborto-e-inflacion\\\/#breadcrumb\",\"itemListElement\":[{\"@type\":\"ListItem\",\"position\":1,\"name\":\"Portada\",\"item\":\"https:\\\/\\\/informelitoral.com.ar\\\/\"},{\"@type\":\"ListItem\",\"position\":2,\"name\":\"Las claves del discurso de Macri: submarino, aborto e inflaci\u00f3n\"}]},{\"@type\":\"WebSite\",\"@id\":\"https:\\\/\\\/informelitoral.com.ar\\\/#website\",\"url\":\"https:\\\/\\\/informelitoral.com.ar\\\/\",\"name\":\"Informe Litoral\",\"description\":\"&quot;Nos informamos&quot; \",\"publisher\":{\"@id\":\"https:\\\/\\\/informelitoral.com.ar\\\/#organization\"},\"potentialAction\":[{\"@type\":\"SearchAction\",\"target\":{\"@type\":\"EntryPoint\",\"urlTemplate\":\"https:\\\/\\\/informelitoral.com.ar\\\/?s={search_term_string}\"},\"query-input\":{\"@type\":\"PropertyValueSpecification\",\"valueRequired\":true,\"valueName\":\"search_term_string\"}}],\"inLanguage\":\"es\"},{\"@type\":\"Organization\",\"@id\":\"https:\\\/\\\/informelitoral.com.ar\\\/#organization\",\"name\":\"Informe Litoral\",\"url\":\"https:\\\/\\\/informelitoral.com.ar\\\/\",\"logo\":{\"@type\":\"ImageObject\",\"inLanguage\":\"es\",\"@id\":\"https:\\\/\\\/informelitoral.com.ar\\\/#\\\/schema\\\/logo\\\/image\\\/\",\"url\":\"https:\\\/\\\/informelitoral.com.ar\\\/%77%70%2d%63%6f%6e%74%65%6e%74\\\/uploads\\\/2021\\\/01\\\/circulo.png\",\"contentUrl\":\"https:\\\/\\\/informelitoral.com.ar\\\/%77%70%2d%63%6f%6e%74%65%6e%74\\\/uploads\\\/2021\\\/01\\\/circulo.png\",\"width\":723,\"height\":731,\"caption\":\"Informe Litoral\"},\"image\":{\"@id\":\"https:\\\/\\\/informelitoral.com.ar\\\/#\\\/schema\\\/logo\\\/image\\\/\"},\"sameAs\":[\"https:\\\/\\\/www.facebook.com\\\/informelitoral\\\/\",\"https:\\\/\\\/x.com\\\/InformeLitoral\",\"https:\\\/\\\/www.instagram.com\\\/informelitoral\\\/\",\"https:\\\/\\\/www.youtube.com\\\/channel\\\/UCua4Qvz8Icb6MYqhoq9xLXw\"]},{\"@type\":\"Person\",\"@id\":\"https:\\\/\\\/informelitoral.com.ar\\\/#\\\/schema\\\/person\\\/b9d00407c836482871ef1d57bf8e3180\",\"name\":\"Gonzalo Schmidt\",\"image\":{\"@type\":\"ImageObject\",\"inLanguage\":\"es\",\"@id\":\"https:\\\/\\\/secure.gravatar.com\\\/avatar\\\/31a1a7b66ff2de83bd0e9fd79d026630d2d99e55e8bfe501287647b4fd9743de?s=96&d=mm&r=g\",\"url\":\"https:\\\/\\\/secure.gravatar.com\\\/avatar\\\/31a1a7b66ff2de83bd0e9fd79d026630d2d99e55e8bfe501287647b4fd9743de?s=96&d=mm&r=g\",\"contentUrl\":\"https:\\\/\\\/secure.gravatar.com\\\/avatar\\\/31a1a7b66ff2de83bd0e9fd79d026630d2d99e55e8bfe501287647b4fd9743de?s=96&d=mm&r=g\",\"caption\":\"Gonzalo Schmidt\"},\"description\":\"Sitio web de noticias de la provincia de Entre R\u00edos, Argentina. Informaci\u00f3n y entretenimiento. Informe Litoral, nos informamos.\",\"sameAs\":[\"http:\\\/\\\/www.isletasnoticias.com.ar\"],\"url\":\"https:\\\/\\\/informelitoral.com.ar\\\/author\\\/gonzalo\\\/\"}]}<\/script>","yoast_head_json":{"title":"Las claves del discurso de Macri: submarino, aborto e inflaci\u00f3n - Informe Litoral","robots":{"index":"index","follow":"follow","max-snippet":"max-snippet:-1","max-image-preview":"max-image-preview:large","max-video-preview":"max-video-preview:-1"},"canonical":"https:\/\/informelitoral.com.ar\/las-claves-del-discurso-de-macri-submarino-aborto-e-inflacion\/","og_locale":"es_ES","og_type":"article","og_title":"Las claves del discurso de Macri: submarino, aborto e inflaci\u00f3n - Informe Litoral","og_description":"El Presidente habl&oacute; ante legisladores nacionales, gobernadores y los ministros de la Corte Suprema. La ex presidenta Cristina Kirchner no concurri&oacute; a la Asamblea Legislativa. La Asamblea Parlamentaria que conforman los diputados y senadores nacionales fue convocada para las 10. Y poco despu&eacute;s de las 11 lleg&oacute; al Congreso el presidente, Mauricio Macri,&nbsp;para dar su [&hellip;]","og_url":"https:\/\/informelitoral.com.ar\/las-claves-del-discurso-de-macri-submarino-aborto-e-inflacion\/","og_site_name":"Informe Litoral","article_publisher":"https:\/\/www.facebook.com\/informelitoral\/","article_published_time":"2018-03-01T15:54:26+00:00","article_modified_time":"2018-03-01T15:55:31+00:00","og_image":[{"width":1140,"height":640,"url":"https:\/\/informelitoral.com.ar\/%77%70%2d%63%6f%6e%74%65%6e%74\/uploads\/2018\/03\/0028953084.jpg","type":"image\/jpeg"}],"author":"Gonzalo Schmidt","twitter_card":"summary_large_image","twitter_creator":"@InformeLitoral","twitter_site":"@InformeLitoral","twitter_misc":{"Escrito por":"Gonzalo Schmidt","Tiempo de lectura":"3 minutos"},"schema":{"@context":"https:\/\/schema.org","@graph":[{"@type":"Article","@id":"https:\/\/informelitoral.com.ar\/las-claves-del-discurso-de-macri-submarino-aborto-e-inflacion\/#article","isPartOf":{"@id":"https:\/\/informelitoral.com.ar\/las-claves-del-discurso-de-macri-submarino-aborto-e-inflacion\/"},"author":{"name":"Gonzalo Schmidt","@id":"https:\/\/informelitoral.com.ar\/#\/schema\/person\/b9d00407c836482871ef1d57bf8e3180"},"headline":"Las claves del discurso de Macri: submarino, aborto e inflaci\u00f3n","datePublished":"2018-03-01T15:54:26+00:00","dateModified":"2018-03-01T15:55:31+00:00","mainEntityOfPage":{"@id":"https:\/\/informelitoral.com.ar\/las-claves-del-discurso-de-macri-submarino-aborto-e-inflacion\/"},"wordCount":524,"commentCount":0,"publisher":{"@id":"https:\/\/informelitoral.com.ar\/#organization"},"image":{"@id":"https:\/\/informelitoral.com.ar\/las-claves-del-discurso-de-macri-submarino-aborto-e-inflacion\/#primaryimage"},"thumbnailUrl":"https:\/\/www.isletasnoticias.com.ar\/%77%70%2d%63%6f%6e%74%65%6e%74\/uploads\/2018\/03\/0028953084-1024x575.jpg","articleSection":["Nacionales","Politica"],"inLanguage":"es","potentialAction":[{"@type":"CommentAction","name":"Comment","target":["https:\/\/informelitoral.com.ar\/las-claves-del-discurso-de-macri-submarino-aborto-e-inflacion\/#respond"]}]},{"@type":"WebPage","@id":"https:\/\/informelitoral.com.ar\/las-claves-del-discurso-de-macri-submarino-aborto-e-inflacion\/","url":"https:\/\/informelitoral.com.ar\/las-claves-del-discurso-de-macri-submarino-aborto-e-inflacion\/","name":"Las claves del discurso de Macri: submarino, aborto e inflaci\u00f3n - Informe Litoral","isPartOf":{"@id":"https:\/\/informelitoral.com.ar\/#website"},"primaryImageOfPage":{"@id":"https:\/\/informelitoral.com.ar\/las-claves-del-discurso-de-macri-submarino-aborto-e-inflacion\/#primaryimage"},"image":{"@id":"https:\/\/informelitoral.com.ar\/las-claves-del-discurso-de-macri-submarino-aborto-e-inflacion\/#primaryimage"},"thumbnailUrl":"https:\/\/www.isletasnoticias.com.ar\/%77%70%2d%63%6f%6e%74%65%6e%74\/uploads\/2018\/03\/0028953084-1024x575.jpg","datePublished":"2018-03-01T15:54:26+00:00","dateModified":"2018-03-01T15:55:31+00:00","breadcrumb":{"@id":"https:\/\/informelitoral.com.ar\/las-claves-del-discurso-de-macri-submarino-aborto-e-inflacion\/#breadcrumb"},"inLanguage":"es","potentialAction":[{"@type":"ReadAction","target":["https:\/\/informelitoral.com.ar\/las-claves-del-discurso-de-macri-submarino-aborto-e-inflacion\/"]}]},{"@type":"ImageObject","inLanguage":"es","@id":"https:\/\/informelitoral.com.ar\/las-claves-del-discurso-de-macri-submarino-aborto-e-inflacion\/#primaryimage","url":"https:\/\/www.isletasnoticias.com.ar\/%77%70%2d%63%6f%6e%74%65%6e%74\/uploads\/2018\/03\/0028953084-1024x575.jpg","contentUrl":"https:\/\/www.isletasnoticias.com.ar\/%77%70%2d%63%6f%6e%74%65%6e%74\/uploads\/2018\/03\/0028953084-1024x575.jpg"},{"@type":"BreadcrumbList","@id":"https:\/\/informelitoral.com.ar\/las-claves-del-discurso-de-macri-submarino-aborto-e-inflacion\/#breadcrumb","itemListElement":[{"@type":"ListItem","position":1,"name":"Portada","item":"https:\/\/informelitoral.com.ar\/"},{"@type":"ListItem","position":2,"name":"Las claves del discurso de Macri: submarino, aborto e inflaci\u00f3n"}]},{"@type":"WebSite","@id":"https:\/\/informelitoral.com.ar\/#website","url":"https:\/\/informelitoral.com.ar\/","name":"Informe Litoral","description":"&quot;Nos informamos&quot; ","publisher":{"@id":"https:\/\/informelitoral.com.ar\/#organization"},"potentialAction":[{"@type":"SearchAction","target":{"@type":"EntryPoint","urlTemplate":"https:\/\/informelitoral.com.ar\/?s={search_term_string}"},"query-input":{"@type":"PropertyValueSpecification","valueRequired":true,"valueName":"search_term_string"}}],"inLanguage":"es"},{"@type":"Organization","@id":"https:\/\/informelitoral.com.ar\/#organization","name":"Informe Litoral","url":"https:\/\/informelitoral.com.ar\/","logo":{"@type":"ImageObject","inLanguage":"es","@id":"https:\/\/informelitoral.com.ar\/#\/schema\/logo\/image\/","url":"https:\/\/informelitoral.com.ar\/%77%70%2d%63%6f%6e%74%65%6e%74\/uploads\/2021\/01\/circulo.png","contentUrl":"https:\/\/informelitoral.com.ar\/%77%70%2d%63%6f%6e%74%65%6e%74\/uploads\/2021\/01\/circulo.png","width":723,"height":731,"caption":"Informe Litoral"},"image":{"@id":"https:\/\/informelitoral.com.ar\/#\/schema\/logo\/image\/"},"sameAs":["https:\/\/www.facebook.com\/informelitoral\/","https:\/\/x.com\/InformeLitoral","https:\/\/www.instagram.com\/informelitoral\/","https:\/\/www.youtube.com\/channel\/UCua4Qvz8Icb6MYqhoq9xLXw"]},{"@type":"Person","@id":"https:\/\/informelitoral.com.ar\/#\/schema\/person\/b9d00407c836482871ef1d57bf8e3180","name":"Gonzalo Schmidt","image":{"@type":"ImageObject","inLanguage":"es","@id":"https:\/\/secure.gravatar.com\/avatar\/31a1a7b66ff2de83bd0e9fd79d026630d2d99e55e8bfe501287647b4fd9743de?s=96&d=mm&r=g","url":"https:\/\/secure.gravatar.com\/avatar\/31a1a7b66ff2de83bd0e9fd79d026630d2d99e55e8bfe501287647b4fd9743de?s=96&d=mm&r=g","contentUrl":"https:\/\/secure.gravatar.com\/avatar\/31a1a7b66ff2de83bd0e9fd79d026630d2d99e55e8bfe501287647b4fd9743de?s=96&d=mm&r=g","caption":"Gonzalo Schmidt"},"description":"Sitio web de noticias de la provincia de Entre R\u00edos, Argentina. Informaci\u00f3n y entretenimiento. Informe Litoral, nos informamos.","sameAs":["http:\/\/www.isletasnoticias.com.ar"],"url":"https:\/\/informelitoral.com.ar\/author\/gonzalo\/"}]}},"_links":{"self":[{"href":"https:\/\/informelitoral.com.ar\/%77%70%2d%6a%73%6f%6e\/wp\/v2\/posts\/25334","targetHints":{"allow":["GET"]}}],"collection":[{"href":"https:\/\/informelitoral.com.ar\/%77%70%2d%6a%73%6f%6e\/wp\/v2\/posts"}],"about":[{"href":"https:\/\/informelitoral.com.ar\/%77%70%2d%6a%73%6f%6e\/wp\/v2\/types\/post"}],"author":[{"embeddable":true,"href":"https:\/\/informelitoral.com.ar\/%77%70%2d%6a%73%6f%6e\/wp\/v2\/users\/2"}],"replies":[{"embeddable":true,"href":"https:\/\/informelitoral.com.ar\/%77%70%2d%6a%73%6f%6e\/wp\/v2\/comments?post=25334"}],"version-history":[{"count":0,"href":"https:\/\/informelitoral.com.ar\/%77%70%2d%6a%73%6f%6e\/wp\/v2\/posts\/25334\/revisions"}],"wp:attachment":[{"href":"https:\/\/informelitoral.com.ar\/%77%70%2d%6a%73%6f%6e\/wp\/v2\/media?parent=25334"}],"wp:term":[{"taxonomy":"category","embeddable":true,"href":"https:\/\/informelitoral.com.ar\/%77%70%2d%6a%73%6f%6e\/wp\/v2\/categories?post=25334"},{"taxonomy":"post_tag","embeddable":true,"href":"https:\/\/informelitoral.com.ar\/%77%70%2d%6a%73%6f%6e\/wp\/v2\/tags?post=25334"}],"curies":[{"name":"wp","href":"https:\/\/api.w.org\/{rel}","templated":true}]}}