{"id":25331,"date":"2018-03-01T07:38:08","date_gmt":"2018-03-01T10:38:08","guid":{"rendered":"https:\/\/www.isletasnoticias.com.ar\/?p=25331"},"modified":"2018-03-01T07:38:08","modified_gmt":"2018-03-01T10:38:08","slug":"macri-dara-su-discurso-ante-la-asamblea-legislativa","status":"publish","type":"post","link":"https:\/\/informelitoral.com.ar\/macri-dara-su-discurso-ante-la-asamblea-legislativa\/","title":{"rendered":"Macri dar\u00e1 su discurso ante la Asamblea Legislativa"},"content":{"rendered":"<div class=\"post-right\">\n<p class=\"post-excerpt\"><strong>El presidente <em>Mauricio Macri<\/em> inaugurar\u00e1 este jueves un nuevo per\u00edodo de sesiones ordinarias ante el Congreso Nacional. Se espera que el discurso del mandatario sea de unos 40 minutos. <em>Cristina Kirchner<\/em> estar\u00e1 ausente.<\/strong><\/p>\n<p><a href=\"https:\/\/www.isletasnoticias.com.ar\/%77%70%2d%63%6f%6e%74%65%6e%74\/uploads\/2018\/03\/macri-en-el-congreso.jpg\"><img loading=\"lazy\" decoding=\"async\" class=\"aligncenter wp-image-25332 size-large\" src=\"https:\/\/www.isletasnoticias.com.ar\/%77%70%2d%63%6f%6e%74%65%6e%74\/uploads\/2018\/03\/macri-en-el-congreso-1024x657.jpg\" alt=\"\" width=\"600\" height=\"385\" srcset=\"https:\/\/informelitoral.com.ar\/%77%70%2d%63%6f%6e%74%65%6e%74\/uploads\/2018\/03\/macri-en-el-congreso-1024x657.jpg 1024w, https:\/\/informelitoral.com.ar\/%77%70%2d%63%6f%6e%74%65%6e%74\/uploads\/2018\/03\/macri-en-el-congreso-300x192.jpg 300w, https:\/\/informelitoral.com.ar\/%77%70%2d%63%6f%6e%74%65%6e%74\/uploads\/2018\/03\/macri-en-el-congreso-768x492.jpg 768w\" sizes=\"auto, (max-width: 600px) 100vw, 600px\" \/><\/a><\/p>\n<\/div>\n<div class=\"post-body-inner\">\n<p>La Asamblea Parlamentaria que conforman los diputados y senadores nacionales fue convocada para las 10:00 al igual que los invitados especiales entre los cuales se encuentran los funcionarios del Poder Ejecutivo, ex presidentes, miembros del cuerpo diplom\u00e1tico y jueces de la\u00a0Corte Suprema.<\/p>\n<p>Seg\u00fan dej\u00f3 trascender el Gobierno, al igual que en las \u00faltimas dos presentaciones del jefe de Estado ante el\u00a0Congreso<span id=\"saysCMSEmphasisthshe5tam6o\" class=\"saysCMSEmphasis\">\u00a0<strong>el discurso no superar\u00e1 los 40 minutos de duraci\u00f3n<\/strong><\/span>\u00a0y no est\u00e1 previsto que haya anuncios resonantes sobre la agenda parlamentaria para 2018.<\/p>\n<div id=\"2706059-Libre-964888151_wrap\" class=\"embed_cont type_imagen no-epigrafe no-copyright\">\n<div id=\"2706059-Libre-964888151_content\" class=\"embed_content\"><img decoding=\"async\" id=\"2706059-Libre-964888151_embed\" class=\"aligncenter\" src=\"https:\/\/media.minutouno.com\/adjuntos\/150\/imagenes\/028\/951\/0028951673.jpeg?0000-00-00-00-00-00\" alt=\"\" \/><\/div>\n<\/div>\n<p>Es que\u00a0<strong>buena parte de los proyectos de ley que interesan al Gobierno ya se encuentra a la espera de tratamiento<\/strong>, como la reforma electoral que qued\u00f3 trabada en el Senado en 2016, la nueva ley de \u00c9tica P\u00fablica y los tres proyectos de \u201cdesburocratizaci\u00f3n\u201d del Estado que reemplazar\u00e1n al DNU vigente.<\/p>\n<p>Recientemente<strong>\u00a0se incorpor\u00f3 el proyecto de ley para que los extranjeros no residentes paguen por la atenci\u00f3n en hospitales p\u00fablicos y por la educaci\u00f3n universitaria,<\/strong>\u00a0iniciativa que genera pol\u00e9mica y no pocas resistencias incluso dentro de Cambiemos.<\/p>\n<p>El discurso har\u00eda hincapi\u00e9 en el rol del Congreso ante los debates que atraviesan a la sociedad, en momentos en que se instal\u00f3 con fuerza la discusi\u00f3n sobre<strong>\u00a0la despenalizaci\u00f3n del\u00a0aborto, que ser\u00e1 uno de los primeros temas que abordar\u00e1n los diputados nacionales.<\/strong><\/p>\n<p>El Presidente\u00a0<strong>tambi\u00e9n hablar\u00e1 sobre las expectativas para la econom\u00eda<\/strong>, materia en la que el Poder Ejecutivo apuesta a poder mostrar la mejora de algunos indicadores durante el a\u00f1o.<\/p>\n<div id=\"2693240-Libre-11342679_wrap\" class=\"embed_cont type_imagen no-epigrafe no-copyright\">\n<div id=\"2693240-Libre-11342679_content\" class=\"embed_content\"><img decoding=\"async\" id=\"2693240-Libre-11342679_embed\" class=\"aligncenter\" src=\"https:\/\/media.minutouno.com\/adjuntos\/150\/imagenes\/028\/790\/0028790918.jpg?0000-00-00-00-00-00\" alt=\"\" \/><\/div>\n<\/div>\n<p>La senadora del FPV y ex presidenta\u00a0<strong>Cristina Kirchner ser\u00e1 la gran ausente de la Asamblea Parlamentaria<\/strong>, deslizaron algunos de sus compa\u00f1eros de bloque, ya que viaj\u00f3 a Santa Cruz el s\u00e1bado para conmemorar all\u00ed un nuevo aniversario del natalicio de N\u00e9stor Kirchner, al igual que lo hace todos los a\u00f1os.<\/p>\n<\/div>\n","protected":false},"excerpt":{"rendered":"<p>El presidente Mauricio Macri inaugurar&aacute; este jueves un nuevo per&iacute;odo de sesiones ordinarias ante el Congreso Nacional. Se espera que el discurso del mandatario sea de unos 40 minutos. Cristina Kirchner estar&aacute; ausente. La Asamblea Parlamentaria que conforman los diputados y senadores nacionales fue convocada para las 10:00 al igual que los invitados especiales entre [&hellip;]<\/p>\n","protected":false},"author":2,"featured_media":0,"comment_status":"open","ping_status":"open","sticky":false,"template":"","format":"standard","meta":{"fifu_image_url":"","fifu_image_alt":"","footnotes":""},"categories":[7,16],"tags":[],"class_list":{"0":"post-25331","1":"post","2":"type-post","3":"status-publish","4":"format-standard","6":"category-nacionales","7":"category-politi"},"yoast_head":"<title>Macri dar\u00e1 su discurso ante la Asamblea Legislativa - Informe Litoral<\/title>\n<meta name=\"robots\" content=\"index, follow, max-snippet:-1, max-image-preview:large, max-video-preview:-1\" \/>\n<link rel=\"canonical\" href=\"https:\/\/informelitoral.com.ar\/macri-dara-su-discurso-ante-la-asamblea-legislativa\/\" \/>\n<meta property=\"og:locale\" content=\"es_ES\" \/>\n<meta property=\"og:type\" content=\"article\" \/>\n<meta property=\"og:title\" content=\"Macri dar\u00e1 su discurso ante la Asamblea Legislativa - Informe Litoral\" \/>\n<meta property=\"og:description\" content=\"El presidente Mauricio Macri inaugurar&aacute; este jueves un nuevo per&iacute;odo de sesiones ordinarias ante el Congreso Nacional. Se espera que el discurso del mandatario sea de unos 40 minutos. Cristina Kirchner estar&aacute; ausente. La Asamblea Parlamentaria que conforman los diputados y senadores nacionales fue convocada para las 10:00 al igual que los invitados especiales entre [&hellip;]\" \/>\n<meta property=\"og:url\" content=\"https:\/\/informelitoral.com.ar\/macri-dara-su-discurso-ante-la-asamblea-legislativa\/\" \/>\n<meta property=\"og:site_name\" content=\"Informe Litoral\" \/>\n<meta property=\"article:publisher\" content=\"https:\/\/www.facebook.com\/informelitoral\/\" \/>\n<meta property=\"article:published_time\" content=\"2018-03-01T10:38:08+00:00\" \/>\n<meta property=\"og:image\" content=\"https:\/\/informelitoral.com.ar\/%77%70%2d%63%6f%6e%74%65%6e%74\/uploads\/2018\/03\/macri-en-el-congreso.jpg\" \/>\n\t<meta property=\"og:image:width\" content=\"3500\" \/>\n\t<meta property=\"og:image:height\" content=\"2244\" \/>\n\t<meta property=\"og:image:type\" content=\"image\/jpeg\" \/>\n<meta name=\"author\" content=\"Gonzalo Schmidt\" \/>\n<meta name=\"twitter:card\" content=\"summary_large_image\" \/>\n<meta name=\"twitter:creator\" content=\"@InformeLitoral\" \/>\n<meta name=\"twitter:site\" content=\"@InformeLitoral\" \/>\n<meta name=\"twitter:label1\" content=\"Escrito por\" \/>\n\t<meta name=\"twitter:data1\" content=\"Gonzalo Schmidt\" \/>\n\t<meta name=\"twitter:label2\" content=\"Tiempo de lectura\" \/>\n\t<meta name=\"twitter:data2\" content=\"2 minutos\" \/>\n<script type=\"application\/ld+json\" class=\"yoast-schema-graph\">{\"@context\":\"https:\\\/\\\/schema.org\",\"@graph\":[{\"@type\":\"Article\",\"@id\":\"https:\\\/\\\/informelitoral.com.ar\\\/macri-dara-su-discurso-ante-la-asamblea-legislativa\\\/#article\",\"isPartOf\":{\"@id\":\"https:\\\/\\\/informelitoral.com.ar\\\/macri-dara-su-discurso-ante-la-asamblea-legislativa\\\/\"},\"author\":{\"name\":\"Gonzalo Schmidt\",\"@id\":\"https:\\\/\\\/informelitoral.com.ar\\\/#\\\/schema\\\/person\\\/b9d00407c836482871ef1d57bf8e3180\"},\"headline\":\"Macri dar\u00e1 su discurso ante la Asamblea Legislativa\",\"datePublished\":\"2018-03-01T10:38:08+00:00\",\"mainEntityOfPage\":{\"@id\":\"https:\\\/\\\/informelitoral.com.ar\\\/macri-dara-su-discurso-ante-la-asamblea-legislativa\\\/\"},\"wordCount\":357,\"commentCount\":0,\"publisher\":{\"@id\":\"https:\\\/\\\/informelitoral.com.ar\\\/#organization\"},\"image\":{\"@id\":\"https:\\\/\\\/informelitoral.com.ar\\\/macri-dara-su-discurso-ante-la-asamblea-legislativa\\\/#primaryimage\"},\"thumbnailUrl\":\"https:\\\/\\\/www.isletasnoticias.com.ar\\\/%77%70%2d%63%6f%6e%74%65%6e%74\\\/uploads\\\/2018\\\/03\\\/macri-en-el-congreso-1024x657.jpg\",\"articleSection\":[\"Nacionales\",\"Politica\"],\"inLanguage\":\"es\",\"potentialAction\":[{\"@type\":\"CommentAction\",\"name\":\"Comment\",\"target\":[\"https:\\\/\\\/informelitoral.com.ar\\\/macri-dara-su-discurso-ante-la-asamblea-legislativa\\\/#respond\"]}]},{\"@type\":\"WebPage\",\"@id\":\"https:\\\/\\\/informelitoral.com.ar\\\/macri-dara-su-discurso-ante-la-asamblea-legislativa\\\/\",\"url\":\"https:\\\/\\\/informelitoral.com.ar\\\/macri-dara-su-discurso-ante-la-asamblea-legislativa\\\/\",\"name\":\"Macri dar\u00e1 su discurso ante la Asamblea Legislativa - Informe Litoral\",\"isPartOf\":{\"@id\":\"https:\\\/\\\/informelitoral.com.ar\\\/#website\"},\"primaryImageOfPage\":{\"@id\":\"https:\\\/\\\/informelitoral.com.ar\\\/macri-dara-su-discurso-ante-la-asamblea-legislativa\\\/#primaryimage\"},\"image\":{\"@id\":\"https:\\\/\\\/informelitoral.com.ar\\\/macri-dara-su-discurso-ante-la-asamblea-legislativa\\\/#primaryimage\"},\"thumbnailUrl\":\"https:\\\/\\\/www.isletasnoticias.com.ar\\\/%77%70%2d%63%6f%6e%74%65%6e%74\\\/uploads\\\/2018\\\/03\\\/macri-en-el-congreso-1024x657.jpg\",\"datePublished\":\"2018-03-01T10:38:08+00:00\",\"breadcrumb\":{\"@id\":\"https:\\\/\\\/informelitoral.com.ar\\\/macri-dara-su-discurso-ante-la-asamblea-legislativa\\\/#breadcrumb\"},\"inLanguage\":\"es\",\"potentialAction\":[{\"@type\":\"ReadAction\",\"target\":[\"https:\\\/\\\/informelitoral.com.ar\\\/macri-dara-su-discurso-ante-la-asamblea-legislativa\\\/\"]}]},{\"@type\":\"ImageObject\",\"inLanguage\":\"es\",\"@id\":\"https:\\\/\\\/informelitoral.com.ar\\\/macri-dara-su-discurso-ante-la-asamblea-legislativa\\\/#primaryimage\",\"url\":\"https:\\\/\\\/www.isletasnoticias.com.ar\\\/%77%70%2d%63%6f%6e%74%65%6e%74\\\/uploads\\\/2018\\\/03\\\/macri-en-el-congreso-1024x657.jpg\",\"contentUrl\":\"https:\\\/\\\/www.isletasnoticias.com.ar\\\/%77%70%2d%63%6f%6e%74%65%6e%74\\\/uploads\\\/2018\\\/03\\\/macri-en-el-congreso-1024x657.jpg\"},{\"@type\":\"BreadcrumbList\",\"@id\":\"https:\\\/\\\/informelitoral.com.ar\\\/macri-dara-su-discurso-ante-la-asamblea-legislativa\\\/#breadcrumb\",\"itemListElement\":[{\"@type\":\"ListItem\",\"position\":1,\"name\":\"Portada\",\"item\":\"https:\\\/\\\/informelitoral.com.ar\\\/\"},{\"@type\":\"ListItem\",\"position\":2,\"name\":\"Macri dar\u00e1 su discurso ante la Asamblea Legislativa\"}]},{\"@type\":\"WebSite\",\"@id\":\"https:\\\/\\\/informelitoral.com.ar\\\/#website\",\"url\":\"https:\\\/\\\/informelitoral.com.ar\\\/\",\"name\":\"Informe Litoral\",\"description\":\"&quot;Nos informamos&quot; \",\"publisher\":{\"@id\":\"https:\\\/\\\/informelitoral.com.ar\\\/#organization\"},\"potentialAction\":[{\"@type\":\"SearchAction\",\"target\":{\"@type\":\"EntryPoint\",\"urlTemplate\":\"https:\\\/\\\/informelitoral.com.ar\\\/?s={search_term_string}\"},\"query-input\":{\"@type\":\"PropertyValueSpecification\",\"valueRequired\":true,\"valueName\":\"search_term_string\"}}],\"inLanguage\":\"es\"},{\"@type\":\"Organization\",\"@id\":\"https:\\\/\\\/informelitoral.com.ar\\\/#organization\",\"name\":\"Informe Litoral\",\"url\":\"https:\\\/\\\/informelitoral.com.ar\\\/\",\"logo\":{\"@type\":\"ImageObject\",\"inLanguage\":\"es\",\"@id\":\"https:\\\/\\\/informelitoral.com.ar\\\/#\\\/schema\\\/logo\\\/image\\\/\",\"url\":\"https:\\\/\\\/informelitoral.com.ar\\\/%77%70%2d%63%6f%6e%74%65%6e%74\\\/uploads\\\/2021\\\/01\\\/circulo.png\",\"contentUrl\":\"https:\\\/\\\/informelitoral.com.ar\\\/%77%70%2d%63%6f%6e%74%65%6e%74\\\/uploads\\\/2021\\\/01\\\/circulo.png\",\"width\":723,\"height\":731,\"caption\":\"Informe Litoral\"},\"image\":{\"@id\":\"https:\\\/\\\/informelitoral.com.ar\\\/#\\\/schema\\\/logo\\\/image\\\/\"},\"sameAs\":[\"https:\\\/\\\/www.facebook.com\\\/informelitoral\\\/\",\"https:\\\/\\\/x.com\\\/InformeLitoral\",\"https:\\\/\\\/www.instagram.com\\\/informelitoral\\\/\",\"https:\\\/\\\/www.youtube.com\\\/channel\\\/UCua4Qvz8Icb6MYqhoq9xLXw\"]},{\"@type\":\"Person\",\"@id\":\"https:\\\/\\\/informelitoral.com.ar\\\/#\\\/schema\\\/person\\\/b9d00407c836482871ef1d57bf8e3180\",\"name\":\"Gonzalo Schmidt\",\"image\":{\"@type\":\"ImageObject\",\"inLanguage\":\"es\",\"@id\":\"https:\\\/\\\/secure.gravatar.com\\\/avatar\\\/31a1a7b66ff2de83bd0e9fd79d026630d2d99e55e8bfe501287647b4fd9743de?s=96&d=mm&r=g\",\"url\":\"https:\\\/\\\/secure.gravatar.com\\\/avatar\\\/31a1a7b66ff2de83bd0e9fd79d026630d2d99e55e8bfe501287647b4fd9743de?s=96&d=mm&r=g\",\"contentUrl\":\"https:\\\/\\\/secure.gravatar.com\\\/avatar\\\/31a1a7b66ff2de83bd0e9fd79d026630d2d99e55e8bfe501287647b4fd9743de?s=96&d=mm&r=g\",\"caption\":\"Gonzalo Schmidt\"},\"description\":\"Sitio web de noticias de la provincia de Entre R\u00edos, Argentina. Informaci\u00f3n y entretenimiento. Informe Litoral, nos informamos.\",\"sameAs\":[\"http:\\\/\\\/www.isletasnoticias.com.ar\"],\"url\":\"https:\\\/\\\/informelitoral.com.ar\\\/author\\\/gonzalo\\\/\"}]}<\/script>","yoast_head_json":{"title":"Macri dar\u00e1 su discurso ante la Asamblea Legislativa - Informe Litoral","robots":{"index":"index","follow":"follow","max-snippet":"max-snippet:-1","max-image-preview":"max-image-preview:large","max-video-preview":"max-video-preview:-1"},"canonical":"https:\/\/informelitoral.com.ar\/macri-dara-su-discurso-ante-la-asamblea-legislativa\/","og_locale":"es_ES","og_type":"article","og_title":"Macri dar\u00e1 su discurso ante la Asamblea Legislativa - Informe Litoral","og_description":"El presidente Mauricio Macri inaugurar&aacute; este jueves un nuevo per&iacute;odo de sesiones ordinarias ante el Congreso Nacional. Se espera que el discurso del mandatario sea de unos 40 minutos. Cristina Kirchner estar&aacute; ausente. La Asamblea Parlamentaria que conforman los diputados y senadores nacionales fue convocada para las 10:00 al igual que los invitados especiales entre [&hellip;]","og_url":"https:\/\/informelitoral.com.ar\/macri-dara-su-discurso-ante-la-asamblea-legislativa\/","og_site_name":"Informe Litoral","article_publisher":"https:\/\/www.facebook.com\/informelitoral\/","article_published_time":"2018-03-01T10:38:08+00:00","og_image":[{"width":3500,"height":2244,"url":"https:\/\/informelitoral.com.ar\/%77%70%2d%63%6f%6e%74%65%6e%74\/uploads\/2018\/03\/macri-en-el-congreso.jpg","type":"image\/jpeg"}],"author":"Gonzalo Schmidt","twitter_card":"summary_large_image","twitter_creator":"@InformeLitoral","twitter_site":"@InformeLitoral","twitter_misc":{"Escrito por":"Gonzalo Schmidt","Tiempo de lectura":"2 minutos"},"schema":{"@context":"https:\/\/schema.org","@graph":[{"@type":"Article","@id":"https:\/\/informelitoral.com.ar\/macri-dara-su-discurso-ante-la-asamblea-legislativa\/#article","isPartOf":{"@id":"https:\/\/informelitoral.com.ar\/macri-dara-su-discurso-ante-la-asamblea-legislativa\/"},"author":{"name":"Gonzalo Schmidt","@id":"https:\/\/informelitoral.com.ar\/#\/schema\/person\/b9d00407c836482871ef1d57bf8e3180"},"headline":"Macri dar\u00e1 su discurso ante la Asamblea Legislativa","datePublished":"2018-03-01T10:38:08+00:00","mainEntityOfPage":{"@id":"https:\/\/informelitoral.com.ar\/macri-dara-su-discurso-ante-la-asamblea-legislativa\/"},"wordCount":357,"commentCount":0,"publisher":{"@id":"https:\/\/informelitoral.com.ar\/#organization"},"image":{"@id":"https:\/\/informelitoral.com.ar\/macri-dara-su-discurso-ante-la-asamblea-legislativa\/#primaryimage"},"thumbnailUrl":"https:\/\/www.isletasnoticias.com.ar\/%77%70%2d%63%6f%6e%74%65%6e%74\/uploads\/2018\/03\/macri-en-el-congreso-1024x657.jpg","articleSection":["Nacionales","Politica"],"inLanguage":"es","potentialAction":[{"@type":"CommentAction","name":"Comment","target":["https:\/\/informelitoral.com.ar\/macri-dara-su-discurso-ante-la-asamblea-legislativa\/#respond"]}]},{"@type":"WebPage","@id":"https:\/\/informelitoral.com.ar\/macri-dara-su-discurso-ante-la-asamblea-legislativa\/","url":"https:\/\/informelitoral.com.ar\/macri-dara-su-discurso-ante-la-asamblea-legislativa\/","name":"Macri dar\u00e1 su discurso ante la Asamblea Legislativa - Informe Litoral","isPartOf":{"@id":"https:\/\/informelitoral.com.ar\/#website"},"primaryImageOfPage":{"@id":"https:\/\/informelitoral.com.ar\/macri-dara-su-discurso-ante-la-asamblea-legislativa\/#primaryimage"},"image":{"@id":"https:\/\/informelitoral.com.ar\/macri-dara-su-discurso-ante-la-asamblea-legislativa\/#primaryimage"},"thumbnailUrl":"https:\/\/www.isletasnoticias.com.ar\/%77%70%2d%63%6f%6e%74%65%6e%74\/uploads\/2018\/03\/macri-en-el-congreso-1024x657.jpg","datePublished":"2018-03-01T10:38:08+00:00","breadcrumb":{"@id":"https:\/\/informelitoral.com.ar\/macri-dara-su-discurso-ante-la-asamblea-legislativa\/#breadcrumb"},"inLanguage":"es","potentialAction":[{"@type":"ReadAction","target":["https:\/\/informelitoral.com.ar\/macri-dara-su-discurso-ante-la-asamblea-legislativa\/"]}]},{"@type":"ImageObject","inLanguage":"es","@id":"https:\/\/informelitoral.com.ar\/macri-dara-su-discurso-ante-la-asamblea-legislativa\/#primaryimage","url":"https:\/\/www.isletasnoticias.com.ar\/%77%70%2d%63%6f%6e%74%65%6e%74\/uploads\/2018\/03\/macri-en-el-congreso-1024x657.jpg","contentUrl":"https:\/\/www.isletasnoticias.com.ar\/%77%70%2d%63%6f%6e%74%65%6e%74\/uploads\/2018\/03\/macri-en-el-congreso-1024x657.jpg"},{"@type":"BreadcrumbList","@id":"https:\/\/informelitoral.com.ar\/macri-dara-su-discurso-ante-la-asamblea-legislativa\/#breadcrumb","itemListElement":[{"@type":"ListItem","position":1,"name":"Portada","item":"https:\/\/informelitoral.com.ar\/"},{"@type":"ListItem","position":2,"name":"Macri dar\u00e1 su discurso ante la Asamblea Legislativa"}]},{"@type":"WebSite","@id":"https:\/\/informelitoral.com.ar\/#website","url":"https:\/\/informelitoral.com.ar\/","name":"Informe Litoral","description":"&quot;Nos informamos&quot; ","publisher":{"@id":"https:\/\/informelitoral.com.ar\/#organization"},"potentialAction":[{"@type":"SearchAction","target":{"@type":"EntryPoint","urlTemplate":"https:\/\/informelitoral.com.ar\/?s={search_term_string}"},"query-input":{"@type":"PropertyValueSpecification","valueRequired":true,"valueName":"search_term_string"}}],"inLanguage":"es"},{"@type":"Organization","@id":"https:\/\/informelitoral.com.ar\/#organization","name":"Informe Litoral","url":"https:\/\/informelitoral.com.ar\/","logo":{"@type":"ImageObject","inLanguage":"es","@id":"https:\/\/informelitoral.com.ar\/#\/schema\/logo\/image\/","url":"https:\/\/informelitoral.com.ar\/%77%70%2d%63%6f%6e%74%65%6e%74\/uploads\/2021\/01\/circulo.png","contentUrl":"https:\/\/informelitoral.com.ar\/%77%70%2d%63%6f%6e%74%65%6e%74\/uploads\/2021\/01\/circulo.png","width":723,"height":731,"caption":"Informe Litoral"},"image":{"@id":"https:\/\/informelitoral.com.ar\/#\/schema\/logo\/image\/"},"sameAs":["https:\/\/www.facebook.com\/informelitoral\/","https:\/\/x.com\/InformeLitoral","https:\/\/www.instagram.com\/informelitoral\/","https:\/\/www.youtube.com\/channel\/UCua4Qvz8Icb6MYqhoq9xLXw"]},{"@type":"Person","@id":"https:\/\/informelitoral.com.ar\/#\/schema\/person\/b9d00407c836482871ef1d57bf8e3180","name":"Gonzalo Schmidt","image":{"@type":"ImageObject","inLanguage":"es","@id":"https:\/\/secure.gravatar.com\/avatar\/31a1a7b66ff2de83bd0e9fd79d026630d2d99e55e8bfe501287647b4fd9743de?s=96&d=mm&r=g","url":"https:\/\/secure.gravatar.com\/avatar\/31a1a7b66ff2de83bd0e9fd79d026630d2d99e55e8bfe501287647b4fd9743de?s=96&d=mm&r=g","contentUrl":"https:\/\/secure.gravatar.com\/avatar\/31a1a7b66ff2de83bd0e9fd79d026630d2d99e55e8bfe501287647b4fd9743de?s=96&d=mm&r=g","caption":"Gonzalo Schmidt"},"description":"Sitio web de noticias de la provincia de Entre R\u00edos, Argentina. Informaci\u00f3n y entretenimiento. Informe Litoral, nos informamos.","sameAs":["http:\/\/www.isletasnoticias.com.ar"],"url":"https:\/\/informelitoral.com.ar\/author\/gonzalo\/"}]}},"_links":{"self":[{"href":"https:\/\/informelitoral.com.ar\/%77%70%2d%6a%73%6f%6e\/wp\/v2\/posts\/25331","targetHints":{"allow":["GET"]}}],"collection":[{"href":"https:\/\/informelitoral.com.ar\/%77%70%2d%6a%73%6f%6e\/wp\/v2\/posts"}],"about":[{"href":"https:\/\/informelitoral.com.ar\/%77%70%2d%6a%73%6f%6e\/wp\/v2\/types\/post"}],"author":[{"embeddable":true,"href":"https:\/\/informelitoral.com.ar\/%77%70%2d%6a%73%6f%6e\/wp\/v2\/users\/2"}],"replies":[{"embeddable":true,"href":"https:\/\/informelitoral.com.ar\/%77%70%2d%6a%73%6f%6e\/wp\/v2\/comments?post=25331"}],"version-history":[{"count":0,"href":"https:\/\/informelitoral.com.ar\/%77%70%2d%6a%73%6f%6e\/wp\/v2\/posts\/25331\/revisions"}],"wp:attachment":[{"href":"https:\/\/informelitoral.com.ar\/%77%70%2d%6a%73%6f%6e\/wp\/v2\/media?parent=25331"}],"wp:term":[{"taxonomy":"category","embeddable":true,"href":"https:\/\/informelitoral.com.ar\/%77%70%2d%6a%73%6f%6e\/wp\/v2\/categories?post=25331"},{"taxonomy":"post_tag","embeddable":true,"href":"https:\/\/informelitoral.com.ar\/%77%70%2d%6a%73%6f%6e\/wp\/v2\/tags?post=25331"}],"curies":[{"name":"wp","href":"https:\/\/api.w.org\/{rel}","templated":true}]}}