{"id":25325,"date":"2018-03-01T07:33:23","date_gmt":"2018-03-01T10:33:23","guid":{"rendered":"https:\/\/www.isletasnoticias.com.ar\/?p=25325"},"modified":"2018-03-01T07:33:23","modified_gmt":"2018-03-01T10:33:23","slug":"marcha-atras-bolivia-atendera-gratuitamente-a-argentinos","status":"publish","type":"post","link":"https:\/\/informelitoral.com.ar\/marcha-atras-bolivia-atendera-gratuitamente-a-argentinos\/","title":{"rendered":"Marcha atr\u00e1s: Bolivia atender\u00e1 gratuitamente a argentinos"},"content":{"rendered":"<div class=\"post-right\">\n<p class=\"post-excerpt\"><strong>Tras la pol\u00e9mica surgida en los \u00faltimos d\u00edas, Bolivia comunic\u00f3 por medio de su canciller que aplicar\u00e1 el convenio de reciprocidad. As\u00ed como Argentina da atenci\u00f3n gratuita a extranjeros; su pa\u00eds har\u00e1 lo mismo.<a href=\"https:\/\/www.isletasnoticias.com.ar\/%77%70%2d%63%6f%6e%74%65%6e%74\/uploads\/2018\/03\/MACRI-Y-MORALES.jpg\"><img loading=\"lazy\" decoding=\"async\" class=\"aligncenter wp-image-25326 size-full\" src=\"https:\/\/www.isletasnoticias.com.ar\/%77%70%2d%63%6f%6e%74%65%6e%74\/uploads\/2018\/03\/MACRI-Y-MORALES.jpg\" alt=\"\" width=\"700\" height=\"461\" srcset=\"https:\/\/informelitoral.com.ar\/%77%70%2d%63%6f%6e%74%65%6e%74\/uploads\/2018\/03\/MACRI-Y-MORALES.jpg 700w, https:\/\/informelitoral.com.ar\/%77%70%2d%63%6f%6e%74%65%6e%74\/uploads\/2018\/03\/MACRI-Y-MORALES-300x198.jpg 300w\" sizes=\"auto, (max-width: 700px) 100vw, 700px\" \/><\/a><\/strong><\/p>\n<\/div>\n<div class=\"post-body-inner\">\n<p>Luego de surgida la pol\u00e9mica en Argentina por una\u00a0negaci\u00f3n por parte de Bolivia para aplicar un convenio de reciprocidad\u00a0en cuanto a la atenci\u00f3n sanitaria, el\u00a0<a href=\"https:\/\/www.isletasnoticias.com.ar\/?p=25268\"><strong>gobierno boliviano cambi\u00f3 su postura<\/strong><\/a>. Este mi\u00e9rcoles, el\u00a0<strong>canciller de Evo Morales<\/strong>,\u00a0<strong>Fernando Huanacuni<\/strong>\u00a0comunic\u00f3 a los medios que en su pa\u00eds se aplicar\u00e1 lo planteado por el gobierno de Mauricio Macri.<\/p>\n<p>Se trata de un convenio por el cual\u00a0<strong>tanto en Argentina como en Bolivia se brindar\u00e1 servicio de salud gratuito al visitante extranjero<\/strong>\u00a0-en nuestro pa\u00eds ya existe de esa manera debido a que es constitucional-.<\/p>\n<p>Para cumplir con esto, el\u00a0<strong>gobierno de Morales deber\u00e1 cambiar normas<\/strong>\u00a0que establezcan la reciprocidad sanitaria con Argentina. Lo que buscaba el gobierno argentino con este pedido es que los\u00a0<strong>ciudadanos de nuestro pa\u00eds puedan atenderse con las mismas condiciones que los bolivianos lo hacen en Argentina<\/strong>.<\/p>\n<p>Huanacuni aclar\u00f3: \u201c<strong>Se har\u00e1 una adecuaci\u00f3n de nuestra norma interna<\/strong>\u00a0para otorgar atenci\u00f3n en reciprocidad, para que ciudadanos argentinos gocen de los mismos derechos que los bolivianos en nuestro territorio\u201d.<\/p>\n<p>Toda la problem\u00e1tica surgi\u00f3 cuando el\u00a0<strong>ministro de Salud de Jujuy<\/strong>,\u00a0<strong>Gustavo Bohuid<\/strong>\u00a0expres\u00f3 que\u00a0<strong>quer\u00edan cobrarles a los extranjeros no residentes<\/strong>\u00a0que se atiendan en hospitales de la provincia. Esto hizo crecer la tensi\u00f3n bilateral ya que desde Bolivia hab\u00edan manifestado que no pod\u00eda aplicarse la reciprocidad al tratamiento de argentinos. Con esta nueva postura del gobierno de Evo Morales, la situaci\u00f3n se dirige rumbo a un acuerdo.<\/p>\n<\/div>\n","protected":false},"excerpt":{"rendered":"<p>Tras la pol&eacute;mica surgida en los &uacute;ltimos d&iacute;as, Bolivia comunic&oacute; por medio de su canciller que aplicar&aacute; el convenio de reciprocidad. As&iacute; como Argentina da atenci&oacute;n gratuita a extranjeros; su pa&iacute;s har&aacute; lo mismo. Luego de surgida la pol&eacute;mica en Argentina por una&nbsp;negaci&oacute;n por parte de Bolivia para aplicar un convenio de reciprocidad&nbsp;en cuanto a [&hellip;]<\/p>\n","protected":false},"author":2,"featured_media":0,"comment_status":"open","ping_status":"open","sticky":false,"template":"","format":"standard","meta":{"fifu_image_url":"","fifu_image_alt":"","footnotes":""},"categories":[8],"tags":[],"class_list":{"0":"post-25325","1":"post","2":"type-post","3":"status-publish","4":"format-standard","6":"category-internacionales"},"yoast_head":"<title>Marcha atr\u00e1s: Bolivia atender\u00e1 gratuitamente a argentinos - Informe Litoral<\/title>\n<meta name=\"robots\" content=\"index, follow, max-snippet:-1, max-image-preview:large, max-video-preview:-1\" \/>\n<link rel=\"canonical\" href=\"https:\/\/informelitoral.com.ar\/marcha-atras-bolivia-atendera-gratuitamente-a-argentinos\/\" \/>\n<meta property=\"og:locale\" content=\"es_ES\" \/>\n<meta property=\"og:type\" content=\"article\" \/>\n<meta property=\"og:title\" content=\"Marcha atr\u00e1s: Bolivia atender\u00e1 gratuitamente a argentinos - Informe Litoral\" \/>\n<meta property=\"og:description\" content=\"Tras la pol&eacute;mica surgida en los &uacute;ltimos d&iacute;as, Bolivia comunic&oacute; por medio de su canciller que aplicar&aacute; el convenio de reciprocidad. As&iacute; como Argentina da atenci&oacute;n gratuita a extranjeros; su pa&iacute;s har&aacute; lo mismo. Luego de surgida la pol&eacute;mica en Argentina por una&nbsp;negaci&oacute;n por parte de Bolivia para aplicar un convenio de reciprocidad&nbsp;en cuanto a [&hellip;]\" \/>\n<meta property=\"og:url\" content=\"https:\/\/informelitoral.com.ar\/marcha-atras-bolivia-atendera-gratuitamente-a-argentinos\/\" \/>\n<meta property=\"og:site_name\" content=\"Informe Litoral\" \/>\n<meta property=\"article:publisher\" content=\"https:\/\/www.facebook.com\/informelitoral\/\" \/>\n<meta property=\"article:published_time\" content=\"2018-03-01T10:33:23+00:00\" \/>\n<meta property=\"og:image\" content=\"https:\/\/informelitoral.com.ar\/%77%70%2d%63%6f%6e%74%65%6e%74\/uploads\/2018\/03\/MACRI-Y-MORALES.jpg\" \/>\n\t<meta property=\"og:image:width\" content=\"700\" \/>\n\t<meta property=\"og:image:height\" content=\"461\" \/>\n\t<meta property=\"og:image:type\" content=\"image\/jpeg\" \/>\n<meta name=\"author\" content=\"Gonzalo Schmidt\" \/>\n<meta name=\"twitter:card\" content=\"summary_large_image\" \/>\n<meta name=\"twitter:creator\" content=\"@InformeLitoral\" \/>\n<meta name=\"twitter:site\" content=\"@InformeLitoral\" \/>\n<meta name=\"twitter:label1\" content=\"Escrito por\" \/>\n\t<meta name=\"twitter:data1\" content=\"Gonzalo Schmidt\" \/>\n\t<meta name=\"twitter:label2\" content=\"Tiempo de lectura\" \/>\n\t<meta name=\"twitter:data2\" content=\"1 minuto\" \/>\n<script type=\"application\/ld+json\" class=\"yoast-schema-graph\">{\"@context\":\"https:\\\/\\\/schema.org\",\"@graph\":[{\"@type\":\"Article\",\"@id\":\"https:\\\/\\\/informelitoral.com.ar\\\/marcha-atras-bolivia-atendera-gratuitamente-a-argentinos\\\/#article\",\"isPartOf\":{\"@id\":\"https:\\\/\\\/informelitoral.com.ar\\\/marcha-atras-bolivia-atendera-gratuitamente-a-argentinos\\\/\"},\"author\":{\"name\":\"Gonzalo Schmidt\",\"@id\":\"https:\\\/\\\/informelitoral.com.ar\\\/#\\\/schema\\\/person\\\/b9d00407c836482871ef1d57bf8e3180\"},\"headline\":\"Marcha atr\u00e1s: Bolivia atender\u00e1 gratuitamente a argentinos\",\"datePublished\":\"2018-03-01T10:33:23+00:00\",\"mainEntityOfPage\":{\"@id\":\"https:\\\/\\\/informelitoral.com.ar\\\/marcha-atras-bolivia-atendera-gratuitamente-a-argentinos\\\/\"},\"wordCount\":302,\"commentCount\":0,\"publisher\":{\"@id\":\"https:\\\/\\\/informelitoral.com.ar\\\/#organization\"},\"image\":{\"@id\":\"https:\\\/\\\/informelitoral.com.ar\\\/marcha-atras-bolivia-atendera-gratuitamente-a-argentinos\\\/#primaryimage\"},\"thumbnailUrl\":\"https:\\\/\\\/www.isletasnoticias.com.ar\\\/%77%70%2d%63%6f%6e%74%65%6e%74\\\/uploads\\\/2018\\\/03\\\/MACRI-Y-MORALES.jpg\",\"articleSection\":[\"Internacionales\"],\"inLanguage\":\"es\",\"potentialAction\":[{\"@type\":\"CommentAction\",\"name\":\"Comment\",\"target\":[\"https:\\\/\\\/informelitoral.com.ar\\\/marcha-atras-bolivia-atendera-gratuitamente-a-argentinos\\\/#respond\"]}]},{\"@type\":\"WebPage\",\"@id\":\"https:\\\/\\\/informelitoral.com.ar\\\/marcha-atras-bolivia-atendera-gratuitamente-a-argentinos\\\/\",\"url\":\"https:\\\/\\\/informelitoral.com.ar\\\/marcha-atras-bolivia-atendera-gratuitamente-a-argentinos\\\/\",\"name\":\"Marcha atr\u00e1s: Bolivia atender\u00e1 gratuitamente a argentinos - Informe Litoral\",\"isPartOf\":{\"@id\":\"https:\\\/\\\/informelitoral.com.ar\\\/#website\"},\"primaryImageOfPage\":{\"@id\":\"https:\\\/\\\/informelitoral.com.ar\\\/marcha-atras-bolivia-atendera-gratuitamente-a-argentinos\\\/#primaryimage\"},\"image\":{\"@id\":\"https:\\\/\\\/informelitoral.com.ar\\\/marcha-atras-bolivia-atendera-gratuitamente-a-argentinos\\\/#primaryimage\"},\"thumbnailUrl\":\"https:\\\/\\\/www.isletasnoticias.com.ar\\\/%77%70%2d%63%6f%6e%74%65%6e%74\\\/uploads\\\/2018\\\/03\\\/MACRI-Y-MORALES.jpg\",\"datePublished\":\"2018-03-01T10:33:23+00:00\",\"breadcrumb\":{\"@id\":\"https:\\\/\\\/informelitoral.com.ar\\\/marcha-atras-bolivia-atendera-gratuitamente-a-argentinos\\\/#breadcrumb\"},\"inLanguage\":\"es\",\"potentialAction\":[{\"@type\":\"ReadAction\",\"target\":[\"https:\\\/\\\/informelitoral.com.ar\\\/marcha-atras-bolivia-atendera-gratuitamente-a-argentinos\\\/\"]}]},{\"@type\":\"ImageObject\",\"inLanguage\":\"es\",\"@id\":\"https:\\\/\\\/informelitoral.com.ar\\\/marcha-atras-bolivia-atendera-gratuitamente-a-argentinos\\\/#primaryimage\",\"url\":\"https:\\\/\\\/www.isletasnoticias.com.ar\\\/%77%70%2d%63%6f%6e%74%65%6e%74\\\/uploads\\\/2018\\\/03\\\/MACRI-Y-MORALES.jpg\",\"contentUrl\":\"https:\\\/\\\/www.isletasnoticias.com.ar\\\/%77%70%2d%63%6f%6e%74%65%6e%74\\\/uploads\\\/2018\\\/03\\\/MACRI-Y-MORALES.jpg\"},{\"@type\":\"BreadcrumbList\",\"@id\":\"https:\\\/\\\/informelitoral.com.ar\\\/marcha-atras-bolivia-atendera-gratuitamente-a-argentinos\\\/#breadcrumb\",\"itemListElement\":[{\"@type\":\"ListItem\",\"position\":1,\"name\":\"Portada\",\"item\":\"https:\\\/\\\/informelitoral.com.ar\\\/\"},{\"@type\":\"ListItem\",\"position\":2,\"name\":\"Marcha atr\u00e1s: Bolivia atender\u00e1 gratuitamente a argentinos\"}]},{\"@type\":\"WebSite\",\"@id\":\"https:\\\/\\\/informelitoral.com.ar\\\/#website\",\"url\":\"https:\\\/\\\/informelitoral.com.ar\\\/\",\"name\":\"Informe Litoral\",\"description\":\"&quot;Nos informamos&quot; \",\"publisher\":{\"@id\":\"https:\\\/\\\/informelitoral.com.ar\\\/#organization\"},\"potentialAction\":[{\"@type\":\"SearchAction\",\"target\":{\"@type\":\"EntryPoint\",\"urlTemplate\":\"https:\\\/\\\/informelitoral.com.ar\\\/?s={search_term_string}\"},\"query-input\":{\"@type\":\"PropertyValueSpecification\",\"valueRequired\":true,\"valueName\":\"search_term_string\"}}],\"inLanguage\":\"es\"},{\"@type\":\"Organization\",\"@id\":\"https:\\\/\\\/informelitoral.com.ar\\\/#organization\",\"name\":\"Informe Litoral\",\"url\":\"https:\\\/\\\/informelitoral.com.ar\\\/\",\"logo\":{\"@type\":\"ImageObject\",\"inLanguage\":\"es\",\"@id\":\"https:\\\/\\\/informelitoral.com.ar\\\/#\\\/schema\\\/logo\\\/image\\\/\",\"url\":\"https:\\\/\\\/informelitoral.com.ar\\\/%77%70%2d%63%6f%6e%74%65%6e%74\\\/uploads\\\/2021\\\/01\\\/circulo.png\",\"contentUrl\":\"https:\\\/\\\/informelitoral.com.ar\\\/%77%70%2d%63%6f%6e%74%65%6e%74\\\/uploads\\\/2021\\\/01\\\/circulo.png\",\"width\":723,\"height\":731,\"caption\":\"Informe Litoral\"},\"image\":{\"@id\":\"https:\\\/\\\/informelitoral.com.ar\\\/#\\\/schema\\\/logo\\\/image\\\/\"},\"sameAs\":[\"https:\\\/\\\/www.facebook.com\\\/informelitoral\\\/\",\"https:\\\/\\\/x.com\\\/InformeLitoral\",\"https:\\\/\\\/www.instagram.com\\\/informelitoral\\\/\",\"https:\\\/\\\/www.youtube.com\\\/channel\\\/UCua4Qvz8Icb6MYqhoq9xLXw\"]},{\"@type\":\"Person\",\"@id\":\"https:\\\/\\\/informelitoral.com.ar\\\/#\\\/schema\\\/person\\\/b9d00407c836482871ef1d57bf8e3180\",\"name\":\"Gonzalo Schmidt\",\"image\":{\"@type\":\"ImageObject\",\"inLanguage\":\"es\",\"@id\":\"https:\\\/\\\/secure.gravatar.com\\\/avatar\\\/31a1a7b66ff2de83bd0e9fd79d026630d2d99e55e8bfe501287647b4fd9743de?s=96&d=mm&r=g\",\"url\":\"https:\\\/\\\/secure.gravatar.com\\\/avatar\\\/31a1a7b66ff2de83bd0e9fd79d026630d2d99e55e8bfe501287647b4fd9743de?s=96&d=mm&r=g\",\"contentUrl\":\"https:\\\/\\\/secure.gravatar.com\\\/avatar\\\/31a1a7b66ff2de83bd0e9fd79d026630d2d99e55e8bfe501287647b4fd9743de?s=96&d=mm&r=g\",\"caption\":\"Gonzalo Schmidt\"},\"description\":\"Sitio web de noticias de la provincia de Entre R\u00edos, Argentina. Informaci\u00f3n y entretenimiento. Informe Litoral, nos informamos.\",\"sameAs\":[\"http:\\\/\\\/www.isletasnoticias.com.ar\"],\"url\":\"https:\\\/\\\/informelitoral.com.ar\\\/author\\\/gonzalo\\\/\"}]}<\/script>","yoast_head_json":{"title":"Marcha atr\u00e1s: Bolivia atender\u00e1 gratuitamente a argentinos - Informe Litoral","robots":{"index":"index","follow":"follow","max-snippet":"max-snippet:-1","max-image-preview":"max-image-preview:large","max-video-preview":"max-video-preview:-1"},"canonical":"https:\/\/informelitoral.com.ar\/marcha-atras-bolivia-atendera-gratuitamente-a-argentinos\/","og_locale":"es_ES","og_type":"article","og_title":"Marcha atr\u00e1s: Bolivia atender\u00e1 gratuitamente a argentinos - Informe Litoral","og_description":"Tras la pol&eacute;mica surgida en los &uacute;ltimos d&iacute;as, Bolivia comunic&oacute; por medio de su canciller que aplicar&aacute; el convenio de reciprocidad. As&iacute; como Argentina da atenci&oacute;n gratuita a extranjeros; su pa&iacute;s har&aacute; lo mismo. Luego de surgida la pol&eacute;mica en Argentina por una&nbsp;negaci&oacute;n por parte de Bolivia para aplicar un convenio de reciprocidad&nbsp;en cuanto a [&hellip;]","og_url":"https:\/\/informelitoral.com.ar\/marcha-atras-bolivia-atendera-gratuitamente-a-argentinos\/","og_site_name":"Informe Litoral","article_publisher":"https:\/\/www.facebook.com\/informelitoral\/","article_published_time":"2018-03-01T10:33:23+00:00","og_image":[{"width":700,"height":461,"url":"https:\/\/informelitoral.com.ar\/%77%70%2d%63%6f%6e%74%65%6e%74\/uploads\/2018\/03\/MACRI-Y-MORALES.jpg","type":"image\/jpeg"}],"author":"Gonzalo Schmidt","twitter_card":"summary_large_image","twitter_creator":"@InformeLitoral","twitter_site":"@InformeLitoral","twitter_misc":{"Escrito por":"Gonzalo Schmidt","Tiempo de lectura":"1 minuto"},"schema":{"@context":"https:\/\/schema.org","@graph":[{"@type":"Article","@id":"https:\/\/informelitoral.com.ar\/marcha-atras-bolivia-atendera-gratuitamente-a-argentinos\/#article","isPartOf":{"@id":"https:\/\/informelitoral.com.ar\/marcha-atras-bolivia-atendera-gratuitamente-a-argentinos\/"},"author":{"name":"Gonzalo Schmidt","@id":"https:\/\/informelitoral.com.ar\/#\/schema\/person\/b9d00407c836482871ef1d57bf8e3180"},"headline":"Marcha atr\u00e1s: Bolivia atender\u00e1 gratuitamente a argentinos","datePublished":"2018-03-01T10:33:23+00:00","mainEntityOfPage":{"@id":"https:\/\/informelitoral.com.ar\/marcha-atras-bolivia-atendera-gratuitamente-a-argentinos\/"},"wordCount":302,"commentCount":0,"publisher":{"@id":"https:\/\/informelitoral.com.ar\/#organization"},"image":{"@id":"https:\/\/informelitoral.com.ar\/marcha-atras-bolivia-atendera-gratuitamente-a-argentinos\/#primaryimage"},"thumbnailUrl":"https:\/\/www.isletasnoticias.com.ar\/%77%70%2d%63%6f%6e%74%65%6e%74\/uploads\/2018\/03\/MACRI-Y-MORALES.jpg","articleSection":["Internacionales"],"inLanguage":"es","potentialAction":[{"@type":"CommentAction","name":"Comment","target":["https:\/\/informelitoral.com.ar\/marcha-atras-bolivia-atendera-gratuitamente-a-argentinos\/#respond"]}]},{"@type":"WebPage","@id":"https:\/\/informelitoral.com.ar\/marcha-atras-bolivia-atendera-gratuitamente-a-argentinos\/","url":"https:\/\/informelitoral.com.ar\/marcha-atras-bolivia-atendera-gratuitamente-a-argentinos\/","name":"Marcha atr\u00e1s: Bolivia atender\u00e1 gratuitamente a argentinos - Informe Litoral","isPartOf":{"@id":"https:\/\/informelitoral.com.ar\/#website"},"primaryImageOfPage":{"@id":"https:\/\/informelitoral.com.ar\/marcha-atras-bolivia-atendera-gratuitamente-a-argentinos\/#primaryimage"},"image":{"@id":"https:\/\/informelitoral.com.ar\/marcha-atras-bolivia-atendera-gratuitamente-a-argentinos\/#primaryimage"},"thumbnailUrl":"https:\/\/www.isletasnoticias.com.ar\/%77%70%2d%63%6f%6e%74%65%6e%74\/uploads\/2018\/03\/MACRI-Y-MORALES.jpg","datePublished":"2018-03-01T10:33:23+00:00","breadcrumb":{"@id":"https:\/\/informelitoral.com.ar\/marcha-atras-bolivia-atendera-gratuitamente-a-argentinos\/#breadcrumb"},"inLanguage":"es","potentialAction":[{"@type":"ReadAction","target":["https:\/\/informelitoral.com.ar\/marcha-atras-bolivia-atendera-gratuitamente-a-argentinos\/"]}]},{"@type":"ImageObject","inLanguage":"es","@id":"https:\/\/informelitoral.com.ar\/marcha-atras-bolivia-atendera-gratuitamente-a-argentinos\/#primaryimage","url":"https:\/\/www.isletasnoticias.com.ar\/%77%70%2d%63%6f%6e%74%65%6e%74\/uploads\/2018\/03\/MACRI-Y-MORALES.jpg","contentUrl":"https:\/\/www.isletasnoticias.com.ar\/%77%70%2d%63%6f%6e%74%65%6e%74\/uploads\/2018\/03\/MACRI-Y-MORALES.jpg"},{"@type":"BreadcrumbList","@id":"https:\/\/informelitoral.com.ar\/marcha-atras-bolivia-atendera-gratuitamente-a-argentinos\/#breadcrumb","itemListElement":[{"@type":"ListItem","position":1,"name":"Portada","item":"https:\/\/informelitoral.com.ar\/"},{"@type":"ListItem","position":2,"name":"Marcha atr\u00e1s: Bolivia atender\u00e1 gratuitamente a argentinos"}]},{"@type":"WebSite","@id":"https:\/\/informelitoral.com.ar\/#website","url":"https:\/\/informelitoral.com.ar\/","name":"Informe Litoral","description":"&quot;Nos informamos&quot; ","publisher":{"@id":"https:\/\/informelitoral.com.ar\/#organization"},"potentialAction":[{"@type":"SearchAction","target":{"@type":"EntryPoint","urlTemplate":"https:\/\/informelitoral.com.ar\/?s={search_term_string}"},"query-input":{"@type":"PropertyValueSpecification","valueRequired":true,"valueName":"search_term_string"}}],"inLanguage":"es"},{"@type":"Organization","@id":"https:\/\/informelitoral.com.ar\/#organization","name":"Informe Litoral","url":"https:\/\/informelitoral.com.ar\/","logo":{"@type":"ImageObject","inLanguage":"es","@id":"https:\/\/informelitoral.com.ar\/#\/schema\/logo\/image\/","url":"https:\/\/informelitoral.com.ar\/%77%70%2d%63%6f%6e%74%65%6e%74\/uploads\/2021\/01\/circulo.png","contentUrl":"https:\/\/informelitoral.com.ar\/%77%70%2d%63%6f%6e%74%65%6e%74\/uploads\/2021\/01\/circulo.png","width":723,"height":731,"caption":"Informe Litoral"},"image":{"@id":"https:\/\/informelitoral.com.ar\/#\/schema\/logo\/image\/"},"sameAs":["https:\/\/www.facebook.com\/informelitoral\/","https:\/\/x.com\/InformeLitoral","https:\/\/www.instagram.com\/informelitoral\/","https:\/\/www.youtube.com\/channel\/UCua4Qvz8Icb6MYqhoq9xLXw"]},{"@type":"Person","@id":"https:\/\/informelitoral.com.ar\/#\/schema\/person\/b9d00407c836482871ef1d57bf8e3180","name":"Gonzalo Schmidt","image":{"@type":"ImageObject","inLanguage":"es","@id":"https:\/\/secure.gravatar.com\/avatar\/31a1a7b66ff2de83bd0e9fd79d026630d2d99e55e8bfe501287647b4fd9743de?s=96&d=mm&r=g","url":"https:\/\/secure.gravatar.com\/avatar\/31a1a7b66ff2de83bd0e9fd79d026630d2d99e55e8bfe501287647b4fd9743de?s=96&d=mm&r=g","contentUrl":"https:\/\/secure.gravatar.com\/avatar\/31a1a7b66ff2de83bd0e9fd79d026630d2d99e55e8bfe501287647b4fd9743de?s=96&d=mm&r=g","caption":"Gonzalo Schmidt"},"description":"Sitio web de noticias de la provincia de Entre R\u00edos, Argentina. Informaci\u00f3n y entretenimiento. Informe Litoral, nos informamos.","sameAs":["http:\/\/www.isletasnoticias.com.ar"],"url":"https:\/\/informelitoral.com.ar\/author\/gonzalo\/"}]}},"_links":{"self":[{"href":"https:\/\/informelitoral.com.ar\/%77%70%2d%6a%73%6f%6e\/wp\/v2\/posts\/25325","targetHints":{"allow":["GET"]}}],"collection":[{"href":"https:\/\/informelitoral.com.ar\/%77%70%2d%6a%73%6f%6e\/wp\/v2\/posts"}],"about":[{"href":"https:\/\/informelitoral.com.ar\/%77%70%2d%6a%73%6f%6e\/wp\/v2\/types\/post"}],"author":[{"embeddable":true,"href":"https:\/\/informelitoral.com.ar\/%77%70%2d%6a%73%6f%6e\/wp\/v2\/users\/2"}],"replies":[{"embeddable":true,"href":"https:\/\/informelitoral.com.ar\/%77%70%2d%6a%73%6f%6e\/wp\/v2\/comments?post=25325"}],"version-history":[{"count":0,"href":"https:\/\/informelitoral.com.ar\/%77%70%2d%6a%73%6f%6e\/wp\/v2\/posts\/25325\/revisions"}],"wp:attachment":[{"href":"https:\/\/informelitoral.com.ar\/%77%70%2d%6a%73%6f%6e\/wp\/v2\/media?parent=25325"}],"wp:term":[{"taxonomy":"category","embeddable":true,"href":"https:\/\/informelitoral.com.ar\/%77%70%2d%6a%73%6f%6e\/wp\/v2\/categories?post=25325"},{"taxonomy":"post_tag","embeddable":true,"href":"https:\/\/informelitoral.com.ar\/%77%70%2d%6a%73%6f%6e\/wp\/v2\/tags?post=25325"}],"curies":[{"name":"wp","href":"https:\/\/api.w.org\/{rel}","templated":true}]}}