{"id":2532,"date":"2013-07-23T09:17:41","date_gmt":"2013-07-23T12:17:41","guid":{"rendered":"http:\/\/www.isletasnoticias.com.ar\/?p=2532"},"modified":"2013-07-23T09:17:41","modified_gmt":"2013-07-23T12:17:41","slug":"elecciones-paso-las-ocho-boletas-que-encontraran-los-entrerrianos-en-el-cuarto-oscuro","status":"publish","type":"post","link":"https:\/\/informelitoral.com.ar\/elecciones-paso-las-ocho-boletas-que-encontraran-los-entrerrianos-en-el-cuarto-oscuro\/","title":{"rendered":"Elecciones PASO: Las ocho boletas que encontrar\u00e1n los entrerrianos en el cuarto oscuro"},"content":{"rendered":"<p><strong>El 11 de agosto se podr\u00e1 optar entre ocho propuestas electorales. Tres compiten en la interna del FAP y dos en la del Frente para la Victoria. Las tres restantes son listas \u00fanicas.<\/strong><\/p>\n<p><img loading=\"lazy\" decoding=\"async\" class=\"size-medium wp-image-2533 aligncenter\" alt=\"CUARTO OSCURO\" src=\"http:\/\/www.isletasnoticias.com.ar\/%77%70%2d%63%6f%6e%74%65%6e%74\/uploads\/2013\/07\/CUARTO-OSCURO-300x175.jpg\" width=\"300\" height=\"175\" srcset=\"https:\/\/informelitoral.com.ar\/%77%70%2d%63%6f%6e%74%65%6e%74\/uploads\/2013\/07\/CUARTO-OSCURO-300x175.jpg 300w, https:\/\/informelitoral.com.ar\/%77%70%2d%63%6f%6e%74%65%6e%74\/uploads\/2013\/07\/CUARTO-OSCURO.jpg 600w\" sizes=\"auto, (max-width: 300px) 100vw, 300px\" \/><\/p>\n<p>Cada lista defini\u00f3 el modo en que presentar\u00e1 su propuesta electoral en el cuarto oscuro. Dentro de los m\u00e1rgenes legales, cuyo cumplimiento control\u00f3 la autoridad electoral, cada una de las ocho boletas defini\u00f3 colores, s\u00edmbolos, tipograf\u00eda y, lo m\u00e1s importante, a qui\u00e9n mostrar en las fotograf\u00edas y con qu\u00e9 tama\u00f1o.<\/p>\n<p>Los colores siguieron los criterios ya establecidos por cada partido o frente. La UCR, que esta vez volvi\u00f3 a su tradicional lista 3, sin aliados, adopt\u00f3 su tradicional rojo y blanco, mientras que el Frente Justicialista para la Victoria continu\u00f3 con su boleta azul, el Frente Amplio Progresista con su naranja y azul y la Nueva Izquierda con su rojo y verde.<\/p>\n<p>En el caso del nuevo frente que compone Uni\u00f3n por Entre R\u00edos, se debieron ajustar los colores para evitar confusiones con otras propuestas. En lugar de rojo, se opt\u00f3 por un bord\u00f3 que se combin\u00f3 con un celeste lo suficientemente claro como para no emparentar con el azul.<\/p>\n<p><b>Internas<\/b><br \/>\n<span style=\"text-decoration: underline;\">Las PASO del 11 de agosto tendr\u00e1n en Entre R\u00edos dos internas:<\/span> la del Frente Amplio Progresista (FAP) en la que se presentan tres listas, y la del Frente para la Victoria, en el que compiten dos listas.<\/p>\n<p>En el FAP, la principal diferencia en las tres boletas pasa por el modo en que se presentan los candidatos. La lista Unidad Progresista es la m\u00e1s personalista, la que tiene las fotos y los nombres m\u00e1s grandes de sus dos cabeza de lista:<strong> Lisandro Viale<\/strong> y<strong> Am\u00e9rico Schvartzman<\/strong>, dos dirigentes del Partido Socialista.<\/p>\n<p>En el otro extremo, sus competidores internos en el socialismo con la lista Paso al Frente, dan la idea de un equipo o de un acuerdo pol\u00edtico mayor al mostrar cuatro candidatos, los dos primeros de cada lista.<\/p>\n<p>Y el GEN, con su lista No a la re reelecci\u00f3n adopta un dise\u00f1o m\u00e1s cl\u00e1sico, con dos fotos, pero m\u00e1s chicas, que dejan lugar para que se lea mejor al resto de los candidatos.<\/p>\n<p>Pero el dato m\u00e1s saliente de la opci\u00f3n gr\u00e1fica es, sin dudas, el del Frente Justicialista para la Victoria. A diferencia del resto de las boletas, muestra s\u00f3lo dos senadores: el titular, <strong>Pedro Guastavino<\/strong> y el suplente,<strong> Sergio Urribarri.<\/strong> Y deja sin foto la lista de candidatos a diputados. El mensaje pol\u00edtico es claro: Urribarri, que s\u00f3lo podr\u00eda ser senador en caso de renuncia o muerte de Guastavino, apuesta en esta elecci\u00f3n a plebiscitar su gesti\u00f3n. El dise\u00f1o de la boleta refuerza lo que qued\u00f3 claro desde un primer momento: esta es la lista de Urribarri que, como conductor pol\u00edtico del espacio, viene cerrando todos los actos de campa\u00f1a.<\/p>\n<p>A la n\u00f3mina del oficialismo le salen a competir <strong>H\u00e9ctor Maya<\/strong> y<strong> An\u00edbal Vergara<\/strong>, dos peronistas que nunca fueron kirchneristas, cuyas fotos se muestran en un dise\u00f1o de boleta cl\u00e1sico, que remite en su escaso colorido a las boletas de las \u00e9pocas del blanco y negro. A diferencia de la lista de Urribarri, que a la imagen de Per\u00f3n y Evita suma la de N\u00e9stor Kirchner, la lista \u201c\u00a1Basta!\u201d ilustra con una foto blanco y negro de Per\u00f3n y Evita, acompa\u00f1ado del escudo del PJ.<\/p>\n<p>Entre las 20 fotograf\u00edas que en total poblar\u00e1n los cuartos oscuros de Entre R\u00edos el 11 de agosto, Maya y Vergara son los \u00fanicos que no\u00a0exhiben un gesto sonriente.<\/p>\n<p><b>Listas \u00fanicas\u00a0<\/b><br \/>\nTras haber fracasado en sus intentos de alianzas, la UCR vuelve a su tradicional Lista 3, identificada con los colores rojo y blanco del radicalismo. Es, de todos, el dise\u00f1o m\u00e1s personalista, con las fotos m\u00e1s grandes de todas las boletas del cuarto oscuro exhibiendo a los dos candidatos que encabezan las listas: <strong>Atilio Benedetti<\/strong> para el Senado y <strong>Jorge D\u2019Agostino<\/strong> para diputados. Los dem\u00e1s nombres de la lista est\u00e1n escritos en una tipograf\u00eda sensiblemente m\u00e1s chica, en la que no se destaca ning\u00fan nombre, como podr\u00eda haber sido el de la segunda candidata a diputada, <strong>Hilma Re<\/strong>, que va como extrapartidaria y expresa el acuerdo de Benedetti con la diputada Elisa Carri\u00f3.<\/p>\n<p>No es el caso de Uni\u00f3n por Entre R\u00edos. Aqu\u00ed el segundo nombre de la lista de diputados,<strong> Luis Leissa<\/strong> (Nuevo Espacio) se destaca del resto de la lista que encabeza <strong>Cristina Cremer de Busti<\/strong> (Frente Entrerriano Federal). Lo mismo ocurre con\u00a0<strong>Marithe Sciberras<\/strong> (del PRO) que secunda a <strong>Alfredo de \u00c1ngeli<\/strong> en la de senadores; aunque cuesta detectar gr\u00e1ficamente la otra presencia importante de PRO: <strong>Josefina Etienot<\/strong>, tercera en la lista de diputados.<\/p>\n<p>Pero el dato saliente de la boleta de Uni\u00f3n por Entre R\u00edos es que no contiene ning\u00fan nombre o \u00edcono que permita detectar la identidad pol\u00edtica de sus candidatos. Nada informa respecto a que la boleta est\u00e1 compuesta, b\u00e1sicamente, de peronistas antikirchneristas y macristas. Es, en este aspecto, el \u00fanico caso entre las ocho boletas, ya que todas las dem\u00e1s dejan en claro su identificaci\u00f3n pol\u00edtica.<\/p>\n<p>En este sentido y aunque las fotograf\u00edas de De Angeli y Cremer no sean tan grandes, la de Uni\u00f3n por Entre R\u00edos termina siendo la m\u00e1s personalista de todas, no ya desde la gr\u00e1fica, sino desde el mensaje escrito. No propone votar un partido, sino s\u00f3lo nombres que, se supone, el elector sabr\u00e1 identificar pol\u00edticamente.<\/p>\n<p>La lista de la Nueva Izquierda opt\u00f3, en cambio, por destacar su logo nacional y las fotos de los dos primeros candidatos de cada lista.<\/p>\n<div>Fuente:\u00a0P\u00e1gina Pol\u00edtica -El Diario<\/div>\n","protected":false},"excerpt":{"rendered":"<p>El 11 de agosto se podr&aacute; optar entre ocho propuestas electorales. Tres compiten en la interna del FAP y dos en la del Frente para la Victoria. Las tres restantes son listas &uacute;nicas. Cada lista defini&oacute; el modo en que presentar&aacute; su propuesta electoral en el cuarto oscuro. Dentro de los m&aacute;rgenes legales, cuyo cumplimiento [&hellip;]<\/p>\n","protected":false},"author":2,"featured_media":0,"comment_status":"open","ping_status":"open","sticky":false,"template":"","format":"standard","meta":{"fifu_image_url":"","fifu_image_alt":"","footnotes":""},"categories":[6,16],"tags":[],"class_list":{"0":"post-2532","1":"post","2":"type-post","3":"status-publish","4":"format-standard","6":"category-entre-rios","7":"category-politi"},"yoast_head":"<title>Elecciones PASO: Las ocho boletas que encontrar\u00e1n los entrerrianos en el cuarto oscuro - Informe Litoral<\/title>\n<meta name=\"robots\" content=\"index, follow, max-snippet:-1, max-image-preview:large, max-video-preview:-1\" \/>\n<link rel=\"canonical\" href=\"https:\/\/informelitoral.com.ar\/elecciones-paso-las-ocho-boletas-que-encontraran-los-entrerrianos-en-el-cuarto-oscuro\/\" \/>\n<meta property=\"og:locale\" content=\"es_ES\" \/>\n<meta property=\"og:type\" content=\"article\" \/>\n<meta property=\"og:title\" content=\"Elecciones PASO: Las ocho boletas que encontrar\u00e1n los entrerrianos en el cuarto oscuro - Informe Litoral\" \/>\n<meta property=\"og:description\" content=\"El 11 de agosto se podr&aacute; optar entre ocho propuestas electorales. Tres compiten en la interna del FAP y dos en la del Frente para la Victoria. Las tres restantes son listas &uacute;nicas. Cada lista defini&oacute; el modo en que presentar&aacute; su propuesta electoral en el cuarto oscuro. Dentro de los m&aacute;rgenes legales, cuyo cumplimiento [&hellip;]\" \/>\n<meta property=\"og:url\" content=\"https:\/\/informelitoral.com.ar\/elecciones-paso-las-ocho-boletas-que-encontraran-los-entrerrianos-en-el-cuarto-oscuro\/\" \/>\n<meta property=\"og:site_name\" content=\"Informe Litoral\" \/>\n<meta property=\"article:publisher\" content=\"https:\/\/www.facebook.com\/informelitoral\/\" \/>\n<meta property=\"article:published_time\" content=\"2013-07-23T12:17:41+00:00\" \/>\n<meta property=\"og:image\" content=\"https:\/\/informelitoral.com.ar\/%77%70%2d%63%6f%6e%74%65%6e%74\/uploads\/2013\/07\/CUARTO-OSCURO.jpg\" \/>\n\t<meta property=\"og:image:width\" content=\"600\" \/>\n\t<meta property=\"og:image:height\" content=\"350\" \/>\n\t<meta property=\"og:image:type\" content=\"image\/jpeg\" \/>\n<meta name=\"author\" content=\"Gonzalo Schmidt\" \/>\n<meta name=\"twitter:card\" content=\"summary_large_image\" \/>\n<meta name=\"twitter:creator\" content=\"@InformeLitoral\" \/>\n<meta name=\"twitter:site\" content=\"@InformeLitoral\" \/>\n<meta name=\"twitter:label1\" content=\"Escrito por\" \/>\n\t<meta name=\"twitter:data1\" content=\"Gonzalo Schmidt\" \/>\n\t<meta name=\"twitter:label2\" content=\"Tiempo de lectura\" \/>\n\t<meta name=\"twitter:data2\" content=\"5 minutos\" \/>\n<script type=\"application\/ld+json\" class=\"yoast-schema-graph\">{\"@context\":\"https:\\\/\\\/schema.org\",\"@graph\":[{\"@type\":\"Article\",\"@id\":\"https:\\\/\\\/informelitoral.com.ar\\\/elecciones-paso-las-ocho-boletas-que-encontraran-los-entrerrianos-en-el-cuarto-oscuro\\\/#article\",\"isPartOf\":{\"@id\":\"https:\\\/\\\/informelitoral.com.ar\\\/elecciones-paso-las-ocho-boletas-que-encontraran-los-entrerrianos-en-el-cuarto-oscuro\\\/\"},\"author\":{\"name\":\"Gonzalo Schmidt\",\"@id\":\"https:\\\/\\\/informelitoral.com.ar\\\/#\\\/schema\\\/person\\\/b9d00407c836482871ef1d57bf8e3180\"},\"headline\":\"Elecciones PASO: Las ocho boletas que encontrar\u00e1n los entrerrianos en el cuarto oscuro\",\"datePublished\":\"2013-07-23T12:17:41+00:00\",\"mainEntityOfPage\":{\"@id\":\"https:\\\/\\\/informelitoral.com.ar\\\/elecciones-paso-las-ocho-boletas-que-encontraran-los-entrerrianos-en-el-cuarto-oscuro\\\/\"},\"wordCount\":1005,\"commentCount\":0,\"publisher\":{\"@id\":\"https:\\\/\\\/informelitoral.com.ar\\\/#organization\"},\"image\":{\"@id\":\"https:\\\/\\\/informelitoral.com.ar\\\/elecciones-paso-las-ocho-boletas-que-encontraran-los-entrerrianos-en-el-cuarto-oscuro\\\/#primaryimage\"},\"thumbnailUrl\":\"http:\\\/\\\/www.isletasnoticias.com.ar\\\/%77%70%2d%63%6f%6e%74%65%6e%74\\\/uploads\\\/2013\\\/07\\\/CUARTO-OSCURO-300x175.jpg\",\"articleSection\":[\"Entre R\u00edos\",\"Politica\"],\"inLanguage\":\"es\",\"potentialAction\":[{\"@type\":\"CommentAction\",\"name\":\"Comment\",\"target\":[\"https:\\\/\\\/informelitoral.com.ar\\\/elecciones-paso-las-ocho-boletas-que-encontraran-los-entrerrianos-en-el-cuarto-oscuro\\\/#respond\"]}]},{\"@type\":\"WebPage\",\"@id\":\"https:\\\/\\\/informelitoral.com.ar\\\/elecciones-paso-las-ocho-boletas-que-encontraran-los-entrerrianos-en-el-cuarto-oscuro\\\/\",\"url\":\"https:\\\/\\\/informelitoral.com.ar\\\/elecciones-paso-las-ocho-boletas-que-encontraran-los-entrerrianos-en-el-cuarto-oscuro\\\/\",\"name\":\"Elecciones PASO: Las ocho boletas que encontrar\u00e1n los entrerrianos en el cuarto oscuro - Informe Litoral\",\"isPartOf\":{\"@id\":\"https:\\\/\\\/informelitoral.com.ar\\\/#website\"},\"primaryImageOfPage\":{\"@id\":\"https:\\\/\\\/informelitoral.com.ar\\\/elecciones-paso-las-ocho-boletas-que-encontraran-los-entrerrianos-en-el-cuarto-oscuro\\\/#primaryimage\"},\"image\":{\"@id\":\"https:\\\/\\\/informelitoral.com.ar\\\/elecciones-paso-las-ocho-boletas-que-encontraran-los-entrerrianos-en-el-cuarto-oscuro\\\/#primaryimage\"},\"thumbnailUrl\":\"http:\\\/\\\/www.isletasnoticias.com.ar\\\/%77%70%2d%63%6f%6e%74%65%6e%74\\\/uploads\\\/2013\\\/07\\\/CUARTO-OSCURO-300x175.jpg\",\"datePublished\":\"2013-07-23T12:17:41+00:00\",\"breadcrumb\":{\"@id\":\"https:\\\/\\\/informelitoral.com.ar\\\/elecciones-paso-las-ocho-boletas-que-encontraran-los-entrerrianos-en-el-cuarto-oscuro\\\/#breadcrumb\"},\"inLanguage\":\"es\",\"potentialAction\":[{\"@type\":\"ReadAction\",\"target\":[\"https:\\\/\\\/informelitoral.com.ar\\\/elecciones-paso-las-ocho-boletas-que-encontraran-los-entrerrianos-en-el-cuarto-oscuro\\\/\"]}]},{\"@type\":\"ImageObject\",\"inLanguage\":\"es\",\"@id\":\"https:\\\/\\\/informelitoral.com.ar\\\/elecciones-paso-las-ocho-boletas-que-encontraran-los-entrerrianos-en-el-cuarto-oscuro\\\/#primaryimage\",\"url\":\"http:\\\/\\\/www.isletasnoticias.com.ar\\\/%77%70%2d%63%6f%6e%74%65%6e%74\\\/uploads\\\/2013\\\/07\\\/CUARTO-OSCURO-300x175.jpg\",\"contentUrl\":\"http:\\\/\\\/www.isletasnoticias.com.ar\\\/%77%70%2d%63%6f%6e%74%65%6e%74\\\/uploads\\\/2013\\\/07\\\/CUARTO-OSCURO-300x175.jpg\"},{\"@type\":\"BreadcrumbList\",\"@id\":\"https:\\\/\\\/informelitoral.com.ar\\\/elecciones-paso-las-ocho-boletas-que-encontraran-los-entrerrianos-en-el-cuarto-oscuro\\\/#breadcrumb\",\"itemListElement\":[{\"@type\":\"ListItem\",\"position\":1,\"name\":\"Portada\",\"item\":\"https:\\\/\\\/informelitoral.com.ar\\\/\"},{\"@type\":\"ListItem\",\"position\":2,\"name\":\"Elecciones PASO: Las ocho boletas que encontrar\u00e1n los entrerrianos en el cuarto oscuro\"}]},{\"@type\":\"WebSite\",\"@id\":\"https:\\\/\\\/informelitoral.com.ar\\\/#website\",\"url\":\"https:\\\/\\\/informelitoral.com.ar\\\/\",\"name\":\"Informe Litoral\",\"description\":\"&quot;Nos informamos&quot; \",\"publisher\":{\"@id\":\"https:\\\/\\\/informelitoral.com.ar\\\/#organization\"},\"potentialAction\":[{\"@type\":\"SearchAction\",\"target\":{\"@type\":\"EntryPoint\",\"urlTemplate\":\"https:\\\/\\\/informelitoral.com.ar\\\/?s={search_term_string}\"},\"query-input\":{\"@type\":\"PropertyValueSpecification\",\"valueRequired\":true,\"valueName\":\"search_term_string\"}}],\"inLanguage\":\"es\"},{\"@type\":\"Organization\",\"@id\":\"https:\\\/\\\/informelitoral.com.ar\\\/#organization\",\"name\":\"Informe Litoral\",\"url\":\"https:\\\/\\\/informelitoral.com.ar\\\/\",\"logo\":{\"@type\":\"ImageObject\",\"inLanguage\":\"es\",\"@id\":\"https:\\\/\\\/informelitoral.com.ar\\\/#\\\/schema\\\/logo\\\/image\\\/\",\"url\":\"https:\\\/\\\/informelitoral.com.ar\\\/%77%70%2d%63%6f%6e%74%65%6e%74\\\/uploads\\\/2021\\\/01\\\/circulo.png\",\"contentUrl\":\"https:\\\/\\\/informelitoral.com.ar\\\/%77%70%2d%63%6f%6e%74%65%6e%74\\\/uploads\\\/2021\\\/01\\\/circulo.png\",\"width\":723,\"height\":731,\"caption\":\"Informe Litoral\"},\"image\":{\"@id\":\"https:\\\/\\\/informelitoral.com.ar\\\/#\\\/schema\\\/logo\\\/image\\\/\"},\"sameAs\":[\"https:\\\/\\\/www.facebook.com\\\/informelitoral\\\/\",\"https:\\\/\\\/x.com\\\/InformeLitoral\",\"https:\\\/\\\/www.instagram.com\\\/informelitoral\\\/\",\"https:\\\/\\\/www.youtube.com\\\/channel\\\/UCua4Qvz8Icb6MYqhoq9xLXw\"]},{\"@type\":\"Person\",\"@id\":\"https:\\\/\\\/informelitoral.com.ar\\\/#\\\/schema\\\/person\\\/b9d00407c836482871ef1d57bf8e3180\",\"name\":\"Gonzalo Schmidt\",\"image\":{\"@type\":\"ImageObject\",\"inLanguage\":\"es\",\"@id\":\"https:\\\/\\\/secure.gravatar.com\\\/avatar\\\/31a1a7b66ff2de83bd0e9fd79d026630d2d99e55e8bfe501287647b4fd9743de?s=96&d=mm&r=g\",\"url\":\"https:\\\/\\\/secure.gravatar.com\\\/avatar\\\/31a1a7b66ff2de83bd0e9fd79d026630d2d99e55e8bfe501287647b4fd9743de?s=96&d=mm&r=g\",\"contentUrl\":\"https:\\\/\\\/secure.gravatar.com\\\/avatar\\\/31a1a7b66ff2de83bd0e9fd79d026630d2d99e55e8bfe501287647b4fd9743de?s=96&d=mm&r=g\",\"caption\":\"Gonzalo Schmidt\"},\"description\":\"Sitio web de noticias de la provincia de Entre R\u00edos, Argentina. Informaci\u00f3n y entretenimiento. Informe Litoral, nos informamos.\",\"sameAs\":[\"http:\\\/\\\/www.isletasnoticias.com.ar\"],\"url\":\"https:\\\/\\\/informelitoral.com.ar\\\/author\\\/gonzalo\\\/\"}]}<\/script>","yoast_head_json":{"title":"Elecciones PASO: Las ocho boletas que encontrar\u00e1n los entrerrianos en el cuarto oscuro - Informe Litoral","robots":{"index":"index","follow":"follow","max-snippet":"max-snippet:-1","max-image-preview":"max-image-preview:large","max-video-preview":"max-video-preview:-1"},"canonical":"https:\/\/informelitoral.com.ar\/elecciones-paso-las-ocho-boletas-que-encontraran-los-entrerrianos-en-el-cuarto-oscuro\/","og_locale":"es_ES","og_type":"article","og_title":"Elecciones PASO: Las ocho boletas que encontrar\u00e1n los entrerrianos en el cuarto oscuro - Informe Litoral","og_description":"El 11 de agosto se podr&aacute; optar entre ocho propuestas electorales. Tres compiten en la interna del FAP y dos en la del Frente para la Victoria. Las tres restantes son listas &uacute;nicas. Cada lista defini&oacute; el modo en que presentar&aacute; su propuesta electoral en el cuarto oscuro. Dentro de los m&aacute;rgenes legales, cuyo cumplimiento [&hellip;]","og_url":"https:\/\/informelitoral.com.ar\/elecciones-paso-las-ocho-boletas-que-encontraran-los-entrerrianos-en-el-cuarto-oscuro\/","og_site_name":"Informe Litoral","article_publisher":"https:\/\/www.facebook.com\/informelitoral\/","article_published_time":"2013-07-23T12:17:41+00:00","og_image":[{"width":600,"height":350,"url":"https:\/\/informelitoral.com.ar\/%77%70%2d%63%6f%6e%74%65%6e%74\/uploads\/2013\/07\/CUARTO-OSCURO.jpg","type":"image\/jpeg"}],"author":"Gonzalo Schmidt","twitter_card":"summary_large_image","twitter_creator":"@InformeLitoral","twitter_site":"@InformeLitoral","twitter_misc":{"Escrito por":"Gonzalo Schmidt","Tiempo de lectura":"5 minutos"},"schema":{"@context":"https:\/\/schema.org","@graph":[{"@type":"Article","@id":"https:\/\/informelitoral.com.ar\/elecciones-paso-las-ocho-boletas-que-encontraran-los-entrerrianos-en-el-cuarto-oscuro\/#article","isPartOf":{"@id":"https:\/\/informelitoral.com.ar\/elecciones-paso-las-ocho-boletas-que-encontraran-los-entrerrianos-en-el-cuarto-oscuro\/"},"author":{"name":"Gonzalo Schmidt","@id":"https:\/\/informelitoral.com.ar\/#\/schema\/person\/b9d00407c836482871ef1d57bf8e3180"},"headline":"Elecciones PASO: Las ocho boletas que encontrar\u00e1n los entrerrianos en el cuarto oscuro","datePublished":"2013-07-23T12:17:41+00:00","mainEntityOfPage":{"@id":"https:\/\/informelitoral.com.ar\/elecciones-paso-las-ocho-boletas-que-encontraran-los-entrerrianos-en-el-cuarto-oscuro\/"},"wordCount":1005,"commentCount":0,"publisher":{"@id":"https:\/\/informelitoral.com.ar\/#organization"},"image":{"@id":"https:\/\/informelitoral.com.ar\/elecciones-paso-las-ocho-boletas-que-encontraran-los-entrerrianos-en-el-cuarto-oscuro\/#primaryimage"},"thumbnailUrl":"http:\/\/www.isletasnoticias.com.ar\/%77%70%2d%63%6f%6e%74%65%6e%74\/uploads\/2013\/07\/CUARTO-OSCURO-300x175.jpg","articleSection":["Entre R\u00edos","Politica"],"inLanguage":"es","potentialAction":[{"@type":"CommentAction","name":"Comment","target":["https:\/\/informelitoral.com.ar\/elecciones-paso-las-ocho-boletas-que-encontraran-los-entrerrianos-en-el-cuarto-oscuro\/#respond"]}]},{"@type":"WebPage","@id":"https:\/\/informelitoral.com.ar\/elecciones-paso-las-ocho-boletas-que-encontraran-los-entrerrianos-en-el-cuarto-oscuro\/","url":"https:\/\/informelitoral.com.ar\/elecciones-paso-las-ocho-boletas-que-encontraran-los-entrerrianos-en-el-cuarto-oscuro\/","name":"Elecciones PASO: Las ocho boletas que encontrar\u00e1n los entrerrianos en el cuarto oscuro - Informe Litoral","isPartOf":{"@id":"https:\/\/informelitoral.com.ar\/#website"},"primaryImageOfPage":{"@id":"https:\/\/informelitoral.com.ar\/elecciones-paso-las-ocho-boletas-que-encontraran-los-entrerrianos-en-el-cuarto-oscuro\/#primaryimage"},"image":{"@id":"https:\/\/informelitoral.com.ar\/elecciones-paso-las-ocho-boletas-que-encontraran-los-entrerrianos-en-el-cuarto-oscuro\/#primaryimage"},"thumbnailUrl":"http:\/\/www.isletasnoticias.com.ar\/%77%70%2d%63%6f%6e%74%65%6e%74\/uploads\/2013\/07\/CUARTO-OSCURO-300x175.jpg","datePublished":"2013-07-23T12:17:41+00:00","breadcrumb":{"@id":"https:\/\/informelitoral.com.ar\/elecciones-paso-las-ocho-boletas-que-encontraran-los-entrerrianos-en-el-cuarto-oscuro\/#breadcrumb"},"inLanguage":"es","potentialAction":[{"@type":"ReadAction","target":["https:\/\/informelitoral.com.ar\/elecciones-paso-las-ocho-boletas-que-encontraran-los-entrerrianos-en-el-cuarto-oscuro\/"]}]},{"@type":"ImageObject","inLanguage":"es","@id":"https:\/\/informelitoral.com.ar\/elecciones-paso-las-ocho-boletas-que-encontraran-los-entrerrianos-en-el-cuarto-oscuro\/#primaryimage","url":"http:\/\/www.isletasnoticias.com.ar\/%77%70%2d%63%6f%6e%74%65%6e%74\/uploads\/2013\/07\/CUARTO-OSCURO-300x175.jpg","contentUrl":"http:\/\/www.isletasnoticias.com.ar\/%77%70%2d%63%6f%6e%74%65%6e%74\/uploads\/2013\/07\/CUARTO-OSCURO-300x175.jpg"},{"@type":"BreadcrumbList","@id":"https:\/\/informelitoral.com.ar\/elecciones-paso-las-ocho-boletas-que-encontraran-los-entrerrianos-en-el-cuarto-oscuro\/#breadcrumb","itemListElement":[{"@type":"ListItem","position":1,"name":"Portada","item":"https:\/\/informelitoral.com.ar\/"},{"@type":"ListItem","position":2,"name":"Elecciones PASO: Las ocho boletas que encontrar\u00e1n los entrerrianos en el cuarto oscuro"}]},{"@type":"WebSite","@id":"https:\/\/informelitoral.com.ar\/#website","url":"https:\/\/informelitoral.com.ar\/","name":"Informe Litoral","description":"&quot;Nos informamos&quot; ","publisher":{"@id":"https:\/\/informelitoral.com.ar\/#organization"},"potentialAction":[{"@type":"SearchAction","target":{"@type":"EntryPoint","urlTemplate":"https:\/\/informelitoral.com.ar\/?s={search_term_string}"},"query-input":{"@type":"PropertyValueSpecification","valueRequired":true,"valueName":"search_term_string"}}],"inLanguage":"es"},{"@type":"Organization","@id":"https:\/\/informelitoral.com.ar\/#organization","name":"Informe Litoral","url":"https:\/\/informelitoral.com.ar\/","logo":{"@type":"ImageObject","inLanguage":"es","@id":"https:\/\/informelitoral.com.ar\/#\/schema\/logo\/image\/","url":"https:\/\/informelitoral.com.ar\/%77%70%2d%63%6f%6e%74%65%6e%74\/uploads\/2021\/01\/circulo.png","contentUrl":"https:\/\/informelitoral.com.ar\/%77%70%2d%63%6f%6e%74%65%6e%74\/uploads\/2021\/01\/circulo.png","width":723,"height":731,"caption":"Informe Litoral"},"image":{"@id":"https:\/\/informelitoral.com.ar\/#\/schema\/logo\/image\/"},"sameAs":["https:\/\/www.facebook.com\/informelitoral\/","https:\/\/x.com\/InformeLitoral","https:\/\/www.instagram.com\/informelitoral\/","https:\/\/www.youtube.com\/channel\/UCua4Qvz8Icb6MYqhoq9xLXw"]},{"@type":"Person","@id":"https:\/\/informelitoral.com.ar\/#\/schema\/person\/b9d00407c836482871ef1d57bf8e3180","name":"Gonzalo Schmidt","image":{"@type":"ImageObject","inLanguage":"es","@id":"https:\/\/secure.gravatar.com\/avatar\/31a1a7b66ff2de83bd0e9fd79d026630d2d99e55e8bfe501287647b4fd9743de?s=96&d=mm&r=g","url":"https:\/\/secure.gravatar.com\/avatar\/31a1a7b66ff2de83bd0e9fd79d026630d2d99e55e8bfe501287647b4fd9743de?s=96&d=mm&r=g","contentUrl":"https:\/\/secure.gravatar.com\/avatar\/31a1a7b66ff2de83bd0e9fd79d026630d2d99e55e8bfe501287647b4fd9743de?s=96&d=mm&r=g","caption":"Gonzalo Schmidt"},"description":"Sitio web de noticias de la provincia de Entre R\u00edos, Argentina. Informaci\u00f3n y entretenimiento. Informe Litoral, nos informamos.","sameAs":["http:\/\/www.isletasnoticias.com.ar"],"url":"https:\/\/informelitoral.com.ar\/author\/gonzalo\/"}]}},"_links":{"self":[{"href":"https:\/\/informelitoral.com.ar\/%77%70%2d%6a%73%6f%6e\/wp\/v2\/posts\/2532","targetHints":{"allow":["GET"]}}],"collection":[{"href":"https:\/\/informelitoral.com.ar\/%77%70%2d%6a%73%6f%6e\/wp\/v2\/posts"}],"about":[{"href":"https:\/\/informelitoral.com.ar\/%77%70%2d%6a%73%6f%6e\/wp\/v2\/types\/post"}],"author":[{"embeddable":true,"href":"https:\/\/informelitoral.com.ar\/%77%70%2d%6a%73%6f%6e\/wp\/v2\/users\/2"}],"replies":[{"embeddable":true,"href":"https:\/\/informelitoral.com.ar\/%77%70%2d%6a%73%6f%6e\/wp\/v2\/comments?post=2532"}],"version-history":[{"count":0,"href":"https:\/\/informelitoral.com.ar\/%77%70%2d%6a%73%6f%6e\/wp\/v2\/posts\/2532\/revisions"}],"wp:attachment":[{"href":"https:\/\/informelitoral.com.ar\/%77%70%2d%6a%73%6f%6e\/wp\/v2\/media?parent=2532"}],"wp:term":[{"taxonomy":"category","embeddable":true,"href":"https:\/\/informelitoral.com.ar\/%77%70%2d%6a%73%6f%6e\/wp\/v2\/categories?post=2532"},{"taxonomy":"post_tag","embeddable":true,"href":"https:\/\/informelitoral.com.ar\/%77%70%2d%6a%73%6f%6e\/wp\/v2\/tags?post=2532"}],"curies":[{"name":"wp","href":"https:\/\/api.w.org\/{rel}","templated":true}]}}