{"id":2529,"date":"2013-07-22T23:34:15","date_gmt":"2013-07-23T02:34:15","guid":{"rendered":"http:\/\/www.isletasnoticias.com.ar\/?p=2529"},"modified":"2013-07-22T23:34:15","modified_gmt":"2013-07-23T02:34:15","slug":"racedo-urribarri-inauguro-el-nuevo-edificio-del-jardin-de-infantes-de-la-escuela-n-11","status":"publish","type":"post","link":"https:\/\/informelitoral.com.ar\/racedo-urribarri-inauguro-el-nuevo-edificio-del-jardin-de-infantes-de-la-escuela-n-11\/","title":{"rendered":"Racedo: Urribarri inaugur\u00f3 el nuevo edificio del jard\u00edn de infantes de la escuela N\u00b0 11"},"content":{"rendered":"<p><strong>\u00abJunto a la gran mayor\u00eda de la sociedad entrerriana estamos construyendo una Entre R\u00edos muy distinta a la que ten\u00edamos. La nuestra ya no es la postal de la vaca, el campo y el carro. Ahora al lado de la vaca, el campo y el carro, hay industrias que le dan valor agregado a la producci\u00f3n primera, hay trabajo y j\u00f3venes que eligen quedarse en la provincia\u00bb, expres\u00f3 este lunes el gobernador <em>Sergio Urribarri<\/em> al dejar inaugurado un jard\u00edn de infantes en la escuela N \u00ba 11 Almafuerte de Estaci\u00f3n General Racedo.<\/strong><\/p>\n<p style=\"text-align: center;\"><a href=\"http:\/\/www.isletasnoticias.com.ar\/%77%70%2d%63%6f%6e%74%65%6e%74\/uploads\/2013\/07\/racedo.jpg\"><img loading=\"lazy\" decoding=\"async\" class=\"size-medium wp-image-2530 aligncenter\" alt=\"racedo\" src=\"http:\/\/www.isletasnoticias.com.ar\/%77%70%2d%63%6f%6e%74%65%6e%74\/uploads\/2013\/07\/racedo-300x198.jpg\" width=\"300\" height=\"198\" srcset=\"https:\/\/informelitoral.com.ar\/%77%70%2d%63%6f%6e%74%65%6e%74\/uploads\/2013\/07\/racedo-300x198.jpg 300w, https:\/\/informelitoral.com.ar\/%77%70%2d%63%6f%6e%74%65%6e%74\/uploads\/2013\/07\/racedo.jpg 492w\" sizes=\"auto, (max-width: 300px) 100vw, 300px\" \/><\/a><\/p>\n<p style=\"text-align: center;\">\n<p style=\"text-align: left;\">El jard\u00edn consta de dos salas con grupos sanitarios, ba\u00f1os para docentes, y se invirtieron 1,3 millones de pesos. \u201cEntiendo muy bien lo que significa hacer esta obra para que tantos gurises tengan el incentivo de la educaci\u00f3n desde muy chiquitos y a trav\u00e9s de ella puedan ser libres y cuando crezcan puedan formar aqu\u00ed una familia\u201d, destac\u00f3 el mandatario durante un acto que se realiz\u00f3 el en Sal\u00f3n de la escuela.<\/p>\n<p>Asisten al jard\u00edn que tiene salas de cuatro y cinco a\u00f1os, m\u00e1s de 25 ni\u00f1os de la localidad y su ejido. Al hacer uso de la palabra, en la inauguraci\u00f3n, el mandatario entrerriano manifest\u00f3: \u201cEstoy muy feliz de estar en Racedo, ten\u00eda muchas ganas de venir. Tal vez nos demoramos un poquito m\u00e1s por razones de trabajo porque, gracias a Dios, hay mucho trabajo en nuestra provincia y a veces somos requeridos por la Presidenta\u201d, dijo el gobernador antes de recalcar que \u201clo que aqu\u00ed vivimos es realmente una fiesta, de todo coraz\u00f3n y sinceramente, importa mucho\u201d.<\/p>\n<p>Y a\u00f1adi\u00f3: \u201cYo s\u00e9 lo que significa para estos pueblos una obra como \u00e9sta. Yo nac\u00ed y viv\u00ed en Arroyo Bar\u00fa, donde antes no hab\u00eda pavimento, tampoco ten\u00eda escuela secundaria, mucho menos hab\u00eda trabajo. Hoy hay gente y amigos como Motta y Tonutti, que invierten para que este pueblo siga teniendo vida y creciendo, as\u00ed los adolescentes ya no se tienen que ir como se iban antes, a Rosario, Buenos Aires o C\u00f3rdoba. Por eso entiendo muy bien lo que significa hacer esta obra para que tantos gurises tengan el incentivo de la educaci\u00f3n desde muy chiquitos y a trav\u00e9s de ella puedan ser libres y cuando crezcan puedan formar aqu\u00ed una familia\u201d.<\/p>\n<p>Destac\u00f3 que \u201cjuntos estamos construyendo una Entre R\u00edos muy distinta a la que ten\u00edamos antes, como la que ve\u00edamos en las postales de los abuelos, pastoril. Ahora sigue estando la vaca, el campo, el carro, pero al lado tambi\u00e9n hay industrias que le dan valor agregado a la producci\u00f3n primaria de origen vegetal y animal. Y ese valor agregado se lo da en muchos lugares del pa\u00eds\u201d.<\/p>\n<p>El mandatario evoc\u00f3 que cuando ni\u00f1o \u201cve\u00eda como antes miles de entrerrianitos o entrerrianitas se iban a trabajar a las f\u00e1bricas que le daban valor agregado a la producci\u00f3n primaria entrerriana, verdaderamente una cosa tremenda\u201d. Y compar\u00f3 con la situaci\u00f3n actual donde \u201chay obras p\u00fablicas por todos lados, se lo puedo asegurar. En los \u00faltimos 50 a\u00f1os nunca hemos visto un gobierno nacional como el de nuestra Presidenta que nos ayude tanto a poner a Entre R\u00edos bien arriba como la estamos poniendo\u201d.<\/p>\n<p>En tal sentido detall\u00f3 que \u201chemos hecho muchos accesos pavimentados en estos cinco a\u00f1os a pueblos como las Cuevas con un pavimento de 500 metros . El domingo anterior inauguramos en Chajar\u00ed el acceso m\u00e1s grande 18,4 km de pavimento, tambi\u00e9n en Segu\u00ed, 14 km y tantos otros. Porque adem\u00e1s de darles la dignidad necesaria para ser ciudadanos de primera categor\u00eda, sab\u00edamos que a partir de tener el acceso pavimentado van a venir a radicarse industrias de pollos, de cerdos, o de lo que sea. Algo que estamos viendo con mucha satisfacci\u00f3n que suceda en nuestra provincia, y as\u00ed se va posicionando a la altura de otras\u201d.<\/p>\n<p>\u201cSabemos que falta mucho por hacer, hemos hecho much\u00edsimo y siempre con la ayuda de la gente, entre todos los entrerrianos la provincia que todos so\u00f1amos. Les puedo asegurar que en todo el pa\u00eds no hay provincia tan cosmopolita: jud\u00edos, vascos, italianos, espa\u00f1oles, alemanes, de todo, vinieron a este pa\u00eds para tener la calidad de vida que tenemos hoy. Y queremos hacerla cada d\u00eda m\u00e1s grande, m\u00e1s pujante, para que cada d\u00eda haya m\u00e1s trabajo para nuestros j\u00f3venes se queden ac\u00e1. Hoy vamos a los pueblos y est\u00e1n llenos de gurises. Por ellos, por la juventud y las nuevas generaciones vamos a seguir trabajando para que Entre R\u00edos est\u00e9 cada vez mejor\u00bb, asegur\u00f3 el gobernador.<\/p>\n<p>Por su parte, el presidente de la junta de gobierno de estaci\u00f3n General Racedo,<strong> Fabi\u00e1n Rodr\u00edguez,<\/strong> destac\u00f3 no s\u00f3lo \u201cla obra del jard\u00edn de infantes\u201d, sino tambi\u00e9n \u201cla obra de 72 calles con cord\u00f3n cuneta, la del gas natural y la repavimentaci\u00f3n de Racedo hasta Etchevehere\u201d. Manifest\u00f3, dirigi\u00e9ndose al gobernador que \u201ces un orgullo enorme que est\u00e9 aqu\u00ed en esta localidad acompa\u00f1ando a la gente\u201d.<\/p>\n","protected":false},"excerpt":{"rendered":"<p>&laquo;Junto a la gran mayor&iacute;a de la sociedad entrerriana estamos construyendo una Entre R&iacute;os muy distinta a la que ten&iacute;amos. La nuestra ya no es la postal de la vaca, el campo y el carro. Ahora al lado de la vaca, el campo y el carro, hay industrias que le dan valor agregado a la [&hellip;]<\/p>\n","protected":false},"author":2,"featured_media":0,"comment_status":"open","ping_status":"open","sticky":false,"template":"","format":"standard","meta":{"fifu_image_url":"","fifu_image_alt":"","footnotes":""},"categories":[5],"tags":[],"class_list":{"0":"post-2529","1":"post","2":"type-post","3":"status-publish","4":"format-standard","6":"category-zonales"},"yoast_head":"<title>Racedo: Urribarri inaugur\u00f3 el nuevo edificio del jard\u00edn de infantes de la escuela N\u00b0 11 - Informe Litoral<\/title>\n<meta name=\"robots\" content=\"index, follow, max-snippet:-1, max-image-preview:large, max-video-preview:-1\" \/>\n<link rel=\"canonical\" href=\"https:\/\/informelitoral.com.ar\/racedo-urribarri-inauguro-el-nuevo-edificio-del-jardin-de-infantes-de-la-escuela-n-11\/\" \/>\n<meta property=\"og:locale\" content=\"es_ES\" \/>\n<meta property=\"og:type\" content=\"article\" \/>\n<meta property=\"og:title\" content=\"Racedo: Urribarri inaugur\u00f3 el nuevo edificio del jard\u00edn de infantes de la escuela N\u00b0 11 - Informe Litoral\" \/>\n<meta property=\"og:description\" content=\"&laquo;Junto a la gran mayor&iacute;a de la sociedad entrerriana estamos construyendo una Entre R&iacute;os muy distinta a la que ten&iacute;amos. La nuestra ya no es la postal de la vaca, el campo y el carro. Ahora al lado de la vaca, el campo y el carro, hay industrias que le dan valor agregado a la [&hellip;]\" \/>\n<meta property=\"og:url\" content=\"https:\/\/informelitoral.com.ar\/racedo-urribarri-inauguro-el-nuevo-edificio-del-jardin-de-infantes-de-la-escuela-n-11\/\" \/>\n<meta property=\"og:site_name\" content=\"Informe Litoral\" \/>\n<meta property=\"article:publisher\" content=\"https:\/\/www.facebook.com\/informelitoral\/\" \/>\n<meta property=\"article:published_time\" content=\"2013-07-23T02:34:15+00:00\" \/>\n<meta property=\"og:image\" content=\"https:\/\/informelitoral.com.ar\/%77%70%2d%63%6f%6e%74%65%6e%74\/uploads\/2013\/07\/racedo.jpg\" \/>\n\t<meta property=\"og:image:width\" content=\"492\" \/>\n\t<meta property=\"og:image:height\" content=\"326\" \/>\n\t<meta property=\"og:image:type\" content=\"image\/jpeg\" \/>\n<meta name=\"author\" content=\"Gonzalo Schmidt\" \/>\n<meta name=\"twitter:card\" content=\"summary_large_image\" \/>\n<meta name=\"twitter:creator\" content=\"@InformeLitoral\" \/>\n<meta name=\"twitter:site\" content=\"@InformeLitoral\" \/>\n<meta name=\"twitter:label1\" content=\"Escrito por\" \/>\n\t<meta name=\"twitter:data1\" content=\"Gonzalo Schmidt\" \/>\n\t<meta name=\"twitter:label2\" content=\"Tiempo de lectura\" \/>\n\t<meta name=\"twitter:data2\" content=\"4 minutos\" \/>\n<script type=\"application\/ld+json\" class=\"yoast-schema-graph\">{\"@context\":\"https:\\\/\\\/schema.org\",\"@graph\":[{\"@type\":\"Article\",\"@id\":\"https:\\\/\\\/informelitoral.com.ar\\\/racedo-urribarri-inauguro-el-nuevo-edificio-del-jardin-de-infantes-de-la-escuela-n-11\\\/#article\",\"isPartOf\":{\"@id\":\"https:\\\/\\\/informelitoral.com.ar\\\/racedo-urribarri-inauguro-el-nuevo-edificio-del-jardin-de-infantes-de-la-escuela-n-11\\\/\"},\"author\":{\"name\":\"Gonzalo Schmidt\",\"@id\":\"https:\\\/\\\/informelitoral.com.ar\\\/#\\\/schema\\\/person\\\/b9d00407c836482871ef1d57bf8e3180\"},\"headline\":\"Racedo: Urribarri inaugur\u00f3 el nuevo edificio del jard\u00edn de infantes de la escuela N\u00b0 11\",\"datePublished\":\"2013-07-23T02:34:15+00:00\",\"mainEntityOfPage\":{\"@id\":\"https:\\\/\\\/informelitoral.com.ar\\\/racedo-urribarri-inauguro-el-nuevo-edificio-del-jardin-de-infantes-de-la-escuela-n-11\\\/\"},\"wordCount\":888,\"commentCount\":0,\"publisher\":{\"@id\":\"https:\\\/\\\/informelitoral.com.ar\\\/#organization\"},\"image\":{\"@id\":\"https:\\\/\\\/informelitoral.com.ar\\\/racedo-urribarri-inauguro-el-nuevo-edificio-del-jardin-de-infantes-de-la-escuela-n-11\\\/#primaryimage\"},\"thumbnailUrl\":\"http:\\\/\\\/www.isletasnoticias.com.ar\\\/%77%70%2d%63%6f%6e%74%65%6e%74\\\/uploads\\\/2013\\\/07\\\/racedo-300x198.jpg\",\"articleSection\":[\"Departamento Diamante\"],\"inLanguage\":\"es\",\"potentialAction\":[{\"@type\":\"CommentAction\",\"name\":\"Comment\",\"target\":[\"https:\\\/\\\/informelitoral.com.ar\\\/racedo-urribarri-inauguro-el-nuevo-edificio-del-jardin-de-infantes-de-la-escuela-n-11\\\/#respond\"]}]},{\"@type\":\"WebPage\",\"@id\":\"https:\\\/\\\/informelitoral.com.ar\\\/racedo-urribarri-inauguro-el-nuevo-edificio-del-jardin-de-infantes-de-la-escuela-n-11\\\/\",\"url\":\"https:\\\/\\\/informelitoral.com.ar\\\/racedo-urribarri-inauguro-el-nuevo-edificio-del-jardin-de-infantes-de-la-escuela-n-11\\\/\",\"name\":\"Racedo: Urribarri inaugur\u00f3 el nuevo edificio del jard\u00edn de infantes de la escuela N\u00b0 11 - Informe Litoral\",\"isPartOf\":{\"@id\":\"https:\\\/\\\/informelitoral.com.ar\\\/#website\"},\"primaryImageOfPage\":{\"@id\":\"https:\\\/\\\/informelitoral.com.ar\\\/racedo-urribarri-inauguro-el-nuevo-edificio-del-jardin-de-infantes-de-la-escuela-n-11\\\/#primaryimage\"},\"image\":{\"@id\":\"https:\\\/\\\/informelitoral.com.ar\\\/racedo-urribarri-inauguro-el-nuevo-edificio-del-jardin-de-infantes-de-la-escuela-n-11\\\/#primaryimage\"},\"thumbnailUrl\":\"http:\\\/\\\/www.isletasnoticias.com.ar\\\/%77%70%2d%63%6f%6e%74%65%6e%74\\\/uploads\\\/2013\\\/07\\\/racedo-300x198.jpg\",\"datePublished\":\"2013-07-23T02:34:15+00:00\",\"breadcrumb\":{\"@id\":\"https:\\\/\\\/informelitoral.com.ar\\\/racedo-urribarri-inauguro-el-nuevo-edificio-del-jardin-de-infantes-de-la-escuela-n-11\\\/#breadcrumb\"},\"inLanguage\":\"es\",\"potentialAction\":[{\"@type\":\"ReadAction\",\"target\":[\"https:\\\/\\\/informelitoral.com.ar\\\/racedo-urribarri-inauguro-el-nuevo-edificio-del-jardin-de-infantes-de-la-escuela-n-11\\\/\"]}]},{\"@type\":\"ImageObject\",\"inLanguage\":\"es\",\"@id\":\"https:\\\/\\\/informelitoral.com.ar\\\/racedo-urribarri-inauguro-el-nuevo-edificio-del-jardin-de-infantes-de-la-escuela-n-11\\\/#primaryimage\",\"url\":\"http:\\\/\\\/www.isletasnoticias.com.ar\\\/%77%70%2d%63%6f%6e%74%65%6e%74\\\/uploads\\\/2013\\\/07\\\/racedo-300x198.jpg\",\"contentUrl\":\"http:\\\/\\\/www.isletasnoticias.com.ar\\\/%77%70%2d%63%6f%6e%74%65%6e%74\\\/uploads\\\/2013\\\/07\\\/racedo-300x198.jpg\"},{\"@type\":\"BreadcrumbList\",\"@id\":\"https:\\\/\\\/informelitoral.com.ar\\\/racedo-urribarri-inauguro-el-nuevo-edificio-del-jardin-de-infantes-de-la-escuela-n-11\\\/#breadcrumb\",\"itemListElement\":[{\"@type\":\"ListItem\",\"position\":1,\"name\":\"Portada\",\"item\":\"https:\\\/\\\/informelitoral.com.ar\\\/\"},{\"@type\":\"ListItem\",\"position\":2,\"name\":\"Racedo: Urribarri inaugur\u00f3 el nuevo edificio del jard\u00edn de infantes de la escuela N\u00b0 11\"}]},{\"@type\":\"WebSite\",\"@id\":\"https:\\\/\\\/informelitoral.com.ar\\\/#website\",\"url\":\"https:\\\/\\\/informelitoral.com.ar\\\/\",\"name\":\"Informe Litoral\",\"description\":\"&quot;Nos informamos&quot; \",\"publisher\":{\"@id\":\"https:\\\/\\\/informelitoral.com.ar\\\/#organization\"},\"potentialAction\":[{\"@type\":\"SearchAction\",\"target\":{\"@type\":\"EntryPoint\",\"urlTemplate\":\"https:\\\/\\\/informelitoral.com.ar\\\/?s={search_term_string}\"},\"query-input\":{\"@type\":\"PropertyValueSpecification\",\"valueRequired\":true,\"valueName\":\"search_term_string\"}}],\"inLanguage\":\"es\"},{\"@type\":\"Organization\",\"@id\":\"https:\\\/\\\/informelitoral.com.ar\\\/#organization\",\"name\":\"Informe Litoral\",\"url\":\"https:\\\/\\\/informelitoral.com.ar\\\/\",\"logo\":{\"@type\":\"ImageObject\",\"inLanguage\":\"es\",\"@id\":\"https:\\\/\\\/informelitoral.com.ar\\\/#\\\/schema\\\/logo\\\/image\\\/\",\"url\":\"https:\\\/\\\/informelitoral.com.ar\\\/%77%70%2d%63%6f%6e%74%65%6e%74\\\/uploads\\\/2021\\\/01\\\/circulo.png\",\"contentUrl\":\"https:\\\/\\\/informelitoral.com.ar\\\/%77%70%2d%63%6f%6e%74%65%6e%74\\\/uploads\\\/2021\\\/01\\\/circulo.png\",\"width\":723,\"height\":731,\"caption\":\"Informe Litoral\"},\"image\":{\"@id\":\"https:\\\/\\\/informelitoral.com.ar\\\/#\\\/schema\\\/logo\\\/image\\\/\"},\"sameAs\":[\"https:\\\/\\\/www.facebook.com\\\/informelitoral\\\/\",\"https:\\\/\\\/x.com\\\/InformeLitoral\",\"https:\\\/\\\/www.instagram.com\\\/informelitoral\\\/\",\"https:\\\/\\\/www.youtube.com\\\/channel\\\/UCua4Qvz8Icb6MYqhoq9xLXw\"]},{\"@type\":\"Person\",\"@id\":\"https:\\\/\\\/informelitoral.com.ar\\\/#\\\/schema\\\/person\\\/b9d00407c836482871ef1d57bf8e3180\",\"name\":\"Gonzalo Schmidt\",\"image\":{\"@type\":\"ImageObject\",\"inLanguage\":\"es\",\"@id\":\"https:\\\/\\\/secure.gravatar.com\\\/avatar\\\/31a1a7b66ff2de83bd0e9fd79d026630d2d99e55e8bfe501287647b4fd9743de?s=96&d=mm&r=g\",\"url\":\"https:\\\/\\\/secure.gravatar.com\\\/avatar\\\/31a1a7b66ff2de83bd0e9fd79d026630d2d99e55e8bfe501287647b4fd9743de?s=96&d=mm&r=g\",\"contentUrl\":\"https:\\\/\\\/secure.gravatar.com\\\/avatar\\\/31a1a7b66ff2de83bd0e9fd79d026630d2d99e55e8bfe501287647b4fd9743de?s=96&d=mm&r=g\",\"caption\":\"Gonzalo Schmidt\"},\"description\":\"Sitio web de noticias de la provincia de Entre R\u00edos, Argentina. Informaci\u00f3n y entretenimiento. Informe Litoral, nos informamos.\",\"sameAs\":[\"http:\\\/\\\/www.isletasnoticias.com.ar\"],\"url\":\"https:\\\/\\\/informelitoral.com.ar\\\/author\\\/gonzalo\\\/\"}]}<\/script>","yoast_head_json":{"title":"Racedo: Urribarri inaugur\u00f3 el nuevo edificio del jard\u00edn de infantes de la escuela N\u00b0 11 - Informe Litoral","robots":{"index":"index","follow":"follow","max-snippet":"max-snippet:-1","max-image-preview":"max-image-preview:large","max-video-preview":"max-video-preview:-1"},"canonical":"https:\/\/informelitoral.com.ar\/racedo-urribarri-inauguro-el-nuevo-edificio-del-jardin-de-infantes-de-la-escuela-n-11\/","og_locale":"es_ES","og_type":"article","og_title":"Racedo: Urribarri inaugur\u00f3 el nuevo edificio del jard\u00edn de infantes de la escuela N\u00b0 11 - Informe Litoral","og_description":"&laquo;Junto a la gran mayor&iacute;a de la sociedad entrerriana estamos construyendo una Entre R&iacute;os muy distinta a la que ten&iacute;amos. La nuestra ya no es la postal de la vaca, el campo y el carro. Ahora al lado de la vaca, el campo y el carro, hay industrias que le dan valor agregado a la [&hellip;]","og_url":"https:\/\/informelitoral.com.ar\/racedo-urribarri-inauguro-el-nuevo-edificio-del-jardin-de-infantes-de-la-escuela-n-11\/","og_site_name":"Informe Litoral","article_publisher":"https:\/\/www.facebook.com\/informelitoral\/","article_published_time":"2013-07-23T02:34:15+00:00","og_image":[{"width":492,"height":326,"url":"https:\/\/informelitoral.com.ar\/%77%70%2d%63%6f%6e%74%65%6e%74\/uploads\/2013\/07\/racedo.jpg","type":"image\/jpeg"}],"author":"Gonzalo Schmidt","twitter_card":"summary_large_image","twitter_creator":"@InformeLitoral","twitter_site":"@InformeLitoral","twitter_misc":{"Escrito por":"Gonzalo Schmidt","Tiempo de lectura":"4 minutos"},"schema":{"@context":"https:\/\/schema.org","@graph":[{"@type":"Article","@id":"https:\/\/informelitoral.com.ar\/racedo-urribarri-inauguro-el-nuevo-edificio-del-jardin-de-infantes-de-la-escuela-n-11\/#article","isPartOf":{"@id":"https:\/\/informelitoral.com.ar\/racedo-urribarri-inauguro-el-nuevo-edificio-del-jardin-de-infantes-de-la-escuela-n-11\/"},"author":{"name":"Gonzalo Schmidt","@id":"https:\/\/informelitoral.com.ar\/#\/schema\/person\/b9d00407c836482871ef1d57bf8e3180"},"headline":"Racedo: Urribarri inaugur\u00f3 el nuevo edificio del jard\u00edn de infantes de la escuela N\u00b0 11","datePublished":"2013-07-23T02:34:15+00:00","mainEntityOfPage":{"@id":"https:\/\/informelitoral.com.ar\/racedo-urribarri-inauguro-el-nuevo-edificio-del-jardin-de-infantes-de-la-escuela-n-11\/"},"wordCount":888,"commentCount":0,"publisher":{"@id":"https:\/\/informelitoral.com.ar\/#organization"},"image":{"@id":"https:\/\/informelitoral.com.ar\/racedo-urribarri-inauguro-el-nuevo-edificio-del-jardin-de-infantes-de-la-escuela-n-11\/#primaryimage"},"thumbnailUrl":"http:\/\/www.isletasnoticias.com.ar\/%77%70%2d%63%6f%6e%74%65%6e%74\/uploads\/2013\/07\/racedo-300x198.jpg","articleSection":["Departamento Diamante"],"inLanguage":"es","potentialAction":[{"@type":"CommentAction","name":"Comment","target":["https:\/\/informelitoral.com.ar\/racedo-urribarri-inauguro-el-nuevo-edificio-del-jardin-de-infantes-de-la-escuela-n-11\/#respond"]}]},{"@type":"WebPage","@id":"https:\/\/informelitoral.com.ar\/racedo-urribarri-inauguro-el-nuevo-edificio-del-jardin-de-infantes-de-la-escuela-n-11\/","url":"https:\/\/informelitoral.com.ar\/racedo-urribarri-inauguro-el-nuevo-edificio-del-jardin-de-infantes-de-la-escuela-n-11\/","name":"Racedo: Urribarri inaugur\u00f3 el nuevo edificio del jard\u00edn de infantes de la escuela N\u00b0 11 - Informe Litoral","isPartOf":{"@id":"https:\/\/informelitoral.com.ar\/#website"},"primaryImageOfPage":{"@id":"https:\/\/informelitoral.com.ar\/racedo-urribarri-inauguro-el-nuevo-edificio-del-jardin-de-infantes-de-la-escuela-n-11\/#primaryimage"},"image":{"@id":"https:\/\/informelitoral.com.ar\/racedo-urribarri-inauguro-el-nuevo-edificio-del-jardin-de-infantes-de-la-escuela-n-11\/#primaryimage"},"thumbnailUrl":"http:\/\/www.isletasnoticias.com.ar\/%77%70%2d%63%6f%6e%74%65%6e%74\/uploads\/2013\/07\/racedo-300x198.jpg","datePublished":"2013-07-23T02:34:15+00:00","breadcrumb":{"@id":"https:\/\/informelitoral.com.ar\/racedo-urribarri-inauguro-el-nuevo-edificio-del-jardin-de-infantes-de-la-escuela-n-11\/#breadcrumb"},"inLanguage":"es","potentialAction":[{"@type":"ReadAction","target":["https:\/\/informelitoral.com.ar\/racedo-urribarri-inauguro-el-nuevo-edificio-del-jardin-de-infantes-de-la-escuela-n-11\/"]}]},{"@type":"ImageObject","inLanguage":"es","@id":"https:\/\/informelitoral.com.ar\/racedo-urribarri-inauguro-el-nuevo-edificio-del-jardin-de-infantes-de-la-escuela-n-11\/#primaryimage","url":"http:\/\/www.isletasnoticias.com.ar\/%77%70%2d%63%6f%6e%74%65%6e%74\/uploads\/2013\/07\/racedo-300x198.jpg","contentUrl":"http:\/\/www.isletasnoticias.com.ar\/%77%70%2d%63%6f%6e%74%65%6e%74\/uploads\/2013\/07\/racedo-300x198.jpg"},{"@type":"BreadcrumbList","@id":"https:\/\/informelitoral.com.ar\/racedo-urribarri-inauguro-el-nuevo-edificio-del-jardin-de-infantes-de-la-escuela-n-11\/#breadcrumb","itemListElement":[{"@type":"ListItem","position":1,"name":"Portada","item":"https:\/\/informelitoral.com.ar\/"},{"@type":"ListItem","position":2,"name":"Racedo: Urribarri inaugur\u00f3 el nuevo edificio del jard\u00edn de infantes de la escuela N\u00b0 11"}]},{"@type":"WebSite","@id":"https:\/\/informelitoral.com.ar\/#website","url":"https:\/\/informelitoral.com.ar\/","name":"Informe Litoral","description":"&quot;Nos informamos&quot; ","publisher":{"@id":"https:\/\/informelitoral.com.ar\/#organization"},"potentialAction":[{"@type":"SearchAction","target":{"@type":"EntryPoint","urlTemplate":"https:\/\/informelitoral.com.ar\/?s={search_term_string}"},"query-input":{"@type":"PropertyValueSpecification","valueRequired":true,"valueName":"search_term_string"}}],"inLanguage":"es"},{"@type":"Organization","@id":"https:\/\/informelitoral.com.ar\/#organization","name":"Informe Litoral","url":"https:\/\/informelitoral.com.ar\/","logo":{"@type":"ImageObject","inLanguage":"es","@id":"https:\/\/informelitoral.com.ar\/#\/schema\/logo\/image\/","url":"https:\/\/informelitoral.com.ar\/%77%70%2d%63%6f%6e%74%65%6e%74\/uploads\/2021\/01\/circulo.png","contentUrl":"https:\/\/informelitoral.com.ar\/%77%70%2d%63%6f%6e%74%65%6e%74\/uploads\/2021\/01\/circulo.png","width":723,"height":731,"caption":"Informe Litoral"},"image":{"@id":"https:\/\/informelitoral.com.ar\/#\/schema\/logo\/image\/"},"sameAs":["https:\/\/www.facebook.com\/informelitoral\/","https:\/\/x.com\/InformeLitoral","https:\/\/www.instagram.com\/informelitoral\/","https:\/\/www.youtube.com\/channel\/UCua4Qvz8Icb6MYqhoq9xLXw"]},{"@type":"Person","@id":"https:\/\/informelitoral.com.ar\/#\/schema\/person\/b9d00407c836482871ef1d57bf8e3180","name":"Gonzalo Schmidt","image":{"@type":"ImageObject","inLanguage":"es","@id":"https:\/\/secure.gravatar.com\/avatar\/31a1a7b66ff2de83bd0e9fd79d026630d2d99e55e8bfe501287647b4fd9743de?s=96&d=mm&r=g","url":"https:\/\/secure.gravatar.com\/avatar\/31a1a7b66ff2de83bd0e9fd79d026630d2d99e55e8bfe501287647b4fd9743de?s=96&d=mm&r=g","contentUrl":"https:\/\/secure.gravatar.com\/avatar\/31a1a7b66ff2de83bd0e9fd79d026630d2d99e55e8bfe501287647b4fd9743de?s=96&d=mm&r=g","caption":"Gonzalo Schmidt"},"description":"Sitio web de noticias de la provincia de Entre R\u00edos, Argentina. Informaci\u00f3n y entretenimiento. Informe Litoral, nos informamos.","sameAs":["http:\/\/www.isletasnoticias.com.ar"],"url":"https:\/\/informelitoral.com.ar\/author\/gonzalo\/"}]}},"_links":{"self":[{"href":"https:\/\/informelitoral.com.ar\/%77%70%2d%6a%73%6f%6e\/wp\/v2\/posts\/2529","targetHints":{"allow":["GET"]}}],"collection":[{"href":"https:\/\/informelitoral.com.ar\/%77%70%2d%6a%73%6f%6e\/wp\/v2\/posts"}],"about":[{"href":"https:\/\/informelitoral.com.ar\/%77%70%2d%6a%73%6f%6e\/wp\/v2\/types\/post"}],"author":[{"embeddable":true,"href":"https:\/\/informelitoral.com.ar\/%77%70%2d%6a%73%6f%6e\/wp\/v2\/users\/2"}],"replies":[{"embeddable":true,"href":"https:\/\/informelitoral.com.ar\/%77%70%2d%6a%73%6f%6e\/wp\/v2\/comments?post=2529"}],"version-history":[{"count":0,"href":"https:\/\/informelitoral.com.ar\/%77%70%2d%6a%73%6f%6e\/wp\/v2\/posts\/2529\/revisions"}],"wp:attachment":[{"href":"https:\/\/informelitoral.com.ar\/%77%70%2d%6a%73%6f%6e\/wp\/v2\/media?parent=2529"}],"wp:term":[{"taxonomy":"category","embeddable":true,"href":"https:\/\/informelitoral.com.ar\/%77%70%2d%6a%73%6f%6e\/wp\/v2\/categories?post=2529"},{"taxonomy":"post_tag","embeddable":true,"href":"https:\/\/informelitoral.com.ar\/%77%70%2d%6a%73%6f%6e\/wp\/v2\/tags?post=2529"}],"curies":[{"name":"wp","href":"https:\/\/api.w.org\/{rel}","templated":true}]}}