{"id":252824,"date":"2026-03-10T08:40:29","date_gmt":"2026-03-10T11:40:29","guid":{"rendered":"https:\/\/informelitoral.com.ar\/?p=252824"},"modified":"2026-03-10T08:40:29","modified_gmt":"2026-03-10T11:40:29","slug":"combustible-la-suba-del-petroleo-global-presiona-una-inflacion-cada-vez-mas-sensible-a-la-nafta","status":"publish","type":"post","link":"https:\/\/informelitoral.com.ar\/combustible-la-suba-del-petroleo-global-presiona-una-inflacion-cada-vez-mas-sensible-a-la-nafta\/","title":{"rendered":"Combustible: la suba del petr\u00f3leo global presiona una inflaci\u00f3n cada vez m\u00e1s sensible a la nafta"},"content":{"rendered":"<p data-path-to-node=\"5\">La velocidad del rayo. Esa es la principal preocupaci\u00f3n de los analistas ante la reciente escalada del petr\u00f3leo en los mercados internacionales, que ya perfor\u00f3 la barrera de los <b data-path-to-node=\"5\" data-index-in-node=\"178\">100 d\u00f3lares<\/b>. M\u00e1s all\u00e1 del valor nominal, la rapidez del ascenso sugiere un escenario de inestabilidad geopol\u00edtica que impacta directamente en las expectativas inflacionarias de Argentina, un pa\u00eds donde el precio del combustible se ha vuelto un term\u00f3metro cr\u00edtico para el resto de los bienes.<\/p>\n<p data-path-to-node=\"5\"><a href=\"https:\/\/informelitoral.com.ar\/%77%70%2d%63%6f%6e%74%65%6e%74\/uploads\/2022\/03\/petroleo-PIXABAY-696x464-1.jpg\"><img loading=\"lazy\" decoding=\"async\" class=\"alignnone size-full wp-image-74141\" src=\"https:\/\/informelitoral.com.ar\/%77%70%2d%63%6f%6e%74%65%6e%74\/uploads\/2022\/03\/petroleo-PIXABAY-696x464-1.jpg\" alt=\"\" width=\"696\" height=\"464\" srcset=\"https:\/\/informelitoral.com.ar\/%77%70%2d%63%6f%6e%74%65%6e%74\/uploads\/2022\/03\/petroleo-PIXABAY-696x464-1.jpg 696w, https:\/\/informelitoral.com.ar\/%77%70%2d%63%6f%6e%74%65%6e%74\/uploads\/2022\/03\/petroleo-PIXABAY-696x464-1-300x200.jpg 300w, https:\/\/informelitoral.com.ar\/%77%70%2d%63%6f%6e%74%65%6e%74\/uploads\/2022\/03\/petroleo-PIXABAY-696x464-1-630x420.jpg 630w\" sizes=\"auto, (max-width: 696px) 100vw, 696px\" \/><\/a><\/p>\n<p data-path-to-node=\"7\">Hist\u00f3ricamente, la relaci\u00f3n entre lo que se paga en el surtidor y el \u00cdndice de Precios al Consumidor (IPC) ha sido estrecha, con una correlaci\u00f3n cercana al <b data-path-to-node=\"7\" data-index-in-node=\"156\">73%<\/b> desde 2015. Sin embargo, tras la desregulaci\u00f3n econ\u00f3mica iniciada a fines de 2023, este v\u00ednculo se volvi\u00f3 casi simbi\u00f3tico.<\/p>\n<p data-path-to-node=\"8\">Seg\u00fan datos recientes, la correlaci\u00f3n trep\u00f3 al <b data-path-to-node=\"8\" data-index-in-node=\"47\">84%<\/b>, lo que implica que cualquier movimiento en el precio de la nafta se traslada hoy con mayor fuerza y velocidad a las g\u00f3ndolas que en a\u00f1os anteriores. Adem\u00e1s, los estudios confirman un \u00abefecto residual\u00bb: los aumentos de hoy suelen actuar como un ancla pesada que tracciona la inflaci\u00f3n del mes siguiente con una incidencia del <b data-path-to-node=\"8\" data-index-in-node=\"377\">66%<\/b>.<\/p>\n<h6 data-path-to-node=\"8\"><em><strong>Del archivo:\u00a0<a href=\"https:\/\/informelitoral.com.ar\/shell-volvio-a-aumentar-el-precio-de-los-combustibles\/\" target=\"_blank\" rel=\"noopener\">Shell volvi\u00f3 a aumentar el precio de los combustibles<\/a><\/strong><\/em><\/h6>\n<h2 data-path-to-node=\"9\"><strong>\u00bfCara o barata? La paradoja del precio local<\/strong><\/h2>\n<p data-path-to-node=\"10\">Al analizar si la nafta en Argentina est\u00e1 en niveles razonables, la respuesta var\u00eda seg\u00fan la moneda que se utilice:<\/p>\n<ul data-path-to-node=\"11\">\n<li>\n<p data-path-to-node=\"11,0,0\"><b data-path-to-node=\"11,0,0\" data-index-in-node=\"0\">En pesos reales (ajustados por inflaci\u00f3n):<\/b> El valor de la nafta s\u00faper todav\u00eda se encuentra por debajo del promedio hist\u00f3rico desde 2015. Bajo esta lente, el combustible a\u00fan tendr\u00eda margen para subir.<\/p>\n<\/li>\n<li>\n<p data-path-to-node=\"11,1,0\"><b data-path-to-node=\"11,1,0\" data-index-in-node=\"0\">En d\u00f3lares:<\/b> La realidad es opuesta. A fines de febrero, el litro alcanz\u00f3 los <b data-path-to-node=\"11,1,0\" data-index-in-node=\"77\">1,14 d\u00f3lares<\/b>, superando el promedio hist\u00f3rico de la \u00faltima d\u00e9cada.<\/p>\n<\/li>\n<\/ul>\n<p data-path-to-node=\"12\">Esta brecha es especialmente notable al comparar con otros productores. Mientras en Argentina el litro supera el d\u00f3lar, en <b data-path-to-node=\"12\" data-index-in-node=\"123\">Estados Unidos<\/b> ronda los <b data-path-to-node=\"12\" data-index-in-node=\"148\">0,76 d\u00f3lares<\/b>, a pesar de que ambos pa\u00edses son productores de crudo.<\/p>\n<table style=\"width: 84.7701%; height: 97px;\" data-path-to-node=\"13\">\n<thead>\n<tr>\n<td><strong>Referencia<\/strong><\/td>\n<td><strong>Precio por Litro (USD)<\/strong><\/td>\n<\/tr>\n<\/thead>\n<tbody>\n<tr>\n<td><span data-path-to-node=\"13,1,0,0\"><b data-path-to-node=\"13,1,0,0\" data-index-in-node=\"0\">Argentina (S\u00faper)<\/b><\/span><\/td>\n<td><span data-path-to-node=\"13,1,1,0\"><b data-path-to-node=\"13,1,1,0\" data-index-in-node=\"0\">1,14<\/b><\/span><\/td>\n<\/tr>\n<tr>\n<td><span data-path-to-node=\"13,2,0,0\"><b data-path-to-node=\"13,2,0,0\" data-index-in-node=\"0\">Estados Unidos<\/b><\/span><\/td>\n<td><span data-path-to-node=\"13,2,1,0\"><b data-path-to-node=\"13,2,1,0\" data-index-in-node=\"0\">0,76<\/b><\/span><\/td>\n<\/tr>\n<tr>\n<td><span data-path-to-node=\"13,3,0,0\"><i data-path-to-node=\"13,3,0,0\" data-index-in-node=\"0\">Promedio Hist\u00f3rico Arg.<\/i><\/span><\/td>\n<td><span data-path-to-node=\"13,3,1,0\"><i data-path-to-node=\"13,3,1,0\" data-index-in-node=\"0\">&lt; 1,10<\/i><\/span><\/td>\n<\/tr>\n<\/tbody>\n<\/table>\n<h2 data-path-to-node=\"14\"><strong>El mito del barril internacional<\/strong><\/h2>\n<p data-path-to-node=\"15\">Curiosamente, el precio del barril (Brent o WTI) no es el \u00abjefe\u00bb absoluto de los precios en Argentina. La estad\u00edstica muestra que la correlaci\u00f3n entre el crudo mundial y la nafta local es inferior al <b data-path-to-node=\"15\" data-index-in-node=\"200\">14%<\/b>.<\/p>\n<p data-path-to-node=\"16\">A diferencia de Estados Unidos, donde el surtidor copia casi instant\u00e1neamente al mercado global (correlaci\u00f3n del 84%), en Argentina el precio final depende m\u00e1s de <b data-path-to-node=\"16\" data-index-in-node=\"163\">decisiones de pol\u00edtica econ\u00f3mica, costos internos de refinaci\u00f3n y estrategias comerciales<\/b> de las petroleras.<\/p>\n<p data-path-to-node=\"17\">Sin embargo, los especialistas advierten que nadie es una isla. Aunque el petr\u00f3leo no suba la nafta de forma lineal, s\u00ed encarece la log\u00edstica, el transporte y la generaci\u00f3n de energ\u00eda. En una econom\u00eda que intenta estabilizarse, el \u00aboro negro\u00bb vuelve a ser el invitado inesperado que podr\u00eda complicar los planes oficiales de desinflaci\u00f3n.<\/p>\n","protected":false},"excerpt":{"rendered":"<p>Aunque el crudo internacional no siempre dicta el precio en el surtidor local, la correlaci\u00f3n entre los combustibles y el IPC salt\u00f3 al 84% tras la desregulaci\u00f3n, encendiendo alarmas en la econom\u00eda argentina.<\/p>\n","protected":false},"author":8,"featured_media":92594,"comment_status":"open","ping_status":"open","sticky":false,"template":"","format":"standard","meta":{"fifu_image_url":"","fifu_image_alt":"","footnotes":""},"categories":[1594],"tags":[155,156,2499],"class_list":{"0":"post-252824","1":"post","2":"type-post","3":"status-publish","4":"format-standard","5":"has-post-thumbnail","7":"category-economia","8":"tag-aumentos","9":"tag-combustibles","10":"tag-petroleo"},"yoast_head":"<title>Combustible: la suba del petr\u00f3leo global presiona una inflaci\u00f3n cada vez m\u00e1s sensible a la nafta - Informe Litoral<\/title>\n<meta name=\"robots\" content=\"index, follow, max-snippet:-1, max-image-preview:large, max-video-preview:-1\" \/>\n<link rel=\"canonical\" href=\"https:\/\/informelitoral.com.ar\/combustible-la-suba-del-petroleo-global-presiona-una-inflacion-cada-vez-mas-sensible-a-la-nafta\/\" \/>\n<meta property=\"og:locale\" content=\"es_ES\" \/>\n<meta property=\"og:type\" content=\"article\" \/>\n<meta property=\"og:title\" content=\"Combustible: la suba del petr\u00f3leo global presiona una inflaci\u00f3n cada vez m\u00e1s sensible a la nafta - Informe Litoral\" \/>\n<meta property=\"og:description\" content=\"Aunque el crudo internacional no siempre dicta el precio en el surtidor local, la correlaci\u00f3n entre los combustibles y el IPC salt\u00f3 al 84% tras la desregulaci\u00f3n, encendiendo alarmas en la econom\u00eda argentina.\" \/>\n<meta property=\"og:url\" content=\"https:\/\/informelitoral.com.ar\/combustible-la-suba-del-petroleo-global-presiona-una-inflacion-cada-vez-mas-sensible-a-la-nafta\/\" \/>\n<meta property=\"og:site_name\" content=\"Informe Litoral\" \/>\n<meta property=\"article:publisher\" content=\"https:\/\/www.facebook.com\/informelitoral\/\" \/>\n<meta property=\"article:published_time\" content=\"2026-03-10T11:40:29+00:00\" \/>\n<meta property=\"og:image\" content=\"https:\/\/informelitoral.com.ar\/%77%70%2d%63%6f%6e%74%65%6e%74\/uploads\/2022\/11\/precio-combustibles_2110232_20220801072103.jpg\" \/>\n\t<meta property=\"og:image:width\" content=\"600\" \/>\n\t<meta property=\"og:image:height\" content=\"370\" \/>\n\t<meta property=\"og:image:type\" content=\"image\/jpeg\" \/>\n<meta name=\"author\" content=\"Sebastian\" \/>\n<meta name=\"twitter:card\" content=\"summary_large_image\" \/>\n<meta name=\"twitter:creator\" content=\"@InformeLitoral\" \/>\n<meta name=\"twitter:site\" content=\"@InformeLitoral\" \/>\n<meta name=\"twitter:label1\" content=\"Escrito por\" \/>\n\t<meta name=\"twitter:data1\" content=\"Sebastian\" \/>\n\t<meta name=\"twitter:label2\" content=\"Tiempo de lectura\" \/>\n\t<meta name=\"twitter:data2\" content=\"3 minutos\" \/>\n<script type=\"application\/ld+json\" class=\"yoast-schema-graph\">{\"@context\":\"https:\\\/\\\/schema.org\",\"@graph\":[{\"@type\":\"Article\",\"@id\":\"https:\\\/\\\/informelitoral.com.ar\\\/combustible-la-suba-del-petroleo-global-presiona-una-inflacion-cada-vez-mas-sensible-a-la-nafta\\\/#article\",\"isPartOf\":{\"@id\":\"https:\\\/\\\/informelitoral.com.ar\\\/combustible-la-suba-del-petroleo-global-presiona-una-inflacion-cada-vez-mas-sensible-a-la-nafta\\\/\"},\"author\":{\"name\":\"Sebastian\",\"@id\":\"https:\\\/\\\/informelitoral.com.ar\\\/#\\\/schema\\\/person\\\/f05f9f461677119578717524b127d6d5\"},\"headline\":\"Combustible: la suba del petr\u00f3leo global presiona una inflaci\u00f3n cada vez m\u00e1s sensible a la nafta\",\"datePublished\":\"2026-03-10T11:40:29+00:00\",\"mainEntityOfPage\":{\"@id\":\"https:\\\/\\\/informelitoral.com.ar\\\/combustible-la-suba-del-petroleo-global-presiona-una-inflacion-cada-vez-mas-sensible-a-la-nafta\\\/\"},\"wordCount\":523,\"commentCount\":0,\"publisher\":{\"@id\":\"https:\\\/\\\/informelitoral.com.ar\\\/#organization\"},\"image\":{\"@id\":\"https:\\\/\\\/informelitoral.com.ar\\\/combustible-la-suba-del-petroleo-global-presiona-una-inflacion-cada-vez-mas-sensible-a-la-nafta\\\/#primaryimage\"},\"thumbnailUrl\":\"https:\\\/\\\/informelitoral.com.ar\\\/%77%70%2d%63%6f%6e%74%65%6e%74\\\/uploads\\\/2022\\\/11\\\/precio-combustibles_2110232_20220801072103.jpg\",\"keywords\":[\"Aumentos\",\"Combustibles\",\"Petroleo\"],\"articleSection\":[\"Econom\u00eda\"],\"inLanguage\":\"es\",\"potentialAction\":[{\"@type\":\"CommentAction\",\"name\":\"Comment\",\"target\":[\"https:\\\/\\\/informelitoral.com.ar\\\/combustible-la-suba-del-petroleo-global-presiona-una-inflacion-cada-vez-mas-sensible-a-la-nafta\\\/#respond\"]}]},{\"@type\":\"WebPage\",\"@id\":\"https:\\\/\\\/informelitoral.com.ar\\\/combustible-la-suba-del-petroleo-global-presiona-una-inflacion-cada-vez-mas-sensible-a-la-nafta\\\/\",\"url\":\"https:\\\/\\\/informelitoral.com.ar\\\/combustible-la-suba-del-petroleo-global-presiona-una-inflacion-cada-vez-mas-sensible-a-la-nafta\\\/\",\"name\":\"Combustible: la suba del petr\u00f3leo global presiona una inflaci\u00f3n cada vez m\u00e1s sensible a la nafta - Informe Litoral\",\"isPartOf\":{\"@id\":\"https:\\\/\\\/informelitoral.com.ar\\\/#website\"},\"primaryImageOfPage\":{\"@id\":\"https:\\\/\\\/informelitoral.com.ar\\\/combustible-la-suba-del-petroleo-global-presiona-una-inflacion-cada-vez-mas-sensible-a-la-nafta\\\/#primaryimage\"},\"image\":{\"@id\":\"https:\\\/\\\/informelitoral.com.ar\\\/combustible-la-suba-del-petroleo-global-presiona-una-inflacion-cada-vez-mas-sensible-a-la-nafta\\\/#primaryimage\"},\"thumbnailUrl\":\"https:\\\/\\\/informelitoral.com.ar\\\/%77%70%2d%63%6f%6e%74%65%6e%74\\\/uploads\\\/2022\\\/11\\\/precio-combustibles_2110232_20220801072103.jpg\",\"datePublished\":\"2026-03-10T11:40:29+00:00\",\"breadcrumb\":{\"@id\":\"https:\\\/\\\/informelitoral.com.ar\\\/combustible-la-suba-del-petroleo-global-presiona-una-inflacion-cada-vez-mas-sensible-a-la-nafta\\\/#breadcrumb\"},\"inLanguage\":\"es\",\"potentialAction\":[{\"@type\":\"ReadAction\",\"target\":[\"https:\\\/\\\/informelitoral.com.ar\\\/combustible-la-suba-del-petroleo-global-presiona-una-inflacion-cada-vez-mas-sensible-a-la-nafta\\\/\"]}]},{\"@type\":\"ImageObject\",\"inLanguage\":\"es\",\"@id\":\"https:\\\/\\\/informelitoral.com.ar\\\/combustible-la-suba-del-petroleo-global-presiona-una-inflacion-cada-vez-mas-sensible-a-la-nafta\\\/#primaryimage\",\"url\":\"https:\\\/\\\/informelitoral.com.ar\\\/%77%70%2d%63%6f%6e%74%65%6e%74\\\/uploads\\\/2022\\\/11\\\/precio-combustibles_2110232_20220801072103.jpg\",\"contentUrl\":\"https:\\\/\\\/informelitoral.com.ar\\\/%77%70%2d%63%6f%6e%74%65%6e%74\\\/uploads\\\/2022\\\/11\\\/precio-combustibles_2110232_20220801072103.jpg\",\"width\":600,\"height\":370},{\"@type\":\"BreadcrumbList\",\"@id\":\"https:\\\/\\\/informelitoral.com.ar\\\/combustible-la-suba-del-petroleo-global-presiona-una-inflacion-cada-vez-mas-sensible-a-la-nafta\\\/#breadcrumb\",\"itemListElement\":[{\"@type\":\"ListItem\",\"position\":1,\"name\":\"Portada\",\"item\":\"https:\\\/\\\/informelitoral.com.ar\\\/\"},{\"@type\":\"ListItem\",\"position\":2,\"name\":\"Combustible: la suba del petr\u00f3leo global presiona una inflaci\u00f3n cada vez m\u00e1s sensible a la nafta\"}]},{\"@type\":\"WebSite\",\"@id\":\"https:\\\/\\\/informelitoral.com.ar\\\/#website\",\"url\":\"https:\\\/\\\/informelitoral.com.ar\\\/\",\"name\":\"Informe Litoral\",\"description\":\"&quot;Nos informamos&quot; \",\"publisher\":{\"@id\":\"https:\\\/\\\/informelitoral.com.ar\\\/#organization\"},\"potentialAction\":[{\"@type\":\"SearchAction\",\"target\":{\"@type\":\"EntryPoint\",\"urlTemplate\":\"https:\\\/\\\/informelitoral.com.ar\\\/?s={search_term_string}\"},\"query-input\":{\"@type\":\"PropertyValueSpecification\",\"valueRequired\":true,\"valueName\":\"search_term_string\"}}],\"inLanguage\":\"es\"},{\"@type\":\"Organization\",\"@id\":\"https:\\\/\\\/informelitoral.com.ar\\\/#organization\",\"name\":\"Informe Litoral\",\"url\":\"https:\\\/\\\/informelitoral.com.ar\\\/\",\"logo\":{\"@type\":\"ImageObject\",\"inLanguage\":\"es\",\"@id\":\"https:\\\/\\\/informelitoral.com.ar\\\/#\\\/schema\\\/logo\\\/image\\\/\",\"url\":\"https:\\\/\\\/informelitoral.com.ar\\\/%77%70%2d%63%6f%6e%74%65%6e%74\\\/uploads\\\/2021\\\/01\\\/circulo.png\",\"contentUrl\":\"https:\\\/\\\/informelitoral.com.ar\\\/%77%70%2d%63%6f%6e%74%65%6e%74\\\/uploads\\\/2021\\\/01\\\/circulo.png\",\"width\":723,\"height\":731,\"caption\":\"Informe Litoral\"},\"image\":{\"@id\":\"https:\\\/\\\/informelitoral.com.ar\\\/#\\\/schema\\\/logo\\\/image\\\/\"},\"sameAs\":[\"https:\\\/\\\/www.facebook.com\\\/informelitoral\\\/\",\"https:\\\/\\\/x.com\\\/InformeLitoral\",\"https:\\\/\\\/www.instagram.com\\\/informelitoral\\\/\",\"https:\\\/\\\/www.youtube.com\\\/channel\\\/UCua4Qvz8Icb6MYqhoq9xLXw\"]},{\"@type\":\"Person\",\"@id\":\"https:\\\/\\\/informelitoral.com.ar\\\/#\\\/schema\\\/person\\\/f05f9f461677119578717524b127d6d5\",\"name\":\"Sebastian\",\"image\":{\"@type\":\"ImageObject\",\"inLanguage\":\"es\",\"@id\":\"https:\\\/\\\/secure.gravatar.com\\\/avatar\\\/b71bf7481d447dfb9583c7f2798e7cc64de6efb9067b74633ed8c31059a3bd82?s=96&d=mm&r=g\",\"url\":\"https:\\\/\\\/secure.gravatar.com\\\/avatar\\\/b71bf7481d447dfb9583c7f2798e7cc64de6efb9067b74633ed8c31059a3bd82?s=96&d=mm&r=g\",\"contentUrl\":\"https:\\\/\\\/secure.gravatar.com\\\/avatar\\\/b71bf7481d447dfb9583c7f2798e7cc64de6efb9067b74633ed8c31059a3bd82?s=96&d=mm&r=g\",\"caption\":\"Sebastian\"},\"url\":\"https:\\\/\\\/informelitoral.com.ar\\\/author\\\/sebastian\\\/\"}]}<\/script>","yoast_head_json":{"title":"Combustible: la suba del petr\u00f3leo global presiona una inflaci\u00f3n cada vez m\u00e1s sensible a la nafta - Informe Litoral","robots":{"index":"index","follow":"follow","max-snippet":"max-snippet:-1","max-image-preview":"max-image-preview:large","max-video-preview":"max-video-preview:-1"},"canonical":"https:\/\/informelitoral.com.ar\/combustible-la-suba-del-petroleo-global-presiona-una-inflacion-cada-vez-mas-sensible-a-la-nafta\/","og_locale":"es_ES","og_type":"article","og_title":"Combustible: la suba del petr\u00f3leo global presiona una inflaci\u00f3n cada vez m\u00e1s sensible a la nafta - Informe Litoral","og_description":"Aunque el crudo internacional no siempre dicta el precio en el surtidor local, la correlaci\u00f3n entre los combustibles y el IPC salt\u00f3 al 84% tras la desregulaci\u00f3n, encendiendo alarmas en la econom\u00eda argentina.","og_url":"https:\/\/informelitoral.com.ar\/combustible-la-suba-del-petroleo-global-presiona-una-inflacion-cada-vez-mas-sensible-a-la-nafta\/","og_site_name":"Informe Litoral","article_publisher":"https:\/\/www.facebook.com\/informelitoral\/","article_published_time":"2026-03-10T11:40:29+00:00","og_image":[{"width":600,"height":370,"url":"https:\/\/informelitoral.com.ar\/%77%70%2d%63%6f%6e%74%65%6e%74\/uploads\/2022\/11\/precio-combustibles_2110232_20220801072103.jpg","type":"image\/jpeg"}],"author":"Sebastian","twitter_card":"summary_large_image","twitter_creator":"@InformeLitoral","twitter_site":"@InformeLitoral","twitter_misc":{"Escrito por":"Sebastian","Tiempo de lectura":"3 minutos"},"schema":{"@context":"https:\/\/schema.org","@graph":[{"@type":"Article","@id":"https:\/\/informelitoral.com.ar\/combustible-la-suba-del-petroleo-global-presiona-una-inflacion-cada-vez-mas-sensible-a-la-nafta\/#article","isPartOf":{"@id":"https:\/\/informelitoral.com.ar\/combustible-la-suba-del-petroleo-global-presiona-una-inflacion-cada-vez-mas-sensible-a-la-nafta\/"},"author":{"name":"Sebastian","@id":"https:\/\/informelitoral.com.ar\/#\/schema\/person\/f05f9f461677119578717524b127d6d5"},"headline":"Combustible: la suba del petr\u00f3leo global presiona una inflaci\u00f3n cada vez m\u00e1s sensible a la nafta","datePublished":"2026-03-10T11:40:29+00:00","mainEntityOfPage":{"@id":"https:\/\/informelitoral.com.ar\/combustible-la-suba-del-petroleo-global-presiona-una-inflacion-cada-vez-mas-sensible-a-la-nafta\/"},"wordCount":523,"commentCount":0,"publisher":{"@id":"https:\/\/informelitoral.com.ar\/#organization"},"image":{"@id":"https:\/\/informelitoral.com.ar\/combustible-la-suba-del-petroleo-global-presiona-una-inflacion-cada-vez-mas-sensible-a-la-nafta\/#primaryimage"},"thumbnailUrl":"https:\/\/informelitoral.com.ar\/%77%70%2d%63%6f%6e%74%65%6e%74\/uploads\/2022\/11\/precio-combustibles_2110232_20220801072103.jpg","keywords":["Aumentos","Combustibles","Petroleo"],"articleSection":["Econom\u00eda"],"inLanguage":"es","potentialAction":[{"@type":"CommentAction","name":"Comment","target":["https:\/\/informelitoral.com.ar\/combustible-la-suba-del-petroleo-global-presiona-una-inflacion-cada-vez-mas-sensible-a-la-nafta\/#respond"]}]},{"@type":"WebPage","@id":"https:\/\/informelitoral.com.ar\/combustible-la-suba-del-petroleo-global-presiona-una-inflacion-cada-vez-mas-sensible-a-la-nafta\/","url":"https:\/\/informelitoral.com.ar\/combustible-la-suba-del-petroleo-global-presiona-una-inflacion-cada-vez-mas-sensible-a-la-nafta\/","name":"Combustible: la suba del petr\u00f3leo global presiona una inflaci\u00f3n cada vez m\u00e1s sensible a la nafta - Informe Litoral","isPartOf":{"@id":"https:\/\/informelitoral.com.ar\/#website"},"primaryImageOfPage":{"@id":"https:\/\/informelitoral.com.ar\/combustible-la-suba-del-petroleo-global-presiona-una-inflacion-cada-vez-mas-sensible-a-la-nafta\/#primaryimage"},"image":{"@id":"https:\/\/informelitoral.com.ar\/combustible-la-suba-del-petroleo-global-presiona-una-inflacion-cada-vez-mas-sensible-a-la-nafta\/#primaryimage"},"thumbnailUrl":"https:\/\/informelitoral.com.ar\/%77%70%2d%63%6f%6e%74%65%6e%74\/uploads\/2022\/11\/precio-combustibles_2110232_20220801072103.jpg","datePublished":"2026-03-10T11:40:29+00:00","breadcrumb":{"@id":"https:\/\/informelitoral.com.ar\/combustible-la-suba-del-petroleo-global-presiona-una-inflacion-cada-vez-mas-sensible-a-la-nafta\/#breadcrumb"},"inLanguage":"es","potentialAction":[{"@type":"ReadAction","target":["https:\/\/informelitoral.com.ar\/combustible-la-suba-del-petroleo-global-presiona-una-inflacion-cada-vez-mas-sensible-a-la-nafta\/"]}]},{"@type":"ImageObject","inLanguage":"es","@id":"https:\/\/informelitoral.com.ar\/combustible-la-suba-del-petroleo-global-presiona-una-inflacion-cada-vez-mas-sensible-a-la-nafta\/#primaryimage","url":"https:\/\/informelitoral.com.ar\/%77%70%2d%63%6f%6e%74%65%6e%74\/uploads\/2022\/11\/precio-combustibles_2110232_20220801072103.jpg","contentUrl":"https:\/\/informelitoral.com.ar\/%77%70%2d%63%6f%6e%74%65%6e%74\/uploads\/2022\/11\/precio-combustibles_2110232_20220801072103.jpg","width":600,"height":370},{"@type":"BreadcrumbList","@id":"https:\/\/informelitoral.com.ar\/combustible-la-suba-del-petroleo-global-presiona-una-inflacion-cada-vez-mas-sensible-a-la-nafta\/#breadcrumb","itemListElement":[{"@type":"ListItem","position":1,"name":"Portada","item":"https:\/\/informelitoral.com.ar\/"},{"@type":"ListItem","position":2,"name":"Combustible: la suba del petr\u00f3leo global presiona una inflaci\u00f3n cada vez m\u00e1s sensible a la nafta"}]},{"@type":"WebSite","@id":"https:\/\/informelitoral.com.ar\/#website","url":"https:\/\/informelitoral.com.ar\/","name":"Informe Litoral","description":"&quot;Nos informamos&quot; ","publisher":{"@id":"https:\/\/informelitoral.com.ar\/#organization"},"potentialAction":[{"@type":"SearchAction","target":{"@type":"EntryPoint","urlTemplate":"https:\/\/informelitoral.com.ar\/?s={search_term_string}"},"query-input":{"@type":"PropertyValueSpecification","valueRequired":true,"valueName":"search_term_string"}}],"inLanguage":"es"},{"@type":"Organization","@id":"https:\/\/informelitoral.com.ar\/#organization","name":"Informe Litoral","url":"https:\/\/informelitoral.com.ar\/","logo":{"@type":"ImageObject","inLanguage":"es","@id":"https:\/\/informelitoral.com.ar\/#\/schema\/logo\/image\/","url":"https:\/\/informelitoral.com.ar\/%77%70%2d%63%6f%6e%74%65%6e%74\/uploads\/2021\/01\/circulo.png","contentUrl":"https:\/\/informelitoral.com.ar\/%77%70%2d%63%6f%6e%74%65%6e%74\/uploads\/2021\/01\/circulo.png","width":723,"height":731,"caption":"Informe Litoral"},"image":{"@id":"https:\/\/informelitoral.com.ar\/#\/schema\/logo\/image\/"},"sameAs":["https:\/\/www.facebook.com\/informelitoral\/","https:\/\/x.com\/InformeLitoral","https:\/\/www.instagram.com\/informelitoral\/","https:\/\/www.youtube.com\/channel\/UCua4Qvz8Icb6MYqhoq9xLXw"]},{"@type":"Person","@id":"https:\/\/informelitoral.com.ar\/#\/schema\/person\/f05f9f461677119578717524b127d6d5","name":"Sebastian","image":{"@type":"ImageObject","inLanguage":"es","@id":"https:\/\/secure.gravatar.com\/avatar\/b71bf7481d447dfb9583c7f2798e7cc64de6efb9067b74633ed8c31059a3bd82?s=96&d=mm&r=g","url":"https:\/\/secure.gravatar.com\/avatar\/b71bf7481d447dfb9583c7f2798e7cc64de6efb9067b74633ed8c31059a3bd82?s=96&d=mm&r=g","contentUrl":"https:\/\/secure.gravatar.com\/avatar\/b71bf7481d447dfb9583c7f2798e7cc64de6efb9067b74633ed8c31059a3bd82?s=96&d=mm&r=g","caption":"Sebastian"},"url":"https:\/\/informelitoral.com.ar\/author\/sebastian\/"}]}},"_links":{"self":[{"href":"https:\/\/informelitoral.com.ar\/%77%70%2d%6a%73%6f%6e\/wp\/v2\/posts\/252824","targetHints":{"allow":["GET"]}}],"collection":[{"href":"https:\/\/informelitoral.com.ar\/%77%70%2d%6a%73%6f%6e\/wp\/v2\/posts"}],"about":[{"href":"https:\/\/informelitoral.com.ar\/%77%70%2d%6a%73%6f%6e\/wp\/v2\/types\/post"}],"author":[{"embeddable":true,"href":"https:\/\/informelitoral.com.ar\/%77%70%2d%6a%73%6f%6e\/wp\/v2\/users\/8"}],"replies":[{"embeddable":true,"href":"https:\/\/informelitoral.com.ar\/%77%70%2d%6a%73%6f%6e\/wp\/v2\/comments?post=252824"}],"version-history":[{"count":1,"href":"https:\/\/informelitoral.com.ar\/%77%70%2d%6a%73%6f%6e\/wp\/v2\/posts\/252824\/revisions"}],"predecessor-version":[{"id":252825,"href":"https:\/\/informelitoral.com.ar\/%77%70%2d%6a%73%6f%6e\/wp\/v2\/posts\/252824\/revisions\/252825"}],"wp:featuredmedia":[{"embeddable":true,"href":"https:\/\/informelitoral.com.ar\/%77%70%2d%6a%73%6f%6e\/wp\/v2\/media\/92594"}],"wp:attachment":[{"href":"https:\/\/informelitoral.com.ar\/%77%70%2d%6a%73%6f%6e\/wp\/v2\/media?parent=252824"}],"wp:term":[{"taxonomy":"category","embeddable":true,"href":"https:\/\/informelitoral.com.ar\/%77%70%2d%6a%73%6f%6e\/wp\/v2\/categories?post=252824"},{"taxonomy":"post_tag","embeddable":true,"href":"https:\/\/informelitoral.com.ar\/%77%70%2d%6a%73%6f%6e\/wp\/v2\/tags?post=252824"}],"curies":[{"name":"wp","href":"https:\/\/api.w.org\/{rel}","templated":true}]}}