{"id":25271,"date":"2018-02-27T07:50:00","date_gmt":"2018-02-27T10:50:00","guid":{"rendered":"https:\/\/www.isletasnoticias.com.ar\/?p=25271"},"modified":"2018-02-27T07:50:00","modified_gmt":"2018-02-27T10:50:00","slug":"aborto-macri-esta-en-contra-pero-da-libertad-de-voto","status":"publish","type":"post","link":"https:\/\/informelitoral.com.ar\/aborto-macri-esta-en-contra-pero-da-libertad-de-voto\/","title":{"rendered":"Aborto: Macri est\u00e1 en contra pero da libertad de voto"},"content":{"rendered":"<div class=\"post-right\">\n<p class=\"post-excerpt\"><strong>El presidente dio autonom\u00eda sobre el tema a los legisladores de Cambiemos, pero reiter\u00f3 que est\u00e1 \u00aba favor de la vida\u00bb.<a href=\"https:\/\/www.isletasnoticias.com.ar\/%77%70%2d%63%6f%6e%74%65%6e%74\/uploads\/2018\/02\/reuni\u00f3n-macri-legisladores-quinta-de-olivos.jpg\"><img loading=\"lazy\" decoding=\"async\" class=\"aligncenter wp-image-25272 size-full\" src=\"https:\/\/www.isletasnoticias.com.ar\/%77%70%2d%63%6f%6e%74%65%6e%74\/uploads\/2018\/02\/reuni\u00f3n-macri-legisladores-quinta-de-olivos.jpg\" alt=\"\" width=\"684\" height=\"386\" srcset=\"https:\/\/informelitoral.com.ar\/%77%70%2d%63%6f%6e%74%65%6e%74\/uploads\/2018\/02\/reuni\u00f3n-macri-legisladores-quinta-de-olivos.jpg 684w, https:\/\/informelitoral.com.ar\/%77%70%2d%63%6f%6e%74%65%6e%74\/uploads\/2018\/02\/reuni\u00f3n-macri-legisladores-quinta-de-olivos-300x169.jpg 300w\" sizes=\"auto, (max-width: 684px) 100vw, 684px\" \/><\/a><\/strong><\/p>\n<\/div>\n<div class=\"post-body-inner\">\n<p><b>El presidente Mauricio Macri recibi\u00f3 el lunes en Olivos a los legisladores de la coalici\u00f3n Cambiemos para animarlos a debatir \u201ca fondo\u201d la despenalizaci\u00f3n del aborto<\/b>\u00a0y mostrar a la sociedad que en el oficialismo \u201cconviven las dos posturas y se respeta al otro\u201d.<\/p>\n<p>El jefe de Estado reiter\u00f3 ante los diputados y senadores su postura en torno a dar libertad de conciencia a los legisladores para que participen en el debate sobre el aborto, pero tambi\u00e9n reiter\u00f3 que\u00a0<strong>est\u00e1 \u201ca favor de la vida\u201d,<\/strong>\u00a0detall\u00f3 a<em>\u00a0T\u00e9lam<\/em>\u00a0uno de los presentes en la reuni\u00f3n.<\/p>\n<p>Macri y el casi centenar de legisladores del oficialismo se tomaron primero una foto grupal y luego se reunieron para escuchar el breve mensaje del Presidente.<\/p>\n<p>Adem\u00e1s del tema casi excluyente del aborto en la agenda parlamentaria, Macri les pidi\u00f3 que el Congreso recupere el protagonismo en este a\u00f1o legislativo,\u00a0<strong>que se incrementen las iniciativas y se den los debates con seriedad apostando al consenso.<\/strong><\/p>\n<p>Luego del encuentro, el radical Mario Negri brind\u00f3 una s\u00edntesis del mensaje presidencial y record\u00f3 que el presidente los convoca cada a\u00f1o, en los d\u00edas previos a la apertura de las sesiones ordinarias.<\/p>\n<p>\u201cNo es una reuni\u00f3n de gabinete, no es estructurado, fundamentalmente es un mensaje del Presidente que este a\u00f1o tiene dos o tres puntos esenciales\u201d, dijo Negri flanqueado por la senadora Gladys Gonz\u00e1lez y el diputado de la Coalici\u00f3n C\u00edvica (Elisa Carri\u00f3 no asisti\u00f3), H\u00e9ctor \u201cToty\u201d Flores.<\/p>\n<p>\u201cEl Presidente espera fervientemente que el Congreso este a\u00f1o est\u00e9 lleno de iniciativas y recobre ese lugar que supo tener, que este a\u00f1o las luces est\u00e9n muy encendidas y que el debate sea serio, apostamos fuerte al consenso\u201d, repas\u00f3 Negri, el nexo entre el macrismo y el radicalismo.<\/p>\n<\/div>\n","protected":false},"excerpt":{"rendered":"<p>El presidente dio autonom&iacute;a sobre el tema a los legisladores de Cambiemos, pero reiter&oacute; que est&aacute; &laquo;a favor de la vida&raquo;. El presidente Mauricio Macri recibi&oacute; el lunes en Olivos a los legisladores de la coalici&oacute;n Cambiemos para animarlos a debatir &ldquo;a fondo&rdquo; la despenalizaci&oacute;n del aborto&nbsp;y mostrar a la sociedad que en el oficialismo [&hellip;]<\/p>\n","protected":false},"author":2,"featured_media":0,"comment_status":"open","ping_status":"open","sticky":false,"template":"","format":"standard","meta":{"fifu_image_url":"","fifu_image_alt":"","footnotes":""},"categories":[7,16],"tags":[],"class_list":{"0":"post-25271","1":"post","2":"type-post","3":"status-publish","4":"format-standard","6":"category-nacionales","7":"category-politi"},"yoast_head":"<title>Aborto: Macri est\u00e1 en contra pero da libertad de voto - Informe Litoral<\/title>\n<meta name=\"robots\" content=\"index, follow, max-snippet:-1, max-image-preview:large, max-video-preview:-1\" \/>\n<link rel=\"canonical\" href=\"https:\/\/informelitoral.com.ar\/aborto-macri-esta-en-contra-pero-da-libertad-de-voto\/\" \/>\n<meta property=\"og:locale\" content=\"es_ES\" \/>\n<meta property=\"og:type\" content=\"article\" \/>\n<meta property=\"og:title\" content=\"Aborto: Macri est\u00e1 en contra pero da libertad de voto - Informe Litoral\" \/>\n<meta property=\"og:description\" content=\"El presidente dio autonom&iacute;a sobre el tema a los legisladores de Cambiemos, pero reiter&oacute; que est&aacute; &laquo;a favor de la vida&raquo;. El presidente Mauricio Macri recibi&oacute; el lunes en Olivos a los legisladores de la coalici&oacute;n Cambiemos para animarlos a debatir &ldquo;a fondo&rdquo; la despenalizaci&oacute;n del aborto&nbsp;y mostrar a la sociedad que en el oficialismo [&hellip;]\" \/>\n<meta property=\"og:url\" content=\"https:\/\/informelitoral.com.ar\/aborto-macri-esta-en-contra-pero-da-libertad-de-voto\/\" \/>\n<meta property=\"og:site_name\" content=\"Informe Litoral\" \/>\n<meta property=\"article:publisher\" content=\"https:\/\/www.facebook.com\/informelitoral\/\" \/>\n<meta property=\"article:published_time\" content=\"2018-02-27T10:50:00+00:00\" \/>\n<meta name=\"author\" content=\"Gonzalo Schmidt\" \/>\n<meta name=\"twitter:card\" content=\"summary_large_image\" \/>\n<meta name=\"twitter:creator\" content=\"@InformeLitoral\" \/>\n<meta name=\"twitter:site\" content=\"@InformeLitoral\" \/>\n<meta name=\"twitter:label1\" content=\"Escrito por\" \/>\n\t<meta name=\"twitter:data1\" content=\"Gonzalo Schmidt\" \/>\n\t<meta name=\"twitter:label2\" content=\"Tiempo de lectura\" \/>\n\t<meta name=\"twitter:data2\" content=\"2 minutos\" \/>\n<script type=\"application\/ld+json\" class=\"yoast-schema-graph\">{\"@context\":\"https:\\\/\\\/schema.org\",\"@graph\":[{\"@type\":\"Article\",\"@id\":\"https:\\\/\\\/informelitoral.com.ar\\\/aborto-macri-esta-en-contra-pero-da-libertad-de-voto\\\/#article\",\"isPartOf\":{\"@id\":\"https:\\\/\\\/informelitoral.com.ar\\\/aborto-macri-esta-en-contra-pero-da-libertad-de-voto\\\/\"},\"author\":{\"name\":\"Gonzalo Schmidt\",\"@id\":\"https:\\\/\\\/informelitoral.com.ar\\\/#\\\/schema\\\/person\\\/b9d00407c836482871ef1d57bf8e3180\"},\"headline\":\"Aborto: Macri est\u00e1 en contra pero da libertad de voto\",\"datePublished\":\"2018-02-27T10:50:00+00:00\",\"mainEntityOfPage\":{\"@id\":\"https:\\\/\\\/informelitoral.com.ar\\\/aborto-macri-esta-en-contra-pero-da-libertad-de-voto\\\/\"},\"wordCount\":338,\"commentCount\":0,\"publisher\":{\"@id\":\"https:\\\/\\\/informelitoral.com.ar\\\/#organization\"},\"articleSection\":[\"Nacionales\",\"Politica\"],\"inLanguage\":\"es\",\"potentialAction\":[{\"@type\":\"CommentAction\",\"name\":\"Comment\",\"target\":[\"https:\\\/\\\/informelitoral.com.ar\\\/aborto-macri-esta-en-contra-pero-da-libertad-de-voto\\\/#respond\"]}]},{\"@type\":\"WebPage\",\"@id\":\"https:\\\/\\\/informelitoral.com.ar\\\/aborto-macri-esta-en-contra-pero-da-libertad-de-voto\\\/\",\"url\":\"https:\\\/\\\/informelitoral.com.ar\\\/aborto-macri-esta-en-contra-pero-da-libertad-de-voto\\\/\",\"name\":\"Aborto: Macri est\u00e1 en contra pero da libertad de voto - Informe Litoral\",\"isPartOf\":{\"@id\":\"https:\\\/\\\/informelitoral.com.ar\\\/#website\"},\"datePublished\":\"2018-02-27T10:50:00+00:00\",\"breadcrumb\":{\"@id\":\"https:\\\/\\\/informelitoral.com.ar\\\/aborto-macri-esta-en-contra-pero-da-libertad-de-voto\\\/#breadcrumb\"},\"inLanguage\":\"es\",\"potentialAction\":[{\"@type\":\"ReadAction\",\"target\":[\"https:\\\/\\\/informelitoral.com.ar\\\/aborto-macri-esta-en-contra-pero-da-libertad-de-voto\\\/\"]}]},{\"@type\":\"BreadcrumbList\",\"@id\":\"https:\\\/\\\/informelitoral.com.ar\\\/aborto-macri-esta-en-contra-pero-da-libertad-de-voto\\\/#breadcrumb\",\"itemListElement\":[{\"@type\":\"ListItem\",\"position\":1,\"name\":\"Portada\",\"item\":\"https:\\\/\\\/informelitoral.com.ar\\\/\"},{\"@type\":\"ListItem\",\"position\":2,\"name\":\"Aborto: Macri est\u00e1 en contra pero da libertad de voto\"}]},{\"@type\":\"WebSite\",\"@id\":\"https:\\\/\\\/informelitoral.com.ar\\\/#website\",\"url\":\"https:\\\/\\\/informelitoral.com.ar\\\/\",\"name\":\"Informe Litoral\",\"description\":\"&quot;Nos informamos&quot; \",\"publisher\":{\"@id\":\"https:\\\/\\\/informelitoral.com.ar\\\/#organization\"},\"potentialAction\":[{\"@type\":\"SearchAction\",\"target\":{\"@type\":\"EntryPoint\",\"urlTemplate\":\"https:\\\/\\\/informelitoral.com.ar\\\/?s={search_term_string}\"},\"query-input\":{\"@type\":\"PropertyValueSpecification\",\"valueRequired\":true,\"valueName\":\"search_term_string\"}}],\"inLanguage\":\"es\"},{\"@type\":\"Organization\",\"@id\":\"https:\\\/\\\/informelitoral.com.ar\\\/#organization\",\"name\":\"Informe Litoral\",\"url\":\"https:\\\/\\\/informelitoral.com.ar\\\/\",\"logo\":{\"@type\":\"ImageObject\",\"inLanguage\":\"es\",\"@id\":\"https:\\\/\\\/informelitoral.com.ar\\\/#\\\/schema\\\/logo\\\/image\\\/\",\"url\":\"https:\\\/\\\/informelitoral.com.ar\\\/%77%70%2d%63%6f%6e%74%65%6e%74\\\/uploads\\\/2021\\\/01\\\/circulo.png\",\"contentUrl\":\"https:\\\/\\\/informelitoral.com.ar\\\/%77%70%2d%63%6f%6e%74%65%6e%74\\\/uploads\\\/2021\\\/01\\\/circulo.png\",\"width\":723,\"height\":731,\"caption\":\"Informe Litoral\"},\"image\":{\"@id\":\"https:\\\/\\\/informelitoral.com.ar\\\/#\\\/schema\\\/logo\\\/image\\\/\"},\"sameAs\":[\"https:\\\/\\\/www.facebook.com\\\/informelitoral\\\/\",\"https:\\\/\\\/x.com\\\/InformeLitoral\",\"https:\\\/\\\/www.instagram.com\\\/informelitoral\\\/\",\"https:\\\/\\\/www.youtube.com\\\/channel\\\/UCua4Qvz8Icb6MYqhoq9xLXw\"]},{\"@type\":\"Person\",\"@id\":\"https:\\\/\\\/informelitoral.com.ar\\\/#\\\/schema\\\/person\\\/b9d00407c836482871ef1d57bf8e3180\",\"name\":\"Gonzalo Schmidt\",\"image\":{\"@type\":\"ImageObject\",\"inLanguage\":\"es\",\"@id\":\"https:\\\/\\\/secure.gravatar.com\\\/avatar\\\/31a1a7b66ff2de83bd0e9fd79d026630d2d99e55e8bfe501287647b4fd9743de?s=96&d=mm&r=g\",\"url\":\"https:\\\/\\\/secure.gravatar.com\\\/avatar\\\/31a1a7b66ff2de83bd0e9fd79d026630d2d99e55e8bfe501287647b4fd9743de?s=96&d=mm&r=g\",\"contentUrl\":\"https:\\\/\\\/secure.gravatar.com\\\/avatar\\\/31a1a7b66ff2de83bd0e9fd79d026630d2d99e55e8bfe501287647b4fd9743de?s=96&d=mm&r=g\",\"caption\":\"Gonzalo Schmidt\"},\"description\":\"Sitio web de noticias de la provincia de Entre R\u00edos, Argentina. Informaci\u00f3n y entretenimiento. Informe Litoral, nos informamos.\",\"sameAs\":[\"http:\\\/\\\/www.isletasnoticias.com.ar\"],\"url\":\"https:\\\/\\\/informelitoral.com.ar\\\/author\\\/gonzalo\\\/\"}]}<\/script>","yoast_head_json":{"title":"Aborto: Macri est\u00e1 en contra pero da libertad de voto - Informe Litoral","robots":{"index":"index","follow":"follow","max-snippet":"max-snippet:-1","max-image-preview":"max-image-preview:large","max-video-preview":"max-video-preview:-1"},"canonical":"https:\/\/informelitoral.com.ar\/aborto-macri-esta-en-contra-pero-da-libertad-de-voto\/","og_locale":"es_ES","og_type":"article","og_title":"Aborto: Macri est\u00e1 en contra pero da libertad de voto - Informe Litoral","og_description":"El presidente dio autonom&iacute;a sobre el tema a los legisladores de Cambiemos, pero reiter&oacute; que est&aacute; &laquo;a favor de la vida&raquo;. El presidente Mauricio Macri recibi&oacute; el lunes en Olivos a los legisladores de la coalici&oacute;n Cambiemos para animarlos a debatir &ldquo;a fondo&rdquo; la despenalizaci&oacute;n del aborto&nbsp;y mostrar a la sociedad que en el oficialismo [&hellip;]","og_url":"https:\/\/informelitoral.com.ar\/aborto-macri-esta-en-contra-pero-da-libertad-de-voto\/","og_site_name":"Informe Litoral","article_publisher":"https:\/\/www.facebook.com\/informelitoral\/","article_published_time":"2018-02-27T10:50:00+00:00","author":"Gonzalo Schmidt","twitter_card":"summary_large_image","twitter_creator":"@InformeLitoral","twitter_site":"@InformeLitoral","twitter_misc":{"Escrito por":"Gonzalo Schmidt","Tiempo de lectura":"2 minutos"},"schema":{"@context":"https:\/\/schema.org","@graph":[{"@type":"Article","@id":"https:\/\/informelitoral.com.ar\/aborto-macri-esta-en-contra-pero-da-libertad-de-voto\/#article","isPartOf":{"@id":"https:\/\/informelitoral.com.ar\/aborto-macri-esta-en-contra-pero-da-libertad-de-voto\/"},"author":{"name":"Gonzalo Schmidt","@id":"https:\/\/informelitoral.com.ar\/#\/schema\/person\/b9d00407c836482871ef1d57bf8e3180"},"headline":"Aborto: Macri est\u00e1 en contra pero da libertad de voto","datePublished":"2018-02-27T10:50:00+00:00","mainEntityOfPage":{"@id":"https:\/\/informelitoral.com.ar\/aborto-macri-esta-en-contra-pero-da-libertad-de-voto\/"},"wordCount":338,"commentCount":0,"publisher":{"@id":"https:\/\/informelitoral.com.ar\/#organization"},"articleSection":["Nacionales","Politica"],"inLanguage":"es","potentialAction":[{"@type":"CommentAction","name":"Comment","target":["https:\/\/informelitoral.com.ar\/aborto-macri-esta-en-contra-pero-da-libertad-de-voto\/#respond"]}]},{"@type":"WebPage","@id":"https:\/\/informelitoral.com.ar\/aborto-macri-esta-en-contra-pero-da-libertad-de-voto\/","url":"https:\/\/informelitoral.com.ar\/aborto-macri-esta-en-contra-pero-da-libertad-de-voto\/","name":"Aborto: Macri est\u00e1 en contra pero da libertad de voto - Informe Litoral","isPartOf":{"@id":"https:\/\/informelitoral.com.ar\/#website"},"datePublished":"2018-02-27T10:50:00+00:00","breadcrumb":{"@id":"https:\/\/informelitoral.com.ar\/aborto-macri-esta-en-contra-pero-da-libertad-de-voto\/#breadcrumb"},"inLanguage":"es","potentialAction":[{"@type":"ReadAction","target":["https:\/\/informelitoral.com.ar\/aborto-macri-esta-en-contra-pero-da-libertad-de-voto\/"]}]},{"@type":"BreadcrumbList","@id":"https:\/\/informelitoral.com.ar\/aborto-macri-esta-en-contra-pero-da-libertad-de-voto\/#breadcrumb","itemListElement":[{"@type":"ListItem","position":1,"name":"Portada","item":"https:\/\/informelitoral.com.ar\/"},{"@type":"ListItem","position":2,"name":"Aborto: Macri est\u00e1 en contra pero da libertad de voto"}]},{"@type":"WebSite","@id":"https:\/\/informelitoral.com.ar\/#website","url":"https:\/\/informelitoral.com.ar\/","name":"Informe Litoral","description":"&quot;Nos informamos&quot; ","publisher":{"@id":"https:\/\/informelitoral.com.ar\/#organization"},"potentialAction":[{"@type":"SearchAction","target":{"@type":"EntryPoint","urlTemplate":"https:\/\/informelitoral.com.ar\/?s={search_term_string}"},"query-input":{"@type":"PropertyValueSpecification","valueRequired":true,"valueName":"search_term_string"}}],"inLanguage":"es"},{"@type":"Organization","@id":"https:\/\/informelitoral.com.ar\/#organization","name":"Informe Litoral","url":"https:\/\/informelitoral.com.ar\/","logo":{"@type":"ImageObject","inLanguage":"es","@id":"https:\/\/informelitoral.com.ar\/#\/schema\/logo\/image\/","url":"https:\/\/informelitoral.com.ar\/%77%70%2d%63%6f%6e%74%65%6e%74\/uploads\/2021\/01\/circulo.png","contentUrl":"https:\/\/informelitoral.com.ar\/%77%70%2d%63%6f%6e%74%65%6e%74\/uploads\/2021\/01\/circulo.png","width":723,"height":731,"caption":"Informe Litoral"},"image":{"@id":"https:\/\/informelitoral.com.ar\/#\/schema\/logo\/image\/"},"sameAs":["https:\/\/www.facebook.com\/informelitoral\/","https:\/\/x.com\/InformeLitoral","https:\/\/www.instagram.com\/informelitoral\/","https:\/\/www.youtube.com\/channel\/UCua4Qvz8Icb6MYqhoq9xLXw"]},{"@type":"Person","@id":"https:\/\/informelitoral.com.ar\/#\/schema\/person\/b9d00407c836482871ef1d57bf8e3180","name":"Gonzalo Schmidt","image":{"@type":"ImageObject","inLanguage":"es","@id":"https:\/\/secure.gravatar.com\/avatar\/31a1a7b66ff2de83bd0e9fd79d026630d2d99e55e8bfe501287647b4fd9743de?s=96&d=mm&r=g","url":"https:\/\/secure.gravatar.com\/avatar\/31a1a7b66ff2de83bd0e9fd79d026630d2d99e55e8bfe501287647b4fd9743de?s=96&d=mm&r=g","contentUrl":"https:\/\/secure.gravatar.com\/avatar\/31a1a7b66ff2de83bd0e9fd79d026630d2d99e55e8bfe501287647b4fd9743de?s=96&d=mm&r=g","caption":"Gonzalo Schmidt"},"description":"Sitio web de noticias de la provincia de Entre R\u00edos, Argentina. Informaci\u00f3n y entretenimiento. Informe Litoral, nos informamos.","sameAs":["http:\/\/www.isletasnoticias.com.ar"],"url":"https:\/\/informelitoral.com.ar\/author\/gonzalo\/"}]}},"_links":{"self":[{"href":"https:\/\/informelitoral.com.ar\/%77%70%2d%6a%73%6f%6e\/wp\/v2\/posts\/25271","targetHints":{"allow":["GET"]}}],"collection":[{"href":"https:\/\/informelitoral.com.ar\/%77%70%2d%6a%73%6f%6e\/wp\/v2\/posts"}],"about":[{"href":"https:\/\/informelitoral.com.ar\/%77%70%2d%6a%73%6f%6e\/wp\/v2\/types\/post"}],"author":[{"embeddable":true,"href":"https:\/\/informelitoral.com.ar\/%77%70%2d%6a%73%6f%6e\/wp\/v2\/users\/2"}],"replies":[{"embeddable":true,"href":"https:\/\/informelitoral.com.ar\/%77%70%2d%6a%73%6f%6e\/wp\/v2\/comments?post=25271"}],"version-history":[{"count":0,"href":"https:\/\/informelitoral.com.ar\/%77%70%2d%6a%73%6f%6e\/wp\/v2\/posts\/25271\/revisions"}],"wp:attachment":[{"href":"https:\/\/informelitoral.com.ar\/%77%70%2d%6a%73%6f%6e\/wp\/v2\/media?parent=25271"}],"wp:term":[{"taxonomy":"category","embeddable":true,"href":"https:\/\/informelitoral.com.ar\/%77%70%2d%6a%73%6f%6e\/wp\/v2\/categories?post=25271"},{"taxonomy":"post_tag","embeddable":true,"href":"https:\/\/informelitoral.com.ar\/%77%70%2d%6a%73%6f%6e\/wp\/v2\/tags?post=25271"}],"curies":[{"name":"wp","href":"https:\/\/api.w.org\/{rel}","templated":true}]}}