{"id":25268,"date":"2018-02-27T07:48:55","date_gmt":"2018-02-27T10:48:55","guid":{"rendered":"https:\/\/www.isletasnoticias.com.ar\/?p=25268"},"modified":"2018-02-27T07:48:55","modified_gmt":"2018-02-27T10:48:55","slug":"evo-morales-rechaza-atender-a-argentinos-en-sus-hospitales","status":"publish","type":"post","link":"https:\/\/informelitoral.com.ar\/evo-morales-rechaza-atender-a-argentinos-en-sus-hospitales\/","title":{"rendered":"Evo Morales rechaza atender a argentinos en sus hospitales"},"content":{"rendered":"<div class=\"post-right\">\n<p class=\"post-excerpt\"><strong>Por medio de una carta enviada al embajador <em>\u00c1lvarez Garc\u00eda,<\/em> la Canciller\u00eda boliviana rechaz\u00f3 un pedido de Argentina para lograr un convenio de reciprocidad en materia sanitaria. Solamente en La Quiaca,\u00a0durante el 2017 por consultorio externo se atendieron a casi 20.000 personas de las cuales 2.000 eran de nacionalidad boliviana.<a href=\"https:\/\/www.isletasnoticias.com.ar\/%77%70%2d%63%6f%6e%74%65%6e%74\/uploads\/2018\/02\/Evo-morales.jpg\"><img loading=\"lazy\" decoding=\"async\" class=\"aligncenter wp-image-25269 size-full\" src=\"https:\/\/www.isletasnoticias.com.ar\/%77%70%2d%63%6f%6e%74%65%6e%74\/uploads\/2018\/02\/Evo-morales.jpg\" alt=\"\" width=\"624\" height=\"351\" srcset=\"https:\/\/informelitoral.com.ar\/%77%70%2d%63%6f%6e%74%65%6e%74\/uploads\/2018\/02\/Evo-morales.jpg 624w, https:\/\/informelitoral.com.ar\/%77%70%2d%63%6f%6e%74%65%6e%74\/uploads\/2018\/02\/Evo-morales-300x169.jpg 300w\" sizes=\"auto, (max-width: 624px) 100vw, 624px\" \/><\/a><\/strong><\/p>\n<\/div>\n<div class=\"post-body-inner\">\n<div class=\"row\">\n<div class=\"col-xs-12 col-print-12\">\n<p class=\"element element-paragraph\">Las relaciones diplom\u00e1ticas entre Bolivia y la Argentina no pasan por su mejor momento y se tensaron en las \u00faltimas horas por un entredicho de alto impacto pol\u00edtico:<strong>\u00a0el gobierno de Evo Morales rechaz\u00f3 de plano un reclamo de la administraci\u00f3n de Mauricio Macri para que los argentinos que viajen o viven all\u00ed puedan atenderse en los hospitales de Bolivia al igual que los vecinos lo hacen en la Argentina.<\/strong><\/p>\n<\/div>\n<\/div>\n<div class=\"row\">\n<div class=\"col-xs-12 col-print-12\">\n<p class=\"element element-paragraph\">Por medio de una carta que envi\u00f3 la Canciller\u00eda de Bolivia al embajador argentino en La Paz, Normando \u00c1lvarez Garc\u00eda, el gobierno de Morales destac\u00f3 que<strong>\u00a0en el sistema de salud de Bolivia \u201cson beneficiarios de la atenci\u00f3n integral de y protecci\u00f3n financiera de salud todos los habitantes y estantes del territorio nacional que no cuenten con alg\u00fan seguro de salud\u201d.<\/strong><\/p>\n<\/div>\n<\/div>\n<div class=\"row\">\n<div class=\"col-xs-12 col-print-12\">\n<p class=\"element element-paragraph\">Y enumer\u00f3 en este universo contemplado por alcance de una atenci\u00f3n sanitaria en Bolivia<strong>\u00a0a las mujeres embarazadas desde el inicio de la gestaci\u00f3n hasta los seis meses posteriores al parto; a los ni\u00f1os menores de cinco a\u00f1os; mujeres y hombres a partir de los 60 a\u00f1os; mujeres en edad f\u00e9rtil respecto a atenciones de salud sexual y reproductiva y personas con discapacidad<\/strong>. Pero en ning\u00fan caso se menciona a ciudadanos extranjeros y mucho menos a\u00a0<strong>argentinos residentes en Bolivia<\/strong>.<\/p>\n<p>La carta que envi\u00f3 la Canciller\u00eda boliviana fue redactada el 5 de febrero pasado y se entreg\u00f3 a la embajada en La Paz el 8 de febrero. De esta manera, Bolivia rechaz\u00f3 un pedido del embajador \u00c1lvarez Garc\u00eda que en la nota 418\/2017 hab\u00eda reclamado al gobierno de Evo Morales la posibilidad de suscribir un convenio de reciprocidad para que ambos pa\u00edses atiendan sin inconvenientes a sus ciudadanos en el extranjero.<\/p>\n<div class=\"row\">\n<div class=\"col-xs-12 col-print-12\">\n<p class=\"element element-paragraph\">\u201cLamentamos que no se haya logrado alcanzar aun un acuerdo de reciprocidad pero la Argentina va a seguir intentado una negociaci\u00f3n con el gobierno de Morales para poder lograr un convenio de salud como lo plantea la Organizaci\u00f3n Mundial de la Salud\u201d, dijo\u00a0<em>Infobae<\/em>\u00a0una fuente calificada del Palacio San Mart\u00edn que en las \u00faltimas horas sigui\u00f3 la escalada de tensi\u00f3n diplom\u00e1tica entre ambos pa\u00edses.<\/p>\n<\/div>\n<\/div>\n<div class=\"row\">\n<div class=\"col-xs-12 col-print-12\">\n<p class=\"element element-paragraph\">Ayer, el embajador \u00c1lvarez Garc\u00eda se reuni\u00f3 con la vicecanciller boliviana Mar\u00eda del Carmen Almendras para tratar de dar con una soluci\u00f3n a este conflicto abierto. No se lleg\u00f3 a ning\u00fan acuerdo y desde la Canciller\u00eda argentina no arriesgaban hasta anoche la posibilidad de un entendimiento teniendo en cuenta la carta que envi\u00f3 la Canciller\u00eda de Morales.<\/p>\n<\/div>\n<\/div>\n<div class=\"row\">\n<div class=\"col-xs-12 col-print-12\">\n<p class=\"element element-paragraph\">El conflicto por el sistema sanitario argentino viene de larga data pero se potenci\u00f3\u00a0<strong>en las \u00faltimas semanas cuando el ministro de Salud de Jujuy, Gustavo Bouhid,\u00a0propuso un proyecto de ley para que\u00a0los bolivianos que cruzan la frontera a la Argentina paguen por ser atendidos en los hospitales p\u00fablicos de la provincia<\/strong>.<\/p>\n<\/div>\n<\/div>\n<div class=\"row\">\n<div class=\"col-xs-12 col-print-12\">\n<p class=\"element element-paragraph\">El funcionario de Jujuy coment\u00f3 que \u201cel proyecto de ley es para que el Estado Boliviano pague, no el ciudadano\u201d.\u00a0\u201cEs una de las tantas estrategias planteadas para cambiar la realidad en la provincia\u201d, agreg\u00f3. A la vez, Bouhid explic\u00f3 que \u201cJujuy, a diferencia de otras provincias, no tiene instrumentada la ley de recupero, con lo cual, si usted se atiende en el hospital p\u00fablico de Jujuy y tiene una cobertura social nacional, sindical o provincial, no le pagan al hospital p\u00fablico\u201d.<\/p>\n<\/div>\n<\/div>\n<div class=\"row\">\n<div class=\"col-xs-12 col-print-12\">\n<p class=\"element element-paragraph\">El gobierno de Morales no tard\u00f3 en responder.\u00a0<strong>El c\u00f3nsul de Bolivia en Jujuy, Nelson Guarachi Mamani, repudi\u00f3 la idea y dijo que la ve\u00edan \u201ccon much\u00edsima tristeza, despu\u00e9s de haber sido un Estado tan grande y que siempre tuvo una orientaci\u00f3n humanitaria en el pasado, no se vea con los mismos ojos la situaci\u00f3n de los inmigrantes hoy es triste\u201d. Se refer\u00eda el\u00edpticamente a la administraci\u00f3n de Cristina Kirchner que supo tener una gran afinidad ideol\u00f3gica con Morales.<\/strong><\/p>\n<\/div>\n<\/div>\n<div class=\"row\">\n<div class=\"col-xs-12 col-print-12\">\n<p class=\"element element-paragraph\">Seg\u00fan datos estad\u00edsticos que public\u00f3 el diario\u00a0<em>El Tribuno<\/em>\u00a0del hospital La Quiaca,\u00a0<strong>durante el 2017 por consultorio externo se atendieron a casi 20.000 personas de las cuales 2.000 eran de nacionalidad boliviana.<\/strong>\u00a0Por otro lado,\u00a0se mencion\u00f3 que\u00a0<strong>de los 12 turnos que se entregan diariamente para las distintas especialidades en el hospital p\u00fablico de La Quiaca, siete son otorgados a ciudadanos bolivianos<\/strong>\u00a0o que tienen documento argentino pero no residen en el pa\u00eds. Adem\u00e1s,\u00a0<strong>de 7 partos semanales, 4 corresponden a madres del vecino pa\u00eds\u00a0<\/strong>a quienes no se les niega la atenci\u00f3n porque llegan a la guardia casi a punto de dar a luz.<\/p>\n<\/div>\n<\/div>\n<div class=\"row\">\n<div class=\"col-xs-12 col-print-12\">\n<p class=\"element element-paragraph\">En la Canciller\u00eda argentina anoche ve\u00edan con preocupaci\u00f3n la falta de una soluci\u00f3n al tema por parte de las autoridades de Bolivia ante los reclamos elevados por el embajador Alvarez Garc\u00eda.<\/p>\n<\/div>\n<\/div>\n<div class=\"row\">\n<div class=\"col-xs-12 col-print-12\">\n<p class=\"element element-paragraph\">En rigor, este es el segundo encontronazo diplom\u00e1tico que tienen Macri y Morales. Antes del conflicto sanitario fueron las quejas del gobierno chavista de Morales por el decreto migratorio que impuso Macri en febrero del a\u00f1o pasado y que promueve la agilizaci\u00f3n de expulsiones de inmigrantes que cometen delitos.<\/p>\n<\/div>\n<\/div>\n<div class=\"row\">\n<figure class=\"element element-image col-xs-12\">\n<div class=\"single-image\">\n<div class=\"shares\"><\/div>\n<p><img decoding=\"async\" id=\"JL2YU7COYFFDDPRIDDTJ3EZWJM\" class=\"image-lazy\" src=\"https:\/\/www.infobae.com\/new-resizer\/7vg1YSJekabAIgREDx5knWqXdFI=\/600x0\/filters:quality(100)\/s3.amazonaws.com\/arc-wordpress-client-uploads\/infobae-wp\/%77%70%2d%63%6f%6e%74%65%6e%74\/uploads\/2018\/02\/22124050\/hospital-Pablo-Soria-de-Jujuy-1.jpg\" alt=\"\" width=\"750\" height=\"422.32142857142856\" data-url=\"http:\/\/www.infobae.com\/politica\/2018\/02\/27\/fuerte-tension-entre-bolivia-y-argentina-el-gobierno-de-evo-morales-rechaza-atender-a-argentinos-en-sus-hospitales\/%23JL2YU7COYFFDDPRIDDTJ3EZWJM\" data-original=\"https:\/\/www.infobae.com\/new-resizer\/7vg1YSJekabAIgREDx5knWqXdFI=\/600x0\/filters:quality(100)\/s3.amazonaws.com\/arc-wordpress-client-uploads\/infobae-wp\/%77%70%2d%63%6f%6e%74%65%6e%74\/uploads\/2018\/02\/22124050\/hospital-Pablo-Soria-de-Jujuy-1.jpg\" \/><\/p>\n<\/div><figcaption class=\"\"><\/figcaption><\/figure>\n<\/div>\n<div class=\"row\">\n<div class=\"col-xs-12 col-print-12\">\n<p class=\"element element-paragraph\">En su momento,<strong>\u00a0la administraci\u00f3n de Morales compar\u00f3 a Macri con el presidente norteamericano Donald Trump<\/strong>\u00a0y envi\u00f3 a un grupo de funcionarios de la Canciller\u00eda a exigir explicaciones por el decreto presidencial al que calificaron de \u201cdiscriminatorio\u201d y \u201cxen\u00f3fobo\u201d.<\/p>\n<\/div>\n<\/div>\n<div class=\"row\">\n<div class=\"col-xs-12 col-print-12\">\n<p class=\"element element-paragraph\">Desde el gobierno de Macri, tanto la ministra de Seguridad Patricia Bullrich como el director de Migraciones Horacio Garc\u00eda explicaron a los diplom\u00e1ticos de Bolivia que no hay ninguna pol\u00edtica discriminatoria en la Argentina sino todo lo contrario. As\u00ed, se explic\u00f3 que la Argentina acelerar\u00e1 la expulsi\u00f3n de extranjeros que cometen delitos pero al mismo tiempo ampli\u00f3 los niveles de radicaciones de extranjeros, entre los que se encuentran en mayor medida ciudadanos bolivianos.<\/p>\n<\/div>\n<\/div>\n<div class=\"row\">\n<div class=\"col-xs-12 col-print-12\">\n<p class=\"element element-paragraph\">Son embargo, las explicaciones del gobierno argentino no convencieron en la Paz. De hecho,\u00a0<strong>Macri y Morales ya postergaron dos reuniones bilaterales que iban a tener. Adujeron \u201cproblemas de agenda\u201d en ambos casos.<\/strong>\u00a0Ahora el conflicto sanitario amenaza con complicar otra vez este encuentro postergado.\u00a0<em>(Infobae)<\/em><\/p>\n<\/div>\n<\/div>\n<\/div>\n<\/div>\n<\/div>\n","protected":false},"excerpt":{"rendered":"<p>Por medio de una carta enviada al embajador &Aacute;lvarez Garc&iacute;a, la Canciller&iacute;a boliviana rechaz&oacute; un pedido de Argentina para lograr un convenio de reciprocidad en materia sanitaria. Solamente en La Quiaca,&nbsp;durante el 2017 por consultorio externo se atendieron a casi 20.000 personas de las cuales 2.000 eran de nacionalidad boliviana. Las relaciones diplom&aacute;ticas entre Bolivia [&hellip;]<\/p>\n","protected":false},"author":2,"featured_media":0,"comment_status":"open","ping_status":"open","sticky":false,"template":"","format":"standard","meta":{"fifu_image_url":"","fifu_image_alt":"","footnotes":""},"categories":[8],"tags":[],"class_list":{"0":"post-25268","1":"post","2":"type-post","3":"status-publish","4":"format-standard","6":"category-internacionales"},"yoast_head":"<title>Evo Morales rechaza atender a argentinos en sus hospitales - Informe Litoral<\/title>\n<meta name=\"robots\" content=\"index, follow, max-snippet:-1, max-image-preview:large, max-video-preview:-1\" \/>\n<link rel=\"canonical\" href=\"https:\/\/informelitoral.com.ar\/evo-morales-rechaza-atender-a-argentinos-en-sus-hospitales\/\" \/>\n<meta property=\"og:locale\" content=\"es_ES\" \/>\n<meta property=\"og:type\" content=\"article\" \/>\n<meta property=\"og:title\" content=\"Evo Morales rechaza atender a argentinos en sus hospitales - Informe Litoral\" \/>\n<meta property=\"og:description\" content=\"Por medio de una carta enviada al embajador &Aacute;lvarez Garc&iacute;a, la Canciller&iacute;a boliviana rechaz&oacute; un pedido de Argentina para lograr un convenio de reciprocidad en materia sanitaria. Solamente en La Quiaca,&nbsp;durante el 2017 por consultorio externo se atendieron a casi 20.000 personas de las cuales 2.000 eran de nacionalidad boliviana. Las relaciones diplom&aacute;ticas entre Bolivia [&hellip;]\" \/>\n<meta property=\"og:url\" content=\"https:\/\/informelitoral.com.ar\/evo-morales-rechaza-atender-a-argentinos-en-sus-hospitales\/\" \/>\n<meta property=\"og:site_name\" content=\"Informe Litoral\" \/>\n<meta property=\"article:publisher\" content=\"https:\/\/www.facebook.com\/informelitoral\/\" \/>\n<meta property=\"article:published_time\" content=\"2018-02-27T10:48:55+00:00\" \/>\n<meta property=\"og:image\" content=\"https:\/\/informelitoral.com.ar\/%77%70%2d%63%6f%6e%74%65%6e%74\/uploads\/2018\/02\/Evo-morales.jpg\" \/>\n\t<meta property=\"og:image:width\" content=\"624\" \/>\n\t<meta property=\"og:image:height\" content=\"351\" \/>\n\t<meta property=\"og:image:type\" content=\"image\/jpeg\" \/>\n<meta name=\"author\" content=\"Gonzalo Schmidt\" \/>\n<meta name=\"twitter:card\" content=\"summary_large_image\" \/>\n<meta name=\"twitter:creator\" content=\"@InformeLitoral\" \/>\n<meta name=\"twitter:site\" content=\"@InformeLitoral\" \/>\n<meta name=\"twitter:label1\" content=\"Escrito por\" \/>\n\t<meta name=\"twitter:data1\" content=\"Gonzalo Schmidt\" \/>\n\t<meta name=\"twitter:label2\" content=\"Tiempo de lectura\" \/>\n\t<meta name=\"twitter:data2\" content=\"5 minutos\" \/>\n<script type=\"application\/ld+json\" class=\"yoast-schema-graph\">{\"@context\":\"https:\\\/\\\/schema.org\",\"@graph\":[{\"@type\":\"Article\",\"@id\":\"https:\\\/\\\/informelitoral.com.ar\\\/evo-morales-rechaza-atender-a-argentinos-en-sus-hospitales\\\/#article\",\"isPartOf\":{\"@id\":\"https:\\\/\\\/informelitoral.com.ar\\\/evo-morales-rechaza-atender-a-argentinos-en-sus-hospitales\\\/\"},\"author\":{\"name\":\"Gonzalo Schmidt\",\"@id\":\"https:\\\/\\\/informelitoral.com.ar\\\/#\\\/schema\\\/person\\\/b9d00407c836482871ef1d57bf8e3180\"},\"headline\":\"Evo Morales rechaza atender a argentinos en sus hospitales\",\"datePublished\":\"2018-02-27T10:48:55+00:00\",\"mainEntityOfPage\":{\"@id\":\"https:\\\/\\\/informelitoral.com.ar\\\/evo-morales-rechaza-atender-a-argentinos-en-sus-hospitales\\\/\"},\"wordCount\":1080,\"commentCount\":0,\"publisher\":{\"@id\":\"https:\\\/\\\/informelitoral.com.ar\\\/#organization\"},\"image\":{\"@id\":\"https:\\\/\\\/informelitoral.com.ar\\\/evo-morales-rechaza-atender-a-argentinos-en-sus-hospitales\\\/#primaryimage\"},\"thumbnailUrl\":\"https:\\\/\\\/www.isletasnoticias.com.ar\\\/%77%70%2d%63%6f%6e%74%65%6e%74\\\/uploads\\\/2018\\\/02\\\/Evo-morales.jpg\",\"articleSection\":[\"Internacionales\"],\"inLanguage\":\"es\",\"potentialAction\":[{\"@type\":\"CommentAction\",\"name\":\"Comment\",\"target\":[\"https:\\\/\\\/informelitoral.com.ar\\\/evo-morales-rechaza-atender-a-argentinos-en-sus-hospitales\\\/#respond\"]}]},{\"@type\":\"WebPage\",\"@id\":\"https:\\\/\\\/informelitoral.com.ar\\\/evo-morales-rechaza-atender-a-argentinos-en-sus-hospitales\\\/\",\"url\":\"https:\\\/\\\/informelitoral.com.ar\\\/evo-morales-rechaza-atender-a-argentinos-en-sus-hospitales\\\/\",\"name\":\"Evo Morales rechaza atender a argentinos en sus hospitales - Informe Litoral\",\"isPartOf\":{\"@id\":\"https:\\\/\\\/informelitoral.com.ar\\\/#website\"},\"primaryImageOfPage\":{\"@id\":\"https:\\\/\\\/informelitoral.com.ar\\\/evo-morales-rechaza-atender-a-argentinos-en-sus-hospitales\\\/#primaryimage\"},\"image\":{\"@id\":\"https:\\\/\\\/informelitoral.com.ar\\\/evo-morales-rechaza-atender-a-argentinos-en-sus-hospitales\\\/#primaryimage\"},\"thumbnailUrl\":\"https:\\\/\\\/www.isletasnoticias.com.ar\\\/%77%70%2d%63%6f%6e%74%65%6e%74\\\/uploads\\\/2018\\\/02\\\/Evo-morales.jpg\",\"datePublished\":\"2018-02-27T10:48:55+00:00\",\"breadcrumb\":{\"@id\":\"https:\\\/\\\/informelitoral.com.ar\\\/evo-morales-rechaza-atender-a-argentinos-en-sus-hospitales\\\/#breadcrumb\"},\"inLanguage\":\"es\",\"potentialAction\":[{\"@type\":\"ReadAction\",\"target\":[\"https:\\\/\\\/informelitoral.com.ar\\\/evo-morales-rechaza-atender-a-argentinos-en-sus-hospitales\\\/\"]}]},{\"@type\":\"ImageObject\",\"inLanguage\":\"es\",\"@id\":\"https:\\\/\\\/informelitoral.com.ar\\\/evo-morales-rechaza-atender-a-argentinos-en-sus-hospitales\\\/#primaryimage\",\"url\":\"https:\\\/\\\/www.isletasnoticias.com.ar\\\/%77%70%2d%63%6f%6e%74%65%6e%74\\\/uploads\\\/2018\\\/02\\\/Evo-morales.jpg\",\"contentUrl\":\"https:\\\/\\\/www.isletasnoticias.com.ar\\\/%77%70%2d%63%6f%6e%74%65%6e%74\\\/uploads\\\/2018\\\/02\\\/Evo-morales.jpg\"},{\"@type\":\"BreadcrumbList\",\"@id\":\"https:\\\/\\\/informelitoral.com.ar\\\/evo-morales-rechaza-atender-a-argentinos-en-sus-hospitales\\\/#breadcrumb\",\"itemListElement\":[{\"@type\":\"ListItem\",\"position\":1,\"name\":\"Portada\",\"item\":\"https:\\\/\\\/informelitoral.com.ar\\\/\"},{\"@type\":\"ListItem\",\"position\":2,\"name\":\"Evo Morales rechaza atender a argentinos en sus hospitales\"}]},{\"@type\":\"WebSite\",\"@id\":\"https:\\\/\\\/informelitoral.com.ar\\\/#website\",\"url\":\"https:\\\/\\\/informelitoral.com.ar\\\/\",\"name\":\"Informe Litoral\",\"description\":\"&quot;Nos informamos&quot; \",\"publisher\":{\"@id\":\"https:\\\/\\\/informelitoral.com.ar\\\/#organization\"},\"potentialAction\":[{\"@type\":\"SearchAction\",\"target\":{\"@type\":\"EntryPoint\",\"urlTemplate\":\"https:\\\/\\\/informelitoral.com.ar\\\/?s={search_term_string}\"},\"query-input\":{\"@type\":\"PropertyValueSpecification\",\"valueRequired\":true,\"valueName\":\"search_term_string\"}}],\"inLanguage\":\"es\"},{\"@type\":\"Organization\",\"@id\":\"https:\\\/\\\/informelitoral.com.ar\\\/#organization\",\"name\":\"Informe Litoral\",\"url\":\"https:\\\/\\\/informelitoral.com.ar\\\/\",\"logo\":{\"@type\":\"ImageObject\",\"inLanguage\":\"es\",\"@id\":\"https:\\\/\\\/informelitoral.com.ar\\\/#\\\/schema\\\/logo\\\/image\\\/\",\"url\":\"https:\\\/\\\/informelitoral.com.ar\\\/%77%70%2d%63%6f%6e%74%65%6e%74\\\/uploads\\\/2021\\\/01\\\/circulo.png\",\"contentUrl\":\"https:\\\/\\\/informelitoral.com.ar\\\/%77%70%2d%63%6f%6e%74%65%6e%74\\\/uploads\\\/2021\\\/01\\\/circulo.png\",\"width\":723,\"height\":731,\"caption\":\"Informe Litoral\"},\"image\":{\"@id\":\"https:\\\/\\\/informelitoral.com.ar\\\/#\\\/schema\\\/logo\\\/image\\\/\"},\"sameAs\":[\"https:\\\/\\\/www.facebook.com\\\/informelitoral\\\/\",\"https:\\\/\\\/x.com\\\/InformeLitoral\",\"https:\\\/\\\/www.instagram.com\\\/informelitoral\\\/\",\"https:\\\/\\\/www.youtube.com\\\/channel\\\/UCua4Qvz8Icb6MYqhoq9xLXw\"]},{\"@type\":\"Person\",\"@id\":\"https:\\\/\\\/informelitoral.com.ar\\\/#\\\/schema\\\/person\\\/b9d00407c836482871ef1d57bf8e3180\",\"name\":\"Gonzalo Schmidt\",\"image\":{\"@type\":\"ImageObject\",\"inLanguage\":\"es\",\"@id\":\"https:\\\/\\\/secure.gravatar.com\\\/avatar\\\/31a1a7b66ff2de83bd0e9fd79d026630d2d99e55e8bfe501287647b4fd9743de?s=96&d=mm&r=g\",\"url\":\"https:\\\/\\\/secure.gravatar.com\\\/avatar\\\/31a1a7b66ff2de83bd0e9fd79d026630d2d99e55e8bfe501287647b4fd9743de?s=96&d=mm&r=g\",\"contentUrl\":\"https:\\\/\\\/secure.gravatar.com\\\/avatar\\\/31a1a7b66ff2de83bd0e9fd79d026630d2d99e55e8bfe501287647b4fd9743de?s=96&d=mm&r=g\",\"caption\":\"Gonzalo Schmidt\"},\"description\":\"Sitio web de noticias de la provincia de Entre R\u00edos, Argentina. Informaci\u00f3n y entretenimiento. Informe Litoral, nos informamos.\",\"sameAs\":[\"http:\\\/\\\/www.isletasnoticias.com.ar\"],\"url\":\"https:\\\/\\\/informelitoral.com.ar\\\/author\\\/gonzalo\\\/\"}]}<\/script>","yoast_head_json":{"title":"Evo Morales rechaza atender a argentinos en sus hospitales - Informe Litoral","robots":{"index":"index","follow":"follow","max-snippet":"max-snippet:-1","max-image-preview":"max-image-preview:large","max-video-preview":"max-video-preview:-1"},"canonical":"https:\/\/informelitoral.com.ar\/evo-morales-rechaza-atender-a-argentinos-en-sus-hospitales\/","og_locale":"es_ES","og_type":"article","og_title":"Evo Morales rechaza atender a argentinos en sus hospitales - Informe Litoral","og_description":"Por medio de una carta enviada al embajador &Aacute;lvarez Garc&iacute;a, la Canciller&iacute;a boliviana rechaz&oacute; un pedido de Argentina para lograr un convenio de reciprocidad en materia sanitaria. Solamente en La Quiaca,&nbsp;durante el 2017 por consultorio externo se atendieron a casi 20.000 personas de las cuales 2.000 eran de nacionalidad boliviana. Las relaciones diplom&aacute;ticas entre Bolivia [&hellip;]","og_url":"https:\/\/informelitoral.com.ar\/evo-morales-rechaza-atender-a-argentinos-en-sus-hospitales\/","og_site_name":"Informe Litoral","article_publisher":"https:\/\/www.facebook.com\/informelitoral\/","article_published_time":"2018-02-27T10:48:55+00:00","og_image":[{"width":624,"height":351,"url":"https:\/\/informelitoral.com.ar\/%77%70%2d%63%6f%6e%74%65%6e%74\/uploads\/2018\/02\/Evo-morales.jpg","type":"image\/jpeg"}],"author":"Gonzalo Schmidt","twitter_card":"summary_large_image","twitter_creator":"@InformeLitoral","twitter_site":"@InformeLitoral","twitter_misc":{"Escrito por":"Gonzalo Schmidt","Tiempo de lectura":"5 minutos"},"schema":{"@context":"https:\/\/schema.org","@graph":[{"@type":"Article","@id":"https:\/\/informelitoral.com.ar\/evo-morales-rechaza-atender-a-argentinos-en-sus-hospitales\/#article","isPartOf":{"@id":"https:\/\/informelitoral.com.ar\/evo-morales-rechaza-atender-a-argentinos-en-sus-hospitales\/"},"author":{"name":"Gonzalo Schmidt","@id":"https:\/\/informelitoral.com.ar\/#\/schema\/person\/b9d00407c836482871ef1d57bf8e3180"},"headline":"Evo Morales rechaza atender a argentinos en sus hospitales","datePublished":"2018-02-27T10:48:55+00:00","mainEntityOfPage":{"@id":"https:\/\/informelitoral.com.ar\/evo-morales-rechaza-atender-a-argentinos-en-sus-hospitales\/"},"wordCount":1080,"commentCount":0,"publisher":{"@id":"https:\/\/informelitoral.com.ar\/#organization"},"image":{"@id":"https:\/\/informelitoral.com.ar\/evo-morales-rechaza-atender-a-argentinos-en-sus-hospitales\/#primaryimage"},"thumbnailUrl":"https:\/\/www.isletasnoticias.com.ar\/%77%70%2d%63%6f%6e%74%65%6e%74\/uploads\/2018\/02\/Evo-morales.jpg","articleSection":["Internacionales"],"inLanguage":"es","potentialAction":[{"@type":"CommentAction","name":"Comment","target":["https:\/\/informelitoral.com.ar\/evo-morales-rechaza-atender-a-argentinos-en-sus-hospitales\/#respond"]}]},{"@type":"WebPage","@id":"https:\/\/informelitoral.com.ar\/evo-morales-rechaza-atender-a-argentinos-en-sus-hospitales\/","url":"https:\/\/informelitoral.com.ar\/evo-morales-rechaza-atender-a-argentinos-en-sus-hospitales\/","name":"Evo Morales rechaza atender a argentinos en sus hospitales - Informe Litoral","isPartOf":{"@id":"https:\/\/informelitoral.com.ar\/#website"},"primaryImageOfPage":{"@id":"https:\/\/informelitoral.com.ar\/evo-morales-rechaza-atender-a-argentinos-en-sus-hospitales\/#primaryimage"},"image":{"@id":"https:\/\/informelitoral.com.ar\/evo-morales-rechaza-atender-a-argentinos-en-sus-hospitales\/#primaryimage"},"thumbnailUrl":"https:\/\/www.isletasnoticias.com.ar\/%77%70%2d%63%6f%6e%74%65%6e%74\/uploads\/2018\/02\/Evo-morales.jpg","datePublished":"2018-02-27T10:48:55+00:00","breadcrumb":{"@id":"https:\/\/informelitoral.com.ar\/evo-morales-rechaza-atender-a-argentinos-en-sus-hospitales\/#breadcrumb"},"inLanguage":"es","potentialAction":[{"@type":"ReadAction","target":["https:\/\/informelitoral.com.ar\/evo-morales-rechaza-atender-a-argentinos-en-sus-hospitales\/"]}]},{"@type":"ImageObject","inLanguage":"es","@id":"https:\/\/informelitoral.com.ar\/evo-morales-rechaza-atender-a-argentinos-en-sus-hospitales\/#primaryimage","url":"https:\/\/www.isletasnoticias.com.ar\/%77%70%2d%63%6f%6e%74%65%6e%74\/uploads\/2018\/02\/Evo-morales.jpg","contentUrl":"https:\/\/www.isletasnoticias.com.ar\/%77%70%2d%63%6f%6e%74%65%6e%74\/uploads\/2018\/02\/Evo-morales.jpg"},{"@type":"BreadcrumbList","@id":"https:\/\/informelitoral.com.ar\/evo-morales-rechaza-atender-a-argentinos-en-sus-hospitales\/#breadcrumb","itemListElement":[{"@type":"ListItem","position":1,"name":"Portada","item":"https:\/\/informelitoral.com.ar\/"},{"@type":"ListItem","position":2,"name":"Evo Morales rechaza atender a argentinos en sus hospitales"}]},{"@type":"WebSite","@id":"https:\/\/informelitoral.com.ar\/#website","url":"https:\/\/informelitoral.com.ar\/","name":"Informe Litoral","description":"&quot;Nos informamos&quot; ","publisher":{"@id":"https:\/\/informelitoral.com.ar\/#organization"},"potentialAction":[{"@type":"SearchAction","target":{"@type":"EntryPoint","urlTemplate":"https:\/\/informelitoral.com.ar\/?s={search_term_string}"},"query-input":{"@type":"PropertyValueSpecification","valueRequired":true,"valueName":"search_term_string"}}],"inLanguage":"es"},{"@type":"Organization","@id":"https:\/\/informelitoral.com.ar\/#organization","name":"Informe Litoral","url":"https:\/\/informelitoral.com.ar\/","logo":{"@type":"ImageObject","inLanguage":"es","@id":"https:\/\/informelitoral.com.ar\/#\/schema\/logo\/image\/","url":"https:\/\/informelitoral.com.ar\/%77%70%2d%63%6f%6e%74%65%6e%74\/uploads\/2021\/01\/circulo.png","contentUrl":"https:\/\/informelitoral.com.ar\/%77%70%2d%63%6f%6e%74%65%6e%74\/uploads\/2021\/01\/circulo.png","width":723,"height":731,"caption":"Informe Litoral"},"image":{"@id":"https:\/\/informelitoral.com.ar\/#\/schema\/logo\/image\/"},"sameAs":["https:\/\/www.facebook.com\/informelitoral\/","https:\/\/x.com\/InformeLitoral","https:\/\/www.instagram.com\/informelitoral\/","https:\/\/www.youtube.com\/channel\/UCua4Qvz8Icb6MYqhoq9xLXw"]},{"@type":"Person","@id":"https:\/\/informelitoral.com.ar\/#\/schema\/person\/b9d00407c836482871ef1d57bf8e3180","name":"Gonzalo Schmidt","image":{"@type":"ImageObject","inLanguage":"es","@id":"https:\/\/secure.gravatar.com\/avatar\/31a1a7b66ff2de83bd0e9fd79d026630d2d99e55e8bfe501287647b4fd9743de?s=96&d=mm&r=g","url":"https:\/\/secure.gravatar.com\/avatar\/31a1a7b66ff2de83bd0e9fd79d026630d2d99e55e8bfe501287647b4fd9743de?s=96&d=mm&r=g","contentUrl":"https:\/\/secure.gravatar.com\/avatar\/31a1a7b66ff2de83bd0e9fd79d026630d2d99e55e8bfe501287647b4fd9743de?s=96&d=mm&r=g","caption":"Gonzalo Schmidt"},"description":"Sitio web de noticias de la provincia de Entre R\u00edos, Argentina. Informaci\u00f3n y entretenimiento. Informe Litoral, nos informamos.","sameAs":["http:\/\/www.isletasnoticias.com.ar"],"url":"https:\/\/informelitoral.com.ar\/author\/gonzalo\/"}]}},"_links":{"self":[{"href":"https:\/\/informelitoral.com.ar\/%77%70%2d%6a%73%6f%6e\/wp\/v2\/posts\/25268","targetHints":{"allow":["GET"]}}],"collection":[{"href":"https:\/\/informelitoral.com.ar\/%77%70%2d%6a%73%6f%6e\/wp\/v2\/posts"}],"about":[{"href":"https:\/\/informelitoral.com.ar\/%77%70%2d%6a%73%6f%6e\/wp\/v2\/types\/post"}],"author":[{"embeddable":true,"href":"https:\/\/informelitoral.com.ar\/%77%70%2d%6a%73%6f%6e\/wp\/v2\/users\/2"}],"replies":[{"embeddable":true,"href":"https:\/\/informelitoral.com.ar\/%77%70%2d%6a%73%6f%6e\/wp\/v2\/comments?post=25268"}],"version-history":[{"count":0,"href":"https:\/\/informelitoral.com.ar\/%77%70%2d%6a%73%6f%6e\/wp\/v2\/posts\/25268\/revisions"}],"wp:attachment":[{"href":"https:\/\/informelitoral.com.ar\/%77%70%2d%6a%73%6f%6e\/wp\/v2\/media?parent=25268"}],"wp:term":[{"taxonomy":"category","embeddable":true,"href":"https:\/\/informelitoral.com.ar\/%77%70%2d%6a%73%6f%6e\/wp\/v2\/categories?post=25268"},{"taxonomy":"post_tag","embeddable":true,"href":"https:\/\/informelitoral.com.ar\/%77%70%2d%6a%73%6f%6e\/wp\/v2\/tags?post=25268"}],"curies":[{"name":"wp","href":"https:\/\/api.w.org\/{rel}","templated":true}]}}