{"id":252527,"date":"2026-03-09T06:58:37","date_gmt":"2026-03-09T09:58:37","guid":{"rendered":"https:\/\/informelitoral.com.ar\/?p=252527"},"modified":"2026-03-09T06:58:37","modified_gmt":"2026-03-09T09:58:37","slug":"anuncian-una-semana-sin-lluvias-y-con-aumento-de-temperaturas","status":"publish","type":"post","link":"https:\/\/informelitoral.com.ar\/anuncian-una-semana-sin-lluvias-y-con-aumento-de-temperaturas\/","title":{"rendered":"Anuncian una semana sin lluvias y con aumento de temperaturas"},"content":{"rendered":"<p>La primera semana de marzo estuvo marcada por una importante actividad de precipitaciones en distintos sectores del pa\u00eds, especialmente en la franja centro-oeste de Argentina, donde se registraron los principales desarrollos de tormentas. En tanto, regiones del Litoral y del norte argentino tambi\u00e9n recibieron aportes de agua, aunque de manera m\u00e1s irregular.<\/p>\n<p>Sin embargo, <b>el escenario meteorol\u00f3gico comienza a cambiar durante la segunda semana del mes<\/b>. Entre el lunes 9 y el domingo 15 de marzo se prev\u00e9 una disminuci\u00f3n considerable de las precipitaciones en gran parte del territorio nacional, con lluvias m\u00e1s aisladas y concentradas en zonas puntuales.<\/p>\n<p>En Paran\u00e1 y la zona, este lunes se espera una mejora en las condiciones del tiempo. El cielo permanecer\u00e1 mayormente nublado, con baja probabilidad de lluvias, mientras que la temperatura se ubicar\u00e1 entre los <b>17\u00b0C de m\u00ednima y 25\u00b0C de m\u00e1xima<\/b>.<\/p>\n<p>A partir del martes, el tiempo se presentar\u00e1 m\u00e1s estable y con un ascenso t\u00e9rmico. Para esa jornada se prev\u00e9 cielo parcialmente nublado y temperaturas que oscilar\u00e1n entre\u00a0<b>19\u00b0C de m\u00ednima y 29\u00b0C de m\u00e1xima<\/b>.<\/p>\n<p>El mi\u00e9rcoles continuar\u00e1n las condiciones agradables, con registros t\u00e9rmicos similares, que se ubicar\u00e1n entre\u00a0<b>18\u00b0C y 29\u00b0C<\/b>. Hacia el jueves, el calor comenzar\u00e1 a intensificarse levemente, con\u00a0<b>m\u00ednimas cercanas a los 20\u00b0C y m\u00e1ximas que podr\u00edan alcanzar los 31\u00b0C<\/b>.<\/p>\n<p>Para el viernes, en tanto, el aumento de temperatura ser\u00e1 m\u00e1s notorio en la capital entrerriana, con una\u00a0<b>m\u00e1xima de 32\u00b0C y m\u00ednima de 21\u00b0C<\/b>, en una jornada que se presentar\u00eda mayormente despejada.<\/p>\n<p>Finalmente, el s\u00e1bado se anticipa una jornada estable y c\u00e1lida, con temperaturas que rondar\u00e1n entre <b>19\u00b0C y 31\u00b0C<\/b>, consolidando una tendencia de tiempo mayormente soleado hacia el final de la semana.<\/p>\n<h6><em><strong>Del archivo:\u00a0<a href=\"https:\/\/informelitoral.com.ar\/detuvieron-a-un-hombre-con-pedido-de-captura-en-pleno-centro-de-parana\/\" target=\"_blank\" rel=\"noopener\">Detuvieron a un hombre con pedido de captura en pleno centro de Paran\u00e1<\/a><\/strong><\/em><\/h6>\n","protected":false},"excerpt":{"rendered":"<p>Luego de algunas precipitaciones, el lunes comenz\u00f3 fresco y el sol estar\u00e1 presente con solo algunas nubes. Las chances de lluvias est\u00e1n m\u00e1s lejos y las temperaturas paulatinamente ir\u00e1n en aumento. <\/p>\n","protected":false},"author":2,"featured_media":63150,"comment_status":"open","ping_status":"open","sticky":false,"template":"","format":"standard","meta":{"fifu_image_url":"","fifu_image_alt":"","footnotes":""},"categories":[6],"tags":[38,114,2759,113],"class_list":{"0":"post-252527","1":"post","2":"type-post","3":"status-publish","4":"format-standard","5":"has-post-thumbnail","7":"category-entre-rios","8":"tag-el-tiempo","9":"tag-pronostico","10":"tag-pronostico-del-tiempo","11":"tag-smn"},"yoast_head":"<title>Anuncian una semana sin lluvias y con aumento de temperaturas - Informe Litoral<\/title>\n<meta name=\"robots\" content=\"index, follow, max-snippet:-1, max-image-preview:large, max-video-preview:-1\" \/>\n<link rel=\"canonical\" href=\"https:\/\/informelitoral.com.ar\/anuncian-una-semana-sin-lluvias-y-con-aumento-de-temperaturas\/\" \/>\n<meta property=\"og:locale\" content=\"es_ES\" \/>\n<meta property=\"og:type\" content=\"article\" \/>\n<meta property=\"og:title\" content=\"Anuncian una semana sin lluvias y con aumento de temperaturas - Informe Litoral\" \/>\n<meta property=\"og:description\" content=\"Luego de algunas precipitaciones, el lunes comenz\u00f3 fresco y el sol estar\u00e1 presente con solo algunas nubes. Las chances de lluvias est\u00e1n m\u00e1s lejos y las temperaturas paulatinamente ir\u00e1n en aumento.\" \/>\n<meta property=\"og:url\" content=\"https:\/\/informelitoral.com.ar\/anuncian-una-semana-sin-lluvias-y-con-aumento-de-temperaturas\/\" \/>\n<meta property=\"og:site_name\" content=\"Informe Litoral\" \/>\n<meta property=\"article:publisher\" content=\"https:\/\/www.facebook.com\/informelitoral\/\" \/>\n<meta property=\"article:published_time\" content=\"2026-03-09T09:58:37+00:00\" \/>\n<meta property=\"og:image\" content=\"https:\/\/informelitoral.com.ar\/%77%70%2d%63%6f%6e%74%65%6e%74\/uploads\/2021\/08\/el-tiempo-cielo-parcialmente-despejado.jpg\" \/>\n\t<meta property=\"og:image:width\" content=\"1156\" \/>\n\t<meta property=\"og:image:height\" content=\"868\" \/>\n\t<meta property=\"og:image:type\" content=\"image\/jpeg\" \/>\n<meta name=\"author\" content=\"Gonzalo Schmidt\" \/>\n<meta name=\"twitter:card\" content=\"summary_large_image\" \/>\n<meta name=\"twitter:creator\" content=\"@InformeLitoral\" \/>\n<meta name=\"twitter:site\" content=\"@InformeLitoral\" \/>\n<meta name=\"twitter:label1\" content=\"Escrito por\" \/>\n\t<meta name=\"twitter:data1\" content=\"Gonzalo Schmidt\" \/>\n\t<meta name=\"twitter:label2\" content=\"Tiempo de lectura\" \/>\n\t<meta name=\"twitter:data2\" content=\"2 minutos\" \/>\n<script type=\"application\/ld+json\" class=\"yoast-schema-graph\">{\"@context\":\"https:\\\/\\\/schema.org\",\"@graph\":[{\"@type\":\"Article\",\"@id\":\"https:\\\/\\\/informelitoral.com.ar\\\/anuncian-una-semana-sin-lluvias-y-con-aumento-de-temperaturas\\\/#article\",\"isPartOf\":{\"@id\":\"https:\\\/\\\/informelitoral.com.ar\\\/anuncian-una-semana-sin-lluvias-y-con-aumento-de-temperaturas\\\/\"},\"author\":{\"name\":\"Gonzalo Schmidt\",\"@id\":\"https:\\\/\\\/informelitoral.com.ar\\\/#\\\/schema\\\/person\\\/b9d00407c836482871ef1d57bf8e3180\"},\"headline\":\"Anuncian una semana sin lluvias y con aumento de temperaturas\",\"datePublished\":\"2026-03-09T09:58:37+00:00\",\"mainEntityOfPage\":{\"@id\":\"https:\\\/\\\/informelitoral.com.ar\\\/anuncian-una-semana-sin-lluvias-y-con-aumento-de-temperaturas\\\/\"},\"wordCount\":328,\"commentCount\":0,\"publisher\":{\"@id\":\"https:\\\/\\\/informelitoral.com.ar\\\/#organization\"},\"image\":{\"@id\":\"https:\\\/\\\/informelitoral.com.ar\\\/anuncian-una-semana-sin-lluvias-y-con-aumento-de-temperaturas\\\/#primaryimage\"},\"thumbnailUrl\":\"https:\\\/\\\/informelitoral.com.ar\\\/%77%70%2d%63%6f%6e%74%65%6e%74\\\/uploads\\\/2021\\\/08\\\/el-tiempo-cielo-parcialmente-despejado.jpg\",\"keywords\":[\"El tiempo\",\"Pron\u00f3stico\",\"Pron\u00f3stico del tiempo\",\"SMN\"],\"articleSection\":[\"Entre R\u00edos\"],\"inLanguage\":\"es\",\"potentialAction\":[{\"@type\":\"CommentAction\",\"name\":\"Comment\",\"target\":[\"https:\\\/\\\/informelitoral.com.ar\\\/anuncian-una-semana-sin-lluvias-y-con-aumento-de-temperaturas\\\/#respond\"]}]},{\"@type\":\"WebPage\",\"@id\":\"https:\\\/\\\/informelitoral.com.ar\\\/anuncian-una-semana-sin-lluvias-y-con-aumento-de-temperaturas\\\/\",\"url\":\"https:\\\/\\\/informelitoral.com.ar\\\/anuncian-una-semana-sin-lluvias-y-con-aumento-de-temperaturas\\\/\",\"name\":\"Anuncian una semana sin lluvias y con aumento de temperaturas - Informe Litoral\",\"isPartOf\":{\"@id\":\"https:\\\/\\\/informelitoral.com.ar\\\/#website\"},\"primaryImageOfPage\":{\"@id\":\"https:\\\/\\\/informelitoral.com.ar\\\/anuncian-una-semana-sin-lluvias-y-con-aumento-de-temperaturas\\\/#primaryimage\"},\"image\":{\"@id\":\"https:\\\/\\\/informelitoral.com.ar\\\/anuncian-una-semana-sin-lluvias-y-con-aumento-de-temperaturas\\\/#primaryimage\"},\"thumbnailUrl\":\"https:\\\/\\\/informelitoral.com.ar\\\/%77%70%2d%63%6f%6e%74%65%6e%74\\\/uploads\\\/2021\\\/08\\\/el-tiempo-cielo-parcialmente-despejado.jpg\",\"datePublished\":\"2026-03-09T09:58:37+00:00\",\"breadcrumb\":{\"@id\":\"https:\\\/\\\/informelitoral.com.ar\\\/anuncian-una-semana-sin-lluvias-y-con-aumento-de-temperaturas\\\/#breadcrumb\"},\"inLanguage\":\"es\",\"potentialAction\":[{\"@type\":\"ReadAction\",\"target\":[\"https:\\\/\\\/informelitoral.com.ar\\\/anuncian-una-semana-sin-lluvias-y-con-aumento-de-temperaturas\\\/\"]}]},{\"@type\":\"ImageObject\",\"inLanguage\":\"es\",\"@id\":\"https:\\\/\\\/informelitoral.com.ar\\\/anuncian-una-semana-sin-lluvias-y-con-aumento-de-temperaturas\\\/#primaryimage\",\"url\":\"https:\\\/\\\/informelitoral.com.ar\\\/%77%70%2d%63%6f%6e%74%65%6e%74\\\/uploads\\\/2021\\\/08\\\/el-tiempo-cielo-parcialmente-despejado.jpg\",\"contentUrl\":\"https:\\\/\\\/informelitoral.com.ar\\\/%77%70%2d%63%6f%6e%74%65%6e%74\\\/uploads\\\/2021\\\/08\\\/el-tiempo-cielo-parcialmente-despejado.jpg\",\"width\":1156,\"height\":868},{\"@type\":\"BreadcrumbList\",\"@id\":\"https:\\\/\\\/informelitoral.com.ar\\\/anuncian-una-semana-sin-lluvias-y-con-aumento-de-temperaturas\\\/#breadcrumb\",\"itemListElement\":[{\"@type\":\"ListItem\",\"position\":1,\"name\":\"Portada\",\"item\":\"https:\\\/\\\/informelitoral.com.ar\\\/\"},{\"@type\":\"ListItem\",\"position\":2,\"name\":\"Anuncian una semana sin lluvias y con aumento de temperaturas\"}]},{\"@type\":\"WebSite\",\"@id\":\"https:\\\/\\\/informelitoral.com.ar\\\/#website\",\"url\":\"https:\\\/\\\/informelitoral.com.ar\\\/\",\"name\":\"Informe Litoral\",\"description\":\"&quot;Nos informamos&quot; \",\"publisher\":{\"@id\":\"https:\\\/\\\/informelitoral.com.ar\\\/#organization\"},\"potentialAction\":[{\"@type\":\"SearchAction\",\"target\":{\"@type\":\"EntryPoint\",\"urlTemplate\":\"https:\\\/\\\/informelitoral.com.ar\\\/?s={search_term_string}\"},\"query-input\":{\"@type\":\"PropertyValueSpecification\",\"valueRequired\":true,\"valueName\":\"search_term_string\"}}],\"inLanguage\":\"es\"},{\"@type\":\"Organization\",\"@id\":\"https:\\\/\\\/informelitoral.com.ar\\\/#organization\",\"name\":\"Informe Litoral\",\"url\":\"https:\\\/\\\/informelitoral.com.ar\\\/\",\"logo\":{\"@type\":\"ImageObject\",\"inLanguage\":\"es\",\"@id\":\"https:\\\/\\\/informelitoral.com.ar\\\/#\\\/schema\\\/logo\\\/image\\\/\",\"url\":\"https:\\\/\\\/informelitoral.com.ar\\\/%77%70%2d%63%6f%6e%74%65%6e%74\\\/uploads\\\/2021\\\/01\\\/circulo.png\",\"contentUrl\":\"https:\\\/\\\/informelitoral.com.ar\\\/%77%70%2d%63%6f%6e%74%65%6e%74\\\/uploads\\\/2021\\\/01\\\/circulo.png\",\"width\":723,\"height\":731,\"caption\":\"Informe Litoral\"},\"image\":{\"@id\":\"https:\\\/\\\/informelitoral.com.ar\\\/#\\\/schema\\\/logo\\\/image\\\/\"},\"sameAs\":[\"https:\\\/\\\/www.facebook.com\\\/informelitoral\\\/\",\"https:\\\/\\\/x.com\\\/InformeLitoral\",\"https:\\\/\\\/www.instagram.com\\\/informelitoral\\\/\",\"https:\\\/\\\/www.youtube.com\\\/channel\\\/UCua4Qvz8Icb6MYqhoq9xLXw\"]},{\"@type\":\"Person\",\"@id\":\"https:\\\/\\\/informelitoral.com.ar\\\/#\\\/schema\\\/person\\\/b9d00407c836482871ef1d57bf8e3180\",\"name\":\"Gonzalo Schmidt\",\"image\":{\"@type\":\"ImageObject\",\"inLanguage\":\"es\",\"@id\":\"https:\\\/\\\/secure.gravatar.com\\\/avatar\\\/31a1a7b66ff2de83bd0e9fd79d026630d2d99e55e8bfe501287647b4fd9743de?s=96&d=mm&r=g\",\"url\":\"https:\\\/\\\/secure.gravatar.com\\\/avatar\\\/31a1a7b66ff2de83bd0e9fd79d026630d2d99e55e8bfe501287647b4fd9743de?s=96&d=mm&r=g\",\"contentUrl\":\"https:\\\/\\\/secure.gravatar.com\\\/avatar\\\/31a1a7b66ff2de83bd0e9fd79d026630d2d99e55e8bfe501287647b4fd9743de?s=96&d=mm&r=g\",\"caption\":\"Gonzalo Schmidt\"},\"description\":\"Sitio web de noticias de la provincia de Entre R\u00edos, Argentina. Informaci\u00f3n y entretenimiento. Informe Litoral, nos informamos.\",\"sameAs\":[\"http:\\\/\\\/www.isletasnoticias.com.ar\"],\"url\":\"https:\\\/\\\/informelitoral.com.ar\\\/author\\\/gonzalo\\\/\"}]}<\/script>","yoast_head_json":{"title":"Anuncian una semana sin lluvias y con aumento de temperaturas - Informe Litoral","robots":{"index":"index","follow":"follow","max-snippet":"max-snippet:-1","max-image-preview":"max-image-preview:large","max-video-preview":"max-video-preview:-1"},"canonical":"https:\/\/informelitoral.com.ar\/anuncian-una-semana-sin-lluvias-y-con-aumento-de-temperaturas\/","og_locale":"es_ES","og_type":"article","og_title":"Anuncian una semana sin lluvias y con aumento de temperaturas - Informe Litoral","og_description":"Luego de algunas precipitaciones, el lunes comenz\u00f3 fresco y el sol estar\u00e1 presente con solo algunas nubes. Las chances de lluvias est\u00e1n m\u00e1s lejos y las temperaturas paulatinamente ir\u00e1n en aumento.","og_url":"https:\/\/informelitoral.com.ar\/anuncian-una-semana-sin-lluvias-y-con-aumento-de-temperaturas\/","og_site_name":"Informe Litoral","article_publisher":"https:\/\/www.facebook.com\/informelitoral\/","article_published_time":"2026-03-09T09:58:37+00:00","og_image":[{"width":1156,"height":868,"url":"https:\/\/informelitoral.com.ar\/%77%70%2d%63%6f%6e%74%65%6e%74\/uploads\/2021\/08\/el-tiempo-cielo-parcialmente-despejado.jpg","type":"image\/jpeg"}],"author":"Gonzalo Schmidt","twitter_card":"summary_large_image","twitter_creator":"@InformeLitoral","twitter_site":"@InformeLitoral","twitter_misc":{"Escrito por":"Gonzalo Schmidt","Tiempo de lectura":"2 minutos"},"schema":{"@context":"https:\/\/schema.org","@graph":[{"@type":"Article","@id":"https:\/\/informelitoral.com.ar\/anuncian-una-semana-sin-lluvias-y-con-aumento-de-temperaturas\/#article","isPartOf":{"@id":"https:\/\/informelitoral.com.ar\/anuncian-una-semana-sin-lluvias-y-con-aumento-de-temperaturas\/"},"author":{"name":"Gonzalo Schmidt","@id":"https:\/\/informelitoral.com.ar\/#\/schema\/person\/b9d00407c836482871ef1d57bf8e3180"},"headline":"Anuncian una semana sin lluvias y con aumento de temperaturas","datePublished":"2026-03-09T09:58:37+00:00","mainEntityOfPage":{"@id":"https:\/\/informelitoral.com.ar\/anuncian-una-semana-sin-lluvias-y-con-aumento-de-temperaturas\/"},"wordCount":328,"commentCount":0,"publisher":{"@id":"https:\/\/informelitoral.com.ar\/#organization"},"image":{"@id":"https:\/\/informelitoral.com.ar\/anuncian-una-semana-sin-lluvias-y-con-aumento-de-temperaturas\/#primaryimage"},"thumbnailUrl":"https:\/\/informelitoral.com.ar\/%77%70%2d%63%6f%6e%74%65%6e%74\/uploads\/2021\/08\/el-tiempo-cielo-parcialmente-despejado.jpg","keywords":["El tiempo","Pron\u00f3stico","Pron\u00f3stico del tiempo","SMN"],"articleSection":["Entre R\u00edos"],"inLanguage":"es","potentialAction":[{"@type":"CommentAction","name":"Comment","target":["https:\/\/informelitoral.com.ar\/anuncian-una-semana-sin-lluvias-y-con-aumento-de-temperaturas\/#respond"]}]},{"@type":"WebPage","@id":"https:\/\/informelitoral.com.ar\/anuncian-una-semana-sin-lluvias-y-con-aumento-de-temperaturas\/","url":"https:\/\/informelitoral.com.ar\/anuncian-una-semana-sin-lluvias-y-con-aumento-de-temperaturas\/","name":"Anuncian una semana sin lluvias y con aumento de temperaturas - Informe Litoral","isPartOf":{"@id":"https:\/\/informelitoral.com.ar\/#website"},"primaryImageOfPage":{"@id":"https:\/\/informelitoral.com.ar\/anuncian-una-semana-sin-lluvias-y-con-aumento-de-temperaturas\/#primaryimage"},"image":{"@id":"https:\/\/informelitoral.com.ar\/anuncian-una-semana-sin-lluvias-y-con-aumento-de-temperaturas\/#primaryimage"},"thumbnailUrl":"https:\/\/informelitoral.com.ar\/%77%70%2d%63%6f%6e%74%65%6e%74\/uploads\/2021\/08\/el-tiempo-cielo-parcialmente-despejado.jpg","datePublished":"2026-03-09T09:58:37+00:00","breadcrumb":{"@id":"https:\/\/informelitoral.com.ar\/anuncian-una-semana-sin-lluvias-y-con-aumento-de-temperaturas\/#breadcrumb"},"inLanguage":"es","potentialAction":[{"@type":"ReadAction","target":["https:\/\/informelitoral.com.ar\/anuncian-una-semana-sin-lluvias-y-con-aumento-de-temperaturas\/"]}]},{"@type":"ImageObject","inLanguage":"es","@id":"https:\/\/informelitoral.com.ar\/anuncian-una-semana-sin-lluvias-y-con-aumento-de-temperaturas\/#primaryimage","url":"https:\/\/informelitoral.com.ar\/%77%70%2d%63%6f%6e%74%65%6e%74\/uploads\/2021\/08\/el-tiempo-cielo-parcialmente-despejado.jpg","contentUrl":"https:\/\/informelitoral.com.ar\/%77%70%2d%63%6f%6e%74%65%6e%74\/uploads\/2021\/08\/el-tiempo-cielo-parcialmente-despejado.jpg","width":1156,"height":868},{"@type":"BreadcrumbList","@id":"https:\/\/informelitoral.com.ar\/anuncian-una-semana-sin-lluvias-y-con-aumento-de-temperaturas\/#breadcrumb","itemListElement":[{"@type":"ListItem","position":1,"name":"Portada","item":"https:\/\/informelitoral.com.ar\/"},{"@type":"ListItem","position":2,"name":"Anuncian una semana sin lluvias y con aumento de temperaturas"}]},{"@type":"WebSite","@id":"https:\/\/informelitoral.com.ar\/#website","url":"https:\/\/informelitoral.com.ar\/","name":"Informe Litoral","description":"&quot;Nos informamos&quot; ","publisher":{"@id":"https:\/\/informelitoral.com.ar\/#organization"},"potentialAction":[{"@type":"SearchAction","target":{"@type":"EntryPoint","urlTemplate":"https:\/\/informelitoral.com.ar\/?s={search_term_string}"},"query-input":{"@type":"PropertyValueSpecification","valueRequired":true,"valueName":"search_term_string"}}],"inLanguage":"es"},{"@type":"Organization","@id":"https:\/\/informelitoral.com.ar\/#organization","name":"Informe Litoral","url":"https:\/\/informelitoral.com.ar\/","logo":{"@type":"ImageObject","inLanguage":"es","@id":"https:\/\/informelitoral.com.ar\/#\/schema\/logo\/image\/","url":"https:\/\/informelitoral.com.ar\/%77%70%2d%63%6f%6e%74%65%6e%74\/uploads\/2021\/01\/circulo.png","contentUrl":"https:\/\/informelitoral.com.ar\/%77%70%2d%63%6f%6e%74%65%6e%74\/uploads\/2021\/01\/circulo.png","width":723,"height":731,"caption":"Informe Litoral"},"image":{"@id":"https:\/\/informelitoral.com.ar\/#\/schema\/logo\/image\/"},"sameAs":["https:\/\/www.facebook.com\/informelitoral\/","https:\/\/x.com\/InformeLitoral","https:\/\/www.instagram.com\/informelitoral\/","https:\/\/www.youtube.com\/channel\/UCua4Qvz8Icb6MYqhoq9xLXw"]},{"@type":"Person","@id":"https:\/\/informelitoral.com.ar\/#\/schema\/person\/b9d00407c836482871ef1d57bf8e3180","name":"Gonzalo Schmidt","image":{"@type":"ImageObject","inLanguage":"es","@id":"https:\/\/secure.gravatar.com\/avatar\/31a1a7b66ff2de83bd0e9fd79d026630d2d99e55e8bfe501287647b4fd9743de?s=96&d=mm&r=g","url":"https:\/\/secure.gravatar.com\/avatar\/31a1a7b66ff2de83bd0e9fd79d026630d2d99e55e8bfe501287647b4fd9743de?s=96&d=mm&r=g","contentUrl":"https:\/\/secure.gravatar.com\/avatar\/31a1a7b66ff2de83bd0e9fd79d026630d2d99e55e8bfe501287647b4fd9743de?s=96&d=mm&r=g","caption":"Gonzalo Schmidt"},"description":"Sitio web de noticias de la provincia de Entre R\u00edos, Argentina. Informaci\u00f3n y entretenimiento. Informe Litoral, nos informamos.","sameAs":["http:\/\/www.isletasnoticias.com.ar"],"url":"https:\/\/informelitoral.com.ar\/author\/gonzalo\/"}]}},"_links":{"self":[{"href":"https:\/\/informelitoral.com.ar\/%77%70%2d%6a%73%6f%6e\/wp\/v2\/posts\/252527","targetHints":{"allow":["GET"]}}],"collection":[{"href":"https:\/\/informelitoral.com.ar\/%77%70%2d%6a%73%6f%6e\/wp\/v2\/posts"}],"about":[{"href":"https:\/\/informelitoral.com.ar\/%77%70%2d%6a%73%6f%6e\/wp\/v2\/types\/post"}],"author":[{"embeddable":true,"href":"https:\/\/informelitoral.com.ar\/%77%70%2d%6a%73%6f%6e\/wp\/v2\/users\/2"}],"replies":[{"embeddable":true,"href":"https:\/\/informelitoral.com.ar\/%77%70%2d%6a%73%6f%6e\/wp\/v2\/comments?post=252527"}],"version-history":[{"count":1,"href":"https:\/\/informelitoral.com.ar\/%77%70%2d%6a%73%6f%6e\/wp\/v2\/posts\/252527\/revisions"}],"predecessor-version":[{"id":252528,"href":"https:\/\/informelitoral.com.ar\/%77%70%2d%6a%73%6f%6e\/wp\/v2\/posts\/252527\/revisions\/252528"}],"wp:featuredmedia":[{"embeddable":true,"href":"https:\/\/informelitoral.com.ar\/%77%70%2d%6a%73%6f%6e\/wp\/v2\/media\/63150"}],"wp:attachment":[{"href":"https:\/\/informelitoral.com.ar\/%77%70%2d%6a%73%6f%6e\/wp\/v2\/media?parent=252527"}],"wp:term":[{"taxonomy":"category","embeddable":true,"href":"https:\/\/informelitoral.com.ar\/%77%70%2d%6a%73%6f%6e\/wp\/v2\/categories?post=252527"},{"taxonomy":"post_tag","embeddable":true,"href":"https:\/\/informelitoral.com.ar\/%77%70%2d%6a%73%6f%6e\/wp\/v2\/tags?post=252527"}],"curies":[{"name":"wp","href":"https:\/\/api.w.org\/{rel}","templated":true}]}}