{"id":2524,"date":"2013-07-22T23:11:35","date_gmt":"2013-07-23T02:11:35","guid":{"rendered":"http:\/\/www.isletasnoticias.com.ar\/?p=2524"},"modified":"2013-07-22T23:26:51","modified_gmt":"2013-07-23T02:26:51","slug":"las-cuevas-el-informe-de-dario-lopez-sobre-la-creciente-y-actividad-del-inta","status":"publish","type":"post","link":"https:\/\/informelitoral.com.ar\/las-cuevas-el-informe-de-dario-lopez-sobre-la-creciente-y-actividad-del-inta\/","title":{"rendered":"Las Cuevas: el informe de Dar\u00edo L\u00f3pez sobre la creciente y actividad del INTA"},"content":{"rendered":"<div><strong>\u00a0 En dialogo con el programa<em> Uno por Semana <\/em>de FM Eco 100.3, <em>Dar\u00edo L\u00f3pez<\/em>, corresponsal de Las Cuevas, destac\u00f3 que la creciente del r\u00edo no ser\u00e1 tanto como se esperaba. Adem\u00e1s adelant\u00f3 que el mi\u00e9rcoles 24, en Costa Grande, habr\u00e1 una jornada sobre poda de frutales, organizada por el INTA Diamante.<\/strong><\/div>\n<div><a href=\"http:\/\/www.isletasnoticias.com.ar\/%77%70%2d%63%6f%6e%74%65%6e%74\/uploads\/2013\/07\/Hoy-19-07.jpg\"><img loading=\"lazy\" decoding=\"async\" class=\"size-medium wp-image-2526 alignright\" alt=\"Hoy 19-07\" src=\"http:\/\/www.isletasnoticias.com.ar\/%77%70%2d%63%6f%6e%74%65%6e%74\/uploads\/2013\/07\/Hoy-19-07-300x260.jpg\" width=\"300\" height=\"260\" srcset=\"https:\/\/informelitoral.com.ar\/%77%70%2d%63%6f%6e%74%65%6e%74\/uploads\/2013\/07\/Hoy-19-07-300x260.jpg 300w, https:\/\/informelitoral.com.ar\/%77%70%2d%63%6f%6e%74%65%6e%74\/uploads\/2013\/07\/Hoy-19-07-1024x887.jpg 1024w\" sizes=\"auto, (max-width: 300px) 100vw, 300px\" \/><\/a><\/div>\n<div><\/div>\n<div>Seg\u00fan los \u00faltimos informes que se vienen entregando a la poblaci\u00f3n de islas y a los hacendados, \u00abel nivel del agua que se esperaba no va a suceder\u00bb. Inform\u00f3 L\u00f3pez.<\/div>\n<div><\/div>\n<div>El corresponsal del mencionado programa dijo que \u00abpodemos observar el estado de la zona ribere\u00f1a, donde casi que no hay mucho ingreso de agua y s\u00ed se puede apreciar que existen muchos camalotes\u00bb.<\/div>\n<div><\/div>\n<div>Seg\u00fan un informe que realiz\u00f3 la<strong> Ing. Luciana Zapata<\/strong> de la Delegaci\u00f3n INTA de Diamante, para el 24 de julio se espera un nivel de 5,38 mts en Puerto Diamante, que no llega para hacer una evacuaci\u00f3n, ya el nivel para hacer la misma es de 5,50 mts.<\/div>\n<div><\/div>\n<div>Finalmente respecto a este tema, sostuvo que el retiro de animales de las islas \u00abse est\u00e1 frenando\u00bb.<\/div>\n<div><\/div>\n<div>En otro sentido, L\u00f3pez inform\u00f3 que para el mi\u00e9rcoles 24, en Costa Grande, habr\u00e1 una jornada para productores, sobre poda de frutales organizada por el Pro Huerta de la Delegaci\u00f3n INTA Diamante. La charla estar\u00e1 a cargo del ing. agr\u00f3nomo, del R\u00edo, profesor de fruticultura. La misma tendr\u00e1 lugar en el domicilio de <strong>\u00abTere\u00bb Olivero<\/strong> a las 14,30. \u00abSe invita a la comunidad de la localidad y zonas vecinas.\u00bb Coment\u00f3.<\/div>\n","protected":false},"excerpt":{"rendered":"<p>&nbsp; En dialogo con el programa Uno por Semana de FM Eco 100.3, Dar&iacute;o L&oacute;pez, corresponsal de Las Cuevas, destac&oacute; que la creciente del r&iacute;o no ser&aacute; tanto como se esperaba. Adem&aacute;s adelant&oacute; que el mi&eacute;rcoles 24, en Costa Grande, habr&aacute; una jornada sobre poda de frutales, organizada por el INTA Diamante. Seg&uacute;n los &uacute;ltimos [&hellip;]<\/p>\n","protected":false},"author":2,"featured_media":0,"comment_status":"open","ping_status":"open","sticky":false,"template":"","format":"standard","meta":{"fifu_image_url":"","fifu_image_alt":"","footnotes":""},"categories":[5],"tags":[],"class_list":{"0":"post-2524","1":"post","2":"type-post","3":"status-publish","4":"format-standard","6":"category-zonales"},"yoast_head":"<title>Las Cuevas: el informe de Dar\u00edo L\u00f3pez sobre la creciente y actividad del INTA - Informe Litoral<\/title>\n<meta name=\"robots\" content=\"index, follow, max-snippet:-1, max-image-preview:large, max-video-preview:-1\" \/>\n<link rel=\"canonical\" href=\"https:\/\/informelitoral.com.ar\/las-cuevas-el-informe-de-dario-lopez-sobre-la-creciente-y-actividad-del-inta\/\" \/>\n<meta property=\"og:locale\" content=\"es_ES\" \/>\n<meta property=\"og:type\" content=\"article\" \/>\n<meta property=\"og:title\" content=\"Las Cuevas: el informe de Dar\u00edo L\u00f3pez sobre la creciente y actividad del INTA - Informe Litoral\" \/>\n<meta property=\"og:description\" content=\"&nbsp; En dialogo con el programa Uno por Semana de FM Eco 100.3, Dar&iacute;o L&oacute;pez, corresponsal de Las Cuevas, destac&oacute; que la creciente del r&iacute;o no ser&aacute; tanto como se esperaba. Adem&aacute;s adelant&oacute; que el mi&eacute;rcoles 24, en Costa Grande, habr&aacute; una jornada sobre poda de frutales, organizada por el INTA Diamante. Seg&uacute;n los &uacute;ltimos [&hellip;]\" \/>\n<meta property=\"og:url\" content=\"https:\/\/informelitoral.com.ar\/las-cuevas-el-informe-de-dario-lopez-sobre-la-creciente-y-actividad-del-inta\/\" \/>\n<meta property=\"og:site_name\" content=\"Informe Litoral\" \/>\n<meta property=\"article:publisher\" content=\"https:\/\/www.facebook.com\/informelitoral\/\" \/>\n<meta property=\"article:published_time\" content=\"2013-07-23T02:11:35+00:00\" \/>\n<meta property=\"article:modified_time\" content=\"2013-07-23T02:26:51+00:00\" \/>\n<meta property=\"og:image\" content=\"https:\/\/informelitoral.com.ar\/%77%70%2d%63%6f%6e%74%65%6e%74\/uploads\/2013\/07\/Hoy-19-07.jpg\" \/>\n\t<meta property=\"og:image:width\" content=\"2392\" \/>\n\t<meta property=\"og:image:height\" content=\"2074\" \/>\n\t<meta property=\"og:image:type\" content=\"image\/jpeg\" \/>\n<meta name=\"author\" content=\"Gonzalo Schmidt\" \/>\n<meta name=\"twitter:card\" content=\"summary_large_image\" \/>\n<meta name=\"twitter:creator\" content=\"@InformeLitoral\" \/>\n<meta name=\"twitter:site\" content=\"@InformeLitoral\" \/>\n<meta name=\"twitter:label1\" content=\"Escrito por\" \/>\n\t<meta name=\"twitter:data1\" content=\"Gonzalo Schmidt\" \/>\n\t<meta name=\"twitter:label2\" content=\"Tiempo de lectura\" \/>\n\t<meta name=\"twitter:data2\" content=\"1 minuto\" \/>\n<script type=\"application\/ld+json\" class=\"yoast-schema-graph\">{\"@context\":\"https:\\\/\\\/schema.org\",\"@graph\":[{\"@type\":\"Article\",\"@id\":\"https:\\\/\\\/informelitoral.com.ar\\\/las-cuevas-el-informe-de-dario-lopez-sobre-la-creciente-y-actividad-del-inta\\\/#article\",\"isPartOf\":{\"@id\":\"https:\\\/\\\/informelitoral.com.ar\\\/las-cuevas-el-informe-de-dario-lopez-sobre-la-creciente-y-actividad-del-inta\\\/\"},\"author\":{\"name\":\"Gonzalo Schmidt\",\"@id\":\"https:\\\/\\\/informelitoral.com.ar\\\/#\\\/schema\\\/person\\\/b9d00407c836482871ef1d57bf8e3180\"},\"headline\":\"Las Cuevas: el informe de Dar\u00edo L\u00f3pez sobre la creciente y actividad del INTA\",\"datePublished\":\"2013-07-23T02:11:35+00:00\",\"dateModified\":\"2013-07-23T02:26:51+00:00\",\"mainEntityOfPage\":{\"@id\":\"https:\\\/\\\/informelitoral.com.ar\\\/las-cuevas-el-informe-de-dario-lopez-sobre-la-creciente-y-actividad-del-inta\\\/\"},\"wordCount\":275,\"commentCount\":0,\"publisher\":{\"@id\":\"https:\\\/\\\/informelitoral.com.ar\\\/#organization\"},\"image\":{\"@id\":\"https:\\\/\\\/informelitoral.com.ar\\\/las-cuevas-el-informe-de-dario-lopez-sobre-la-creciente-y-actividad-del-inta\\\/#primaryimage\"},\"thumbnailUrl\":\"http:\\\/\\\/www.isletasnoticias.com.ar\\\/%77%70%2d%63%6f%6e%74%65%6e%74\\\/uploads\\\/2013\\\/07\\\/Hoy-19-07-300x260.jpg\",\"articleSection\":[\"Departamento Diamante\"],\"inLanguage\":\"es\",\"potentialAction\":[{\"@type\":\"CommentAction\",\"name\":\"Comment\",\"target\":[\"https:\\\/\\\/informelitoral.com.ar\\\/las-cuevas-el-informe-de-dario-lopez-sobre-la-creciente-y-actividad-del-inta\\\/#respond\"]}]},{\"@type\":\"WebPage\",\"@id\":\"https:\\\/\\\/informelitoral.com.ar\\\/las-cuevas-el-informe-de-dario-lopez-sobre-la-creciente-y-actividad-del-inta\\\/\",\"url\":\"https:\\\/\\\/informelitoral.com.ar\\\/las-cuevas-el-informe-de-dario-lopez-sobre-la-creciente-y-actividad-del-inta\\\/\",\"name\":\"Las Cuevas: el informe de Dar\u00edo L\u00f3pez sobre la creciente y actividad del INTA - Informe Litoral\",\"isPartOf\":{\"@id\":\"https:\\\/\\\/informelitoral.com.ar\\\/#website\"},\"primaryImageOfPage\":{\"@id\":\"https:\\\/\\\/informelitoral.com.ar\\\/las-cuevas-el-informe-de-dario-lopez-sobre-la-creciente-y-actividad-del-inta\\\/#primaryimage\"},\"image\":{\"@id\":\"https:\\\/\\\/informelitoral.com.ar\\\/las-cuevas-el-informe-de-dario-lopez-sobre-la-creciente-y-actividad-del-inta\\\/#primaryimage\"},\"thumbnailUrl\":\"http:\\\/\\\/www.isletasnoticias.com.ar\\\/%77%70%2d%63%6f%6e%74%65%6e%74\\\/uploads\\\/2013\\\/07\\\/Hoy-19-07-300x260.jpg\",\"datePublished\":\"2013-07-23T02:11:35+00:00\",\"dateModified\":\"2013-07-23T02:26:51+00:00\",\"breadcrumb\":{\"@id\":\"https:\\\/\\\/informelitoral.com.ar\\\/las-cuevas-el-informe-de-dario-lopez-sobre-la-creciente-y-actividad-del-inta\\\/#breadcrumb\"},\"inLanguage\":\"es\",\"potentialAction\":[{\"@type\":\"ReadAction\",\"target\":[\"https:\\\/\\\/informelitoral.com.ar\\\/las-cuevas-el-informe-de-dario-lopez-sobre-la-creciente-y-actividad-del-inta\\\/\"]}]},{\"@type\":\"ImageObject\",\"inLanguage\":\"es\",\"@id\":\"https:\\\/\\\/informelitoral.com.ar\\\/las-cuevas-el-informe-de-dario-lopez-sobre-la-creciente-y-actividad-del-inta\\\/#primaryimage\",\"url\":\"http:\\\/\\\/www.isletasnoticias.com.ar\\\/%77%70%2d%63%6f%6e%74%65%6e%74\\\/uploads\\\/2013\\\/07\\\/Hoy-19-07-300x260.jpg\",\"contentUrl\":\"http:\\\/\\\/www.isletasnoticias.com.ar\\\/%77%70%2d%63%6f%6e%74%65%6e%74\\\/uploads\\\/2013\\\/07\\\/Hoy-19-07-300x260.jpg\"},{\"@type\":\"BreadcrumbList\",\"@id\":\"https:\\\/\\\/informelitoral.com.ar\\\/las-cuevas-el-informe-de-dario-lopez-sobre-la-creciente-y-actividad-del-inta\\\/#breadcrumb\",\"itemListElement\":[{\"@type\":\"ListItem\",\"position\":1,\"name\":\"Portada\",\"item\":\"https:\\\/\\\/informelitoral.com.ar\\\/\"},{\"@type\":\"ListItem\",\"position\":2,\"name\":\"Las Cuevas: el informe de Dar\u00edo L\u00f3pez sobre la creciente y actividad del INTA\"}]},{\"@type\":\"WebSite\",\"@id\":\"https:\\\/\\\/informelitoral.com.ar\\\/#website\",\"url\":\"https:\\\/\\\/informelitoral.com.ar\\\/\",\"name\":\"Informe Litoral\",\"description\":\"&quot;Nos informamos&quot; \",\"publisher\":{\"@id\":\"https:\\\/\\\/informelitoral.com.ar\\\/#organization\"},\"potentialAction\":[{\"@type\":\"SearchAction\",\"target\":{\"@type\":\"EntryPoint\",\"urlTemplate\":\"https:\\\/\\\/informelitoral.com.ar\\\/?s={search_term_string}\"},\"query-input\":{\"@type\":\"PropertyValueSpecification\",\"valueRequired\":true,\"valueName\":\"search_term_string\"}}],\"inLanguage\":\"es\"},{\"@type\":\"Organization\",\"@id\":\"https:\\\/\\\/informelitoral.com.ar\\\/#organization\",\"name\":\"Informe Litoral\",\"url\":\"https:\\\/\\\/informelitoral.com.ar\\\/\",\"logo\":{\"@type\":\"ImageObject\",\"inLanguage\":\"es\",\"@id\":\"https:\\\/\\\/informelitoral.com.ar\\\/#\\\/schema\\\/logo\\\/image\\\/\",\"url\":\"https:\\\/\\\/informelitoral.com.ar\\\/%77%70%2d%63%6f%6e%74%65%6e%74\\\/uploads\\\/2021\\\/01\\\/circulo.png\",\"contentUrl\":\"https:\\\/\\\/informelitoral.com.ar\\\/%77%70%2d%63%6f%6e%74%65%6e%74\\\/uploads\\\/2021\\\/01\\\/circulo.png\",\"width\":723,\"height\":731,\"caption\":\"Informe Litoral\"},\"image\":{\"@id\":\"https:\\\/\\\/informelitoral.com.ar\\\/#\\\/schema\\\/logo\\\/image\\\/\"},\"sameAs\":[\"https:\\\/\\\/www.facebook.com\\\/informelitoral\\\/\",\"https:\\\/\\\/x.com\\\/InformeLitoral\",\"https:\\\/\\\/www.instagram.com\\\/informelitoral\\\/\",\"https:\\\/\\\/www.youtube.com\\\/channel\\\/UCua4Qvz8Icb6MYqhoq9xLXw\"]},{\"@type\":\"Person\",\"@id\":\"https:\\\/\\\/informelitoral.com.ar\\\/#\\\/schema\\\/person\\\/b9d00407c836482871ef1d57bf8e3180\",\"name\":\"Gonzalo Schmidt\",\"image\":{\"@type\":\"ImageObject\",\"inLanguage\":\"es\",\"@id\":\"https:\\\/\\\/secure.gravatar.com\\\/avatar\\\/31a1a7b66ff2de83bd0e9fd79d026630d2d99e55e8bfe501287647b4fd9743de?s=96&d=mm&r=g\",\"url\":\"https:\\\/\\\/secure.gravatar.com\\\/avatar\\\/31a1a7b66ff2de83bd0e9fd79d026630d2d99e55e8bfe501287647b4fd9743de?s=96&d=mm&r=g\",\"contentUrl\":\"https:\\\/\\\/secure.gravatar.com\\\/avatar\\\/31a1a7b66ff2de83bd0e9fd79d026630d2d99e55e8bfe501287647b4fd9743de?s=96&d=mm&r=g\",\"caption\":\"Gonzalo Schmidt\"},\"description\":\"Sitio web de noticias de la provincia de Entre R\u00edos, Argentina. Informaci\u00f3n y entretenimiento. Informe Litoral, nos informamos.\",\"sameAs\":[\"http:\\\/\\\/www.isletasnoticias.com.ar\"],\"url\":\"https:\\\/\\\/informelitoral.com.ar\\\/author\\\/gonzalo\\\/\"}]}<\/script>","yoast_head_json":{"title":"Las Cuevas: el informe de Dar\u00edo L\u00f3pez sobre la creciente y actividad del INTA - Informe Litoral","robots":{"index":"index","follow":"follow","max-snippet":"max-snippet:-1","max-image-preview":"max-image-preview:large","max-video-preview":"max-video-preview:-1"},"canonical":"https:\/\/informelitoral.com.ar\/las-cuevas-el-informe-de-dario-lopez-sobre-la-creciente-y-actividad-del-inta\/","og_locale":"es_ES","og_type":"article","og_title":"Las Cuevas: el informe de Dar\u00edo L\u00f3pez sobre la creciente y actividad del INTA - Informe Litoral","og_description":"&nbsp; En dialogo con el programa Uno por Semana de FM Eco 100.3, Dar&iacute;o L&oacute;pez, corresponsal de Las Cuevas, destac&oacute; que la creciente del r&iacute;o no ser&aacute; tanto como se esperaba. Adem&aacute;s adelant&oacute; que el mi&eacute;rcoles 24, en Costa Grande, habr&aacute; una jornada sobre poda de frutales, organizada por el INTA Diamante. Seg&uacute;n los &uacute;ltimos [&hellip;]","og_url":"https:\/\/informelitoral.com.ar\/las-cuevas-el-informe-de-dario-lopez-sobre-la-creciente-y-actividad-del-inta\/","og_site_name":"Informe Litoral","article_publisher":"https:\/\/www.facebook.com\/informelitoral\/","article_published_time":"2013-07-23T02:11:35+00:00","article_modified_time":"2013-07-23T02:26:51+00:00","og_image":[{"width":2392,"height":2074,"url":"https:\/\/informelitoral.com.ar\/%77%70%2d%63%6f%6e%74%65%6e%74\/uploads\/2013\/07\/Hoy-19-07.jpg","type":"image\/jpeg"}],"author":"Gonzalo Schmidt","twitter_card":"summary_large_image","twitter_creator":"@InformeLitoral","twitter_site":"@InformeLitoral","twitter_misc":{"Escrito por":"Gonzalo Schmidt","Tiempo de lectura":"1 minuto"},"schema":{"@context":"https:\/\/schema.org","@graph":[{"@type":"Article","@id":"https:\/\/informelitoral.com.ar\/las-cuevas-el-informe-de-dario-lopez-sobre-la-creciente-y-actividad-del-inta\/#article","isPartOf":{"@id":"https:\/\/informelitoral.com.ar\/las-cuevas-el-informe-de-dario-lopez-sobre-la-creciente-y-actividad-del-inta\/"},"author":{"name":"Gonzalo Schmidt","@id":"https:\/\/informelitoral.com.ar\/#\/schema\/person\/b9d00407c836482871ef1d57bf8e3180"},"headline":"Las Cuevas: el informe de Dar\u00edo L\u00f3pez sobre la creciente y actividad del INTA","datePublished":"2013-07-23T02:11:35+00:00","dateModified":"2013-07-23T02:26:51+00:00","mainEntityOfPage":{"@id":"https:\/\/informelitoral.com.ar\/las-cuevas-el-informe-de-dario-lopez-sobre-la-creciente-y-actividad-del-inta\/"},"wordCount":275,"commentCount":0,"publisher":{"@id":"https:\/\/informelitoral.com.ar\/#organization"},"image":{"@id":"https:\/\/informelitoral.com.ar\/las-cuevas-el-informe-de-dario-lopez-sobre-la-creciente-y-actividad-del-inta\/#primaryimage"},"thumbnailUrl":"http:\/\/www.isletasnoticias.com.ar\/%77%70%2d%63%6f%6e%74%65%6e%74\/uploads\/2013\/07\/Hoy-19-07-300x260.jpg","articleSection":["Departamento Diamante"],"inLanguage":"es","potentialAction":[{"@type":"CommentAction","name":"Comment","target":["https:\/\/informelitoral.com.ar\/las-cuevas-el-informe-de-dario-lopez-sobre-la-creciente-y-actividad-del-inta\/#respond"]}]},{"@type":"WebPage","@id":"https:\/\/informelitoral.com.ar\/las-cuevas-el-informe-de-dario-lopez-sobre-la-creciente-y-actividad-del-inta\/","url":"https:\/\/informelitoral.com.ar\/las-cuevas-el-informe-de-dario-lopez-sobre-la-creciente-y-actividad-del-inta\/","name":"Las Cuevas: el informe de Dar\u00edo L\u00f3pez sobre la creciente y actividad del INTA - Informe Litoral","isPartOf":{"@id":"https:\/\/informelitoral.com.ar\/#website"},"primaryImageOfPage":{"@id":"https:\/\/informelitoral.com.ar\/las-cuevas-el-informe-de-dario-lopez-sobre-la-creciente-y-actividad-del-inta\/#primaryimage"},"image":{"@id":"https:\/\/informelitoral.com.ar\/las-cuevas-el-informe-de-dario-lopez-sobre-la-creciente-y-actividad-del-inta\/#primaryimage"},"thumbnailUrl":"http:\/\/www.isletasnoticias.com.ar\/%77%70%2d%63%6f%6e%74%65%6e%74\/uploads\/2013\/07\/Hoy-19-07-300x260.jpg","datePublished":"2013-07-23T02:11:35+00:00","dateModified":"2013-07-23T02:26:51+00:00","breadcrumb":{"@id":"https:\/\/informelitoral.com.ar\/las-cuevas-el-informe-de-dario-lopez-sobre-la-creciente-y-actividad-del-inta\/#breadcrumb"},"inLanguage":"es","potentialAction":[{"@type":"ReadAction","target":["https:\/\/informelitoral.com.ar\/las-cuevas-el-informe-de-dario-lopez-sobre-la-creciente-y-actividad-del-inta\/"]}]},{"@type":"ImageObject","inLanguage":"es","@id":"https:\/\/informelitoral.com.ar\/las-cuevas-el-informe-de-dario-lopez-sobre-la-creciente-y-actividad-del-inta\/#primaryimage","url":"http:\/\/www.isletasnoticias.com.ar\/%77%70%2d%63%6f%6e%74%65%6e%74\/uploads\/2013\/07\/Hoy-19-07-300x260.jpg","contentUrl":"http:\/\/www.isletasnoticias.com.ar\/%77%70%2d%63%6f%6e%74%65%6e%74\/uploads\/2013\/07\/Hoy-19-07-300x260.jpg"},{"@type":"BreadcrumbList","@id":"https:\/\/informelitoral.com.ar\/las-cuevas-el-informe-de-dario-lopez-sobre-la-creciente-y-actividad-del-inta\/#breadcrumb","itemListElement":[{"@type":"ListItem","position":1,"name":"Portada","item":"https:\/\/informelitoral.com.ar\/"},{"@type":"ListItem","position":2,"name":"Las Cuevas: el informe de Dar\u00edo L\u00f3pez sobre la creciente y actividad del INTA"}]},{"@type":"WebSite","@id":"https:\/\/informelitoral.com.ar\/#website","url":"https:\/\/informelitoral.com.ar\/","name":"Informe Litoral","description":"&quot;Nos informamos&quot; ","publisher":{"@id":"https:\/\/informelitoral.com.ar\/#organization"},"potentialAction":[{"@type":"SearchAction","target":{"@type":"EntryPoint","urlTemplate":"https:\/\/informelitoral.com.ar\/?s={search_term_string}"},"query-input":{"@type":"PropertyValueSpecification","valueRequired":true,"valueName":"search_term_string"}}],"inLanguage":"es"},{"@type":"Organization","@id":"https:\/\/informelitoral.com.ar\/#organization","name":"Informe Litoral","url":"https:\/\/informelitoral.com.ar\/","logo":{"@type":"ImageObject","inLanguage":"es","@id":"https:\/\/informelitoral.com.ar\/#\/schema\/logo\/image\/","url":"https:\/\/informelitoral.com.ar\/%77%70%2d%63%6f%6e%74%65%6e%74\/uploads\/2021\/01\/circulo.png","contentUrl":"https:\/\/informelitoral.com.ar\/%77%70%2d%63%6f%6e%74%65%6e%74\/uploads\/2021\/01\/circulo.png","width":723,"height":731,"caption":"Informe Litoral"},"image":{"@id":"https:\/\/informelitoral.com.ar\/#\/schema\/logo\/image\/"},"sameAs":["https:\/\/www.facebook.com\/informelitoral\/","https:\/\/x.com\/InformeLitoral","https:\/\/www.instagram.com\/informelitoral\/","https:\/\/www.youtube.com\/channel\/UCua4Qvz8Icb6MYqhoq9xLXw"]},{"@type":"Person","@id":"https:\/\/informelitoral.com.ar\/#\/schema\/person\/b9d00407c836482871ef1d57bf8e3180","name":"Gonzalo Schmidt","image":{"@type":"ImageObject","inLanguage":"es","@id":"https:\/\/secure.gravatar.com\/avatar\/31a1a7b66ff2de83bd0e9fd79d026630d2d99e55e8bfe501287647b4fd9743de?s=96&d=mm&r=g","url":"https:\/\/secure.gravatar.com\/avatar\/31a1a7b66ff2de83bd0e9fd79d026630d2d99e55e8bfe501287647b4fd9743de?s=96&d=mm&r=g","contentUrl":"https:\/\/secure.gravatar.com\/avatar\/31a1a7b66ff2de83bd0e9fd79d026630d2d99e55e8bfe501287647b4fd9743de?s=96&d=mm&r=g","caption":"Gonzalo Schmidt"},"description":"Sitio web de noticias de la provincia de Entre R\u00edos, Argentina. Informaci\u00f3n y entretenimiento. Informe Litoral, nos informamos.","sameAs":["http:\/\/www.isletasnoticias.com.ar"],"url":"https:\/\/informelitoral.com.ar\/author\/gonzalo\/"}]}},"_links":{"self":[{"href":"https:\/\/informelitoral.com.ar\/%77%70%2d%6a%73%6f%6e\/wp\/v2\/posts\/2524","targetHints":{"allow":["GET"]}}],"collection":[{"href":"https:\/\/informelitoral.com.ar\/%77%70%2d%6a%73%6f%6e\/wp\/v2\/posts"}],"about":[{"href":"https:\/\/informelitoral.com.ar\/%77%70%2d%6a%73%6f%6e\/wp\/v2\/types\/post"}],"author":[{"embeddable":true,"href":"https:\/\/informelitoral.com.ar\/%77%70%2d%6a%73%6f%6e\/wp\/v2\/users\/2"}],"replies":[{"embeddable":true,"href":"https:\/\/informelitoral.com.ar\/%77%70%2d%6a%73%6f%6e\/wp\/v2\/comments?post=2524"}],"version-history":[{"count":0,"href":"https:\/\/informelitoral.com.ar\/%77%70%2d%6a%73%6f%6e\/wp\/v2\/posts\/2524\/revisions"}],"wp:attachment":[{"href":"https:\/\/informelitoral.com.ar\/%77%70%2d%6a%73%6f%6e\/wp\/v2\/media?parent=2524"}],"wp:term":[{"taxonomy":"category","embeddable":true,"href":"https:\/\/informelitoral.com.ar\/%77%70%2d%6a%73%6f%6e\/wp\/v2\/categories?post=2524"},{"taxonomy":"post_tag","embeddable":true,"href":"https:\/\/informelitoral.com.ar\/%77%70%2d%6a%73%6f%6e\/wp\/v2\/tags?post=2524"}],"curies":[{"name":"wp","href":"https:\/\/api.w.org\/{rel}","templated":true}]}}