{"id":2514,"date":"2013-07-22T22:11:50","date_gmt":"2013-07-23T01:11:50","guid":{"rendered":"http:\/\/www.isletasnoticias.com.ar\/?p=2514"},"modified":"2013-07-22T22:20:45","modified_gmt":"2013-07-23T01:20:45","slug":"el-papa-en-brasil-la-juventud-es-la-ventana-por-la-que-el-futuro-entra-en-el-mundo","status":"publish","type":"post","link":"https:\/\/informelitoral.com.ar\/el-papa-en-brasil-la-juventud-es-la-ventana-por-la-que-el-futuro-entra-en-el-mundo\/","title":{"rendered":"El Papa en Brasil: \u00abLa juventud es la ventana por la que el futuro entra en el mundo\u00bb"},"content":{"rendered":"<div>\n<p><strong>Francisco\u00a0dirigi\u00f3 sus primeras palabras desde el Palacio Guanabara de R\u00edo de Janeiro. En Brasil, encabezar\u00e1 la\u00a0Jornada Mundial para la Juventud. Antes, habl\u00f3 Dilma Rousseff:\u00bb Luchamos contra u<strong>n enemigo com\u00fan, la desigualdad\u00bb.<\/strong><\/strong><\/p>\n<p><img loading=\"lazy\" decoding=\"async\" class=\"size-medium wp-image-2515 aligncenter\" alt=\"papa\" src=\"http:\/\/www.isletasnoticias.com.ar\/%77%70%2d%63%6f%6e%74%65%6e%74\/uploads\/2013\/07\/papa-300x161.jpg\" width=\"300\" height=\"161\" srcset=\"https:\/\/informelitoral.com.ar\/%77%70%2d%63%6f%6e%74%65%6e%74\/uploads\/2013\/07\/papa-300x161.jpg 300w, https:\/\/informelitoral.com.ar\/%77%70%2d%63%6f%6e%74%65%6e%74\/uploads\/2013\/07\/papa.jpg 624w\" sizes=\"auto, (max-width: 300px) 100vw, 300px\" \/><\/p>\n<\/div>\n<div>\n<p>\u00abPido permiso para entrar y pasar esta semana con ustedes. No tengo oro ni plata, pero traigo conmigo lo m\u00e1s valioso que se me ha dado: Jesucristo.\u00a0Vengo en su nombre para alimentar la llama de amor fraterno que arde en todo coraz\u00f3n; y deseo que llegue a todos y a cada uno mi saludo: &#8216;La paz de Cristo est\u00e9 con ustedes'\u00bb, afirm\u00f3 Francisco en su primera intervenci\u00f3n en Brasil.<\/p>\n<p>En portugu\u00e9s y atrav\u00e9s de un discurso cuidadosamente le\u00eddo, el Papa agradeci\u00f3 al gobierno de Brasil por la recepci\u00f3n en Rio de Janeiro y en sus primeras palabras asegur\u00f3 que \u201cpara tener acceso al pueblo brasile\u00f1o\u00a0es necesario entrar por su inmenso coraz\u00f3n\u201d.<\/p>\n<p>Su discurso fue exclusivamente pastoral y enfocado\u00a0en los j\u00f3venes que asistir\u00e1n a las\u00a0XXVIII Jornada Mundial de la Juventud.<\/p>\n<p>\u201cLes traigo lo m\u00e1s precioso que me han dado, Jesucristo\u201d, dijo el Pont\u00edfice, quien evit\u00f3 todo tipo de comentario con connotaci\u00f3n pol\u00edtica. \u201cVengo en su nombre para aumentar la llama de amor fraterno\u201d.<\/p>\n<p>Francisco destac\u00f3 que \u201cel motivo principal de mi visita a Brasil trasciende las fronteras\u201d debido a la organizaci\u00f3n de las Jornadas de la Juventud.<\/p>\n<p>\u201cLa juventud es la ventana por la que el futuro entra en el mundo\u201d, dijo el Santo Padre, e invit\u00f3 a que los mayores acompa\u00f1en en ese camino a las nuevas generaciones.<\/p>\n<p>Minutos antes, la presidente de Brasil llam\u00f3 a conformar una alianza com\u00fan para combatir la pobreza. \u201clos brasile\u00f1os somos hombres y mujeres de fe\u201d, dijo la presidente -que en su juventud milit\u00f3 en organizaciones marxistas-.<\/p>\n<p>Dilma record\u00f3 los programas sociales de los \u00faltimos 10 a\u00f1os de gobierno petista. No olvid\u00f3 los reclamos de los \u00faltimos d\u00edas en las calles brasile\u00f1as que reclaman mayor educaci\u00f3n, salud y llam\u00f3 a \u201cla construcci\u00f3n de soluciones\u201d porque \u201clos j\u00f3venes quiere vivir plenamente\u201d.<\/p>\n<p>\u201cLa juventud brasile\u00f1a est\u00e1 comprometida en lograr una nueva sociedad\u201d, afirm\u00f3 la mandataria. \u201cVemos los valores cristianos. Es una oportunidad para discutir. Su visita durar\u00e1 m\u00e1s de los 6 d\u00edas previstos, perdurar\u00e1 en nuestros corazones\u201d, asegur\u00f3.<\/p>\n<p>El\u00a0primer papa latinoamericano de la historia, de 76 a\u00f1os, ha mostrado su fuerte carisma y ha dado muestras de que busca una Iglesia m\u00e1s simple y m\u00e1s cercana a los pobres desde que fue entronizado en marzo, tras la sorpresiva renuncia de\u00a0Benedicto XVI.<\/p>\n<p>Francisco\u00a0presidir\u00e1 la Jornada Mundial de la Juventud del 23 al 28 de julio en R\u00edo, un \u00abWoodstock cat\u00f3lico\u00bb como se la ha llamado, a la que asistir\u00e1n cerca de\u00a01,5 millones de personas. Tambi\u00e9n viajar\u00e1 a Aparecida, el mayor santuario cat\u00f3lico de\u00a0Brasil, en el estado de San Pablo. (Fuente: Infobae).<\/p>\n<\/div>\n","protected":false},"excerpt":{"rendered":"<p>Francisco&nbsp;dirigi&oacute; sus primeras palabras desde el Palacio Guanabara de R&iacute;o de Janeiro. En Brasil, encabezar&aacute; la&nbsp;Jornada Mundial para la Juventud. Antes, habl&oacute; Dilma Rousseff:&raquo; Luchamos contra un enemigo com&uacute;n, la desigualdad&raquo;. &laquo;Pido permiso para entrar y pasar esta semana con ustedes. No tengo oro ni plata, pero traigo conmigo lo m&aacute;s valioso que se me [&hellip;]<\/p>\n","protected":false},"author":2,"featured_media":0,"comment_status":"open","ping_status":"open","sticky":false,"template":"","format":"standard","meta":{"fifu_image_url":"","fifu_image_alt":"","footnotes":""},"categories":[8],"tags":[],"class_list":{"0":"post-2514","1":"post","2":"type-post","3":"status-publish","4":"format-standard","6":"category-internacionales"},"yoast_head":"<title>El Papa en Brasil: &quot;La juventud es la ventana por la que el futuro entra en el mundo&quot; - Informe Litoral<\/title>\n<meta name=\"robots\" content=\"index, follow, max-snippet:-1, max-image-preview:large, max-video-preview:-1\" \/>\n<link rel=\"canonical\" href=\"https:\/\/informelitoral.com.ar\/el-papa-en-brasil-la-juventud-es-la-ventana-por-la-que-el-futuro-entra-en-el-mundo\/\" \/>\n<meta property=\"og:locale\" content=\"es_ES\" \/>\n<meta property=\"og:type\" content=\"article\" \/>\n<meta property=\"og:title\" content=\"El Papa en Brasil: &quot;La juventud es la ventana por la que el futuro entra en el mundo&quot; - Informe Litoral\" \/>\n<meta property=\"og:description\" content=\"Francisco&nbsp;dirigi&oacute; sus primeras palabras desde el Palacio Guanabara de R&iacute;o de Janeiro. En Brasil, encabezar&aacute; la&nbsp;Jornada Mundial para la Juventud. Antes, habl&oacute; Dilma Rousseff:&raquo; Luchamos contra un enemigo com&uacute;n, la desigualdad&raquo;. &laquo;Pido permiso para entrar y pasar esta semana con ustedes. No tengo oro ni plata, pero traigo conmigo lo m&aacute;s valioso que se me [&hellip;]\" \/>\n<meta property=\"og:url\" content=\"https:\/\/informelitoral.com.ar\/el-papa-en-brasil-la-juventud-es-la-ventana-por-la-que-el-futuro-entra-en-el-mundo\/\" \/>\n<meta property=\"og:site_name\" content=\"Informe Litoral\" \/>\n<meta property=\"article:publisher\" content=\"https:\/\/www.facebook.com\/informelitoral\/\" \/>\n<meta property=\"article:published_time\" content=\"2013-07-23T01:11:50+00:00\" \/>\n<meta property=\"article:modified_time\" content=\"2013-07-23T01:20:45+00:00\" \/>\n<meta property=\"og:image\" content=\"https:\/\/informelitoral.com.ar\/%77%70%2d%63%6f%6e%74%65%6e%74\/uploads\/2013\/07\/papa.jpg\" \/>\n\t<meta property=\"og:image:width\" content=\"624\" \/>\n\t<meta property=\"og:image:height\" content=\"335\" \/>\n\t<meta property=\"og:image:type\" content=\"image\/jpeg\" \/>\n<meta name=\"author\" content=\"Gonzalo Schmidt\" \/>\n<meta name=\"twitter:card\" content=\"summary_large_image\" \/>\n<meta name=\"twitter:creator\" content=\"@InformeLitoral\" \/>\n<meta name=\"twitter:site\" content=\"@InformeLitoral\" \/>\n<meta name=\"twitter:label1\" content=\"Escrito por\" \/>\n\t<meta name=\"twitter:data1\" content=\"Gonzalo Schmidt\" \/>\n\t<meta name=\"twitter:label2\" content=\"Tiempo de lectura\" \/>\n\t<meta name=\"twitter:data2\" content=\"2 minutos\" \/>\n<script type=\"application\/ld+json\" class=\"yoast-schema-graph\">{\"@context\":\"https:\\\/\\\/schema.org\",\"@graph\":[{\"@type\":\"Article\",\"@id\":\"https:\\\/\\\/informelitoral.com.ar\\\/el-papa-en-brasil-la-juventud-es-la-ventana-por-la-que-el-futuro-entra-en-el-mundo\\\/#article\",\"isPartOf\":{\"@id\":\"https:\\\/\\\/informelitoral.com.ar\\\/el-papa-en-brasil-la-juventud-es-la-ventana-por-la-que-el-futuro-entra-en-el-mundo\\\/\"},\"author\":{\"name\":\"Gonzalo Schmidt\",\"@id\":\"https:\\\/\\\/informelitoral.com.ar\\\/#\\\/schema\\\/person\\\/b9d00407c836482871ef1d57bf8e3180\"},\"headline\":\"El Papa en Brasil: \u00abLa juventud es la ventana por la que el futuro entra en el mundo\u00bb\",\"datePublished\":\"2013-07-23T01:11:50+00:00\",\"dateModified\":\"2013-07-23T01:20:45+00:00\",\"mainEntityOfPage\":{\"@id\":\"https:\\\/\\\/informelitoral.com.ar\\\/el-papa-en-brasil-la-juventud-es-la-ventana-por-la-que-el-futuro-entra-en-el-mundo\\\/\"},\"wordCount\":516,\"commentCount\":0,\"publisher\":{\"@id\":\"https:\\\/\\\/informelitoral.com.ar\\\/#organization\"},\"image\":{\"@id\":\"https:\\\/\\\/informelitoral.com.ar\\\/el-papa-en-brasil-la-juventud-es-la-ventana-por-la-que-el-futuro-entra-en-el-mundo\\\/#primaryimage\"},\"thumbnailUrl\":\"http:\\\/\\\/www.isletasnoticias.com.ar\\\/%77%70%2d%63%6f%6e%74%65%6e%74\\\/uploads\\\/2013\\\/07\\\/papa-300x161.jpg\",\"articleSection\":[\"Internacionales\"],\"inLanguage\":\"es\",\"potentialAction\":[{\"@type\":\"CommentAction\",\"name\":\"Comment\",\"target\":[\"https:\\\/\\\/informelitoral.com.ar\\\/el-papa-en-brasil-la-juventud-es-la-ventana-por-la-que-el-futuro-entra-en-el-mundo\\\/#respond\"]}]},{\"@type\":\"WebPage\",\"@id\":\"https:\\\/\\\/informelitoral.com.ar\\\/el-papa-en-brasil-la-juventud-es-la-ventana-por-la-que-el-futuro-entra-en-el-mundo\\\/\",\"url\":\"https:\\\/\\\/informelitoral.com.ar\\\/el-papa-en-brasil-la-juventud-es-la-ventana-por-la-que-el-futuro-entra-en-el-mundo\\\/\",\"name\":\"El Papa en Brasil: \\\"La juventud es la ventana por la que el futuro entra en el mundo\\\" - Informe Litoral\",\"isPartOf\":{\"@id\":\"https:\\\/\\\/informelitoral.com.ar\\\/#website\"},\"primaryImageOfPage\":{\"@id\":\"https:\\\/\\\/informelitoral.com.ar\\\/el-papa-en-brasil-la-juventud-es-la-ventana-por-la-que-el-futuro-entra-en-el-mundo\\\/#primaryimage\"},\"image\":{\"@id\":\"https:\\\/\\\/informelitoral.com.ar\\\/el-papa-en-brasil-la-juventud-es-la-ventana-por-la-que-el-futuro-entra-en-el-mundo\\\/#primaryimage\"},\"thumbnailUrl\":\"http:\\\/\\\/www.isletasnoticias.com.ar\\\/%77%70%2d%63%6f%6e%74%65%6e%74\\\/uploads\\\/2013\\\/07\\\/papa-300x161.jpg\",\"datePublished\":\"2013-07-23T01:11:50+00:00\",\"dateModified\":\"2013-07-23T01:20:45+00:00\",\"breadcrumb\":{\"@id\":\"https:\\\/\\\/informelitoral.com.ar\\\/el-papa-en-brasil-la-juventud-es-la-ventana-por-la-que-el-futuro-entra-en-el-mundo\\\/#breadcrumb\"},\"inLanguage\":\"es\",\"potentialAction\":[{\"@type\":\"ReadAction\",\"target\":[\"https:\\\/\\\/informelitoral.com.ar\\\/el-papa-en-brasil-la-juventud-es-la-ventana-por-la-que-el-futuro-entra-en-el-mundo\\\/\"]}]},{\"@type\":\"ImageObject\",\"inLanguage\":\"es\",\"@id\":\"https:\\\/\\\/informelitoral.com.ar\\\/el-papa-en-brasil-la-juventud-es-la-ventana-por-la-que-el-futuro-entra-en-el-mundo\\\/#primaryimage\",\"url\":\"http:\\\/\\\/www.isletasnoticias.com.ar\\\/%77%70%2d%63%6f%6e%74%65%6e%74\\\/uploads\\\/2013\\\/07\\\/papa-300x161.jpg\",\"contentUrl\":\"http:\\\/\\\/www.isletasnoticias.com.ar\\\/%77%70%2d%63%6f%6e%74%65%6e%74\\\/uploads\\\/2013\\\/07\\\/papa-300x161.jpg\"},{\"@type\":\"BreadcrumbList\",\"@id\":\"https:\\\/\\\/informelitoral.com.ar\\\/el-papa-en-brasil-la-juventud-es-la-ventana-por-la-que-el-futuro-entra-en-el-mundo\\\/#breadcrumb\",\"itemListElement\":[{\"@type\":\"ListItem\",\"position\":1,\"name\":\"Portada\",\"item\":\"https:\\\/\\\/informelitoral.com.ar\\\/\"},{\"@type\":\"ListItem\",\"position\":2,\"name\":\"El Papa en Brasil: \u00abLa juventud es la ventana por la que el futuro entra en el mundo\u00bb\"}]},{\"@type\":\"WebSite\",\"@id\":\"https:\\\/\\\/informelitoral.com.ar\\\/#website\",\"url\":\"https:\\\/\\\/informelitoral.com.ar\\\/\",\"name\":\"Informe Litoral\",\"description\":\"&quot;Nos informamos&quot; \",\"publisher\":{\"@id\":\"https:\\\/\\\/informelitoral.com.ar\\\/#organization\"},\"potentialAction\":[{\"@type\":\"SearchAction\",\"target\":{\"@type\":\"EntryPoint\",\"urlTemplate\":\"https:\\\/\\\/informelitoral.com.ar\\\/?s={search_term_string}\"},\"query-input\":{\"@type\":\"PropertyValueSpecification\",\"valueRequired\":true,\"valueName\":\"search_term_string\"}}],\"inLanguage\":\"es\"},{\"@type\":\"Organization\",\"@id\":\"https:\\\/\\\/informelitoral.com.ar\\\/#organization\",\"name\":\"Informe Litoral\",\"url\":\"https:\\\/\\\/informelitoral.com.ar\\\/\",\"logo\":{\"@type\":\"ImageObject\",\"inLanguage\":\"es\",\"@id\":\"https:\\\/\\\/informelitoral.com.ar\\\/#\\\/schema\\\/logo\\\/image\\\/\",\"url\":\"https:\\\/\\\/informelitoral.com.ar\\\/%77%70%2d%63%6f%6e%74%65%6e%74\\\/uploads\\\/2021\\\/01\\\/circulo.png\",\"contentUrl\":\"https:\\\/\\\/informelitoral.com.ar\\\/%77%70%2d%63%6f%6e%74%65%6e%74\\\/uploads\\\/2021\\\/01\\\/circulo.png\",\"width\":723,\"height\":731,\"caption\":\"Informe Litoral\"},\"image\":{\"@id\":\"https:\\\/\\\/informelitoral.com.ar\\\/#\\\/schema\\\/logo\\\/image\\\/\"},\"sameAs\":[\"https:\\\/\\\/www.facebook.com\\\/informelitoral\\\/\",\"https:\\\/\\\/x.com\\\/InformeLitoral\",\"https:\\\/\\\/www.instagram.com\\\/informelitoral\\\/\",\"https:\\\/\\\/www.youtube.com\\\/channel\\\/UCua4Qvz8Icb6MYqhoq9xLXw\"]},{\"@type\":\"Person\",\"@id\":\"https:\\\/\\\/informelitoral.com.ar\\\/#\\\/schema\\\/person\\\/b9d00407c836482871ef1d57bf8e3180\",\"name\":\"Gonzalo Schmidt\",\"image\":{\"@type\":\"ImageObject\",\"inLanguage\":\"es\",\"@id\":\"https:\\\/\\\/secure.gravatar.com\\\/avatar\\\/31a1a7b66ff2de83bd0e9fd79d026630d2d99e55e8bfe501287647b4fd9743de?s=96&d=mm&r=g\",\"url\":\"https:\\\/\\\/secure.gravatar.com\\\/avatar\\\/31a1a7b66ff2de83bd0e9fd79d026630d2d99e55e8bfe501287647b4fd9743de?s=96&d=mm&r=g\",\"contentUrl\":\"https:\\\/\\\/secure.gravatar.com\\\/avatar\\\/31a1a7b66ff2de83bd0e9fd79d026630d2d99e55e8bfe501287647b4fd9743de?s=96&d=mm&r=g\",\"caption\":\"Gonzalo Schmidt\"},\"description\":\"Sitio web de noticias de la provincia de Entre R\u00edos, Argentina. Informaci\u00f3n y entretenimiento. Informe Litoral, nos informamos.\",\"sameAs\":[\"http:\\\/\\\/www.isletasnoticias.com.ar\"],\"url\":\"https:\\\/\\\/informelitoral.com.ar\\\/author\\\/gonzalo\\\/\"}]}<\/script>","yoast_head_json":{"title":"El Papa en Brasil: \"La juventud es la ventana por la que el futuro entra en el mundo\" - Informe Litoral","robots":{"index":"index","follow":"follow","max-snippet":"max-snippet:-1","max-image-preview":"max-image-preview:large","max-video-preview":"max-video-preview:-1"},"canonical":"https:\/\/informelitoral.com.ar\/el-papa-en-brasil-la-juventud-es-la-ventana-por-la-que-el-futuro-entra-en-el-mundo\/","og_locale":"es_ES","og_type":"article","og_title":"El Papa en Brasil: \"La juventud es la ventana por la que el futuro entra en el mundo\" - Informe Litoral","og_description":"Francisco&nbsp;dirigi&oacute; sus primeras palabras desde el Palacio Guanabara de R&iacute;o de Janeiro. En Brasil, encabezar&aacute; la&nbsp;Jornada Mundial para la Juventud. Antes, habl&oacute; Dilma Rousseff:&raquo; Luchamos contra un enemigo com&uacute;n, la desigualdad&raquo;. &laquo;Pido permiso para entrar y pasar esta semana con ustedes. No tengo oro ni plata, pero traigo conmigo lo m&aacute;s valioso que se me [&hellip;]","og_url":"https:\/\/informelitoral.com.ar\/el-papa-en-brasil-la-juventud-es-la-ventana-por-la-que-el-futuro-entra-en-el-mundo\/","og_site_name":"Informe Litoral","article_publisher":"https:\/\/www.facebook.com\/informelitoral\/","article_published_time":"2013-07-23T01:11:50+00:00","article_modified_time":"2013-07-23T01:20:45+00:00","og_image":[{"width":624,"height":335,"url":"https:\/\/informelitoral.com.ar\/%77%70%2d%63%6f%6e%74%65%6e%74\/uploads\/2013\/07\/papa.jpg","type":"image\/jpeg"}],"author":"Gonzalo Schmidt","twitter_card":"summary_large_image","twitter_creator":"@InformeLitoral","twitter_site":"@InformeLitoral","twitter_misc":{"Escrito por":"Gonzalo Schmidt","Tiempo de lectura":"2 minutos"},"schema":{"@context":"https:\/\/schema.org","@graph":[{"@type":"Article","@id":"https:\/\/informelitoral.com.ar\/el-papa-en-brasil-la-juventud-es-la-ventana-por-la-que-el-futuro-entra-en-el-mundo\/#article","isPartOf":{"@id":"https:\/\/informelitoral.com.ar\/el-papa-en-brasil-la-juventud-es-la-ventana-por-la-que-el-futuro-entra-en-el-mundo\/"},"author":{"name":"Gonzalo Schmidt","@id":"https:\/\/informelitoral.com.ar\/#\/schema\/person\/b9d00407c836482871ef1d57bf8e3180"},"headline":"El Papa en Brasil: \u00abLa juventud es la ventana por la que el futuro entra en el mundo\u00bb","datePublished":"2013-07-23T01:11:50+00:00","dateModified":"2013-07-23T01:20:45+00:00","mainEntityOfPage":{"@id":"https:\/\/informelitoral.com.ar\/el-papa-en-brasil-la-juventud-es-la-ventana-por-la-que-el-futuro-entra-en-el-mundo\/"},"wordCount":516,"commentCount":0,"publisher":{"@id":"https:\/\/informelitoral.com.ar\/#organization"},"image":{"@id":"https:\/\/informelitoral.com.ar\/el-papa-en-brasil-la-juventud-es-la-ventana-por-la-que-el-futuro-entra-en-el-mundo\/#primaryimage"},"thumbnailUrl":"http:\/\/www.isletasnoticias.com.ar\/%77%70%2d%63%6f%6e%74%65%6e%74\/uploads\/2013\/07\/papa-300x161.jpg","articleSection":["Internacionales"],"inLanguage":"es","potentialAction":[{"@type":"CommentAction","name":"Comment","target":["https:\/\/informelitoral.com.ar\/el-papa-en-brasil-la-juventud-es-la-ventana-por-la-que-el-futuro-entra-en-el-mundo\/#respond"]}]},{"@type":"WebPage","@id":"https:\/\/informelitoral.com.ar\/el-papa-en-brasil-la-juventud-es-la-ventana-por-la-que-el-futuro-entra-en-el-mundo\/","url":"https:\/\/informelitoral.com.ar\/el-papa-en-brasil-la-juventud-es-la-ventana-por-la-que-el-futuro-entra-en-el-mundo\/","name":"El Papa en Brasil: \"La juventud es la ventana por la que el futuro entra en el mundo\" - Informe Litoral","isPartOf":{"@id":"https:\/\/informelitoral.com.ar\/#website"},"primaryImageOfPage":{"@id":"https:\/\/informelitoral.com.ar\/el-papa-en-brasil-la-juventud-es-la-ventana-por-la-que-el-futuro-entra-en-el-mundo\/#primaryimage"},"image":{"@id":"https:\/\/informelitoral.com.ar\/el-papa-en-brasil-la-juventud-es-la-ventana-por-la-que-el-futuro-entra-en-el-mundo\/#primaryimage"},"thumbnailUrl":"http:\/\/www.isletasnoticias.com.ar\/%77%70%2d%63%6f%6e%74%65%6e%74\/uploads\/2013\/07\/papa-300x161.jpg","datePublished":"2013-07-23T01:11:50+00:00","dateModified":"2013-07-23T01:20:45+00:00","breadcrumb":{"@id":"https:\/\/informelitoral.com.ar\/el-papa-en-brasil-la-juventud-es-la-ventana-por-la-que-el-futuro-entra-en-el-mundo\/#breadcrumb"},"inLanguage":"es","potentialAction":[{"@type":"ReadAction","target":["https:\/\/informelitoral.com.ar\/el-papa-en-brasil-la-juventud-es-la-ventana-por-la-que-el-futuro-entra-en-el-mundo\/"]}]},{"@type":"ImageObject","inLanguage":"es","@id":"https:\/\/informelitoral.com.ar\/el-papa-en-brasil-la-juventud-es-la-ventana-por-la-que-el-futuro-entra-en-el-mundo\/#primaryimage","url":"http:\/\/www.isletasnoticias.com.ar\/%77%70%2d%63%6f%6e%74%65%6e%74\/uploads\/2013\/07\/papa-300x161.jpg","contentUrl":"http:\/\/www.isletasnoticias.com.ar\/%77%70%2d%63%6f%6e%74%65%6e%74\/uploads\/2013\/07\/papa-300x161.jpg"},{"@type":"BreadcrumbList","@id":"https:\/\/informelitoral.com.ar\/el-papa-en-brasil-la-juventud-es-la-ventana-por-la-que-el-futuro-entra-en-el-mundo\/#breadcrumb","itemListElement":[{"@type":"ListItem","position":1,"name":"Portada","item":"https:\/\/informelitoral.com.ar\/"},{"@type":"ListItem","position":2,"name":"El Papa en Brasil: \u00abLa juventud es la ventana por la que el futuro entra en el mundo\u00bb"}]},{"@type":"WebSite","@id":"https:\/\/informelitoral.com.ar\/#website","url":"https:\/\/informelitoral.com.ar\/","name":"Informe Litoral","description":"&quot;Nos informamos&quot; ","publisher":{"@id":"https:\/\/informelitoral.com.ar\/#organization"},"potentialAction":[{"@type":"SearchAction","target":{"@type":"EntryPoint","urlTemplate":"https:\/\/informelitoral.com.ar\/?s={search_term_string}"},"query-input":{"@type":"PropertyValueSpecification","valueRequired":true,"valueName":"search_term_string"}}],"inLanguage":"es"},{"@type":"Organization","@id":"https:\/\/informelitoral.com.ar\/#organization","name":"Informe Litoral","url":"https:\/\/informelitoral.com.ar\/","logo":{"@type":"ImageObject","inLanguage":"es","@id":"https:\/\/informelitoral.com.ar\/#\/schema\/logo\/image\/","url":"https:\/\/informelitoral.com.ar\/%77%70%2d%63%6f%6e%74%65%6e%74\/uploads\/2021\/01\/circulo.png","contentUrl":"https:\/\/informelitoral.com.ar\/%77%70%2d%63%6f%6e%74%65%6e%74\/uploads\/2021\/01\/circulo.png","width":723,"height":731,"caption":"Informe Litoral"},"image":{"@id":"https:\/\/informelitoral.com.ar\/#\/schema\/logo\/image\/"},"sameAs":["https:\/\/www.facebook.com\/informelitoral\/","https:\/\/x.com\/InformeLitoral","https:\/\/www.instagram.com\/informelitoral\/","https:\/\/www.youtube.com\/channel\/UCua4Qvz8Icb6MYqhoq9xLXw"]},{"@type":"Person","@id":"https:\/\/informelitoral.com.ar\/#\/schema\/person\/b9d00407c836482871ef1d57bf8e3180","name":"Gonzalo Schmidt","image":{"@type":"ImageObject","inLanguage":"es","@id":"https:\/\/secure.gravatar.com\/avatar\/31a1a7b66ff2de83bd0e9fd79d026630d2d99e55e8bfe501287647b4fd9743de?s=96&d=mm&r=g","url":"https:\/\/secure.gravatar.com\/avatar\/31a1a7b66ff2de83bd0e9fd79d026630d2d99e55e8bfe501287647b4fd9743de?s=96&d=mm&r=g","contentUrl":"https:\/\/secure.gravatar.com\/avatar\/31a1a7b66ff2de83bd0e9fd79d026630d2d99e55e8bfe501287647b4fd9743de?s=96&d=mm&r=g","caption":"Gonzalo Schmidt"},"description":"Sitio web de noticias de la provincia de Entre R\u00edos, Argentina. Informaci\u00f3n y entretenimiento. Informe Litoral, nos informamos.","sameAs":["http:\/\/www.isletasnoticias.com.ar"],"url":"https:\/\/informelitoral.com.ar\/author\/gonzalo\/"}]}},"_links":{"self":[{"href":"https:\/\/informelitoral.com.ar\/%77%70%2d%6a%73%6f%6e\/wp\/v2\/posts\/2514","targetHints":{"allow":["GET"]}}],"collection":[{"href":"https:\/\/informelitoral.com.ar\/%77%70%2d%6a%73%6f%6e\/wp\/v2\/posts"}],"about":[{"href":"https:\/\/informelitoral.com.ar\/%77%70%2d%6a%73%6f%6e\/wp\/v2\/types\/post"}],"author":[{"embeddable":true,"href":"https:\/\/informelitoral.com.ar\/%77%70%2d%6a%73%6f%6e\/wp\/v2\/users\/2"}],"replies":[{"embeddable":true,"href":"https:\/\/informelitoral.com.ar\/%77%70%2d%6a%73%6f%6e\/wp\/v2\/comments?post=2514"}],"version-history":[{"count":0,"href":"https:\/\/informelitoral.com.ar\/%77%70%2d%6a%73%6f%6e\/wp\/v2\/posts\/2514\/revisions"}],"wp:attachment":[{"href":"https:\/\/informelitoral.com.ar\/%77%70%2d%6a%73%6f%6e\/wp\/v2\/media?parent=2514"}],"wp:term":[{"taxonomy":"category","embeddable":true,"href":"https:\/\/informelitoral.com.ar\/%77%70%2d%6a%73%6f%6e\/wp\/v2\/categories?post=2514"},{"taxonomy":"post_tag","embeddable":true,"href":"https:\/\/informelitoral.com.ar\/%77%70%2d%6a%73%6f%6e\/wp\/v2\/tags?post=2514"}],"curies":[{"name":"wp","href":"https:\/\/api.w.org\/{rel}","templated":true}]}}