{"id":250746,"date":"2026-02-19T07:12:50","date_gmt":"2026-02-19T10:12:50","guid":{"rendered":"https:\/\/informelitoral.com.ar\/?p=250746"},"modified":"2026-02-19T07:12:50","modified_gmt":"2026-02-19T10:12:50","slug":"presentaron-la-quinta-edicion-de-la-carrera-nocturna-ciudad-de-parana","status":"publish","type":"post","link":"https:\/\/informelitoral.com.ar\/presentaron-la-quinta-edicion-de-la-carrera-nocturna-ciudad-de-parana\/","title":{"rendered":"Presentaron la quinta edici\u00f3n de la Carrera Nocturna Ciudad de Paran\u00e1"},"content":{"rendered":"<p>El s\u00e1bado 21 de febrero se realizar\u00e1 la quinta edici\u00f3n de la Carrera Nocturna, <em>Ciudad de Paran\u00e1<\/em>, un evento que se consolida como una prueba de referencia en el calendario atl\u00e9tico de la regi\u00f3n.<\/p>\n<p>La Carrera Nocturna se desarrollar\u00e1 desde las 20, con epicentro en el balneario Thompson.<\/p>\n<p>La zona de acceso al principal balneario de la ciudad fue elegida este mi\u00e9rcoles para el lanzamiento de la competencia, un evento que genera gran expectativa entre atletas y aficionados que se sumar\u00e1n a esta actividad.<\/p>\n<p>El jefe de Gabinete,<strong> Santiago Halle<\/strong>, manifest\u00f3: \u201cEs una gran alegr\u00eda presentar la quinta edici\u00f3n consecutiva de la Carrera Nocturna: hay m\u00e1s de 2.000 inscriptos, de toda la provincia, de muchas ciudades y provincias argentinas aleda\u00f1as. Es un gran esfuerzo municipal poder realizar la carrera; hay muchas familias y personas que no se dedican a esto, que vienen a la carrera y la disfrutan\u201d.<\/p>\n<p>En ese marco, Halle valor\u00f3 la tarea que se ha hecho en el Thompson: \u201cTenemos una playa donde podemos disfrutar del r\u00edo todos los d\u00edas y que en esta oportunidad tambi\u00e9n sirve de escenario deportivo\u201d.<\/p>\n<p>Bajo ese mismo enfoque, el subsecretario de Deportes, Juan Arbitelli, sostuvo que \u201ces la primera carrera del a\u00f1o que se realiza en nuestra ciudad y que abre el circuito de carreras de calle. Este a\u00f1o tenemos una gran posibilidad: que la prueba sea homologada por la Confederaci\u00f3n Argentina de Atletismo (CADA) y que Paran\u00e1 forme parte del circuito nacional. Adem\u00e1s, hay que destacar la participaci\u00f3n de muchas empresas locales que vienen a fortalecer este evento\u201d.<\/p>\n<h2><strong>Entrega de Kits<\/strong><\/h2>\n<p>La entrega de kits para los atletas inscriptos se realizar\u00e1 el viernes 20 de febrero de 12 a 19 horas y el s\u00e1bado 21 de febrero de 9 a 13, en el Open Club (Augusto Bravard 276).<\/p>\n<p>Los corredores que no residan en Paran\u00e1 podr\u00e1n retirar su kit el mismo d\u00eda en el predio de la carrera, de 18 a 19.<\/p>\n<p>La apertura del predio ser\u00e1 el s\u00e1bado a las 17.<\/p>\n<h2><strong>Recorridos Carrera Nocturna<\/strong><\/h2>\n<p><strong>Recorrido 5 kil\u00f3metros\u00a0<\/strong><\/p>\n<p>Largada: Balneario Thompson<br \/>\nRecorrido: Augusto Bravard, Ra\u00fal Solanas, J. Ambrosetti, Avenida Ram\u00edrez, Manuel Leiva, Claudio Fink, Carlos Fuentealba, Avda. Ram\u00edrez, A. Bravard.<br \/>\nLlegada: Balneario Thompson<\/p>\n<p><strong>Recorrido 10 kil\u00f3metros\u00a0<\/strong><\/p>\n<p>Largada: Balneario Thompson<br \/>\nRecorrido: A. Bravard, Monumento al Pescador, Calle Interna Thompson, A. Bravard, Ra\u00fal Solanas, J. Ambrosetti, Avda. Ram\u00edrez, Manuel Leiva, Paseo de Los P\u00e1jaros, La Rioja, Ra\u00fal Alfons\u00edn, Avenida Laurencena, Nicaragua, Avda. Laurencena, Ra\u00fal Alfons\u00edn, Liniers, Paseo de Los P\u00e1jaros, Claudio Fink, Carlos Fuente Alba, Avda. Ram\u00edrez, A. Bravard, Espig\u00f3n, A. Bravard.<\/p>\n<p>Llegada: Balneario Thompson.<\/p>\n<h6><em><strong>Del archivo:\u00a0<a href=\"https:\/\/informelitoral.com.ar\/detuvieron-a-un-hombre-en-parana-tras-amenazar-a-un-conductor-por-el-pago-del-estacionamiento\/\" target=\"_blank\" rel=\"noopener\">Detuvieron a un hombre en Paran\u00e1 tras amenazar a un conductor por el pago del estacionamiento<\/a><\/strong><\/em><\/h6>\n","protected":false},"excerpt":{"rendered":"<p>La prueba es organizada por la Municipalidad y se realizar\u00e1 el s\u00e1bado 21 de febrero, con dos distancias, de 10 kil\u00f3metros competitiva y de 5 kil\u00f3metros competitiva y recreativa. Con m\u00e1s de 2.000 inscriptos, el evento volver\u00e1 a ubicar a la capital entrerriana en el principal mapa de las pruebas atl\u00e9ticas de la regi\u00f3n. Es organizada por el municipio.<\/p>\n","protected":false},"author":2,"featured_media":250747,"comment_status":"open","ping_status":"open","sticky":false,"template":"","format":"standard","meta":{"fifu_image_url":"https:\/\/www.parana.gob.ar\/writable\/uploads\/2dd7416283970c6f69396bf9d6a19c06.jpg","fifu_image_alt":"","footnotes":""},"categories":[1597],"tags":[5476,1036,45],"class_list":{"0":"post-250746","1":"post","2":"type-post","3":"status-publish","4":"format-standard","5":"has-post-thumbnail","7":"category-parana","8":"tag-carrera-nocturna","9":"tag-maraton","10":"tag-parana"},"yoast_head":"<title>Presentaron la quinta edici\u00f3n de la Carrera Nocturna Ciudad de Paran\u00e1 - Informe Litoral<\/title>\n<meta name=\"robots\" content=\"index, follow, max-snippet:-1, max-image-preview:large, max-video-preview:-1\" \/>\n<link rel=\"canonical\" href=\"https:\/\/informelitoral.com.ar\/presentaron-la-quinta-edicion-de-la-carrera-nocturna-ciudad-de-parana\/\" \/>\n<meta property=\"og:locale\" content=\"es_ES\" \/>\n<meta property=\"og:type\" content=\"article\" \/>\n<meta property=\"og:title\" content=\"Presentaron la quinta edici\u00f3n de la Carrera Nocturna Ciudad de Paran\u00e1 - Informe Litoral\" \/>\n<meta property=\"og:description\" content=\"La prueba es organizada por la Municipalidad y se realizar\u00e1 el s\u00e1bado 21 de febrero, con dos distancias, de 10 kil\u00f3metros competitiva y de 5 kil\u00f3metros competitiva y recreativa. Con m\u00e1s de 2.000 inscriptos, el evento volver\u00e1 a ubicar a la capital entrerriana en el principal mapa de las pruebas atl\u00e9ticas de la regi\u00f3n. Es organizada por el municipio.\" \/>\n<meta property=\"og:url\" content=\"https:\/\/informelitoral.com.ar\/presentaron-la-quinta-edicion-de-la-carrera-nocturna-ciudad-de-parana\/\" \/>\n<meta property=\"og:site_name\" content=\"Informe Litoral\" \/>\n<meta property=\"article:publisher\" content=\"https:\/\/www.facebook.com\/informelitoral\/\" \/>\n<meta property=\"article:published_time\" content=\"2026-02-19T10:12:50+00:00\" \/>\n<meta property=\"og:image\" content=\"https:\/\/www.parana.gob.ar\/writable\/uploads\/2dd7416283970c6f69396bf9d6a19c06.jpg\" \/>\n<meta name=\"author\" content=\"Gonzalo Schmidt\" \/>\n<meta name=\"twitter:card\" content=\"summary_large_image\" \/>\n<meta name=\"twitter:image\" content=\"https:\/\/www.parana.gob.ar\/writable\/uploads\/2dd7416283970c6f69396bf9d6a19c06.jpg\" \/>\n<meta name=\"twitter:creator\" content=\"@InformeLitoral\" \/>\n<meta name=\"twitter:site\" content=\"@InformeLitoral\" \/>\n<meta name=\"twitter:label1\" content=\"Escrito por\" \/>\n\t<meta name=\"twitter:data1\" content=\"Gonzalo Schmidt\" \/>\n\t<meta name=\"twitter:label2\" content=\"Tiempo de lectura\" \/>\n\t<meta name=\"twitter:data2\" content=\"3 minutos\" \/>\n<script type=\"application\/ld+json\" class=\"yoast-schema-graph\">{\"@context\":\"https:\\\/\\\/schema.org\",\"@graph\":[{\"@type\":\"Article\",\"@id\":\"https:\\\/\\\/informelitoral.com.ar\\\/presentaron-la-quinta-edicion-de-la-carrera-nocturna-ciudad-de-parana\\\/#article\",\"isPartOf\":{\"@id\":\"https:\\\/\\\/informelitoral.com.ar\\\/presentaron-la-quinta-edicion-de-la-carrera-nocturna-ciudad-de-parana\\\/\"},\"author\":{\"name\":\"Gonzalo Schmidt\",\"@id\":\"https:\\\/\\\/informelitoral.com.ar\\\/#\\\/schema\\\/person\\\/b9d00407c836482871ef1d57bf8e3180\"},\"headline\":\"Presentaron la quinta edici\u00f3n de la Carrera Nocturna Ciudad de Paran\u00e1\",\"datePublished\":\"2026-02-19T10:12:50+00:00\",\"mainEntityOfPage\":{\"@id\":\"https:\\\/\\\/informelitoral.com.ar\\\/presentaron-la-quinta-edicion-de-la-carrera-nocturna-ciudad-de-parana\\\/\"},\"wordCount\":475,\"commentCount\":0,\"publisher\":{\"@id\":\"https:\\\/\\\/informelitoral.com.ar\\\/#organization\"},\"image\":{\"@id\":\"https:\\\/\\\/informelitoral.com.ar\\\/presentaron-la-quinta-edicion-de-la-carrera-nocturna-ciudad-de-parana\\\/#primaryimage\"},\"thumbnailUrl\":\"https:\\\/\\\/www.parana.gob.ar\\\/writable\\\/uploads\\\/2dd7416283970c6f69396bf9d6a19c06.jpg\",\"keywords\":[\"Carrera Nocturna\",\"Marat\u00f3n\",\"Paran\u00e1\"],\"articleSection\":[\"Paran\u00e1\"],\"inLanguage\":\"es\",\"potentialAction\":[{\"@type\":\"CommentAction\",\"name\":\"Comment\",\"target\":[\"https:\\\/\\\/informelitoral.com.ar\\\/presentaron-la-quinta-edicion-de-la-carrera-nocturna-ciudad-de-parana\\\/#respond\"]}]},{\"@type\":\"WebPage\",\"@id\":\"https:\\\/\\\/informelitoral.com.ar\\\/presentaron-la-quinta-edicion-de-la-carrera-nocturna-ciudad-de-parana\\\/\",\"url\":\"https:\\\/\\\/informelitoral.com.ar\\\/presentaron-la-quinta-edicion-de-la-carrera-nocturna-ciudad-de-parana\\\/\",\"name\":\"Presentaron la quinta edici\u00f3n de la Carrera Nocturna Ciudad de Paran\u00e1 - Informe Litoral\",\"isPartOf\":{\"@id\":\"https:\\\/\\\/informelitoral.com.ar\\\/#website\"},\"primaryImageOfPage\":{\"@id\":\"https:\\\/\\\/informelitoral.com.ar\\\/presentaron-la-quinta-edicion-de-la-carrera-nocturna-ciudad-de-parana\\\/#primaryimage\"},\"image\":{\"@id\":\"https:\\\/\\\/informelitoral.com.ar\\\/presentaron-la-quinta-edicion-de-la-carrera-nocturna-ciudad-de-parana\\\/#primaryimage\"},\"thumbnailUrl\":\"https:\\\/\\\/www.parana.gob.ar\\\/writable\\\/uploads\\\/2dd7416283970c6f69396bf9d6a19c06.jpg\",\"datePublished\":\"2026-02-19T10:12:50+00:00\",\"breadcrumb\":{\"@id\":\"https:\\\/\\\/informelitoral.com.ar\\\/presentaron-la-quinta-edicion-de-la-carrera-nocturna-ciudad-de-parana\\\/#breadcrumb\"},\"inLanguage\":\"es\",\"potentialAction\":[{\"@type\":\"ReadAction\",\"target\":[\"https:\\\/\\\/informelitoral.com.ar\\\/presentaron-la-quinta-edicion-de-la-carrera-nocturna-ciudad-de-parana\\\/\"]}]},{\"@type\":\"ImageObject\",\"inLanguage\":\"es\",\"@id\":\"https:\\\/\\\/informelitoral.com.ar\\\/presentaron-la-quinta-edicion-de-la-carrera-nocturna-ciudad-de-parana\\\/#primaryimage\",\"url\":\"https:\\\/\\\/www.parana.gob.ar\\\/writable\\\/uploads\\\/2dd7416283970c6f69396bf9d6a19c06.jpg\",\"contentUrl\":\"https:\\\/\\\/www.parana.gob.ar\\\/writable\\\/uploads\\\/2dd7416283970c6f69396bf9d6a19c06.jpg\",\"width\":\"1250\",\"height\":\"854\"},{\"@type\":\"BreadcrumbList\",\"@id\":\"https:\\\/\\\/informelitoral.com.ar\\\/presentaron-la-quinta-edicion-de-la-carrera-nocturna-ciudad-de-parana\\\/#breadcrumb\",\"itemListElement\":[{\"@type\":\"ListItem\",\"position\":1,\"name\":\"Portada\",\"item\":\"https:\\\/\\\/informelitoral.com.ar\\\/\"},{\"@type\":\"ListItem\",\"position\":2,\"name\":\"Presentaron la quinta edici\u00f3n de la Carrera Nocturna Ciudad de Paran\u00e1\"}]},{\"@type\":\"WebSite\",\"@id\":\"https:\\\/\\\/informelitoral.com.ar\\\/#website\",\"url\":\"https:\\\/\\\/informelitoral.com.ar\\\/\",\"name\":\"Informe Litoral\",\"description\":\"&quot;Nos informamos&quot; \",\"publisher\":{\"@id\":\"https:\\\/\\\/informelitoral.com.ar\\\/#organization\"},\"potentialAction\":[{\"@type\":\"SearchAction\",\"target\":{\"@type\":\"EntryPoint\",\"urlTemplate\":\"https:\\\/\\\/informelitoral.com.ar\\\/?s={search_term_string}\"},\"query-input\":{\"@type\":\"PropertyValueSpecification\",\"valueRequired\":true,\"valueName\":\"search_term_string\"}}],\"inLanguage\":\"es\"},{\"@type\":\"Organization\",\"@id\":\"https:\\\/\\\/informelitoral.com.ar\\\/#organization\",\"name\":\"Informe Litoral\",\"url\":\"https:\\\/\\\/informelitoral.com.ar\\\/\",\"logo\":{\"@type\":\"ImageObject\",\"inLanguage\":\"es\",\"@id\":\"https:\\\/\\\/informelitoral.com.ar\\\/#\\\/schema\\\/logo\\\/image\\\/\",\"url\":\"https:\\\/\\\/informelitoral.com.ar\\\/%77%70%2d%63%6f%6e%74%65%6e%74\\\/uploads\\\/2021\\\/01\\\/circulo.png\",\"contentUrl\":\"https:\\\/\\\/informelitoral.com.ar\\\/%77%70%2d%63%6f%6e%74%65%6e%74\\\/uploads\\\/2021\\\/01\\\/circulo.png\",\"width\":723,\"height\":731,\"caption\":\"Informe Litoral\"},\"image\":{\"@id\":\"https:\\\/\\\/informelitoral.com.ar\\\/#\\\/schema\\\/logo\\\/image\\\/\"},\"sameAs\":[\"https:\\\/\\\/www.facebook.com\\\/informelitoral\\\/\",\"https:\\\/\\\/x.com\\\/InformeLitoral\",\"https:\\\/\\\/www.instagram.com\\\/informelitoral\\\/\",\"https:\\\/\\\/www.youtube.com\\\/channel\\\/UCua4Qvz8Icb6MYqhoq9xLXw\"]},{\"@type\":\"Person\",\"@id\":\"https:\\\/\\\/informelitoral.com.ar\\\/#\\\/schema\\\/person\\\/b9d00407c836482871ef1d57bf8e3180\",\"name\":\"Gonzalo Schmidt\",\"image\":{\"@type\":\"ImageObject\",\"inLanguage\":\"es\",\"@id\":\"https:\\\/\\\/secure.gravatar.com\\\/avatar\\\/31a1a7b66ff2de83bd0e9fd79d026630d2d99e55e8bfe501287647b4fd9743de?s=96&d=mm&r=g\",\"url\":\"https:\\\/\\\/secure.gravatar.com\\\/avatar\\\/31a1a7b66ff2de83bd0e9fd79d026630d2d99e55e8bfe501287647b4fd9743de?s=96&d=mm&r=g\",\"contentUrl\":\"https:\\\/\\\/secure.gravatar.com\\\/avatar\\\/31a1a7b66ff2de83bd0e9fd79d026630d2d99e55e8bfe501287647b4fd9743de?s=96&d=mm&r=g\",\"caption\":\"Gonzalo Schmidt\"},\"description\":\"Sitio web de noticias de la provincia de Entre R\u00edos, Argentina. Informaci\u00f3n y entretenimiento. Informe Litoral, nos informamos.\",\"sameAs\":[\"http:\\\/\\\/www.isletasnoticias.com.ar\"],\"url\":\"https:\\\/\\\/informelitoral.com.ar\\\/author\\\/gonzalo\\\/\"}]}<\/script>","yoast_head_json":{"title":"Presentaron la quinta edici\u00f3n de la Carrera Nocturna Ciudad de Paran\u00e1 - Informe Litoral","robots":{"index":"index","follow":"follow","max-snippet":"max-snippet:-1","max-image-preview":"max-image-preview:large","max-video-preview":"max-video-preview:-1"},"canonical":"https:\/\/informelitoral.com.ar\/presentaron-la-quinta-edicion-de-la-carrera-nocturna-ciudad-de-parana\/","og_locale":"es_ES","og_type":"article","og_title":"Presentaron la quinta edici\u00f3n de la Carrera Nocturna Ciudad de Paran\u00e1 - Informe Litoral","og_description":"La prueba es organizada por la Municipalidad y se realizar\u00e1 el s\u00e1bado 21 de febrero, con dos distancias, de 10 kil\u00f3metros competitiva y de 5 kil\u00f3metros competitiva y recreativa. Con m\u00e1s de 2.000 inscriptos, el evento volver\u00e1 a ubicar a la capital entrerriana en el principal mapa de las pruebas atl\u00e9ticas de la regi\u00f3n. Es organizada por el municipio.","og_url":"https:\/\/informelitoral.com.ar\/presentaron-la-quinta-edicion-de-la-carrera-nocturna-ciudad-de-parana\/","og_site_name":"Informe Litoral","article_publisher":"https:\/\/www.facebook.com\/informelitoral\/","article_published_time":"2026-02-19T10:12:50+00:00","og_image":[{"url":"https:\/\/www.parana.gob.ar\/writable\/uploads\/2dd7416283970c6f69396bf9d6a19c06.jpg","type":"","width":"","height":""}],"author":"Gonzalo Schmidt","twitter_card":"summary_large_image","twitter_image":"https:\/\/www.parana.gob.ar\/writable\/uploads\/2dd7416283970c6f69396bf9d6a19c06.jpg","twitter_creator":"@InformeLitoral","twitter_site":"@InformeLitoral","twitter_misc":{"Escrito por":"Gonzalo Schmidt","Tiempo de lectura":"3 minutos"},"schema":{"@context":"https:\/\/schema.org","@graph":[{"@type":"Article","@id":"https:\/\/informelitoral.com.ar\/presentaron-la-quinta-edicion-de-la-carrera-nocturna-ciudad-de-parana\/#article","isPartOf":{"@id":"https:\/\/informelitoral.com.ar\/presentaron-la-quinta-edicion-de-la-carrera-nocturna-ciudad-de-parana\/"},"author":{"name":"Gonzalo Schmidt","@id":"https:\/\/informelitoral.com.ar\/#\/schema\/person\/b9d00407c836482871ef1d57bf8e3180"},"headline":"Presentaron la quinta edici\u00f3n de la Carrera Nocturna Ciudad de Paran\u00e1","datePublished":"2026-02-19T10:12:50+00:00","mainEntityOfPage":{"@id":"https:\/\/informelitoral.com.ar\/presentaron-la-quinta-edicion-de-la-carrera-nocturna-ciudad-de-parana\/"},"wordCount":475,"commentCount":0,"publisher":{"@id":"https:\/\/informelitoral.com.ar\/#organization"},"image":{"@id":"https:\/\/informelitoral.com.ar\/presentaron-la-quinta-edicion-de-la-carrera-nocturna-ciudad-de-parana\/#primaryimage"},"thumbnailUrl":"https:\/\/www.parana.gob.ar\/writable\/uploads\/2dd7416283970c6f69396bf9d6a19c06.jpg","keywords":["Carrera Nocturna","Marat\u00f3n","Paran\u00e1"],"articleSection":["Paran\u00e1"],"inLanguage":"es","potentialAction":[{"@type":"CommentAction","name":"Comment","target":["https:\/\/informelitoral.com.ar\/presentaron-la-quinta-edicion-de-la-carrera-nocturna-ciudad-de-parana\/#respond"]}]},{"@type":"WebPage","@id":"https:\/\/informelitoral.com.ar\/presentaron-la-quinta-edicion-de-la-carrera-nocturna-ciudad-de-parana\/","url":"https:\/\/informelitoral.com.ar\/presentaron-la-quinta-edicion-de-la-carrera-nocturna-ciudad-de-parana\/","name":"Presentaron la quinta edici\u00f3n de la Carrera Nocturna Ciudad de Paran\u00e1 - Informe Litoral","isPartOf":{"@id":"https:\/\/informelitoral.com.ar\/#website"},"primaryImageOfPage":{"@id":"https:\/\/informelitoral.com.ar\/presentaron-la-quinta-edicion-de-la-carrera-nocturna-ciudad-de-parana\/#primaryimage"},"image":{"@id":"https:\/\/informelitoral.com.ar\/presentaron-la-quinta-edicion-de-la-carrera-nocturna-ciudad-de-parana\/#primaryimage"},"thumbnailUrl":"https:\/\/www.parana.gob.ar\/writable\/uploads\/2dd7416283970c6f69396bf9d6a19c06.jpg","datePublished":"2026-02-19T10:12:50+00:00","breadcrumb":{"@id":"https:\/\/informelitoral.com.ar\/presentaron-la-quinta-edicion-de-la-carrera-nocturna-ciudad-de-parana\/#breadcrumb"},"inLanguage":"es","potentialAction":[{"@type":"ReadAction","target":["https:\/\/informelitoral.com.ar\/presentaron-la-quinta-edicion-de-la-carrera-nocturna-ciudad-de-parana\/"]}]},{"@type":"ImageObject","inLanguage":"es","@id":"https:\/\/informelitoral.com.ar\/presentaron-la-quinta-edicion-de-la-carrera-nocturna-ciudad-de-parana\/#primaryimage","url":"https:\/\/www.parana.gob.ar\/writable\/uploads\/2dd7416283970c6f69396bf9d6a19c06.jpg","contentUrl":"https:\/\/www.parana.gob.ar\/writable\/uploads\/2dd7416283970c6f69396bf9d6a19c06.jpg","width":"1250","height":"854"},{"@type":"BreadcrumbList","@id":"https:\/\/informelitoral.com.ar\/presentaron-la-quinta-edicion-de-la-carrera-nocturna-ciudad-de-parana\/#breadcrumb","itemListElement":[{"@type":"ListItem","position":1,"name":"Portada","item":"https:\/\/informelitoral.com.ar\/"},{"@type":"ListItem","position":2,"name":"Presentaron la quinta edici\u00f3n de la Carrera Nocturna Ciudad de Paran\u00e1"}]},{"@type":"WebSite","@id":"https:\/\/informelitoral.com.ar\/#website","url":"https:\/\/informelitoral.com.ar\/","name":"Informe Litoral","description":"&quot;Nos informamos&quot; ","publisher":{"@id":"https:\/\/informelitoral.com.ar\/#organization"},"potentialAction":[{"@type":"SearchAction","target":{"@type":"EntryPoint","urlTemplate":"https:\/\/informelitoral.com.ar\/?s={search_term_string}"},"query-input":{"@type":"PropertyValueSpecification","valueRequired":true,"valueName":"search_term_string"}}],"inLanguage":"es"},{"@type":"Organization","@id":"https:\/\/informelitoral.com.ar\/#organization","name":"Informe Litoral","url":"https:\/\/informelitoral.com.ar\/","logo":{"@type":"ImageObject","inLanguage":"es","@id":"https:\/\/informelitoral.com.ar\/#\/schema\/logo\/image\/","url":"https:\/\/informelitoral.com.ar\/%77%70%2d%63%6f%6e%74%65%6e%74\/uploads\/2021\/01\/circulo.png","contentUrl":"https:\/\/informelitoral.com.ar\/%77%70%2d%63%6f%6e%74%65%6e%74\/uploads\/2021\/01\/circulo.png","width":723,"height":731,"caption":"Informe Litoral"},"image":{"@id":"https:\/\/informelitoral.com.ar\/#\/schema\/logo\/image\/"},"sameAs":["https:\/\/www.facebook.com\/informelitoral\/","https:\/\/x.com\/InformeLitoral","https:\/\/www.instagram.com\/informelitoral\/","https:\/\/www.youtube.com\/channel\/UCua4Qvz8Icb6MYqhoq9xLXw"]},{"@type":"Person","@id":"https:\/\/informelitoral.com.ar\/#\/schema\/person\/b9d00407c836482871ef1d57bf8e3180","name":"Gonzalo Schmidt","image":{"@type":"ImageObject","inLanguage":"es","@id":"https:\/\/secure.gravatar.com\/avatar\/31a1a7b66ff2de83bd0e9fd79d026630d2d99e55e8bfe501287647b4fd9743de?s=96&d=mm&r=g","url":"https:\/\/secure.gravatar.com\/avatar\/31a1a7b66ff2de83bd0e9fd79d026630d2d99e55e8bfe501287647b4fd9743de?s=96&d=mm&r=g","contentUrl":"https:\/\/secure.gravatar.com\/avatar\/31a1a7b66ff2de83bd0e9fd79d026630d2d99e55e8bfe501287647b4fd9743de?s=96&d=mm&r=g","caption":"Gonzalo Schmidt"},"description":"Sitio web de noticias de la provincia de Entre R\u00edos, Argentina. Informaci\u00f3n y entretenimiento. Informe Litoral, nos informamos.","sameAs":["http:\/\/www.isletasnoticias.com.ar"],"url":"https:\/\/informelitoral.com.ar\/author\/gonzalo\/"}]}},"fifu_image_url":"https:\/\/www.parana.gob.ar\/writable\/uploads\/2dd7416283970c6f69396bf9d6a19c06.jpg","_links":{"self":[{"href":"https:\/\/informelitoral.com.ar\/%77%70%2d%6a%73%6f%6e\/wp\/v2\/posts\/250746","targetHints":{"allow":["GET"]}}],"collection":[{"href":"https:\/\/informelitoral.com.ar\/%77%70%2d%6a%73%6f%6e\/wp\/v2\/posts"}],"about":[{"href":"https:\/\/informelitoral.com.ar\/%77%70%2d%6a%73%6f%6e\/wp\/v2\/types\/post"}],"author":[{"embeddable":true,"href":"https:\/\/informelitoral.com.ar\/%77%70%2d%6a%73%6f%6e\/wp\/v2\/users\/2"}],"replies":[{"embeddable":true,"href":"https:\/\/informelitoral.com.ar\/%77%70%2d%6a%73%6f%6e\/wp\/v2\/comments?post=250746"}],"version-history":[{"count":1,"href":"https:\/\/informelitoral.com.ar\/%77%70%2d%6a%73%6f%6e\/wp\/v2\/posts\/250746\/revisions"}],"predecessor-version":[{"id":250748,"href":"https:\/\/informelitoral.com.ar\/%77%70%2d%6a%73%6f%6e\/wp\/v2\/posts\/250746\/revisions\/250748"}],"wp:featuredmedia":[{"embeddable":true,"href":"https:\/\/informelitoral.com.ar\/%77%70%2d%6a%73%6f%6e\/wp\/v2\/media\/250747"}],"wp:attachment":[{"href":"https:\/\/informelitoral.com.ar\/%77%70%2d%6a%73%6f%6e\/wp\/v2\/media?parent=250746"}],"wp:term":[{"taxonomy":"category","embeddable":true,"href":"https:\/\/informelitoral.com.ar\/%77%70%2d%6a%73%6f%6e\/wp\/v2\/categories?post=250746"},{"taxonomy":"post_tag","embeddable":true,"href":"https:\/\/informelitoral.com.ar\/%77%70%2d%6a%73%6f%6e\/wp\/v2\/tags?post=250746"}],"curies":[{"name":"wp","href":"https:\/\/api.w.org\/{rel}","templated":true}]}}