{"id":250116,"date":"2026-02-14T10:10:26","date_gmt":"2026-02-14T13:10:26","guid":{"rendered":"https:\/\/informelitoral.com.ar\/?p=250116"},"modified":"2026-02-14T12:16:59","modified_gmt":"2026-02-14T15:16:59","slug":"parana-detuvieron-a-tres-personas-por-intento-de-robo-a-un-comercio","status":"publish","type":"post","link":"https:\/\/informelitoral.com.ar\/parana-detuvieron-a-tres-personas-por-intento-de-robo-a-un-comercio\/","title":{"rendered":"Paran\u00e1: detuvieron a tres personas por intento de robo a un comercio"},"content":{"rendered":"<p data-path-to-node=\"2\">Efectivos policiales de la ciudad llevaron a cabo un operativo preventivo de gran eficacia en la intersecci\u00f3n de la Avenida Almafuerte y la calle Soldado Bord\u00f3n, logrando desarticular un intento de robo en un establecimiento comercial de la zona. Tras recibir un alerta al servicio de emergencias 911 sobre movimientos sospechosos, los agentes se desplazaron de inmediato al lugar se\u00f1alado, donde interceptaron a un hombre adulto que portaba una barreta de hierro, herramienta presuntamente utilizada para forzar el acceso.<\/p>\n<p data-path-to-node=\"2\"><a href=\"https:\/\/drive.google.com\/thumbnail?id=1zLIyssti5TORuT4n4XQK7d4kD36bc-SF&amp;sz=w2048\"><img loading=\"lazy\" decoding=\"async\" class=\"alignnone wp-image-250121 size-large\" src=\"https:\/\/drive.google.com\/thumbnail?id=1zLIyssti5TORuT4n4XQK7d4kD36bc-SF&amp;sz=w2048-h2048\" alt=\"\" width=\"1024\" height=\"1024\" \/><\/a><\/p>\n<p data-path-to-node=\"3\">Aunque inicialmente dos menores que acompa\u00f1aban al individuo lograron darse a la fuga, fueron localizados y demorados minutos m\u00e1s tarde por otra unidad policial en las inmediaciones. Seg\u00fan <b data-path-to-node=\"3\" data-index-in-node=\"189\">supo Informe Litoral<\/b>, durante la inspecci\u00f3n del local comercial se constat\u00f3 un da\u00f1o significativo en una de las rejas de seguridad, lo que motiv\u00f3 la intervenci\u00f3n directa de la justicia.<\/p>\n<p data-path-to-node=\"4\">El fiscal a cargo del caso dispuso la <b data-path-to-node=\"4\" data-index-in-node=\"38\">detenci\u00f3n inmediata del masculino<\/b>, quien fue trasladado y alojado en la Alcaid\u00eda de Tribunales. Por su parte, los menores involucrados fueron puestos a disposici\u00f3n del fiscal de menores y <b data-path-to-node=\"4\" data-index-in-node=\"226\">trasladados a la Divisi\u00f3n Minoridad<\/b> para las actuaciones correspondientes, garantizando as\u00ed el cumplimiento de los protocolos legales vigentes.<\/p>\n<h6 data-path-to-node=\"4\"><em><strong>Del archivo: <a href=\"https:\/\/informelitoral.com.ar\/golpe-al-narcomenudeo-en-diamante-cinco-allanamientos-simultaneos-y-cuatro-detenidos\/\" target=\"_blank\" rel=\"noopener\">Golpe al narcomenudeo en Diamante: cinco allanamientos simult\u00e1neos y cuatro detenidos<\/a><\/strong><\/em><\/h6>\n","protected":false},"excerpt":{"rendered":"<p>El r\u00e1pido accionar policial permiti\u00f3 la aprehensi\u00f3n de un adulto y dos menores tras da\u00f1ar la estructura de un local.<\/p>\n","protected":false},"author":2,"featured_media":250117,"comment_status":"open","ping_status":"open","sticky":false,"template":"","format":"standard","meta":{"fifu_image_url":"","fifu_image_alt":"","footnotes":""},"categories":[14],"tags":[3463,45],"class_list":{"0":"post-250116","1":"post","2":"type-post","3":"status-publish","4":"format-standard","5":"has-post-thumbnail","7":"category-policiales","8":"tag-intento-de-robo","9":"tag-parana"},"yoast_head":"<title>Paran\u00e1: detuvieron a tres personas por intento de robo a un comercio - Informe Litoral<\/title>\n<meta name=\"robots\" content=\"index, follow, max-snippet:-1, max-image-preview:large, max-video-preview:-1\" \/>\n<link rel=\"canonical\" href=\"https:\/\/informelitoral.com.ar\/parana-detuvieron-a-tres-personas-por-intento-de-robo-a-un-comercio\/\" \/>\n<meta property=\"og:locale\" content=\"es_ES\" \/>\n<meta property=\"og:type\" content=\"article\" \/>\n<meta property=\"og:title\" content=\"Paran\u00e1: detuvieron a tres personas por intento de robo a un comercio - Informe Litoral\" \/>\n<meta property=\"og:description\" content=\"El r\u00e1pido accionar policial permiti\u00f3 la aprehensi\u00f3n de un adulto y dos menores tras da\u00f1ar la estructura de un local.\" \/>\n<meta property=\"og:url\" content=\"https:\/\/informelitoral.com.ar\/parana-detuvieron-a-tres-personas-por-intento-de-robo-a-un-comercio\/\" \/>\n<meta property=\"og:site_name\" content=\"Informe Litoral\" \/>\n<meta property=\"article:publisher\" content=\"https:\/\/www.facebook.com\/informelitoral\/\" \/>\n<meta property=\"article:published_time\" content=\"2026-02-14T13:10:26+00:00\" \/>\n<meta property=\"article:modified_time\" content=\"2026-02-14T15:16:59+00:00\" \/>\n<meta property=\"og:image\" content=\"https:\/\/drive.google.com\/thumbnail?id=1S_ofmAXR9Mp1IsV01DvutHX_uy1iEaQZ&sz=w2048\" \/>\n\t<meta property=\"og:image:width\" content=\"940\" \/>\n\t<meta property=\"og:image:height\" content=\"788\" \/>\n\t<meta property=\"og:image:type\" content=\"image\/png\" \/>\n<meta name=\"author\" content=\"Gonzalo Schmidt\" \/>\n<meta name=\"twitter:card\" content=\"summary_large_image\" \/>\n<meta name=\"twitter:creator\" content=\"@InformeLitoral\" \/>\n<meta name=\"twitter:site\" content=\"@InformeLitoral\" \/>\n<meta name=\"twitter:label1\" content=\"Escrito por\" \/>\n\t<meta name=\"twitter:data1\" content=\"Gonzalo Schmidt\" \/>\n\t<meta name=\"twitter:label2\" content=\"Tiempo de lectura\" \/>\n\t<meta name=\"twitter:data2\" content=\"2 minutos\" \/>\n<script type=\"application\/ld+json\" class=\"yoast-schema-graph\">{\"@context\":\"https:\\\/\\\/schema.org\",\"@graph\":[{\"@type\":\"Article\",\"@id\":\"https:\\\/\\\/informelitoral.com.ar\\\/parana-detuvieron-a-tres-personas-por-intento-de-robo-a-un-comercio\\\/#article\",\"isPartOf\":{\"@id\":\"https:\\\/\\\/informelitoral.com.ar\\\/parana-detuvieron-a-tres-personas-por-intento-de-robo-a-un-comercio\\\/\"},\"author\":{\"name\":\"Gonzalo Schmidt\",\"@id\":\"https:\\\/\\\/informelitoral.com.ar\\\/#\\\/schema\\\/person\\\/b9d00407c836482871ef1d57bf8e3180\"},\"headline\":\"Paran\u00e1: detuvieron a tres personas por intento de robo a un comercio\",\"datePublished\":\"2026-02-14T13:10:26+00:00\",\"dateModified\":\"2026-02-14T15:16:59+00:00\",\"mainEntityOfPage\":{\"@id\":\"https:\\\/\\\/informelitoral.com.ar\\\/parana-detuvieron-a-tres-personas-por-intento-de-robo-a-un-comercio\\\/\"},\"wordCount\":230,\"commentCount\":0,\"publisher\":{\"@id\":\"https:\\\/\\\/informelitoral.com.ar\\\/#organization\"},\"image\":{\"@id\":\"https:\\\/\\\/informelitoral.com.ar\\\/parana-detuvieron-a-tres-personas-por-intento-de-robo-a-un-comercio\\\/#primaryimage\"},\"thumbnailUrl\":\"https:\\\/\\\/drive.google.com\\\/thumbnail?id=1S_ofmAXR9Mp1IsV01DvutHX_uy1iEaQZ&sz=w2048\",\"keywords\":[\"Intento de robo\",\"Paran\u00e1\"],\"articleSection\":[\"Policiales\"],\"inLanguage\":\"es\",\"potentialAction\":[{\"@type\":\"CommentAction\",\"name\":\"Comment\",\"target\":[\"https:\\\/\\\/informelitoral.com.ar\\\/parana-detuvieron-a-tres-personas-por-intento-de-robo-a-un-comercio\\\/#respond\"]}]},{\"@type\":\"WebPage\",\"@id\":\"https:\\\/\\\/informelitoral.com.ar\\\/parana-detuvieron-a-tres-personas-por-intento-de-robo-a-un-comercio\\\/\",\"url\":\"https:\\\/\\\/informelitoral.com.ar\\\/parana-detuvieron-a-tres-personas-por-intento-de-robo-a-un-comercio\\\/\",\"name\":\"Paran\u00e1: detuvieron a tres personas por intento de robo a un comercio - Informe Litoral\",\"isPartOf\":{\"@id\":\"https:\\\/\\\/informelitoral.com.ar\\\/#website\"},\"primaryImageOfPage\":{\"@id\":\"https:\\\/\\\/informelitoral.com.ar\\\/parana-detuvieron-a-tres-personas-por-intento-de-robo-a-un-comercio\\\/#primaryimage\"},\"image\":{\"@id\":\"https:\\\/\\\/informelitoral.com.ar\\\/parana-detuvieron-a-tres-personas-por-intento-de-robo-a-un-comercio\\\/#primaryimage\"},\"thumbnailUrl\":\"https:\\\/\\\/drive.google.com\\\/thumbnail?id=1S_ofmAXR9Mp1IsV01DvutHX_uy1iEaQZ&sz=w2048\",\"datePublished\":\"2026-02-14T13:10:26+00:00\",\"dateModified\":\"2026-02-14T15:16:59+00:00\",\"breadcrumb\":{\"@id\":\"https:\\\/\\\/informelitoral.com.ar\\\/parana-detuvieron-a-tres-personas-por-intento-de-robo-a-un-comercio\\\/#breadcrumb\"},\"inLanguage\":\"es\",\"potentialAction\":[{\"@type\":\"ReadAction\",\"target\":[\"https:\\\/\\\/informelitoral.com.ar\\\/parana-detuvieron-a-tres-personas-por-intento-de-robo-a-un-comercio\\\/\"]}]},{\"@type\":\"ImageObject\",\"inLanguage\":\"es\",\"@id\":\"https:\\\/\\\/informelitoral.com.ar\\\/parana-detuvieron-a-tres-personas-por-intento-de-robo-a-un-comercio\\\/#primaryimage\",\"url\":\"https:\\\/\\\/drive.google.com\\\/thumbnail?id=1S_ofmAXR9Mp1IsV01DvutHX_uy1iEaQZ&sz=w2048\",\"contentUrl\":\"https:\\\/\\\/drive.google.com\\\/thumbnail?id=1S_ofmAXR9Mp1IsV01DvutHX_uy1iEaQZ&sz=w2048\",\"width\":940,\"height\":788},{\"@type\":\"BreadcrumbList\",\"@id\":\"https:\\\/\\\/informelitoral.com.ar\\\/parana-detuvieron-a-tres-personas-por-intento-de-robo-a-un-comercio\\\/#breadcrumb\",\"itemListElement\":[{\"@type\":\"ListItem\",\"position\":1,\"name\":\"Portada\",\"item\":\"https:\\\/\\\/informelitoral.com.ar\\\/\"},{\"@type\":\"ListItem\",\"position\":2,\"name\":\"Paran\u00e1: detuvieron a tres personas por intento de robo a un comercio\"}]},{\"@type\":\"WebSite\",\"@id\":\"https:\\\/\\\/informelitoral.com.ar\\\/#website\",\"url\":\"https:\\\/\\\/informelitoral.com.ar\\\/\",\"name\":\"Informe Litoral\",\"description\":\"&quot;Nos informamos&quot; \",\"publisher\":{\"@id\":\"https:\\\/\\\/informelitoral.com.ar\\\/#organization\"},\"potentialAction\":[{\"@type\":\"SearchAction\",\"target\":{\"@type\":\"EntryPoint\",\"urlTemplate\":\"https:\\\/\\\/informelitoral.com.ar\\\/?s={search_term_string}\"},\"query-input\":{\"@type\":\"PropertyValueSpecification\",\"valueRequired\":true,\"valueName\":\"search_term_string\"}}],\"inLanguage\":\"es\"},{\"@type\":\"Organization\",\"@id\":\"https:\\\/\\\/informelitoral.com.ar\\\/#organization\",\"name\":\"Informe Litoral\",\"url\":\"https:\\\/\\\/informelitoral.com.ar\\\/\",\"logo\":{\"@type\":\"ImageObject\",\"inLanguage\":\"es\",\"@id\":\"https:\\\/\\\/informelitoral.com.ar\\\/#\\\/schema\\\/logo\\\/image\\\/\",\"url\":\"https:\\\/\\\/informelitoral.com.ar\\\/%77%70%2d%63%6f%6e%74%65%6e%74\\\/uploads\\\/2021\\\/01\\\/circulo.png\",\"contentUrl\":\"https:\\\/\\\/informelitoral.com.ar\\\/%77%70%2d%63%6f%6e%74%65%6e%74\\\/uploads\\\/2021\\\/01\\\/circulo.png\",\"width\":723,\"height\":731,\"caption\":\"Informe Litoral\"},\"image\":{\"@id\":\"https:\\\/\\\/informelitoral.com.ar\\\/#\\\/schema\\\/logo\\\/image\\\/\"},\"sameAs\":[\"https:\\\/\\\/www.facebook.com\\\/informelitoral\\\/\",\"https:\\\/\\\/x.com\\\/InformeLitoral\",\"https:\\\/\\\/www.instagram.com\\\/informelitoral\\\/\",\"https:\\\/\\\/www.youtube.com\\\/channel\\\/UCua4Qvz8Icb6MYqhoq9xLXw\"]},{\"@type\":\"Person\",\"@id\":\"https:\\\/\\\/informelitoral.com.ar\\\/#\\\/schema\\\/person\\\/b9d00407c836482871ef1d57bf8e3180\",\"name\":\"Gonzalo Schmidt\",\"image\":{\"@type\":\"ImageObject\",\"inLanguage\":\"es\",\"@id\":\"https:\\\/\\\/secure.gravatar.com\\\/avatar\\\/31a1a7b66ff2de83bd0e9fd79d026630d2d99e55e8bfe501287647b4fd9743de?s=96&d=mm&r=g\",\"url\":\"https:\\\/\\\/secure.gravatar.com\\\/avatar\\\/31a1a7b66ff2de83bd0e9fd79d026630d2d99e55e8bfe501287647b4fd9743de?s=96&d=mm&r=g\",\"contentUrl\":\"https:\\\/\\\/secure.gravatar.com\\\/avatar\\\/31a1a7b66ff2de83bd0e9fd79d026630d2d99e55e8bfe501287647b4fd9743de?s=96&d=mm&r=g\",\"caption\":\"Gonzalo Schmidt\"},\"description\":\"Sitio web de noticias de la provincia de Entre R\u00edos, Argentina. Informaci\u00f3n y entretenimiento. Informe Litoral, nos informamos.\",\"sameAs\":[\"http:\\\/\\\/www.isletasnoticias.com.ar\"],\"url\":\"https:\\\/\\\/informelitoral.com.ar\\\/author\\\/gonzalo\\\/\"}]}<\/script>","yoast_head_json":{"title":"Paran\u00e1: detuvieron a tres personas por intento de robo a un comercio - Informe Litoral","robots":{"index":"index","follow":"follow","max-snippet":"max-snippet:-1","max-image-preview":"max-image-preview:large","max-video-preview":"max-video-preview:-1"},"canonical":"https:\/\/informelitoral.com.ar\/parana-detuvieron-a-tres-personas-por-intento-de-robo-a-un-comercio\/","og_locale":"es_ES","og_type":"article","og_title":"Paran\u00e1: detuvieron a tres personas por intento de robo a un comercio - Informe Litoral","og_description":"El r\u00e1pido accionar policial permiti\u00f3 la aprehensi\u00f3n de un adulto y dos menores tras da\u00f1ar la estructura de un local.","og_url":"https:\/\/informelitoral.com.ar\/parana-detuvieron-a-tres-personas-por-intento-de-robo-a-un-comercio\/","og_site_name":"Informe Litoral","article_publisher":"https:\/\/www.facebook.com\/informelitoral\/","article_published_time":"2026-02-14T13:10:26+00:00","article_modified_time":"2026-02-14T15:16:59+00:00","og_image":[{"width":940,"height":788,"url":"https:\/\/drive.google.com\/thumbnail?id=1S_ofmAXR9Mp1IsV01DvutHX_uy1iEaQZ&sz=w2048","type":"image\/png"}],"author":"Gonzalo Schmidt","twitter_card":"summary_large_image","twitter_creator":"@InformeLitoral","twitter_site":"@InformeLitoral","twitter_misc":{"Escrito por":"Gonzalo Schmidt","Tiempo de lectura":"2 minutos"},"schema":{"@context":"https:\/\/schema.org","@graph":[{"@type":"Article","@id":"https:\/\/informelitoral.com.ar\/parana-detuvieron-a-tres-personas-por-intento-de-robo-a-un-comercio\/#article","isPartOf":{"@id":"https:\/\/informelitoral.com.ar\/parana-detuvieron-a-tres-personas-por-intento-de-robo-a-un-comercio\/"},"author":{"name":"Gonzalo Schmidt","@id":"https:\/\/informelitoral.com.ar\/#\/schema\/person\/b9d00407c836482871ef1d57bf8e3180"},"headline":"Paran\u00e1: detuvieron a tres personas por intento de robo a un comercio","datePublished":"2026-02-14T13:10:26+00:00","dateModified":"2026-02-14T15:16:59+00:00","mainEntityOfPage":{"@id":"https:\/\/informelitoral.com.ar\/parana-detuvieron-a-tres-personas-por-intento-de-robo-a-un-comercio\/"},"wordCount":230,"commentCount":0,"publisher":{"@id":"https:\/\/informelitoral.com.ar\/#organization"},"image":{"@id":"https:\/\/informelitoral.com.ar\/parana-detuvieron-a-tres-personas-por-intento-de-robo-a-un-comercio\/#primaryimage"},"thumbnailUrl":"https:\/\/drive.google.com\/thumbnail?id=1S_ofmAXR9Mp1IsV01DvutHX_uy1iEaQZ&sz=w2048","keywords":["Intento de robo","Paran\u00e1"],"articleSection":["Policiales"],"inLanguage":"es","potentialAction":[{"@type":"CommentAction","name":"Comment","target":["https:\/\/informelitoral.com.ar\/parana-detuvieron-a-tres-personas-por-intento-de-robo-a-un-comercio\/#respond"]}]},{"@type":"WebPage","@id":"https:\/\/informelitoral.com.ar\/parana-detuvieron-a-tres-personas-por-intento-de-robo-a-un-comercio\/","url":"https:\/\/informelitoral.com.ar\/parana-detuvieron-a-tres-personas-por-intento-de-robo-a-un-comercio\/","name":"Paran\u00e1: detuvieron a tres personas por intento de robo a un comercio - Informe Litoral","isPartOf":{"@id":"https:\/\/informelitoral.com.ar\/#website"},"primaryImageOfPage":{"@id":"https:\/\/informelitoral.com.ar\/parana-detuvieron-a-tres-personas-por-intento-de-robo-a-un-comercio\/#primaryimage"},"image":{"@id":"https:\/\/informelitoral.com.ar\/parana-detuvieron-a-tres-personas-por-intento-de-robo-a-un-comercio\/#primaryimage"},"thumbnailUrl":"https:\/\/drive.google.com\/thumbnail?id=1S_ofmAXR9Mp1IsV01DvutHX_uy1iEaQZ&sz=w2048","datePublished":"2026-02-14T13:10:26+00:00","dateModified":"2026-02-14T15:16:59+00:00","breadcrumb":{"@id":"https:\/\/informelitoral.com.ar\/parana-detuvieron-a-tres-personas-por-intento-de-robo-a-un-comercio\/#breadcrumb"},"inLanguage":"es","potentialAction":[{"@type":"ReadAction","target":["https:\/\/informelitoral.com.ar\/parana-detuvieron-a-tres-personas-por-intento-de-robo-a-un-comercio\/"]}]},{"@type":"ImageObject","inLanguage":"es","@id":"https:\/\/informelitoral.com.ar\/parana-detuvieron-a-tres-personas-por-intento-de-robo-a-un-comercio\/#primaryimage","url":"https:\/\/drive.google.com\/thumbnail?id=1S_ofmAXR9Mp1IsV01DvutHX_uy1iEaQZ&sz=w2048","contentUrl":"https:\/\/drive.google.com\/thumbnail?id=1S_ofmAXR9Mp1IsV01DvutHX_uy1iEaQZ&sz=w2048","width":940,"height":788},{"@type":"BreadcrumbList","@id":"https:\/\/informelitoral.com.ar\/parana-detuvieron-a-tres-personas-por-intento-de-robo-a-un-comercio\/#breadcrumb","itemListElement":[{"@type":"ListItem","position":1,"name":"Portada","item":"https:\/\/informelitoral.com.ar\/"},{"@type":"ListItem","position":2,"name":"Paran\u00e1: detuvieron a tres personas por intento de robo a un comercio"}]},{"@type":"WebSite","@id":"https:\/\/informelitoral.com.ar\/#website","url":"https:\/\/informelitoral.com.ar\/","name":"Informe Litoral","description":"&quot;Nos informamos&quot; ","publisher":{"@id":"https:\/\/informelitoral.com.ar\/#organization"},"potentialAction":[{"@type":"SearchAction","target":{"@type":"EntryPoint","urlTemplate":"https:\/\/informelitoral.com.ar\/?s={search_term_string}"},"query-input":{"@type":"PropertyValueSpecification","valueRequired":true,"valueName":"search_term_string"}}],"inLanguage":"es"},{"@type":"Organization","@id":"https:\/\/informelitoral.com.ar\/#organization","name":"Informe Litoral","url":"https:\/\/informelitoral.com.ar\/","logo":{"@type":"ImageObject","inLanguage":"es","@id":"https:\/\/informelitoral.com.ar\/#\/schema\/logo\/image\/","url":"https:\/\/informelitoral.com.ar\/%77%70%2d%63%6f%6e%74%65%6e%74\/uploads\/2021\/01\/circulo.png","contentUrl":"https:\/\/informelitoral.com.ar\/%77%70%2d%63%6f%6e%74%65%6e%74\/uploads\/2021\/01\/circulo.png","width":723,"height":731,"caption":"Informe Litoral"},"image":{"@id":"https:\/\/informelitoral.com.ar\/#\/schema\/logo\/image\/"},"sameAs":["https:\/\/www.facebook.com\/informelitoral\/","https:\/\/x.com\/InformeLitoral","https:\/\/www.instagram.com\/informelitoral\/","https:\/\/www.youtube.com\/channel\/UCua4Qvz8Icb6MYqhoq9xLXw"]},{"@type":"Person","@id":"https:\/\/informelitoral.com.ar\/#\/schema\/person\/b9d00407c836482871ef1d57bf8e3180","name":"Gonzalo Schmidt","image":{"@type":"ImageObject","inLanguage":"es","@id":"https:\/\/secure.gravatar.com\/avatar\/31a1a7b66ff2de83bd0e9fd79d026630d2d99e55e8bfe501287647b4fd9743de?s=96&d=mm&r=g","url":"https:\/\/secure.gravatar.com\/avatar\/31a1a7b66ff2de83bd0e9fd79d026630d2d99e55e8bfe501287647b4fd9743de?s=96&d=mm&r=g","contentUrl":"https:\/\/secure.gravatar.com\/avatar\/31a1a7b66ff2de83bd0e9fd79d026630d2d99e55e8bfe501287647b4fd9743de?s=96&d=mm&r=g","caption":"Gonzalo Schmidt"},"description":"Sitio web de noticias de la provincia de Entre R\u00edos, Argentina. Informaci\u00f3n y entretenimiento. Informe Litoral, nos informamos.","sameAs":["http:\/\/www.isletasnoticias.com.ar"],"url":"https:\/\/informelitoral.com.ar\/author\/gonzalo\/"}]}},"_links":{"self":[{"href":"https:\/\/informelitoral.com.ar\/%77%70%2d%6a%73%6f%6e\/wp\/v2\/posts\/250116","targetHints":{"allow":["GET"]}}],"collection":[{"href":"https:\/\/informelitoral.com.ar\/%77%70%2d%6a%73%6f%6e\/wp\/v2\/posts"}],"about":[{"href":"https:\/\/informelitoral.com.ar\/%77%70%2d%6a%73%6f%6e\/wp\/v2\/types\/post"}],"author":[{"embeddable":true,"href":"https:\/\/informelitoral.com.ar\/%77%70%2d%6a%73%6f%6e\/wp\/v2\/users\/2"}],"replies":[{"embeddable":true,"href":"https:\/\/informelitoral.com.ar\/%77%70%2d%6a%73%6f%6e\/wp\/v2\/comments?post=250116"}],"version-history":[{"count":3,"href":"https:\/\/informelitoral.com.ar\/%77%70%2d%6a%73%6f%6e\/wp\/v2\/posts\/250116\/revisions"}],"predecessor-version":[{"id":250123,"href":"https:\/\/informelitoral.com.ar\/%77%70%2d%6a%73%6f%6e\/wp\/v2\/posts\/250116\/revisions\/250123"}],"wp:featuredmedia":[{"embeddable":true,"href":"https:\/\/informelitoral.com.ar\/%77%70%2d%6a%73%6f%6e\/wp\/v2\/media\/250117"}],"wp:attachment":[{"href":"https:\/\/informelitoral.com.ar\/%77%70%2d%6a%73%6f%6e\/wp\/v2\/media?parent=250116"}],"wp:term":[{"taxonomy":"category","embeddable":true,"href":"https:\/\/informelitoral.com.ar\/%77%70%2d%6a%73%6f%6e\/wp\/v2\/categories?post=250116"},{"taxonomy":"post_tag","embeddable":true,"href":"https:\/\/informelitoral.com.ar\/%77%70%2d%6a%73%6f%6e\/wp\/v2\/tags?post=250116"}],"curies":[{"name":"wp","href":"https:\/\/api.w.org\/{rel}","templated":true}]}}