{"id":249958,"date":"2026-02-13T09:37:33","date_gmt":"2026-02-13T12:37:33","guid":{"rendered":"https:\/\/informelitoral.com.ar\/?p=249958"},"modified":"2026-02-13T09:43:02","modified_gmt":"2026-02-13T12:43:02","slug":"duro-traspie-de-river-en-la-paternal-y-fuerte-autocritica-de-quintero","status":"publish","type":"post","link":"https:\/\/informelitoral.com.ar\/duro-traspie-de-river-en-la-paternal-y-fuerte-autocritica-de-quintero\/","title":{"rendered":"Duro traspi\u00e9 de River en La Paternal y fuerte autocr\u00edtica de Quintero"},"content":{"rendered":"<p data-path-to-node=\"2\">River Plate volvi\u00f3 a tropezar y profundiz\u00f3 su mal momento futbol\u00edstico tras caer 1-0 ante Argentinos Juniors en el estadio Diego Armando Maradona, por la quinta fecha del Torneo Apertura. Tras el encuentro, el capit\u00e1n del equipo, Juan Fernando Quintero, dio la cara y asumi\u00f3 responsabilidades por la racha negativa que atraviesa el conjunto de N\u00fa\u00f1ez. <b data-path-to-node=\"2\" data-index-in-node=\"351\">\u201cTenemos que hacernos cargo nosotros de lo que es dentro del juego\u201d<\/b>, expres\u00f3 el colombiano, visiblemente golpeado, remarcando que <b data-path-to-node=\"2\" data-index-in-node=\"481\">ya es la segunda fecha consecutiva que pierden y que en River \u201cno puede pasar esto\u201d<\/b>.<\/p>\n<p data-path-to-node=\"2\"><img decoding=\"async\" src=\"https:\/\/elonce-media.elonce.com\/fotos\/2026\/02\/12\/e_1770950631_56832.webp\" \/><\/p>\n<p data-path-to-node=\"3\">El mediocampista tambi\u00e9n hizo referencia a la exigencia del entrenador, Marcelo Gallardo, se\u00f1alando que el grupo debe volver a las bases que los hac\u00edan fuertes en el inicio del campeonato. La frustraci\u00f3n del plantel qued\u00f3 evidenciada una vez finalizado el partido, especialmente con el lateral Gonzalo Montiel, quien se retir\u00f3 insultando al aire y protagoniz\u00f3 un tenso intercambio con Quintero, cubri\u00e9ndose la boca con la mano antes de acatar la indicaci\u00f3n de su capit\u00e1n de regresar al vestuario junto al resto del equipo.<\/p>\n<h6 data-path-to-node=\"3\"><strong><em>Del archivo:\u00a0<a href=\"https:\/\/informelitoral.com.ar\/messi-se-lesiono-y-se-postergo-su-visita-a-puerto-rico\/\" target=\"_blank\" rel=\"noopener\">Messi se lesion\u00f3 y se posterg\u00f3 su visita a Puerto Rico<\/a><\/em><\/strong><\/h6>\n<p data-path-to-node=\"4\">Este resultado negativo enciende las alarmas en el Monumental, ya que el conjunto dirigido por Gallardo <b data-path-to-node=\"4\" data-index-in-node=\"104\">acumula 11 derrotas en sus \u00faltimos 18 partidos<\/b>, reflejando una irregularidad que arrastra desde el cierre de la temporada anterior. Tras un inicio alentador, River suma tres partidos sin triunfos en el Apertura, incluyendo una dura derrota 4-1 ante Tigre en la jornada anterior, situaci\u00f3n que ha generado malestar entre los hinchas.<\/p>\n","protected":false},"excerpt":{"rendered":"<p>El conjunto de N\u00fa\u00f1ez sum\u00f3 su segunda derrota consecutiva y el capit\u00e1n millonario reconoci\u00f3 que el equipo no mantiene el nivel mostrado en el inicio del torneo.<\/p>\n","protected":false},"author":8,"featured_media":249959,"comment_status":"open","ping_status":"open","sticky":false,"template":"","format":"standard","meta":{"fifu_image_url":"https:\/\/assets.goal.com\/images\/v3\/blt915b1b75d34201e1\/01juanfer.png?auto=webp&format=pjpg&width=3840&quality=60","fifu_image_alt":"","footnotes":""},"categories":[13],"tags":[],"class_list":{"0":"post-249958","1":"post","2":"type-post","3":"status-publish","4":"format-standard","5":"has-post-thumbnail","7":"category-deportes"},"yoast_head":"<title>Duro traspi\u00e9 de River en La Paternal y fuerte autocr\u00edtica de Quintero - Informe Litoral<\/title>\n<meta name=\"robots\" content=\"index, follow, max-snippet:-1, max-image-preview:large, max-video-preview:-1\" \/>\n<link rel=\"canonical\" href=\"https:\/\/informelitoral.com.ar\/duro-traspie-de-river-en-la-paternal-y-fuerte-autocritica-de-quintero\/\" \/>\n<meta property=\"og:locale\" content=\"es_ES\" \/>\n<meta property=\"og:type\" content=\"article\" \/>\n<meta property=\"og:title\" content=\"Duro traspi\u00e9 de River en La Paternal y fuerte autocr\u00edtica de Quintero - Informe Litoral\" \/>\n<meta property=\"og:description\" content=\"El conjunto de N\u00fa\u00f1ez sum\u00f3 su segunda derrota consecutiva y el capit\u00e1n millonario reconoci\u00f3 que el equipo no mantiene el nivel mostrado en el inicio del torneo.\" \/>\n<meta property=\"og:url\" content=\"https:\/\/informelitoral.com.ar\/duro-traspie-de-river-en-la-paternal-y-fuerte-autocritica-de-quintero\/\" \/>\n<meta property=\"og:site_name\" content=\"Informe Litoral\" \/>\n<meta property=\"article:publisher\" content=\"https:\/\/www.facebook.com\/informelitoral\/\" \/>\n<meta property=\"article:published_time\" content=\"2026-02-13T12:37:33+00:00\" \/>\n<meta property=\"article:modified_time\" content=\"2026-02-13T12:43:02+00:00\" \/>\n<meta property=\"og:image\" content=\"https:\/\/assets.goal.com\/images\/v3\/blt915b1b75d34201e1\/01juanfer.png?auto=webp&format=pjpg&width=3840&quality=60\" \/>\n<meta name=\"author\" content=\"Sebastian\" \/>\n<meta name=\"twitter:card\" content=\"summary_large_image\" \/>\n<meta name=\"twitter:image\" content=\"https:\/\/assets.goal.com\/images\/v3\/blt915b1b75d34201e1\/01juanfer.png?auto=webp&format=pjpg&width=3840&quality=60\" \/>\n<meta name=\"twitter:creator\" content=\"@InformeLitoral\" \/>\n<meta name=\"twitter:site\" content=\"@InformeLitoral\" \/>\n<meta name=\"twitter:label1\" content=\"Escrito por\" \/>\n\t<meta name=\"twitter:data1\" content=\"Sebastian\" \/>\n\t<meta name=\"twitter:label2\" content=\"Tiempo de lectura\" \/>\n\t<meta name=\"twitter:data2\" content=\"2 minutos\" \/>\n<script type=\"application\/ld+json\" class=\"yoast-schema-graph\">{\"@context\":\"https:\\\/\\\/schema.org\",\"@graph\":[{\"@type\":\"Article\",\"@id\":\"https:\\\/\\\/informelitoral.com.ar\\\/duro-traspie-de-river-en-la-paternal-y-fuerte-autocritica-de-quintero\\\/#article\",\"isPartOf\":{\"@id\":\"https:\\\/\\\/informelitoral.com.ar\\\/duro-traspie-de-river-en-la-paternal-y-fuerte-autocritica-de-quintero\\\/\"},\"author\":{\"name\":\"Sebastian\",\"@id\":\"https:\\\/\\\/informelitoral.com.ar\\\/#\\\/schema\\\/person\\\/f05f9f461677119578717524b127d6d5\"},\"headline\":\"Duro traspi\u00e9 de River en La Paternal y fuerte autocr\u00edtica de Quintero\",\"datePublished\":\"2026-02-13T12:37:33+00:00\",\"dateModified\":\"2026-02-13T12:43:02+00:00\",\"mainEntityOfPage\":{\"@id\":\"https:\\\/\\\/informelitoral.com.ar\\\/duro-traspie-de-river-en-la-paternal-y-fuerte-autocritica-de-quintero\\\/\"},\"wordCount\":277,\"commentCount\":0,\"publisher\":{\"@id\":\"https:\\\/\\\/informelitoral.com.ar\\\/#organization\"},\"image\":{\"@id\":\"https:\\\/\\\/informelitoral.com.ar\\\/duro-traspie-de-river-en-la-paternal-y-fuerte-autocritica-de-quintero\\\/#primaryimage\"},\"thumbnailUrl\":\"https:\\\/\\\/assets.goal.com\\\/images\\\/v3\\\/blt915b1b75d34201e1\\\/01juanfer.png?auto=webp&format=pjpg&width=3840&quality=60\",\"articleSection\":[\"Deportes\"],\"inLanguage\":\"es\",\"potentialAction\":[{\"@type\":\"CommentAction\",\"name\":\"Comment\",\"target\":[\"https:\\\/\\\/informelitoral.com.ar\\\/duro-traspie-de-river-en-la-paternal-y-fuerte-autocritica-de-quintero\\\/#respond\"]}]},{\"@type\":\"WebPage\",\"@id\":\"https:\\\/\\\/informelitoral.com.ar\\\/duro-traspie-de-river-en-la-paternal-y-fuerte-autocritica-de-quintero\\\/\",\"url\":\"https:\\\/\\\/informelitoral.com.ar\\\/duro-traspie-de-river-en-la-paternal-y-fuerte-autocritica-de-quintero\\\/\",\"name\":\"Duro traspi\u00e9 de River en La Paternal y fuerte autocr\u00edtica de Quintero - Informe Litoral\",\"isPartOf\":{\"@id\":\"https:\\\/\\\/informelitoral.com.ar\\\/#website\"},\"primaryImageOfPage\":{\"@id\":\"https:\\\/\\\/informelitoral.com.ar\\\/duro-traspie-de-river-en-la-paternal-y-fuerte-autocritica-de-quintero\\\/#primaryimage\"},\"image\":{\"@id\":\"https:\\\/\\\/informelitoral.com.ar\\\/duro-traspie-de-river-en-la-paternal-y-fuerte-autocritica-de-quintero\\\/#primaryimage\"},\"thumbnailUrl\":\"https:\\\/\\\/assets.goal.com\\\/images\\\/v3\\\/blt915b1b75d34201e1\\\/01juanfer.png?auto=webp&format=pjpg&width=3840&quality=60\",\"datePublished\":\"2026-02-13T12:37:33+00:00\",\"dateModified\":\"2026-02-13T12:43:02+00:00\",\"breadcrumb\":{\"@id\":\"https:\\\/\\\/informelitoral.com.ar\\\/duro-traspie-de-river-en-la-paternal-y-fuerte-autocritica-de-quintero\\\/#breadcrumb\"},\"inLanguage\":\"es\",\"potentialAction\":[{\"@type\":\"ReadAction\",\"target\":[\"https:\\\/\\\/informelitoral.com.ar\\\/duro-traspie-de-river-en-la-paternal-y-fuerte-autocritica-de-quintero\\\/\"]}]},{\"@type\":\"ImageObject\",\"inLanguage\":\"es\",\"@id\":\"https:\\\/\\\/informelitoral.com.ar\\\/duro-traspie-de-river-en-la-paternal-y-fuerte-autocritica-de-quintero\\\/#primaryimage\",\"url\":\"https:\\\/\\\/assets.goal.com\\\/images\\\/v3\\\/blt915b1b75d34201e1\\\/01juanfer.png?auto=webp&format=pjpg&width=3840&quality=60\",\"contentUrl\":\"https:\\\/\\\/assets.goal.com\\\/images\\\/v3\\\/blt915b1b75d34201e1\\\/01juanfer.png?auto=webp&format=pjpg&width=3840&quality=60\",\"width\":\"1920\",\"height\":\"1080\"},{\"@type\":\"BreadcrumbList\",\"@id\":\"https:\\\/\\\/informelitoral.com.ar\\\/duro-traspie-de-river-en-la-paternal-y-fuerte-autocritica-de-quintero\\\/#breadcrumb\",\"itemListElement\":[{\"@type\":\"ListItem\",\"position\":1,\"name\":\"Portada\",\"item\":\"https:\\\/\\\/informelitoral.com.ar\\\/\"},{\"@type\":\"ListItem\",\"position\":2,\"name\":\"Duro traspi\u00e9 de River en La Paternal y fuerte autocr\u00edtica de Quintero\"}]},{\"@type\":\"WebSite\",\"@id\":\"https:\\\/\\\/informelitoral.com.ar\\\/#website\",\"url\":\"https:\\\/\\\/informelitoral.com.ar\\\/\",\"name\":\"Informe Litoral\",\"description\":\"&quot;Nos informamos&quot; \",\"publisher\":{\"@id\":\"https:\\\/\\\/informelitoral.com.ar\\\/#organization\"},\"potentialAction\":[{\"@type\":\"SearchAction\",\"target\":{\"@type\":\"EntryPoint\",\"urlTemplate\":\"https:\\\/\\\/informelitoral.com.ar\\\/?s={search_term_string}\"},\"query-input\":{\"@type\":\"PropertyValueSpecification\",\"valueRequired\":true,\"valueName\":\"search_term_string\"}}],\"inLanguage\":\"es\"},{\"@type\":\"Organization\",\"@id\":\"https:\\\/\\\/informelitoral.com.ar\\\/#organization\",\"name\":\"Informe Litoral\",\"url\":\"https:\\\/\\\/informelitoral.com.ar\\\/\",\"logo\":{\"@type\":\"ImageObject\",\"inLanguage\":\"es\",\"@id\":\"https:\\\/\\\/informelitoral.com.ar\\\/#\\\/schema\\\/logo\\\/image\\\/\",\"url\":\"https:\\\/\\\/informelitoral.com.ar\\\/%77%70%2d%63%6f%6e%74%65%6e%74\\\/uploads\\\/2021\\\/01\\\/circulo.png\",\"contentUrl\":\"https:\\\/\\\/informelitoral.com.ar\\\/%77%70%2d%63%6f%6e%74%65%6e%74\\\/uploads\\\/2021\\\/01\\\/circulo.png\",\"width\":723,\"height\":731,\"caption\":\"Informe Litoral\"},\"image\":{\"@id\":\"https:\\\/\\\/informelitoral.com.ar\\\/#\\\/schema\\\/logo\\\/image\\\/\"},\"sameAs\":[\"https:\\\/\\\/www.facebook.com\\\/informelitoral\\\/\",\"https:\\\/\\\/x.com\\\/InformeLitoral\",\"https:\\\/\\\/www.instagram.com\\\/informelitoral\\\/\",\"https:\\\/\\\/www.youtube.com\\\/channel\\\/UCua4Qvz8Icb6MYqhoq9xLXw\"]},{\"@type\":\"Person\",\"@id\":\"https:\\\/\\\/informelitoral.com.ar\\\/#\\\/schema\\\/person\\\/f05f9f461677119578717524b127d6d5\",\"name\":\"Sebastian\",\"image\":{\"@type\":\"ImageObject\",\"inLanguage\":\"es\",\"@id\":\"https:\\\/\\\/secure.gravatar.com\\\/avatar\\\/b71bf7481d447dfb9583c7f2798e7cc64de6efb9067b74633ed8c31059a3bd82?s=96&d=mm&r=g\",\"url\":\"https:\\\/\\\/secure.gravatar.com\\\/avatar\\\/b71bf7481d447dfb9583c7f2798e7cc64de6efb9067b74633ed8c31059a3bd82?s=96&d=mm&r=g\",\"contentUrl\":\"https:\\\/\\\/secure.gravatar.com\\\/avatar\\\/b71bf7481d447dfb9583c7f2798e7cc64de6efb9067b74633ed8c31059a3bd82?s=96&d=mm&r=g\",\"caption\":\"Sebastian\"},\"url\":\"https:\\\/\\\/informelitoral.com.ar\\\/author\\\/sebastian\\\/\"}]}<\/script>","yoast_head_json":{"title":"Duro traspi\u00e9 de River en La Paternal y fuerte autocr\u00edtica de Quintero - Informe Litoral","robots":{"index":"index","follow":"follow","max-snippet":"max-snippet:-1","max-image-preview":"max-image-preview:large","max-video-preview":"max-video-preview:-1"},"canonical":"https:\/\/informelitoral.com.ar\/duro-traspie-de-river-en-la-paternal-y-fuerte-autocritica-de-quintero\/","og_locale":"es_ES","og_type":"article","og_title":"Duro traspi\u00e9 de River en La Paternal y fuerte autocr\u00edtica de Quintero - Informe Litoral","og_description":"El conjunto de N\u00fa\u00f1ez sum\u00f3 su segunda derrota consecutiva y el capit\u00e1n millonario reconoci\u00f3 que el equipo no mantiene el nivel mostrado en el inicio del torneo.","og_url":"https:\/\/informelitoral.com.ar\/duro-traspie-de-river-en-la-paternal-y-fuerte-autocritica-de-quintero\/","og_site_name":"Informe Litoral","article_publisher":"https:\/\/www.facebook.com\/informelitoral\/","article_published_time":"2026-02-13T12:37:33+00:00","article_modified_time":"2026-02-13T12:43:02+00:00","og_image":[{"url":"https:\/\/assets.goal.com\/images\/v3\/blt915b1b75d34201e1\/01juanfer.png?auto=webp&format=pjpg&width=3840&quality=60","type":"","width":"","height":""}],"author":"Sebastian","twitter_card":"summary_large_image","twitter_image":"https:\/\/assets.goal.com\/images\/v3\/blt915b1b75d34201e1\/01juanfer.png?auto=webp&format=pjpg&width=3840&quality=60","twitter_creator":"@InformeLitoral","twitter_site":"@InformeLitoral","twitter_misc":{"Escrito por":"Sebastian","Tiempo de lectura":"2 minutos"},"schema":{"@context":"https:\/\/schema.org","@graph":[{"@type":"Article","@id":"https:\/\/informelitoral.com.ar\/duro-traspie-de-river-en-la-paternal-y-fuerte-autocritica-de-quintero\/#article","isPartOf":{"@id":"https:\/\/informelitoral.com.ar\/duro-traspie-de-river-en-la-paternal-y-fuerte-autocritica-de-quintero\/"},"author":{"name":"Sebastian","@id":"https:\/\/informelitoral.com.ar\/#\/schema\/person\/f05f9f461677119578717524b127d6d5"},"headline":"Duro traspi\u00e9 de River en La Paternal y fuerte autocr\u00edtica de Quintero","datePublished":"2026-02-13T12:37:33+00:00","dateModified":"2026-02-13T12:43:02+00:00","mainEntityOfPage":{"@id":"https:\/\/informelitoral.com.ar\/duro-traspie-de-river-en-la-paternal-y-fuerte-autocritica-de-quintero\/"},"wordCount":277,"commentCount":0,"publisher":{"@id":"https:\/\/informelitoral.com.ar\/#organization"},"image":{"@id":"https:\/\/informelitoral.com.ar\/duro-traspie-de-river-en-la-paternal-y-fuerte-autocritica-de-quintero\/#primaryimage"},"thumbnailUrl":"https:\/\/assets.goal.com\/images\/v3\/blt915b1b75d34201e1\/01juanfer.png?auto=webp&format=pjpg&width=3840&quality=60","articleSection":["Deportes"],"inLanguage":"es","potentialAction":[{"@type":"CommentAction","name":"Comment","target":["https:\/\/informelitoral.com.ar\/duro-traspie-de-river-en-la-paternal-y-fuerte-autocritica-de-quintero\/#respond"]}]},{"@type":"WebPage","@id":"https:\/\/informelitoral.com.ar\/duro-traspie-de-river-en-la-paternal-y-fuerte-autocritica-de-quintero\/","url":"https:\/\/informelitoral.com.ar\/duro-traspie-de-river-en-la-paternal-y-fuerte-autocritica-de-quintero\/","name":"Duro traspi\u00e9 de River en La Paternal y fuerte autocr\u00edtica de Quintero - Informe Litoral","isPartOf":{"@id":"https:\/\/informelitoral.com.ar\/#website"},"primaryImageOfPage":{"@id":"https:\/\/informelitoral.com.ar\/duro-traspie-de-river-en-la-paternal-y-fuerte-autocritica-de-quintero\/#primaryimage"},"image":{"@id":"https:\/\/informelitoral.com.ar\/duro-traspie-de-river-en-la-paternal-y-fuerte-autocritica-de-quintero\/#primaryimage"},"thumbnailUrl":"https:\/\/assets.goal.com\/images\/v3\/blt915b1b75d34201e1\/01juanfer.png?auto=webp&format=pjpg&width=3840&quality=60","datePublished":"2026-02-13T12:37:33+00:00","dateModified":"2026-02-13T12:43:02+00:00","breadcrumb":{"@id":"https:\/\/informelitoral.com.ar\/duro-traspie-de-river-en-la-paternal-y-fuerte-autocritica-de-quintero\/#breadcrumb"},"inLanguage":"es","potentialAction":[{"@type":"ReadAction","target":["https:\/\/informelitoral.com.ar\/duro-traspie-de-river-en-la-paternal-y-fuerte-autocritica-de-quintero\/"]}]},{"@type":"ImageObject","inLanguage":"es","@id":"https:\/\/informelitoral.com.ar\/duro-traspie-de-river-en-la-paternal-y-fuerte-autocritica-de-quintero\/#primaryimage","url":"https:\/\/assets.goal.com\/images\/v3\/blt915b1b75d34201e1\/01juanfer.png?auto=webp&format=pjpg&width=3840&quality=60","contentUrl":"https:\/\/assets.goal.com\/images\/v3\/blt915b1b75d34201e1\/01juanfer.png?auto=webp&format=pjpg&width=3840&quality=60","width":"1920","height":"1080"},{"@type":"BreadcrumbList","@id":"https:\/\/informelitoral.com.ar\/duro-traspie-de-river-en-la-paternal-y-fuerte-autocritica-de-quintero\/#breadcrumb","itemListElement":[{"@type":"ListItem","position":1,"name":"Portada","item":"https:\/\/informelitoral.com.ar\/"},{"@type":"ListItem","position":2,"name":"Duro traspi\u00e9 de River en La Paternal y fuerte autocr\u00edtica de Quintero"}]},{"@type":"WebSite","@id":"https:\/\/informelitoral.com.ar\/#website","url":"https:\/\/informelitoral.com.ar\/","name":"Informe Litoral","description":"&quot;Nos informamos&quot; ","publisher":{"@id":"https:\/\/informelitoral.com.ar\/#organization"},"potentialAction":[{"@type":"SearchAction","target":{"@type":"EntryPoint","urlTemplate":"https:\/\/informelitoral.com.ar\/?s={search_term_string}"},"query-input":{"@type":"PropertyValueSpecification","valueRequired":true,"valueName":"search_term_string"}}],"inLanguage":"es"},{"@type":"Organization","@id":"https:\/\/informelitoral.com.ar\/#organization","name":"Informe Litoral","url":"https:\/\/informelitoral.com.ar\/","logo":{"@type":"ImageObject","inLanguage":"es","@id":"https:\/\/informelitoral.com.ar\/#\/schema\/logo\/image\/","url":"https:\/\/informelitoral.com.ar\/%77%70%2d%63%6f%6e%74%65%6e%74\/uploads\/2021\/01\/circulo.png","contentUrl":"https:\/\/informelitoral.com.ar\/%77%70%2d%63%6f%6e%74%65%6e%74\/uploads\/2021\/01\/circulo.png","width":723,"height":731,"caption":"Informe Litoral"},"image":{"@id":"https:\/\/informelitoral.com.ar\/#\/schema\/logo\/image\/"},"sameAs":["https:\/\/www.facebook.com\/informelitoral\/","https:\/\/x.com\/InformeLitoral","https:\/\/www.instagram.com\/informelitoral\/","https:\/\/www.youtube.com\/channel\/UCua4Qvz8Icb6MYqhoq9xLXw"]},{"@type":"Person","@id":"https:\/\/informelitoral.com.ar\/#\/schema\/person\/f05f9f461677119578717524b127d6d5","name":"Sebastian","image":{"@type":"ImageObject","inLanguage":"es","@id":"https:\/\/secure.gravatar.com\/avatar\/b71bf7481d447dfb9583c7f2798e7cc64de6efb9067b74633ed8c31059a3bd82?s=96&d=mm&r=g","url":"https:\/\/secure.gravatar.com\/avatar\/b71bf7481d447dfb9583c7f2798e7cc64de6efb9067b74633ed8c31059a3bd82?s=96&d=mm&r=g","contentUrl":"https:\/\/secure.gravatar.com\/avatar\/b71bf7481d447dfb9583c7f2798e7cc64de6efb9067b74633ed8c31059a3bd82?s=96&d=mm&r=g","caption":"Sebastian"},"url":"https:\/\/informelitoral.com.ar\/author\/sebastian\/"}]}},"fifu_image_url":"https:\/\/assets.goal.com\/images\/v3\/blt915b1b75d34201e1\/01juanfer.png?auto=webp&format=pjpg&width=3840&quality=60","_links":{"self":[{"href":"https:\/\/informelitoral.com.ar\/%77%70%2d%6a%73%6f%6e\/wp\/v2\/posts\/249958","targetHints":{"allow":["GET"]}}],"collection":[{"href":"https:\/\/informelitoral.com.ar\/%77%70%2d%6a%73%6f%6e\/wp\/v2\/posts"}],"about":[{"href":"https:\/\/informelitoral.com.ar\/%77%70%2d%6a%73%6f%6e\/wp\/v2\/types\/post"}],"author":[{"embeddable":true,"href":"https:\/\/informelitoral.com.ar\/%77%70%2d%6a%73%6f%6e\/wp\/v2\/users\/8"}],"replies":[{"embeddable":true,"href":"https:\/\/informelitoral.com.ar\/%77%70%2d%6a%73%6f%6e\/wp\/v2\/comments?post=249958"}],"version-history":[{"count":2,"href":"https:\/\/informelitoral.com.ar\/%77%70%2d%6a%73%6f%6e\/wp\/v2\/posts\/249958\/revisions"}],"predecessor-version":[{"id":249961,"href":"https:\/\/informelitoral.com.ar\/%77%70%2d%6a%73%6f%6e\/wp\/v2\/posts\/249958\/revisions\/249961"}],"wp:featuredmedia":[{"embeddable":true,"href":"https:\/\/informelitoral.com.ar\/%77%70%2d%6a%73%6f%6e\/wp\/v2\/media\/249959"}],"wp:attachment":[{"href":"https:\/\/informelitoral.com.ar\/%77%70%2d%6a%73%6f%6e\/wp\/v2\/media?parent=249958"}],"wp:term":[{"taxonomy":"category","embeddable":true,"href":"https:\/\/informelitoral.com.ar\/%77%70%2d%6a%73%6f%6e\/wp\/v2\/categories?post=249958"},{"taxonomy":"post_tag","embeddable":true,"href":"https:\/\/informelitoral.com.ar\/%77%70%2d%6a%73%6f%6e\/wp\/v2\/tags?post=249958"}],"curies":[{"name":"wp","href":"https:\/\/api.w.org\/{rel}","templated":true}]}}