{"id":249855,"date":"2026-02-12T12:30:43","date_gmt":"2026-02-12T15:30:43","guid":{"rendered":"https:\/\/informelitoral.com.ar\/?p=249855"},"modified":"2026-02-12T12:35:27","modified_gmt":"2026-02-12T15:35:27","slug":"parana-se-prepara-para-la-5a-edicion-de-la-carrera-nocturna-con-cupos-ampliados","status":"publish","type":"post","link":"https:\/\/informelitoral.com.ar\/parana-se-prepara-para-la-5a-edicion-de-la-carrera-nocturna-con-cupos-ampliados\/","title":{"rendered":"Paran\u00e1 se prepara para la 5\u00aa edici\u00f3n de la Carrera Nocturna con cupos ampliados"},"content":{"rendered":"<p data-path-to-node=\"2\">La ciudad de <b data-path-to-node=\"2\" data-index-in-node=\"13\">Paran\u00e1<\/b> inici\u00f3 la cuenta regresiva para la <b data-path-to-node=\"2\" data-index-in-node=\"55\">5\u00aa edici\u00f3n de la Carrera Nocturna<\/b>, un evento que ya cuenta con m\u00e1s de <b data-path-to-node=\"2\" data-index-in-node=\"125\">2.000 participantes<\/b>. Debido a la persistente demanda de interesados, la municipalidad decidi\u00f3 abrir <b data-path-to-node=\"2\" data-index-in-node=\"225\">100 nuevos cupos<\/b> bajo la modalidad \u00absin remera\u00bb, los cuales tienen un valor de <b data-path-to-node=\"2\" data-index-in-node=\"304\">8.000 pesos<\/b>. Las inscripciones se gestionan de manera digital a trav\u00e9s del sitio <b data-path-to-node=\"2\" data-index-in-node=\"385\"><a class=\"ng-star-inserted\" href=\"https:\/\/www.encarrera.com\" target=\"_blank\" rel=\"noopener\" data-hveid=\"0\" data-ved=\"0CAAQ_4QMahgKEwicz9ue8NOSAxUAAAAAHQAAAAAQiwM\">www.encarrera.com<\/a>.ar\/parana<\/b>, permitiendo que m\u00e1s atletas se sumen a la cita que abrir\u00e1 el calendario provincial de competencias atl\u00e9ticas.<\/p>\n<p data-path-to-node=\"2\"><img decoding=\"async\" src=\"https:\/\/www.parana.gob.ar\/writable\/uploads\/55c1d1b21b8594cd6664fbe86e77ec6a.jpg\" \/><\/p>\n<p data-path-to-node=\"3\">La carrera tendr\u00e1 lugar el <b data-path-to-node=\"3\" data-index-in-node=\"27\">s\u00e1bado 21 de febrero<\/b> con dos distancias: <b data-path-to-node=\"3\" data-index-in-node=\"68\">10 km competitiva<\/b> y <b data-path-to-node=\"3\" data-index-in-node=\"88\">5 km participativa<\/b>. El evento tendr\u00e1 como epicentro el <b data-path-to-node=\"3\" data-index-in-node=\"143\">Balneario Thompson<\/b>, funcionando como punto de largada y llegada a partir de las <b data-path-to-node=\"3\" data-index-in-node=\"223\">20:00<\/b>. El recorrido trazado para los corredores abarcar\u00e1 puntos estrat\u00e9gicos de la capital entrerriana, incluyendo la zona de <b data-path-to-node=\"3\" data-index-in-node=\"355\">Puerto Nuevo<\/b>, la <b data-path-to-node=\"3\" data-index-in-node=\"372\">Costanera<\/b> y el borde costero, como parte de una estrategia para posicionar a la ciudad en la agenda deportiva nacional.<\/p>\n<h6 data-path-to-node=\"3\"><strong><em>Del archivo:\u00a0<a href=\"https:\/\/informelitoral.com.ar\/parana-moderniza-defensa-del-consumidor-con-tramites-100-online\/\" target=\"_blank\" rel=\"noopener\">Paran\u00e1 moderniza Defensa del Consumidor con tr\u00e1mites 100% online<\/a><\/em><\/strong><\/h6>\n<p data-path-to-node=\"4\">Un aspecto destacado de esta edici\u00f3n es su enfoque como <b data-path-to-node=\"4\" data-index-in-node=\"56\">evento sostenible<\/b>, impulsado por la Subsecretar\u00eda de Deportes. La organizaci\u00f3n implementar\u00e1 un circuito con <b data-path-to-node=\"4\" data-index-in-node=\"164\">iluminaci\u00f3n 100% LED<\/b> y har\u00e1 entrega de <b data-path-to-node=\"4\" data-index-in-node=\"203\">medallas elaboradas con material reciclado<\/b>. Asimismo, se promueve entre los asistentes el uso de transporte p\u00fablico y envases reutilizables, con el objetivo de minimizar el impacto ambiental y garantizar el cuidado de los espacios p\u00fablicos utilizados durante la competencia.(<em>Informe Litoral<\/em>)<\/p>\n","protected":false},"excerpt":{"rendered":"<p>La organizaci\u00f3n habilit\u00f3 100 nuevas vacantes para la competencia que se realizar\u00e1 el pr\u00f3ximo s\u00e1bado 21 de febrero.<\/p>\n","protected":false},"author":8,"featured_media":249856,"comment_status":"open","ping_status":"open","sticky":false,"template":"","format":"standard","meta":{"fifu_image_url":"https:\/\/www.parana.gob.ar\/writable\/uploads\/1770901033_dea8abcaba8d64af074d.jpg","fifu_image_alt":"","footnotes":""},"categories":[1597],"tags":[5476,3556,45],"class_list":{"0":"post-249855","1":"post","2":"type-post","3":"status-publish","4":"format-standard","5":"has-post-thumbnail","7":"category-parana","8":"tag-carrera-nocturna","9":"tag-inscripcion","10":"tag-parana"},"yoast_head":"<title>Paran\u00e1 se prepara para la 5\u00aa edici\u00f3n de la Carrera Nocturna con cupos ampliados - Informe Litoral<\/title>\n<meta name=\"robots\" content=\"index, follow, max-snippet:-1, max-image-preview:large, max-video-preview:-1\" \/>\n<link rel=\"canonical\" href=\"https:\/\/informelitoral.com.ar\/parana-se-prepara-para-la-5a-edicion-de-la-carrera-nocturna-con-cupos-ampliados\/\" \/>\n<meta property=\"og:locale\" content=\"es_ES\" \/>\n<meta property=\"og:type\" content=\"article\" \/>\n<meta property=\"og:title\" content=\"Paran\u00e1 se prepara para la 5\u00aa edici\u00f3n de la Carrera Nocturna con cupos ampliados - Informe Litoral\" \/>\n<meta property=\"og:description\" content=\"La organizaci\u00f3n habilit\u00f3 100 nuevas vacantes para la competencia que se realizar\u00e1 el pr\u00f3ximo s\u00e1bado 21 de febrero.\" \/>\n<meta property=\"og:url\" content=\"https:\/\/informelitoral.com.ar\/parana-se-prepara-para-la-5a-edicion-de-la-carrera-nocturna-con-cupos-ampliados\/\" \/>\n<meta property=\"og:site_name\" content=\"Informe Litoral\" \/>\n<meta property=\"article:publisher\" content=\"https:\/\/www.facebook.com\/informelitoral\/\" \/>\n<meta property=\"article:published_time\" content=\"2026-02-12T15:30:43+00:00\" \/>\n<meta property=\"article:modified_time\" content=\"2026-02-12T15:35:27+00:00\" \/>\n<meta property=\"og:image\" content=\"https:\/\/www.parana.gob.ar\/writable\/uploads\/1770901033_dea8abcaba8d64af074d.jpg\" \/>\n<meta name=\"author\" content=\"Sebastian\" \/>\n<meta name=\"twitter:card\" content=\"summary_large_image\" \/>\n<meta name=\"twitter:image\" content=\"https:\/\/www.parana.gob.ar\/writable\/uploads\/1770901033_dea8abcaba8d64af074d.jpg\" \/>\n<meta name=\"twitter:creator\" content=\"@InformeLitoral\" \/>\n<meta name=\"twitter:site\" content=\"@InformeLitoral\" \/>\n<meta name=\"twitter:label1\" content=\"Escrito por\" \/>\n\t<meta name=\"twitter:data1\" content=\"Sebastian\" \/>\n\t<meta name=\"twitter:label2\" content=\"Tiempo de lectura\" \/>\n\t<meta name=\"twitter:data2\" content=\"2 minutos\" \/>\n<script type=\"application\/ld+json\" class=\"yoast-schema-graph\">{\"@context\":\"https:\\\/\\\/schema.org\",\"@graph\":[{\"@type\":\"Article\",\"@id\":\"https:\\\/\\\/informelitoral.com.ar\\\/parana-se-prepara-para-la-5a-edicion-de-la-carrera-nocturna-con-cupos-ampliados\\\/#article\",\"isPartOf\":{\"@id\":\"https:\\\/\\\/informelitoral.com.ar\\\/parana-se-prepara-para-la-5a-edicion-de-la-carrera-nocturna-con-cupos-ampliados\\\/\"},\"author\":{\"name\":\"Sebastian\",\"@id\":\"https:\\\/\\\/informelitoral.com.ar\\\/#\\\/schema\\\/person\\\/f05f9f461677119578717524b127d6d5\"},\"headline\":\"Paran\u00e1 se prepara para la 5\u00aa edici\u00f3n de la Carrera Nocturna con cupos ampliados\",\"datePublished\":\"2026-02-12T15:30:43+00:00\",\"dateModified\":\"2026-02-12T15:35:27+00:00\",\"mainEntityOfPage\":{\"@id\":\"https:\\\/\\\/informelitoral.com.ar\\\/parana-se-prepara-para-la-5a-edicion-de-la-carrera-nocturna-con-cupos-ampliados\\\/\"},\"wordCount\":266,\"commentCount\":0,\"publisher\":{\"@id\":\"https:\\\/\\\/informelitoral.com.ar\\\/#organization\"},\"image\":{\"@id\":\"https:\\\/\\\/informelitoral.com.ar\\\/parana-se-prepara-para-la-5a-edicion-de-la-carrera-nocturna-con-cupos-ampliados\\\/#primaryimage\"},\"thumbnailUrl\":\"https:\\\/\\\/www.parana.gob.ar\\\/writable\\\/uploads\\\/1770901033_dea8abcaba8d64af074d.jpg\",\"keywords\":[\"Carrera Nocturna\",\"Inscripci\u00f3n\",\"Paran\u00e1\"],\"articleSection\":[\"Paran\u00e1\"],\"inLanguage\":\"es\",\"potentialAction\":[{\"@type\":\"CommentAction\",\"name\":\"Comment\",\"target\":[\"https:\\\/\\\/informelitoral.com.ar\\\/parana-se-prepara-para-la-5a-edicion-de-la-carrera-nocturna-con-cupos-ampliados\\\/#respond\"]}]},{\"@type\":\"WebPage\",\"@id\":\"https:\\\/\\\/informelitoral.com.ar\\\/parana-se-prepara-para-la-5a-edicion-de-la-carrera-nocturna-con-cupos-ampliados\\\/\",\"url\":\"https:\\\/\\\/informelitoral.com.ar\\\/parana-se-prepara-para-la-5a-edicion-de-la-carrera-nocturna-con-cupos-ampliados\\\/\",\"name\":\"Paran\u00e1 se prepara para la 5\u00aa edici\u00f3n de la Carrera Nocturna con cupos ampliados - Informe Litoral\",\"isPartOf\":{\"@id\":\"https:\\\/\\\/informelitoral.com.ar\\\/#website\"},\"primaryImageOfPage\":{\"@id\":\"https:\\\/\\\/informelitoral.com.ar\\\/parana-se-prepara-para-la-5a-edicion-de-la-carrera-nocturna-con-cupos-ampliados\\\/#primaryimage\"},\"image\":{\"@id\":\"https:\\\/\\\/informelitoral.com.ar\\\/parana-se-prepara-para-la-5a-edicion-de-la-carrera-nocturna-con-cupos-ampliados\\\/#primaryimage\"},\"thumbnailUrl\":\"https:\\\/\\\/www.parana.gob.ar\\\/writable\\\/uploads\\\/1770901033_dea8abcaba8d64af074d.jpg\",\"datePublished\":\"2026-02-12T15:30:43+00:00\",\"dateModified\":\"2026-02-12T15:35:27+00:00\",\"breadcrumb\":{\"@id\":\"https:\\\/\\\/informelitoral.com.ar\\\/parana-se-prepara-para-la-5a-edicion-de-la-carrera-nocturna-con-cupos-ampliados\\\/#breadcrumb\"},\"inLanguage\":\"es\",\"potentialAction\":[{\"@type\":\"ReadAction\",\"target\":[\"https:\\\/\\\/informelitoral.com.ar\\\/parana-se-prepara-para-la-5a-edicion-de-la-carrera-nocturna-con-cupos-ampliados\\\/\"]}]},{\"@type\":\"ImageObject\",\"inLanguage\":\"es\",\"@id\":\"https:\\\/\\\/informelitoral.com.ar\\\/parana-se-prepara-para-la-5a-edicion-de-la-carrera-nocturna-con-cupos-ampliados\\\/#primaryimage\",\"url\":\"https:\\\/\\\/www.parana.gob.ar\\\/writable\\\/uploads\\\/1770901033_dea8abcaba8d64af074d.jpg\",\"contentUrl\":\"https:\\\/\\\/www.parana.gob.ar\\\/writable\\\/uploads\\\/1770901033_dea8abcaba8d64af074d.jpg\",\"width\":\"1620\",\"height\":\"1080\"},{\"@type\":\"BreadcrumbList\",\"@id\":\"https:\\\/\\\/informelitoral.com.ar\\\/parana-se-prepara-para-la-5a-edicion-de-la-carrera-nocturna-con-cupos-ampliados\\\/#breadcrumb\",\"itemListElement\":[{\"@type\":\"ListItem\",\"position\":1,\"name\":\"Portada\",\"item\":\"https:\\\/\\\/informelitoral.com.ar\\\/\"},{\"@type\":\"ListItem\",\"position\":2,\"name\":\"Paran\u00e1 se prepara para la 5\u00aa edici\u00f3n de la Carrera Nocturna con cupos ampliados\"}]},{\"@type\":\"WebSite\",\"@id\":\"https:\\\/\\\/informelitoral.com.ar\\\/#website\",\"url\":\"https:\\\/\\\/informelitoral.com.ar\\\/\",\"name\":\"Informe Litoral\",\"description\":\"&quot;Nos informamos&quot; \",\"publisher\":{\"@id\":\"https:\\\/\\\/informelitoral.com.ar\\\/#organization\"},\"potentialAction\":[{\"@type\":\"SearchAction\",\"target\":{\"@type\":\"EntryPoint\",\"urlTemplate\":\"https:\\\/\\\/informelitoral.com.ar\\\/?s={search_term_string}\"},\"query-input\":{\"@type\":\"PropertyValueSpecification\",\"valueRequired\":true,\"valueName\":\"search_term_string\"}}],\"inLanguage\":\"es\"},{\"@type\":\"Organization\",\"@id\":\"https:\\\/\\\/informelitoral.com.ar\\\/#organization\",\"name\":\"Informe Litoral\",\"url\":\"https:\\\/\\\/informelitoral.com.ar\\\/\",\"logo\":{\"@type\":\"ImageObject\",\"inLanguage\":\"es\",\"@id\":\"https:\\\/\\\/informelitoral.com.ar\\\/#\\\/schema\\\/logo\\\/image\\\/\",\"url\":\"https:\\\/\\\/informelitoral.com.ar\\\/%77%70%2d%63%6f%6e%74%65%6e%74\\\/uploads\\\/2021\\\/01\\\/circulo.png\",\"contentUrl\":\"https:\\\/\\\/informelitoral.com.ar\\\/%77%70%2d%63%6f%6e%74%65%6e%74\\\/uploads\\\/2021\\\/01\\\/circulo.png\",\"width\":723,\"height\":731,\"caption\":\"Informe Litoral\"},\"image\":{\"@id\":\"https:\\\/\\\/informelitoral.com.ar\\\/#\\\/schema\\\/logo\\\/image\\\/\"},\"sameAs\":[\"https:\\\/\\\/www.facebook.com\\\/informelitoral\\\/\",\"https:\\\/\\\/x.com\\\/InformeLitoral\",\"https:\\\/\\\/www.instagram.com\\\/informelitoral\\\/\",\"https:\\\/\\\/www.youtube.com\\\/channel\\\/UCua4Qvz8Icb6MYqhoq9xLXw\"]},{\"@type\":\"Person\",\"@id\":\"https:\\\/\\\/informelitoral.com.ar\\\/#\\\/schema\\\/person\\\/f05f9f461677119578717524b127d6d5\",\"name\":\"Sebastian\",\"image\":{\"@type\":\"ImageObject\",\"inLanguage\":\"es\",\"@id\":\"https:\\\/\\\/secure.gravatar.com\\\/avatar\\\/b71bf7481d447dfb9583c7f2798e7cc64de6efb9067b74633ed8c31059a3bd82?s=96&d=mm&r=g\",\"url\":\"https:\\\/\\\/secure.gravatar.com\\\/avatar\\\/b71bf7481d447dfb9583c7f2798e7cc64de6efb9067b74633ed8c31059a3bd82?s=96&d=mm&r=g\",\"contentUrl\":\"https:\\\/\\\/secure.gravatar.com\\\/avatar\\\/b71bf7481d447dfb9583c7f2798e7cc64de6efb9067b74633ed8c31059a3bd82?s=96&d=mm&r=g\",\"caption\":\"Sebastian\"},\"url\":\"https:\\\/\\\/informelitoral.com.ar\\\/author\\\/sebastian\\\/\"}]}<\/script>","yoast_head_json":{"title":"Paran\u00e1 se prepara para la 5\u00aa edici\u00f3n de la Carrera Nocturna con cupos ampliados - Informe Litoral","robots":{"index":"index","follow":"follow","max-snippet":"max-snippet:-1","max-image-preview":"max-image-preview:large","max-video-preview":"max-video-preview:-1"},"canonical":"https:\/\/informelitoral.com.ar\/parana-se-prepara-para-la-5a-edicion-de-la-carrera-nocturna-con-cupos-ampliados\/","og_locale":"es_ES","og_type":"article","og_title":"Paran\u00e1 se prepara para la 5\u00aa edici\u00f3n de la Carrera Nocturna con cupos ampliados - Informe Litoral","og_description":"La organizaci\u00f3n habilit\u00f3 100 nuevas vacantes para la competencia que se realizar\u00e1 el pr\u00f3ximo s\u00e1bado 21 de febrero.","og_url":"https:\/\/informelitoral.com.ar\/parana-se-prepara-para-la-5a-edicion-de-la-carrera-nocturna-con-cupos-ampliados\/","og_site_name":"Informe Litoral","article_publisher":"https:\/\/www.facebook.com\/informelitoral\/","article_published_time":"2026-02-12T15:30:43+00:00","article_modified_time":"2026-02-12T15:35:27+00:00","og_image":[{"url":"https:\/\/www.parana.gob.ar\/writable\/uploads\/1770901033_dea8abcaba8d64af074d.jpg","type":"","width":"","height":""}],"author":"Sebastian","twitter_card":"summary_large_image","twitter_image":"https:\/\/www.parana.gob.ar\/writable\/uploads\/1770901033_dea8abcaba8d64af074d.jpg","twitter_creator":"@InformeLitoral","twitter_site":"@InformeLitoral","twitter_misc":{"Escrito por":"Sebastian","Tiempo de lectura":"2 minutos"},"schema":{"@context":"https:\/\/schema.org","@graph":[{"@type":"Article","@id":"https:\/\/informelitoral.com.ar\/parana-se-prepara-para-la-5a-edicion-de-la-carrera-nocturna-con-cupos-ampliados\/#article","isPartOf":{"@id":"https:\/\/informelitoral.com.ar\/parana-se-prepara-para-la-5a-edicion-de-la-carrera-nocturna-con-cupos-ampliados\/"},"author":{"name":"Sebastian","@id":"https:\/\/informelitoral.com.ar\/#\/schema\/person\/f05f9f461677119578717524b127d6d5"},"headline":"Paran\u00e1 se prepara para la 5\u00aa edici\u00f3n de la Carrera Nocturna con cupos ampliados","datePublished":"2026-02-12T15:30:43+00:00","dateModified":"2026-02-12T15:35:27+00:00","mainEntityOfPage":{"@id":"https:\/\/informelitoral.com.ar\/parana-se-prepara-para-la-5a-edicion-de-la-carrera-nocturna-con-cupos-ampliados\/"},"wordCount":266,"commentCount":0,"publisher":{"@id":"https:\/\/informelitoral.com.ar\/#organization"},"image":{"@id":"https:\/\/informelitoral.com.ar\/parana-se-prepara-para-la-5a-edicion-de-la-carrera-nocturna-con-cupos-ampliados\/#primaryimage"},"thumbnailUrl":"https:\/\/www.parana.gob.ar\/writable\/uploads\/1770901033_dea8abcaba8d64af074d.jpg","keywords":["Carrera Nocturna","Inscripci\u00f3n","Paran\u00e1"],"articleSection":["Paran\u00e1"],"inLanguage":"es","potentialAction":[{"@type":"CommentAction","name":"Comment","target":["https:\/\/informelitoral.com.ar\/parana-se-prepara-para-la-5a-edicion-de-la-carrera-nocturna-con-cupos-ampliados\/#respond"]}]},{"@type":"WebPage","@id":"https:\/\/informelitoral.com.ar\/parana-se-prepara-para-la-5a-edicion-de-la-carrera-nocturna-con-cupos-ampliados\/","url":"https:\/\/informelitoral.com.ar\/parana-se-prepara-para-la-5a-edicion-de-la-carrera-nocturna-con-cupos-ampliados\/","name":"Paran\u00e1 se prepara para la 5\u00aa edici\u00f3n de la Carrera Nocturna con cupos ampliados - Informe Litoral","isPartOf":{"@id":"https:\/\/informelitoral.com.ar\/#website"},"primaryImageOfPage":{"@id":"https:\/\/informelitoral.com.ar\/parana-se-prepara-para-la-5a-edicion-de-la-carrera-nocturna-con-cupos-ampliados\/#primaryimage"},"image":{"@id":"https:\/\/informelitoral.com.ar\/parana-se-prepara-para-la-5a-edicion-de-la-carrera-nocturna-con-cupos-ampliados\/#primaryimage"},"thumbnailUrl":"https:\/\/www.parana.gob.ar\/writable\/uploads\/1770901033_dea8abcaba8d64af074d.jpg","datePublished":"2026-02-12T15:30:43+00:00","dateModified":"2026-02-12T15:35:27+00:00","breadcrumb":{"@id":"https:\/\/informelitoral.com.ar\/parana-se-prepara-para-la-5a-edicion-de-la-carrera-nocturna-con-cupos-ampliados\/#breadcrumb"},"inLanguage":"es","potentialAction":[{"@type":"ReadAction","target":["https:\/\/informelitoral.com.ar\/parana-se-prepara-para-la-5a-edicion-de-la-carrera-nocturna-con-cupos-ampliados\/"]}]},{"@type":"ImageObject","inLanguage":"es","@id":"https:\/\/informelitoral.com.ar\/parana-se-prepara-para-la-5a-edicion-de-la-carrera-nocturna-con-cupos-ampliados\/#primaryimage","url":"https:\/\/www.parana.gob.ar\/writable\/uploads\/1770901033_dea8abcaba8d64af074d.jpg","contentUrl":"https:\/\/www.parana.gob.ar\/writable\/uploads\/1770901033_dea8abcaba8d64af074d.jpg","width":"1620","height":"1080"},{"@type":"BreadcrumbList","@id":"https:\/\/informelitoral.com.ar\/parana-se-prepara-para-la-5a-edicion-de-la-carrera-nocturna-con-cupos-ampliados\/#breadcrumb","itemListElement":[{"@type":"ListItem","position":1,"name":"Portada","item":"https:\/\/informelitoral.com.ar\/"},{"@type":"ListItem","position":2,"name":"Paran\u00e1 se prepara para la 5\u00aa edici\u00f3n de la Carrera Nocturna con cupos ampliados"}]},{"@type":"WebSite","@id":"https:\/\/informelitoral.com.ar\/#website","url":"https:\/\/informelitoral.com.ar\/","name":"Informe Litoral","description":"&quot;Nos informamos&quot; ","publisher":{"@id":"https:\/\/informelitoral.com.ar\/#organization"},"potentialAction":[{"@type":"SearchAction","target":{"@type":"EntryPoint","urlTemplate":"https:\/\/informelitoral.com.ar\/?s={search_term_string}"},"query-input":{"@type":"PropertyValueSpecification","valueRequired":true,"valueName":"search_term_string"}}],"inLanguage":"es"},{"@type":"Organization","@id":"https:\/\/informelitoral.com.ar\/#organization","name":"Informe Litoral","url":"https:\/\/informelitoral.com.ar\/","logo":{"@type":"ImageObject","inLanguage":"es","@id":"https:\/\/informelitoral.com.ar\/#\/schema\/logo\/image\/","url":"https:\/\/informelitoral.com.ar\/%77%70%2d%63%6f%6e%74%65%6e%74\/uploads\/2021\/01\/circulo.png","contentUrl":"https:\/\/informelitoral.com.ar\/%77%70%2d%63%6f%6e%74%65%6e%74\/uploads\/2021\/01\/circulo.png","width":723,"height":731,"caption":"Informe Litoral"},"image":{"@id":"https:\/\/informelitoral.com.ar\/#\/schema\/logo\/image\/"},"sameAs":["https:\/\/www.facebook.com\/informelitoral\/","https:\/\/x.com\/InformeLitoral","https:\/\/www.instagram.com\/informelitoral\/","https:\/\/www.youtube.com\/channel\/UCua4Qvz8Icb6MYqhoq9xLXw"]},{"@type":"Person","@id":"https:\/\/informelitoral.com.ar\/#\/schema\/person\/f05f9f461677119578717524b127d6d5","name":"Sebastian","image":{"@type":"ImageObject","inLanguage":"es","@id":"https:\/\/secure.gravatar.com\/avatar\/b71bf7481d447dfb9583c7f2798e7cc64de6efb9067b74633ed8c31059a3bd82?s=96&d=mm&r=g","url":"https:\/\/secure.gravatar.com\/avatar\/b71bf7481d447dfb9583c7f2798e7cc64de6efb9067b74633ed8c31059a3bd82?s=96&d=mm&r=g","contentUrl":"https:\/\/secure.gravatar.com\/avatar\/b71bf7481d447dfb9583c7f2798e7cc64de6efb9067b74633ed8c31059a3bd82?s=96&d=mm&r=g","caption":"Sebastian"},"url":"https:\/\/informelitoral.com.ar\/author\/sebastian\/"}]}},"fifu_image_url":"https:\/\/www.parana.gob.ar\/writable\/uploads\/1770901033_dea8abcaba8d64af074d.jpg","_links":{"self":[{"href":"https:\/\/informelitoral.com.ar\/%77%70%2d%6a%73%6f%6e\/wp\/v2\/posts\/249855","targetHints":{"allow":["GET"]}}],"collection":[{"href":"https:\/\/informelitoral.com.ar\/%77%70%2d%6a%73%6f%6e\/wp\/v2\/posts"}],"about":[{"href":"https:\/\/informelitoral.com.ar\/%77%70%2d%6a%73%6f%6e\/wp\/v2\/types\/post"}],"author":[{"embeddable":true,"href":"https:\/\/informelitoral.com.ar\/%77%70%2d%6a%73%6f%6e\/wp\/v2\/users\/8"}],"replies":[{"embeddable":true,"href":"https:\/\/informelitoral.com.ar\/%77%70%2d%6a%73%6f%6e\/wp\/v2\/comments?post=249855"}],"version-history":[{"count":3,"href":"https:\/\/informelitoral.com.ar\/%77%70%2d%6a%73%6f%6e\/wp\/v2\/posts\/249855\/revisions"}],"predecessor-version":[{"id":249859,"href":"https:\/\/informelitoral.com.ar\/%77%70%2d%6a%73%6f%6e\/wp\/v2\/posts\/249855\/revisions\/249859"}],"wp:featuredmedia":[{"embeddable":true,"href":"https:\/\/informelitoral.com.ar\/%77%70%2d%6a%73%6f%6e\/wp\/v2\/media\/249856"}],"wp:attachment":[{"href":"https:\/\/informelitoral.com.ar\/%77%70%2d%6a%73%6f%6e\/wp\/v2\/media?parent=249855"}],"wp:term":[{"taxonomy":"category","embeddable":true,"href":"https:\/\/informelitoral.com.ar\/%77%70%2d%6a%73%6f%6e\/wp\/v2\/categories?post=249855"},{"taxonomy":"post_tag","embeddable":true,"href":"https:\/\/informelitoral.com.ar\/%77%70%2d%6a%73%6f%6e\/wp\/v2\/tags?post=249855"}],"curies":[{"name":"wp","href":"https:\/\/api.w.org\/{rel}","templated":true}]}}