{"id":249841,"date":"2026-02-12T12:18:30","date_gmt":"2026-02-12T15:18:30","guid":{"rendered":"https:\/\/informelitoral.com.ar\/?p=249841"},"modified":"2026-02-12T18:40:42","modified_gmt":"2026-02-12T21:40:42","slug":"violento-choque-en-victoria-una-conductora-intento-escapar-tras-el-impacto","status":"publish","type":"post","link":"https:\/\/informelitoral.com.ar\/violento-choque-en-victoria-una-conductora-intento-escapar-tras-el-impacto\/","title":{"rendered":"Violento choque en Victoria: una conductora intent\u00f3 escapar tras el impacto"},"content":{"rendered":"<p data-path-to-node=\"2\">Un fuerte accidente de tr\u00e1nsito ocurri\u00f3 en la intersecci\u00f3n de las calles <b data-path-to-node=\"2\" data-index-in-node=\"73\">Suipacha y Congreso<\/b>, en la ciudad de <b data-path-to-node=\"2\" data-index-in-node=\"110\">Victoria<\/b>, cuando una camioneta <b data-path-to-node=\"2\" data-index-in-node=\"141\">Ford Ranger<\/b> colision\u00f3 con una <b data-path-to-node=\"2\" data-index-in-node=\"171\">Volkswagen Amarok<\/b>. El impacto fue de tal violencia que la Ranger termin\u00f3 girando sobre la calzada, esparciendo restos de su carrocer\u00eda a lo largo de 15 metros, mientras que la Amarok se desvi\u00f3 de su trayectoria y termin\u00f3 embistiendo a un <b data-path-to-node=\"2\" data-index-in-node=\"409\">Chevrolet Corsa Classic<\/b> que se encontraba correctamente estacionado en el lugar.<\/p>\n<p data-path-to-node=\"2\"><img loading=\"lazy\" decoding=\"async\" class=\"\" src=\"https:\/\/elonce-media.elonce.com\/fotos\/2026\/02\/12\/t_1770885279_50573.webp\" width=\"671\" height=\"503\" \/><\/p>\n<p data-path-to-node=\"3\">Seg\u00fan los testimonios recolectados, la camioneta Amarok circulaba a una <b data-path-to-node=\"3\" data-index-in-node=\"72\">velocidad mayor a la permitida<\/b> para el tr\u00e1nsito urbano. Producto del golpe, el auto estacionado sufri\u00f3 <b data-path-to-node=\"3\" data-index-in-node=\"175\">da\u00f1os severos<\/b>, con su ba\u00fal hundido aproximadamente 20 cent\u00edmetros. Lo m\u00e1s llamativo del hecho ocurri\u00f3 instantes despu\u00e9s del choque, cuando <b data-path-to-node=\"3\" data-index-in-node=\"314\">la conductora de la Amarok intent\u00f3 huir<\/b> de la escena girando por la calle 3 de Febrero. Sin embargo, debido a que el <b data-path-to-node=\"3\" data-index-in-node=\"431\">tren delantero del veh\u00edculo qued\u00f3 destruido<\/b>, no pudo continuar la marcha y debi\u00f3 detenerse antes de llegar a la calle Mitre.<\/p>\n<p data-path-to-node=\"3\"><img decoding=\"async\" src=\"https:\/\/elonce-media.elonce.com\/fotos\/2026\/02\/12\/e_1770885279_95369.webp\" alt=\"Dos camionetas chocaron y una conductora intent&amp;oacute; huir\" \/><\/p>\n<p data-path-to-node=\"4\">Afortunadamente, <b data-path-to-node=\"4\" data-index-in-node=\"17\">no se registraron personas heridas<\/b>, por lo que no fue necesaria la intervenci\u00f3n de los servicios de salud. En el sitio trabaj\u00f3 personal de <b data-path-to-node=\"4\" data-index-in-node=\"156\">Inspecci\u00f3n municipal<\/b>, quienes se encargaron de ordenar la circulaci\u00f3n vehicular y de realizar las actuaciones administrativas necesarias. Estos registros permitir\u00e1n que los propietarios de los veh\u00edculos afectados puedan iniciar los correspondientes <b data-path-to-node=\"4\" data-index-in-node=\"405\">reclamos ante las compa\u00f1\u00edas de seguros<\/b> o emprender acciones civiles por los da\u00f1os ocasionados. <em>(Elonce)<\/em><\/p>\n","protected":false},"excerpt":{"rendered":"<p>El siniestro involucr\u00f3 a tres veh\u00edculos en la esquina de Suipacha y Congreso. A pesar de la magnitud de los da\u00f1os materiales, no hubo heridos.<\/p>\n","protected":false},"author":8,"featured_media":249842,"comment_status":"open","ping_status":"open","sticky":false,"template":"","format":"standard","meta":{"fifu_image_url":"https:\/\/elonce-media.elonce.com\/fotos\/2026\/02\/12\/e_1770885279_38842.webp","fifu_image_alt":"","footnotes":""},"categories":[14],"tags":[304,1879,507],"class_list":{"0":"post-249841","1":"post","2":"type-post","3":"status-publish","4":"format-standard","5":"has-post-thumbnail","7":"category-policiales","8":"tag-accidente-vial","9":"tag-choque","10":"tag-victoria"},"yoast_head":"<title>Violento choque en Victoria: una conductora intent\u00f3 escapar tras el impacto - Informe Litoral<\/title>\n<meta name=\"robots\" content=\"index, follow, max-snippet:-1, max-image-preview:large, max-video-preview:-1\" \/>\n<link rel=\"canonical\" href=\"https:\/\/informelitoral.com.ar\/violento-choque-en-victoria-una-conductora-intento-escapar-tras-el-impacto\/\" \/>\n<meta property=\"og:locale\" content=\"es_ES\" \/>\n<meta property=\"og:type\" content=\"article\" \/>\n<meta property=\"og:title\" content=\"Violento choque en Victoria: una conductora intent\u00f3 escapar tras el impacto - Informe Litoral\" \/>\n<meta property=\"og:description\" content=\"El siniestro involucr\u00f3 a tres veh\u00edculos en la esquina de Suipacha y Congreso. A pesar de la magnitud de los da\u00f1os materiales, no hubo heridos.\" \/>\n<meta property=\"og:url\" content=\"https:\/\/informelitoral.com.ar\/violento-choque-en-victoria-una-conductora-intento-escapar-tras-el-impacto\/\" \/>\n<meta property=\"og:site_name\" content=\"Informe Litoral\" \/>\n<meta property=\"article:publisher\" content=\"https:\/\/www.facebook.com\/informelitoral\/\" \/>\n<meta property=\"article:published_time\" content=\"2026-02-12T15:18:30+00:00\" \/>\n<meta property=\"article:modified_time\" content=\"2026-02-12T21:40:42+00:00\" \/>\n<meta property=\"og:image\" content=\"https:\/\/elonce-media.elonce.com\/fotos\/2026\/02\/12\/e_1770885279_38842.webp\" \/>\n<meta name=\"author\" content=\"Sebastian\" \/>\n<meta name=\"twitter:card\" content=\"summary_large_image\" \/>\n<meta name=\"twitter:image\" content=\"https:\/\/elonce-media.elonce.com\/fotos\/2026\/02\/12\/e_1770885279_38842.webp\" \/>\n<meta name=\"twitter:creator\" content=\"@InformeLitoral\" \/>\n<meta name=\"twitter:site\" content=\"@InformeLitoral\" \/>\n<meta name=\"twitter:label1\" content=\"Escrito por\" \/>\n\t<meta name=\"twitter:data1\" content=\"Sebastian\" \/>\n\t<meta name=\"twitter:label2\" content=\"Tiempo de lectura\" \/>\n\t<meta name=\"twitter:data2\" content=\"2 minutos\" \/>\n<script type=\"application\/ld+json\" class=\"yoast-schema-graph\">{\"@context\":\"https:\\\/\\\/schema.org\",\"@graph\":[{\"@type\":\"Article\",\"@id\":\"https:\\\/\\\/informelitoral.com.ar\\\/violento-choque-en-victoria-una-conductora-intento-escapar-tras-el-impacto\\\/#article\",\"isPartOf\":{\"@id\":\"https:\\\/\\\/informelitoral.com.ar\\\/violento-choque-en-victoria-una-conductora-intento-escapar-tras-el-impacto\\\/\"},\"author\":{\"name\":\"Sebastian\",\"@id\":\"https:\\\/\\\/informelitoral.com.ar\\\/#\\\/schema\\\/person\\\/f05f9f461677119578717524b127d6d5\"},\"headline\":\"Violento choque en Victoria: una conductora intent\u00f3 escapar tras el impacto\",\"datePublished\":\"2026-02-12T15:18:30+00:00\",\"dateModified\":\"2026-02-12T21:40:42+00:00\",\"mainEntityOfPage\":{\"@id\":\"https:\\\/\\\/informelitoral.com.ar\\\/violento-choque-en-victoria-una-conductora-intento-escapar-tras-el-impacto\\\/\"},\"wordCount\":267,\"commentCount\":0,\"publisher\":{\"@id\":\"https:\\\/\\\/informelitoral.com.ar\\\/#organization\"},\"image\":{\"@id\":\"https:\\\/\\\/informelitoral.com.ar\\\/violento-choque-en-victoria-una-conductora-intento-escapar-tras-el-impacto\\\/#primaryimage\"},\"thumbnailUrl\":\"https:\\\/\\\/elonce-media.elonce.com\\\/fotos\\\/2026\\\/02\\\/12\\\/e_1770885279_38842.webp\",\"keywords\":[\"Accidente vial\",\"Choque\",\"Victoria\"],\"articleSection\":[\"Policiales\"],\"inLanguage\":\"es\",\"potentialAction\":[{\"@type\":\"CommentAction\",\"name\":\"Comment\",\"target\":[\"https:\\\/\\\/informelitoral.com.ar\\\/violento-choque-en-victoria-una-conductora-intento-escapar-tras-el-impacto\\\/#respond\"]}]},{\"@type\":\"WebPage\",\"@id\":\"https:\\\/\\\/informelitoral.com.ar\\\/violento-choque-en-victoria-una-conductora-intento-escapar-tras-el-impacto\\\/\",\"url\":\"https:\\\/\\\/informelitoral.com.ar\\\/violento-choque-en-victoria-una-conductora-intento-escapar-tras-el-impacto\\\/\",\"name\":\"Violento choque en Victoria: una conductora intent\u00f3 escapar tras el impacto - Informe Litoral\",\"isPartOf\":{\"@id\":\"https:\\\/\\\/informelitoral.com.ar\\\/#website\"},\"primaryImageOfPage\":{\"@id\":\"https:\\\/\\\/informelitoral.com.ar\\\/violento-choque-en-victoria-una-conductora-intento-escapar-tras-el-impacto\\\/#primaryimage\"},\"image\":{\"@id\":\"https:\\\/\\\/informelitoral.com.ar\\\/violento-choque-en-victoria-una-conductora-intento-escapar-tras-el-impacto\\\/#primaryimage\"},\"thumbnailUrl\":\"https:\\\/\\\/elonce-media.elonce.com\\\/fotos\\\/2026\\\/02\\\/12\\\/e_1770885279_38842.webp\",\"datePublished\":\"2026-02-12T15:18:30+00:00\",\"dateModified\":\"2026-02-12T21:40:42+00:00\",\"breadcrumb\":{\"@id\":\"https:\\\/\\\/informelitoral.com.ar\\\/violento-choque-en-victoria-una-conductora-intento-escapar-tras-el-impacto\\\/#breadcrumb\"},\"inLanguage\":\"es\",\"potentialAction\":[{\"@type\":\"ReadAction\",\"target\":[\"https:\\\/\\\/informelitoral.com.ar\\\/violento-choque-en-victoria-una-conductora-intento-escapar-tras-el-impacto\\\/\"]}]},{\"@type\":\"ImageObject\",\"inLanguage\":\"es\",\"@id\":\"https:\\\/\\\/informelitoral.com.ar\\\/violento-choque-en-victoria-una-conductora-intento-escapar-tras-el-impacto\\\/#primaryimage\",\"url\":\"https:\\\/\\\/elonce-media.elonce.com\\\/fotos\\\/2026\\\/02\\\/12\\\/e_1770885279_38842.webp\",\"contentUrl\":\"https:\\\/\\\/elonce-media.elonce.com\\\/fotos\\\/2026\\\/02\\\/12\\\/e_1770885279_38842.webp\",\"width\":\"900\",\"height\":\"600\"},{\"@type\":\"BreadcrumbList\",\"@id\":\"https:\\\/\\\/informelitoral.com.ar\\\/violento-choque-en-victoria-una-conductora-intento-escapar-tras-el-impacto\\\/#breadcrumb\",\"itemListElement\":[{\"@type\":\"ListItem\",\"position\":1,\"name\":\"Portada\",\"item\":\"https:\\\/\\\/informelitoral.com.ar\\\/\"},{\"@type\":\"ListItem\",\"position\":2,\"name\":\"Violento choque en Victoria: una conductora intent\u00f3 escapar tras el impacto\"}]},{\"@type\":\"WebSite\",\"@id\":\"https:\\\/\\\/informelitoral.com.ar\\\/#website\",\"url\":\"https:\\\/\\\/informelitoral.com.ar\\\/\",\"name\":\"Informe Litoral\",\"description\":\"&quot;Nos informamos&quot; \",\"publisher\":{\"@id\":\"https:\\\/\\\/informelitoral.com.ar\\\/#organization\"},\"potentialAction\":[{\"@type\":\"SearchAction\",\"target\":{\"@type\":\"EntryPoint\",\"urlTemplate\":\"https:\\\/\\\/informelitoral.com.ar\\\/?s={search_term_string}\"},\"query-input\":{\"@type\":\"PropertyValueSpecification\",\"valueRequired\":true,\"valueName\":\"search_term_string\"}}],\"inLanguage\":\"es\"},{\"@type\":\"Organization\",\"@id\":\"https:\\\/\\\/informelitoral.com.ar\\\/#organization\",\"name\":\"Informe Litoral\",\"url\":\"https:\\\/\\\/informelitoral.com.ar\\\/\",\"logo\":{\"@type\":\"ImageObject\",\"inLanguage\":\"es\",\"@id\":\"https:\\\/\\\/informelitoral.com.ar\\\/#\\\/schema\\\/logo\\\/image\\\/\",\"url\":\"https:\\\/\\\/informelitoral.com.ar\\\/%77%70%2d%63%6f%6e%74%65%6e%74\\\/uploads\\\/2021\\\/01\\\/circulo.png\",\"contentUrl\":\"https:\\\/\\\/informelitoral.com.ar\\\/%77%70%2d%63%6f%6e%74%65%6e%74\\\/uploads\\\/2021\\\/01\\\/circulo.png\",\"width\":723,\"height\":731,\"caption\":\"Informe Litoral\"},\"image\":{\"@id\":\"https:\\\/\\\/informelitoral.com.ar\\\/#\\\/schema\\\/logo\\\/image\\\/\"},\"sameAs\":[\"https:\\\/\\\/www.facebook.com\\\/informelitoral\\\/\",\"https:\\\/\\\/x.com\\\/InformeLitoral\",\"https:\\\/\\\/www.instagram.com\\\/informelitoral\\\/\",\"https:\\\/\\\/www.youtube.com\\\/channel\\\/UCua4Qvz8Icb6MYqhoq9xLXw\"]},{\"@type\":\"Person\",\"@id\":\"https:\\\/\\\/informelitoral.com.ar\\\/#\\\/schema\\\/person\\\/f05f9f461677119578717524b127d6d5\",\"name\":\"Sebastian\",\"image\":{\"@type\":\"ImageObject\",\"inLanguage\":\"es\",\"@id\":\"https:\\\/\\\/secure.gravatar.com\\\/avatar\\\/b71bf7481d447dfb9583c7f2798e7cc64de6efb9067b74633ed8c31059a3bd82?s=96&d=mm&r=g\",\"url\":\"https:\\\/\\\/secure.gravatar.com\\\/avatar\\\/b71bf7481d447dfb9583c7f2798e7cc64de6efb9067b74633ed8c31059a3bd82?s=96&d=mm&r=g\",\"contentUrl\":\"https:\\\/\\\/secure.gravatar.com\\\/avatar\\\/b71bf7481d447dfb9583c7f2798e7cc64de6efb9067b74633ed8c31059a3bd82?s=96&d=mm&r=g\",\"caption\":\"Sebastian\"},\"url\":\"https:\\\/\\\/informelitoral.com.ar\\\/author\\\/sebastian\\\/\"}]}<\/script>","yoast_head_json":{"title":"Violento choque en Victoria: una conductora intent\u00f3 escapar tras el impacto - Informe Litoral","robots":{"index":"index","follow":"follow","max-snippet":"max-snippet:-1","max-image-preview":"max-image-preview:large","max-video-preview":"max-video-preview:-1"},"canonical":"https:\/\/informelitoral.com.ar\/violento-choque-en-victoria-una-conductora-intento-escapar-tras-el-impacto\/","og_locale":"es_ES","og_type":"article","og_title":"Violento choque en Victoria: una conductora intent\u00f3 escapar tras el impacto - Informe Litoral","og_description":"El siniestro involucr\u00f3 a tres veh\u00edculos en la esquina de Suipacha y Congreso. A pesar de la magnitud de los da\u00f1os materiales, no hubo heridos.","og_url":"https:\/\/informelitoral.com.ar\/violento-choque-en-victoria-una-conductora-intento-escapar-tras-el-impacto\/","og_site_name":"Informe Litoral","article_publisher":"https:\/\/www.facebook.com\/informelitoral\/","article_published_time":"2026-02-12T15:18:30+00:00","article_modified_time":"2026-02-12T21:40:42+00:00","og_image":[{"url":"https:\/\/elonce-media.elonce.com\/fotos\/2026\/02\/12\/e_1770885279_38842.webp","type":"","width":"","height":""}],"author":"Sebastian","twitter_card":"summary_large_image","twitter_image":"https:\/\/elonce-media.elonce.com\/fotos\/2026\/02\/12\/e_1770885279_38842.webp","twitter_creator":"@InformeLitoral","twitter_site":"@InformeLitoral","twitter_misc":{"Escrito por":"Sebastian","Tiempo de lectura":"2 minutos"},"schema":{"@context":"https:\/\/schema.org","@graph":[{"@type":"Article","@id":"https:\/\/informelitoral.com.ar\/violento-choque-en-victoria-una-conductora-intento-escapar-tras-el-impacto\/#article","isPartOf":{"@id":"https:\/\/informelitoral.com.ar\/violento-choque-en-victoria-una-conductora-intento-escapar-tras-el-impacto\/"},"author":{"name":"Sebastian","@id":"https:\/\/informelitoral.com.ar\/#\/schema\/person\/f05f9f461677119578717524b127d6d5"},"headline":"Violento choque en Victoria: una conductora intent\u00f3 escapar tras el impacto","datePublished":"2026-02-12T15:18:30+00:00","dateModified":"2026-02-12T21:40:42+00:00","mainEntityOfPage":{"@id":"https:\/\/informelitoral.com.ar\/violento-choque-en-victoria-una-conductora-intento-escapar-tras-el-impacto\/"},"wordCount":267,"commentCount":0,"publisher":{"@id":"https:\/\/informelitoral.com.ar\/#organization"},"image":{"@id":"https:\/\/informelitoral.com.ar\/violento-choque-en-victoria-una-conductora-intento-escapar-tras-el-impacto\/#primaryimage"},"thumbnailUrl":"https:\/\/elonce-media.elonce.com\/fotos\/2026\/02\/12\/e_1770885279_38842.webp","keywords":["Accidente vial","Choque","Victoria"],"articleSection":["Policiales"],"inLanguage":"es","potentialAction":[{"@type":"CommentAction","name":"Comment","target":["https:\/\/informelitoral.com.ar\/violento-choque-en-victoria-una-conductora-intento-escapar-tras-el-impacto\/#respond"]}]},{"@type":"WebPage","@id":"https:\/\/informelitoral.com.ar\/violento-choque-en-victoria-una-conductora-intento-escapar-tras-el-impacto\/","url":"https:\/\/informelitoral.com.ar\/violento-choque-en-victoria-una-conductora-intento-escapar-tras-el-impacto\/","name":"Violento choque en Victoria: una conductora intent\u00f3 escapar tras el impacto - Informe Litoral","isPartOf":{"@id":"https:\/\/informelitoral.com.ar\/#website"},"primaryImageOfPage":{"@id":"https:\/\/informelitoral.com.ar\/violento-choque-en-victoria-una-conductora-intento-escapar-tras-el-impacto\/#primaryimage"},"image":{"@id":"https:\/\/informelitoral.com.ar\/violento-choque-en-victoria-una-conductora-intento-escapar-tras-el-impacto\/#primaryimage"},"thumbnailUrl":"https:\/\/elonce-media.elonce.com\/fotos\/2026\/02\/12\/e_1770885279_38842.webp","datePublished":"2026-02-12T15:18:30+00:00","dateModified":"2026-02-12T21:40:42+00:00","breadcrumb":{"@id":"https:\/\/informelitoral.com.ar\/violento-choque-en-victoria-una-conductora-intento-escapar-tras-el-impacto\/#breadcrumb"},"inLanguage":"es","potentialAction":[{"@type":"ReadAction","target":["https:\/\/informelitoral.com.ar\/violento-choque-en-victoria-una-conductora-intento-escapar-tras-el-impacto\/"]}]},{"@type":"ImageObject","inLanguage":"es","@id":"https:\/\/informelitoral.com.ar\/violento-choque-en-victoria-una-conductora-intento-escapar-tras-el-impacto\/#primaryimage","url":"https:\/\/elonce-media.elonce.com\/fotos\/2026\/02\/12\/e_1770885279_38842.webp","contentUrl":"https:\/\/elonce-media.elonce.com\/fotos\/2026\/02\/12\/e_1770885279_38842.webp","width":"900","height":"600"},{"@type":"BreadcrumbList","@id":"https:\/\/informelitoral.com.ar\/violento-choque-en-victoria-una-conductora-intento-escapar-tras-el-impacto\/#breadcrumb","itemListElement":[{"@type":"ListItem","position":1,"name":"Portada","item":"https:\/\/informelitoral.com.ar\/"},{"@type":"ListItem","position":2,"name":"Violento choque en Victoria: una conductora intent\u00f3 escapar tras el impacto"}]},{"@type":"WebSite","@id":"https:\/\/informelitoral.com.ar\/#website","url":"https:\/\/informelitoral.com.ar\/","name":"Informe Litoral","description":"&quot;Nos informamos&quot; ","publisher":{"@id":"https:\/\/informelitoral.com.ar\/#organization"},"potentialAction":[{"@type":"SearchAction","target":{"@type":"EntryPoint","urlTemplate":"https:\/\/informelitoral.com.ar\/?s={search_term_string}"},"query-input":{"@type":"PropertyValueSpecification","valueRequired":true,"valueName":"search_term_string"}}],"inLanguage":"es"},{"@type":"Organization","@id":"https:\/\/informelitoral.com.ar\/#organization","name":"Informe Litoral","url":"https:\/\/informelitoral.com.ar\/","logo":{"@type":"ImageObject","inLanguage":"es","@id":"https:\/\/informelitoral.com.ar\/#\/schema\/logo\/image\/","url":"https:\/\/informelitoral.com.ar\/%77%70%2d%63%6f%6e%74%65%6e%74\/uploads\/2021\/01\/circulo.png","contentUrl":"https:\/\/informelitoral.com.ar\/%77%70%2d%63%6f%6e%74%65%6e%74\/uploads\/2021\/01\/circulo.png","width":723,"height":731,"caption":"Informe Litoral"},"image":{"@id":"https:\/\/informelitoral.com.ar\/#\/schema\/logo\/image\/"},"sameAs":["https:\/\/www.facebook.com\/informelitoral\/","https:\/\/x.com\/InformeLitoral","https:\/\/www.instagram.com\/informelitoral\/","https:\/\/www.youtube.com\/channel\/UCua4Qvz8Icb6MYqhoq9xLXw"]},{"@type":"Person","@id":"https:\/\/informelitoral.com.ar\/#\/schema\/person\/f05f9f461677119578717524b127d6d5","name":"Sebastian","image":{"@type":"ImageObject","inLanguage":"es","@id":"https:\/\/secure.gravatar.com\/avatar\/b71bf7481d447dfb9583c7f2798e7cc64de6efb9067b74633ed8c31059a3bd82?s=96&d=mm&r=g","url":"https:\/\/secure.gravatar.com\/avatar\/b71bf7481d447dfb9583c7f2798e7cc64de6efb9067b74633ed8c31059a3bd82?s=96&d=mm&r=g","contentUrl":"https:\/\/secure.gravatar.com\/avatar\/b71bf7481d447dfb9583c7f2798e7cc64de6efb9067b74633ed8c31059a3bd82?s=96&d=mm&r=g","caption":"Sebastian"},"url":"https:\/\/informelitoral.com.ar\/author\/sebastian\/"}]}},"fifu_image_url":"https:\/\/elonce-media.elonce.com\/fotos\/2026\/02\/12\/e_1770885279_38842.webp","_links":{"self":[{"href":"https:\/\/informelitoral.com.ar\/%77%70%2d%6a%73%6f%6e\/wp\/v2\/posts\/249841","targetHints":{"allow":["GET"]}}],"collection":[{"href":"https:\/\/informelitoral.com.ar\/%77%70%2d%6a%73%6f%6e\/wp\/v2\/posts"}],"about":[{"href":"https:\/\/informelitoral.com.ar\/%77%70%2d%6a%73%6f%6e\/wp\/v2\/types\/post"}],"author":[{"embeddable":true,"href":"https:\/\/informelitoral.com.ar\/%77%70%2d%6a%73%6f%6e\/wp\/v2\/users\/8"}],"replies":[{"embeddable":true,"href":"https:\/\/informelitoral.com.ar\/%77%70%2d%6a%73%6f%6e\/wp\/v2\/comments?post=249841"}],"version-history":[{"count":4,"href":"https:\/\/informelitoral.com.ar\/%77%70%2d%6a%73%6f%6e\/wp\/v2\/posts\/249841\/revisions"}],"predecessor-version":[{"id":249909,"href":"https:\/\/informelitoral.com.ar\/%77%70%2d%6a%73%6f%6e\/wp\/v2\/posts\/249841\/revisions\/249909"}],"wp:featuredmedia":[{"embeddable":true,"href":"https:\/\/informelitoral.com.ar\/%77%70%2d%6a%73%6f%6e\/wp\/v2\/media\/249842"}],"wp:attachment":[{"href":"https:\/\/informelitoral.com.ar\/%77%70%2d%6a%73%6f%6e\/wp\/v2\/media?parent=249841"}],"wp:term":[{"taxonomy":"category","embeddable":true,"href":"https:\/\/informelitoral.com.ar\/%77%70%2d%6a%73%6f%6e\/wp\/v2\/categories?post=249841"},{"taxonomy":"post_tag","embeddable":true,"href":"https:\/\/informelitoral.com.ar\/%77%70%2d%6a%73%6f%6e\/wp\/v2\/tags?post=249841"}],"curies":[{"name":"wp","href":"https:\/\/api.w.org\/{rel}","templated":true}]}}