{"id":249673,"date":"2026-02-11T15:40:43","date_gmt":"2026-02-11T18:40:43","guid":{"rendered":"https:\/\/informelitoral.com.ar\/?p=249673"},"modified":"2026-02-11T15:58:02","modified_gmt":"2026-02-11T18:58:02","slug":"policia-contuvo-una-crisis-de-salud-mental-en-strobel","status":"publish","type":"post","link":"https:\/\/informelitoral.com.ar\/policia-contuvo-una-crisis-de-salud-mental-en-strobel\/","title":{"rendered":"Polic\u00eda contuvo una crisis de salud mental en Strobel"},"content":{"rendered":"<p data-path-to-node=\"4\">Personal de la Comisar\u00eda Strobel intervino durante la tarde de ayer ante una situaci\u00f3n de alteraci\u00f3n p\u00fablica en el barrio El Progreso, donde una joven se encontraba en un estado de exaltaci\u00f3n emocional severa. Al intentar abordar la situaci\u00f3n, una agente femenina fue agredida f\u00edsicamente por la mujer, lo que oblig\u00f3 a solicitar refuerzos para proceder con la implementaci\u00f3n del <b data-path-to-node=\"4\" data-index-in-node=\"379\">Protocolo de Salud Mental<\/b> vigente para estos casos.<\/p>\n<h6 data-path-to-node=\"4\"><em><strong>Del archivo:\u00a0<a href=\"https:\/\/informelitoral.com.ar\/dos-hombres-fueron-detenidos-en-ramirez-por-incumplir-medidas-de-restriccion\/\" target=\"_blank\" rel=\"noopener\">Dos hombres fueron detenidos en Ram\u00edrez por incumplir medidas de restricci\u00f3n<\/a><\/strong><\/em><\/h6>\n<p data-path-to-node=\"5\">Gracias a la aplicaci\u00f3n de t\u00e9cnicas sugeridas por el Ministerio P\u00fablico de la Defensa de Diamante, los efectivos lograron moderar la problem\u00e1tica y contener a la persona. Finalmente, <b data-path-to-node=\"5\" data-index-in-node=\"183\">con la colaboraci\u00f3n del personal de salud, se realiz\u00f3 el traslado de la joven al Hospital San Jos\u00e9<\/b> para recibir atenci\u00f3n psico-f\u00edsica integral, destac\u00e1ndose la articulaci\u00f3n interinstitucional para garantizar el abordaje adecuado de la crisis.(<em>Informe Litoral<\/em>)<\/p>\n","protected":false},"excerpt":{"rendered":"<p>Una agente result\u00f3 lesionada al intentar contener a una joven exaltada en barrio El Progreso, logrando finalmente su traslado al Hospital San Jos\u00e9 gracias al trabajo articulado entre la polic\u00eda, la defensa y el \u00e1rea de salud.<\/p>\n","protected":false},"author":8,"featured_media":242824,"comment_status":"open","ping_status":"open","sticky":false,"template":"","format":"standard","meta":{"fifu_image_url":"","fifu_image_alt":"","footnotes":""},"categories":[14],"tags":[1678,1437],"class_list":{"0":"post-249673","1":"post","2":"type-post","3":"status-publish","4":"format-standard","5":"has-post-thumbnail","7":"category-policiales","8":"tag-salud-mental","9":"tag-strobel"},"yoast_head":"<title>Polic\u00eda contuvo una crisis de salud mental en Strobel - Informe Litoral<\/title>\n<meta name=\"robots\" content=\"index, follow, max-snippet:-1, max-image-preview:large, max-video-preview:-1\" \/>\n<link rel=\"canonical\" href=\"https:\/\/informelitoral.com.ar\/policia-contuvo-una-crisis-de-salud-mental-en-strobel\/\" \/>\n<meta property=\"og:locale\" content=\"es_ES\" \/>\n<meta property=\"og:type\" content=\"article\" \/>\n<meta property=\"og:title\" content=\"Polic\u00eda contuvo una crisis de salud mental en Strobel - Informe Litoral\" \/>\n<meta property=\"og:description\" content=\"Una agente result\u00f3 lesionada al intentar contener a una joven exaltada en barrio El Progreso, logrando finalmente su traslado al Hospital San Jos\u00e9 gracias al trabajo articulado entre la polic\u00eda, la defensa y el \u00e1rea de salud.\" \/>\n<meta property=\"og:url\" content=\"https:\/\/informelitoral.com.ar\/policia-contuvo-una-crisis-de-salud-mental-en-strobel\/\" \/>\n<meta property=\"og:site_name\" content=\"Informe Litoral\" \/>\n<meta property=\"article:publisher\" content=\"https:\/\/www.facebook.com\/informelitoral\/\" \/>\n<meta property=\"article:published_time\" content=\"2026-02-11T18:40:43+00:00\" \/>\n<meta property=\"article:modified_time\" content=\"2026-02-11T18:58:02+00:00\" \/>\n<meta property=\"og:image\" content=\"https:\/\/drive.google.com\/thumbnail?id=1g4Wi4z0ZM63lRjrHsPIEgsvnwFqz9-ba&sz=w2048\" \/>\n\t<meta property=\"og:image:width\" content=\"718\" \/>\n\t<meta property=\"og:image:height\" content=\"569\" \/>\n\t<meta property=\"og:image:type\" content=\"image\/jpeg\" \/>\n<meta name=\"author\" content=\"Sebastian\" \/>\n<meta name=\"twitter:card\" content=\"summary_large_image\" \/>\n<meta name=\"twitter:creator\" content=\"@InformeLitoral\" \/>\n<meta name=\"twitter:site\" content=\"@InformeLitoral\" \/>\n<meta name=\"twitter:label1\" content=\"Escrito por\" \/>\n\t<meta name=\"twitter:data1\" content=\"Sebastian\" \/>\n\t<meta name=\"twitter:label2\" content=\"Tiempo de lectura\" \/>\n\t<meta name=\"twitter:data2\" content=\"1 minuto\" \/>\n<script type=\"application\/ld+json\" class=\"yoast-schema-graph\">{\"@context\":\"https:\\\/\\\/schema.org\",\"@graph\":[{\"@type\":\"Article\",\"@id\":\"https:\\\/\\\/informelitoral.com.ar\\\/policia-contuvo-una-crisis-de-salud-mental-en-strobel\\\/#article\",\"isPartOf\":{\"@id\":\"https:\\\/\\\/informelitoral.com.ar\\\/policia-contuvo-una-crisis-de-salud-mental-en-strobel\\\/\"},\"author\":{\"name\":\"Sebastian\",\"@id\":\"https:\\\/\\\/informelitoral.com.ar\\\/#\\\/schema\\\/person\\\/f05f9f461677119578717524b127d6d5\"},\"headline\":\"Polic\u00eda contuvo una crisis de salud mental en Strobel\",\"datePublished\":\"2026-02-11T18:40:43+00:00\",\"dateModified\":\"2026-02-11T18:58:02+00:00\",\"mainEntityOfPage\":{\"@id\":\"https:\\\/\\\/informelitoral.com.ar\\\/policia-contuvo-una-crisis-de-salud-mental-en-strobel\\\/\"},\"wordCount\":175,\"commentCount\":0,\"publisher\":{\"@id\":\"https:\\\/\\\/informelitoral.com.ar\\\/#organization\"},\"image\":{\"@id\":\"https:\\\/\\\/informelitoral.com.ar\\\/policia-contuvo-una-crisis-de-salud-mental-en-strobel\\\/#primaryimage\"},\"thumbnailUrl\":\"https:\\\/\\\/drive.google.com\\\/thumbnail?id=1g4Wi4z0ZM63lRjrHsPIEgsvnwFqz9-ba&sz=w2048\",\"keywords\":[\"Salud Mental\",\"Strobel\"],\"articleSection\":[\"Policiales\"],\"inLanguage\":\"es\",\"potentialAction\":[{\"@type\":\"CommentAction\",\"name\":\"Comment\",\"target\":[\"https:\\\/\\\/informelitoral.com.ar\\\/policia-contuvo-una-crisis-de-salud-mental-en-strobel\\\/#respond\"]}]},{\"@type\":\"WebPage\",\"@id\":\"https:\\\/\\\/informelitoral.com.ar\\\/policia-contuvo-una-crisis-de-salud-mental-en-strobel\\\/\",\"url\":\"https:\\\/\\\/informelitoral.com.ar\\\/policia-contuvo-una-crisis-de-salud-mental-en-strobel\\\/\",\"name\":\"Polic\u00eda contuvo una crisis de salud mental en Strobel - Informe Litoral\",\"isPartOf\":{\"@id\":\"https:\\\/\\\/informelitoral.com.ar\\\/#website\"},\"primaryImageOfPage\":{\"@id\":\"https:\\\/\\\/informelitoral.com.ar\\\/policia-contuvo-una-crisis-de-salud-mental-en-strobel\\\/#primaryimage\"},\"image\":{\"@id\":\"https:\\\/\\\/informelitoral.com.ar\\\/policia-contuvo-una-crisis-de-salud-mental-en-strobel\\\/#primaryimage\"},\"thumbnailUrl\":\"https:\\\/\\\/drive.google.com\\\/thumbnail?id=1g4Wi4z0ZM63lRjrHsPIEgsvnwFqz9-ba&sz=w2048\",\"datePublished\":\"2026-02-11T18:40:43+00:00\",\"dateModified\":\"2026-02-11T18:58:02+00:00\",\"breadcrumb\":{\"@id\":\"https:\\\/\\\/informelitoral.com.ar\\\/policia-contuvo-una-crisis-de-salud-mental-en-strobel\\\/#breadcrumb\"},\"inLanguage\":\"es\",\"potentialAction\":[{\"@type\":\"ReadAction\",\"target\":[\"https:\\\/\\\/informelitoral.com.ar\\\/policia-contuvo-una-crisis-de-salud-mental-en-strobel\\\/\"]}]},{\"@type\":\"ImageObject\",\"inLanguage\":\"es\",\"@id\":\"https:\\\/\\\/informelitoral.com.ar\\\/policia-contuvo-una-crisis-de-salud-mental-en-strobel\\\/#primaryimage\",\"url\":\"https:\\\/\\\/drive.google.com\\\/thumbnail?id=1g4Wi4z0ZM63lRjrHsPIEgsvnwFqz9-ba&sz=w2048\",\"contentUrl\":\"https:\\\/\\\/drive.google.com\\\/thumbnail?id=1g4Wi4z0ZM63lRjrHsPIEgsvnwFqz9-ba&sz=w2048\",\"width\":718,\"height\":569,\"caption\":\"Imagen ilustrativa\"},{\"@type\":\"BreadcrumbList\",\"@id\":\"https:\\\/\\\/informelitoral.com.ar\\\/policia-contuvo-una-crisis-de-salud-mental-en-strobel\\\/#breadcrumb\",\"itemListElement\":[{\"@type\":\"ListItem\",\"position\":1,\"name\":\"Portada\",\"item\":\"https:\\\/\\\/informelitoral.com.ar\\\/\"},{\"@type\":\"ListItem\",\"position\":2,\"name\":\"Polic\u00eda contuvo una crisis de salud mental en Strobel\"}]},{\"@type\":\"WebSite\",\"@id\":\"https:\\\/\\\/informelitoral.com.ar\\\/#website\",\"url\":\"https:\\\/\\\/informelitoral.com.ar\\\/\",\"name\":\"Informe Litoral\",\"description\":\"&quot;Nos informamos&quot; \",\"publisher\":{\"@id\":\"https:\\\/\\\/informelitoral.com.ar\\\/#organization\"},\"potentialAction\":[{\"@type\":\"SearchAction\",\"target\":{\"@type\":\"EntryPoint\",\"urlTemplate\":\"https:\\\/\\\/informelitoral.com.ar\\\/?s={search_term_string}\"},\"query-input\":{\"@type\":\"PropertyValueSpecification\",\"valueRequired\":true,\"valueName\":\"search_term_string\"}}],\"inLanguage\":\"es\"},{\"@type\":\"Organization\",\"@id\":\"https:\\\/\\\/informelitoral.com.ar\\\/#organization\",\"name\":\"Informe Litoral\",\"url\":\"https:\\\/\\\/informelitoral.com.ar\\\/\",\"logo\":{\"@type\":\"ImageObject\",\"inLanguage\":\"es\",\"@id\":\"https:\\\/\\\/informelitoral.com.ar\\\/#\\\/schema\\\/logo\\\/image\\\/\",\"url\":\"https:\\\/\\\/informelitoral.com.ar\\\/%77%70%2d%63%6f%6e%74%65%6e%74\\\/uploads\\\/2021\\\/01\\\/circulo.png\",\"contentUrl\":\"https:\\\/\\\/informelitoral.com.ar\\\/%77%70%2d%63%6f%6e%74%65%6e%74\\\/uploads\\\/2021\\\/01\\\/circulo.png\",\"width\":723,\"height\":731,\"caption\":\"Informe Litoral\"},\"image\":{\"@id\":\"https:\\\/\\\/informelitoral.com.ar\\\/#\\\/schema\\\/logo\\\/image\\\/\"},\"sameAs\":[\"https:\\\/\\\/www.facebook.com\\\/informelitoral\\\/\",\"https:\\\/\\\/x.com\\\/InformeLitoral\",\"https:\\\/\\\/www.instagram.com\\\/informelitoral\\\/\",\"https:\\\/\\\/www.youtube.com\\\/channel\\\/UCua4Qvz8Icb6MYqhoq9xLXw\"]},{\"@type\":\"Person\",\"@id\":\"https:\\\/\\\/informelitoral.com.ar\\\/#\\\/schema\\\/person\\\/f05f9f461677119578717524b127d6d5\",\"name\":\"Sebastian\",\"image\":{\"@type\":\"ImageObject\",\"inLanguage\":\"es\",\"@id\":\"https:\\\/\\\/secure.gravatar.com\\\/avatar\\\/b71bf7481d447dfb9583c7f2798e7cc64de6efb9067b74633ed8c31059a3bd82?s=96&d=mm&r=g\",\"url\":\"https:\\\/\\\/secure.gravatar.com\\\/avatar\\\/b71bf7481d447dfb9583c7f2798e7cc64de6efb9067b74633ed8c31059a3bd82?s=96&d=mm&r=g\",\"contentUrl\":\"https:\\\/\\\/secure.gravatar.com\\\/avatar\\\/b71bf7481d447dfb9583c7f2798e7cc64de6efb9067b74633ed8c31059a3bd82?s=96&d=mm&r=g\",\"caption\":\"Sebastian\"},\"url\":\"https:\\\/\\\/informelitoral.com.ar\\\/author\\\/sebastian\\\/\"}]}<\/script>","yoast_head_json":{"title":"Polic\u00eda contuvo una crisis de salud mental en Strobel - Informe Litoral","robots":{"index":"index","follow":"follow","max-snippet":"max-snippet:-1","max-image-preview":"max-image-preview:large","max-video-preview":"max-video-preview:-1"},"canonical":"https:\/\/informelitoral.com.ar\/policia-contuvo-una-crisis-de-salud-mental-en-strobel\/","og_locale":"es_ES","og_type":"article","og_title":"Polic\u00eda contuvo una crisis de salud mental en Strobel - Informe Litoral","og_description":"Una agente result\u00f3 lesionada al intentar contener a una joven exaltada en barrio El Progreso, logrando finalmente su traslado al Hospital San Jos\u00e9 gracias al trabajo articulado entre la polic\u00eda, la defensa y el \u00e1rea de salud.","og_url":"https:\/\/informelitoral.com.ar\/policia-contuvo-una-crisis-de-salud-mental-en-strobel\/","og_site_name":"Informe Litoral","article_publisher":"https:\/\/www.facebook.com\/informelitoral\/","article_published_time":"2026-02-11T18:40:43+00:00","article_modified_time":"2026-02-11T18:58:02+00:00","og_image":[{"width":718,"height":569,"url":"https:\/\/drive.google.com\/thumbnail?id=1g4Wi4z0ZM63lRjrHsPIEgsvnwFqz9-ba&sz=w2048","type":"image\/jpeg"}],"author":"Sebastian","twitter_card":"summary_large_image","twitter_creator":"@InformeLitoral","twitter_site":"@InformeLitoral","twitter_misc":{"Escrito por":"Sebastian","Tiempo de lectura":"1 minuto"},"schema":{"@context":"https:\/\/schema.org","@graph":[{"@type":"Article","@id":"https:\/\/informelitoral.com.ar\/policia-contuvo-una-crisis-de-salud-mental-en-strobel\/#article","isPartOf":{"@id":"https:\/\/informelitoral.com.ar\/policia-contuvo-una-crisis-de-salud-mental-en-strobel\/"},"author":{"name":"Sebastian","@id":"https:\/\/informelitoral.com.ar\/#\/schema\/person\/f05f9f461677119578717524b127d6d5"},"headline":"Polic\u00eda contuvo una crisis de salud mental en Strobel","datePublished":"2026-02-11T18:40:43+00:00","dateModified":"2026-02-11T18:58:02+00:00","mainEntityOfPage":{"@id":"https:\/\/informelitoral.com.ar\/policia-contuvo-una-crisis-de-salud-mental-en-strobel\/"},"wordCount":175,"commentCount":0,"publisher":{"@id":"https:\/\/informelitoral.com.ar\/#organization"},"image":{"@id":"https:\/\/informelitoral.com.ar\/policia-contuvo-una-crisis-de-salud-mental-en-strobel\/#primaryimage"},"thumbnailUrl":"https:\/\/drive.google.com\/thumbnail?id=1g4Wi4z0ZM63lRjrHsPIEgsvnwFqz9-ba&sz=w2048","keywords":["Salud Mental","Strobel"],"articleSection":["Policiales"],"inLanguage":"es","potentialAction":[{"@type":"CommentAction","name":"Comment","target":["https:\/\/informelitoral.com.ar\/policia-contuvo-una-crisis-de-salud-mental-en-strobel\/#respond"]}]},{"@type":"WebPage","@id":"https:\/\/informelitoral.com.ar\/policia-contuvo-una-crisis-de-salud-mental-en-strobel\/","url":"https:\/\/informelitoral.com.ar\/policia-contuvo-una-crisis-de-salud-mental-en-strobel\/","name":"Polic\u00eda contuvo una crisis de salud mental en Strobel - Informe Litoral","isPartOf":{"@id":"https:\/\/informelitoral.com.ar\/#website"},"primaryImageOfPage":{"@id":"https:\/\/informelitoral.com.ar\/policia-contuvo-una-crisis-de-salud-mental-en-strobel\/#primaryimage"},"image":{"@id":"https:\/\/informelitoral.com.ar\/policia-contuvo-una-crisis-de-salud-mental-en-strobel\/#primaryimage"},"thumbnailUrl":"https:\/\/drive.google.com\/thumbnail?id=1g4Wi4z0ZM63lRjrHsPIEgsvnwFqz9-ba&sz=w2048","datePublished":"2026-02-11T18:40:43+00:00","dateModified":"2026-02-11T18:58:02+00:00","breadcrumb":{"@id":"https:\/\/informelitoral.com.ar\/policia-contuvo-una-crisis-de-salud-mental-en-strobel\/#breadcrumb"},"inLanguage":"es","potentialAction":[{"@type":"ReadAction","target":["https:\/\/informelitoral.com.ar\/policia-contuvo-una-crisis-de-salud-mental-en-strobel\/"]}]},{"@type":"ImageObject","inLanguage":"es","@id":"https:\/\/informelitoral.com.ar\/policia-contuvo-una-crisis-de-salud-mental-en-strobel\/#primaryimage","url":"https:\/\/drive.google.com\/thumbnail?id=1g4Wi4z0ZM63lRjrHsPIEgsvnwFqz9-ba&sz=w2048","contentUrl":"https:\/\/drive.google.com\/thumbnail?id=1g4Wi4z0ZM63lRjrHsPIEgsvnwFqz9-ba&sz=w2048","width":718,"height":569,"caption":"Imagen ilustrativa"},{"@type":"BreadcrumbList","@id":"https:\/\/informelitoral.com.ar\/policia-contuvo-una-crisis-de-salud-mental-en-strobel\/#breadcrumb","itemListElement":[{"@type":"ListItem","position":1,"name":"Portada","item":"https:\/\/informelitoral.com.ar\/"},{"@type":"ListItem","position":2,"name":"Polic\u00eda contuvo una crisis de salud mental en Strobel"}]},{"@type":"WebSite","@id":"https:\/\/informelitoral.com.ar\/#website","url":"https:\/\/informelitoral.com.ar\/","name":"Informe Litoral","description":"&quot;Nos informamos&quot; ","publisher":{"@id":"https:\/\/informelitoral.com.ar\/#organization"},"potentialAction":[{"@type":"SearchAction","target":{"@type":"EntryPoint","urlTemplate":"https:\/\/informelitoral.com.ar\/?s={search_term_string}"},"query-input":{"@type":"PropertyValueSpecification","valueRequired":true,"valueName":"search_term_string"}}],"inLanguage":"es"},{"@type":"Organization","@id":"https:\/\/informelitoral.com.ar\/#organization","name":"Informe Litoral","url":"https:\/\/informelitoral.com.ar\/","logo":{"@type":"ImageObject","inLanguage":"es","@id":"https:\/\/informelitoral.com.ar\/#\/schema\/logo\/image\/","url":"https:\/\/informelitoral.com.ar\/%77%70%2d%63%6f%6e%74%65%6e%74\/uploads\/2021\/01\/circulo.png","contentUrl":"https:\/\/informelitoral.com.ar\/%77%70%2d%63%6f%6e%74%65%6e%74\/uploads\/2021\/01\/circulo.png","width":723,"height":731,"caption":"Informe Litoral"},"image":{"@id":"https:\/\/informelitoral.com.ar\/#\/schema\/logo\/image\/"},"sameAs":["https:\/\/www.facebook.com\/informelitoral\/","https:\/\/x.com\/InformeLitoral","https:\/\/www.instagram.com\/informelitoral\/","https:\/\/www.youtube.com\/channel\/UCua4Qvz8Icb6MYqhoq9xLXw"]},{"@type":"Person","@id":"https:\/\/informelitoral.com.ar\/#\/schema\/person\/f05f9f461677119578717524b127d6d5","name":"Sebastian","image":{"@type":"ImageObject","inLanguage":"es","@id":"https:\/\/secure.gravatar.com\/avatar\/b71bf7481d447dfb9583c7f2798e7cc64de6efb9067b74633ed8c31059a3bd82?s=96&d=mm&r=g","url":"https:\/\/secure.gravatar.com\/avatar\/b71bf7481d447dfb9583c7f2798e7cc64de6efb9067b74633ed8c31059a3bd82?s=96&d=mm&r=g","contentUrl":"https:\/\/secure.gravatar.com\/avatar\/b71bf7481d447dfb9583c7f2798e7cc64de6efb9067b74633ed8c31059a3bd82?s=96&d=mm&r=g","caption":"Sebastian"},"url":"https:\/\/informelitoral.com.ar\/author\/sebastian\/"}]}},"_links":{"self":[{"href":"https:\/\/informelitoral.com.ar\/%77%70%2d%6a%73%6f%6e\/wp\/v2\/posts\/249673","targetHints":{"allow":["GET"]}}],"collection":[{"href":"https:\/\/informelitoral.com.ar\/%77%70%2d%6a%73%6f%6e\/wp\/v2\/posts"}],"about":[{"href":"https:\/\/informelitoral.com.ar\/%77%70%2d%6a%73%6f%6e\/wp\/v2\/types\/post"}],"author":[{"embeddable":true,"href":"https:\/\/informelitoral.com.ar\/%77%70%2d%6a%73%6f%6e\/wp\/v2\/users\/8"}],"replies":[{"embeddable":true,"href":"https:\/\/informelitoral.com.ar\/%77%70%2d%6a%73%6f%6e\/wp\/v2\/comments?post=249673"}],"version-history":[{"count":3,"href":"https:\/\/informelitoral.com.ar\/%77%70%2d%6a%73%6f%6e\/wp\/v2\/posts\/249673\/revisions"}],"predecessor-version":[{"id":249677,"href":"https:\/\/informelitoral.com.ar\/%77%70%2d%6a%73%6f%6e\/wp\/v2\/posts\/249673\/revisions\/249677"}],"wp:featuredmedia":[{"embeddable":true,"href":"https:\/\/informelitoral.com.ar\/%77%70%2d%6a%73%6f%6e\/wp\/v2\/media\/242824"}],"wp:attachment":[{"href":"https:\/\/informelitoral.com.ar\/%77%70%2d%6a%73%6f%6e\/wp\/v2\/media?parent=249673"}],"wp:term":[{"taxonomy":"category","embeddable":true,"href":"https:\/\/informelitoral.com.ar\/%77%70%2d%6a%73%6f%6e\/wp\/v2\/categories?post=249673"},{"taxonomy":"post_tag","embeddable":true,"href":"https:\/\/informelitoral.com.ar\/%77%70%2d%6a%73%6f%6e\/wp\/v2\/tags?post=249673"}],"curies":[{"name":"wp","href":"https:\/\/api.w.org\/{rel}","templated":true}]}}