{"id":249608,"date":"2026-02-11T11:32:26","date_gmt":"2026-02-11T14:32:26","guid":{"rendered":"https:\/\/informelitoral.com.ar\/?p=249608"},"modified":"2026-02-11T11:41:13","modified_gmt":"2026-02-11T14:41:13","slug":"detuvieron-a-un-joven-tras-intentar-robar-y-lesionar-a-un-policia-en-crespo","status":"publish","type":"post","link":"https:\/\/informelitoral.com.ar\/detuvieron-a-un-joven-tras-intentar-robar-y-lesionar-a-un-policia-en-crespo\/","title":{"rendered":"Detuvieron a un joven tras intentar robar y lesionar a un polic\u00eda en Crespo"},"content":{"rendered":"<p data-path-to-node=\"2\">Un intenso operativo policial llevado a cabo durante la madrugada de este mi\u00e9rcoles en la ciudad de Crespo finaliz\u00f3 con la <b data-path-to-node=\"2\" data-index-in-node=\"123\">detenci\u00f3n de un joven de 26 a\u00f1os<\/b>, oriundo de la localidad, acusado de <b data-path-to-node=\"2\" data-index-in-node=\"193\">Tentativa de Robo y Resistencia a la Autoridad<\/b>. El hecho comenz\u00f3 pasadas las 2:00, cuando un vecino del Barrio La Paz alert\u00f3 a la dependencia policial sobre la presencia de un desconocido intentando abrir un veh\u00edculo e ingresar a una vivienda con fines delictivos.<\/p>\n<p data-path-to-node=\"2\"><a href=\"https:\/\/drive.google.com\/thumbnail?id=1jrHhbrnS-RzIvMeugIbakHFv7nw7k8ub&amp;sz=w2048\"><img loading=\"lazy\" decoding=\"async\" class=\"alignnone wp-image-249612 size-large\" src=\"https:\/\/drive.google.com\/thumbnail?id=1jrHhbrnS-RzIvMeugIbakHFv7nw7k8ub&amp;sz=w2048-h2048\" alt=\"\" width=\"1024\" height=\"1024\" \/><\/a><\/p>\n<p data-path-to-node=\"3\">Gracias a la <b data-path-to-node=\"3\" data-index-in-node=\"13\">r\u00e1pida provisi\u00f3n de registros f\u00edlmicos<\/b> por parte del damnificado, el personal policial obtuvo caracter\u00edsticas precisas del sospechoso. Tras una b\u00fasqueda inicial infructuosa, un rastrillaje exhaustivo por la ciudad permiti\u00f3 localizar al sujeto tiempo despu\u00e9s en la intersecci\u00f3n de las calles Rocamora y Stronatti, en el Barrio Del Rosario. Al notar la proximidad del m\u00f3vil, el individuo <b data-path-to-node=\"3\" data-index-in-node=\"399\">intent\u00f3 darse a la fuga<\/b>, siendo alcanzado por el Segundo Jefe de Comisar\u00eda Crespo.<\/p>\n<h6 data-path-to-node=\"3\"><strong><em>Del archivo:<a href=\"https:\/\/informelitoral.com.ar\/parana-fue-detenido-tras-ser-sorprendido-por-una-vecina-mientras-robaba-desde-un-techo\/\" target=\"_blank\" rel=\"noopener\">Ins\u00f3lito intento de robo: trep\u00f3 a los techos para llevarse una maceta<\/a><\/em><\/strong><\/h6>\n<p data-path-to-node=\"4\">En el momento de la demora, el delincuente se trenz\u00f3 en lucha con el oficial, <b data-path-to-node=\"4\" data-index-in-node=\"78\">provoc\u00e1ndole lesiones en su pierna y brazo izquierdo<\/b>, por las cuales debi\u00f3 recibir curaciones. Finalmente, la agresividad fue neutralizada y el sujeto fue reducido. Por disposici\u00f3n de la Fiscal de Investigaci\u00f3n y Litigaci\u00f3n en turno, Dra. Carolina Guzm\u00e1n, el aprehendido fue trasladado a la Alcaid\u00eda de Tribunales de Paran\u00e1, previo paso por la Oficina de Antecedentes y el M\u00e9dico Policial, donde permanece alojado supeditado a la causa.(<em>Informe Litoral<\/em>)<\/p>\n","protected":false},"excerpt":{"rendered":"<p>El sospechoso fue interceptado en Barrio Del Rosario luego de intentar abrir un veh\u00edculo e ingresar a una vivienda; durante el arresto, el Segundo Jefe de la comisar\u00eda local sufri\u00f3 heridas.<\/p>\n","protected":false},"author":8,"featured_media":249609,"comment_status":"open","ping_status":"open","sticky":false,"template":"","format":"standard","meta":{"fifu_image_url":"","fifu_image_alt":"","footnotes":""},"categories":[14],"tags":[208,307,3463],"class_list":{"0":"post-249608","1":"post","2":"type-post","3":"status-publish","4":"format-standard","5":"has-post-thumbnail","7":"category-policiales","8":"tag-crespo","9":"tag-detenido","10":"tag-intento-de-robo"},"yoast_head":"<title>Detuvieron a un joven tras intentar robar y lesionar a un polic\u00eda en Crespo - Informe Litoral<\/title>\n<meta name=\"robots\" content=\"index, follow, max-snippet:-1, max-image-preview:large, max-video-preview:-1\" \/>\n<link rel=\"canonical\" href=\"https:\/\/informelitoral.com.ar\/detuvieron-a-un-joven-tras-intentar-robar-y-lesionar-a-un-policia-en-crespo\/\" \/>\n<meta property=\"og:locale\" content=\"es_ES\" \/>\n<meta property=\"og:type\" content=\"article\" \/>\n<meta property=\"og:title\" content=\"Detuvieron a un joven tras intentar robar y lesionar a un polic\u00eda en Crespo - Informe Litoral\" \/>\n<meta property=\"og:description\" content=\"El sospechoso fue interceptado en Barrio Del Rosario luego de intentar abrir un veh\u00edculo e ingresar a una vivienda; durante el arresto, el Segundo Jefe de la comisar\u00eda local sufri\u00f3 heridas.\" \/>\n<meta property=\"og:url\" content=\"https:\/\/informelitoral.com.ar\/detuvieron-a-un-joven-tras-intentar-robar-y-lesionar-a-un-policia-en-crespo\/\" \/>\n<meta property=\"og:site_name\" content=\"Informe Litoral\" \/>\n<meta property=\"article:publisher\" content=\"https:\/\/www.facebook.com\/informelitoral\/\" \/>\n<meta property=\"article:published_time\" content=\"2026-02-11T14:32:26+00:00\" \/>\n<meta property=\"article:modified_time\" content=\"2026-02-11T14:41:13+00:00\" \/>\n<meta property=\"og:image\" content=\"https:\/\/drive.google.com\/thumbnail?id=12miK8xBVzmo5DdZm49IRyz-Xee0SWSXj&sz=w2048\" \/>\n\t<meta property=\"og:image:width\" content=\"940\" \/>\n\t<meta property=\"og:image:height\" content=\"788\" \/>\n\t<meta property=\"og:image:type\" content=\"image\/png\" \/>\n<meta name=\"author\" content=\"Sebastian\" \/>\n<meta name=\"twitter:card\" content=\"summary_large_image\" \/>\n<meta name=\"twitter:creator\" content=\"@InformeLitoral\" \/>\n<meta name=\"twitter:site\" content=\"@InformeLitoral\" \/>\n<meta name=\"twitter:label1\" content=\"Escrito por\" \/>\n\t<meta name=\"twitter:data1\" content=\"Sebastian\" \/>\n\t<meta name=\"twitter:label2\" content=\"Tiempo de lectura\" \/>\n\t<meta name=\"twitter:data2\" content=\"2 minutos\" \/>\n<script type=\"application\/ld+json\" class=\"yoast-schema-graph\">{\"@context\":\"https:\\\/\\\/schema.org\",\"@graph\":[{\"@type\":\"Article\",\"@id\":\"https:\\\/\\\/informelitoral.com.ar\\\/detuvieron-a-un-joven-tras-intentar-robar-y-lesionar-a-un-policia-en-crespo\\\/#article\",\"isPartOf\":{\"@id\":\"https:\\\/\\\/informelitoral.com.ar\\\/detuvieron-a-un-joven-tras-intentar-robar-y-lesionar-a-un-policia-en-crespo\\\/\"},\"author\":{\"name\":\"Sebastian\",\"@id\":\"https:\\\/\\\/informelitoral.com.ar\\\/#\\\/schema\\\/person\\\/f05f9f461677119578717524b127d6d5\"},\"headline\":\"Detuvieron a un joven tras intentar robar y lesionar a un polic\u00eda en Crespo\",\"datePublished\":\"2026-02-11T14:32:26+00:00\",\"dateModified\":\"2026-02-11T14:41:13+00:00\",\"mainEntityOfPage\":{\"@id\":\"https:\\\/\\\/informelitoral.com.ar\\\/detuvieron-a-un-joven-tras-intentar-robar-y-lesionar-a-un-policia-en-crespo\\\/\"},\"wordCount\":283,\"commentCount\":0,\"publisher\":{\"@id\":\"https:\\\/\\\/informelitoral.com.ar\\\/#organization\"},\"image\":{\"@id\":\"https:\\\/\\\/informelitoral.com.ar\\\/detuvieron-a-un-joven-tras-intentar-robar-y-lesionar-a-un-policia-en-crespo\\\/#primaryimage\"},\"thumbnailUrl\":\"https:\\\/\\\/drive.google.com\\\/thumbnail?id=12miK8xBVzmo5DdZm49IRyz-Xee0SWSXj&sz=w2048\",\"keywords\":[\"Crespo\",\"Detenido\",\"Intento de robo\"],\"articleSection\":[\"Policiales\"],\"inLanguage\":\"es\",\"potentialAction\":[{\"@type\":\"CommentAction\",\"name\":\"Comment\",\"target\":[\"https:\\\/\\\/informelitoral.com.ar\\\/detuvieron-a-un-joven-tras-intentar-robar-y-lesionar-a-un-policia-en-crespo\\\/#respond\"]}]},{\"@type\":\"WebPage\",\"@id\":\"https:\\\/\\\/informelitoral.com.ar\\\/detuvieron-a-un-joven-tras-intentar-robar-y-lesionar-a-un-policia-en-crespo\\\/\",\"url\":\"https:\\\/\\\/informelitoral.com.ar\\\/detuvieron-a-un-joven-tras-intentar-robar-y-lesionar-a-un-policia-en-crespo\\\/\",\"name\":\"Detuvieron a un joven tras intentar robar y lesionar a un polic\u00eda en Crespo - Informe Litoral\",\"isPartOf\":{\"@id\":\"https:\\\/\\\/informelitoral.com.ar\\\/#website\"},\"primaryImageOfPage\":{\"@id\":\"https:\\\/\\\/informelitoral.com.ar\\\/detuvieron-a-un-joven-tras-intentar-robar-y-lesionar-a-un-policia-en-crespo\\\/#primaryimage\"},\"image\":{\"@id\":\"https:\\\/\\\/informelitoral.com.ar\\\/detuvieron-a-un-joven-tras-intentar-robar-y-lesionar-a-un-policia-en-crespo\\\/#primaryimage\"},\"thumbnailUrl\":\"https:\\\/\\\/drive.google.com\\\/thumbnail?id=12miK8xBVzmo5DdZm49IRyz-Xee0SWSXj&sz=w2048\",\"datePublished\":\"2026-02-11T14:32:26+00:00\",\"dateModified\":\"2026-02-11T14:41:13+00:00\",\"breadcrumb\":{\"@id\":\"https:\\\/\\\/informelitoral.com.ar\\\/detuvieron-a-un-joven-tras-intentar-robar-y-lesionar-a-un-policia-en-crespo\\\/#breadcrumb\"},\"inLanguage\":\"es\",\"potentialAction\":[{\"@type\":\"ReadAction\",\"target\":[\"https:\\\/\\\/informelitoral.com.ar\\\/detuvieron-a-un-joven-tras-intentar-robar-y-lesionar-a-un-policia-en-crespo\\\/\"]}]},{\"@type\":\"ImageObject\",\"inLanguage\":\"es\",\"@id\":\"https:\\\/\\\/informelitoral.com.ar\\\/detuvieron-a-un-joven-tras-intentar-robar-y-lesionar-a-un-policia-en-crespo\\\/#primaryimage\",\"url\":\"https:\\\/\\\/drive.google.com\\\/thumbnail?id=12miK8xBVzmo5DdZm49IRyz-Xee0SWSXj&sz=w2048\",\"contentUrl\":\"https:\\\/\\\/drive.google.com\\\/thumbnail?id=12miK8xBVzmo5DdZm49IRyz-Xee0SWSXj&sz=w2048\",\"width\":940,\"height\":788},{\"@type\":\"BreadcrumbList\",\"@id\":\"https:\\\/\\\/informelitoral.com.ar\\\/detuvieron-a-un-joven-tras-intentar-robar-y-lesionar-a-un-policia-en-crespo\\\/#breadcrumb\",\"itemListElement\":[{\"@type\":\"ListItem\",\"position\":1,\"name\":\"Portada\",\"item\":\"https:\\\/\\\/informelitoral.com.ar\\\/\"},{\"@type\":\"ListItem\",\"position\":2,\"name\":\"Detuvieron a un joven tras intentar robar y lesionar a un polic\u00eda en Crespo\"}]},{\"@type\":\"WebSite\",\"@id\":\"https:\\\/\\\/informelitoral.com.ar\\\/#website\",\"url\":\"https:\\\/\\\/informelitoral.com.ar\\\/\",\"name\":\"Informe Litoral\",\"description\":\"&quot;Nos informamos&quot; \",\"publisher\":{\"@id\":\"https:\\\/\\\/informelitoral.com.ar\\\/#organization\"},\"potentialAction\":[{\"@type\":\"SearchAction\",\"target\":{\"@type\":\"EntryPoint\",\"urlTemplate\":\"https:\\\/\\\/informelitoral.com.ar\\\/?s={search_term_string}\"},\"query-input\":{\"@type\":\"PropertyValueSpecification\",\"valueRequired\":true,\"valueName\":\"search_term_string\"}}],\"inLanguage\":\"es\"},{\"@type\":\"Organization\",\"@id\":\"https:\\\/\\\/informelitoral.com.ar\\\/#organization\",\"name\":\"Informe Litoral\",\"url\":\"https:\\\/\\\/informelitoral.com.ar\\\/\",\"logo\":{\"@type\":\"ImageObject\",\"inLanguage\":\"es\",\"@id\":\"https:\\\/\\\/informelitoral.com.ar\\\/#\\\/schema\\\/logo\\\/image\\\/\",\"url\":\"https:\\\/\\\/informelitoral.com.ar\\\/%77%70%2d%63%6f%6e%74%65%6e%74\\\/uploads\\\/2021\\\/01\\\/circulo.png\",\"contentUrl\":\"https:\\\/\\\/informelitoral.com.ar\\\/%77%70%2d%63%6f%6e%74%65%6e%74\\\/uploads\\\/2021\\\/01\\\/circulo.png\",\"width\":723,\"height\":731,\"caption\":\"Informe Litoral\"},\"image\":{\"@id\":\"https:\\\/\\\/informelitoral.com.ar\\\/#\\\/schema\\\/logo\\\/image\\\/\"},\"sameAs\":[\"https:\\\/\\\/www.facebook.com\\\/informelitoral\\\/\",\"https:\\\/\\\/x.com\\\/InformeLitoral\",\"https:\\\/\\\/www.instagram.com\\\/informelitoral\\\/\",\"https:\\\/\\\/www.youtube.com\\\/channel\\\/UCua4Qvz8Icb6MYqhoq9xLXw\"]},{\"@type\":\"Person\",\"@id\":\"https:\\\/\\\/informelitoral.com.ar\\\/#\\\/schema\\\/person\\\/f05f9f461677119578717524b127d6d5\",\"name\":\"Sebastian\",\"image\":{\"@type\":\"ImageObject\",\"inLanguage\":\"es\",\"@id\":\"https:\\\/\\\/secure.gravatar.com\\\/avatar\\\/b71bf7481d447dfb9583c7f2798e7cc64de6efb9067b74633ed8c31059a3bd82?s=96&d=mm&r=g\",\"url\":\"https:\\\/\\\/secure.gravatar.com\\\/avatar\\\/b71bf7481d447dfb9583c7f2798e7cc64de6efb9067b74633ed8c31059a3bd82?s=96&d=mm&r=g\",\"contentUrl\":\"https:\\\/\\\/secure.gravatar.com\\\/avatar\\\/b71bf7481d447dfb9583c7f2798e7cc64de6efb9067b74633ed8c31059a3bd82?s=96&d=mm&r=g\",\"caption\":\"Sebastian\"},\"url\":\"https:\\\/\\\/informelitoral.com.ar\\\/author\\\/sebastian\\\/\"}]}<\/script>","yoast_head_json":{"title":"Detuvieron a un joven tras intentar robar y lesionar a un polic\u00eda en Crespo - Informe Litoral","robots":{"index":"index","follow":"follow","max-snippet":"max-snippet:-1","max-image-preview":"max-image-preview:large","max-video-preview":"max-video-preview:-1"},"canonical":"https:\/\/informelitoral.com.ar\/detuvieron-a-un-joven-tras-intentar-robar-y-lesionar-a-un-policia-en-crespo\/","og_locale":"es_ES","og_type":"article","og_title":"Detuvieron a un joven tras intentar robar y lesionar a un polic\u00eda en Crespo - Informe Litoral","og_description":"El sospechoso fue interceptado en Barrio Del Rosario luego de intentar abrir un veh\u00edculo e ingresar a una vivienda; durante el arresto, el Segundo Jefe de la comisar\u00eda local sufri\u00f3 heridas.","og_url":"https:\/\/informelitoral.com.ar\/detuvieron-a-un-joven-tras-intentar-robar-y-lesionar-a-un-policia-en-crespo\/","og_site_name":"Informe Litoral","article_publisher":"https:\/\/www.facebook.com\/informelitoral\/","article_published_time":"2026-02-11T14:32:26+00:00","article_modified_time":"2026-02-11T14:41:13+00:00","og_image":[{"width":940,"height":788,"url":"https:\/\/drive.google.com\/thumbnail?id=12miK8xBVzmo5DdZm49IRyz-Xee0SWSXj&sz=w2048","type":"image\/png"}],"author":"Sebastian","twitter_card":"summary_large_image","twitter_creator":"@InformeLitoral","twitter_site":"@InformeLitoral","twitter_misc":{"Escrito por":"Sebastian","Tiempo de lectura":"2 minutos"},"schema":{"@context":"https:\/\/schema.org","@graph":[{"@type":"Article","@id":"https:\/\/informelitoral.com.ar\/detuvieron-a-un-joven-tras-intentar-robar-y-lesionar-a-un-policia-en-crespo\/#article","isPartOf":{"@id":"https:\/\/informelitoral.com.ar\/detuvieron-a-un-joven-tras-intentar-robar-y-lesionar-a-un-policia-en-crespo\/"},"author":{"name":"Sebastian","@id":"https:\/\/informelitoral.com.ar\/#\/schema\/person\/f05f9f461677119578717524b127d6d5"},"headline":"Detuvieron a un joven tras intentar robar y lesionar a un polic\u00eda en Crespo","datePublished":"2026-02-11T14:32:26+00:00","dateModified":"2026-02-11T14:41:13+00:00","mainEntityOfPage":{"@id":"https:\/\/informelitoral.com.ar\/detuvieron-a-un-joven-tras-intentar-robar-y-lesionar-a-un-policia-en-crespo\/"},"wordCount":283,"commentCount":0,"publisher":{"@id":"https:\/\/informelitoral.com.ar\/#organization"},"image":{"@id":"https:\/\/informelitoral.com.ar\/detuvieron-a-un-joven-tras-intentar-robar-y-lesionar-a-un-policia-en-crespo\/#primaryimage"},"thumbnailUrl":"https:\/\/drive.google.com\/thumbnail?id=12miK8xBVzmo5DdZm49IRyz-Xee0SWSXj&sz=w2048","keywords":["Crespo","Detenido","Intento de robo"],"articleSection":["Policiales"],"inLanguage":"es","potentialAction":[{"@type":"CommentAction","name":"Comment","target":["https:\/\/informelitoral.com.ar\/detuvieron-a-un-joven-tras-intentar-robar-y-lesionar-a-un-policia-en-crespo\/#respond"]}]},{"@type":"WebPage","@id":"https:\/\/informelitoral.com.ar\/detuvieron-a-un-joven-tras-intentar-robar-y-lesionar-a-un-policia-en-crespo\/","url":"https:\/\/informelitoral.com.ar\/detuvieron-a-un-joven-tras-intentar-robar-y-lesionar-a-un-policia-en-crespo\/","name":"Detuvieron a un joven tras intentar robar y lesionar a un polic\u00eda en Crespo - Informe Litoral","isPartOf":{"@id":"https:\/\/informelitoral.com.ar\/#website"},"primaryImageOfPage":{"@id":"https:\/\/informelitoral.com.ar\/detuvieron-a-un-joven-tras-intentar-robar-y-lesionar-a-un-policia-en-crespo\/#primaryimage"},"image":{"@id":"https:\/\/informelitoral.com.ar\/detuvieron-a-un-joven-tras-intentar-robar-y-lesionar-a-un-policia-en-crespo\/#primaryimage"},"thumbnailUrl":"https:\/\/drive.google.com\/thumbnail?id=12miK8xBVzmo5DdZm49IRyz-Xee0SWSXj&sz=w2048","datePublished":"2026-02-11T14:32:26+00:00","dateModified":"2026-02-11T14:41:13+00:00","breadcrumb":{"@id":"https:\/\/informelitoral.com.ar\/detuvieron-a-un-joven-tras-intentar-robar-y-lesionar-a-un-policia-en-crespo\/#breadcrumb"},"inLanguage":"es","potentialAction":[{"@type":"ReadAction","target":["https:\/\/informelitoral.com.ar\/detuvieron-a-un-joven-tras-intentar-robar-y-lesionar-a-un-policia-en-crespo\/"]}]},{"@type":"ImageObject","inLanguage":"es","@id":"https:\/\/informelitoral.com.ar\/detuvieron-a-un-joven-tras-intentar-robar-y-lesionar-a-un-policia-en-crespo\/#primaryimage","url":"https:\/\/drive.google.com\/thumbnail?id=12miK8xBVzmo5DdZm49IRyz-Xee0SWSXj&sz=w2048","contentUrl":"https:\/\/drive.google.com\/thumbnail?id=12miK8xBVzmo5DdZm49IRyz-Xee0SWSXj&sz=w2048","width":940,"height":788},{"@type":"BreadcrumbList","@id":"https:\/\/informelitoral.com.ar\/detuvieron-a-un-joven-tras-intentar-robar-y-lesionar-a-un-policia-en-crespo\/#breadcrumb","itemListElement":[{"@type":"ListItem","position":1,"name":"Portada","item":"https:\/\/informelitoral.com.ar\/"},{"@type":"ListItem","position":2,"name":"Detuvieron a un joven tras intentar robar y lesionar a un polic\u00eda en Crespo"}]},{"@type":"WebSite","@id":"https:\/\/informelitoral.com.ar\/#website","url":"https:\/\/informelitoral.com.ar\/","name":"Informe Litoral","description":"&quot;Nos informamos&quot; ","publisher":{"@id":"https:\/\/informelitoral.com.ar\/#organization"},"potentialAction":[{"@type":"SearchAction","target":{"@type":"EntryPoint","urlTemplate":"https:\/\/informelitoral.com.ar\/?s={search_term_string}"},"query-input":{"@type":"PropertyValueSpecification","valueRequired":true,"valueName":"search_term_string"}}],"inLanguage":"es"},{"@type":"Organization","@id":"https:\/\/informelitoral.com.ar\/#organization","name":"Informe Litoral","url":"https:\/\/informelitoral.com.ar\/","logo":{"@type":"ImageObject","inLanguage":"es","@id":"https:\/\/informelitoral.com.ar\/#\/schema\/logo\/image\/","url":"https:\/\/informelitoral.com.ar\/%77%70%2d%63%6f%6e%74%65%6e%74\/uploads\/2021\/01\/circulo.png","contentUrl":"https:\/\/informelitoral.com.ar\/%77%70%2d%63%6f%6e%74%65%6e%74\/uploads\/2021\/01\/circulo.png","width":723,"height":731,"caption":"Informe Litoral"},"image":{"@id":"https:\/\/informelitoral.com.ar\/#\/schema\/logo\/image\/"},"sameAs":["https:\/\/www.facebook.com\/informelitoral\/","https:\/\/x.com\/InformeLitoral","https:\/\/www.instagram.com\/informelitoral\/","https:\/\/www.youtube.com\/channel\/UCua4Qvz8Icb6MYqhoq9xLXw"]},{"@type":"Person","@id":"https:\/\/informelitoral.com.ar\/#\/schema\/person\/f05f9f461677119578717524b127d6d5","name":"Sebastian","image":{"@type":"ImageObject","inLanguage":"es","@id":"https:\/\/secure.gravatar.com\/avatar\/b71bf7481d447dfb9583c7f2798e7cc64de6efb9067b74633ed8c31059a3bd82?s=96&d=mm&r=g","url":"https:\/\/secure.gravatar.com\/avatar\/b71bf7481d447dfb9583c7f2798e7cc64de6efb9067b74633ed8c31059a3bd82?s=96&d=mm&r=g","contentUrl":"https:\/\/secure.gravatar.com\/avatar\/b71bf7481d447dfb9583c7f2798e7cc64de6efb9067b74633ed8c31059a3bd82?s=96&d=mm&r=g","caption":"Sebastian"},"url":"https:\/\/informelitoral.com.ar\/author\/sebastian\/"}]}},"_links":{"self":[{"href":"https:\/\/informelitoral.com.ar\/%77%70%2d%6a%73%6f%6e\/wp\/v2\/posts\/249608","targetHints":{"allow":["GET"]}}],"collection":[{"href":"https:\/\/informelitoral.com.ar\/%77%70%2d%6a%73%6f%6e\/wp\/v2\/posts"}],"about":[{"href":"https:\/\/informelitoral.com.ar\/%77%70%2d%6a%73%6f%6e\/wp\/v2\/types\/post"}],"author":[{"embeddable":true,"href":"https:\/\/informelitoral.com.ar\/%77%70%2d%6a%73%6f%6e\/wp\/v2\/users\/8"}],"replies":[{"embeddable":true,"href":"https:\/\/informelitoral.com.ar\/%77%70%2d%6a%73%6f%6e\/wp\/v2\/comments?post=249608"}],"version-history":[{"count":3,"href":"https:\/\/informelitoral.com.ar\/%77%70%2d%6a%73%6f%6e\/wp\/v2\/posts\/249608\/revisions"}],"predecessor-version":[{"id":249614,"href":"https:\/\/informelitoral.com.ar\/%77%70%2d%6a%73%6f%6e\/wp\/v2\/posts\/249608\/revisions\/249614"}],"wp:featuredmedia":[{"embeddable":true,"href":"https:\/\/informelitoral.com.ar\/%77%70%2d%6a%73%6f%6e\/wp\/v2\/media\/249609"}],"wp:attachment":[{"href":"https:\/\/informelitoral.com.ar\/%77%70%2d%6a%73%6f%6e\/wp\/v2\/media?parent=249608"}],"wp:term":[{"taxonomy":"category","embeddable":true,"href":"https:\/\/informelitoral.com.ar\/%77%70%2d%6a%73%6f%6e\/wp\/v2\/categories?post=249608"},{"taxonomy":"post_tag","embeddable":true,"href":"https:\/\/informelitoral.com.ar\/%77%70%2d%6a%73%6f%6e\/wp\/v2\/tags?post=249608"}],"curies":[{"name":"wp","href":"https:\/\/api.w.org\/{rel}","templated":true}]}}