{"id":249533,"date":"2026-02-11T08:39:27","date_gmt":"2026-02-11T11:39:27","guid":{"rendered":"https:\/\/informelitoral.com.ar\/?p=249533"},"modified":"2026-02-11T09:05:45","modified_gmt":"2026-02-11T12:05:45","slug":"parana-fue-detenido-tras-ser-sorprendido-por-una-vecina-mientras-robaba-desde-un-techo","status":"publish","type":"post","link":"https:\/\/informelitoral.com.ar\/parana-fue-detenido-tras-ser-sorprendido-por-una-vecina-mientras-robaba-desde-un-techo\/","title":{"rendered":"Ins\u00f3lito intento de robo: trep\u00f3 a los techos para llevarse una maceta"},"content":{"rendered":"<p data-path-to-node=\"3\">El episodio de inseguridad se registr\u00f3 luego de que una residente de la zona escuchara ruidos extra\u00f1os y, al asomarse por la ventana, observara a un <b data-path-to-node=\"3\" data-index-in-node=\"149\">hombre sobre el techo<\/b> de su vecina. Ante la situaci\u00f3n, la mujer se comunic\u00f3 de inmediato con el <b data-path-to-node=\"3\" data-index-in-node=\"245\">servicio de emergencias 911<\/b>, lo que permiti\u00f3 que los m\u00f3viles policiales que patrullaban la jurisdicci\u00f3n llegaran r\u00e1pidamente a la <b data-path-to-node=\"3\" data-index-in-node=\"375\">calle Las Acacias<\/b>.<\/p>\n<p data-path-to-node=\"3\"><a href=\"https:\/\/drive.google.com\/thumbnail?id=1iRVdGFIVEnQRSkShqcLXpqcnsSGYVJzh&amp;sz=w2048\"><img loading=\"lazy\" decoding=\"async\" class=\"alignnone wp-image-247673 size-large\" src=\"https:\/\/drive.google.com\/thumbnail?id=1iRVdGFIVEnQRSkShqcLXpqcnsSGYVJzh&amp;sz=w2048-h2048\" alt=\"\" width=\"1024\" height=\"1024\" \/><\/a><\/p>\n<p data-path-to-node=\"4\">Al arribar al lugar, los uniformados lograron <b data-path-to-node=\"4\" data-index-in-node=\"46\">demorar al individuo<\/b>, quien en ese preciso momento se encontraba intentando <b data-path-to-node=\"4\" data-index-in-node=\"122\">sustraer una maceta<\/b>. El r\u00e1pido accionar de los efectivos impidi\u00f3 que el sospechoso lograra escapar por los patios linderos, logrando neutralizar la amenaza y asegurar el elemento que pretend\u00eda robar.<\/p>\n<p data-path-to-node=\"5\">Tras la aprehensi\u00f3n, se inform\u00f3 lo sucedido al fiscal interviniente, quien confirm\u00f3 la <b data-path-to-node=\"5\" data-index-in-node=\"87\">detenci\u00f3n del masculino<\/b>. Por orden judicial, el sujeto fue <b data-path-to-node=\"5\" data-index-in-node=\"146\">trasladado a la Alcaid\u00eda de Tribunales<\/b>, donde qued\u00f3 alojado a la espera de las actuaciones legales correspondientes por el intento de robo.(<em>Informe Litoral<\/em>)<\/p>\n","protected":false},"excerpt":{"rendered":"<p>El hombre fue sorprendido por una vecina en Paran\u00e1, quien alert\u00f3 r\u00e1pidamente a la polic\u00eda para concretar la detenci\u00f3n.<\/p>\n","protected":false},"author":2,"featured_media":249544,"comment_status":"open","ping_status":"open","sticky":false,"template":"","format":"standard","meta":{"fifu_image_url":"","fifu_image_alt":"","footnotes":""},"categories":[14],"tags":[3463,45],"class_list":{"0":"post-249533","1":"post","2":"type-post","3":"status-publish","4":"format-standard","5":"has-post-thumbnail","7":"category-policiales","8":"tag-intento-de-robo","9":"tag-parana"},"yoast_head":"<title>Ins\u00f3lito intento de robo: trep\u00f3 a los techos para llevarse una maceta - Informe Litoral<\/title>\n<meta name=\"robots\" content=\"index, follow, max-snippet:-1, max-image-preview:large, max-video-preview:-1\" \/>\n<link rel=\"canonical\" href=\"https:\/\/informelitoral.com.ar\/parana-fue-detenido-tras-ser-sorprendido-por-una-vecina-mientras-robaba-desde-un-techo\/\" \/>\n<meta property=\"og:locale\" content=\"es_ES\" \/>\n<meta property=\"og:type\" content=\"article\" \/>\n<meta property=\"og:title\" content=\"Ins\u00f3lito intento de robo: trep\u00f3 a los techos para llevarse una maceta - Informe Litoral\" \/>\n<meta property=\"og:description\" content=\"El hombre fue sorprendido por una vecina en Paran\u00e1, quien alert\u00f3 r\u00e1pidamente a la polic\u00eda para concretar la detenci\u00f3n.\" \/>\n<meta property=\"og:url\" content=\"https:\/\/informelitoral.com.ar\/parana-fue-detenido-tras-ser-sorprendido-por-una-vecina-mientras-robaba-desde-un-techo\/\" \/>\n<meta property=\"og:site_name\" content=\"Informe Litoral\" \/>\n<meta property=\"article:publisher\" content=\"https:\/\/www.facebook.com\/informelitoral\/\" \/>\n<meta property=\"article:published_time\" content=\"2026-02-11T11:39:27+00:00\" \/>\n<meta property=\"article:modified_time\" content=\"2026-02-11T12:05:45+00:00\" \/>\n<meta property=\"og:image\" content=\"https:\/\/drive.google.com\/thumbnail?id=1NkDRHZx-gXHLzMj7XyEGLMhMGulAWdX8&sz=w2048\" \/>\n\t<meta property=\"og:image:width\" content=\"804\" \/>\n\t<meta property=\"og:image:height\" content=\"781\" \/>\n\t<meta property=\"og:image:type\" content=\"image\/jpeg\" \/>\n<meta name=\"author\" content=\"Gonzalo Schmidt\" \/>\n<meta name=\"twitter:card\" content=\"summary_large_image\" \/>\n<meta name=\"twitter:creator\" content=\"@InformeLitoral\" \/>\n<meta name=\"twitter:site\" content=\"@InformeLitoral\" \/>\n<meta name=\"twitter:label1\" content=\"Escrito por\" \/>\n\t<meta name=\"twitter:data1\" content=\"Gonzalo Schmidt\" \/>\n\t<meta name=\"twitter:label2\" content=\"Tiempo de lectura\" \/>\n\t<meta name=\"twitter:data2\" content=\"2 minutos\" \/>\n<script type=\"application\/ld+json\" class=\"yoast-schema-graph\">{\"@context\":\"https:\\\/\\\/schema.org\",\"@graph\":[{\"@type\":\"Article\",\"@id\":\"https:\\\/\\\/informelitoral.com.ar\\\/parana-fue-detenido-tras-ser-sorprendido-por-una-vecina-mientras-robaba-desde-un-techo\\\/#article\",\"isPartOf\":{\"@id\":\"https:\\\/\\\/informelitoral.com.ar\\\/parana-fue-detenido-tras-ser-sorprendido-por-una-vecina-mientras-robaba-desde-un-techo\\\/\"},\"author\":{\"name\":\"Gonzalo Schmidt\",\"@id\":\"https:\\\/\\\/informelitoral.com.ar\\\/#\\\/schema\\\/person\\\/b9d00407c836482871ef1d57bf8e3180\"},\"headline\":\"Ins\u00f3lito intento de robo: trep\u00f3 a los techos para llevarse una maceta\",\"datePublished\":\"2026-02-11T11:39:27+00:00\",\"dateModified\":\"2026-02-11T12:05:45+00:00\",\"mainEntityOfPage\":{\"@id\":\"https:\\\/\\\/informelitoral.com.ar\\\/parana-fue-detenido-tras-ser-sorprendido-por-una-vecina-mientras-robaba-desde-un-techo\\\/\"},\"wordCount\":182,\"commentCount\":0,\"publisher\":{\"@id\":\"https:\\\/\\\/informelitoral.com.ar\\\/#organization\"},\"image\":{\"@id\":\"https:\\\/\\\/informelitoral.com.ar\\\/parana-fue-detenido-tras-ser-sorprendido-por-una-vecina-mientras-robaba-desde-un-techo\\\/#primaryimage\"},\"thumbnailUrl\":\"https:\\\/\\\/drive.google.com\\\/thumbnail?id=1NkDRHZx-gXHLzMj7XyEGLMhMGulAWdX8&sz=w2048\",\"keywords\":[\"Intento de robo\",\"Paran\u00e1\"],\"articleSection\":[\"Policiales\"],\"inLanguage\":\"es\",\"potentialAction\":[{\"@type\":\"CommentAction\",\"name\":\"Comment\",\"target\":[\"https:\\\/\\\/informelitoral.com.ar\\\/parana-fue-detenido-tras-ser-sorprendido-por-una-vecina-mientras-robaba-desde-un-techo\\\/#respond\"]}]},{\"@type\":\"WebPage\",\"@id\":\"https:\\\/\\\/informelitoral.com.ar\\\/parana-fue-detenido-tras-ser-sorprendido-por-una-vecina-mientras-robaba-desde-un-techo\\\/\",\"url\":\"https:\\\/\\\/informelitoral.com.ar\\\/parana-fue-detenido-tras-ser-sorprendido-por-una-vecina-mientras-robaba-desde-un-techo\\\/\",\"name\":\"Ins\u00f3lito intento de robo: trep\u00f3 a los techos para llevarse una maceta - Informe Litoral\",\"isPartOf\":{\"@id\":\"https:\\\/\\\/informelitoral.com.ar\\\/#website\"},\"primaryImageOfPage\":{\"@id\":\"https:\\\/\\\/informelitoral.com.ar\\\/parana-fue-detenido-tras-ser-sorprendido-por-una-vecina-mientras-robaba-desde-un-techo\\\/#primaryimage\"},\"image\":{\"@id\":\"https:\\\/\\\/informelitoral.com.ar\\\/parana-fue-detenido-tras-ser-sorprendido-por-una-vecina-mientras-robaba-desde-un-techo\\\/#primaryimage\"},\"thumbnailUrl\":\"https:\\\/\\\/drive.google.com\\\/thumbnail?id=1NkDRHZx-gXHLzMj7XyEGLMhMGulAWdX8&sz=w2048\",\"datePublished\":\"2026-02-11T11:39:27+00:00\",\"dateModified\":\"2026-02-11T12:05:45+00:00\",\"breadcrumb\":{\"@id\":\"https:\\\/\\\/informelitoral.com.ar\\\/parana-fue-detenido-tras-ser-sorprendido-por-una-vecina-mientras-robaba-desde-un-techo\\\/#breadcrumb\"},\"inLanguage\":\"es\",\"potentialAction\":[{\"@type\":\"ReadAction\",\"target\":[\"https:\\\/\\\/informelitoral.com.ar\\\/parana-fue-detenido-tras-ser-sorprendido-por-una-vecina-mientras-robaba-desde-un-techo\\\/\"]}]},{\"@type\":\"ImageObject\",\"inLanguage\":\"es\",\"@id\":\"https:\\\/\\\/informelitoral.com.ar\\\/parana-fue-detenido-tras-ser-sorprendido-por-una-vecina-mientras-robaba-desde-un-techo\\\/#primaryimage\",\"url\":\"https:\\\/\\\/drive.google.com\\\/thumbnail?id=1NkDRHZx-gXHLzMj7XyEGLMhMGulAWdX8&sz=w2048\",\"contentUrl\":\"https:\\\/\\\/drive.google.com\\\/thumbnail?id=1NkDRHZx-gXHLzMj7XyEGLMhMGulAWdX8&sz=w2048\",\"width\":804,\"height\":781},{\"@type\":\"BreadcrumbList\",\"@id\":\"https:\\\/\\\/informelitoral.com.ar\\\/parana-fue-detenido-tras-ser-sorprendido-por-una-vecina-mientras-robaba-desde-un-techo\\\/#breadcrumb\",\"itemListElement\":[{\"@type\":\"ListItem\",\"position\":1,\"name\":\"Portada\",\"item\":\"https:\\\/\\\/informelitoral.com.ar\\\/\"},{\"@type\":\"ListItem\",\"position\":2,\"name\":\"Ins\u00f3lito intento de robo: trep\u00f3 a los techos para llevarse una maceta\"}]},{\"@type\":\"WebSite\",\"@id\":\"https:\\\/\\\/informelitoral.com.ar\\\/#website\",\"url\":\"https:\\\/\\\/informelitoral.com.ar\\\/\",\"name\":\"Informe Litoral\",\"description\":\"&quot;Nos informamos&quot; \",\"publisher\":{\"@id\":\"https:\\\/\\\/informelitoral.com.ar\\\/#organization\"},\"potentialAction\":[{\"@type\":\"SearchAction\",\"target\":{\"@type\":\"EntryPoint\",\"urlTemplate\":\"https:\\\/\\\/informelitoral.com.ar\\\/?s={search_term_string}\"},\"query-input\":{\"@type\":\"PropertyValueSpecification\",\"valueRequired\":true,\"valueName\":\"search_term_string\"}}],\"inLanguage\":\"es\"},{\"@type\":\"Organization\",\"@id\":\"https:\\\/\\\/informelitoral.com.ar\\\/#organization\",\"name\":\"Informe Litoral\",\"url\":\"https:\\\/\\\/informelitoral.com.ar\\\/\",\"logo\":{\"@type\":\"ImageObject\",\"inLanguage\":\"es\",\"@id\":\"https:\\\/\\\/informelitoral.com.ar\\\/#\\\/schema\\\/logo\\\/image\\\/\",\"url\":\"https:\\\/\\\/informelitoral.com.ar\\\/%77%70%2d%63%6f%6e%74%65%6e%74\\\/uploads\\\/2021\\\/01\\\/circulo.png\",\"contentUrl\":\"https:\\\/\\\/informelitoral.com.ar\\\/%77%70%2d%63%6f%6e%74%65%6e%74\\\/uploads\\\/2021\\\/01\\\/circulo.png\",\"width\":723,\"height\":731,\"caption\":\"Informe Litoral\"},\"image\":{\"@id\":\"https:\\\/\\\/informelitoral.com.ar\\\/#\\\/schema\\\/logo\\\/image\\\/\"},\"sameAs\":[\"https:\\\/\\\/www.facebook.com\\\/informelitoral\\\/\",\"https:\\\/\\\/x.com\\\/InformeLitoral\",\"https:\\\/\\\/www.instagram.com\\\/informelitoral\\\/\",\"https:\\\/\\\/www.youtube.com\\\/channel\\\/UCua4Qvz8Icb6MYqhoq9xLXw\"]},{\"@type\":\"Person\",\"@id\":\"https:\\\/\\\/informelitoral.com.ar\\\/#\\\/schema\\\/person\\\/b9d00407c836482871ef1d57bf8e3180\",\"name\":\"Gonzalo Schmidt\",\"image\":{\"@type\":\"ImageObject\",\"inLanguage\":\"es\",\"@id\":\"https:\\\/\\\/secure.gravatar.com\\\/avatar\\\/31a1a7b66ff2de83bd0e9fd79d026630d2d99e55e8bfe501287647b4fd9743de?s=96&d=mm&r=g\",\"url\":\"https:\\\/\\\/secure.gravatar.com\\\/avatar\\\/31a1a7b66ff2de83bd0e9fd79d026630d2d99e55e8bfe501287647b4fd9743de?s=96&d=mm&r=g\",\"contentUrl\":\"https:\\\/\\\/secure.gravatar.com\\\/avatar\\\/31a1a7b66ff2de83bd0e9fd79d026630d2d99e55e8bfe501287647b4fd9743de?s=96&d=mm&r=g\",\"caption\":\"Gonzalo Schmidt\"},\"description\":\"Sitio web de noticias de la provincia de Entre R\u00edos, Argentina. Informaci\u00f3n y entretenimiento. Informe Litoral, nos informamos.\",\"sameAs\":[\"http:\\\/\\\/www.isletasnoticias.com.ar\"],\"url\":\"https:\\\/\\\/informelitoral.com.ar\\\/author\\\/gonzalo\\\/\"}]}<\/script>","yoast_head_json":{"title":"Ins\u00f3lito intento de robo: trep\u00f3 a los techos para llevarse una maceta - Informe Litoral","robots":{"index":"index","follow":"follow","max-snippet":"max-snippet:-1","max-image-preview":"max-image-preview:large","max-video-preview":"max-video-preview:-1"},"canonical":"https:\/\/informelitoral.com.ar\/parana-fue-detenido-tras-ser-sorprendido-por-una-vecina-mientras-robaba-desde-un-techo\/","og_locale":"es_ES","og_type":"article","og_title":"Ins\u00f3lito intento de robo: trep\u00f3 a los techos para llevarse una maceta - Informe Litoral","og_description":"El hombre fue sorprendido por una vecina en Paran\u00e1, quien alert\u00f3 r\u00e1pidamente a la polic\u00eda para concretar la detenci\u00f3n.","og_url":"https:\/\/informelitoral.com.ar\/parana-fue-detenido-tras-ser-sorprendido-por-una-vecina-mientras-robaba-desde-un-techo\/","og_site_name":"Informe Litoral","article_publisher":"https:\/\/www.facebook.com\/informelitoral\/","article_published_time":"2026-02-11T11:39:27+00:00","article_modified_time":"2026-02-11T12:05:45+00:00","og_image":[{"width":804,"height":781,"url":"https:\/\/drive.google.com\/thumbnail?id=1NkDRHZx-gXHLzMj7XyEGLMhMGulAWdX8&sz=w2048","type":"image\/jpeg"}],"author":"Gonzalo Schmidt","twitter_card":"summary_large_image","twitter_creator":"@InformeLitoral","twitter_site":"@InformeLitoral","twitter_misc":{"Escrito por":"Gonzalo Schmidt","Tiempo de lectura":"2 minutos"},"schema":{"@context":"https:\/\/schema.org","@graph":[{"@type":"Article","@id":"https:\/\/informelitoral.com.ar\/parana-fue-detenido-tras-ser-sorprendido-por-una-vecina-mientras-robaba-desde-un-techo\/#article","isPartOf":{"@id":"https:\/\/informelitoral.com.ar\/parana-fue-detenido-tras-ser-sorprendido-por-una-vecina-mientras-robaba-desde-un-techo\/"},"author":{"name":"Gonzalo Schmidt","@id":"https:\/\/informelitoral.com.ar\/#\/schema\/person\/b9d00407c836482871ef1d57bf8e3180"},"headline":"Ins\u00f3lito intento de robo: trep\u00f3 a los techos para llevarse una maceta","datePublished":"2026-02-11T11:39:27+00:00","dateModified":"2026-02-11T12:05:45+00:00","mainEntityOfPage":{"@id":"https:\/\/informelitoral.com.ar\/parana-fue-detenido-tras-ser-sorprendido-por-una-vecina-mientras-robaba-desde-un-techo\/"},"wordCount":182,"commentCount":0,"publisher":{"@id":"https:\/\/informelitoral.com.ar\/#organization"},"image":{"@id":"https:\/\/informelitoral.com.ar\/parana-fue-detenido-tras-ser-sorprendido-por-una-vecina-mientras-robaba-desde-un-techo\/#primaryimage"},"thumbnailUrl":"https:\/\/drive.google.com\/thumbnail?id=1NkDRHZx-gXHLzMj7XyEGLMhMGulAWdX8&sz=w2048","keywords":["Intento de robo","Paran\u00e1"],"articleSection":["Policiales"],"inLanguage":"es","potentialAction":[{"@type":"CommentAction","name":"Comment","target":["https:\/\/informelitoral.com.ar\/parana-fue-detenido-tras-ser-sorprendido-por-una-vecina-mientras-robaba-desde-un-techo\/#respond"]}]},{"@type":"WebPage","@id":"https:\/\/informelitoral.com.ar\/parana-fue-detenido-tras-ser-sorprendido-por-una-vecina-mientras-robaba-desde-un-techo\/","url":"https:\/\/informelitoral.com.ar\/parana-fue-detenido-tras-ser-sorprendido-por-una-vecina-mientras-robaba-desde-un-techo\/","name":"Ins\u00f3lito intento de robo: trep\u00f3 a los techos para llevarse una maceta - Informe Litoral","isPartOf":{"@id":"https:\/\/informelitoral.com.ar\/#website"},"primaryImageOfPage":{"@id":"https:\/\/informelitoral.com.ar\/parana-fue-detenido-tras-ser-sorprendido-por-una-vecina-mientras-robaba-desde-un-techo\/#primaryimage"},"image":{"@id":"https:\/\/informelitoral.com.ar\/parana-fue-detenido-tras-ser-sorprendido-por-una-vecina-mientras-robaba-desde-un-techo\/#primaryimage"},"thumbnailUrl":"https:\/\/drive.google.com\/thumbnail?id=1NkDRHZx-gXHLzMj7XyEGLMhMGulAWdX8&sz=w2048","datePublished":"2026-02-11T11:39:27+00:00","dateModified":"2026-02-11T12:05:45+00:00","breadcrumb":{"@id":"https:\/\/informelitoral.com.ar\/parana-fue-detenido-tras-ser-sorprendido-por-una-vecina-mientras-robaba-desde-un-techo\/#breadcrumb"},"inLanguage":"es","potentialAction":[{"@type":"ReadAction","target":["https:\/\/informelitoral.com.ar\/parana-fue-detenido-tras-ser-sorprendido-por-una-vecina-mientras-robaba-desde-un-techo\/"]}]},{"@type":"ImageObject","inLanguage":"es","@id":"https:\/\/informelitoral.com.ar\/parana-fue-detenido-tras-ser-sorprendido-por-una-vecina-mientras-robaba-desde-un-techo\/#primaryimage","url":"https:\/\/drive.google.com\/thumbnail?id=1NkDRHZx-gXHLzMj7XyEGLMhMGulAWdX8&sz=w2048","contentUrl":"https:\/\/drive.google.com\/thumbnail?id=1NkDRHZx-gXHLzMj7XyEGLMhMGulAWdX8&sz=w2048","width":804,"height":781},{"@type":"BreadcrumbList","@id":"https:\/\/informelitoral.com.ar\/parana-fue-detenido-tras-ser-sorprendido-por-una-vecina-mientras-robaba-desde-un-techo\/#breadcrumb","itemListElement":[{"@type":"ListItem","position":1,"name":"Portada","item":"https:\/\/informelitoral.com.ar\/"},{"@type":"ListItem","position":2,"name":"Ins\u00f3lito intento de robo: trep\u00f3 a los techos para llevarse una maceta"}]},{"@type":"WebSite","@id":"https:\/\/informelitoral.com.ar\/#website","url":"https:\/\/informelitoral.com.ar\/","name":"Informe Litoral","description":"&quot;Nos informamos&quot; ","publisher":{"@id":"https:\/\/informelitoral.com.ar\/#organization"},"potentialAction":[{"@type":"SearchAction","target":{"@type":"EntryPoint","urlTemplate":"https:\/\/informelitoral.com.ar\/?s={search_term_string}"},"query-input":{"@type":"PropertyValueSpecification","valueRequired":true,"valueName":"search_term_string"}}],"inLanguage":"es"},{"@type":"Organization","@id":"https:\/\/informelitoral.com.ar\/#organization","name":"Informe Litoral","url":"https:\/\/informelitoral.com.ar\/","logo":{"@type":"ImageObject","inLanguage":"es","@id":"https:\/\/informelitoral.com.ar\/#\/schema\/logo\/image\/","url":"https:\/\/informelitoral.com.ar\/%77%70%2d%63%6f%6e%74%65%6e%74\/uploads\/2021\/01\/circulo.png","contentUrl":"https:\/\/informelitoral.com.ar\/%77%70%2d%63%6f%6e%74%65%6e%74\/uploads\/2021\/01\/circulo.png","width":723,"height":731,"caption":"Informe Litoral"},"image":{"@id":"https:\/\/informelitoral.com.ar\/#\/schema\/logo\/image\/"},"sameAs":["https:\/\/www.facebook.com\/informelitoral\/","https:\/\/x.com\/InformeLitoral","https:\/\/www.instagram.com\/informelitoral\/","https:\/\/www.youtube.com\/channel\/UCua4Qvz8Icb6MYqhoq9xLXw"]},{"@type":"Person","@id":"https:\/\/informelitoral.com.ar\/#\/schema\/person\/b9d00407c836482871ef1d57bf8e3180","name":"Gonzalo Schmidt","image":{"@type":"ImageObject","inLanguage":"es","@id":"https:\/\/secure.gravatar.com\/avatar\/31a1a7b66ff2de83bd0e9fd79d026630d2d99e55e8bfe501287647b4fd9743de?s=96&d=mm&r=g","url":"https:\/\/secure.gravatar.com\/avatar\/31a1a7b66ff2de83bd0e9fd79d026630d2d99e55e8bfe501287647b4fd9743de?s=96&d=mm&r=g","contentUrl":"https:\/\/secure.gravatar.com\/avatar\/31a1a7b66ff2de83bd0e9fd79d026630d2d99e55e8bfe501287647b4fd9743de?s=96&d=mm&r=g","caption":"Gonzalo Schmidt"},"description":"Sitio web de noticias de la provincia de Entre R\u00edos, Argentina. Informaci\u00f3n y entretenimiento. Informe Litoral, nos informamos.","sameAs":["http:\/\/www.isletasnoticias.com.ar"],"url":"https:\/\/informelitoral.com.ar\/author\/gonzalo\/"}]}},"_links":{"self":[{"href":"https:\/\/informelitoral.com.ar\/%77%70%2d%6a%73%6f%6e\/wp\/v2\/posts\/249533","targetHints":{"allow":["GET"]}}],"collection":[{"href":"https:\/\/informelitoral.com.ar\/%77%70%2d%6a%73%6f%6e\/wp\/v2\/posts"}],"about":[{"href":"https:\/\/informelitoral.com.ar\/%77%70%2d%6a%73%6f%6e\/wp\/v2\/types\/post"}],"author":[{"embeddable":true,"href":"https:\/\/informelitoral.com.ar\/%77%70%2d%6a%73%6f%6e\/wp\/v2\/users\/2"}],"replies":[{"embeddable":true,"href":"https:\/\/informelitoral.com.ar\/%77%70%2d%6a%73%6f%6e\/wp\/v2\/comments?post=249533"}],"version-history":[{"count":6,"href":"https:\/\/informelitoral.com.ar\/%77%70%2d%6a%73%6f%6e\/wp\/v2\/posts\/249533\/revisions"}],"predecessor-version":[{"id":249550,"href":"https:\/\/informelitoral.com.ar\/%77%70%2d%6a%73%6f%6e\/wp\/v2\/posts\/249533\/revisions\/249550"}],"wp:featuredmedia":[{"embeddable":true,"href":"https:\/\/informelitoral.com.ar\/%77%70%2d%6a%73%6f%6e\/wp\/v2\/media\/249544"}],"wp:attachment":[{"href":"https:\/\/informelitoral.com.ar\/%77%70%2d%6a%73%6f%6e\/wp\/v2\/media?parent=249533"}],"wp:term":[{"taxonomy":"category","embeddable":true,"href":"https:\/\/informelitoral.com.ar\/%77%70%2d%6a%73%6f%6e\/wp\/v2\/categories?post=249533"},{"taxonomy":"post_tag","embeddable":true,"href":"https:\/\/informelitoral.com.ar\/%77%70%2d%6a%73%6f%6e\/wp\/v2\/tags?post=249533"}],"curies":[{"name":"wp","href":"https:\/\/api.w.org\/{rel}","templated":true}]}}