{"id":248964,"date":"2026-02-05T13:02:56","date_gmt":"2026-02-05T16:02:56","guid":{"rendered":"https:\/\/informelitoral.com.ar\/?p=248964"},"modified":"2026-02-05T13:11:58","modified_gmt":"2026-02-05T16:11:58","slug":"el-hospital-geriatrico-pascual-palma-recibio-una-historica-inversion-en-equipamiento-y-obras","status":"publish","type":"post","link":"https:\/\/informelitoral.com.ar\/el-hospital-geriatrico-pascual-palma-recibio-una-historica-inversion-en-equipamiento-y-obras\/","title":{"rendered":"El Hospital Geri\u00e1trico Pascual Palma recibi\u00f3 una  inversi\u00f3n en equipamiento y obras"},"content":{"rendered":"<p data-path-to-node=\"5\">El <b data-path-to-node=\"5\" data-index-in-node=\"3\">Hospital Geri\u00e1trico Dr. Pascual Palma<\/b>, referente en el cuidado de adultos mayores, atraviesa un proceso de modernizaci\u00f3n que fue supervisado este jueves por el mandatario provincial, el ministro de Salud, <b data-path-to-node=\"5\" data-index-in-node=\"208\">Daniel Blanzaco<\/b>, y el director del nosocomio, <b data-path-to-node=\"5\" data-index-in-node=\"254\">Esteban Sartore<\/b>. La visita permiti\u00f3 constatar la puesta en marcha de aparatolog\u00eda que reemplaza equipos obsoletos y la finalizaci\u00f3n de refacciones que optimizan el servicio.<\/p>\n<p data-path-to-node=\"7\">El salto de calidad en el hospital se ve reflejado en la incorporaci\u00f3n de un <b data-path-to-node=\"7\" data-index-in-node=\"77\">digitalizador de Rayos X<\/b> y un ec\u00f3grafo destinado a la Unidad de Terapia Intensiva. Asimismo, el \u00e1rea de <b data-path-to-node=\"7\" data-index-in-node=\"181\">Laboratorio<\/b> fue jerarquizada con un contador hematol\u00f3gico y un equipo de qu\u00edmica anal\u00edtica, herramientas clave para el seguimiento cl\u00ednico de los pacientes residentes y ambulatorios.<\/p>\n<p data-path-to-node=\"7\"><img decoding=\"async\" src=\"https:\/\/www.entrerios.gov.ar\/minplan\/media\/noticias\/not-62d006e674c4f_20220714091415.jpg\" alt=\"Se licita la construcci\u00f3n del play\u00f3n de residuos patol\u00f3gicos y estacionamiento del hospital Palma de Paran\u00e1 | MPeI\" \/><\/p>\n<p data-path-to-node=\"8\">En t\u00e9rminos de internaci\u00f3n, se adquirieron <b data-path-to-node=\"8\" data-index-in-node=\"43\">camas nuevas para cuidados cr\u00edticos<\/b> y se reemplazaron las bombas de infusi\u00f3n que ya hab\u00edan cumplido su vida \u00fatil. Adem\u00e1s, se avanz\u00f3 en la infraestructura digital para la implementaci\u00f3n de la <b data-path-to-node=\"8\" data-index-in-node=\"234\">Historia Cl\u00ednica Electr\u00f3nica<\/b>, garantizando un registro m\u00e1s eficiente y seguro de los tratamientos.<\/p>\n<h2 data-path-to-node=\"9\"><strong>Infraestructura para la salud<\/strong><\/h2>\n<p data-path-to-node=\"10\">Entre las obras estructurales m\u00e1s destacadas, el Hospital Palma concret\u00f3:<\/p>\n<ul data-path-to-node=\"11\">\n<li>\n<p data-path-to-node=\"11,0,0\"><b data-path-to-node=\"11,0,0\" data-index-in-node=\"0\">Gases medicinales:<\/b> Una obra integral para abastecer la Sala 3 con vac\u00edo, aire comprimido y ox\u00edgeno.<\/p>\n<\/li>\n<li>\n<p data-path-to-node=\"11,1,0\"><b data-path-to-node=\"11,1,0\" data-index-in-node=\"0\">Servicios b\u00e1sicos:<\/b> Instalaci\u00f3n independiente de agua potable y recuperaci\u00f3n de sanitarios en \u00e1reas cr\u00edticas.<\/p>\n<\/li>\n<li>\n<p data-path-to-node=\"11,2,0\"><b data-path-to-node=\"11,2,0\" data-index-in-node=\"0\">Bioseguridad:<\/b> Reorganizaci\u00f3n del Lavadero con un circuito unidireccional de ropa y provisi\u00f3n de elementos de protecci\u00f3n para todo el personal.<\/p>\n<\/li>\n<\/ul>\n<h2 data-path-to-node=\"12\"><strong>Nuevas prestaciones y enfoque integral<\/strong><\/h2>\n<p data-path-to-node=\"13\">La gesti\u00f3n actual del nosocomio tambi\u00e9n se enfoc\u00f3 en ampliar la cartera de servicios. Se incorporaron consultorios de <b data-path-to-node=\"13\" data-index-in-node=\"118\">Odontolog\u00eda, Dermatolog\u00eda, Medicina del Dolor y Salud Mental<\/b>, adem\u00e1s de extender los horarios de atenci\u00f3n al p\u00fablico.<\/p>\n<p data-path-to-node=\"14\">Con el objetivo de brindar una atenci\u00f3n centrada en la persona, el equipo interdisciplinario sum\u00f3 especialistas en <b data-path-to-node=\"14\" data-index-in-node=\"115\">Musicoterapia y Terapia Ocupacional<\/b>, junto con la creaci\u00f3n de un comit\u00e9 de docencia e investigaci\u00f3n para profesionalizar a\u00fan m\u00e1s el cuidado geri\u00e1trico.<\/p>\n","protected":false},"excerpt":{"rendered":"<p>El gobernador recorri\u00f3 las instalaciones junto al ministro de Salud para supervisar la llegada de tecnolog\u00eda de diagn\u00f3stico, nuevas especialidades m\u00e9dicas y mejoras en la red de gases medicinales.<\/p>\n","protected":false},"author":8,"featured_media":248965,"comment_status":"open","ping_status":"open","sticky":false,"template":"","format":"standard","meta":{"fifu_image_url":"","fifu_image_alt":"","footnotes":""},"categories":[6],"tags":[6428,641,45,949],"class_list":{"0":"post-248964","1":"post","2":"type-post","3":"status-publish","4":"format-standard","5":"has-post-thumbnail","7":"category-entre-rios","8":"tag-hospital-pascual-palma","9":"tag-inversion","10":"tag-parana","11":"tag-rogelio-frigerio"},"yoast_head":"<title>El Hospital Geri\u00e1trico Pascual Palma recibi\u00f3 una inversi\u00f3n en equipamiento y obras - Informe Litoral<\/title>\n<meta name=\"robots\" content=\"index, follow, max-snippet:-1, max-image-preview:large, max-video-preview:-1\" \/>\n<link rel=\"canonical\" href=\"https:\/\/informelitoral.com.ar\/el-hospital-geriatrico-pascual-palma-recibio-una-historica-inversion-en-equipamiento-y-obras\/\" \/>\n<meta property=\"og:locale\" content=\"es_ES\" \/>\n<meta property=\"og:type\" content=\"article\" \/>\n<meta property=\"og:title\" content=\"El Hospital Geri\u00e1trico Pascual Palma recibi\u00f3 una inversi\u00f3n en equipamiento y obras - Informe Litoral\" \/>\n<meta property=\"og:description\" content=\"El gobernador recorri\u00f3 las instalaciones junto al ministro de Salud para supervisar la llegada de tecnolog\u00eda de diagn\u00f3stico, nuevas especialidades m\u00e9dicas y mejoras en la red de gases medicinales.\" \/>\n<meta property=\"og:url\" content=\"https:\/\/informelitoral.com.ar\/el-hospital-geriatrico-pascual-palma-recibio-una-historica-inversion-en-equipamiento-y-obras\/\" \/>\n<meta property=\"og:site_name\" content=\"Informe Litoral\" \/>\n<meta property=\"article:publisher\" content=\"https:\/\/www.facebook.com\/informelitoral\/\" \/>\n<meta property=\"article:published_time\" content=\"2026-02-05T16:02:56+00:00\" \/>\n<meta property=\"article:modified_time\" content=\"2026-02-05T16:11:58+00:00\" \/>\n<meta property=\"og:image\" content=\"https:\/\/drive.google.com\/https:\/\/lh3.googleusercontent.com\/drive-storage\/AJQWtBOUyDmn30skPbFxBHby1C-AyzELdVw7T-GTpe9vMcfRIWGRBHhflwoI0S77xcG1nNJF8Cqbe29N9TkcCx2nPItjvZRKNTAzzArpkDDQ7ZRocgxn=2048-h2048\" \/>\n\t<meta property=\"og:image:width\" content=\"1024\" \/>\n\t<meta property=\"og:image:height\" content=\"1024\" \/>\n\t<meta property=\"og:image:type\" content=\"image\/jpeg\" \/>\n<meta name=\"author\" content=\"Sebastian\" \/>\n<meta name=\"twitter:card\" content=\"summary_large_image\" \/>\n<meta name=\"twitter:creator\" content=\"@InformeLitoral\" \/>\n<meta name=\"twitter:site\" content=\"@InformeLitoral\" \/>\n<meta name=\"twitter:label1\" content=\"Escrito por\" \/>\n\t<meta name=\"twitter:data1\" content=\"Sebastian\" \/>\n\t<meta name=\"twitter:label2\" content=\"Tiempo de lectura\" \/>\n\t<meta name=\"twitter:data2\" content=\"2 minutos\" \/>\n<script type=\"application\/ld+json\" class=\"yoast-schema-graph\">{\"@context\":\"https:\\\/\\\/schema.org\",\"@graph\":[{\"@type\":\"Article\",\"@id\":\"https:\\\/\\\/informelitoral.com.ar\\\/el-hospital-geriatrico-pascual-palma-recibio-una-historica-inversion-en-equipamiento-y-obras\\\/#article\",\"isPartOf\":{\"@id\":\"https:\\\/\\\/informelitoral.com.ar\\\/el-hospital-geriatrico-pascual-palma-recibio-una-historica-inversion-en-equipamiento-y-obras\\\/\"},\"author\":{\"name\":\"Sebastian\",\"@id\":\"https:\\\/\\\/informelitoral.com.ar\\\/#\\\/schema\\\/person\\\/f05f9f461677119578717524b127d6d5\"},\"headline\":\"El Hospital Geri\u00e1trico Pascual Palma recibi\u00f3 una inversi\u00f3n en equipamiento y obras\",\"datePublished\":\"2026-02-05T16:02:56+00:00\",\"dateModified\":\"2026-02-05T16:11:58+00:00\",\"mainEntityOfPage\":{\"@id\":\"https:\\\/\\\/informelitoral.com.ar\\\/el-hospital-geriatrico-pascual-palma-recibio-una-historica-inversion-en-equipamiento-y-obras\\\/\"},\"wordCount\":370,\"commentCount\":0,\"publisher\":{\"@id\":\"https:\\\/\\\/informelitoral.com.ar\\\/#organization\"},\"image\":{\"@id\":\"https:\\\/\\\/informelitoral.com.ar\\\/el-hospital-geriatrico-pascual-palma-recibio-una-historica-inversion-en-equipamiento-y-obras\\\/#primaryimage\"},\"thumbnailUrl\":\"https:\\\/\\\/drive.google.com\\\/thumbnail?id=1TvCLayyBM_p2Jh2Ve9_7D2A5jklS3s3W&sz=w2048\",\"keywords\":[\"Hospital Pascual Palma\",\"Inversi\u00f3n\",\"Paran\u00e1\",\"Rogelio Frigerio\"],\"articleSection\":[\"Entre R\u00edos\"],\"inLanguage\":\"es\",\"potentialAction\":[{\"@type\":\"CommentAction\",\"name\":\"Comment\",\"target\":[\"https:\\\/\\\/informelitoral.com.ar\\\/el-hospital-geriatrico-pascual-palma-recibio-una-historica-inversion-en-equipamiento-y-obras\\\/#respond\"]}]},{\"@type\":\"WebPage\",\"@id\":\"https:\\\/\\\/informelitoral.com.ar\\\/el-hospital-geriatrico-pascual-palma-recibio-una-historica-inversion-en-equipamiento-y-obras\\\/\",\"url\":\"https:\\\/\\\/informelitoral.com.ar\\\/el-hospital-geriatrico-pascual-palma-recibio-una-historica-inversion-en-equipamiento-y-obras\\\/\",\"name\":\"El Hospital Geri\u00e1trico Pascual Palma recibi\u00f3 una inversi\u00f3n en equipamiento y obras - Informe Litoral\",\"isPartOf\":{\"@id\":\"https:\\\/\\\/informelitoral.com.ar\\\/#website\"},\"primaryImageOfPage\":{\"@id\":\"https:\\\/\\\/informelitoral.com.ar\\\/el-hospital-geriatrico-pascual-palma-recibio-una-historica-inversion-en-equipamiento-y-obras\\\/#primaryimage\"},\"image\":{\"@id\":\"https:\\\/\\\/informelitoral.com.ar\\\/el-hospital-geriatrico-pascual-palma-recibio-una-historica-inversion-en-equipamiento-y-obras\\\/#primaryimage\"},\"thumbnailUrl\":\"https:\\\/\\\/drive.google.com\\\/thumbnail?id=1TvCLayyBM_p2Jh2Ve9_7D2A5jklS3s3W&sz=w2048\",\"datePublished\":\"2026-02-05T16:02:56+00:00\",\"dateModified\":\"2026-02-05T16:11:58+00:00\",\"breadcrumb\":{\"@id\":\"https:\\\/\\\/informelitoral.com.ar\\\/el-hospital-geriatrico-pascual-palma-recibio-una-historica-inversion-en-equipamiento-y-obras\\\/#breadcrumb\"},\"inLanguage\":\"es\",\"potentialAction\":[{\"@type\":\"ReadAction\",\"target\":[\"https:\\\/\\\/informelitoral.com.ar\\\/el-hospital-geriatrico-pascual-palma-recibio-una-historica-inversion-en-equipamiento-y-obras\\\/\"]}]},{\"@type\":\"ImageObject\",\"inLanguage\":\"es\",\"@id\":\"https:\\\/\\\/informelitoral.com.ar\\\/el-hospital-geriatrico-pascual-palma-recibio-una-historica-inversion-en-equipamiento-y-obras\\\/#primaryimage\",\"url\":\"https:\\\/\\\/drive.google.com\\\/thumbnail?id=1TvCLayyBM_p2Jh2Ve9_7D2A5jklS3s3W&sz=w2048\",\"contentUrl\":\"https:\\\/\\\/drive.google.com\\\/thumbnail?id=1TvCLayyBM_p2Jh2Ve9_7D2A5jklS3s3W&sz=w2048\",\"width\":1600,\"height\":1068},{\"@type\":\"BreadcrumbList\",\"@id\":\"https:\\\/\\\/informelitoral.com.ar\\\/el-hospital-geriatrico-pascual-palma-recibio-una-historica-inversion-en-equipamiento-y-obras\\\/#breadcrumb\",\"itemListElement\":[{\"@type\":\"ListItem\",\"position\":1,\"name\":\"Portada\",\"item\":\"https:\\\/\\\/informelitoral.com.ar\\\/\"},{\"@type\":\"ListItem\",\"position\":2,\"name\":\"El Hospital Geri\u00e1trico Pascual Palma recibi\u00f3 una inversi\u00f3n en equipamiento y obras\"}]},{\"@type\":\"WebSite\",\"@id\":\"https:\\\/\\\/informelitoral.com.ar\\\/#website\",\"url\":\"https:\\\/\\\/informelitoral.com.ar\\\/\",\"name\":\"Informe Litoral\",\"description\":\"&quot;Nos informamos&quot; \",\"publisher\":{\"@id\":\"https:\\\/\\\/informelitoral.com.ar\\\/#organization\"},\"potentialAction\":[{\"@type\":\"SearchAction\",\"target\":{\"@type\":\"EntryPoint\",\"urlTemplate\":\"https:\\\/\\\/informelitoral.com.ar\\\/?s={search_term_string}\"},\"query-input\":{\"@type\":\"PropertyValueSpecification\",\"valueRequired\":true,\"valueName\":\"search_term_string\"}}],\"inLanguage\":\"es\"},{\"@type\":\"Organization\",\"@id\":\"https:\\\/\\\/informelitoral.com.ar\\\/#organization\",\"name\":\"Informe Litoral\",\"url\":\"https:\\\/\\\/informelitoral.com.ar\\\/\",\"logo\":{\"@type\":\"ImageObject\",\"inLanguage\":\"es\",\"@id\":\"https:\\\/\\\/informelitoral.com.ar\\\/#\\\/schema\\\/logo\\\/image\\\/\",\"url\":\"https:\\\/\\\/informelitoral.com.ar\\\/%77%70%2d%63%6f%6e%74%65%6e%74\\\/uploads\\\/2021\\\/01\\\/circulo.png\",\"contentUrl\":\"https:\\\/\\\/informelitoral.com.ar\\\/%77%70%2d%63%6f%6e%74%65%6e%74\\\/uploads\\\/2021\\\/01\\\/circulo.png\",\"width\":723,\"height\":731,\"caption\":\"Informe Litoral\"},\"image\":{\"@id\":\"https:\\\/\\\/informelitoral.com.ar\\\/#\\\/schema\\\/logo\\\/image\\\/\"},\"sameAs\":[\"https:\\\/\\\/www.facebook.com\\\/informelitoral\\\/\",\"https:\\\/\\\/x.com\\\/InformeLitoral\",\"https:\\\/\\\/www.instagram.com\\\/informelitoral\\\/\",\"https:\\\/\\\/www.youtube.com\\\/channel\\\/UCua4Qvz8Icb6MYqhoq9xLXw\"]},{\"@type\":\"Person\",\"@id\":\"https:\\\/\\\/informelitoral.com.ar\\\/#\\\/schema\\\/person\\\/f05f9f461677119578717524b127d6d5\",\"name\":\"Sebastian\",\"image\":{\"@type\":\"ImageObject\",\"inLanguage\":\"es\",\"@id\":\"https:\\\/\\\/secure.gravatar.com\\\/avatar\\\/b71bf7481d447dfb9583c7f2798e7cc64de6efb9067b74633ed8c31059a3bd82?s=96&d=mm&r=g\",\"url\":\"https:\\\/\\\/secure.gravatar.com\\\/avatar\\\/b71bf7481d447dfb9583c7f2798e7cc64de6efb9067b74633ed8c31059a3bd82?s=96&d=mm&r=g\",\"contentUrl\":\"https:\\\/\\\/secure.gravatar.com\\\/avatar\\\/b71bf7481d447dfb9583c7f2798e7cc64de6efb9067b74633ed8c31059a3bd82?s=96&d=mm&r=g\",\"caption\":\"Sebastian\"},\"url\":\"https:\\\/\\\/informelitoral.com.ar\\\/author\\\/sebastian\\\/\"}]}<\/script>","yoast_head_json":{"title":"El Hospital Geri\u00e1trico Pascual Palma recibi\u00f3 una inversi\u00f3n en equipamiento y obras - Informe Litoral","robots":{"index":"index","follow":"follow","max-snippet":"max-snippet:-1","max-image-preview":"max-image-preview:large","max-video-preview":"max-video-preview:-1"},"canonical":"https:\/\/informelitoral.com.ar\/el-hospital-geriatrico-pascual-palma-recibio-una-historica-inversion-en-equipamiento-y-obras\/","og_locale":"es_ES","og_type":"article","og_title":"El Hospital Geri\u00e1trico Pascual Palma recibi\u00f3 una inversi\u00f3n en equipamiento y obras - Informe Litoral","og_description":"El gobernador recorri\u00f3 las instalaciones junto al ministro de Salud para supervisar la llegada de tecnolog\u00eda de diagn\u00f3stico, nuevas especialidades m\u00e9dicas y mejoras en la red de gases medicinales.","og_url":"https:\/\/informelitoral.com.ar\/el-hospital-geriatrico-pascual-palma-recibio-una-historica-inversion-en-equipamiento-y-obras\/","og_site_name":"Informe Litoral","article_publisher":"https:\/\/www.facebook.com\/informelitoral\/","article_published_time":"2026-02-05T16:02:56+00:00","article_modified_time":"2026-02-05T16:11:58+00:00","og_image":[{"width":1024,"height":1024,"url":"https:\/\/drive.google.com\/https:\/\/lh3.googleusercontent.com\/drive-storage\/AJQWtBOUyDmn30skPbFxBHby1C-AyzELdVw7T-GTpe9vMcfRIWGRBHhflwoI0S77xcG1nNJF8Cqbe29N9TkcCx2nPItjvZRKNTAzzArpkDDQ7ZRocgxn=2048-h2048","type":"image\/jpeg"}],"author":"Sebastian","twitter_card":"summary_large_image","twitter_creator":"@InformeLitoral","twitter_site":"@InformeLitoral","twitter_misc":{"Escrito por":"Sebastian","Tiempo de lectura":"2 minutos"},"schema":{"@context":"https:\/\/schema.org","@graph":[{"@type":"Article","@id":"https:\/\/informelitoral.com.ar\/el-hospital-geriatrico-pascual-palma-recibio-una-historica-inversion-en-equipamiento-y-obras\/#article","isPartOf":{"@id":"https:\/\/informelitoral.com.ar\/el-hospital-geriatrico-pascual-palma-recibio-una-historica-inversion-en-equipamiento-y-obras\/"},"author":{"name":"Sebastian","@id":"https:\/\/informelitoral.com.ar\/#\/schema\/person\/f05f9f461677119578717524b127d6d5"},"headline":"El Hospital Geri\u00e1trico Pascual Palma recibi\u00f3 una inversi\u00f3n en equipamiento y obras","datePublished":"2026-02-05T16:02:56+00:00","dateModified":"2026-02-05T16:11:58+00:00","mainEntityOfPage":{"@id":"https:\/\/informelitoral.com.ar\/el-hospital-geriatrico-pascual-palma-recibio-una-historica-inversion-en-equipamiento-y-obras\/"},"wordCount":370,"commentCount":0,"publisher":{"@id":"https:\/\/informelitoral.com.ar\/#organization"},"image":{"@id":"https:\/\/informelitoral.com.ar\/el-hospital-geriatrico-pascual-palma-recibio-una-historica-inversion-en-equipamiento-y-obras\/#primaryimage"},"thumbnailUrl":"https:\/\/drive.google.com\/thumbnail?id=1TvCLayyBM_p2Jh2Ve9_7D2A5jklS3s3W&sz=w2048","keywords":["Hospital Pascual Palma","Inversi\u00f3n","Paran\u00e1","Rogelio Frigerio"],"articleSection":["Entre R\u00edos"],"inLanguage":"es","potentialAction":[{"@type":"CommentAction","name":"Comment","target":["https:\/\/informelitoral.com.ar\/el-hospital-geriatrico-pascual-palma-recibio-una-historica-inversion-en-equipamiento-y-obras\/#respond"]}]},{"@type":"WebPage","@id":"https:\/\/informelitoral.com.ar\/el-hospital-geriatrico-pascual-palma-recibio-una-historica-inversion-en-equipamiento-y-obras\/","url":"https:\/\/informelitoral.com.ar\/el-hospital-geriatrico-pascual-palma-recibio-una-historica-inversion-en-equipamiento-y-obras\/","name":"El Hospital Geri\u00e1trico Pascual Palma recibi\u00f3 una inversi\u00f3n en equipamiento y obras - Informe Litoral","isPartOf":{"@id":"https:\/\/informelitoral.com.ar\/#website"},"primaryImageOfPage":{"@id":"https:\/\/informelitoral.com.ar\/el-hospital-geriatrico-pascual-palma-recibio-una-historica-inversion-en-equipamiento-y-obras\/#primaryimage"},"image":{"@id":"https:\/\/informelitoral.com.ar\/el-hospital-geriatrico-pascual-palma-recibio-una-historica-inversion-en-equipamiento-y-obras\/#primaryimage"},"thumbnailUrl":"https:\/\/drive.google.com\/thumbnail?id=1TvCLayyBM_p2Jh2Ve9_7D2A5jklS3s3W&sz=w2048","datePublished":"2026-02-05T16:02:56+00:00","dateModified":"2026-02-05T16:11:58+00:00","breadcrumb":{"@id":"https:\/\/informelitoral.com.ar\/el-hospital-geriatrico-pascual-palma-recibio-una-historica-inversion-en-equipamiento-y-obras\/#breadcrumb"},"inLanguage":"es","potentialAction":[{"@type":"ReadAction","target":["https:\/\/informelitoral.com.ar\/el-hospital-geriatrico-pascual-palma-recibio-una-historica-inversion-en-equipamiento-y-obras\/"]}]},{"@type":"ImageObject","inLanguage":"es","@id":"https:\/\/informelitoral.com.ar\/el-hospital-geriatrico-pascual-palma-recibio-una-historica-inversion-en-equipamiento-y-obras\/#primaryimage","url":"https:\/\/drive.google.com\/thumbnail?id=1TvCLayyBM_p2Jh2Ve9_7D2A5jklS3s3W&sz=w2048","contentUrl":"https:\/\/drive.google.com\/thumbnail?id=1TvCLayyBM_p2Jh2Ve9_7D2A5jklS3s3W&sz=w2048","width":1600,"height":1068},{"@type":"BreadcrumbList","@id":"https:\/\/informelitoral.com.ar\/el-hospital-geriatrico-pascual-palma-recibio-una-historica-inversion-en-equipamiento-y-obras\/#breadcrumb","itemListElement":[{"@type":"ListItem","position":1,"name":"Portada","item":"https:\/\/informelitoral.com.ar\/"},{"@type":"ListItem","position":2,"name":"El Hospital Geri\u00e1trico Pascual Palma recibi\u00f3 una inversi\u00f3n en equipamiento y obras"}]},{"@type":"WebSite","@id":"https:\/\/informelitoral.com.ar\/#website","url":"https:\/\/informelitoral.com.ar\/","name":"Informe Litoral","description":"&quot;Nos informamos&quot; ","publisher":{"@id":"https:\/\/informelitoral.com.ar\/#organization"},"potentialAction":[{"@type":"SearchAction","target":{"@type":"EntryPoint","urlTemplate":"https:\/\/informelitoral.com.ar\/?s={search_term_string}"},"query-input":{"@type":"PropertyValueSpecification","valueRequired":true,"valueName":"search_term_string"}}],"inLanguage":"es"},{"@type":"Organization","@id":"https:\/\/informelitoral.com.ar\/#organization","name":"Informe Litoral","url":"https:\/\/informelitoral.com.ar\/","logo":{"@type":"ImageObject","inLanguage":"es","@id":"https:\/\/informelitoral.com.ar\/#\/schema\/logo\/image\/","url":"https:\/\/informelitoral.com.ar\/%77%70%2d%63%6f%6e%74%65%6e%74\/uploads\/2021\/01\/circulo.png","contentUrl":"https:\/\/informelitoral.com.ar\/%77%70%2d%63%6f%6e%74%65%6e%74\/uploads\/2021\/01\/circulo.png","width":723,"height":731,"caption":"Informe Litoral"},"image":{"@id":"https:\/\/informelitoral.com.ar\/#\/schema\/logo\/image\/"},"sameAs":["https:\/\/www.facebook.com\/informelitoral\/","https:\/\/x.com\/InformeLitoral","https:\/\/www.instagram.com\/informelitoral\/","https:\/\/www.youtube.com\/channel\/UCua4Qvz8Icb6MYqhoq9xLXw"]},{"@type":"Person","@id":"https:\/\/informelitoral.com.ar\/#\/schema\/person\/f05f9f461677119578717524b127d6d5","name":"Sebastian","image":{"@type":"ImageObject","inLanguage":"es","@id":"https:\/\/secure.gravatar.com\/avatar\/b71bf7481d447dfb9583c7f2798e7cc64de6efb9067b74633ed8c31059a3bd82?s=96&d=mm&r=g","url":"https:\/\/secure.gravatar.com\/avatar\/b71bf7481d447dfb9583c7f2798e7cc64de6efb9067b74633ed8c31059a3bd82?s=96&d=mm&r=g","contentUrl":"https:\/\/secure.gravatar.com\/avatar\/b71bf7481d447dfb9583c7f2798e7cc64de6efb9067b74633ed8c31059a3bd82?s=96&d=mm&r=g","caption":"Sebastian"},"url":"https:\/\/informelitoral.com.ar\/author\/sebastian\/"}]}},"_links":{"self":[{"href":"https:\/\/informelitoral.com.ar\/%77%70%2d%6a%73%6f%6e\/wp\/v2\/posts\/248964","targetHints":{"allow":["GET"]}}],"collection":[{"href":"https:\/\/informelitoral.com.ar\/%77%70%2d%6a%73%6f%6e\/wp\/v2\/posts"}],"about":[{"href":"https:\/\/informelitoral.com.ar\/%77%70%2d%6a%73%6f%6e\/wp\/v2\/types\/post"}],"author":[{"embeddable":true,"href":"https:\/\/informelitoral.com.ar\/%77%70%2d%6a%73%6f%6e\/wp\/v2\/users\/8"}],"replies":[{"embeddable":true,"href":"https:\/\/informelitoral.com.ar\/%77%70%2d%6a%73%6f%6e\/wp\/v2\/comments?post=248964"}],"version-history":[{"count":4,"href":"https:\/\/informelitoral.com.ar\/%77%70%2d%6a%73%6f%6e\/wp\/v2\/posts\/248964\/revisions"}],"predecessor-version":[{"id":248969,"href":"https:\/\/informelitoral.com.ar\/%77%70%2d%6a%73%6f%6e\/wp\/v2\/posts\/248964\/revisions\/248969"}],"wp:featuredmedia":[{"embeddable":true,"href":"https:\/\/informelitoral.com.ar\/%77%70%2d%6a%73%6f%6e\/wp\/v2\/media\/248965"}],"wp:attachment":[{"href":"https:\/\/informelitoral.com.ar\/%77%70%2d%6a%73%6f%6e\/wp\/v2\/media?parent=248964"}],"wp:term":[{"taxonomy":"category","embeddable":true,"href":"https:\/\/informelitoral.com.ar\/%77%70%2d%6a%73%6f%6e\/wp\/v2\/categories?post=248964"},{"taxonomy":"post_tag","embeddable":true,"href":"https:\/\/informelitoral.com.ar\/%77%70%2d%6a%73%6f%6e\/wp\/v2\/tags?post=248964"}],"curies":[{"name":"wp","href":"https:\/\/api.w.org\/{rel}","templated":true}]}}