{"id":248825,"date":"2026-02-04T13:31:31","date_gmt":"2026-02-04T16:31:31","guid":{"rendered":"https:\/\/informelitoral.com.ar\/?p=248825"},"modified":"2026-02-04T21:56:08","modified_gmt":"2026-02-05T00:56:08","slug":"diputados-acompanaron-la-conmemoracion-del-aniversario-de-la-batalla-de-caseros-y-la-puesta-en-valor-del-palacio-san-jose","status":"publish","type":"post","link":"https:\/\/informelitoral.com.ar\/diputados-acompanaron-la-conmemoracion-del-aniversario-de-la-batalla-de-caseros-y-la-puesta-en-valor-del-palacio-san-jose\/","title":{"rendered":"Diputados acompa\u00f1aron la conmemoraci\u00f3n del aniversario de la Batalla de Caseros y la puesta en valor del Palacio San Jos\u00e9"},"content":{"rendered":"<p data-path-to-node=\"3\">En una jornada de fuerte relevancia institucional y federal, integrantes de la <b data-path-to-node=\"3\" data-index-in-node=\"79\">C\u00e1mara de Diputados de Entre R\u00edos<\/b> participaron del acto oficial por el <b data-path-to-node=\"3\" data-index-in-node=\"150\">174\u00ba aniversario de la Batalla de Caseros<\/b> en el Palacio San Jos\u00e9. La ceremonia, liderada por el gobernador Rogelio Frigerio y el presidente de la C\u00e1mara Baja, Gustavo Hein, sirvi\u00f3 de marco para la firma de un convenio clave con la Secretar\u00eda de Cultura de la Naci\u00f3n. Este acuerdo busca garantizar la <b data-path-to-node=\"3\" data-index-in-node=\"450\">restauraci\u00f3n y el mantenimiento del Monumento Hist\u00f3rico Nacional<\/b>, asegurando la preservaci\u00f3n del legado de Justo Jos\u00e9 de Urquiza para las futuras generaciones.<\/p>\n<p data-path-to-node=\"3\"><a href=\"https:\/\/drive.google.com\/thumbnail?id=1aPs35hqZUdpCqapksRxE7wene686UxBu&amp;sz=w2048\"><img loading=\"lazy\" decoding=\"async\" class=\"aligncenter wp-image-248827 size-large\" src=\"https:\/\/drive.google.com\/thumbnail?id=1aPs35hqZUdpCqapksRxE7wene686UxBu&amp;sz=w2048-h2048\" alt=\"\" width=\"1024\" height=\"1024\" \/><\/a><\/p>\n<p data-path-to-node=\"4\">Durante el encuentro, los legisladores de distintos bloques subrayaron la importancia de <b data-path-to-node=\"4\" data-index-in-node=\"89\">reivindicar el rol de Entre R\u00edos<\/b> en la construcci\u00f3n del Estado argentino moderno. El presidente de la C\u00e1mara, Gustavo Hein, destac\u00f3 que la presencia del cuerpo legislativo responde al compromiso de poner en valor el patrimonio arquitect\u00f3nico y cultural que representa el Palacio. Asimismo, se resalt\u00f3 la figura de Urquiza como el principal art\u00edfice de la <b data-path-to-node=\"4\" data-index-in-node=\"444\">organizaci\u00f3n nacional y el federalismo<\/b>, conceptos que fueron el eje central del discurso oficial ante las autoridades provinciales y municipales presentes.<\/p>\n<p data-path-to-node=\"4\"><a href=\"https:\/\/drive.google.com\/thumbnail?id=1WfeaAyqwBsbfwi7HhsxhcadBM9CdpWG4&amp;sz=w2048\"><img loading=\"lazy\" decoding=\"async\" class=\"aligncenter wp-image-248828 size-large\" src=\"https:\/\/drive.google.com\/thumbnail?id=1WfeaAyqwBsbfwi7HhsxhcadBM9CdpWG4&amp;sz=w2048-h2048\" alt=\"\" width=\"1024\" height=\"1024\" \/><\/a><\/p>\n<p data-path-to-node=\"5\">La conmemoraci\u00f3n combin\u00f3 el protocolo institucional con una propuesta cultural abierta al p\u00fablico que incluy\u00f3 intervenciones teatrales, m\u00fasica en vivo y proyecciones multimedia. Los diputados recorrieron las salas del museo, donde se recrearon hitos hist\u00f3ricos mediante representaciones que buscaron acercar la gesta de Caseros a la comunidad. De esta manera, el apoyo legislativo a este acuerdo con Naci\u00f3n reafirma la decisi\u00f3n pol\u00edtica de <b data-path-to-node=\"5\" data-index-in-node=\"440\">proteger la identidad hist\u00f3rica entrerriana<\/b> y potenciar el Palacio San Jos\u00e9 como uno de los sitios m\u00e1s significativos del pante\u00f3n de pr\u00f3ceres nacionales.<\/p>\n<h6 data-path-to-node=\"5\"><em><strong>Del archivo:\u00a0<a href=\"https:\/\/informelitoral.com.ar\/nacion-y-provincia-acordaron-poner-en-valor-el-palacio-san-jose\/\" target=\"_blank\" rel=\"noopener\">Naci\u00f3n y Provincia acordaron poner en valor el Palacio San Jos\u00e9<\/a><\/strong><\/em><\/h6>\n","protected":false},"excerpt":{"rendered":"<p>Los legisladores entrerrianos participaron del acto central encabezado por el gobernador Rogelio Frigerio, donde se anunci\u00f3 un acuerdo hist\u00f3rico con Naci\u00f3n para la restauraci\u00f3n del monumento.<\/p>\n","protected":false},"author":8,"featured_media":248826,"comment_status":"open","ping_status":"open","sticky":false,"template":"","format":"standard","meta":{"fifu_image_url":"","fifu_image_alt":"","footnotes":""},"categories":[16],"tags":[6425,196,1589,287,4279],"class_list":{"0":"post-248825","1":"post","2":"type-post","3":"status-publish","4":"format-standard","5":"has-post-thumbnail","7":"category-politi","8":"tag-batalla-de-caseros","9":"tag-diputados","10":"tag-gustavo-hein","11":"tag-legislativas","12":"tag-palacio-san-jose"},"yoast_head":"<title>Diputados acompa\u00f1aron la conmemoraci\u00f3n del aniversario de la Batalla de Caseros y la puesta en valor del Palacio San Jos\u00e9 - Informe Litoral<\/title>\n<meta name=\"robots\" content=\"index, follow, max-snippet:-1, max-image-preview:large, max-video-preview:-1\" \/>\n<link rel=\"canonical\" href=\"https:\/\/informelitoral.com.ar\/diputados-acompanaron-la-conmemoracion-del-aniversario-de-la-batalla-de-caseros-y-la-puesta-en-valor-del-palacio-san-jose\/\" \/>\n<meta property=\"og:locale\" content=\"es_ES\" \/>\n<meta property=\"og:type\" content=\"article\" \/>\n<meta property=\"og:title\" content=\"Diputados acompa\u00f1aron la conmemoraci\u00f3n del aniversario de la Batalla de Caseros y la puesta en valor del Palacio San Jos\u00e9 - Informe Litoral\" \/>\n<meta property=\"og:description\" content=\"Los legisladores entrerrianos participaron del acto central encabezado por el gobernador Rogelio Frigerio, donde se anunci\u00f3 un acuerdo hist\u00f3rico con Naci\u00f3n para la restauraci\u00f3n del monumento.\" \/>\n<meta property=\"og:url\" content=\"https:\/\/informelitoral.com.ar\/diputados-acompanaron-la-conmemoracion-del-aniversario-de-la-batalla-de-caseros-y-la-puesta-en-valor-del-palacio-san-jose\/\" \/>\n<meta property=\"og:site_name\" content=\"Informe Litoral\" \/>\n<meta property=\"article:publisher\" content=\"https:\/\/www.facebook.com\/informelitoral\/\" \/>\n<meta property=\"article:published_time\" content=\"2026-02-04T16:31:31+00:00\" \/>\n<meta property=\"article:modified_time\" content=\"2026-02-05T00:56:08+00:00\" \/>\n<meta property=\"og:image\" content=\"https:\/\/drive.google.com\/thumbnail?id=1XADadX7BNF3O5DHsO97ekmzw9xYiLHV7&sz=w2048\" \/>\n\t<meta property=\"og:image:width\" content=\"1600\" \/>\n\t<meta property=\"og:image:height\" content=\"1064\" \/>\n\t<meta property=\"og:image:type\" content=\"image\/jpeg\" \/>\n<meta name=\"author\" content=\"Sebastian\" \/>\n<meta name=\"twitter:card\" content=\"summary_large_image\" \/>\n<meta name=\"twitter:creator\" content=\"@InformeLitoral\" \/>\n<meta name=\"twitter:site\" content=\"@InformeLitoral\" \/>\n<meta name=\"twitter:label1\" content=\"Escrito por\" \/>\n\t<meta name=\"twitter:data1\" content=\"Sebastian\" \/>\n\t<meta name=\"twitter:label2\" content=\"Tiempo de lectura\" \/>\n\t<meta name=\"twitter:data2\" content=\"2 minutos\" \/>\n<script type=\"application\/ld+json\" class=\"yoast-schema-graph\">{\"@context\":\"https:\\\/\\\/schema.org\",\"@graph\":[{\"@type\":\"Article\",\"@id\":\"https:\\\/\\\/informelitoral.com.ar\\\/diputados-acompanaron-la-conmemoracion-del-aniversario-de-la-batalla-de-caseros-y-la-puesta-en-valor-del-palacio-san-jose\\\/#article\",\"isPartOf\":{\"@id\":\"https:\\\/\\\/informelitoral.com.ar\\\/diputados-acompanaron-la-conmemoracion-del-aniversario-de-la-batalla-de-caseros-y-la-puesta-en-valor-del-palacio-san-jose\\\/\"},\"author\":{\"name\":\"Sebastian\",\"@id\":\"https:\\\/\\\/informelitoral.com.ar\\\/#\\\/schema\\\/person\\\/f05f9f461677119578717524b127d6d5\"},\"headline\":\"Diputados acompa\u00f1aron la conmemoraci\u00f3n del aniversario de la Batalla de Caseros y la puesta en valor del Palacio San Jos\u00e9\",\"datePublished\":\"2026-02-04T16:31:31+00:00\",\"dateModified\":\"2026-02-05T00:56:08+00:00\",\"mainEntityOfPage\":{\"@id\":\"https:\\\/\\\/informelitoral.com.ar\\\/diputados-acompanaron-la-conmemoracion-del-aniversario-de-la-batalla-de-caseros-y-la-puesta-en-valor-del-palacio-san-jose\\\/\"},\"wordCount\":333,\"commentCount\":0,\"publisher\":{\"@id\":\"https:\\\/\\\/informelitoral.com.ar\\\/#organization\"},\"image\":{\"@id\":\"https:\\\/\\\/informelitoral.com.ar\\\/diputados-acompanaron-la-conmemoracion-del-aniversario-de-la-batalla-de-caseros-y-la-puesta-en-valor-del-palacio-san-jose\\\/#primaryimage\"},\"thumbnailUrl\":\"https:\\\/\\\/drive.google.com\\\/thumbnail?id=1XADadX7BNF3O5DHsO97ekmzw9xYiLHV7&sz=w2048\",\"keywords\":[\"Batalla de Caseros\",\"Diputados\",\"Gustavo Hein\",\"Legislativas\",\"Palacio San Jos\u00e9\"],\"articleSection\":[\"Politica\"],\"inLanguage\":\"es\",\"potentialAction\":[{\"@type\":\"CommentAction\",\"name\":\"Comment\",\"target\":[\"https:\\\/\\\/informelitoral.com.ar\\\/diputados-acompanaron-la-conmemoracion-del-aniversario-de-la-batalla-de-caseros-y-la-puesta-en-valor-del-palacio-san-jose\\\/#respond\"]}]},{\"@type\":\"WebPage\",\"@id\":\"https:\\\/\\\/informelitoral.com.ar\\\/diputados-acompanaron-la-conmemoracion-del-aniversario-de-la-batalla-de-caseros-y-la-puesta-en-valor-del-palacio-san-jose\\\/\",\"url\":\"https:\\\/\\\/informelitoral.com.ar\\\/diputados-acompanaron-la-conmemoracion-del-aniversario-de-la-batalla-de-caseros-y-la-puesta-en-valor-del-palacio-san-jose\\\/\",\"name\":\"Diputados acompa\u00f1aron la conmemoraci\u00f3n del aniversario de la Batalla de Caseros y la puesta en valor del Palacio San Jos\u00e9 - Informe Litoral\",\"isPartOf\":{\"@id\":\"https:\\\/\\\/informelitoral.com.ar\\\/#website\"},\"primaryImageOfPage\":{\"@id\":\"https:\\\/\\\/informelitoral.com.ar\\\/diputados-acompanaron-la-conmemoracion-del-aniversario-de-la-batalla-de-caseros-y-la-puesta-en-valor-del-palacio-san-jose\\\/#primaryimage\"},\"image\":{\"@id\":\"https:\\\/\\\/informelitoral.com.ar\\\/diputados-acompanaron-la-conmemoracion-del-aniversario-de-la-batalla-de-caseros-y-la-puesta-en-valor-del-palacio-san-jose\\\/#primaryimage\"},\"thumbnailUrl\":\"https:\\\/\\\/drive.google.com\\\/thumbnail?id=1XADadX7BNF3O5DHsO97ekmzw9xYiLHV7&sz=w2048\",\"datePublished\":\"2026-02-04T16:31:31+00:00\",\"dateModified\":\"2026-02-05T00:56:08+00:00\",\"breadcrumb\":{\"@id\":\"https:\\\/\\\/informelitoral.com.ar\\\/diputados-acompanaron-la-conmemoracion-del-aniversario-de-la-batalla-de-caseros-y-la-puesta-en-valor-del-palacio-san-jose\\\/#breadcrumb\"},\"inLanguage\":\"es\",\"potentialAction\":[{\"@type\":\"ReadAction\",\"target\":[\"https:\\\/\\\/informelitoral.com.ar\\\/diputados-acompanaron-la-conmemoracion-del-aniversario-de-la-batalla-de-caseros-y-la-puesta-en-valor-del-palacio-san-jose\\\/\"]}]},{\"@type\":\"ImageObject\",\"inLanguage\":\"es\",\"@id\":\"https:\\\/\\\/informelitoral.com.ar\\\/diputados-acompanaron-la-conmemoracion-del-aniversario-de-la-batalla-de-caseros-y-la-puesta-en-valor-del-palacio-san-jose\\\/#primaryimage\",\"url\":\"https:\\\/\\\/drive.google.com\\\/thumbnail?id=1XADadX7BNF3O5DHsO97ekmzw9xYiLHV7&sz=w2048\",\"contentUrl\":\"https:\\\/\\\/drive.google.com\\\/thumbnail?id=1XADadX7BNF3O5DHsO97ekmzw9xYiLHV7&sz=w2048\",\"width\":1600,\"height\":1064},{\"@type\":\"BreadcrumbList\",\"@id\":\"https:\\\/\\\/informelitoral.com.ar\\\/diputados-acompanaron-la-conmemoracion-del-aniversario-de-la-batalla-de-caseros-y-la-puesta-en-valor-del-palacio-san-jose\\\/#breadcrumb\",\"itemListElement\":[{\"@type\":\"ListItem\",\"position\":1,\"name\":\"Portada\",\"item\":\"https:\\\/\\\/informelitoral.com.ar\\\/\"},{\"@type\":\"ListItem\",\"position\":2,\"name\":\"Diputados acompa\u00f1aron la conmemoraci\u00f3n del aniversario de la Batalla de Caseros y la puesta en valor del Palacio San Jos\u00e9\"}]},{\"@type\":\"WebSite\",\"@id\":\"https:\\\/\\\/informelitoral.com.ar\\\/#website\",\"url\":\"https:\\\/\\\/informelitoral.com.ar\\\/\",\"name\":\"Informe Litoral\",\"description\":\"&quot;Nos informamos&quot; \",\"publisher\":{\"@id\":\"https:\\\/\\\/informelitoral.com.ar\\\/#organization\"},\"potentialAction\":[{\"@type\":\"SearchAction\",\"target\":{\"@type\":\"EntryPoint\",\"urlTemplate\":\"https:\\\/\\\/informelitoral.com.ar\\\/?s={search_term_string}\"},\"query-input\":{\"@type\":\"PropertyValueSpecification\",\"valueRequired\":true,\"valueName\":\"search_term_string\"}}],\"inLanguage\":\"es\"},{\"@type\":\"Organization\",\"@id\":\"https:\\\/\\\/informelitoral.com.ar\\\/#organization\",\"name\":\"Informe Litoral\",\"url\":\"https:\\\/\\\/informelitoral.com.ar\\\/\",\"logo\":{\"@type\":\"ImageObject\",\"inLanguage\":\"es\",\"@id\":\"https:\\\/\\\/informelitoral.com.ar\\\/#\\\/schema\\\/logo\\\/image\\\/\",\"url\":\"https:\\\/\\\/informelitoral.com.ar\\\/%77%70%2d%63%6f%6e%74%65%6e%74\\\/uploads\\\/2021\\\/01\\\/circulo.png\",\"contentUrl\":\"https:\\\/\\\/informelitoral.com.ar\\\/%77%70%2d%63%6f%6e%74%65%6e%74\\\/uploads\\\/2021\\\/01\\\/circulo.png\",\"width\":723,\"height\":731,\"caption\":\"Informe Litoral\"},\"image\":{\"@id\":\"https:\\\/\\\/informelitoral.com.ar\\\/#\\\/schema\\\/logo\\\/image\\\/\"},\"sameAs\":[\"https:\\\/\\\/www.facebook.com\\\/informelitoral\\\/\",\"https:\\\/\\\/x.com\\\/InformeLitoral\",\"https:\\\/\\\/www.instagram.com\\\/informelitoral\\\/\",\"https:\\\/\\\/www.youtube.com\\\/channel\\\/UCua4Qvz8Icb6MYqhoq9xLXw\"]},{\"@type\":\"Person\",\"@id\":\"https:\\\/\\\/informelitoral.com.ar\\\/#\\\/schema\\\/person\\\/f05f9f461677119578717524b127d6d5\",\"name\":\"Sebastian\",\"image\":{\"@type\":\"ImageObject\",\"inLanguage\":\"es\",\"@id\":\"https:\\\/\\\/secure.gravatar.com\\\/avatar\\\/b71bf7481d447dfb9583c7f2798e7cc64de6efb9067b74633ed8c31059a3bd82?s=96&d=mm&r=g\",\"url\":\"https:\\\/\\\/secure.gravatar.com\\\/avatar\\\/b71bf7481d447dfb9583c7f2798e7cc64de6efb9067b74633ed8c31059a3bd82?s=96&d=mm&r=g\",\"contentUrl\":\"https:\\\/\\\/secure.gravatar.com\\\/avatar\\\/b71bf7481d447dfb9583c7f2798e7cc64de6efb9067b74633ed8c31059a3bd82?s=96&d=mm&r=g\",\"caption\":\"Sebastian\"},\"url\":\"https:\\\/\\\/informelitoral.com.ar\\\/author\\\/sebastian\\\/\"}]}<\/script>","yoast_head_json":{"title":"Diputados acompa\u00f1aron la conmemoraci\u00f3n del aniversario de la Batalla de Caseros y la puesta en valor del Palacio San Jos\u00e9 - Informe Litoral","robots":{"index":"index","follow":"follow","max-snippet":"max-snippet:-1","max-image-preview":"max-image-preview:large","max-video-preview":"max-video-preview:-1"},"canonical":"https:\/\/informelitoral.com.ar\/diputados-acompanaron-la-conmemoracion-del-aniversario-de-la-batalla-de-caseros-y-la-puesta-en-valor-del-palacio-san-jose\/","og_locale":"es_ES","og_type":"article","og_title":"Diputados acompa\u00f1aron la conmemoraci\u00f3n del aniversario de la Batalla de Caseros y la puesta en valor del Palacio San Jos\u00e9 - Informe Litoral","og_description":"Los legisladores entrerrianos participaron del acto central encabezado por el gobernador Rogelio Frigerio, donde se anunci\u00f3 un acuerdo hist\u00f3rico con Naci\u00f3n para la restauraci\u00f3n del monumento.","og_url":"https:\/\/informelitoral.com.ar\/diputados-acompanaron-la-conmemoracion-del-aniversario-de-la-batalla-de-caseros-y-la-puesta-en-valor-del-palacio-san-jose\/","og_site_name":"Informe Litoral","article_publisher":"https:\/\/www.facebook.com\/informelitoral\/","article_published_time":"2026-02-04T16:31:31+00:00","article_modified_time":"2026-02-05T00:56:08+00:00","og_image":[{"width":1600,"height":1064,"url":"https:\/\/drive.google.com\/thumbnail?id=1XADadX7BNF3O5DHsO97ekmzw9xYiLHV7&sz=w2048","type":"image\/jpeg"}],"author":"Sebastian","twitter_card":"summary_large_image","twitter_creator":"@InformeLitoral","twitter_site":"@InformeLitoral","twitter_misc":{"Escrito por":"Sebastian","Tiempo de lectura":"2 minutos"},"schema":{"@context":"https:\/\/schema.org","@graph":[{"@type":"Article","@id":"https:\/\/informelitoral.com.ar\/diputados-acompanaron-la-conmemoracion-del-aniversario-de-la-batalla-de-caseros-y-la-puesta-en-valor-del-palacio-san-jose\/#article","isPartOf":{"@id":"https:\/\/informelitoral.com.ar\/diputados-acompanaron-la-conmemoracion-del-aniversario-de-la-batalla-de-caseros-y-la-puesta-en-valor-del-palacio-san-jose\/"},"author":{"name":"Sebastian","@id":"https:\/\/informelitoral.com.ar\/#\/schema\/person\/f05f9f461677119578717524b127d6d5"},"headline":"Diputados acompa\u00f1aron la conmemoraci\u00f3n del aniversario de la Batalla de Caseros y la puesta en valor del Palacio San Jos\u00e9","datePublished":"2026-02-04T16:31:31+00:00","dateModified":"2026-02-05T00:56:08+00:00","mainEntityOfPage":{"@id":"https:\/\/informelitoral.com.ar\/diputados-acompanaron-la-conmemoracion-del-aniversario-de-la-batalla-de-caseros-y-la-puesta-en-valor-del-palacio-san-jose\/"},"wordCount":333,"commentCount":0,"publisher":{"@id":"https:\/\/informelitoral.com.ar\/#organization"},"image":{"@id":"https:\/\/informelitoral.com.ar\/diputados-acompanaron-la-conmemoracion-del-aniversario-de-la-batalla-de-caseros-y-la-puesta-en-valor-del-palacio-san-jose\/#primaryimage"},"thumbnailUrl":"https:\/\/drive.google.com\/thumbnail?id=1XADadX7BNF3O5DHsO97ekmzw9xYiLHV7&sz=w2048","keywords":["Batalla de Caseros","Diputados","Gustavo Hein","Legislativas","Palacio San Jos\u00e9"],"articleSection":["Politica"],"inLanguage":"es","potentialAction":[{"@type":"CommentAction","name":"Comment","target":["https:\/\/informelitoral.com.ar\/diputados-acompanaron-la-conmemoracion-del-aniversario-de-la-batalla-de-caseros-y-la-puesta-en-valor-del-palacio-san-jose\/#respond"]}]},{"@type":"WebPage","@id":"https:\/\/informelitoral.com.ar\/diputados-acompanaron-la-conmemoracion-del-aniversario-de-la-batalla-de-caseros-y-la-puesta-en-valor-del-palacio-san-jose\/","url":"https:\/\/informelitoral.com.ar\/diputados-acompanaron-la-conmemoracion-del-aniversario-de-la-batalla-de-caseros-y-la-puesta-en-valor-del-palacio-san-jose\/","name":"Diputados acompa\u00f1aron la conmemoraci\u00f3n del aniversario de la Batalla de Caseros y la puesta en valor del Palacio San Jos\u00e9 - Informe Litoral","isPartOf":{"@id":"https:\/\/informelitoral.com.ar\/#website"},"primaryImageOfPage":{"@id":"https:\/\/informelitoral.com.ar\/diputados-acompanaron-la-conmemoracion-del-aniversario-de-la-batalla-de-caseros-y-la-puesta-en-valor-del-palacio-san-jose\/#primaryimage"},"image":{"@id":"https:\/\/informelitoral.com.ar\/diputados-acompanaron-la-conmemoracion-del-aniversario-de-la-batalla-de-caseros-y-la-puesta-en-valor-del-palacio-san-jose\/#primaryimage"},"thumbnailUrl":"https:\/\/drive.google.com\/thumbnail?id=1XADadX7BNF3O5DHsO97ekmzw9xYiLHV7&sz=w2048","datePublished":"2026-02-04T16:31:31+00:00","dateModified":"2026-02-05T00:56:08+00:00","breadcrumb":{"@id":"https:\/\/informelitoral.com.ar\/diputados-acompanaron-la-conmemoracion-del-aniversario-de-la-batalla-de-caseros-y-la-puesta-en-valor-del-palacio-san-jose\/#breadcrumb"},"inLanguage":"es","potentialAction":[{"@type":"ReadAction","target":["https:\/\/informelitoral.com.ar\/diputados-acompanaron-la-conmemoracion-del-aniversario-de-la-batalla-de-caseros-y-la-puesta-en-valor-del-palacio-san-jose\/"]}]},{"@type":"ImageObject","inLanguage":"es","@id":"https:\/\/informelitoral.com.ar\/diputados-acompanaron-la-conmemoracion-del-aniversario-de-la-batalla-de-caseros-y-la-puesta-en-valor-del-palacio-san-jose\/#primaryimage","url":"https:\/\/drive.google.com\/thumbnail?id=1XADadX7BNF3O5DHsO97ekmzw9xYiLHV7&sz=w2048","contentUrl":"https:\/\/drive.google.com\/thumbnail?id=1XADadX7BNF3O5DHsO97ekmzw9xYiLHV7&sz=w2048","width":1600,"height":1064},{"@type":"BreadcrumbList","@id":"https:\/\/informelitoral.com.ar\/diputados-acompanaron-la-conmemoracion-del-aniversario-de-la-batalla-de-caseros-y-la-puesta-en-valor-del-palacio-san-jose\/#breadcrumb","itemListElement":[{"@type":"ListItem","position":1,"name":"Portada","item":"https:\/\/informelitoral.com.ar\/"},{"@type":"ListItem","position":2,"name":"Diputados acompa\u00f1aron la conmemoraci\u00f3n del aniversario de la Batalla de Caseros y la puesta en valor del Palacio San Jos\u00e9"}]},{"@type":"WebSite","@id":"https:\/\/informelitoral.com.ar\/#website","url":"https:\/\/informelitoral.com.ar\/","name":"Informe Litoral","description":"&quot;Nos informamos&quot; ","publisher":{"@id":"https:\/\/informelitoral.com.ar\/#organization"},"potentialAction":[{"@type":"SearchAction","target":{"@type":"EntryPoint","urlTemplate":"https:\/\/informelitoral.com.ar\/?s={search_term_string}"},"query-input":{"@type":"PropertyValueSpecification","valueRequired":true,"valueName":"search_term_string"}}],"inLanguage":"es"},{"@type":"Organization","@id":"https:\/\/informelitoral.com.ar\/#organization","name":"Informe Litoral","url":"https:\/\/informelitoral.com.ar\/","logo":{"@type":"ImageObject","inLanguage":"es","@id":"https:\/\/informelitoral.com.ar\/#\/schema\/logo\/image\/","url":"https:\/\/informelitoral.com.ar\/%77%70%2d%63%6f%6e%74%65%6e%74\/uploads\/2021\/01\/circulo.png","contentUrl":"https:\/\/informelitoral.com.ar\/%77%70%2d%63%6f%6e%74%65%6e%74\/uploads\/2021\/01\/circulo.png","width":723,"height":731,"caption":"Informe Litoral"},"image":{"@id":"https:\/\/informelitoral.com.ar\/#\/schema\/logo\/image\/"},"sameAs":["https:\/\/www.facebook.com\/informelitoral\/","https:\/\/x.com\/InformeLitoral","https:\/\/www.instagram.com\/informelitoral\/","https:\/\/www.youtube.com\/channel\/UCua4Qvz8Icb6MYqhoq9xLXw"]},{"@type":"Person","@id":"https:\/\/informelitoral.com.ar\/#\/schema\/person\/f05f9f461677119578717524b127d6d5","name":"Sebastian","image":{"@type":"ImageObject","inLanguage":"es","@id":"https:\/\/secure.gravatar.com\/avatar\/b71bf7481d447dfb9583c7f2798e7cc64de6efb9067b74633ed8c31059a3bd82?s=96&d=mm&r=g","url":"https:\/\/secure.gravatar.com\/avatar\/b71bf7481d447dfb9583c7f2798e7cc64de6efb9067b74633ed8c31059a3bd82?s=96&d=mm&r=g","contentUrl":"https:\/\/secure.gravatar.com\/avatar\/b71bf7481d447dfb9583c7f2798e7cc64de6efb9067b74633ed8c31059a3bd82?s=96&d=mm&r=g","caption":"Sebastian"},"url":"https:\/\/informelitoral.com.ar\/author\/sebastian\/"}]}},"_links":{"self":[{"href":"https:\/\/informelitoral.com.ar\/%77%70%2d%6a%73%6f%6e\/wp\/v2\/posts\/248825","targetHints":{"allow":["GET"]}}],"collection":[{"href":"https:\/\/informelitoral.com.ar\/%77%70%2d%6a%73%6f%6e\/wp\/v2\/posts"}],"about":[{"href":"https:\/\/informelitoral.com.ar\/%77%70%2d%6a%73%6f%6e\/wp\/v2\/types\/post"}],"author":[{"embeddable":true,"href":"https:\/\/informelitoral.com.ar\/%77%70%2d%6a%73%6f%6e\/wp\/v2\/users\/8"}],"replies":[{"embeddable":true,"href":"https:\/\/informelitoral.com.ar\/%77%70%2d%6a%73%6f%6e\/wp\/v2\/comments?post=248825"}],"version-history":[{"count":3,"href":"https:\/\/informelitoral.com.ar\/%77%70%2d%6a%73%6f%6e\/wp\/v2\/posts\/248825\/revisions"}],"predecessor-version":[{"id":248840,"href":"https:\/\/informelitoral.com.ar\/%77%70%2d%6a%73%6f%6e\/wp\/v2\/posts\/248825\/revisions\/248840"}],"wp:featuredmedia":[{"embeddable":true,"href":"https:\/\/informelitoral.com.ar\/%77%70%2d%6a%73%6f%6e\/wp\/v2\/media\/248826"}],"wp:attachment":[{"href":"https:\/\/informelitoral.com.ar\/%77%70%2d%6a%73%6f%6e\/wp\/v2\/media?parent=248825"}],"wp:term":[{"taxonomy":"category","embeddable":true,"href":"https:\/\/informelitoral.com.ar\/%77%70%2d%6a%73%6f%6e\/wp\/v2\/categories?post=248825"},{"taxonomy":"post_tag","embeddable":true,"href":"https:\/\/informelitoral.com.ar\/%77%70%2d%6a%73%6f%6e\/wp\/v2\/tags?post=248825"}],"curies":[{"name":"wp","href":"https:\/\/api.w.org\/{rel}","templated":true}]}}