{"id":247824,"date":"2026-01-28T07:29:20","date_gmt":"2026-01-28T10:29:20","guid":{"rendered":"https:\/\/informelitoral.com.ar\/?p=247824"},"modified":"2026-01-28T07:33:20","modified_gmt":"2026-01-28T10:33:20","slug":"anuncian-un-miercoles-con-probabilidad-de-chaparrones-y-tormentas-aisladas","status":"publish","type":"post","link":"https:\/\/informelitoral.com.ar\/anuncian-un-miercoles-con-probabilidad-de-chaparrones-y-tormentas-aisladas\/","title":{"rendered":"Anuncian un mi\u00e9rcoles con probabilidad de chaparrones y tormentas aisladas"},"content":{"rendered":"<div class=\"td_block_wrap tdb_single_content tdi_108 td-pb-border-top td_block_template_1 td-post-content tagdiv-type\" data-td-block-uid=\"tdi_108\">\n<div class=\"tdb-block-inner td-fix-index\">\n<p><strong>El\u00a0<a href=\"https:\/\/www.argentina.gob.ar\/smn\">Servicio Meteorol\u00f3gico Nacional<\/a>\u00a0(SMN) anticipa para este mi\u00e9rcoles 28 de enero un d\u00eda caluroso y con tiempo inestable en gran parte de la provincia de Entre R\u00edos.<\/strong>\u00a0Las ciudades de Paran\u00e1, Concordia, Gualeguaych\u00fa, Col\u00f3n, Concepci\u00f3n del Uruguay y otras localidades del interior experimentar\u00e1n altas temperaturas, con chaparrones y tormentas aisladas. La probabilidad de precipitaciones se mantendr\u00e1 en diferentes niveles a lo largo del d\u00eda, con vientos moderados a leves.<\/p>\n<p>En la ciudad de Paran\u00e1, la jornada comenzar\u00e1 con una temperatura m\u00ednima de 23\u00b0C, alcanzando una m\u00e1xima de 35\u00b0C. Durante la madrugada, se prev\u00e9n tormentas aisladas que disminuir\u00e1n a medida que avance la ma\u00f1ana. A lo largo del d\u00eda, la probabilidad de lluvias ser\u00e1 del 10 al 40%, con algunos chaparrones dispersos en las primeras horas. Hacia la tarde, la probabilidad de precipitaciones aumentar\u00e1 a un rango entre el 40 y el 70%, disminuyendo nuevamente en la noche. Las condiciones del tiempo se mantendr\u00e1n inestables, lo que podr\u00eda afectar las actividades al aire libre.<\/p>\n<h2><strong><span style=\"color: #111111; font-family: Roboto, sans-serif; font-size: 22px;\">Pron\u00f3stico para Gualeguaych\u00fa, Col\u00f3n y Concepci\u00f3n del Uruguay<\/span><\/strong><\/h2>\n<p>En el sur de Entre R\u00edos, las localidades de Gualeguaych\u00fa, Col\u00f3n y Concepci\u00f3n del Uruguay experimentar\u00e1n condiciones similares al de la capital provincial. Se esperan temperaturas entre los 23 y 36\u00b0C, con tormentas aisladas en las primeras horas del d\u00eda. La probabilidad de lluvias ser\u00e1 baja por la ma\u00f1ana, entre el 10 y el 40%, pero aumentar\u00e1 a medida que se acerque la tarde. Para la noche, la probabilidad de precipitaciones volver\u00e1 a descender.<\/p>\n<p>En Gualeguaych\u00fa, las condiciones ser\u00e1n mayormente nubladas por la ma\u00f1ana, con temperaturas en ascenso hasta los 36\u00b0C por la tarde. Col\u00f3n y Concepci\u00f3n del Uruguay tendr\u00e1n condiciones similares, con m\u00e1ximas tambi\u00e9n rondando los 36\u00b0C y tormentas aisladas durante la madrugada. La jornada ser\u00e1 c\u00e1lida, con algunas lluvias dispersas, lo que podr\u00eda generar inconvenientes para quienes planean actividades al aire libre.<\/p>\n<p>Para las localidades como Tala y Feliciano, se prev\u00e9 una jornada m\u00e1s inestable, con mayores probabilidades de lluvias. Las temperaturas oscilar\u00e1n entre los 23 y 35\u00b0C, con tormentas aisladas durante la madrugada. Durante la tarde y la noche, la probabilidad de precipitaciones ser\u00e1 mayor, alcanzando entre el 40 y el 70%. Es importante destacar que se prev\u00e9 una importante inestabilidad en esta zona, por lo que se recomienda estar atento a las actualizaciones del SMN.<\/p>\n<\/div>\n<\/div>\n<div class=\"td-block td-a-rec td-a-rec-id-custom-spot tdi_110 td_block_template_1\">\n<h6 id=\"aswift_2_host\"><em><strong>Del archivo:\u00a0<a href=\"https:\/\/informelitoral.com.ar\/vuelve-la-pena-en-vivo-cuac-con-lalo-mir-y-artistas-locales\/\" target=\"_blank\" rel=\"noopener\">Vuelve la pe\u00f1a en vivo CUAC! con Lalo Mir y artistas locales<\/a><\/strong><\/em><\/h6>\n<\/div>\n","protected":false},"excerpt":{"rendered":"<p>La inestabilidad permanecer\u00e1 durante toda la jornada y la tarde nuevamente ser\u00e1 calurosa. <\/p>\n","protected":false},"author":2,"featured_media":209762,"comment_status":"open","ping_status":"open","sticky":false,"template":"","format":"standard","meta":{"fifu_image_url":"","fifu_image_alt":"","footnotes":""},"categories":[6],"tags":[38,2759,113],"class_list":{"0":"post-247824","1":"post","2":"type-post","3":"status-publish","4":"format-standard","5":"has-post-thumbnail","7":"category-entre-rios","8":"tag-el-tiempo","9":"tag-pronostico-del-tiempo","10":"tag-smn"},"yoast_head":"<title>Anuncian un mi\u00e9rcoles con probabilidad de chaparrones y tormentas aisladas - Informe Litoral<\/title>\n<meta name=\"robots\" content=\"index, follow, max-snippet:-1, max-image-preview:large, max-video-preview:-1\" \/>\n<link rel=\"canonical\" href=\"https:\/\/informelitoral.com.ar\/anuncian-un-miercoles-con-probabilidad-de-chaparrones-y-tormentas-aisladas\/\" \/>\n<meta property=\"og:locale\" content=\"es_ES\" \/>\n<meta property=\"og:type\" content=\"article\" \/>\n<meta property=\"og:title\" content=\"Anuncian un mi\u00e9rcoles con probabilidad de chaparrones y tormentas aisladas - Informe Litoral\" \/>\n<meta property=\"og:description\" content=\"La inestabilidad permanecer\u00e1 durante toda la jornada y la tarde nuevamente ser\u00e1 calurosa.\" \/>\n<meta property=\"og:url\" content=\"https:\/\/informelitoral.com.ar\/anuncian-un-miercoles-con-probabilidad-de-chaparrones-y-tormentas-aisladas\/\" \/>\n<meta property=\"og:site_name\" content=\"Informe Litoral\" \/>\n<meta property=\"article:publisher\" content=\"https:\/\/www.facebook.com\/informelitoral\/\" \/>\n<meta property=\"article:published_time\" content=\"2026-01-28T10:29:20+00:00\" \/>\n<meta property=\"article:modified_time\" content=\"2026-01-28T10:33:20+00:00\" \/>\n<meta property=\"og:image\" content=\"https:\/\/informelitoral.com.ar\/%77%70%2d%63%6f%6e%74%65%6e%74\/uploads\/2025\/01\/chaparrones.png\" \/>\n\t<meta property=\"og:image:width\" content=\"715\" \/>\n\t<meta property=\"og:image:height\" content=\"333\" \/>\n\t<meta property=\"og:image:type\" content=\"image\/png\" \/>\n<meta name=\"author\" content=\"Gonzalo Schmidt\" \/>\n<meta name=\"twitter:card\" content=\"summary_large_image\" \/>\n<meta name=\"twitter:creator\" content=\"@InformeLitoral\" \/>\n<meta name=\"twitter:site\" content=\"@InformeLitoral\" \/>\n<meta name=\"twitter:label1\" content=\"Escrito por\" \/>\n\t<meta name=\"twitter:data1\" content=\"Gonzalo Schmidt\" \/>\n\t<meta name=\"twitter:label2\" content=\"Tiempo de lectura\" \/>\n\t<meta name=\"twitter:data2\" content=\"3 minutos\" \/>\n<script type=\"application\/ld+json\" class=\"yoast-schema-graph\">{\"@context\":\"https:\\\/\\\/schema.org\",\"@graph\":[{\"@type\":\"Article\",\"@id\":\"https:\\\/\\\/informelitoral.com.ar\\\/anuncian-un-miercoles-con-probabilidad-de-chaparrones-y-tormentas-aisladas\\\/#article\",\"isPartOf\":{\"@id\":\"https:\\\/\\\/informelitoral.com.ar\\\/anuncian-un-miercoles-con-probabilidad-de-chaparrones-y-tormentas-aisladas\\\/\"},\"author\":{\"name\":\"Gonzalo Schmidt\",\"@id\":\"https:\\\/\\\/informelitoral.com.ar\\\/#\\\/schema\\\/person\\\/b9d00407c836482871ef1d57bf8e3180\"},\"headline\":\"Anuncian un mi\u00e9rcoles con probabilidad de chaparrones y tormentas aisladas\",\"datePublished\":\"2026-01-28T10:29:20+00:00\",\"dateModified\":\"2026-01-28T10:33:20+00:00\",\"mainEntityOfPage\":{\"@id\":\"https:\\\/\\\/informelitoral.com.ar\\\/anuncian-un-miercoles-con-probabilidad-de-chaparrones-y-tormentas-aisladas\\\/\"},\"wordCount\":432,\"commentCount\":0,\"publisher\":{\"@id\":\"https:\\\/\\\/informelitoral.com.ar\\\/#organization\"},\"image\":{\"@id\":\"https:\\\/\\\/informelitoral.com.ar\\\/anuncian-un-miercoles-con-probabilidad-de-chaparrones-y-tormentas-aisladas\\\/#primaryimage\"},\"thumbnailUrl\":\"https:\\\/\\\/informelitoral.com.ar\\\/%77%70%2d%63%6f%6e%74%65%6e%74\\\/uploads\\\/2025\\\/01\\\/chaparrones.png\",\"keywords\":[\"El tiempo\",\"Pron\u00f3stico del tiempo\",\"SMN\"],\"articleSection\":[\"Entre R\u00edos\"],\"inLanguage\":\"es\",\"potentialAction\":[{\"@type\":\"CommentAction\",\"name\":\"Comment\",\"target\":[\"https:\\\/\\\/informelitoral.com.ar\\\/anuncian-un-miercoles-con-probabilidad-de-chaparrones-y-tormentas-aisladas\\\/#respond\"]}]},{\"@type\":\"WebPage\",\"@id\":\"https:\\\/\\\/informelitoral.com.ar\\\/anuncian-un-miercoles-con-probabilidad-de-chaparrones-y-tormentas-aisladas\\\/\",\"url\":\"https:\\\/\\\/informelitoral.com.ar\\\/anuncian-un-miercoles-con-probabilidad-de-chaparrones-y-tormentas-aisladas\\\/\",\"name\":\"Anuncian un mi\u00e9rcoles con probabilidad de chaparrones y tormentas aisladas - Informe Litoral\",\"isPartOf\":{\"@id\":\"https:\\\/\\\/informelitoral.com.ar\\\/#website\"},\"primaryImageOfPage\":{\"@id\":\"https:\\\/\\\/informelitoral.com.ar\\\/anuncian-un-miercoles-con-probabilidad-de-chaparrones-y-tormentas-aisladas\\\/#primaryimage\"},\"image\":{\"@id\":\"https:\\\/\\\/informelitoral.com.ar\\\/anuncian-un-miercoles-con-probabilidad-de-chaparrones-y-tormentas-aisladas\\\/#primaryimage\"},\"thumbnailUrl\":\"https:\\\/\\\/informelitoral.com.ar\\\/%77%70%2d%63%6f%6e%74%65%6e%74\\\/uploads\\\/2025\\\/01\\\/chaparrones.png\",\"datePublished\":\"2026-01-28T10:29:20+00:00\",\"dateModified\":\"2026-01-28T10:33:20+00:00\",\"breadcrumb\":{\"@id\":\"https:\\\/\\\/informelitoral.com.ar\\\/anuncian-un-miercoles-con-probabilidad-de-chaparrones-y-tormentas-aisladas\\\/#breadcrumb\"},\"inLanguage\":\"es\",\"potentialAction\":[{\"@type\":\"ReadAction\",\"target\":[\"https:\\\/\\\/informelitoral.com.ar\\\/anuncian-un-miercoles-con-probabilidad-de-chaparrones-y-tormentas-aisladas\\\/\"]}]},{\"@type\":\"ImageObject\",\"inLanguage\":\"es\",\"@id\":\"https:\\\/\\\/informelitoral.com.ar\\\/anuncian-un-miercoles-con-probabilidad-de-chaparrones-y-tormentas-aisladas\\\/#primaryimage\",\"url\":\"https:\\\/\\\/informelitoral.com.ar\\\/%77%70%2d%63%6f%6e%74%65%6e%74\\\/uploads\\\/2025\\\/01\\\/chaparrones.png\",\"contentUrl\":\"https:\\\/\\\/informelitoral.com.ar\\\/%77%70%2d%63%6f%6e%74%65%6e%74\\\/uploads\\\/2025\\\/01\\\/chaparrones.png\",\"width\":715,\"height\":333,\"caption\":\"Imagen ilustrativa.\"},{\"@type\":\"BreadcrumbList\",\"@id\":\"https:\\\/\\\/informelitoral.com.ar\\\/anuncian-un-miercoles-con-probabilidad-de-chaparrones-y-tormentas-aisladas\\\/#breadcrumb\",\"itemListElement\":[{\"@type\":\"ListItem\",\"position\":1,\"name\":\"Portada\",\"item\":\"https:\\\/\\\/informelitoral.com.ar\\\/\"},{\"@type\":\"ListItem\",\"position\":2,\"name\":\"Anuncian un mi\u00e9rcoles con probabilidad de chaparrones y tormentas aisladas\"}]},{\"@type\":\"WebSite\",\"@id\":\"https:\\\/\\\/informelitoral.com.ar\\\/#website\",\"url\":\"https:\\\/\\\/informelitoral.com.ar\\\/\",\"name\":\"Informe Litoral\",\"description\":\"&quot;Nos informamos&quot; \",\"publisher\":{\"@id\":\"https:\\\/\\\/informelitoral.com.ar\\\/#organization\"},\"potentialAction\":[{\"@type\":\"SearchAction\",\"target\":{\"@type\":\"EntryPoint\",\"urlTemplate\":\"https:\\\/\\\/informelitoral.com.ar\\\/?s={search_term_string}\"},\"query-input\":{\"@type\":\"PropertyValueSpecification\",\"valueRequired\":true,\"valueName\":\"search_term_string\"}}],\"inLanguage\":\"es\"},{\"@type\":\"Organization\",\"@id\":\"https:\\\/\\\/informelitoral.com.ar\\\/#organization\",\"name\":\"Informe Litoral\",\"url\":\"https:\\\/\\\/informelitoral.com.ar\\\/\",\"logo\":{\"@type\":\"ImageObject\",\"inLanguage\":\"es\",\"@id\":\"https:\\\/\\\/informelitoral.com.ar\\\/#\\\/schema\\\/logo\\\/image\\\/\",\"url\":\"https:\\\/\\\/informelitoral.com.ar\\\/%77%70%2d%63%6f%6e%74%65%6e%74\\\/uploads\\\/2021\\\/01\\\/circulo.png\",\"contentUrl\":\"https:\\\/\\\/informelitoral.com.ar\\\/%77%70%2d%63%6f%6e%74%65%6e%74\\\/uploads\\\/2021\\\/01\\\/circulo.png\",\"width\":723,\"height\":731,\"caption\":\"Informe Litoral\"},\"image\":{\"@id\":\"https:\\\/\\\/informelitoral.com.ar\\\/#\\\/schema\\\/logo\\\/image\\\/\"},\"sameAs\":[\"https:\\\/\\\/www.facebook.com\\\/informelitoral\\\/\",\"https:\\\/\\\/x.com\\\/InformeLitoral\",\"https:\\\/\\\/www.instagram.com\\\/informelitoral\\\/\",\"https:\\\/\\\/www.youtube.com\\\/channel\\\/UCua4Qvz8Icb6MYqhoq9xLXw\"]},{\"@type\":\"Person\",\"@id\":\"https:\\\/\\\/informelitoral.com.ar\\\/#\\\/schema\\\/person\\\/b9d00407c836482871ef1d57bf8e3180\",\"name\":\"Gonzalo Schmidt\",\"image\":{\"@type\":\"ImageObject\",\"inLanguage\":\"es\",\"@id\":\"https:\\\/\\\/secure.gravatar.com\\\/avatar\\\/31a1a7b66ff2de83bd0e9fd79d026630d2d99e55e8bfe501287647b4fd9743de?s=96&d=mm&r=g\",\"url\":\"https:\\\/\\\/secure.gravatar.com\\\/avatar\\\/31a1a7b66ff2de83bd0e9fd79d026630d2d99e55e8bfe501287647b4fd9743de?s=96&d=mm&r=g\",\"contentUrl\":\"https:\\\/\\\/secure.gravatar.com\\\/avatar\\\/31a1a7b66ff2de83bd0e9fd79d026630d2d99e55e8bfe501287647b4fd9743de?s=96&d=mm&r=g\",\"caption\":\"Gonzalo Schmidt\"},\"description\":\"Sitio web de noticias de la provincia de Entre R\u00edos, Argentina. Informaci\u00f3n y entretenimiento. Informe Litoral, nos informamos.\",\"sameAs\":[\"http:\\\/\\\/www.isletasnoticias.com.ar\"],\"url\":\"https:\\\/\\\/informelitoral.com.ar\\\/author\\\/gonzalo\\\/\"}]}<\/script>","yoast_head_json":{"title":"Anuncian un mi\u00e9rcoles con probabilidad de chaparrones y tormentas aisladas - Informe Litoral","robots":{"index":"index","follow":"follow","max-snippet":"max-snippet:-1","max-image-preview":"max-image-preview:large","max-video-preview":"max-video-preview:-1"},"canonical":"https:\/\/informelitoral.com.ar\/anuncian-un-miercoles-con-probabilidad-de-chaparrones-y-tormentas-aisladas\/","og_locale":"es_ES","og_type":"article","og_title":"Anuncian un mi\u00e9rcoles con probabilidad de chaparrones y tormentas aisladas - Informe Litoral","og_description":"La inestabilidad permanecer\u00e1 durante toda la jornada y la tarde nuevamente ser\u00e1 calurosa.","og_url":"https:\/\/informelitoral.com.ar\/anuncian-un-miercoles-con-probabilidad-de-chaparrones-y-tormentas-aisladas\/","og_site_name":"Informe Litoral","article_publisher":"https:\/\/www.facebook.com\/informelitoral\/","article_published_time":"2026-01-28T10:29:20+00:00","article_modified_time":"2026-01-28T10:33:20+00:00","og_image":[{"width":715,"height":333,"url":"https:\/\/informelitoral.com.ar\/%77%70%2d%63%6f%6e%74%65%6e%74\/uploads\/2025\/01\/chaparrones.png","type":"image\/png"}],"author":"Gonzalo Schmidt","twitter_card":"summary_large_image","twitter_creator":"@InformeLitoral","twitter_site":"@InformeLitoral","twitter_misc":{"Escrito por":"Gonzalo Schmidt","Tiempo de lectura":"3 minutos"},"schema":{"@context":"https:\/\/schema.org","@graph":[{"@type":"Article","@id":"https:\/\/informelitoral.com.ar\/anuncian-un-miercoles-con-probabilidad-de-chaparrones-y-tormentas-aisladas\/#article","isPartOf":{"@id":"https:\/\/informelitoral.com.ar\/anuncian-un-miercoles-con-probabilidad-de-chaparrones-y-tormentas-aisladas\/"},"author":{"name":"Gonzalo Schmidt","@id":"https:\/\/informelitoral.com.ar\/#\/schema\/person\/b9d00407c836482871ef1d57bf8e3180"},"headline":"Anuncian un mi\u00e9rcoles con probabilidad de chaparrones y tormentas aisladas","datePublished":"2026-01-28T10:29:20+00:00","dateModified":"2026-01-28T10:33:20+00:00","mainEntityOfPage":{"@id":"https:\/\/informelitoral.com.ar\/anuncian-un-miercoles-con-probabilidad-de-chaparrones-y-tormentas-aisladas\/"},"wordCount":432,"commentCount":0,"publisher":{"@id":"https:\/\/informelitoral.com.ar\/#organization"},"image":{"@id":"https:\/\/informelitoral.com.ar\/anuncian-un-miercoles-con-probabilidad-de-chaparrones-y-tormentas-aisladas\/#primaryimage"},"thumbnailUrl":"https:\/\/informelitoral.com.ar\/%77%70%2d%63%6f%6e%74%65%6e%74\/uploads\/2025\/01\/chaparrones.png","keywords":["El tiempo","Pron\u00f3stico del tiempo","SMN"],"articleSection":["Entre R\u00edos"],"inLanguage":"es","potentialAction":[{"@type":"CommentAction","name":"Comment","target":["https:\/\/informelitoral.com.ar\/anuncian-un-miercoles-con-probabilidad-de-chaparrones-y-tormentas-aisladas\/#respond"]}]},{"@type":"WebPage","@id":"https:\/\/informelitoral.com.ar\/anuncian-un-miercoles-con-probabilidad-de-chaparrones-y-tormentas-aisladas\/","url":"https:\/\/informelitoral.com.ar\/anuncian-un-miercoles-con-probabilidad-de-chaparrones-y-tormentas-aisladas\/","name":"Anuncian un mi\u00e9rcoles con probabilidad de chaparrones y tormentas aisladas - Informe Litoral","isPartOf":{"@id":"https:\/\/informelitoral.com.ar\/#website"},"primaryImageOfPage":{"@id":"https:\/\/informelitoral.com.ar\/anuncian-un-miercoles-con-probabilidad-de-chaparrones-y-tormentas-aisladas\/#primaryimage"},"image":{"@id":"https:\/\/informelitoral.com.ar\/anuncian-un-miercoles-con-probabilidad-de-chaparrones-y-tormentas-aisladas\/#primaryimage"},"thumbnailUrl":"https:\/\/informelitoral.com.ar\/%77%70%2d%63%6f%6e%74%65%6e%74\/uploads\/2025\/01\/chaparrones.png","datePublished":"2026-01-28T10:29:20+00:00","dateModified":"2026-01-28T10:33:20+00:00","breadcrumb":{"@id":"https:\/\/informelitoral.com.ar\/anuncian-un-miercoles-con-probabilidad-de-chaparrones-y-tormentas-aisladas\/#breadcrumb"},"inLanguage":"es","potentialAction":[{"@type":"ReadAction","target":["https:\/\/informelitoral.com.ar\/anuncian-un-miercoles-con-probabilidad-de-chaparrones-y-tormentas-aisladas\/"]}]},{"@type":"ImageObject","inLanguage":"es","@id":"https:\/\/informelitoral.com.ar\/anuncian-un-miercoles-con-probabilidad-de-chaparrones-y-tormentas-aisladas\/#primaryimage","url":"https:\/\/informelitoral.com.ar\/%77%70%2d%63%6f%6e%74%65%6e%74\/uploads\/2025\/01\/chaparrones.png","contentUrl":"https:\/\/informelitoral.com.ar\/%77%70%2d%63%6f%6e%74%65%6e%74\/uploads\/2025\/01\/chaparrones.png","width":715,"height":333,"caption":"Imagen ilustrativa."},{"@type":"BreadcrumbList","@id":"https:\/\/informelitoral.com.ar\/anuncian-un-miercoles-con-probabilidad-de-chaparrones-y-tormentas-aisladas\/#breadcrumb","itemListElement":[{"@type":"ListItem","position":1,"name":"Portada","item":"https:\/\/informelitoral.com.ar\/"},{"@type":"ListItem","position":2,"name":"Anuncian un mi\u00e9rcoles con probabilidad de chaparrones y tormentas aisladas"}]},{"@type":"WebSite","@id":"https:\/\/informelitoral.com.ar\/#website","url":"https:\/\/informelitoral.com.ar\/","name":"Informe Litoral","description":"&quot;Nos informamos&quot; ","publisher":{"@id":"https:\/\/informelitoral.com.ar\/#organization"},"potentialAction":[{"@type":"SearchAction","target":{"@type":"EntryPoint","urlTemplate":"https:\/\/informelitoral.com.ar\/?s={search_term_string}"},"query-input":{"@type":"PropertyValueSpecification","valueRequired":true,"valueName":"search_term_string"}}],"inLanguage":"es"},{"@type":"Organization","@id":"https:\/\/informelitoral.com.ar\/#organization","name":"Informe Litoral","url":"https:\/\/informelitoral.com.ar\/","logo":{"@type":"ImageObject","inLanguage":"es","@id":"https:\/\/informelitoral.com.ar\/#\/schema\/logo\/image\/","url":"https:\/\/informelitoral.com.ar\/%77%70%2d%63%6f%6e%74%65%6e%74\/uploads\/2021\/01\/circulo.png","contentUrl":"https:\/\/informelitoral.com.ar\/%77%70%2d%63%6f%6e%74%65%6e%74\/uploads\/2021\/01\/circulo.png","width":723,"height":731,"caption":"Informe Litoral"},"image":{"@id":"https:\/\/informelitoral.com.ar\/#\/schema\/logo\/image\/"},"sameAs":["https:\/\/www.facebook.com\/informelitoral\/","https:\/\/x.com\/InformeLitoral","https:\/\/www.instagram.com\/informelitoral\/","https:\/\/www.youtube.com\/channel\/UCua4Qvz8Icb6MYqhoq9xLXw"]},{"@type":"Person","@id":"https:\/\/informelitoral.com.ar\/#\/schema\/person\/b9d00407c836482871ef1d57bf8e3180","name":"Gonzalo Schmidt","image":{"@type":"ImageObject","inLanguage":"es","@id":"https:\/\/secure.gravatar.com\/avatar\/31a1a7b66ff2de83bd0e9fd79d026630d2d99e55e8bfe501287647b4fd9743de?s=96&d=mm&r=g","url":"https:\/\/secure.gravatar.com\/avatar\/31a1a7b66ff2de83bd0e9fd79d026630d2d99e55e8bfe501287647b4fd9743de?s=96&d=mm&r=g","contentUrl":"https:\/\/secure.gravatar.com\/avatar\/31a1a7b66ff2de83bd0e9fd79d026630d2d99e55e8bfe501287647b4fd9743de?s=96&d=mm&r=g","caption":"Gonzalo Schmidt"},"description":"Sitio web de noticias de la provincia de Entre R\u00edos, Argentina. Informaci\u00f3n y entretenimiento. Informe Litoral, nos informamos.","sameAs":["http:\/\/www.isletasnoticias.com.ar"],"url":"https:\/\/informelitoral.com.ar\/author\/gonzalo\/"}]}},"_links":{"self":[{"href":"https:\/\/informelitoral.com.ar\/%77%70%2d%6a%73%6f%6e\/wp\/v2\/posts\/247824","targetHints":{"allow":["GET"]}}],"collection":[{"href":"https:\/\/informelitoral.com.ar\/%77%70%2d%6a%73%6f%6e\/wp\/v2\/posts"}],"about":[{"href":"https:\/\/informelitoral.com.ar\/%77%70%2d%6a%73%6f%6e\/wp\/v2\/types\/post"}],"author":[{"embeddable":true,"href":"https:\/\/informelitoral.com.ar\/%77%70%2d%6a%73%6f%6e\/wp\/v2\/users\/2"}],"replies":[{"embeddable":true,"href":"https:\/\/informelitoral.com.ar\/%77%70%2d%6a%73%6f%6e\/wp\/v2\/comments?post=247824"}],"version-history":[{"count":2,"href":"https:\/\/informelitoral.com.ar\/%77%70%2d%6a%73%6f%6e\/wp\/v2\/posts\/247824\/revisions"}],"predecessor-version":[{"id":247826,"href":"https:\/\/informelitoral.com.ar\/%77%70%2d%6a%73%6f%6e\/wp\/v2\/posts\/247824\/revisions\/247826"}],"wp:featuredmedia":[{"embeddable":true,"href":"https:\/\/informelitoral.com.ar\/%77%70%2d%6a%73%6f%6e\/wp\/v2\/media\/209762"}],"wp:attachment":[{"href":"https:\/\/informelitoral.com.ar\/%77%70%2d%6a%73%6f%6e\/wp\/v2\/media?parent=247824"}],"wp:term":[{"taxonomy":"category","embeddable":true,"href":"https:\/\/informelitoral.com.ar\/%77%70%2d%6a%73%6f%6e\/wp\/v2\/categories?post=247824"},{"taxonomy":"post_tag","embeddable":true,"href":"https:\/\/informelitoral.com.ar\/%77%70%2d%6a%73%6f%6e\/wp\/v2\/tags?post=247824"}],"curies":[{"name":"wp","href":"https:\/\/api.w.org\/{rel}","templated":true}]}}