{"id":247565,"date":"2026-01-26T07:26:41","date_gmt":"2026-01-26T10:26:41","guid":{"rendered":"https:\/\/informelitoral.com.ar\/?p=247565"},"modified":"2026-01-26T07:26:41","modified_gmt":"2026-01-26T10:26:41","slug":"frigerio-se-reunio-con-el-exgobernador-mario-moine","status":"publish","type":"post","link":"https:\/\/informelitoral.com.ar\/frigerio-se-reunio-con-el-exgobernador-mario-moine\/","title":{"rendered":"Frigerio se reuni\u00f3 con el exgobernador Mario Moine"},"content":{"rendered":"<p>Durante la reuni\u00f3n se abordaron distintos temas vinculados a la generaci\u00f3n de empleo, la necesidad de modernizar estructuras productivas y la importancia de contar con pol\u00edticas p\u00fablicas que permitan acompa\u00f1ar los cambios que se est\u00e1n produciendo a nivel nacional e internacional.<\/p>\n<p>Tras el encuentro, Moine destac\u00f3 la importancia de avanzar en reformas que permitan ampliar el empleo formal y reducir la informalidad. \u00abCoincido con la necesidad de una reforma laboral que ayude a generar m\u00e1s trabajo registrado y a ampliar la demanda laboral, sin afectar derechos esenciales\u00bb, expres\u00f3 el exmandatario.<\/p>\n<p>Asimismo, remarc\u00f3 la relevancia de encarar estos debates con una mirada de mediano y largo plazo. \u00abDurante muchos a\u00f1os se aplicaron esquemas que no lograron resolver los problemas de fondo. Hoy es necesario animarse a discutir nuevas herramientas, con responsabilidad y consenso\u00bb, sostuvo.<\/p>\n<p>En ese marco, Frigerio y Moine coincidieron en se\u00f1alar al turismo como uno de los ejes estrat\u00e9gicos para el desarrollo de Entre R\u00edos. Moine subray\u00f3 que se trata de una actividad clave para el crecimiento de los servicios y la generaci\u00f3n de empleo, y remarc\u00f3 la necesidad de avanzar en una planificaci\u00f3n sostenida que involucre al sector p\u00fablico, al sector privado y a los gobiernos locales.<\/p>\n<p>Finalmente, el exgobernador valor\u00f3 el di\u00e1logo mantenido con Frigerio y destac\u00f3 la importancia de generar \u00e1mbitos de intercambio que permitan pensar pol\u00edticas de Estado orientadas al desarrollo y al futuro de la provincia.<\/p>\n<h6><em><strong>Del archivo:\u00a0<a href=\"https:\/\/informelitoral.com.ar\/la-reunion-de-bordet-con-frigerio-no-le-gusto-a-parte-del-peronismo\/\" target=\"_blank\" rel=\"noopener\">La reuni\u00f3n de Bordet con Frigerio no le gust\u00f3 a parte del peronismo<\/a><\/strong><\/em><\/h6>\n","protected":false},"excerpt":{"rendered":"<p>El gobernador Rogelio Frigerio mantuvo un encuentro de trabajo con el exgobernador de Entre R\u00edos Mario Moine, en el que intercambiaron miradas sobre la situaci\u00f3n actual del pa\u00eds y la provincia, el funcionamiento del Estado y los principales desaf\u00edos de desarrollo para los pr\u00f3ximos a\u00f1os.<\/p>\n","protected":false},"author":2,"featured_media":247566,"comment_status":"open","ping_status":"open","sticky":false,"template":"","format":"standard","meta":{"fifu_image_url":"","fifu_image_alt":"","footnotes":""},"categories":[16],"tags":[949],"class_list":{"0":"post-247565","1":"post","2":"type-post","3":"status-publish","4":"format-standard","5":"has-post-thumbnail","7":"category-politi","8":"tag-rogelio-frigerio"},"yoast_head":"<title>Frigerio se reuni\u00f3 con el exgobernador Mario Moine - Informe Litoral<\/title>\n<meta name=\"robots\" content=\"index, follow, max-snippet:-1, max-image-preview:large, max-video-preview:-1\" \/>\n<link rel=\"canonical\" href=\"https:\/\/informelitoral.com.ar\/frigerio-se-reunio-con-el-exgobernador-mario-moine\/\" \/>\n<meta property=\"og:locale\" content=\"es_ES\" \/>\n<meta property=\"og:type\" content=\"article\" \/>\n<meta property=\"og:title\" content=\"Frigerio se reuni\u00f3 con el exgobernador Mario Moine - Informe Litoral\" \/>\n<meta property=\"og:description\" content=\"El gobernador Rogelio Frigerio mantuvo un encuentro de trabajo con el exgobernador de Entre R\u00edos Mario Moine, en el que intercambiaron miradas sobre la situaci\u00f3n actual del pa\u00eds y la provincia, el funcionamiento del Estado y los principales desaf\u00edos de desarrollo para los pr\u00f3ximos a\u00f1os.\" \/>\n<meta property=\"og:url\" content=\"https:\/\/informelitoral.com.ar\/frigerio-se-reunio-con-el-exgobernador-mario-moine\/\" \/>\n<meta property=\"og:site_name\" content=\"Informe Litoral\" \/>\n<meta property=\"article:publisher\" content=\"https:\/\/www.facebook.com\/informelitoral\/\" \/>\n<meta property=\"article:published_time\" content=\"2026-01-26T10:26:41+00:00\" \/>\n<meta property=\"og:image\" content=\"https:\/\/drive.google.com\/https:\/\/lh3.googleusercontent.com\/drive-storage\/AJQWtBOqtyXm20-BfxOZqCWQI0HoeEA6dLFWlr9-YY5IwZ0DsmLkhdDG7NB-QotMwR7_tUxVpqtrKVn3R_AiC2CvIQBGkR6GhW0xF8mTk7vP4pLXbhA7=2048-h2048\" \/>\n\t<meta property=\"og:image:width\" content=\"1024\" \/>\n\t<meta property=\"og:image:height\" content=\"1024\" \/>\n\t<meta property=\"og:image:type\" content=\"image\/jpeg\" \/>\n<meta name=\"author\" content=\"Gonzalo Schmidt\" \/>\n<meta name=\"twitter:card\" content=\"summary_large_image\" \/>\n<meta name=\"twitter:creator\" content=\"@InformeLitoral\" \/>\n<meta name=\"twitter:site\" content=\"@InformeLitoral\" \/>\n<meta name=\"twitter:label1\" content=\"Escrito por\" \/>\n\t<meta name=\"twitter:data1\" content=\"Gonzalo Schmidt\" \/>\n\t<meta name=\"twitter:label2\" content=\"Tiempo de lectura\" \/>\n\t<meta name=\"twitter:data2\" content=\"2 minutos\" \/>\n<script type=\"application\/ld+json\" class=\"yoast-schema-graph\">{\"@context\":\"https:\\\/\\\/schema.org\",\"@graph\":[{\"@type\":\"Article\",\"@id\":\"https:\\\/\\\/informelitoral.com.ar\\\/frigerio-se-reunio-con-el-exgobernador-mario-moine\\\/#article\",\"isPartOf\":{\"@id\":\"https:\\\/\\\/informelitoral.com.ar\\\/frigerio-se-reunio-con-el-exgobernador-mario-moine\\\/\"},\"author\":{\"name\":\"Gonzalo Schmidt\",\"@id\":\"https:\\\/\\\/informelitoral.com.ar\\\/#\\\/schema\\\/person\\\/b9d00407c836482871ef1d57bf8e3180\"},\"headline\":\"Frigerio se reuni\u00f3 con el exgobernador Mario Moine\",\"datePublished\":\"2026-01-26T10:26:41+00:00\",\"mainEntityOfPage\":{\"@id\":\"https:\\\/\\\/informelitoral.com.ar\\\/frigerio-se-reunio-con-el-exgobernador-mario-moine\\\/\"},\"wordCount\":272,\"commentCount\":0,\"publisher\":{\"@id\":\"https:\\\/\\\/informelitoral.com.ar\\\/#organization\"},\"image\":{\"@id\":\"https:\\\/\\\/informelitoral.com.ar\\\/frigerio-se-reunio-con-el-exgobernador-mario-moine\\\/#primaryimage\"},\"thumbnailUrl\":\"https:\\\/\\\/drive.google.com\\\/thumbnail?id=1Q3WyB3Vf2ijjtxGBSxErO8fo4SvBhuA2&sz=w2048\",\"keywords\":[\"Rogelio Frigerio\"],\"articleSection\":[\"Politica\"],\"inLanguage\":\"es\",\"potentialAction\":[{\"@type\":\"CommentAction\",\"name\":\"Comment\",\"target\":[\"https:\\\/\\\/informelitoral.com.ar\\\/frigerio-se-reunio-con-el-exgobernador-mario-moine\\\/#respond\"]}]},{\"@type\":\"WebPage\",\"@id\":\"https:\\\/\\\/informelitoral.com.ar\\\/frigerio-se-reunio-con-el-exgobernador-mario-moine\\\/\",\"url\":\"https:\\\/\\\/informelitoral.com.ar\\\/frigerio-se-reunio-con-el-exgobernador-mario-moine\\\/\",\"name\":\"Frigerio se reuni\u00f3 con el exgobernador Mario Moine - Informe Litoral\",\"isPartOf\":{\"@id\":\"https:\\\/\\\/informelitoral.com.ar\\\/#website\"},\"primaryImageOfPage\":{\"@id\":\"https:\\\/\\\/informelitoral.com.ar\\\/frigerio-se-reunio-con-el-exgobernador-mario-moine\\\/#primaryimage\"},\"image\":{\"@id\":\"https:\\\/\\\/informelitoral.com.ar\\\/frigerio-se-reunio-con-el-exgobernador-mario-moine\\\/#primaryimage\"},\"thumbnailUrl\":\"https:\\\/\\\/drive.google.com\\\/thumbnail?id=1Q3WyB3Vf2ijjtxGBSxErO8fo4SvBhuA2&sz=w2048\",\"datePublished\":\"2026-01-26T10:26:41+00:00\",\"breadcrumb\":{\"@id\":\"https:\\\/\\\/informelitoral.com.ar\\\/frigerio-se-reunio-con-el-exgobernador-mario-moine\\\/#breadcrumb\"},\"inLanguage\":\"es\",\"potentialAction\":[{\"@type\":\"ReadAction\",\"target\":[\"https:\\\/\\\/informelitoral.com.ar\\\/frigerio-se-reunio-con-el-exgobernador-mario-moine\\\/\"]}]},{\"@type\":\"ImageObject\",\"inLanguage\":\"es\",\"@id\":\"https:\\\/\\\/informelitoral.com.ar\\\/frigerio-se-reunio-con-el-exgobernador-mario-moine\\\/#primaryimage\",\"url\":\"https:\\\/\\\/drive.google.com\\\/thumbnail?id=1Q3WyB3Vf2ijjtxGBSxErO8fo4SvBhuA2&sz=w2048\",\"contentUrl\":\"https:\\\/\\\/drive.google.com\\\/thumbnail?id=1Q3WyB3Vf2ijjtxGBSxErO8fo4SvBhuA2&sz=w2048\",\"width\":1600,\"height\":1068},{\"@type\":\"BreadcrumbList\",\"@id\":\"https:\\\/\\\/informelitoral.com.ar\\\/frigerio-se-reunio-con-el-exgobernador-mario-moine\\\/#breadcrumb\",\"itemListElement\":[{\"@type\":\"ListItem\",\"position\":1,\"name\":\"Portada\",\"item\":\"https:\\\/\\\/informelitoral.com.ar\\\/\"},{\"@type\":\"ListItem\",\"position\":2,\"name\":\"Frigerio se reuni\u00f3 con el exgobernador Mario Moine\"}]},{\"@type\":\"WebSite\",\"@id\":\"https:\\\/\\\/informelitoral.com.ar\\\/#website\",\"url\":\"https:\\\/\\\/informelitoral.com.ar\\\/\",\"name\":\"Informe Litoral\",\"description\":\"&quot;Nos informamos&quot; \",\"publisher\":{\"@id\":\"https:\\\/\\\/informelitoral.com.ar\\\/#organization\"},\"potentialAction\":[{\"@type\":\"SearchAction\",\"target\":{\"@type\":\"EntryPoint\",\"urlTemplate\":\"https:\\\/\\\/informelitoral.com.ar\\\/?s={search_term_string}\"},\"query-input\":{\"@type\":\"PropertyValueSpecification\",\"valueRequired\":true,\"valueName\":\"search_term_string\"}}],\"inLanguage\":\"es\"},{\"@type\":\"Organization\",\"@id\":\"https:\\\/\\\/informelitoral.com.ar\\\/#organization\",\"name\":\"Informe Litoral\",\"url\":\"https:\\\/\\\/informelitoral.com.ar\\\/\",\"logo\":{\"@type\":\"ImageObject\",\"inLanguage\":\"es\",\"@id\":\"https:\\\/\\\/informelitoral.com.ar\\\/#\\\/schema\\\/logo\\\/image\\\/\",\"url\":\"https:\\\/\\\/informelitoral.com.ar\\\/%77%70%2d%63%6f%6e%74%65%6e%74\\\/uploads\\\/2021\\\/01\\\/circulo.png\",\"contentUrl\":\"https:\\\/\\\/informelitoral.com.ar\\\/%77%70%2d%63%6f%6e%74%65%6e%74\\\/uploads\\\/2021\\\/01\\\/circulo.png\",\"width\":723,\"height\":731,\"caption\":\"Informe Litoral\"},\"image\":{\"@id\":\"https:\\\/\\\/informelitoral.com.ar\\\/#\\\/schema\\\/logo\\\/image\\\/\"},\"sameAs\":[\"https:\\\/\\\/www.facebook.com\\\/informelitoral\\\/\",\"https:\\\/\\\/x.com\\\/InformeLitoral\",\"https:\\\/\\\/www.instagram.com\\\/informelitoral\\\/\",\"https:\\\/\\\/www.youtube.com\\\/channel\\\/UCua4Qvz8Icb6MYqhoq9xLXw\"]},{\"@type\":\"Person\",\"@id\":\"https:\\\/\\\/informelitoral.com.ar\\\/#\\\/schema\\\/person\\\/b9d00407c836482871ef1d57bf8e3180\",\"name\":\"Gonzalo Schmidt\",\"image\":{\"@type\":\"ImageObject\",\"inLanguage\":\"es\",\"@id\":\"https:\\\/\\\/secure.gravatar.com\\\/avatar\\\/31a1a7b66ff2de83bd0e9fd79d026630d2d99e55e8bfe501287647b4fd9743de?s=96&d=mm&r=g\",\"url\":\"https:\\\/\\\/secure.gravatar.com\\\/avatar\\\/31a1a7b66ff2de83bd0e9fd79d026630d2d99e55e8bfe501287647b4fd9743de?s=96&d=mm&r=g\",\"contentUrl\":\"https:\\\/\\\/secure.gravatar.com\\\/avatar\\\/31a1a7b66ff2de83bd0e9fd79d026630d2d99e55e8bfe501287647b4fd9743de?s=96&d=mm&r=g\",\"caption\":\"Gonzalo Schmidt\"},\"description\":\"Sitio web de noticias de la provincia de Entre R\u00edos, Argentina. Informaci\u00f3n y entretenimiento. Informe Litoral, nos informamos.\",\"sameAs\":[\"http:\\\/\\\/www.isletasnoticias.com.ar\"],\"url\":\"https:\\\/\\\/informelitoral.com.ar\\\/author\\\/gonzalo\\\/\"}]}<\/script>","yoast_head_json":{"title":"Frigerio se reuni\u00f3 con el exgobernador Mario Moine - Informe Litoral","robots":{"index":"index","follow":"follow","max-snippet":"max-snippet:-1","max-image-preview":"max-image-preview:large","max-video-preview":"max-video-preview:-1"},"canonical":"https:\/\/informelitoral.com.ar\/frigerio-se-reunio-con-el-exgobernador-mario-moine\/","og_locale":"es_ES","og_type":"article","og_title":"Frigerio se reuni\u00f3 con el exgobernador Mario Moine - Informe Litoral","og_description":"El gobernador Rogelio Frigerio mantuvo un encuentro de trabajo con el exgobernador de Entre R\u00edos Mario Moine, en el que intercambiaron miradas sobre la situaci\u00f3n actual del pa\u00eds y la provincia, el funcionamiento del Estado y los principales desaf\u00edos de desarrollo para los pr\u00f3ximos a\u00f1os.","og_url":"https:\/\/informelitoral.com.ar\/frigerio-se-reunio-con-el-exgobernador-mario-moine\/","og_site_name":"Informe Litoral","article_publisher":"https:\/\/www.facebook.com\/informelitoral\/","article_published_time":"2026-01-26T10:26:41+00:00","og_image":[{"width":1024,"height":1024,"url":"https:\/\/drive.google.com\/https:\/\/lh3.googleusercontent.com\/drive-storage\/AJQWtBOqtyXm20-BfxOZqCWQI0HoeEA6dLFWlr9-YY5IwZ0DsmLkhdDG7NB-QotMwR7_tUxVpqtrKVn3R_AiC2CvIQBGkR6GhW0xF8mTk7vP4pLXbhA7=2048-h2048","type":"image\/jpeg"}],"author":"Gonzalo Schmidt","twitter_card":"summary_large_image","twitter_creator":"@InformeLitoral","twitter_site":"@InformeLitoral","twitter_misc":{"Escrito por":"Gonzalo Schmidt","Tiempo de lectura":"2 minutos"},"schema":{"@context":"https:\/\/schema.org","@graph":[{"@type":"Article","@id":"https:\/\/informelitoral.com.ar\/frigerio-se-reunio-con-el-exgobernador-mario-moine\/#article","isPartOf":{"@id":"https:\/\/informelitoral.com.ar\/frigerio-se-reunio-con-el-exgobernador-mario-moine\/"},"author":{"name":"Gonzalo Schmidt","@id":"https:\/\/informelitoral.com.ar\/#\/schema\/person\/b9d00407c836482871ef1d57bf8e3180"},"headline":"Frigerio se reuni\u00f3 con el exgobernador Mario Moine","datePublished":"2026-01-26T10:26:41+00:00","mainEntityOfPage":{"@id":"https:\/\/informelitoral.com.ar\/frigerio-se-reunio-con-el-exgobernador-mario-moine\/"},"wordCount":272,"commentCount":0,"publisher":{"@id":"https:\/\/informelitoral.com.ar\/#organization"},"image":{"@id":"https:\/\/informelitoral.com.ar\/frigerio-se-reunio-con-el-exgobernador-mario-moine\/#primaryimage"},"thumbnailUrl":"https:\/\/drive.google.com\/thumbnail?id=1Q3WyB3Vf2ijjtxGBSxErO8fo4SvBhuA2&sz=w2048","keywords":["Rogelio Frigerio"],"articleSection":["Politica"],"inLanguage":"es","potentialAction":[{"@type":"CommentAction","name":"Comment","target":["https:\/\/informelitoral.com.ar\/frigerio-se-reunio-con-el-exgobernador-mario-moine\/#respond"]}]},{"@type":"WebPage","@id":"https:\/\/informelitoral.com.ar\/frigerio-se-reunio-con-el-exgobernador-mario-moine\/","url":"https:\/\/informelitoral.com.ar\/frigerio-se-reunio-con-el-exgobernador-mario-moine\/","name":"Frigerio se reuni\u00f3 con el exgobernador Mario Moine - Informe Litoral","isPartOf":{"@id":"https:\/\/informelitoral.com.ar\/#website"},"primaryImageOfPage":{"@id":"https:\/\/informelitoral.com.ar\/frigerio-se-reunio-con-el-exgobernador-mario-moine\/#primaryimage"},"image":{"@id":"https:\/\/informelitoral.com.ar\/frigerio-se-reunio-con-el-exgobernador-mario-moine\/#primaryimage"},"thumbnailUrl":"https:\/\/drive.google.com\/thumbnail?id=1Q3WyB3Vf2ijjtxGBSxErO8fo4SvBhuA2&sz=w2048","datePublished":"2026-01-26T10:26:41+00:00","breadcrumb":{"@id":"https:\/\/informelitoral.com.ar\/frigerio-se-reunio-con-el-exgobernador-mario-moine\/#breadcrumb"},"inLanguage":"es","potentialAction":[{"@type":"ReadAction","target":["https:\/\/informelitoral.com.ar\/frigerio-se-reunio-con-el-exgobernador-mario-moine\/"]}]},{"@type":"ImageObject","inLanguage":"es","@id":"https:\/\/informelitoral.com.ar\/frigerio-se-reunio-con-el-exgobernador-mario-moine\/#primaryimage","url":"https:\/\/drive.google.com\/thumbnail?id=1Q3WyB3Vf2ijjtxGBSxErO8fo4SvBhuA2&sz=w2048","contentUrl":"https:\/\/drive.google.com\/thumbnail?id=1Q3WyB3Vf2ijjtxGBSxErO8fo4SvBhuA2&sz=w2048","width":1600,"height":1068},{"@type":"BreadcrumbList","@id":"https:\/\/informelitoral.com.ar\/frigerio-se-reunio-con-el-exgobernador-mario-moine\/#breadcrumb","itemListElement":[{"@type":"ListItem","position":1,"name":"Portada","item":"https:\/\/informelitoral.com.ar\/"},{"@type":"ListItem","position":2,"name":"Frigerio se reuni\u00f3 con el exgobernador Mario Moine"}]},{"@type":"WebSite","@id":"https:\/\/informelitoral.com.ar\/#website","url":"https:\/\/informelitoral.com.ar\/","name":"Informe Litoral","description":"&quot;Nos informamos&quot; ","publisher":{"@id":"https:\/\/informelitoral.com.ar\/#organization"},"potentialAction":[{"@type":"SearchAction","target":{"@type":"EntryPoint","urlTemplate":"https:\/\/informelitoral.com.ar\/?s={search_term_string}"},"query-input":{"@type":"PropertyValueSpecification","valueRequired":true,"valueName":"search_term_string"}}],"inLanguage":"es"},{"@type":"Organization","@id":"https:\/\/informelitoral.com.ar\/#organization","name":"Informe Litoral","url":"https:\/\/informelitoral.com.ar\/","logo":{"@type":"ImageObject","inLanguage":"es","@id":"https:\/\/informelitoral.com.ar\/#\/schema\/logo\/image\/","url":"https:\/\/informelitoral.com.ar\/%77%70%2d%63%6f%6e%74%65%6e%74\/uploads\/2021\/01\/circulo.png","contentUrl":"https:\/\/informelitoral.com.ar\/%77%70%2d%63%6f%6e%74%65%6e%74\/uploads\/2021\/01\/circulo.png","width":723,"height":731,"caption":"Informe Litoral"},"image":{"@id":"https:\/\/informelitoral.com.ar\/#\/schema\/logo\/image\/"},"sameAs":["https:\/\/www.facebook.com\/informelitoral\/","https:\/\/x.com\/InformeLitoral","https:\/\/www.instagram.com\/informelitoral\/","https:\/\/www.youtube.com\/channel\/UCua4Qvz8Icb6MYqhoq9xLXw"]},{"@type":"Person","@id":"https:\/\/informelitoral.com.ar\/#\/schema\/person\/b9d00407c836482871ef1d57bf8e3180","name":"Gonzalo Schmidt","image":{"@type":"ImageObject","inLanguage":"es","@id":"https:\/\/secure.gravatar.com\/avatar\/31a1a7b66ff2de83bd0e9fd79d026630d2d99e55e8bfe501287647b4fd9743de?s=96&d=mm&r=g","url":"https:\/\/secure.gravatar.com\/avatar\/31a1a7b66ff2de83bd0e9fd79d026630d2d99e55e8bfe501287647b4fd9743de?s=96&d=mm&r=g","contentUrl":"https:\/\/secure.gravatar.com\/avatar\/31a1a7b66ff2de83bd0e9fd79d026630d2d99e55e8bfe501287647b4fd9743de?s=96&d=mm&r=g","caption":"Gonzalo Schmidt"},"description":"Sitio web de noticias de la provincia de Entre R\u00edos, Argentina. Informaci\u00f3n y entretenimiento. Informe Litoral, nos informamos.","sameAs":["http:\/\/www.isletasnoticias.com.ar"],"url":"https:\/\/informelitoral.com.ar\/author\/gonzalo\/"}]}},"_links":{"self":[{"href":"https:\/\/informelitoral.com.ar\/%77%70%2d%6a%73%6f%6e\/wp\/v2\/posts\/247565","targetHints":{"allow":["GET"]}}],"collection":[{"href":"https:\/\/informelitoral.com.ar\/%77%70%2d%6a%73%6f%6e\/wp\/v2\/posts"}],"about":[{"href":"https:\/\/informelitoral.com.ar\/%77%70%2d%6a%73%6f%6e\/wp\/v2\/types\/post"}],"author":[{"embeddable":true,"href":"https:\/\/informelitoral.com.ar\/%77%70%2d%6a%73%6f%6e\/wp\/v2\/users\/2"}],"replies":[{"embeddable":true,"href":"https:\/\/informelitoral.com.ar\/%77%70%2d%6a%73%6f%6e\/wp\/v2\/comments?post=247565"}],"version-history":[{"count":1,"href":"https:\/\/informelitoral.com.ar\/%77%70%2d%6a%73%6f%6e\/wp\/v2\/posts\/247565\/revisions"}],"predecessor-version":[{"id":247567,"href":"https:\/\/informelitoral.com.ar\/%77%70%2d%6a%73%6f%6e\/wp\/v2\/posts\/247565\/revisions\/247567"}],"wp:featuredmedia":[{"embeddable":true,"href":"https:\/\/informelitoral.com.ar\/%77%70%2d%6a%73%6f%6e\/wp\/v2\/media\/247566"}],"wp:attachment":[{"href":"https:\/\/informelitoral.com.ar\/%77%70%2d%6a%73%6f%6e\/wp\/v2\/media?parent=247565"}],"wp:term":[{"taxonomy":"category","embeddable":true,"href":"https:\/\/informelitoral.com.ar\/%77%70%2d%6a%73%6f%6e\/wp\/v2\/categories?post=247565"},{"taxonomy":"post_tag","embeddable":true,"href":"https:\/\/informelitoral.com.ar\/%77%70%2d%6a%73%6f%6e\/wp\/v2\/tags?post=247565"}],"curies":[{"name":"wp","href":"https:\/\/api.w.org\/{rel}","templated":true}]}}