{"id":247512,"date":"2026-01-24T20:25:05","date_gmt":"2026-01-24T23:25:05","guid":{"rendered":"https:\/\/informelitoral.com.ar\/?p=247512"},"modified":"2026-01-25T10:31:12","modified_gmt":"2026-01-25T13:31:12","slug":"violento-choque-e-incendio-en-la-ruta-12-cerca-de-la-paz","status":"publish","type":"post","link":"https:\/\/informelitoral.com.ar\/violento-choque-e-incendio-en-la-ruta-12-cerca-de-la-paz\/","title":{"rendered":"Violento choque e incendio en la ruta 12 cerca de La Paz"},"content":{"rendered":"<p data-path-to-node=\"4\">Durante la tarde de este s\u00e1bado, aproximadamente a las 14:30, se registr\u00f3 un grave siniestro vial a la altura del <b data-path-to-node=\"4\" data-index-in-node=\"114\">kil\u00f3metro 638 de la Ruta Nacional N\u00ba 12<\/b>, en cercan\u00edas a la ciudad de <b data-path-to-node=\"4\" data-index-in-node=\"183\">La Paz<\/b>. El accidente involucr\u00f3 a dos camionetas que circulaban en sentidos opuestos y dej\u00f3 como saldo importantes da\u00f1os materiales y personas hospitalizadas.<\/p>\n<p data-path-to-node=\"4\"><a href=\"https:\/\/drive.google.com\/thumbnail?id=1Kn2NU8qLtA2tnWcrFcvdCY9ksxRYZzNa&amp;sz=w2048\"><img loading=\"lazy\" decoding=\"async\" class=\"alignnone wp-image-247521 size-large\" src=\"https:\/\/drive.google.com\/thumbnail?id=1Kn2NU8qLtA2tnWcrFcvdCY9ksxRYZzNa&amp;sz=w2048-h2048\" alt=\"\" width=\"1024\" height=\"1024\" \/><\/a><\/p>\n<p data-path-to-node=\"5\">El hecho ocurri\u00f3 cuando una <b data-path-to-node=\"5\" data-index-in-node=\"28\">camioneta Dodge RAM<\/b>, conducida por un hombre de <b data-path-to-node=\"5\" data-index-in-node=\"76\">64 a\u00f1os<\/b> que viajaba solo en sentido norte-sur, impact\u00f3 contra una <b data-path-to-node=\"5\" data-index-in-node=\"142\">Toyota Hilux<\/b> que transitaba en direcci\u00f3n contraria. En este segundo veh\u00edculo se desplazaban dos personas, un hombre de <b data-path-to-node=\"5\" data-index-in-node=\"261\">56 a\u00f1os<\/b> y su acompa\u00f1ante de <b data-path-to-node=\"5\" data-index-in-node=\"289\">46 a\u00f1os<\/b>.<\/p>\n<p data-path-to-node=\"6\">Como consecuencia del choque, la Toyota Hilux perdi\u00f3 el control, termin\u00f3 sobre la banquina y, a los pocos minutos, comenz\u00f3 a <b data-path-to-node=\"6\" data-index-in-node=\"125\">incendiarse<\/b>, resultando con da\u00f1os totales. Los ocupantes de ambos rodados fueron asistidos de urgencia y trasladados al <b data-path-to-node=\"6\" data-index-in-node=\"245\">Hospital 9 de Julio de La Paz<\/b>, donde los m\u00e9dicos confirmaron que, afortunadamente, solo presentaban <b data-path-to-node=\"6\" data-index-in-node=\"345\">lesiones de car\u00e1cter leve<\/b>.<\/p>\n<p data-path-to-node=\"6\"><a href=\"https:\/\/drive.google.com\/thumbnail?id=1hOaADtMF67DtkCjJvHkzThX9SlG_Ts1I&amp;sz=w2048\"><img loading=\"lazy\" decoding=\"async\" class=\"aligncenter wp-image-247522 size-large\" src=\"https:\/\/drive.google.com\/thumbnail?id=1hOaADtMF67DtkCjJvHkzThX9SlG_Ts1I&amp;sz=w2048-h2048\" alt=\"\" width=\"1024\" height=\"1024\" \/><\/a><\/p>\n<p data-path-to-node=\"7\">En el lugar trabajaron las autoridades correspondientes para realizar las pericias de rigor. El caso fue informado a la <b data-path-to-node=\"7\" data-index-in-node=\"120\">Fiscal\u00eda de La Paz<\/b>, que dispuso el inicio de las actuaciones legales para establecer las causas exactas que originaron la colisi\u00f3n.(<em>Con informaci\u00f3n de Ahora<\/em>)<\/p>\n","protected":false},"excerpt":{"rendered":"<p>Dos camionetas colisionaron de forma frontal lateral y uno de los veh\u00edculos fue consumido por las llamas tras el impacto.<\/p>\n","protected":false},"author":8,"featured_media":247516,"comment_status":"open","ping_status":"open","sticky":false,"template":"","format":"standard","meta":{"fifu_image_url":"","fifu_image_alt":"","footnotes":""},"categories":[14],"tags":[304,305],"class_list":{"0":"post-247512","1":"post","2":"type-post","3":"status-publish","4":"format-standard","5":"has-post-thumbnail","7":"category-policiales","8":"tag-accidente-vial","9":"tag-ruta-12"},"yoast_head":"<title>Violento choque e incendio en la ruta 12 cerca de La Paz - Informe Litoral<\/title>\n<meta name=\"robots\" content=\"index, follow, max-snippet:-1, max-image-preview:large, max-video-preview:-1\" \/>\n<link rel=\"canonical\" href=\"https:\/\/informelitoral.com.ar\/violento-choque-e-incendio-en-la-ruta-12-cerca-de-la-paz\/\" \/>\n<meta property=\"og:locale\" content=\"es_ES\" \/>\n<meta property=\"og:type\" content=\"article\" \/>\n<meta property=\"og:title\" content=\"Violento choque e incendio en la ruta 12 cerca de La Paz - Informe Litoral\" \/>\n<meta property=\"og:description\" content=\"Dos camionetas colisionaron de forma frontal lateral y uno de los veh\u00edculos fue consumido por las llamas tras el impacto.\" \/>\n<meta property=\"og:url\" content=\"https:\/\/informelitoral.com.ar\/violento-choque-e-incendio-en-la-ruta-12-cerca-de-la-paz\/\" \/>\n<meta property=\"og:site_name\" content=\"Informe Litoral\" \/>\n<meta property=\"article:publisher\" content=\"https:\/\/www.facebook.com\/informelitoral\/\" \/>\n<meta property=\"article:published_time\" content=\"2026-01-24T23:25:05+00:00\" \/>\n<meta property=\"article:modified_time\" content=\"2026-01-25T13:31:12+00:00\" \/>\n<meta property=\"og:image\" content=\"https:\/\/drive.google.com\/thumbnail?id=1pd-2NyAdJF6Es2xGf9yxuQ0p1loUqcXJ&sz=w2048\" \/>\n\t<meta property=\"og:image:width\" content=\"943\" \/>\n\t<meta property=\"og:image:height\" content=\"629\" \/>\n\t<meta property=\"og:image:type\" content=\"image\/png\" \/>\n<meta name=\"author\" content=\"Sebastian\" \/>\n<meta name=\"twitter:card\" content=\"summary_large_image\" \/>\n<meta name=\"twitter:creator\" content=\"@InformeLitoral\" \/>\n<meta name=\"twitter:site\" content=\"@InformeLitoral\" \/>\n<meta name=\"twitter:label1\" content=\"Escrito por\" \/>\n\t<meta name=\"twitter:data1\" content=\"Sebastian\" \/>\n\t<meta name=\"twitter:label2\" content=\"Tiempo de lectura\" \/>\n\t<meta name=\"twitter:data2\" content=\"2 minutos\" \/>\n<script type=\"application\/ld+json\" class=\"yoast-schema-graph\">{\"@context\":\"https:\\\/\\\/schema.org\",\"@graph\":[{\"@type\":\"Article\",\"@id\":\"https:\\\/\\\/informelitoral.com.ar\\\/violento-choque-e-incendio-en-la-ruta-12-cerca-de-la-paz\\\/#article\",\"isPartOf\":{\"@id\":\"https:\\\/\\\/informelitoral.com.ar\\\/violento-choque-e-incendio-en-la-ruta-12-cerca-de-la-paz\\\/\"},\"author\":{\"name\":\"Sebastian\",\"@id\":\"https:\\\/\\\/informelitoral.com.ar\\\/#\\\/schema\\\/person\\\/f05f9f461677119578717524b127d6d5\"},\"headline\":\"Violento choque e incendio en la ruta 12 cerca de La Paz\",\"datePublished\":\"2026-01-24T23:25:05+00:00\",\"dateModified\":\"2026-01-25T13:31:12+00:00\",\"mainEntityOfPage\":{\"@id\":\"https:\\\/\\\/informelitoral.com.ar\\\/violento-choque-e-incendio-en-la-ruta-12-cerca-de-la-paz\\\/\"},\"wordCount\":228,\"commentCount\":0,\"publisher\":{\"@id\":\"https:\\\/\\\/informelitoral.com.ar\\\/#organization\"},\"image\":{\"@id\":\"https:\\\/\\\/informelitoral.com.ar\\\/violento-choque-e-incendio-en-la-ruta-12-cerca-de-la-paz\\\/#primaryimage\"},\"thumbnailUrl\":\"https:\\\/\\\/drive.google.com\\\/thumbnail?id=1pd-2NyAdJF6Es2xGf9yxuQ0p1loUqcXJ&sz=w2048\",\"keywords\":[\"Accidente vial\",\"Ruta 12\"],\"articleSection\":[\"Policiales\"],\"inLanguage\":\"es\",\"potentialAction\":[{\"@type\":\"CommentAction\",\"name\":\"Comment\",\"target\":[\"https:\\\/\\\/informelitoral.com.ar\\\/violento-choque-e-incendio-en-la-ruta-12-cerca-de-la-paz\\\/#respond\"]}]},{\"@type\":\"WebPage\",\"@id\":\"https:\\\/\\\/informelitoral.com.ar\\\/violento-choque-e-incendio-en-la-ruta-12-cerca-de-la-paz\\\/\",\"url\":\"https:\\\/\\\/informelitoral.com.ar\\\/violento-choque-e-incendio-en-la-ruta-12-cerca-de-la-paz\\\/\",\"name\":\"Violento choque e incendio en la ruta 12 cerca de La Paz - Informe Litoral\",\"isPartOf\":{\"@id\":\"https:\\\/\\\/informelitoral.com.ar\\\/#website\"},\"primaryImageOfPage\":{\"@id\":\"https:\\\/\\\/informelitoral.com.ar\\\/violento-choque-e-incendio-en-la-ruta-12-cerca-de-la-paz\\\/#primaryimage\"},\"image\":{\"@id\":\"https:\\\/\\\/informelitoral.com.ar\\\/violento-choque-e-incendio-en-la-ruta-12-cerca-de-la-paz\\\/#primaryimage\"},\"thumbnailUrl\":\"https:\\\/\\\/drive.google.com\\\/thumbnail?id=1pd-2NyAdJF6Es2xGf9yxuQ0p1loUqcXJ&sz=w2048\",\"datePublished\":\"2026-01-24T23:25:05+00:00\",\"dateModified\":\"2026-01-25T13:31:12+00:00\",\"breadcrumb\":{\"@id\":\"https:\\\/\\\/informelitoral.com.ar\\\/violento-choque-e-incendio-en-la-ruta-12-cerca-de-la-paz\\\/#breadcrumb\"},\"inLanguage\":\"es\",\"potentialAction\":[{\"@type\":\"ReadAction\",\"target\":[\"https:\\\/\\\/informelitoral.com.ar\\\/violento-choque-e-incendio-en-la-ruta-12-cerca-de-la-paz\\\/\"]}]},{\"@type\":\"ImageObject\",\"inLanguage\":\"es\",\"@id\":\"https:\\\/\\\/informelitoral.com.ar\\\/violento-choque-e-incendio-en-la-ruta-12-cerca-de-la-paz\\\/#primaryimage\",\"url\":\"https:\\\/\\\/drive.google.com\\\/thumbnail?id=1pd-2NyAdJF6Es2xGf9yxuQ0p1loUqcXJ&sz=w2048\",\"contentUrl\":\"https:\\\/\\\/drive.google.com\\\/thumbnail?id=1pd-2NyAdJF6Es2xGf9yxuQ0p1loUqcXJ&sz=w2048\",\"width\":943,\"height\":629},{\"@type\":\"BreadcrumbList\",\"@id\":\"https:\\\/\\\/informelitoral.com.ar\\\/violento-choque-e-incendio-en-la-ruta-12-cerca-de-la-paz\\\/#breadcrumb\",\"itemListElement\":[{\"@type\":\"ListItem\",\"position\":1,\"name\":\"Portada\",\"item\":\"https:\\\/\\\/informelitoral.com.ar\\\/\"},{\"@type\":\"ListItem\",\"position\":2,\"name\":\"Violento choque e incendio en la ruta 12 cerca de La Paz\"}]},{\"@type\":\"WebSite\",\"@id\":\"https:\\\/\\\/informelitoral.com.ar\\\/#website\",\"url\":\"https:\\\/\\\/informelitoral.com.ar\\\/\",\"name\":\"Informe Litoral\",\"description\":\"&quot;Nos informamos&quot; \",\"publisher\":{\"@id\":\"https:\\\/\\\/informelitoral.com.ar\\\/#organization\"},\"potentialAction\":[{\"@type\":\"SearchAction\",\"target\":{\"@type\":\"EntryPoint\",\"urlTemplate\":\"https:\\\/\\\/informelitoral.com.ar\\\/?s={search_term_string}\"},\"query-input\":{\"@type\":\"PropertyValueSpecification\",\"valueRequired\":true,\"valueName\":\"search_term_string\"}}],\"inLanguage\":\"es\"},{\"@type\":\"Organization\",\"@id\":\"https:\\\/\\\/informelitoral.com.ar\\\/#organization\",\"name\":\"Informe Litoral\",\"url\":\"https:\\\/\\\/informelitoral.com.ar\\\/\",\"logo\":{\"@type\":\"ImageObject\",\"inLanguage\":\"es\",\"@id\":\"https:\\\/\\\/informelitoral.com.ar\\\/#\\\/schema\\\/logo\\\/image\\\/\",\"url\":\"https:\\\/\\\/informelitoral.com.ar\\\/%77%70%2d%63%6f%6e%74%65%6e%74\\\/uploads\\\/2021\\\/01\\\/circulo.png\",\"contentUrl\":\"https:\\\/\\\/informelitoral.com.ar\\\/%77%70%2d%63%6f%6e%74%65%6e%74\\\/uploads\\\/2021\\\/01\\\/circulo.png\",\"width\":723,\"height\":731,\"caption\":\"Informe Litoral\"},\"image\":{\"@id\":\"https:\\\/\\\/informelitoral.com.ar\\\/#\\\/schema\\\/logo\\\/image\\\/\"},\"sameAs\":[\"https:\\\/\\\/www.facebook.com\\\/informelitoral\\\/\",\"https:\\\/\\\/x.com\\\/InformeLitoral\",\"https:\\\/\\\/www.instagram.com\\\/informelitoral\\\/\",\"https:\\\/\\\/www.youtube.com\\\/channel\\\/UCua4Qvz8Icb6MYqhoq9xLXw\"]},{\"@type\":\"Person\",\"@id\":\"https:\\\/\\\/informelitoral.com.ar\\\/#\\\/schema\\\/person\\\/f05f9f461677119578717524b127d6d5\",\"name\":\"Sebastian\",\"image\":{\"@type\":\"ImageObject\",\"inLanguage\":\"es\",\"@id\":\"https:\\\/\\\/secure.gravatar.com\\\/avatar\\\/b71bf7481d447dfb9583c7f2798e7cc64de6efb9067b74633ed8c31059a3bd82?s=96&d=mm&r=g\",\"url\":\"https:\\\/\\\/secure.gravatar.com\\\/avatar\\\/b71bf7481d447dfb9583c7f2798e7cc64de6efb9067b74633ed8c31059a3bd82?s=96&d=mm&r=g\",\"contentUrl\":\"https:\\\/\\\/secure.gravatar.com\\\/avatar\\\/b71bf7481d447dfb9583c7f2798e7cc64de6efb9067b74633ed8c31059a3bd82?s=96&d=mm&r=g\",\"caption\":\"Sebastian\"},\"url\":\"https:\\\/\\\/informelitoral.com.ar\\\/author\\\/sebastian\\\/\"}]}<\/script>","yoast_head_json":{"title":"Violento choque e incendio en la ruta 12 cerca de La Paz - Informe Litoral","robots":{"index":"index","follow":"follow","max-snippet":"max-snippet:-1","max-image-preview":"max-image-preview:large","max-video-preview":"max-video-preview:-1"},"canonical":"https:\/\/informelitoral.com.ar\/violento-choque-e-incendio-en-la-ruta-12-cerca-de-la-paz\/","og_locale":"es_ES","og_type":"article","og_title":"Violento choque e incendio en la ruta 12 cerca de La Paz - Informe Litoral","og_description":"Dos camionetas colisionaron de forma frontal lateral y uno de los veh\u00edculos fue consumido por las llamas tras el impacto.","og_url":"https:\/\/informelitoral.com.ar\/violento-choque-e-incendio-en-la-ruta-12-cerca-de-la-paz\/","og_site_name":"Informe Litoral","article_publisher":"https:\/\/www.facebook.com\/informelitoral\/","article_published_time":"2026-01-24T23:25:05+00:00","article_modified_time":"2026-01-25T13:31:12+00:00","og_image":[{"width":943,"height":629,"url":"https:\/\/drive.google.com\/thumbnail?id=1pd-2NyAdJF6Es2xGf9yxuQ0p1loUqcXJ&sz=w2048","type":"image\/png"}],"author":"Sebastian","twitter_card":"summary_large_image","twitter_creator":"@InformeLitoral","twitter_site":"@InformeLitoral","twitter_misc":{"Escrito por":"Sebastian","Tiempo de lectura":"2 minutos"},"schema":{"@context":"https:\/\/schema.org","@graph":[{"@type":"Article","@id":"https:\/\/informelitoral.com.ar\/violento-choque-e-incendio-en-la-ruta-12-cerca-de-la-paz\/#article","isPartOf":{"@id":"https:\/\/informelitoral.com.ar\/violento-choque-e-incendio-en-la-ruta-12-cerca-de-la-paz\/"},"author":{"name":"Sebastian","@id":"https:\/\/informelitoral.com.ar\/#\/schema\/person\/f05f9f461677119578717524b127d6d5"},"headline":"Violento choque e incendio en la ruta 12 cerca de La Paz","datePublished":"2026-01-24T23:25:05+00:00","dateModified":"2026-01-25T13:31:12+00:00","mainEntityOfPage":{"@id":"https:\/\/informelitoral.com.ar\/violento-choque-e-incendio-en-la-ruta-12-cerca-de-la-paz\/"},"wordCount":228,"commentCount":0,"publisher":{"@id":"https:\/\/informelitoral.com.ar\/#organization"},"image":{"@id":"https:\/\/informelitoral.com.ar\/violento-choque-e-incendio-en-la-ruta-12-cerca-de-la-paz\/#primaryimage"},"thumbnailUrl":"https:\/\/drive.google.com\/thumbnail?id=1pd-2NyAdJF6Es2xGf9yxuQ0p1loUqcXJ&sz=w2048","keywords":["Accidente vial","Ruta 12"],"articleSection":["Policiales"],"inLanguage":"es","potentialAction":[{"@type":"CommentAction","name":"Comment","target":["https:\/\/informelitoral.com.ar\/violento-choque-e-incendio-en-la-ruta-12-cerca-de-la-paz\/#respond"]}]},{"@type":"WebPage","@id":"https:\/\/informelitoral.com.ar\/violento-choque-e-incendio-en-la-ruta-12-cerca-de-la-paz\/","url":"https:\/\/informelitoral.com.ar\/violento-choque-e-incendio-en-la-ruta-12-cerca-de-la-paz\/","name":"Violento choque e incendio en la ruta 12 cerca de La Paz - Informe Litoral","isPartOf":{"@id":"https:\/\/informelitoral.com.ar\/#website"},"primaryImageOfPage":{"@id":"https:\/\/informelitoral.com.ar\/violento-choque-e-incendio-en-la-ruta-12-cerca-de-la-paz\/#primaryimage"},"image":{"@id":"https:\/\/informelitoral.com.ar\/violento-choque-e-incendio-en-la-ruta-12-cerca-de-la-paz\/#primaryimage"},"thumbnailUrl":"https:\/\/drive.google.com\/thumbnail?id=1pd-2NyAdJF6Es2xGf9yxuQ0p1loUqcXJ&sz=w2048","datePublished":"2026-01-24T23:25:05+00:00","dateModified":"2026-01-25T13:31:12+00:00","breadcrumb":{"@id":"https:\/\/informelitoral.com.ar\/violento-choque-e-incendio-en-la-ruta-12-cerca-de-la-paz\/#breadcrumb"},"inLanguage":"es","potentialAction":[{"@type":"ReadAction","target":["https:\/\/informelitoral.com.ar\/violento-choque-e-incendio-en-la-ruta-12-cerca-de-la-paz\/"]}]},{"@type":"ImageObject","inLanguage":"es","@id":"https:\/\/informelitoral.com.ar\/violento-choque-e-incendio-en-la-ruta-12-cerca-de-la-paz\/#primaryimage","url":"https:\/\/drive.google.com\/thumbnail?id=1pd-2NyAdJF6Es2xGf9yxuQ0p1loUqcXJ&sz=w2048","contentUrl":"https:\/\/drive.google.com\/thumbnail?id=1pd-2NyAdJF6Es2xGf9yxuQ0p1loUqcXJ&sz=w2048","width":943,"height":629},{"@type":"BreadcrumbList","@id":"https:\/\/informelitoral.com.ar\/violento-choque-e-incendio-en-la-ruta-12-cerca-de-la-paz\/#breadcrumb","itemListElement":[{"@type":"ListItem","position":1,"name":"Portada","item":"https:\/\/informelitoral.com.ar\/"},{"@type":"ListItem","position":2,"name":"Violento choque e incendio en la ruta 12 cerca de La Paz"}]},{"@type":"WebSite","@id":"https:\/\/informelitoral.com.ar\/#website","url":"https:\/\/informelitoral.com.ar\/","name":"Informe Litoral","description":"&quot;Nos informamos&quot; ","publisher":{"@id":"https:\/\/informelitoral.com.ar\/#organization"},"potentialAction":[{"@type":"SearchAction","target":{"@type":"EntryPoint","urlTemplate":"https:\/\/informelitoral.com.ar\/?s={search_term_string}"},"query-input":{"@type":"PropertyValueSpecification","valueRequired":true,"valueName":"search_term_string"}}],"inLanguage":"es"},{"@type":"Organization","@id":"https:\/\/informelitoral.com.ar\/#organization","name":"Informe Litoral","url":"https:\/\/informelitoral.com.ar\/","logo":{"@type":"ImageObject","inLanguage":"es","@id":"https:\/\/informelitoral.com.ar\/#\/schema\/logo\/image\/","url":"https:\/\/informelitoral.com.ar\/%77%70%2d%63%6f%6e%74%65%6e%74\/uploads\/2021\/01\/circulo.png","contentUrl":"https:\/\/informelitoral.com.ar\/%77%70%2d%63%6f%6e%74%65%6e%74\/uploads\/2021\/01\/circulo.png","width":723,"height":731,"caption":"Informe Litoral"},"image":{"@id":"https:\/\/informelitoral.com.ar\/#\/schema\/logo\/image\/"},"sameAs":["https:\/\/www.facebook.com\/informelitoral\/","https:\/\/x.com\/InformeLitoral","https:\/\/www.instagram.com\/informelitoral\/","https:\/\/www.youtube.com\/channel\/UCua4Qvz8Icb6MYqhoq9xLXw"]},{"@type":"Person","@id":"https:\/\/informelitoral.com.ar\/#\/schema\/person\/f05f9f461677119578717524b127d6d5","name":"Sebastian","image":{"@type":"ImageObject","inLanguage":"es","@id":"https:\/\/secure.gravatar.com\/avatar\/b71bf7481d447dfb9583c7f2798e7cc64de6efb9067b74633ed8c31059a3bd82?s=96&d=mm&r=g","url":"https:\/\/secure.gravatar.com\/avatar\/b71bf7481d447dfb9583c7f2798e7cc64de6efb9067b74633ed8c31059a3bd82?s=96&d=mm&r=g","contentUrl":"https:\/\/secure.gravatar.com\/avatar\/b71bf7481d447dfb9583c7f2798e7cc64de6efb9067b74633ed8c31059a3bd82?s=96&d=mm&r=g","caption":"Sebastian"},"url":"https:\/\/informelitoral.com.ar\/author\/sebastian\/"}]}},"_links":{"self":[{"href":"https:\/\/informelitoral.com.ar\/%77%70%2d%6a%73%6f%6e\/wp\/v2\/posts\/247512","targetHints":{"allow":["GET"]}}],"collection":[{"href":"https:\/\/informelitoral.com.ar\/%77%70%2d%6a%73%6f%6e\/wp\/v2\/posts"}],"about":[{"href":"https:\/\/informelitoral.com.ar\/%77%70%2d%6a%73%6f%6e\/wp\/v2\/types\/post"}],"author":[{"embeddable":true,"href":"https:\/\/informelitoral.com.ar\/%77%70%2d%6a%73%6f%6e\/wp\/v2\/users\/8"}],"replies":[{"embeddable":true,"href":"https:\/\/informelitoral.com.ar\/%77%70%2d%6a%73%6f%6e\/wp\/v2\/comments?post=247512"}],"version-history":[{"count":3,"href":"https:\/\/informelitoral.com.ar\/%77%70%2d%6a%73%6f%6e\/wp\/v2\/posts\/247512\/revisions"}],"predecessor-version":[{"id":247523,"href":"https:\/\/informelitoral.com.ar\/%77%70%2d%6a%73%6f%6e\/wp\/v2\/posts\/247512\/revisions\/247523"}],"wp:featuredmedia":[{"embeddable":true,"href":"https:\/\/informelitoral.com.ar\/%77%70%2d%6a%73%6f%6e\/wp\/v2\/media\/247516"}],"wp:attachment":[{"href":"https:\/\/informelitoral.com.ar\/%77%70%2d%6a%73%6f%6e\/wp\/v2\/media?parent=247512"}],"wp:term":[{"taxonomy":"category","embeddable":true,"href":"https:\/\/informelitoral.com.ar\/%77%70%2d%6a%73%6f%6e\/wp\/v2\/categories?post=247512"},{"taxonomy":"post_tag","embeddable":true,"href":"https:\/\/informelitoral.com.ar\/%77%70%2d%6a%73%6f%6e\/wp\/v2\/tags?post=247512"}],"curies":[{"name":"wp","href":"https:\/\/api.w.org\/{rel}","templated":true}]}}