{"id":247501,"date":"2026-01-24T19:58:26","date_gmt":"2026-01-24T22:58:26","guid":{"rendered":"https:\/\/informelitoral.com.ar\/?p=247501"},"modified":"2026-01-24T20:06:11","modified_gmt":"2026-01-24T23:06:11","slug":"crespo-detuvieron-a-un-joven-por-desobediencia-judicial","status":"publish","type":"post","link":"https:\/\/informelitoral.com.ar\/crespo-detuvieron-a-un-joven-por-desobediencia-judicial\/","title":{"rendered":"Crespo: detuvieron a un joven por desobediencia judicial"},"content":{"rendered":"<p data-path-to-node=\"4\">Durante la tarde de este s\u00e1bado, pasadas las 13:00, el personal de la <b data-path-to-node=\"4\" data-index-in-node=\"70\">Comisar\u00eda Crespo<\/b> intervino en un domicilio del <b data-path-to-node=\"4\" data-index-in-node=\"117\">Barrio del Rosario<\/b> luego de recibir una alerta telef\u00f3nica que denunciaba una fuerte confrontaci\u00f3n entre una pareja. Seg\u00fan los testimonios recabados, la situaci\u00f3n de tensi\u00f3n no era aislada, ya que los vecinos hab\u00edan manifestado su preocupaci\u00f3n tras escuchar incidentes violentos similares durante la madrugada de la misma jornada.<\/p>\n<p data-path-to-node=\"4\"><img decoding=\"async\" src=\"https:\/\/admin.desdeentrerios.com.ar\/%77%70%2d%63%6f%6e%74%65%6e%74\/uploads\/2021\/01\/comisaria-Crespo-1.jpg\" alt=\"Comisar\u00eda de Crespo sin servicio telef\u00f3nico fijo\" \/><\/p>\n<p data-path-to-node=\"5\">Al arribar al lugar, los uniformados intentaron dialogar con los protagonistas del conflicto, logrando entrevistarse \u00fanicamente con un <b data-path-to-node=\"5\" data-index-in-node=\"135\">joven de 22 a\u00f1os, oriundo de Diamante<\/b>, quien inicialmente neg\u00f3 la existencia de cualquier altercado. Sin embargo, al realizar la identificaci\u00f3n correspondiente en el sistema, los agentes constataron que el ciudadano pose\u00eda <b data-path-to-node=\"5\" data-index-in-node=\"358\">medidas restrictivas vigentes<\/b> dispuestas por la justicia en el marco de una causa previa por <b data-path-to-node=\"5\" data-index-in-node=\"451\">Violencia de G\u00e9nero<\/b>.<\/p>\n<p data-path-to-node=\"6\">Ante el hallazgo, el individuo intent\u00f3 justificar su presencia en el lugar argumentando que cre\u00eda que las disposiciones judiciales hab\u00edan caducado, debido a que ya hab\u00eda cumplido una <b data-path-to-node=\"6\" data-index-in-node=\"183\">pena de prisi\u00f3n efectiva en la Unidad Penal N\u00b0 1 de Paran\u00e1<\/b>. Pese a su descargo, la vigencia de la prohibici\u00f3n de acercamiento motiv\u00f3 la comunicaci\u00f3n inmediata con el <b data-path-to-node=\"6\" data-index-in-node=\"349\">Fiscal de Violencia de G\u00e9nero y Abuso Sexual en turno, Dr. Mart\u00edn Mill\u00e1n<\/b>, quien orden\u00f3 la detenci\u00f3n inmediata.<\/p>\n<h6 data-path-to-node=\"6\"><em><strong>Del archivo:\u00a0<a href=\"https:\/\/informelitoral.com.ar\/preocupan-las-picadas-en-motos-en-crespo-por-jovenes-protegidos-por-los-padres\/\" target=\"_blank\" rel=\"noopener\">Preocupan las picadas en motos en Crespo por j\u00f3venes \u00abprotegidos\u00bb por los padres<\/a><\/strong><\/em><\/h6>\n<p data-path-to-node=\"7\">Finalmente, el sujeto fue trasladado por una comisi\u00f3n policial hacia la Divisi\u00f3n Antecedentes Personales y examinado por el m\u00e9dico de turno. Por disposici\u00f3n de la fiscal\u00eda, qued\u00f3 <b data-path-to-node=\"7\" data-index-in-node=\"179\">alojado en la Alcaid\u00eda de Tribunales<\/b> de la capital provincial, enfrentando ahora una nueva causa bajo el cargo de <b data-path-to-node=\"7\" data-index-in-node=\"293\">Desobediencia Judicial en Flagrancia<\/b>.(<em>Informe Litoral<\/em>)<\/p>\n","protected":false},"excerpt":{"rendered":"<p>Fue detectado durante un altercado en Barrio del Rosario y se constat\u00f3 que ten\u00eda medidas de restricci\u00f3n vigentes por violencia de g\u00e9nero.<\/p>\n","protected":false},"author":8,"featured_media":247502,"comment_status":"open","ping_status":"open","sticky":false,"template":"","format":"standard","meta":{"fifu_image_url":"","fifu_image_alt":"","footnotes":""},"categories":[14],"tags":[208,307],"class_list":{"0":"post-247501","1":"post","2":"type-post","3":"status-publish","4":"format-standard","5":"has-post-thumbnail","7":"category-policiales","8":"tag-crespo","9":"tag-detenido"},"yoast_head":"<title>Crespo: detuvieron a un joven por desobediencia judicial - Informe Litoral<\/title>\n<meta name=\"robots\" content=\"index, follow, max-snippet:-1, max-image-preview:large, max-video-preview:-1\" \/>\n<link rel=\"canonical\" href=\"https:\/\/informelitoral.com.ar\/crespo-detuvieron-a-un-joven-por-desobediencia-judicial\/\" \/>\n<meta property=\"og:locale\" content=\"es_ES\" \/>\n<meta property=\"og:type\" content=\"article\" \/>\n<meta property=\"og:title\" content=\"Crespo: detuvieron a un joven por desobediencia judicial - Informe Litoral\" \/>\n<meta property=\"og:description\" content=\"Fue detectado durante un altercado en Barrio del Rosario y se constat\u00f3 que ten\u00eda medidas de restricci\u00f3n vigentes por violencia de g\u00e9nero.\" \/>\n<meta property=\"og:url\" content=\"https:\/\/informelitoral.com.ar\/crespo-detuvieron-a-un-joven-por-desobediencia-judicial\/\" \/>\n<meta property=\"og:site_name\" content=\"Informe Litoral\" \/>\n<meta property=\"article:publisher\" content=\"https:\/\/www.facebook.com\/informelitoral\/\" \/>\n<meta property=\"article:published_time\" content=\"2026-01-24T22:58:26+00:00\" \/>\n<meta property=\"article:modified_time\" content=\"2026-01-24T23:06:11+00:00\" \/>\n<meta property=\"og:image\" content=\"https:\/\/drive.google.com\/thumbnail?id=1oenQcELe-eDhF3eckO7UpjyIgPFXQ9ov&sz=w2048\" \/>\n\t<meta property=\"og:image:width\" content=\"489\" \/>\n\t<meta property=\"og:image:height\" content=\"548\" \/>\n\t<meta property=\"og:image:type\" content=\"image\/jpeg\" \/>\n<meta name=\"author\" content=\"Sebastian\" \/>\n<meta name=\"twitter:card\" content=\"summary_large_image\" \/>\n<meta name=\"twitter:creator\" content=\"@InformeLitoral\" \/>\n<meta name=\"twitter:site\" content=\"@InformeLitoral\" \/>\n<meta name=\"twitter:label1\" content=\"Escrito por\" \/>\n\t<meta name=\"twitter:data1\" content=\"Sebastian\" \/>\n\t<meta name=\"twitter:label2\" content=\"Tiempo de lectura\" \/>\n\t<meta name=\"twitter:data2\" content=\"2 minutos\" \/>\n<script type=\"application\/ld+json\" class=\"yoast-schema-graph\">{\"@context\":\"https:\\\/\\\/schema.org\",\"@graph\":[{\"@type\":\"Article\",\"@id\":\"https:\\\/\\\/informelitoral.com.ar\\\/crespo-detuvieron-a-un-joven-por-desobediencia-judicial\\\/#article\",\"isPartOf\":{\"@id\":\"https:\\\/\\\/informelitoral.com.ar\\\/crespo-detuvieron-a-un-joven-por-desobediencia-judicial\\\/\"},\"author\":{\"name\":\"Sebastian\",\"@id\":\"https:\\\/\\\/informelitoral.com.ar\\\/#\\\/schema\\\/person\\\/f05f9f461677119578717524b127d6d5\"},\"headline\":\"Crespo: detuvieron a un joven por desobediencia judicial\",\"datePublished\":\"2026-01-24T22:58:26+00:00\",\"dateModified\":\"2026-01-24T23:06:11+00:00\",\"mainEntityOfPage\":{\"@id\":\"https:\\\/\\\/informelitoral.com.ar\\\/crespo-detuvieron-a-un-joven-por-desobediencia-judicial\\\/\"},\"wordCount\":313,\"commentCount\":0,\"publisher\":{\"@id\":\"https:\\\/\\\/informelitoral.com.ar\\\/#organization\"},\"image\":{\"@id\":\"https:\\\/\\\/informelitoral.com.ar\\\/crespo-detuvieron-a-un-joven-por-desobediencia-judicial\\\/#primaryimage\"},\"thumbnailUrl\":\"https:\\\/\\\/drive.google.com\\\/thumbnail?id=1oenQcELe-eDhF3eckO7UpjyIgPFXQ9ov&sz=w2048\",\"keywords\":[\"Crespo\",\"Detenido\"],\"articleSection\":[\"Policiales\"],\"inLanguage\":\"es\",\"potentialAction\":[{\"@type\":\"CommentAction\",\"name\":\"Comment\",\"target\":[\"https:\\\/\\\/informelitoral.com.ar\\\/crespo-detuvieron-a-un-joven-por-desobediencia-judicial\\\/#respond\"]}]},{\"@type\":\"WebPage\",\"@id\":\"https:\\\/\\\/informelitoral.com.ar\\\/crespo-detuvieron-a-un-joven-por-desobediencia-judicial\\\/\",\"url\":\"https:\\\/\\\/informelitoral.com.ar\\\/crespo-detuvieron-a-un-joven-por-desobediencia-judicial\\\/\",\"name\":\"Crespo: detuvieron a un joven por desobediencia judicial - Informe Litoral\",\"isPartOf\":{\"@id\":\"https:\\\/\\\/informelitoral.com.ar\\\/#website\"},\"primaryImageOfPage\":{\"@id\":\"https:\\\/\\\/informelitoral.com.ar\\\/crespo-detuvieron-a-un-joven-por-desobediencia-judicial\\\/#primaryimage\"},\"image\":{\"@id\":\"https:\\\/\\\/informelitoral.com.ar\\\/crespo-detuvieron-a-un-joven-por-desobediencia-judicial\\\/#primaryimage\"},\"thumbnailUrl\":\"https:\\\/\\\/drive.google.com\\\/thumbnail?id=1oenQcELe-eDhF3eckO7UpjyIgPFXQ9ov&sz=w2048\",\"datePublished\":\"2026-01-24T22:58:26+00:00\",\"dateModified\":\"2026-01-24T23:06:11+00:00\",\"breadcrumb\":{\"@id\":\"https:\\\/\\\/informelitoral.com.ar\\\/crespo-detuvieron-a-un-joven-por-desobediencia-judicial\\\/#breadcrumb\"},\"inLanguage\":\"es\",\"potentialAction\":[{\"@type\":\"ReadAction\",\"target\":[\"https:\\\/\\\/informelitoral.com.ar\\\/crespo-detuvieron-a-un-joven-por-desobediencia-judicial\\\/\"]}]},{\"@type\":\"ImageObject\",\"inLanguage\":\"es\",\"@id\":\"https:\\\/\\\/informelitoral.com.ar\\\/crespo-detuvieron-a-un-joven-por-desobediencia-judicial\\\/#primaryimage\",\"url\":\"https:\\\/\\\/drive.google.com\\\/thumbnail?id=1oenQcELe-eDhF3eckO7UpjyIgPFXQ9ov&sz=w2048\",\"contentUrl\":\"https:\\\/\\\/drive.google.com\\\/thumbnail?id=1oenQcELe-eDhF3eckO7UpjyIgPFXQ9ov&sz=w2048\",\"width\":489,\"height\":548},{\"@type\":\"BreadcrumbList\",\"@id\":\"https:\\\/\\\/informelitoral.com.ar\\\/crespo-detuvieron-a-un-joven-por-desobediencia-judicial\\\/#breadcrumb\",\"itemListElement\":[{\"@type\":\"ListItem\",\"position\":1,\"name\":\"Portada\",\"item\":\"https:\\\/\\\/informelitoral.com.ar\\\/\"},{\"@type\":\"ListItem\",\"position\":2,\"name\":\"Crespo: detuvieron a un joven por desobediencia judicial\"}]},{\"@type\":\"WebSite\",\"@id\":\"https:\\\/\\\/informelitoral.com.ar\\\/#website\",\"url\":\"https:\\\/\\\/informelitoral.com.ar\\\/\",\"name\":\"Informe Litoral\",\"description\":\"&quot;Nos informamos&quot; \",\"publisher\":{\"@id\":\"https:\\\/\\\/informelitoral.com.ar\\\/#organization\"},\"potentialAction\":[{\"@type\":\"SearchAction\",\"target\":{\"@type\":\"EntryPoint\",\"urlTemplate\":\"https:\\\/\\\/informelitoral.com.ar\\\/?s={search_term_string}\"},\"query-input\":{\"@type\":\"PropertyValueSpecification\",\"valueRequired\":true,\"valueName\":\"search_term_string\"}}],\"inLanguage\":\"es\"},{\"@type\":\"Organization\",\"@id\":\"https:\\\/\\\/informelitoral.com.ar\\\/#organization\",\"name\":\"Informe Litoral\",\"url\":\"https:\\\/\\\/informelitoral.com.ar\\\/\",\"logo\":{\"@type\":\"ImageObject\",\"inLanguage\":\"es\",\"@id\":\"https:\\\/\\\/informelitoral.com.ar\\\/#\\\/schema\\\/logo\\\/image\\\/\",\"url\":\"https:\\\/\\\/informelitoral.com.ar\\\/%77%70%2d%63%6f%6e%74%65%6e%74\\\/uploads\\\/2021\\\/01\\\/circulo.png\",\"contentUrl\":\"https:\\\/\\\/informelitoral.com.ar\\\/%77%70%2d%63%6f%6e%74%65%6e%74\\\/uploads\\\/2021\\\/01\\\/circulo.png\",\"width\":723,\"height\":731,\"caption\":\"Informe Litoral\"},\"image\":{\"@id\":\"https:\\\/\\\/informelitoral.com.ar\\\/#\\\/schema\\\/logo\\\/image\\\/\"},\"sameAs\":[\"https:\\\/\\\/www.facebook.com\\\/informelitoral\\\/\",\"https:\\\/\\\/x.com\\\/InformeLitoral\",\"https:\\\/\\\/www.instagram.com\\\/informelitoral\\\/\",\"https:\\\/\\\/www.youtube.com\\\/channel\\\/UCua4Qvz8Icb6MYqhoq9xLXw\"]},{\"@type\":\"Person\",\"@id\":\"https:\\\/\\\/informelitoral.com.ar\\\/#\\\/schema\\\/person\\\/f05f9f461677119578717524b127d6d5\",\"name\":\"Sebastian\",\"image\":{\"@type\":\"ImageObject\",\"inLanguage\":\"es\",\"@id\":\"https:\\\/\\\/secure.gravatar.com\\\/avatar\\\/b71bf7481d447dfb9583c7f2798e7cc64de6efb9067b74633ed8c31059a3bd82?s=96&d=mm&r=g\",\"url\":\"https:\\\/\\\/secure.gravatar.com\\\/avatar\\\/b71bf7481d447dfb9583c7f2798e7cc64de6efb9067b74633ed8c31059a3bd82?s=96&d=mm&r=g\",\"contentUrl\":\"https:\\\/\\\/secure.gravatar.com\\\/avatar\\\/b71bf7481d447dfb9583c7f2798e7cc64de6efb9067b74633ed8c31059a3bd82?s=96&d=mm&r=g\",\"caption\":\"Sebastian\"},\"url\":\"https:\\\/\\\/informelitoral.com.ar\\\/author\\\/sebastian\\\/\"}]}<\/script>","yoast_head_json":{"title":"Crespo: detuvieron a un joven por desobediencia judicial - Informe Litoral","robots":{"index":"index","follow":"follow","max-snippet":"max-snippet:-1","max-image-preview":"max-image-preview:large","max-video-preview":"max-video-preview:-1"},"canonical":"https:\/\/informelitoral.com.ar\/crespo-detuvieron-a-un-joven-por-desobediencia-judicial\/","og_locale":"es_ES","og_type":"article","og_title":"Crespo: detuvieron a un joven por desobediencia judicial - Informe Litoral","og_description":"Fue detectado durante un altercado en Barrio del Rosario y se constat\u00f3 que ten\u00eda medidas de restricci\u00f3n vigentes por violencia de g\u00e9nero.","og_url":"https:\/\/informelitoral.com.ar\/crespo-detuvieron-a-un-joven-por-desobediencia-judicial\/","og_site_name":"Informe Litoral","article_publisher":"https:\/\/www.facebook.com\/informelitoral\/","article_published_time":"2026-01-24T22:58:26+00:00","article_modified_time":"2026-01-24T23:06:11+00:00","og_image":[{"width":489,"height":548,"url":"https:\/\/drive.google.com\/thumbnail?id=1oenQcELe-eDhF3eckO7UpjyIgPFXQ9ov&sz=w2048","type":"image\/jpeg"}],"author":"Sebastian","twitter_card":"summary_large_image","twitter_creator":"@InformeLitoral","twitter_site":"@InformeLitoral","twitter_misc":{"Escrito por":"Sebastian","Tiempo de lectura":"2 minutos"},"schema":{"@context":"https:\/\/schema.org","@graph":[{"@type":"Article","@id":"https:\/\/informelitoral.com.ar\/crespo-detuvieron-a-un-joven-por-desobediencia-judicial\/#article","isPartOf":{"@id":"https:\/\/informelitoral.com.ar\/crespo-detuvieron-a-un-joven-por-desobediencia-judicial\/"},"author":{"name":"Sebastian","@id":"https:\/\/informelitoral.com.ar\/#\/schema\/person\/f05f9f461677119578717524b127d6d5"},"headline":"Crespo: detuvieron a un joven por desobediencia judicial","datePublished":"2026-01-24T22:58:26+00:00","dateModified":"2026-01-24T23:06:11+00:00","mainEntityOfPage":{"@id":"https:\/\/informelitoral.com.ar\/crespo-detuvieron-a-un-joven-por-desobediencia-judicial\/"},"wordCount":313,"commentCount":0,"publisher":{"@id":"https:\/\/informelitoral.com.ar\/#organization"},"image":{"@id":"https:\/\/informelitoral.com.ar\/crespo-detuvieron-a-un-joven-por-desobediencia-judicial\/#primaryimage"},"thumbnailUrl":"https:\/\/drive.google.com\/thumbnail?id=1oenQcELe-eDhF3eckO7UpjyIgPFXQ9ov&sz=w2048","keywords":["Crespo","Detenido"],"articleSection":["Policiales"],"inLanguage":"es","potentialAction":[{"@type":"CommentAction","name":"Comment","target":["https:\/\/informelitoral.com.ar\/crespo-detuvieron-a-un-joven-por-desobediencia-judicial\/#respond"]}]},{"@type":"WebPage","@id":"https:\/\/informelitoral.com.ar\/crespo-detuvieron-a-un-joven-por-desobediencia-judicial\/","url":"https:\/\/informelitoral.com.ar\/crespo-detuvieron-a-un-joven-por-desobediencia-judicial\/","name":"Crespo: detuvieron a un joven por desobediencia judicial - Informe Litoral","isPartOf":{"@id":"https:\/\/informelitoral.com.ar\/#website"},"primaryImageOfPage":{"@id":"https:\/\/informelitoral.com.ar\/crespo-detuvieron-a-un-joven-por-desobediencia-judicial\/#primaryimage"},"image":{"@id":"https:\/\/informelitoral.com.ar\/crespo-detuvieron-a-un-joven-por-desobediencia-judicial\/#primaryimage"},"thumbnailUrl":"https:\/\/drive.google.com\/thumbnail?id=1oenQcELe-eDhF3eckO7UpjyIgPFXQ9ov&sz=w2048","datePublished":"2026-01-24T22:58:26+00:00","dateModified":"2026-01-24T23:06:11+00:00","breadcrumb":{"@id":"https:\/\/informelitoral.com.ar\/crespo-detuvieron-a-un-joven-por-desobediencia-judicial\/#breadcrumb"},"inLanguage":"es","potentialAction":[{"@type":"ReadAction","target":["https:\/\/informelitoral.com.ar\/crespo-detuvieron-a-un-joven-por-desobediencia-judicial\/"]}]},{"@type":"ImageObject","inLanguage":"es","@id":"https:\/\/informelitoral.com.ar\/crespo-detuvieron-a-un-joven-por-desobediencia-judicial\/#primaryimage","url":"https:\/\/drive.google.com\/thumbnail?id=1oenQcELe-eDhF3eckO7UpjyIgPFXQ9ov&sz=w2048","contentUrl":"https:\/\/drive.google.com\/thumbnail?id=1oenQcELe-eDhF3eckO7UpjyIgPFXQ9ov&sz=w2048","width":489,"height":548},{"@type":"BreadcrumbList","@id":"https:\/\/informelitoral.com.ar\/crespo-detuvieron-a-un-joven-por-desobediencia-judicial\/#breadcrumb","itemListElement":[{"@type":"ListItem","position":1,"name":"Portada","item":"https:\/\/informelitoral.com.ar\/"},{"@type":"ListItem","position":2,"name":"Crespo: detuvieron a un joven por desobediencia judicial"}]},{"@type":"WebSite","@id":"https:\/\/informelitoral.com.ar\/#website","url":"https:\/\/informelitoral.com.ar\/","name":"Informe Litoral","description":"&quot;Nos informamos&quot; ","publisher":{"@id":"https:\/\/informelitoral.com.ar\/#organization"},"potentialAction":[{"@type":"SearchAction","target":{"@type":"EntryPoint","urlTemplate":"https:\/\/informelitoral.com.ar\/?s={search_term_string}"},"query-input":{"@type":"PropertyValueSpecification","valueRequired":true,"valueName":"search_term_string"}}],"inLanguage":"es"},{"@type":"Organization","@id":"https:\/\/informelitoral.com.ar\/#organization","name":"Informe Litoral","url":"https:\/\/informelitoral.com.ar\/","logo":{"@type":"ImageObject","inLanguage":"es","@id":"https:\/\/informelitoral.com.ar\/#\/schema\/logo\/image\/","url":"https:\/\/informelitoral.com.ar\/%77%70%2d%63%6f%6e%74%65%6e%74\/uploads\/2021\/01\/circulo.png","contentUrl":"https:\/\/informelitoral.com.ar\/%77%70%2d%63%6f%6e%74%65%6e%74\/uploads\/2021\/01\/circulo.png","width":723,"height":731,"caption":"Informe Litoral"},"image":{"@id":"https:\/\/informelitoral.com.ar\/#\/schema\/logo\/image\/"},"sameAs":["https:\/\/www.facebook.com\/informelitoral\/","https:\/\/x.com\/InformeLitoral","https:\/\/www.instagram.com\/informelitoral\/","https:\/\/www.youtube.com\/channel\/UCua4Qvz8Icb6MYqhoq9xLXw"]},{"@type":"Person","@id":"https:\/\/informelitoral.com.ar\/#\/schema\/person\/f05f9f461677119578717524b127d6d5","name":"Sebastian","image":{"@type":"ImageObject","inLanguage":"es","@id":"https:\/\/secure.gravatar.com\/avatar\/b71bf7481d447dfb9583c7f2798e7cc64de6efb9067b74633ed8c31059a3bd82?s=96&d=mm&r=g","url":"https:\/\/secure.gravatar.com\/avatar\/b71bf7481d447dfb9583c7f2798e7cc64de6efb9067b74633ed8c31059a3bd82?s=96&d=mm&r=g","contentUrl":"https:\/\/secure.gravatar.com\/avatar\/b71bf7481d447dfb9583c7f2798e7cc64de6efb9067b74633ed8c31059a3bd82?s=96&d=mm&r=g","caption":"Sebastian"},"url":"https:\/\/informelitoral.com.ar\/author\/sebastian\/"}]}},"_links":{"self":[{"href":"https:\/\/informelitoral.com.ar\/%77%70%2d%6a%73%6f%6e\/wp\/v2\/posts\/247501","targetHints":{"allow":["GET"]}}],"collection":[{"href":"https:\/\/informelitoral.com.ar\/%77%70%2d%6a%73%6f%6e\/wp\/v2\/posts"}],"about":[{"href":"https:\/\/informelitoral.com.ar\/%77%70%2d%6a%73%6f%6e\/wp\/v2\/types\/post"}],"author":[{"embeddable":true,"href":"https:\/\/informelitoral.com.ar\/%77%70%2d%6a%73%6f%6e\/wp\/v2\/users\/8"}],"replies":[{"embeddable":true,"href":"https:\/\/informelitoral.com.ar\/%77%70%2d%6a%73%6f%6e\/wp\/v2\/comments?post=247501"}],"version-history":[{"count":4,"href":"https:\/\/informelitoral.com.ar\/%77%70%2d%6a%73%6f%6e\/wp\/v2\/posts\/247501\/revisions"}],"predecessor-version":[{"id":247506,"href":"https:\/\/informelitoral.com.ar\/%77%70%2d%6a%73%6f%6e\/wp\/v2\/posts\/247501\/revisions\/247506"}],"wp:featuredmedia":[{"embeddable":true,"href":"https:\/\/informelitoral.com.ar\/%77%70%2d%6a%73%6f%6e\/wp\/v2\/media\/247502"}],"wp:attachment":[{"href":"https:\/\/informelitoral.com.ar\/%77%70%2d%6a%73%6f%6e\/wp\/v2\/media?parent=247501"}],"wp:term":[{"taxonomy":"category","embeddable":true,"href":"https:\/\/informelitoral.com.ar\/%77%70%2d%6a%73%6f%6e\/wp\/v2\/categories?post=247501"},{"taxonomy":"post_tag","embeddable":true,"href":"https:\/\/informelitoral.com.ar\/%77%70%2d%6a%73%6f%6e\/wp\/v2\/tags?post=247501"}],"curies":[{"name":"wp","href":"https:\/\/api.w.org\/{rel}","templated":true}]}}