{"id":247473,"date":"2026-01-24T11:41:02","date_gmt":"2026-01-24T14:41:02","guid":{"rendered":"https:\/\/informelitoral.com.ar\/?p=247473"},"modified":"2026-01-24T11:56:21","modified_gmt":"2026-01-24T14:56:21","slug":"general-ramirez-tendra-sus-noches-de-los-bares-este-sabado-y-domingo","status":"publish","type":"post","link":"https:\/\/informelitoral.com.ar\/general-ramirez-tendra-sus-noches-de-los-bares-este-sabado-y-domingo\/","title":{"rendered":"General Ram\u00edrez tendr\u00e1 sus Noches de los Bares este s\u00e1bado y domingo"},"content":{"rendered":"<p>Este <strong>s\u00e1bado 24<\/strong> y <strong>domingo 25<\/strong> se realizar\u00e1 las<strong> Noches de los Bares<\/strong> en el<strong> Parque Evita de General Ram\u00ederez.<\/strong> Ambos d\u00edas, <strong>desde las 19<\/strong>,<strong> la entrada es gratuita pero se pide no llevar conservadora<\/strong> ya que habr\u00e1 venta de comidas, bebidas y agua caliente para el mate.<\/p>\n<p>La propuesta es organizada por jovenes emprendedores de la ciudad, que hace poco tiempo intalaron un carribar en esa zona y cuenta con el apoyo de la Municipalidad.<\/p>\n<p>Seg\u00fan coment\u00f3 <strong>Exequiel Weber<\/strong>, organizador de las Noches de los Bares, la propuesta ser\u00e1 \u00abpara toda la familia y grupos de amigos\u00bb.<\/p>\n<p>\u00abDeseamos ponerle alegr\u00eda y color a este espacio de la ciudad, por eso pedimos que vengan con sus sillones pero sin conservadora porque habr\u00e1 venta de comidas, bebidas y agua caliente para el mate.<strong> Ni necesitan hacer cola sino quieren porque habr\u00e1 mesitas y nosotros pasaremos con nuestro equipo de trabajo para llevarles lo que necesiten<\/strong>\u00ab, destac\u00f3 Weber.<\/p>\n<h2><strong>Qui\u00e9nes actuar\u00e1n en las Noches de los Bares\u00a0<\/strong><\/h2>\n<p>Este s\u00e1bado 24 se presentar\u00e1 <strong>Santi y su conjunto<\/strong>, un joven m\u00fasico de la ciudad que hace m\u00fasica alemana. En tanto que el domingo 25 habr\u00e1 lo propio<strong> La Cover<\/strong>; una banda de Nogoy\u00e1 que hace cumbia y reversiona temas del momento. <em>(Informe Litoral)<\/em><\/p>\n<h6><em><strong>Del archivo:\u00a0<a href=\"https:\/\/informelitoral.com.ar\/alpine-presento-el-a526-el-nuevo-desafio-de-franco-colapinto-para-la-formula-1-2026\/\" target=\"_blank\" rel=\"noopener\">Alpine present\u00f3 el A526: el nuevo desaf\u00edo de Franco Colapinto para la F\u00f3rmula 1 2026<\/a><\/strong><\/em><\/h6>\n<h6><em><strong><a href=\"https:\/\/informelitoral.com.ar\/diputado-provincial-visito-la-comuna-de-isletas\/\" target=\"_blank\" rel=\"noopener\">Diputado provincial visit\u00f3 la Comuna de Isletas<\/a><\/strong><\/em><\/h6>\n","protected":false},"excerpt":{"rendered":"<p>Se realizar\u00e1 desde las 19 en el Parque Evita (frente a la terminal). La entrada es gratuita pero no se podr\u00e1 llevar conservadora. Habr\u00e1 venta de comidas, bebidas y grupos musicales. <\/p>\n","protected":false},"author":2,"featured_media":247474,"comment_status":"open","ping_status":"open","sticky":false,"template":"","format":"standard","meta":{"fifu_image_url":"","fifu_image_alt":"","footnotes":""},"categories":[5,4586],"tags":[1687,3140,621,556,212,2846,27],"class_list":{"0":"post-247473","1":"post","2":"type-post","3":"status-publish","4":"format-standard","5":"has-post-thumbnail","7":"category-zonales","8":"category-general-ramirez","9":"tag-bares","10":"tag-evento","11":"tag-fiesta","12":"tag-general-ramirez","13":"tag-musica","14":"tag-parque-evita","15":"tag-ramirez"},"yoast_head":"<title>General Ram\u00edrez tendr\u00e1 sus Noches de los Bares este s\u00e1bado y domingo - Informe Litoral<\/title>\n<meta name=\"robots\" content=\"index, follow, max-snippet:-1, max-image-preview:large, max-video-preview:-1\" \/>\n<link rel=\"canonical\" href=\"https:\/\/informelitoral.com.ar\/general-ramirez-tendra-sus-noches-de-los-bares-este-sabado-y-domingo\/\" \/>\n<meta property=\"og:locale\" content=\"es_ES\" \/>\n<meta property=\"og:type\" content=\"article\" \/>\n<meta property=\"og:title\" content=\"General Ram\u00edrez tendr\u00e1 sus Noches de los Bares este s\u00e1bado y domingo - Informe Litoral\" \/>\n<meta property=\"og:description\" content=\"Se realizar\u00e1 desde las 19 en el Parque Evita (frente a la terminal). La entrada es gratuita pero no se podr\u00e1 llevar conservadora. Habr\u00e1 venta de comidas, bebidas y grupos musicales.\" \/>\n<meta property=\"og:url\" content=\"https:\/\/informelitoral.com.ar\/general-ramirez-tendra-sus-noches-de-los-bares-este-sabado-y-domingo\/\" \/>\n<meta property=\"og:site_name\" content=\"Informe Litoral\" \/>\n<meta property=\"article:publisher\" content=\"https:\/\/www.facebook.com\/informelitoral\/\" \/>\n<meta property=\"article:published_time\" content=\"2026-01-24T14:41:02+00:00\" \/>\n<meta property=\"article:modified_time\" content=\"2026-01-24T14:56:21+00:00\" \/>\n<meta property=\"og:image\" content=\"https:\/\/drive.google.com\/thumbnail?id=1tz-X9YmJqISyrD_LqTUg0MGOqbsQKMDU&sz=w2048\" \/>\n\t<meta property=\"og:image:width\" content=\"1600\" \/>\n\t<meta property=\"og:image:height\" content=\"1204\" \/>\n\t<meta property=\"og:image:type\" content=\"image\/jpeg\" \/>\n<meta name=\"author\" content=\"Gonzalo Schmidt\" \/>\n<meta name=\"twitter:card\" content=\"summary_large_image\" \/>\n<meta name=\"twitter:creator\" content=\"@InformeLitoral\" \/>\n<meta name=\"twitter:site\" content=\"@InformeLitoral\" \/>\n<meta name=\"twitter:label1\" content=\"Escrito por\" \/>\n\t<meta name=\"twitter:data1\" content=\"Gonzalo Schmidt\" \/>\n\t<meta name=\"twitter:label2\" content=\"Tiempo de lectura\" \/>\n\t<meta name=\"twitter:data2\" content=\"2 minutos\" \/>\n<script type=\"application\/ld+json\" class=\"yoast-schema-graph\">{\"@context\":\"https:\\\/\\\/schema.org\",\"@graph\":[{\"@type\":\"Article\",\"@id\":\"https:\\\/\\\/informelitoral.com.ar\\\/general-ramirez-tendra-sus-noches-de-los-bares-este-sabado-y-domingo\\\/#article\",\"isPartOf\":{\"@id\":\"https:\\\/\\\/informelitoral.com.ar\\\/general-ramirez-tendra-sus-noches-de-los-bares-este-sabado-y-domingo\\\/\"},\"author\":{\"name\":\"Gonzalo Schmidt\",\"@id\":\"https:\\\/\\\/informelitoral.com.ar\\\/#\\\/schema\\\/person\\\/b9d00407c836482871ef1d57bf8e3180\"},\"headline\":\"General Ram\u00edrez tendr\u00e1 sus Noches de los Bares este s\u00e1bado y domingo\",\"datePublished\":\"2026-01-24T14:41:02+00:00\",\"dateModified\":\"2026-01-24T14:56:21+00:00\",\"mainEntityOfPage\":{\"@id\":\"https:\\\/\\\/informelitoral.com.ar\\\/general-ramirez-tendra-sus-noches-de-los-bares-este-sabado-y-domingo\\\/\"},\"wordCount\":251,\"commentCount\":0,\"publisher\":{\"@id\":\"https:\\\/\\\/informelitoral.com.ar\\\/#organization\"},\"image\":{\"@id\":\"https:\\\/\\\/informelitoral.com.ar\\\/general-ramirez-tendra-sus-noches-de-los-bares-este-sabado-y-domingo\\\/#primaryimage\"},\"thumbnailUrl\":\"https:\\\/\\\/drive.google.com\\\/thumbnail?id=1tz-X9YmJqISyrD_LqTUg0MGOqbsQKMDU&sz=w2048\",\"keywords\":[\"Bares\",\"Evento\",\"Fiesta\",\"General Ram\u00edrez\",\"M\u00fasica\",\"Parque Evita\",\"Ram\u00edrez\"],\"articleSection\":[\"Departamento Diamante\",\"General Ram\u00edrez\"],\"inLanguage\":\"es\",\"potentialAction\":[{\"@type\":\"CommentAction\",\"name\":\"Comment\",\"target\":[\"https:\\\/\\\/informelitoral.com.ar\\\/general-ramirez-tendra-sus-noches-de-los-bares-este-sabado-y-domingo\\\/#respond\"]}]},{\"@type\":\"WebPage\",\"@id\":\"https:\\\/\\\/informelitoral.com.ar\\\/general-ramirez-tendra-sus-noches-de-los-bares-este-sabado-y-domingo\\\/\",\"url\":\"https:\\\/\\\/informelitoral.com.ar\\\/general-ramirez-tendra-sus-noches-de-los-bares-este-sabado-y-domingo\\\/\",\"name\":\"General Ram\u00edrez tendr\u00e1 sus Noches de los Bares este s\u00e1bado y domingo - Informe Litoral\",\"isPartOf\":{\"@id\":\"https:\\\/\\\/informelitoral.com.ar\\\/#website\"},\"primaryImageOfPage\":{\"@id\":\"https:\\\/\\\/informelitoral.com.ar\\\/general-ramirez-tendra-sus-noches-de-los-bares-este-sabado-y-domingo\\\/#primaryimage\"},\"image\":{\"@id\":\"https:\\\/\\\/informelitoral.com.ar\\\/general-ramirez-tendra-sus-noches-de-los-bares-este-sabado-y-domingo\\\/#primaryimage\"},\"thumbnailUrl\":\"https:\\\/\\\/drive.google.com\\\/thumbnail?id=1tz-X9YmJqISyrD_LqTUg0MGOqbsQKMDU&sz=w2048\",\"datePublished\":\"2026-01-24T14:41:02+00:00\",\"dateModified\":\"2026-01-24T14:56:21+00:00\",\"breadcrumb\":{\"@id\":\"https:\\\/\\\/informelitoral.com.ar\\\/general-ramirez-tendra-sus-noches-de-los-bares-este-sabado-y-domingo\\\/#breadcrumb\"},\"inLanguage\":\"es\",\"potentialAction\":[{\"@type\":\"ReadAction\",\"target\":[\"https:\\\/\\\/informelitoral.com.ar\\\/general-ramirez-tendra-sus-noches-de-los-bares-este-sabado-y-domingo\\\/\"]}]},{\"@type\":\"ImageObject\",\"inLanguage\":\"es\",\"@id\":\"https:\\\/\\\/informelitoral.com.ar\\\/general-ramirez-tendra-sus-noches-de-los-bares-este-sabado-y-domingo\\\/#primaryimage\",\"url\":\"https:\\\/\\\/drive.google.com\\\/thumbnail?id=1tz-X9YmJqISyrD_LqTUg0MGOqbsQKMDU&sz=w2048\",\"contentUrl\":\"https:\\\/\\\/drive.google.com\\\/thumbnail?id=1tz-X9YmJqISyrD_LqTUg0MGOqbsQKMDU&sz=w2048\",\"width\":1600,\"height\":1204},{\"@type\":\"BreadcrumbList\",\"@id\":\"https:\\\/\\\/informelitoral.com.ar\\\/general-ramirez-tendra-sus-noches-de-los-bares-este-sabado-y-domingo\\\/#breadcrumb\",\"itemListElement\":[{\"@type\":\"ListItem\",\"position\":1,\"name\":\"Portada\",\"item\":\"https:\\\/\\\/informelitoral.com.ar\\\/\"},{\"@type\":\"ListItem\",\"position\":2,\"name\":\"General Ram\u00edrez tendr\u00e1 sus Noches de los Bares este s\u00e1bado y domingo\"}]},{\"@type\":\"WebSite\",\"@id\":\"https:\\\/\\\/informelitoral.com.ar\\\/#website\",\"url\":\"https:\\\/\\\/informelitoral.com.ar\\\/\",\"name\":\"Informe Litoral\",\"description\":\"&quot;Nos informamos&quot; \",\"publisher\":{\"@id\":\"https:\\\/\\\/informelitoral.com.ar\\\/#organization\"},\"potentialAction\":[{\"@type\":\"SearchAction\",\"target\":{\"@type\":\"EntryPoint\",\"urlTemplate\":\"https:\\\/\\\/informelitoral.com.ar\\\/?s={search_term_string}\"},\"query-input\":{\"@type\":\"PropertyValueSpecification\",\"valueRequired\":true,\"valueName\":\"search_term_string\"}}],\"inLanguage\":\"es\"},{\"@type\":\"Organization\",\"@id\":\"https:\\\/\\\/informelitoral.com.ar\\\/#organization\",\"name\":\"Informe Litoral\",\"url\":\"https:\\\/\\\/informelitoral.com.ar\\\/\",\"logo\":{\"@type\":\"ImageObject\",\"inLanguage\":\"es\",\"@id\":\"https:\\\/\\\/informelitoral.com.ar\\\/#\\\/schema\\\/logo\\\/image\\\/\",\"url\":\"https:\\\/\\\/informelitoral.com.ar\\\/%77%70%2d%63%6f%6e%74%65%6e%74\\\/uploads\\\/2021\\\/01\\\/circulo.png\",\"contentUrl\":\"https:\\\/\\\/informelitoral.com.ar\\\/%77%70%2d%63%6f%6e%74%65%6e%74\\\/uploads\\\/2021\\\/01\\\/circulo.png\",\"width\":723,\"height\":731,\"caption\":\"Informe Litoral\"},\"image\":{\"@id\":\"https:\\\/\\\/informelitoral.com.ar\\\/#\\\/schema\\\/logo\\\/image\\\/\"},\"sameAs\":[\"https:\\\/\\\/www.facebook.com\\\/informelitoral\\\/\",\"https:\\\/\\\/x.com\\\/InformeLitoral\",\"https:\\\/\\\/www.instagram.com\\\/informelitoral\\\/\",\"https:\\\/\\\/www.youtube.com\\\/channel\\\/UCua4Qvz8Icb6MYqhoq9xLXw\"]},{\"@type\":\"Person\",\"@id\":\"https:\\\/\\\/informelitoral.com.ar\\\/#\\\/schema\\\/person\\\/b9d00407c836482871ef1d57bf8e3180\",\"name\":\"Gonzalo Schmidt\",\"image\":{\"@type\":\"ImageObject\",\"inLanguage\":\"es\",\"@id\":\"https:\\\/\\\/secure.gravatar.com\\\/avatar\\\/31a1a7b66ff2de83bd0e9fd79d026630d2d99e55e8bfe501287647b4fd9743de?s=96&d=mm&r=g\",\"url\":\"https:\\\/\\\/secure.gravatar.com\\\/avatar\\\/31a1a7b66ff2de83bd0e9fd79d026630d2d99e55e8bfe501287647b4fd9743de?s=96&d=mm&r=g\",\"contentUrl\":\"https:\\\/\\\/secure.gravatar.com\\\/avatar\\\/31a1a7b66ff2de83bd0e9fd79d026630d2d99e55e8bfe501287647b4fd9743de?s=96&d=mm&r=g\",\"caption\":\"Gonzalo Schmidt\"},\"description\":\"Sitio web de noticias de la provincia de Entre R\u00edos, Argentina. Informaci\u00f3n y entretenimiento. Informe Litoral, nos informamos.\",\"sameAs\":[\"http:\\\/\\\/www.isletasnoticias.com.ar\"],\"url\":\"https:\\\/\\\/informelitoral.com.ar\\\/author\\\/gonzalo\\\/\"}]}<\/script>","yoast_head_json":{"title":"General Ram\u00edrez tendr\u00e1 sus Noches de los Bares este s\u00e1bado y domingo - Informe Litoral","robots":{"index":"index","follow":"follow","max-snippet":"max-snippet:-1","max-image-preview":"max-image-preview:large","max-video-preview":"max-video-preview:-1"},"canonical":"https:\/\/informelitoral.com.ar\/general-ramirez-tendra-sus-noches-de-los-bares-este-sabado-y-domingo\/","og_locale":"es_ES","og_type":"article","og_title":"General Ram\u00edrez tendr\u00e1 sus Noches de los Bares este s\u00e1bado y domingo - Informe Litoral","og_description":"Se realizar\u00e1 desde las 19 en el Parque Evita (frente a la terminal). La entrada es gratuita pero no se podr\u00e1 llevar conservadora. Habr\u00e1 venta de comidas, bebidas y grupos musicales.","og_url":"https:\/\/informelitoral.com.ar\/general-ramirez-tendra-sus-noches-de-los-bares-este-sabado-y-domingo\/","og_site_name":"Informe Litoral","article_publisher":"https:\/\/www.facebook.com\/informelitoral\/","article_published_time":"2026-01-24T14:41:02+00:00","article_modified_time":"2026-01-24T14:56:21+00:00","og_image":[{"width":1600,"height":1204,"url":"https:\/\/drive.google.com\/thumbnail?id=1tz-X9YmJqISyrD_LqTUg0MGOqbsQKMDU&sz=w2048","type":"image\/jpeg"}],"author":"Gonzalo Schmidt","twitter_card":"summary_large_image","twitter_creator":"@InformeLitoral","twitter_site":"@InformeLitoral","twitter_misc":{"Escrito por":"Gonzalo Schmidt","Tiempo de lectura":"2 minutos"},"schema":{"@context":"https:\/\/schema.org","@graph":[{"@type":"Article","@id":"https:\/\/informelitoral.com.ar\/general-ramirez-tendra-sus-noches-de-los-bares-este-sabado-y-domingo\/#article","isPartOf":{"@id":"https:\/\/informelitoral.com.ar\/general-ramirez-tendra-sus-noches-de-los-bares-este-sabado-y-domingo\/"},"author":{"name":"Gonzalo Schmidt","@id":"https:\/\/informelitoral.com.ar\/#\/schema\/person\/b9d00407c836482871ef1d57bf8e3180"},"headline":"General Ram\u00edrez tendr\u00e1 sus Noches de los Bares este s\u00e1bado y domingo","datePublished":"2026-01-24T14:41:02+00:00","dateModified":"2026-01-24T14:56:21+00:00","mainEntityOfPage":{"@id":"https:\/\/informelitoral.com.ar\/general-ramirez-tendra-sus-noches-de-los-bares-este-sabado-y-domingo\/"},"wordCount":251,"commentCount":0,"publisher":{"@id":"https:\/\/informelitoral.com.ar\/#organization"},"image":{"@id":"https:\/\/informelitoral.com.ar\/general-ramirez-tendra-sus-noches-de-los-bares-este-sabado-y-domingo\/#primaryimage"},"thumbnailUrl":"https:\/\/drive.google.com\/thumbnail?id=1tz-X9YmJqISyrD_LqTUg0MGOqbsQKMDU&sz=w2048","keywords":["Bares","Evento","Fiesta","General Ram\u00edrez","M\u00fasica","Parque Evita","Ram\u00edrez"],"articleSection":["Departamento Diamante","General Ram\u00edrez"],"inLanguage":"es","potentialAction":[{"@type":"CommentAction","name":"Comment","target":["https:\/\/informelitoral.com.ar\/general-ramirez-tendra-sus-noches-de-los-bares-este-sabado-y-domingo\/#respond"]}]},{"@type":"WebPage","@id":"https:\/\/informelitoral.com.ar\/general-ramirez-tendra-sus-noches-de-los-bares-este-sabado-y-domingo\/","url":"https:\/\/informelitoral.com.ar\/general-ramirez-tendra-sus-noches-de-los-bares-este-sabado-y-domingo\/","name":"General Ram\u00edrez tendr\u00e1 sus Noches de los Bares este s\u00e1bado y domingo - Informe Litoral","isPartOf":{"@id":"https:\/\/informelitoral.com.ar\/#website"},"primaryImageOfPage":{"@id":"https:\/\/informelitoral.com.ar\/general-ramirez-tendra-sus-noches-de-los-bares-este-sabado-y-domingo\/#primaryimage"},"image":{"@id":"https:\/\/informelitoral.com.ar\/general-ramirez-tendra-sus-noches-de-los-bares-este-sabado-y-domingo\/#primaryimage"},"thumbnailUrl":"https:\/\/drive.google.com\/thumbnail?id=1tz-X9YmJqISyrD_LqTUg0MGOqbsQKMDU&sz=w2048","datePublished":"2026-01-24T14:41:02+00:00","dateModified":"2026-01-24T14:56:21+00:00","breadcrumb":{"@id":"https:\/\/informelitoral.com.ar\/general-ramirez-tendra-sus-noches-de-los-bares-este-sabado-y-domingo\/#breadcrumb"},"inLanguage":"es","potentialAction":[{"@type":"ReadAction","target":["https:\/\/informelitoral.com.ar\/general-ramirez-tendra-sus-noches-de-los-bares-este-sabado-y-domingo\/"]}]},{"@type":"ImageObject","inLanguage":"es","@id":"https:\/\/informelitoral.com.ar\/general-ramirez-tendra-sus-noches-de-los-bares-este-sabado-y-domingo\/#primaryimage","url":"https:\/\/drive.google.com\/thumbnail?id=1tz-X9YmJqISyrD_LqTUg0MGOqbsQKMDU&sz=w2048","contentUrl":"https:\/\/drive.google.com\/thumbnail?id=1tz-X9YmJqISyrD_LqTUg0MGOqbsQKMDU&sz=w2048","width":1600,"height":1204},{"@type":"BreadcrumbList","@id":"https:\/\/informelitoral.com.ar\/general-ramirez-tendra-sus-noches-de-los-bares-este-sabado-y-domingo\/#breadcrumb","itemListElement":[{"@type":"ListItem","position":1,"name":"Portada","item":"https:\/\/informelitoral.com.ar\/"},{"@type":"ListItem","position":2,"name":"General Ram\u00edrez tendr\u00e1 sus Noches de los Bares este s\u00e1bado y domingo"}]},{"@type":"WebSite","@id":"https:\/\/informelitoral.com.ar\/#website","url":"https:\/\/informelitoral.com.ar\/","name":"Informe Litoral","description":"&quot;Nos informamos&quot; ","publisher":{"@id":"https:\/\/informelitoral.com.ar\/#organization"},"potentialAction":[{"@type":"SearchAction","target":{"@type":"EntryPoint","urlTemplate":"https:\/\/informelitoral.com.ar\/?s={search_term_string}"},"query-input":{"@type":"PropertyValueSpecification","valueRequired":true,"valueName":"search_term_string"}}],"inLanguage":"es"},{"@type":"Organization","@id":"https:\/\/informelitoral.com.ar\/#organization","name":"Informe Litoral","url":"https:\/\/informelitoral.com.ar\/","logo":{"@type":"ImageObject","inLanguage":"es","@id":"https:\/\/informelitoral.com.ar\/#\/schema\/logo\/image\/","url":"https:\/\/informelitoral.com.ar\/%77%70%2d%63%6f%6e%74%65%6e%74\/uploads\/2021\/01\/circulo.png","contentUrl":"https:\/\/informelitoral.com.ar\/%77%70%2d%63%6f%6e%74%65%6e%74\/uploads\/2021\/01\/circulo.png","width":723,"height":731,"caption":"Informe Litoral"},"image":{"@id":"https:\/\/informelitoral.com.ar\/#\/schema\/logo\/image\/"},"sameAs":["https:\/\/www.facebook.com\/informelitoral\/","https:\/\/x.com\/InformeLitoral","https:\/\/www.instagram.com\/informelitoral\/","https:\/\/www.youtube.com\/channel\/UCua4Qvz8Icb6MYqhoq9xLXw"]},{"@type":"Person","@id":"https:\/\/informelitoral.com.ar\/#\/schema\/person\/b9d00407c836482871ef1d57bf8e3180","name":"Gonzalo Schmidt","image":{"@type":"ImageObject","inLanguage":"es","@id":"https:\/\/secure.gravatar.com\/avatar\/31a1a7b66ff2de83bd0e9fd79d026630d2d99e55e8bfe501287647b4fd9743de?s=96&d=mm&r=g","url":"https:\/\/secure.gravatar.com\/avatar\/31a1a7b66ff2de83bd0e9fd79d026630d2d99e55e8bfe501287647b4fd9743de?s=96&d=mm&r=g","contentUrl":"https:\/\/secure.gravatar.com\/avatar\/31a1a7b66ff2de83bd0e9fd79d026630d2d99e55e8bfe501287647b4fd9743de?s=96&d=mm&r=g","caption":"Gonzalo Schmidt"},"description":"Sitio web de noticias de la provincia de Entre R\u00edos, Argentina. Informaci\u00f3n y entretenimiento. Informe Litoral, nos informamos.","sameAs":["http:\/\/www.isletasnoticias.com.ar"],"url":"https:\/\/informelitoral.com.ar\/author\/gonzalo\/"}]}},"_links":{"self":[{"href":"https:\/\/informelitoral.com.ar\/%77%70%2d%6a%73%6f%6e\/wp\/v2\/posts\/247473","targetHints":{"allow":["GET"]}}],"collection":[{"href":"https:\/\/informelitoral.com.ar\/%77%70%2d%6a%73%6f%6e\/wp\/v2\/posts"}],"about":[{"href":"https:\/\/informelitoral.com.ar\/%77%70%2d%6a%73%6f%6e\/wp\/v2\/types\/post"}],"author":[{"embeddable":true,"href":"https:\/\/informelitoral.com.ar\/%77%70%2d%6a%73%6f%6e\/wp\/v2\/users\/2"}],"replies":[{"embeddable":true,"href":"https:\/\/informelitoral.com.ar\/%77%70%2d%6a%73%6f%6e\/wp\/v2\/comments?post=247473"}],"version-history":[{"count":3,"href":"https:\/\/informelitoral.com.ar\/%77%70%2d%6a%73%6f%6e\/wp\/v2\/posts\/247473\/revisions"}],"predecessor-version":[{"id":247477,"href":"https:\/\/informelitoral.com.ar\/%77%70%2d%6a%73%6f%6e\/wp\/v2\/posts\/247473\/revisions\/247477"}],"wp:featuredmedia":[{"embeddable":true,"href":"https:\/\/informelitoral.com.ar\/%77%70%2d%6a%73%6f%6e\/wp\/v2\/media\/247474"}],"wp:attachment":[{"href":"https:\/\/informelitoral.com.ar\/%77%70%2d%6a%73%6f%6e\/wp\/v2\/media?parent=247473"}],"wp:term":[{"taxonomy":"category","embeddable":true,"href":"https:\/\/informelitoral.com.ar\/%77%70%2d%6a%73%6f%6e\/wp\/v2\/categories?post=247473"},{"taxonomy":"post_tag","embeddable":true,"href":"https:\/\/informelitoral.com.ar\/%77%70%2d%6a%73%6f%6e\/wp\/v2\/tags?post=247473"}],"curies":[{"name":"wp","href":"https:\/\/api.w.org\/{rel}","templated":true}]}}