{"id":247467,"date":"2026-01-24T10:28:56","date_gmt":"2026-01-24T13:28:56","guid":{"rendered":"https:\/\/informelitoral.com.ar\/?p=247467"},"modified":"2026-01-24T10:28:56","modified_gmt":"2026-01-24T13:28:56","slug":"fiesta-de-la-playa-en-el-thompson-que-se-podra-hacer-este-sabado-y-domingo","status":"publish","type":"post","link":"https:\/\/informelitoral.com.ar\/fiesta-de-la-playa-en-el-thompson-que-se-podra-hacer-este-sabado-y-domingo\/","title":{"rendered":"Fiesta de la Playa en el Thompson: qu\u00e9 se podr\u00e1 hacer este s\u00e1bado y domingo"},"content":{"rendered":"<p>Este fin de semana la ciudad de Paran\u00e1 vivir\u00e1 La Fiesta de la Playa en el Balneario Thompson, un evento que concentrar\u00e1 la atenci\u00f3n del p\u00fablico con las actuaciones de <strong>Mario Pereyra<\/strong> el s\u00e1bado y <strong>La T y La M<\/strong> el domingo, donde se destaca tambi\u00e9n la presentaci\u00f3n de artistas como<strong> Juan Manuel Bilat, Pont a Bailar, Gabi Isasi, Enzo Barzola<\/strong> y <strong>Horacio Gatian.<\/strong><\/p>\n<p>Habr\u00e1 <strong>actividades deportivas junto al r\u00edo, DJs en vivo, espacios para ni\u00f1os y patio de comidas.<\/strong> El<strong> ingreso del p\u00fablico es libre y comenzar\u00e1 a las 9.00.<\/strong> La Municipalidad de Paran\u00e1 acompa\u00f1a y apoya este evento impulsado por una empresa privada.<\/p>\n<p>El subsecretario de Producci\u00f3n, <strong>Oscar Bustamante<\/strong>, indic\u00f3: \u201cVamos a tener artesanos y emprendedores, un patio gastron\u00f3mico, un sector de juegos para las infancias; todo esto complementando esta iniciativa del sector privado, que se toma y se potencia desde el municipio de Paran\u00e1. Algo que respalda y potencia esta iniciativa en el marco de la marca Viv\u00ed, una pol\u00edtica p\u00fablica que impulsa la gesti\u00f3n de la intendenta Rosario Romero para fortalecer la actividad cultural y deportiva en los espacios p\u00fablicos\u201d.<\/p>\n<p>Por su parte, el subsecretario de Deportes, <strong>Juan Arbitelli<\/strong>, se refiri\u00f3 a las actividades deportivas que se realizar\u00e1n y en ese sentido cont\u00f3 que \u201cva a haber torneos, incluso algunos que suman puntos para competencias provinciales, como newcom, beach voley, tenis, y tambi\u00e9n exhibiciones de rugby, de calistenia, de b\u00e1dminton, de handball y algunos deportes n\u00e1uticos que ya son muy tradicionales y que va a ser una oportunidad para quienes se acerquen este fin de semana, se suban, por ejemplo, a las tablas de surf y aprendan una disciplina que est\u00e1 explotando en nuestro r\u00edo Paran\u00e1\u201d.<\/p>\n<p>Mientras que <strong>Gonzalo Molini,<\/strong> representante de Masivo Producciones, brind\u00f3 detalles del evento en particular y al respecto se\u00f1al\u00f3 que \u201cel s\u00e1bado comenzamos a las 9 de la ma\u00f1ana con deportes y otras actividades. Al mediod\u00eda comenzar\u00e1n a tocar DJs en vivo, y luego las bandas locales empezar\u00e1n, para continuar con Mario Pereira y Gabriela Isasi\u201d.<\/p>\n<p>\u201cEl domingo tambi\u00e9n comenzaremos al mediod\u00eda con lo que reste de actividades deportivas y la grilla musical, que tendr\u00e1 de destacado la presentaci\u00f3n de La T y La M. La invitaci\u00f3n es para que la gente venga temprano y pueda aprovechar toda la jornada\u201d, concluy\u00f3 Molini.<\/p>\n<h2><strong>La grilla de actividades<\/strong><\/h2>\n<p><b>S\u00e1bado 24 de enero<\/b><\/p>\n<p>Mart\u00edn Carmar\u00e1n<\/p>\n<p>DJ Pachi<\/p>\n<p>Juan Manuel Bilat<\/p>\n<p>Mario Pereyra<\/p>\n<p>Gabi Isasi<\/p>\n<p>DJ Luciano Lux<\/p>\n<p><b>Domingo 25 de enero<\/b><\/p>\n<p>DJ Gast\u00f3n Galarraga<\/p>\n<p>Enzo Barzola<\/p>\n<p>DJ Samuel Scalise<\/p>\n<p>DJ Nono<\/p>\n<p>Horacio Gatian<\/p>\n<p>Pont a Bailar<\/p>\n<p>La T Y La M<\/p>\n<h2><strong>Actividades deportivas<\/strong><\/h2>\n<p><b>Calistenia<\/b><\/p>\n<p>S\u00e1bado: 4 clases con elementos de calistenia en la playa.<\/p>\n<p>Los horarios ser\u00edan 9:00<\/p>\n<p>16:30<\/p>\n<p>18:00<\/p>\n<p>19:30<\/p>\n<p>Con dos rutinas, una para principiantes y otra m\u00e1s exigente para avanzados<\/p>\n<p><b>Rugby<\/b><\/p>\n<p>10 a 12: juegos y promoci\u00f3n del deporte<\/p>\n<p>16 a 20: promoci\u00f3n y juegos del deporte<\/p>\n<p><b>Newcom<\/b><\/p>\n<p>3 categor\u00edas<\/p>\n<p>+40, +50 y +60.<\/p>\n<p>6 equipos por categor\u00eda<\/p>\n<p>Etapa 1 Circuito Provincial de Newcom<\/p>\n<p>-Acreditaci\u00f3n equipos de 8 a 8.30.<\/p>\n<p><strong>Equipos<\/strong><\/p>\n<p>Participan 18 (Federal, Mar\u00eda Grande, Paran\u00e1, La Paz, Santa Fe, Rosario y Z\u00e1rate). Equipos divididos en 6 equipos por categor\u00edas<\/p>\n<p>Total de jugadores: 180<\/p>\n<p>-Inicio turno ma\u00f1ana de 9 a 12<\/p>\n<p>-Descanso de 12 a 15.30<\/p>\n<p>-Inicio turno tarde: 16 a 19<\/p>\n<p>-Finales de 19.10 a 20.10<\/p>\n<p>-Entrega de Premios: 20.20 a 20.45<\/p>\n<p><b>Beach Voley<\/b><\/p>\n<p>A partir de las 9 en el polideportivo de arenas<\/p>\n<p><b>B\u00e1squet<\/b>\u00a03 x3<\/p>\n<p>A partir de las 9 en el play\u00f3n deportivo<\/p>\n<p><b>SUP<\/b><\/p>\n<p>S\u00e1bado y domingo<\/p>\n<p>&#8211; 9:30: iniciaci\u00f3n al sup<\/p>\n<p>&#8211; 11: clases de sup<\/p>\n<p>&#8211; 14: paseo panor\u00e1mico en SUP<\/p>\n<p>&#8211; Para todas las edades desde los 7 a\u00f1os<\/p>\n<p><b>Airbadminton<\/b><\/p>\n<p>S\u00e1bado y Domingo desde las 16.00 a 20.00 hs, con muestreo de la actividad al p\u00fablico general<\/p>\n<p><b>Tenis de playa<\/b><\/p>\n<p>S\u00e1bado 8.30. Partidos de zona<\/p>\n<p>Categor\u00edas:<\/p>\n<p>Dobles Damas B y C<\/p>\n<p>Dobles masculinos B y C<\/p>\n<p>11, inicio categor\u00eda Dobles mixtos<\/p>\n<p>&nbsp;<\/p>\n<p>16 hs, partidos de semifinal de categor\u00edas Dobles Damas Mujeres B y C<\/p>\n<p>Masculino B y C<\/p>\n<p>Finales de todas las categor\u00edas: 19<\/p>\n<p><b>Lucha de playa<\/b><\/p>\n<p>17.30 comienzan los combates, hasta las 20 .<\/p>\n<h6><em><strong>Del archivo:\u00a0<a href=\"https:\/\/informelitoral.com.ar\/un-vecino-del-barrio-500-viviendas-evito-el-robo-de-su-moto-tras-advertir-ruidos-en-la-madrugada\/\" target=\"_blank\" rel=\"noopener\">Paran\u00e1: un vecino del Barrio 500 Viviendas evit\u00f3 el robo de su moto tras advertir ruidos en la madrugada<\/a><\/strong><\/em><\/h6>\n<h6><em><strong><a href=\"https:\/\/informelitoral.com.ar\/parana-ordeno-su-frente-costero-nuevo-sistema-de-boyado-en-el-thompson-para-garantizar-la-seguridad-fluvial\/\" target=\"_blank\" rel=\"noopener\">Paran\u00e1 orden\u00f3 su frente costero: nuevo sistema de boyado en el Thompson para garantizar la seguridad fluvial<\/a><\/strong><\/em><\/h6>\n","protected":false},"excerpt":{"rendered":"<p>Actuar\u00e1n reconocidos artistas como Mario Pereyra y La T y la M y habr\u00e1 actividades deportivas. Ambos d\u00edas empieza desde las 9 con entrada libre y gratuita. <\/p>\n","protected":false},"author":2,"featured_media":247468,"comment_status":"open","ping_status":"open","sticky":false,"template":"","format":"standard","meta":{"fifu_image_url":"","fifu_image_alt":"","footnotes":""},"categories":[1597],"tags":[6288,621,6409,212,45,6248,1261],"class_list":{"0":"post-247467","1":"post","2":"type-post","3":"status-publish","4":"format-standard","5":"has-post-thumbnail","7":"category-parana","8":"tag-balneario-thompson","9":"tag-fiesta","10":"tag-fiesta-de-la-playa","11":"tag-musica","12":"tag-parana","13":"tag-temporada-de-verano-2026","14":"tag-verano"},"yoast_head":"<title>Fiesta de la Playa en el Thompson: qu\u00e9 se podr\u00e1 hacer este s\u00e1bado y domingo - Informe Litoral<\/title>\n<meta name=\"robots\" content=\"index, follow, max-snippet:-1, max-image-preview:large, max-video-preview:-1\" \/>\n<link rel=\"canonical\" href=\"https:\/\/informelitoral.com.ar\/fiesta-de-la-playa-en-el-thompson-que-se-podra-hacer-este-sabado-y-domingo\/\" \/>\n<meta property=\"og:locale\" content=\"es_ES\" \/>\n<meta property=\"og:type\" content=\"article\" \/>\n<meta property=\"og:title\" content=\"Fiesta de la Playa en el Thompson: qu\u00e9 se podr\u00e1 hacer este s\u00e1bado y domingo - Informe Litoral\" \/>\n<meta property=\"og:description\" content=\"Actuar\u00e1n reconocidos artistas como Mario Pereyra y La T y la M y habr\u00e1 actividades deportivas. Ambos d\u00edas empieza desde las 9 con entrada libre y gratuita.\" \/>\n<meta property=\"og:url\" content=\"https:\/\/informelitoral.com.ar\/fiesta-de-la-playa-en-el-thompson-que-se-podra-hacer-este-sabado-y-domingo\/\" \/>\n<meta property=\"og:site_name\" content=\"Informe Litoral\" \/>\n<meta property=\"article:publisher\" content=\"https:\/\/www.facebook.com\/informelitoral\/\" \/>\n<meta property=\"article:published_time\" content=\"2026-01-24T13:28:56+00:00\" \/>\n<meta property=\"og:image\" content=\"https:\/\/drive.google.com\/thumbnail?id=1qJ_lXVHc4cUE_0hOQyqeHIUjoPn4ebl9&sz=w2048\" \/>\n\t<meta property=\"og:image:width\" content=\"1600\" \/>\n\t<meta property=\"og:image:height\" content=\"720\" \/>\n\t<meta property=\"og:image:type\" content=\"image\/jpeg\" \/>\n<meta name=\"author\" content=\"Gonzalo Schmidt\" \/>\n<meta name=\"twitter:card\" content=\"summary_large_image\" \/>\n<meta name=\"twitter:creator\" content=\"@InformeLitoral\" \/>\n<meta name=\"twitter:site\" content=\"@InformeLitoral\" \/>\n<meta name=\"twitter:label1\" content=\"Escrito por\" \/>\n\t<meta name=\"twitter:data1\" content=\"Gonzalo Schmidt\" \/>\n\t<meta name=\"twitter:label2\" content=\"Tiempo de lectura\" \/>\n\t<meta name=\"twitter:data2\" content=\"4 minutos\" \/>\n<script type=\"application\/ld+json\" class=\"yoast-schema-graph\">{\"@context\":\"https:\\\/\\\/schema.org\",\"@graph\":[{\"@type\":\"Article\",\"@id\":\"https:\\\/\\\/informelitoral.com.ar\\\/fiesta-de-la-playa-en-el-thompson-que-se-podra-hacer-este-sabado-y-domingo\\\/#article\",\"isPartOf\":{\"@id\":\"https:\\\/\\\/informelitoral.com.ar\\\/fiesta-de-la-playa-en-el-thompson-que-se-podra-hacer-este-sabado-y-domingo\\\/\"},\"author\":{\"name\":\"Gonzalo Schmidt\",\"@id\":\"https:\\\/\\\/informelitoral.com.ar\\\/#\\\/schema\\\/person\\\/b9d00407c836482871ef1d57bf8e3180\"},\"headline\":\"Fiesta de la Playa en el Thompson: qu\u00e9 se podr\u00e1 hacer este s\u00e1bado y domingo\",\"datePublished\":\"2026-01-24T13:28:56+00:00\",\"mainEntityOfPage\":{\"@id\":\"https:\\\/\\\/informelitoral.com.ar\\\/fiesta-de-la-playa-en-el-thompson-que-se-podra-hacer-este-sabado-y-domingo\\\/\"},\"wordCount\":745,\"commentCount\":0,\"publisher\":{\"@id\":\"https:\\\/\\\/informelitoral.com.ar\\\/#organization\"},\"image\":{\"@id\":\"https:\\\/\\\/informelitoral.com.ar\\\/fiesta-de-la-playa-en-el-thompson-que-se-podra-hacer-este-sabado-y-domingo\\\/#primaryimage\"},\"thumbnailUrl\":\"https:\\\/\\\/drive.google.com\\\/thumbnail?id=1qJ_lXVHc4cUE_0hOQyqeHIUjoPn4ebl9&sz=w2048\",\"keywords\":[\"Balneario Thompson\",\"Fiesta\",\"Fiesta de la Playa\",\"M\u00fasica\",\"Paran\u00e1\",\"Temporada de Verano 2026\",\"Verano\"],\"articleSection\":[\"Paran\u00e1\"],\"inLanguage\":\"es\",\"potentialAction\":[{\"@type\":\"CommentAction\",\"name\":\"Comment\",\"target\":[\"https:\\\/\\\/informelitoral.com.ar\\\/fiesta-de-la-playa-en-el-thompson-que-se-podra-hacer-este-sabado-y-domingo\\\/#respond\"]}]},{\"@type\":\"WebPage\",\"@id\":\"https:\\\/\\\/informelitoral.com.ar\\\/fiesta-de-la-playa-en-el-thompson-que-se-podra-hacer-este-sabado-y-domingo\\\/\",\"url\":\"https:\\\/\\\/informelitoral.com.ar\\\/fiesta-de-la-playa-en-el-thompson-que-se-podra-hacer-este-sabado-y-domingo\\\/\",\"name\":\"Fiesta de la Playa en el Thompson: qu\u00e9 se podr\u00e1 hacer este s\u00e1bado y domingo - Informe Litoral\",\"isPartOf\":{\"@id\":\"https:\\\/\\\/informelitoral.com.ar\\\/#website\"},\"primaryImageOfPage\":{\"@id\":\"https:\\\/\\\/informelitoral.com.ar\\\/fiesta-de-la-playa-en-el-thompson-que-se-podra-hacer-este-sabado-y-domingo\\\/#primaryimage\"},\"image\":{\"@id\":\"https:\\\/\\\/informelitoral.com.ar\\\/fiesta-de-la-playa-en-el-thompson-que-se-podra-hacer-este-sabado-y-domingo\\\/#primaryimage\"},\"thumbnailUrl\":\"https:\\\/\\\/drive.google.com\\\/thumbnail?id=1qJ_lXVHc4cUE_0hOQyqeHIUjoPn4ebl9&sz=w2048\",\"datePublished\":\"2026-01-24T13:28:56+00:00\",\"breadcrumb\":{\"@id\":\"https:\\\/\\\/informelitoral.com.ar\\\/fiesta-de-la-playa-en-el-thompson-que-se-podra-hacer-este-sabado-y-domingo\\\/#breadcrumb\"},\"inLanguage\":\"es\",\"potentialAction\":[{\"@type\":\"ReadAction\",\"target\":[\"https:\\\/\\\/informelitoral.com.ar\\\/fiesta-de-la-playa-en-el-thompson-que-se-podra-hacer-este-sabado-y-domingo\\\/\"]}]},{\"@type\":\"ImageObject\",\"inLanguage\":\"es\",\"@id\":\"https:\\\/\\\/informelitoral.com.ar\\\/fiesta-de-la-playa-en-el-thompson-que-se-podra-hacer-este-sabado-y-domingo\\\/#primaryimage\",\"url\":\"https:\\\/\\\/drive.google.com\\\/thumbnail?id=1qJ_lXVHc4cUE_0hOQyqeHIUjoPn4ebl9&sz=w2048\",\"contentUrl\":\"https:\\\/\\\/drive.google.com\\\/thumbnail?id=1qJ_lXVHc4cUE_0hOQyqeHIUjoPn4ebl9&sz=w2048\",\"width\":1600,\"height\":720},{\"@type\":\"BreadcrumbList\",\"@id\":\"https:\\\/\\\/informelitoral.com.ar\\\/fiesta-de-la-playa-en-el-thompson-que-se-podra-hacer-este-sabado-y-domingo\\\/#breadcrumb\",\"itemListElement\":[{\"@type\":\"ListItem\",\"position\":1,\"name\":\"Portada\",\"item\":\"https:\\\/\\\/informelitoral.com.ar\\\/\"},{\"@type\":\"ListItem\",\"position\":2,\"name\":\"Fiesta de la Playa en el Thompson: qu\u00e9 se podr\u00e1 hacer este s\u00e1bado y domingo\"}]},{\"@type\":\"WebSite\",\"@id\":\"https:\\\/\\\/informelitoral.com.ar\\\/#website\",\"url\":\"https:\\\/\\\/informelitoral.com.ar\\\/\",\"name\":\"Informe Litoral\",\"description\":\"&quot;Nos informamos&quot; \",\"publisher\":{\"@id\":\"https:\\\/\\\/informelitoral.com.ar\\\/#organization\"},\"potentialAction\":[{\"@type\":\"SearchAction\",\"target\":{\"@type\":\"EntryPoint\",\"urlTemplate\":\"https:\\\/\\\/informelitoral.com.ar\\\/?s={search_term_string}\"},\"query-input\":{\"@type\":\"PropertyValueSpecification\",\"valueRequired\":true,\"valueName\":\"search_term_string\"}}],\"inLanguage\":\"es\"},{\"@type\":\"Organization\",\"@id\":\"https:\\\/\\\/informelitoral.com.ar\\\/#organization\",\"name\":\"Informe Litoral\",\"url\":\"https:\\\/\\\/informelitoral.com.ar\\\/\",\"logo\":{\"@type\":\"ImageObject\",\"inLanguage\":\"es\",\"@id\":\"https:\\\/\\\/informelitoral.com.ar\\\/#\\\/schema\\\/logo\\\/image\\\/\",\"url\":\"https:\\\/\\\/informelitoral.com.ar\\\/%77%70%2d%63%6f%6e%74%65%6e%74\\\/uploads\\\/2021\\\/01\\\/circulo.png\",\"contentUrl\":\"https:\\\/\\\/informelitoral.com.ar\\\/%77%70%2d%63%6f%6e%74%65%6e%74\\\/uploads\\\/2021\\\/01\\\/circulo.png\",\"width\":723,\"height\":731,\"caption\":\"Informe Litoral\"},\"image\":{\"@id\":\"https:\\\/\\\/informelitoral.com.ar\\\/#\\\/schema\\\/logo\\\/image\\\/\"},\"sameAs\":[\"https:\\\/\\\/www.facebook.com\\\/informelitoral\\\/\",\"https:\\\/\\\/x.com\\\/InformeLitoral\",\"https:\\\/\\\/www.instagram.com\\\/informelitoral\\\/\",\"https:\\\/\\\/www.youtube.com\\\/channel\\\/UCua4Qvz8Icb6MYqhoq9xLXw\"]},{\"@type\":\"Person\",\"@id\":\"https:\\\/\\\/informelitoral.com.ar\\\/#\\\/schema\\\/person\\\/b9d00407c836482871ef1d57bf8e3180\",\"name\":\"Gonzalo Schmidt\",\"image\":{\"@type\":\"ImageObject\",\"inLanguage\":\"es\",\"@id\":\"https:\\\/\\\/secure.gravatar.com\\\/avatar\\\/31a1a7b66ff2de83bd0e9fd79d026630d2d99e55e8bfe501287647b4fd9743de?s=96&d=mm&r=g\",\"url\":\"https:\\\/\\\/secure.gravatar.com\\\/avatar\\\/31a1a7b66ff2de83bd0e9fd79d026630d2d99e55e8bfe501287647b4fd9743de?s=96&d=mm&r=g\",\"contentUrl\":\"https:\\\/\\\/secure.gravatar.com\\\/avatar\\\/31a1a7b66ff2de83bd0e9fd79d026630d2d99e55e8bfe501287647b4fd9743de?s=96&d=mm&r=g\",\"caption\":\"Gonzalo Schmidt\"},\"description\":\"Sitio web de noticias de la provincia de Entre R\u00edos, Argentina. Informaci\u00f3n y entretenimiento. Informe Litoral, nos informamos.\",\"sameAs\":[\"http:\\\/\\\/www.isletasnoticias.com.ar\"],\"url\":\"https:\\\/\\\/informelitoral.com.ar\\\/author\\\/gonzalo\\\/\"}]}<\/script>","yoast_head_json":{"title":"Fiesta de la Playa en el Thompson: qu\u00e9 se podr\u00e1 hacer este s\u00e1bado y domingo - Informe Litoral","robots":{"index":"index","follow":"follow","max-snippet":"max-snippet:-1","max-image-preview":"max-image-preview:large","max-video-preview":"max-video-preview:-1"},"canonical":"https:\/\/informelitoral.com.ar\/fiesta-de-la-playa-en-el-thompson-que-se-podra-hacer-este-sabado-y-domingo\/","og_locale":"es_ES","og_type":"article","og_title":"Fiesta de la Playa en el Thompson: qu\u00e9 se podr\u00e1 hacer este s\u00e1bado y domingo - Informe Litoral","og_description":"Actuar\u00e1n reconocidos artistas como Mario Pereyra y La T y la M y habr\u00e1 actividades deportivas. Ambos d\u00edas empieza desde las 9 con entrada libre y gratuita.","og_url":"https:\/\/informelitoral.com.ar\/fiesta-de-la-playa-en-el-thompson-que-se-podra-hacer-este-sabado-y-domingo\/","og_site_name":"Informe Litoral","article_publisher":"https:\/\/www.facebook.com\/informelitoral\/","article_published_time":"2026-01-24T13:28:56+00:00","og_image":[{"width":1600,"height":720,"url":"https:\/\/drive.google.com\/thumbnail?id=1qJ_lXVHc4cUE_0hOQyqeHIUjoPn4ebl9&sz=w2048","type":"image\/jpeg"}],"author":"Gonzalo Schmidt","twitter_card":"summary_large_image","twitter_creator":"@InformeLitoral","twitter_site":"@InformeLitoral","twitter_misc":{"Escrito por":"Gonzalo Schmidt","Tiempo de lectura":"4 minutos"},"schema":{"@context":"https:\/\/schema.org","@graph":[{"@type":"Article","@id":"https:\/\/informelitoral.com.ar\/fiesta-de-la-playa-en-el-thompson-que-se-podra-hacer-este-sabado-y-domingo\/#article","isPartOf":{"@id":"https:\/\/informelitoral.com.ar\/fiesta-de-la-playa-en-el-thompson-que-se-podra-hacer-este-sabado-y-domingo\/"},"author":{"name":"Gonzalo Schmidt","@id":"https:\/\/informelitoral.com.ar\/#\/schema\/person\/b9d00407c836482871ef1d57bf8e3180"},"headline":"Fiesta de la Playa en el Thompson: qu\u00e9 se podr\u00e1 hacer este s\u00e1bado y domingo","datePublished":"2026-01-24T13:28:56+00:00","mainEntityOfPage":{"@id":"https:\/\/informelitoral.com.ar\/fiesta-de-la-playa-en-el-thompson-que-se-podra-hacer-este-sabado-y-domingo\/"},"wordCount":745,"commentCount":0,"publisher":{"@id":"https:\/\/informelitoral.com.ar\/#organization"},"image":{"@id":"https:\/\/informelitoral.com.ar\/fiesta-de-la-playa-en-el-thompson-que-se-podra-hacer-este-sabado-y-domingo\/#primaryimage"},"thumbnailUrl":"https:\/\/drive.google.com\/thumbnail?id=1qJ_lXVHc4cUE_0hOQyqeHIUjoPn4ebl9&sz=w2048","keywords":["Balneario Thompson","Fiesta","Fiesta de la Playa","M\u00fasica","Paran\u00e1","Temporada de Verano 2026","Verano"],"articleSection":["Paran\u00e1"],"inLanguage":"es","potentialAction":[{"@type":"CommentAction","name":"Comment","target":["https:\/\/informelitoral.com.ar\/fiesta-de-la-playa-en-el-thompson-que-se-podra-hacer-este-sabado-y-domingo\/#respond"]}]},{"@type":"WebPage","@id":"https:\/\/informelitoral.com.ar\/fiesta-de-la-playa-en-el-thompson-que-se-podra-hacer-este-sabado-y-domingo\/","url":"https:\/\/informelitoral.com.ar\/fiesta-de-la-playa-en-el-thompson-que-se-podra-hacer-este-sabado-y-domingo\/","name":"Fiesta de la Playa en el Thompson: qu\u00e9 se podr\u00e1 hacer este s\u00e1bado y domingo - Informe Litoral","isPartOf":{"@id":"https:\/\/informelitoral.com.ar\/#website"},"primaryImageOfPage":{"@id":"https:\/\/informelitoral.com.ar\/fiesta-de-la-playa-en-el-thompson-que-se-podra-hacer-este-sabado-y-domingo\/#primaryimage"},"image":{"@id":"https:\/\/informelitoral.com.ar\/fiesta-de-la-playa-en-el-thompson-que-se-podra-hacer-este-sabado-y-domingo\/#primaryimage"},"thumbnailUrl":"https:\/\/drive.google.com\/thumbnail?id=1qJ_lXVHc4cUE_0hOQyqeHIUjoPn4ebl9&sz=w2048","datePublished":"2026-01-24T13:28:56+00:00","breadcrumb":{"@id":"https:\/\/informelitoral.com.ar\/fiesta-de-la-playa-en-el-thompson-que-se-podra-hacer-este-sabado-y-domingo\/#breadcrumb"},"inLanguage":"es","potentialAction":[{"@type":"ReadAction","target":["https:\/\/informelitoral.com.ar\/fiesta-de-la-playa-en-el-thompson-que-se-podra-hacer-este-sabado-y-domingo\/"]}]},{"@type":"ImageObject","inLanguage":"es","@id":"https:\/\/informelitoral.com.ar\/fiesta-de-la-playa-en-el-thompson-que-se-podra-hacer-este-sabado-y-domingo\/#primaryimage","url":"https:\/\/drive.google.com\/thumbnail?id=1qJ_lXVHc4cUE_0hOQyqeHIUjoPn4ebl9&sz=w2048","contentUrl":"https:\/\/drive.google.com\/thumbnail?id=1qJ_lXVHc4cUE_0hOQyqeHIUjoPn4ebl9&sz=w2048","width":1600,"height":720},{"@type":"BreadcrumbList","@id":"https:\/\/informelitoral.com.ar\/fiesta-de-la-playa-en-el-thompson-que-se-podra-hacer-este-sabado-y-domingo\/#breadcrumb","itemListElement":[{"@type":"ListItem","position":1,"name":"Portada","item":"https:\/\/informelitoral.com.ar\/"},{"@type":"ListItem","position":2,"name":"Fiesta de la Playa en el Thompson: qu\u00e9 se podr\u00e1 hacer este s\u00e1bado y domingo"}]},{"@type":"WebSite","@id":"https:\/\/informelitoral.com.ar\/#website","url":"https:\/\/informelitoral.com.ar\/","name":"Informe Litoral","description":"&quot;Nos informamos&quot; ","publisher":{"@id":"https:\/\/informelitoral.com.ar\/#organization"},"potentialAction":[{"@type":"SearchAction","target":{"@type":"EntryPoint","urlTemplate":"https:\/\/informelitoral.com.ar\/?s={search_term_string}"},"query-input":{"@type":"PropertyValueSpecification","valueRequired":true,"valueName":"search_term_string"}}],"inLanguage":"es"},{"@type":"Organization","@id":"https:\/\/informelitoral.com.ar\/#organization","name":"Informe Litoral","url":"https:\/\/informelitoral.com.ar\/","logo":{"@type":"ImageObject","inLanguage":"es","@id":"https:\/\/informelitoral.com.ar\/#\/schema\/logo\/image\/","url":"https:\/\/informelitoral.com.ar\/%77%70%2d%63%6f%6e%74%65%6e%74\/uploads\/2021\/01\/circulo.png","contentUrl":"https:\/\/informelitoral.com.ar\/%77%70%2d%63%6f%6e%74%65%6e%74\/uploads\/2021\/01\/circulo.png","width":723,"height":731,"caption":"Informe Litoral"},"image":{"@id":"https:\/\/informelitoral.com.ar\/#\/schema\/logo\/image\/"},"sameAs":["https:\/\/www.facebook.com\/informelitoral\/","https:\/\/x.com\/InformeLitoral","https:\/\/www.instagram.com\/informelitoral\/","https:\/\/www.youtube.com\/channel\/UCua4Qvz8Icb6MYqhoq9xLXw"]},{"@type":"Person","@id":"https:\/\/informelitoral.com.ar\/#\/schema\/person\/b9d00407c836482871ef1d57bf8e3180","name":"Gonzalo Schmidt","image":{"@type":"ImageObject","inLanguage":"es","@id":"https:\/\/secure.gravatar.com\/avatar\/31a1a7b66ff2de83bd0e9fd79d026630d2d99e55e8bfe501287647b4fd9743de?s=96&d=mm&r=g","url":"https:\/\/secure.gravatar.com\/avatar\/31a1a7b66ff2de83bd0e9fd79d026630d2d99e55e8bfe501287647b4fd9743de?s=96&d=mm&r=g","contentUrl":"https:\/\/secure.gravatar.com\/avatar\/31a1a7b66ff2de83bd0e9fd79d026630d2d99e55e8bfe501287647b4fd9743de?s=96&d=mm&r=g","caption":"Gonzalo Schmidt"},"description":"Sitio web de noticias de la provincia de Entre R\u00edos, Argentina. Informaci\u00f3n y entretenimiento. Informe Litoral, nos informamos.","sameAs":["http:\/\/www.isletasnoticias.com.ar"],"url":"https:\/\/informelitoral.com.ar\/author\/gonzalo\/"}]}},"_links":{"self":[{"href":"https:\/\/informelitoral.com.ar\/%77%70%2d%6a%73%6f%6e\/wp\/v2\/posts\/247467","targetHints":{"allow":["GET"]}}],"collection":[{"href":"https:\/\/informelitoral.com.ar\/%77%70%2d%6a%73%6f%6e\/wp\/v2\/posts"}],"about":[{"href":"https:\/\/informelitoral.com.ar\/%77%70%2d%6a%73%6f%6e\/wp\/v2\/types\/post"}],"author":[{"embeddable":true,"href":"https:\/\/informelitoral.com.ar\/%77%70%2d%6a%73%6f%6e\/wp\/v2\/users\/2"}],"replies":[{"embeddable":true,"href":"https:\/\/informelitoral.com.ar\/%77%70%2d%6a%73%6f%6e\/wp\/v2\/comments?post=247467"}],"version-history":[{"count":1,"href":"https:\/\/informelitoral.com.ar\/%77%70%2d%6a%73%6f%6e\/wp\/v2\/posts\/247467\/revisions"}],"predecessor-version":[{"id":247469,"href":"https:\/\/informelitoral.com.ar\/%77%70%2d%6a%73%6f%6e\/wp\/v2\/posts\/247467\/revisions\/247469"}],"wp:featuredmedia":[{"embeddable":true,"href":"https:\/\/informelitoral.com.ar\/%77%70%2d%6a%73%6f%6e\/wp\/v2\/media\/247468"}],"wp:attachment":[{"href":"https:\/\/informelitoral.com.ar\/%77%70%2d%6a%73%6f%6e\/wp\/v2\/media?parent=247467"}],"wp:term":[{"taxonomy":"category","embeddable":true,"href":"https:\/\/informelitoral.com.ar\/%77%70%2d%6a%73%6f%6e\/wp\/v2\/categories?post=247467"},{"taxonomy":"post_tag","embeddable":true,"href":"https:\/\/informelitoral.com.ar\/%77%70%2d%6a%73%6f%6e\/wp\/v2\/tags?post=247467"}],"curies":[{"name":"wp","href":"https:\/\/api.w.org\/{rel}","templated":true}]}}