{"id":247449,"date":"2026-01-24T09:42:46","date_gmt":"2026-01-24T12:42:46","guid":{"rendered":"https:\/\/informelitoral.com.ar\/?p=247449"},"modified":"2026-01-24T09:43:52","modified_gmt":"2026-01-24T12:43:52","slug":"fundacion-avanzar-se-une-al-gobierno-entrerriano-para-abordar-la-salud-mental","status":"publish","type":"post","link":"https:\/\/informelitoral.com.ar\/fundacion-avanzar-se-une-al-gobierno-entrerriano-para-abordar-la-salud-mental\/","title":{"rendered":"Fundaci\u00f3n Avanzar se une al gobierno entrerriano para abordar la salud mental"},"content":{"rendered":"<p>El ministro de Salud de la provincia, <strong>Dr. Daniel Blanzaco<\/strong>, recibi\u00f3 este viernes a <strong>Federico D\u00edaz<\/strong>, fundador y presidente de la <strong>Fundaci\u00f3n Avanzar Entre R\u00edos.<\/strong> El encuentro, del cual tambi\u00e9n particip\u00f3 el director general de Salud Mental,<strong> Esteban D\u00e1vila<\/strong>, tuvo como objetivo <strong>abordar tem\u00e1ticas acerca de la salud de los j\u00f3venes entrerrianos.<\/strong><\/p>\n<p>Durante la reuni\u00f3n, <strong>se trataron diversos ejes en torno a la salud mental, ansiedad, depresi\u00f3n y consumos problem\u00e1ticos, que afectan directamente el crecimiento y desarrollo de los j\u00f3venes<\/strong>, supo<strong><em> Informe Litoral.<\/em><\/strong><\/p>\n<figure id=\"attachment_247450\" aria-describedby=\"caption-attachment-247450\" style=\"width: 1599px\" class=\"wp-caption aligncenter\"><a href=\"https:\/\/drive.google.com\/thumbnail?id=1cErotFMzpwYITaAZbf5ZlnjkXs2Ccw6r&amp;sz=w2048\"><img loading=\"lazy\" decoding=\"async\" class=\"wp-image-247450 size-full\" src=\"https:\/\/drive.google.com\/thumbnail?id=1cErotFMzpwYITaAZbf5ZlnjkXs2Ccw6r&amp;sz=w2048\" alt=\"\" width=\"1599\" height=\"1066\" \/><\/a><figcaption id=\"caption-attachment-247450\" class=\"wp-caption-text\">Un pasaje de la reuni\u00f3n entre el ministro, Daniel Blanzaco; Esteban D\u00e1vila, director de Salud Mental y Federico D\u00edaz, presidente de la Fundaci\u00f3n Avanzar.<\/figcaption><\/figure>\n<p>En este sentido, el titular de la cartera sanitaria entrerriana, <strong>Daniel Blanzaco<\/strong>, indic\u00f3: \u201cLa salud mental es un tema que nos atraviesa como sociedad y no puede pensarse s\u00f3lo desde el sistema sanitario. <strong>Cuando decimos que la salud mental somos todos, hablamos de la necesidad de un abordaje integral, donde el Estado trabaje de manera articulada con organizaciones de la sociedad civil, instituciones educativas y familias\u201d.<\/strong><\/p>\n<p>\u201cEl encuentro con la Fundaci\u00f3n Avanzar fue muy valioso para compartir miradas y experiencias sobre la realidad que atraviesan muchos j\u00f3venes, y para fortalecer el acompa\u00f1amiento desde distintos sectores. <strong>La construcci\u00f3n de redes de cuidado es fundamental para generar respuestas m\u00e1s cercanas, oportunas y sostenidas en el tiempo\u201d,<\/strong> remarc\u00f3 Blanzaco.<\/p>\n<p>Desde la Fundaci\u00f3n Avanzar Entre R\u00edos, remarcaron el compromiso de trabajar junto al gobierno provincial para \u00ab<strong>tomar decisiones claras y efectivas que mejoren la calidad de vida de todos los j\u00f3venes entrerrianos<\/strong>\u00ab.<\/p>\n<p>\u201cLa juventud de Entre R\u00edos no es el futuro, es el presente. Y desde la Fundaci\u00f3n Avanzar Entre R\u00edos, estamos convencidos de que juntos podemos hacer la diferencia. <strong>Vamos a respaldar a nuestros j\u00f3venes con acciones concretas, llegando a cada departamento de nuestra querida provincia. No vamos a descansar hasta que la salud mental y el bienestar sean una realidad para todos.<\/strong> \u00a1Vamos a actuar, vamos a cambiar el rumbo de la historia de Entre R\u00edos!\u201d, afirm\u00f3 Federico D\u00edaz, presidente de la Fundaci\u00f3n Avanzar Entre R\u00edos.<\/p>\n<h6><em><strong>Del archivo:\u00a0<a href=\"https:\/\/informelitoral.com.ar\/el-ramirense-pablo-omarini-asumio-como-vicepresidente-del-iapv\/\" target=\"_blank\" rel=\"noopener\">El ramirense Pablo Omarini asumi\u00f3 como vicepresidente del IAPV<\/a><\/strong><\/em><\/h6>\n<h6><em><strong><a href=\"https:\/\/informelitoral.com.ar\/santilli-se-llevo-el-apoyo-de-frigerio-a-la-reforma-laboral\/\" target=\"_blank\" rel=\"noopener\">Santilli se llev\u00f3 el apoyo de Frigerio a la reforma laboral<\/a><\/strong><\/em><\/h6>\n","protected":false},"excerpt":{"rendered":"<p>Se desarroll\u00f3 una reuni\u00f3n entre el ministro de Salud, el director general de Salud Mental y el presidente de la flamante fundaci\u00f3n. Coincidieron en que es \u00abfundamental el abordaje integral y tejer redes en cada departamento\u00bb. Prometieron trabajar juntos para \u00abtomar decisiones claras y efectivas\u00bb.<\/p>\n","protected":false},"author":2,"featured_media":247451,"comment_status":"open","ping_status":"open","sticky":false,"template":"","format":"standard","meta":{"fifu_image_url":"","fifu_image_alt":"","footnotes":""},"categories":[16],"tags":[5583,81,6406,6407,551,2916,1678],"class_list":{"0":"post-247449","1":"post","2":"type-post","3":"status-publish","4":"format-standard","5":"has-post-thumbnail","7":"category-politi","8":"tag-daniel-blanzaco","9":"tag-entre-rios","10":"tag-federico-diaz","11":"tag-fundacion-avanzar","12":"tag-jovenes","13":"tag-ministerio-de-salud-de-entre-rios","14":"tag-salud-mental"},"yoast_head":"<title>Fundaci\u00f3n Avanzar se une al gobierno entrerriano para abordar la salud mental - Informe Litoral<\/title>\n<meta name=\"robots\" content=\"index, follow, max-snippet:-1, max-image-preview:large, max-video-preview:-1\" \/>\n<link rel=\"canonical\" href=\"https:\/\/informelitoral.com.ar\/fundacion-avanzar-se-une-al-gobierno-entrerriano-para-abordar-la-salud-mental\/\" \/>\n<meta property=\"og:locale\" content=\"es_ES\" \/>\n<meta property=\"og:type\" content=\"article\" \/>\n<meta property=\"og:title\" content=\"Fundaci\u00f3n Avanzar se une al gobierno entrerriano para abordar la salud mental - Informe Litoral\" \/>\n<meta property=\"og:description\" content=\"Se desarroll\u00f3 una reuni\u00f3n entre el ministro de Salud, el director general de Salud Mental y el presidente de la flamante fundaci\u00f3n. Coincidieron en que es &quot;fundamental el abordaje integral y tejer redes en cada departamento&quot;. Prometieron trabajar juntos para &quot;tomar decisiones claras y efectivas&quot;.\" \/>\n<meta property=\"og:url\" content=\"https:\/\/informelitoral.com.ar\/fundacion-avanzar-se-une-al-gobierno-entrerriano-para-abordar-la-salud-mental\/\" \/>\n<meta property=\"og:site_name\" content=\"Informe Litoral\" \/>\n<meta property=\"article:publisher\" content=\"https:\/\/www.facebook.com\/informelitoral\/\" \/>\n<meta property=\"article:published_time\" content=\"2026-01-24T12:42:46+00:00\" \/>\n<meta property=\"article:modified_time\" content=\"2026-01-24T12:43:52+00:00\" \/>\n<meta property=\"og:image\" content=\"https:\/\/drive.google.com\/thumbnail?id=1yCO32qDlTeyVPEM2U9TWt-8CA6D8Ma7R&sz=w2048\" \/>\n\t<meta property=\"og:image:width\" content=\"1599\" \/>\n\t<meta property=\"og:image:height\" content=\"1066\" \/>\n\t<meta property=\"og:image:type\" content=\"image\/jpeg\" \/>\n<meta name=\"author\" content=\"Gonzalo Schmidt\" \/>\n<meta name=\"twitter:card\" content=\"summary_large_image\" \/>\n<meta name=\"twitter:creator\" content=\"@InformeLitoral\" \/>\n<meta name=\"twitter:site\" content=\"@InformeLitoral\" \/>\n<meta name=\"twitter:label1\" content=\"Escrito por\" \/>\n\t<meta name=\"twitter:data1\" content=\"Gonzalo Schmidt\" \/>\n\t<meta name=\"twitter:label2\" content=\"Tiempo de lectura\" \/>\n\t<meta name=\"twitter:data2\" content=\"3 minutos\" \/>\n<script type=\"application\/ld+json\" class=\"yoast-schema-graph\">{\"@context\":\"https:\\\/\\\/schema.org\",\"@graph\":[{\"@type\":\"Article\",\"@id\":\"https:\\\/\\\/informelitoral.com.ar\\\/fundacion-avanzar-se-une-al-gobierno-entrerriano-para-abordar-la-salud-mental\\\/#article\",\"isPartOf\":{\"@id\":\"https:\\\/\\\/informelitoral.com.ar\\\/fundacion-avanzar-se-une-al-gobierno-entrerriano-para-abordar-la-salud-mental\\\/\"},\"author\":{\"name\":\"Gonzalo Schmidt\",\"@id\":\"https:\\\/\\\/informelitoral.com.ar\\\/#\\\/schema\\\/person\\\/b9d00407c836482871ef1d57bf8e3180\"},\"headline\":\"Fundaci\u00f3n Avanzar se une al gobierno entrerriano para abordar la salud mental\",\"datePublished\":\"2026-01-24T12:42:46+00:00\",\"dateModified\":\"2026-01-24T12:43:52+00:00\",\"mainEntityOfPage\":{\"@id\":\"https:\\\/\\\/informelitoral.com.ar\\\/fundacion-avanzar-se-une-al-gobierno-entrerriano-para-abordar-la-salud-mental\\\/\"},\"wordCount\":415,\"commentCount\":0,\"publisher\":{\"@id\":\"https:\\\/\\\/informelitoral.com.ar\\\/#organization\"},\"image\":{\"@id\":\"https:\\\/\\\/informelitoral.com.ar\\\/fundacion-avanzar-se-une-al-gobierno-entrerriano-para-abordar-la-salud-mental\\\/#primaryimage\"},\"thumbnailUrl\":\"https:\\\/\\\/drive.google.com\\\/thumbnail?id=1yCO32qDlTeyVPEM2U9TWt-8CA6D8Ma7R&sz=w2048\",\"keywords\":[\"Daniel Blanzaco\",\"Entre R\u00edos\",\"Federico D\u00edaz\",\"Fundaci\u00f3n Avanzar\",\"J\u00f3venes\",\"Ministerio de Salud de Entre R\u00edos\",\"Salud Mental\"],\"articleSection\":[\"Politica\"],\"inLanguage\":\"es\",\"potentialAction\":[{\"@type\":\"CommentAction\",\"name\":\"Comment\",\"target\":[\"https:\\\/\\\/informelitoral.com.ar\\\/fundacion-avanzar-se-une-al-gobierno-entrerriano-para-abordar-la-salud-mental\\\/#respond\"]}]},{\"@type\":\"WebPage\",\"@id\":\"https:\\\/\\\/informelitoral.com.ar\\\/fundacion-avanzar-se-une-al-gobierno-entrerriano-para-abordar-la-salud-mental\\\/\",\"url\":\"https:\\\/\\\/informelitoral.com.ar\\\/fundacion-avanzar-se-une-al-gobierno-entrerriano-para-abordar-la-salud-mental\\\/\",\"name\":\"Fundaci\u00f3n Avanzar se une al gobierno entrerriano para abordar la salud mental - Informe Litoral\",\"isPartOf\":{\"@id\":\"https:\\\/\\\/informelitoral.com.ar\\\/#website\"},\"primaryImageOfPage\":{\"@id\":\"https:\\\/\\\/informelitoral.com.ar\\\/fundacion-avanzar-se-une-al-gobierno-entrerriano-para-abordar-la-salud-mental\\\/#primaryimage\"},\"image\":{\"@id\":\"https:\\\/\\\/informelitoral.com.ar\\\/fundacion-avanzar-se-une-al-gobierno-entrerriano-para-abordar-la-salud-mental\\\/#primaryimage\"},\"thumbnailUrl\":\"https:\\\/\\\/drive.google.com\\\/thumbnail?id=1yCO32qDlTeyVPEM2U9TWt-8CA6D8Ma7R&sz=w2048\",\"datePublished\":\"2026-01-24T12:42:46+00:00\",\"dateModified\":\"2026-01-24T12:43:52+00:00\",\"breadcrumb\":{\"@id\":\"https:\\\/\\\/informelitoral.com.ar\\\/fundacion-avanzar-se-une-al-gobierno-entrerriano-para-abordar-la-salud-mental\\\/#breadcrumb\"},\"inLanguage\":\"es\",\"potentialAction\":[{\"@type\":\"ReadAction\",\"target\":[\"https:\\\/\\\/informelitoral.com.ar\\\/fundacion-avanzar-se-une-al-gobierno-entrerriano-para-abordar-la-salud-mental\\\/\"]}]},{\"@type\":\"ImageObject\",\"inLanguage\":\"es\",\"@id\":\"https:\\\/\\\/informelitoral.com.ar\\\/fundacion-avanzar-se-une-al-gobierno-entrerriano-para-abordar-la-salud-mental\\\/#primaryimage\",\"url\":\"https:\\\/\\\/drive.google.com\\\/thumbnail?id=1yCO32qDlTeyVPEM2U9TWt-8CA6D8Ma7R&sz=w2048\",\"contentUrl\":\"https:\\\/\\\/drive.google.com\\\/thumbnail?id=1yCO32qDlTeyVPEM2U9TWt-8CA6D8Ma7R&sz=w2048\",\"width\":1599,\"height\":1066},{\"@type\":\"BreadcrumbList\",\"@id\":\"https:\\\/\\\/informelitoral.com.ar\\\/fundacion-avanzar-se-une-al-gobierno-entrerriano-para-abordar-la-salud-mental\\\/#breadcrumb\",\"itemListElement\":[{\"@type\":\"ListItem\",\"position\":1,\"name\":\"Portada\",\"item\":\"https:\\\/\\\/informelitoral.com.ar\\\/\"},{\"@type\":\"ListItem\",\"position\":2,\"name\":\"Fundaci\u00f3n Avanzar se une al gobierno entrerriano para abordar la salud mental\"}]},{\"@type\":\"WebSite\",\"@id\":\"https:\\\/\\\/informelitoral.com.ar\\\/#website\",\"url\":\"https:\\\/\\\/informelitoral.com.ar\\\/\",\"name\":\"Informe Litoral\",\"description\":\"&quot;Nos informamos&quot; \",\"publisher\":{\"@id\":\"https:\\\/\\\/informelitoral.com.ar\\\/#organization\"},\"potentialAction\":[{\"@type\":\"SearchAction\",\"target\":{\"@type\":\"EntryPoint\",\"urlTemplate\":\"https:\\\/\\\/informelitoral.com.ar\\\/?s={search_term_string}\"},\"query-input\":{\"@type\":\"PropertyValueSpecification\",\"valueRequired\":true,\"valueName\":\"search_term_string\"}}],\"inLanguage\":\"es\"},{\"@type\":\"Organization\",\"@id\":\"https:\\\/\\\/informelitoral.com.ar\\\/#organization\",\"name\":\"Informe Litoral\",\"url\":\"https:\\\/\\\/informelitoral.com.ar\\\/\",\"logo\":{\"@type\":\"ImageObject\",\"inLanguage\":\"es\",\"@id\":\"https:\\\/\\\/informelitoral.com.ar\\\/#\\\/schema\\\/logo\\\/image\\\/\",\"url\":\"https:\\\/\\\/informelitoral.com.ar\\\/%77%70%2d%63%6f%6e%74%65%6e%74\\\/uploads\\\/2021\\\/01\\\/circulo.png\",\"contentUrl\":\"https:\\\/\\\/informelitoral.com.ar\\\/%77%70%2d%63%6f%6e%74%65%6e%74\\\/uploads\\\/2021\\\/01\\\/circulo.png\",\"width\":723,\"height\":731,\"caption\":\"Informe Litoral\"},\"image\":{\"@id\":\"https:\\\/\\\/informelitoral.com.ar\\\/#\\\/schema\\\/logo\\\/image\\\/\"},\"sameAs\":[\"https:\\\/\\\/www.facebook.com\\\/informelitoral\\\/\",\"https:\\\/\\\/x.com\\\/InformeLitoral\",\"https:\\\/\\\/www.instagram.com\\\/informelitoral\\\/\",\"https:\\\/\\\/www.youtube.com\\\/channel\\\/UCua4Qvz8Icb6MYqhoq9xLXw\"]},{\"@type\":\"Person\",\"@id\":\"https:\\\/\\\/informelitoral.com.ar\\\/#\\\/schema\\\/person\\\/b9d00407c836482871ef1d57bf8e3180\",\"name\":\"Gonzalo Schmidt\",\"image\":{\"@type\":\"ImageObject\",\"inLanguage\":\"es\",\"@id\":\"https:\\\/\\\/secure.gravatar.com\\\/avatar\\\/31a1a7b66ff2de83bd0e9fd79d026630d2d99e55e8bfe501287647b4fd9743de?s=96&d=mm&r=g\",\"url\":\"https:\\\/\\\/secure.gravatar.com\\\/avatar\\\/31a1a7b66ff2de83bd0e9fd79d026630d2d99e55e8bfe501287647b4fd9743de?s=96&d=mm&r=g\",\"contentUrl\":\"https:\\\/\\\/secure.gravatar.com\\\/avatar\\\/31a1a7b66ff2de83bd0e9fd79d026630d2d99e55e8bfe501287647b4fd9743de?s=96&d=mm&r=g\",\"caption\":\"Gonzalo Schmidt\"},\"description\":\"Sitio web de noticias de la provincia de Entre R\u00edos, Argentina. Informaci\u00f3n y entretenimiento. Informe Litoral, nos informamos.\",\"sameAs\":[\"http:\\\/\\\/www.isletasnoticias.com.ar\"],\"url\":\"https:\\\/\\\/informelitoral.com.ar\\\/author\\\/gonzalo\\\/\"}]}<\/script>","yoast_head_json":{"title":"Fundaci\u00f3n Avanzar se une al gobierno entrerriano para abordar la salud mental - Informe Litoral","robots":{"index":"index","follow":"follow","max-snippet":"max-snippet:-1","max-image-preview":"max-image-preview:large","max-video-preview":"max-video-preview:-1"},"canonical":"https:\/\/informelitoral.com.ar\/fundacion-avanzar-se-une-al-gobierno-entrerriano-para-abordar-la-salud-mental\/","og_locale":"es_ES","og_type":"article","og_title":"Fundaci\u00f3n Avanzar se une al gobierno entrerriano para abordar la salud mental - Informe Litoral","og_description":"Se desarroll\u00f3 una reuni\u00f3n entre el ministro de Salud, el director general de Salud Mental y el presidente de la flamante fundaci\u00f3n. Coincidieron en que es \"fundamental el abordaje integral y tejer redes en cada departamento\". Prometieron trabajar juntos para \"tomar decisiones claras y efectivas\".","og_url":"https:\/\/informelitoral.com.ar\/fundacion-avanzar-se-une-al-gobierno-entrerriano-para-abordar-la-salud-mental\/","og_site_name":"Informe Litoral","article_publisher":"https:\/\/www.facebook.com\/informelitoral\/","article_published_time":"2026-01-24T12:42:46+00:00","article_modified_time":"2026-01-24T12:43:52+00:00","og_image":[{"width":1599,"height":1066,"url":"https:\/\/drive.google.com\/thumbnail?id=1yCO32qDlTeyVPEM2U9TWt-8CA6D8Ma7R&sz=w2048","type":"image\/jpeg"}],"author":"Gonzalo Schmidt","twitter_card":"summary_large_image","twitter_creator":"@InformeLitoral","twitter_site":"@InformeLitoral","twitter_misc":{"Escrito por":"Gonzalo Schmidt","Tiempo de lectura":"3 minutos"},"schema":{"@context":"https:\/\/schema.org","@graph":[{"@type":"Article","@id":"https:\/\/informelitoral.com.ar\/fundacion-avanzar-se-une-al-gobierno-entrerriano-para-abordar-la-salud-mental\/#article","isPartOf":{"@id":"https:\/\/informelitoral.com.ar\/fundacion-avanzar-se-une-al-gobierno-entrerriano-para-abordar-la-salud-mental\/"},"author":{"name":"Gonzalo Schmidt","@id":"https:\/\/informelitoral.com.ar\/#\/schema\/person\/b9d00407c836482871ef1d57bf8e3180"},"headline":"Fundaci\u00f3n Avanzar se une al gobierno entrerriano para abordar la salud mental","datePublished":"2026-01-24T12:42:46+00:00","dateModified":"2026-01-24T12:43:52+00:00","mainEntityOfPage":{"@id":"https:\/\/informelitoral.com.ar\/fundacion-avanzar-se-une-al-gobierno-entrerriano-para-abordar-la-salud-mental\/"},"wordCount":415,"commentCount":0,"publisher":{"@id":"https:\/\/informelitoral.com.ar\/#organization"},"image":{"@id":"https:\/\/informelitoral.com.ar\/fundacion-avanzar-se-une-al-gobierno-entrerriano-para-abordar-la-salud-mental\/#primaryimage"},"thumbnailUrl":"https:\/\/drive.google.com\/thumbnail?id=1yCO32qDlTeyVPEM2U9TWt-8CA6D8Ma7R&sz=w2048","keywords":["Daniel Blanzaco","Entre R\u00edos","Federico D\u00edaz","Fundaci\u00f3n Avanzar","J\u00f3venes","Ministerio de Salud de Entre R\u00edos","Salud Mental"],"articleSection":["Politica"],"inLanguage":"es","potentialAction":[{"@type":"CommentAction","name":"Comment","target":["https:\/\/informelitoral.com.ar\/fundacion-avanzar-se-une-al-gobierno-entrerriano-para-abordar-la-salud-mental\/#respond"]}]},{"@type":"WebPage","@id":"https:\/\/informelitoral.com.ar\/fundacion-avanzar-se-une-al-gobierno-entrerriano-para-abordar-la-salud-mental\/","url":"https:\/\/informelitoral.com.ar\/fundacion-avanzar-se-une-al-gobierno-entrerriano-para-abordar-la-salud-mental\/","name":"Fundaci\u00f3n Avanzar se une al gobierno entrerriano para abordar la salud mental - Informe Litoral","isPartOf":{"@id":"https:\/\/informelitoral.com.ar\/#website"},"primaryImageOfPage":{"@id":"https:\/\/informelitoral.com.ar\/fundacion-avanzar-se-une-al-gobierno-entrerriano-para-abordar-la-salud-mental\/#primaryimage"},"image":{"@id":"https:\/\/informelitoral.com.ar\/fundacion-avanzar-se-une-al-gobierno-entrerriano-para-abordar-la-salud-mental\/#primaryimage"},"thumbnailUrl":"https:\/\/drive.google.com\/thumbnail?id=1yCO32qDlTeyVPEM2U9TWt-8CA6D8Ma7R&sz=w2048","datePublished":"2026-01-24T12:42:46+00:00","dateModified":"2026-01-24T12:43:52+00:00","breadcrumb":{"@id":"https:\/\/informelitoral.com.ar\/fundacion-avanzar-se-une-al-gobierno-entrerriano-para-abordar-la-salud-mental\/#breadcrumb"},"inLanguage":"es","potentialAction":[{"@type":"ReadAction","target":["https:\/\/informelitoral.com.ar\/fundacion-avanzar-se-une-al-gobierno-entrerriano-para-abordar-la-salud-mental\/"]}]},{"@type":"ImageObject","inLanguage":"es","@id":"https:\/\/informelitoral.com.ar\/fundacion-avanzar-se-une-al-gobierno-entrerriano-para-abordar-la-salud-mental\/#primaryimage","url":"https:\/\/drive.google.com\/thumbnail?id=1yCO32qDlTeyVPEM2U9TWt-8CA6D8Ma7R&sz=w2048","contentUrl":"https:\/\/drive.google.com\/thumbnail?id=1yCO32qDlTeyVPEM2U9TWt-8CA6D8Ma7R&sz=w2048","width":1599,"height":1066},{"@type":"BreadcrumbList","@id":"https:\/\/informelitoral.com.ar\/fundacion-avanzar-se-une-al-gobierno-entrerriano-para-abordar-la-salud-mental\/#breadcrumb","itemListElement":[{"@type":"ListItem","position":1,"name":"Portada","item":"https:\/\/informelitoral.com.ar\/"},{"@type":"ListItem","position":2,"name":"Fundaci\u00f3n Avanzar se une al gobierno entrerriano para abordar la salud mental"}]},{"@type":"WebSite","@id":"https:\/\/informelitoral.com.ar\/#website","url":"https:\/\/informelitoral.com.ar\/","name":"Informe Litoral","description":"&quot;Nos informamos&quot; ","publisher":{"@id":"https:\/\/informelitoral.com.ar\/#organization"},"potentialAction":[{"@type":"SearchAction","target":{"@type":"EntryPoint","urlTemplate":"https:\/\/informelitoral.com.ar\/?s={search_term_string}"},"query-input":{"@type":"PropertyValueSpecification","valueRequired":true,"valueName":"search_term_string"}}],"inLanguage":"es"},{"@type":"Organization","@id":"https:\/\/informelitoral.com.ar\/#organization","name":"Informe Litoral","url":"https:\/\/informelitoral.com.ar\/","logo":{"@type":"ImageObject","inLanguage":"es","@id":"https:\/\/informelitoral.com.ar\/#\/schema\/logo\/image\/","url":"https:\/\/informelitoral.com.ar\/%77%70%2d%63%6f%6e%74%65%6e%74\/uploads\/2021\/01\/circulo.png","contentUrl":"https:\/\/informelitoral.com.ar\/%77%70%2d%63%6f%6e%74%65%6e%74\/uploads\/2021\/01\/circulo.png","width":723,"height":731,"caption":"Informe Litoral"},"image":{"@id":"https:\/\/informelitoral.com.ar\/#\/schema\/logo\/image\/"},"sameAs":["https:\/\/www.facebook.com\/informelitoral\/","https:\/\/x.com\/InformeLitoral","https:\/\/www.instagram.com\/informelitoral\/","https:\/\/www.youtube.com\/channel\/UCua4Qvz8Icb6MYqhoq9xLXw"]},{"@type":"Person","@id":"https:\/\/informelitoral.com.ar\/#\/schema\/person\/b9d00407c836482871ef1d57bf8e3180","name":"Gonzalo Schmidt","image":{"@type":"ImageObject","inLanguage":"es","@id":"https:\/\/secure.gravatar.com\/avatar\/31a1a7b66ff2de83bd0e9fd79d026630d2d99e55e8bfe501287647b4fd9743de?s=96&d=mm&r=g","url":"https:\/\/secure.gravatar.com\/avatar\/31a1a7b66ff2de83bd0e9fd79d026630d2d99e55e8bfe501287647b4fd9743de?s=96&d=mm&r=g","contentUrl":"https:\/\/secure.gravatar.com\/avatar\/31a1a7b66ff2de83bd0e9fd79d026630d2d99e55e8bfe501287647b4fd9743de?s=96&d=mm&r=g","caption":"Gonzalo Schmidt"},"description":"Sitio web de noticias de la provincia de Entre R\u00edos, Argentina. Informaci\u00f3n y entretenimiento. Informe Litoral, nos informamos.","sameAs":["http:\/\/www.isletasnoticias.com.ar"],"url":"https:\/\/informelitoral.com.ar\/author\/gonzalo\/"}]}},"_links":{"self":[{"href":"https:\/\/informelitoral.com.ar\/%77%70%2d%6a%73%6f%6e\/wp\/v2\/posts\/247449","targetHints":{"allow":["GET"]}}],"collection":[{"href":"https:\/\/informelitoral.com.ar\/%77%70%2d%6a%73%6f%6e\/wp\/v2\/posts"}],"about":[{"href":"https:\/\/informelitoral.com.ar\/%77%70%2d%6a%73%6f%6e\/wp\/v2\/types\/post"}],"author":[{"embeddable":true,"href":"https:\/\/informelitoral.com.ar\/%77%70%2d%6a%73%6f%6e\/wp\/v2\/users\/2"}],"replies":[{"embeddable":true,"href":"https:\/\/informelitoral.com.ar\/%77%70%2d%6a%73%6f%6e\/wp\/v2\/comments?post=247449"}],"version-history":[{"count":2,"href":"https:\/\/informelitoral.com.ar\/%77%70%2d%6a%73%6f%6e\/wp\/v2\/posts\/247449\/revisions"}],"predecessor-version":[{"id":247453,"href":"https:\/\/informelitoral.com.ar\/%77%70%2d%6a%73%6f%6e\/wp\/v2\/posts\/247449\/revisions\/247453"}],"wp:featuredmedia":[{"embeddable":true,"href":"https:\/\/informelitoral.com.ar\/%77%70%2d%6a%73%6f%6e\/wp\/v2\/media\/247451"}],"wp:attachment":[{"href":"https:\/\/informelitoral.com.ar\/%77%70%2d%6a%73%6f%6e\/wp\/v2\/media?parent=247449"}],"wp:term":[{"taxonomy":"category","embeddable":true,"href":"https:\/\/informelitoral.com.ar\/%77%70%2d%6a%73%6f%6e\/wp\/v2\/categories?post=247449"},{"taxonomy":"post_tag","embeddable":true,"href":"https:\/\/informelitoral.com.ar\/%77%70%2d%6a%73%6f%6e\/wp\/v2\/tags?post=247449"}],"curies":[{"name":"wp","href":"https:\/\/api.w.org\/{rel}","templated":true}]}}