{"id":247446,"date":"2026-01-24T09:22:20","date_gmt":"2026-01-24T12:22:20","guid":{"rendered":"https:\/\/informelitoral.com.ar\/?p=247446"},"modified":"2026-01-24T09:28:07","modified_gmt":"2026-01-24T12:28:07","slug":"se-vive-un-fin-de-semana-con-temperaturas-extremas","status":"publish","type":"post","link":"https:\/\/informelitoral.com.ar\/se-vive-un-fin-de-semana-con-temperaturas-extremas\/","title":{"rendered":"Se vive un fin de semana con temperaturas extremas"},"content":{"rendered":"<p>El Servicio Meteorol\u00f3gico Nacional -SMN- mantiene el alerta amarilla para Entre R\u00edos y otras provincias por temperaturas extremas con m\u00e1ximas que podr\u00edan alcanzar los 36 grados.<\/p>\n<p>El pron\u00f3stico indica que el fin de semana se presentar\u00eda con temperaturas elevadas y condiciones de nubosidad variable. Seg\u00fan los datos oficiales actualizados durante la ma\u00f1ana de este s\u00e1bado, se esperaba un escenario t\u00edpico de verano, con calor intenso y sin probabilidad de precipitaciones.<\/p>\n<p>En la ciudad de Paran\u00e1 y la zona durante la ma\u00f1ana del s\u00e1bado, la temperatura alcanza los 23,2 grados, con cielo algo nublado. La humedad se ubica en el 65 por ciento, la presi\u00f3n atmosf\u00e9rica en 1003,8 hectopascales y el viento sopla desde el noreste a una velocidad aproximada de 15 kil\u00f3metros por hora. La visibilidad fue de 15 kil\u00f3metros.<\/p>\n<p>Para el resto de la jornada, el pron\u00f3stico se\u00f1al\u00f3 que las condiciones se mantendr\u00edan estables. Por la tarde, el cielo se presentar\u00eda parcialmente nublado, mientras que hacia la noche continuar\u00eda con nubosidad parcial. La temperatura m\u00ednima prevista para este s\u00e1bado fue de 22 grados y la m\u00e1xima alcanzar\u00eda los 36 grados.<\/p>\n<h2><strong>Qu\u00e9 se anuncia para el domingo <\/strong><\/h2>\n<p>De acuerdo al informe extendido, el domingo mantendr\u00eda caracter\u00edsticas similares. La temperatura m\u00ednima ser\u00eda de 24 grados y la m\u00e1xima volver\u00eda a situarse en torno a los 36 grados, consolidando un fin de semana marcado por el calor intenso.<\/p>\n<p>Las autoridades recomendaron extremar las medidas de cuidado ante las altas temperaturas, especialmente durante las horas centrales del d\u00eda, mantenerse hidratado y evitar la exposici\u00f3n prolongada al sol.<\/p>\n<p>Para lo que resta de la provincia de Entre R\u00edos, en los departamentos La Paz, Diamante, Nogoy\u00e1 y Villaguay, el pron\u00f3stico indic\u00f3 una temperatura m\u00ednima de 23 grados y una m\u00e1xima de 36, con cielo parcialmente nublado durante la jornada del s\u00e1bado en la capital provincial y zonas cercanas.<\/p>\n<p>En los departamentos Concordia, Federal, Feliciano, Federaci\u00f3n y San Salvador, se esperaron valores similares en las temperaturas m\u00ednimas, con 23 grados, mientras que las m\u00e1ximas alcanzar\u00edan los 35 grados. En estas localidades, el cielo se mantendr\u00eda algo nublado a lo largo del d\u00eda.<\/p>\n<p>Por su parte, en los departamentos Gualeguaych\u00fa, Uruguay, Tala, Col\u00f3n e Islas del Ibicuy, se anunciaron m\u00ednimas de 23 grados y m\u00e1ximas de 35 grados, con condiciones de cielo parcialmente nublado durante toda la jornada.<\/p>\n<h6><em><strong>Del archivo:\u00a0<a href=\"https:\/\/informelitoral.com.ar\/allanamiento-en-parana-y-sauce-montrull-por-robos-en-el-departamento-diamante\/\" target=\"_blank\" rel=\"noopener\">Cayeron los autores de robos en viviendas de Colonia Ensayo y Aldea Brasilera<\/a><\/strong><\/em><\/h6>\n","protected":false},"excerpt":{"rendered":"<p>El calor intenso se har\u00e1 sentir tanto este s\u00e1bado como el domingo con m\u00e1ximas de hasta 36 grados. El cielo estar\u00e1 mayormente despejado y no hay lluvias a la vista. <\/p>\n","protected":false},"author":2,"featured_media":70240,"comment_status":"open","ping_status":"open","sticky":false,"template":"","format":"standard","meta":{"fifu_image_url":"","fifu_image_alt":"","footnotes":""},"categories":[6],"tags":[889,38,480,2851,2759],"class_list":{"0":"post-247446","1":"post","2":"type-post","3":"status-publish","4":"format-standard","5":"has-post-thumbnail","7":"category-entre-rios","8":"tag-calor","9":"tag-el-tiempo","10":"tag-fin-de-semana","11":"tag-ola-de-calor","12":"tag-pronostico-del-tiempo"},"yoast_head":"<title>Se vive un fin de semana con temperaturas extremas - Informe Litoral<\/title>\n<meta name=\"robots\" content=\"index, follow, max-snippet:-1, max-image-preview:large, max-video-preview:-1\" \/>\n<link rel=\"canonical\" href=\"https:\/\/informelitoral.com.ar\/se-vive-un-fin-de-semana-con-temperaturas-extremas\/\" \/>\n<meta property=\"og:locale\" content=\"es_ES\" \/>\n<meta property=\"og:type\" content=\"article\" \/>\n<meta property=\"og:title\" content=\"Se vive un fin de semana con temperaturas extremas - Informe Litoral\" \/>\n<meta property=\"og:description\" content=\"El calor intenso se har\u00e1 sentir tanto este s\u00e1bado como el domingo con m\u00e1ximas de hasta 36 grados. El cielo estar\u00e1 mayormente despejado y no hay lluvias a la vista.\" \/>\n<meta property=\"og:url\" content=\"https:\/\/informelitoral.com.ar\/se-vive-un-fin-de-semana-con-temperaturas-extremas\/\" \/>\n<meta property=\"og:site_name\" content=\"Informe Litoral\" \/>\n<meta property=\"article:publisher\" content=\"https:\/\/www.facebook.com\/informelitoral\/\" \/>\n<meta property=\"article:published_time\" content=\"2026-01-24T12:22:20+00:00\" \/>\n<meta property=\"article:modified_time\" content=\"2026-01-24T12:28:07+00:00\" \/>\n<meta property=\"og:image\" content=\"https:\/\/informelitoral.com.ar\/%77%70%2d%63%6f%6e%74%65%6e%74\/uploads\/2022\/01\/calor.r_d.560-267.jpeg\" \/>\n\t<meta property=\"og:image:width\" content=\"656\" \/>\n\t<meta property=\"og:image:height\" content=\"370\" \/>\n\t<meta property=\"og:image:type\" content=\"image\/jpeg\" \/>\n<meta name=\"author\" content=\"Gonzalo Schmidt\" \/>\n<meta name=\"twitter:card\" content=\"summary_large_image\" \/>\n<meta name=\"twitter:creator\" content=\"@InformeLitoral\" \/>\n<meta name=\"twitter:site\" content=\"@InformeLitoral\" \/>\n<meta name=\"twitter:label1\" content=\"Escrito por\" \/>\n\t<meta name=\"twitter:data1\" content=\"Gonzalo Schmidt\" \/>\n\t<meta name=\"twitter:label2\" content=\"Tiempo de lectura\" \/>\n\t<meta name=\"twitter:data2\" content=\"3 minutos\" \/>\n<script type=\"application\/ld+json\" class=\"yoast-schema-graph\">{\"@context\":\"https:\\\/\\\/schema.org\",\"@graph\":[{\"@type\":\"Article\",\"@id\":\"https:\\\/\\\/informelitoral.com.ar\\\/se-vive-un-fin-de-semana-con-temperaturas-extremas\\\/#article\",\"isPartOf\":{\"@id\":\"https:\\\/\\\/informelitoral.com.ar\\\/se-vive-un-fin-de-semana-con-temperaturas-extremas\\\/\"},\"author\":{\"name\":\"Gonzalo Schmidt\",\"@id\":\"https:\\\/\\\/informelitoral.com.ar\\\/#\\\/schema\\\/person\\\/b9d00407c836482871ef1d57bf8e3180\"},\"headline\":\"Se vive un fin de semana con temperaturas extremas\",\"datePublished\":\"2026-01-24T12:22:20+00:00\",\"dateModified\":\"2026-01-24T12:28:07+00:00\",\"mainEntityOfPage\":{\"@id\":\"https:\\\/\\\/informelitoral.com.ar\\\/se-vive-un-fin-de-semana-con-temperaturas-extremas\\\/\"},\"wordCount\":436,\"commentCount\":0,\"publisher\":{\"@id\":\"https:\\\/\\\/informelitoral.com.ar\\\/#organization\"},\"image\":{\"@id\":\"https:\\\/\\\/informelitoral.com.ar\\\/se-vive-un-fin-de-semana-con-temperaturas-extremas\\\/#primaryimage\"},\"thumbnailUrl\":\"https:\\\/\\\/informelitoral.com.ar\\\/%77%70%2d%63%6f%6e%74%65%6e%74\\\/uploads\\\/2022\\\/01\\\/calor.r_d.560-267.jpeg\",\"keywords\":[\"Calor\",\"El tiempo\",\"Fin de semana\",\"Ola de Calor\",\"Pron\u00f3stico del tiempo\"],\"articleSection\":[\"Entre R\u00edos\"],\"inLanguage\":\"es\",\"potentialAction\":[{\"@type\":\"CommentAction\",\"name\":\"Comment\",\"target\":[\"https:\\\/\\\/informelitoral.com.ar\\\/se-vive-un-fin-de-semana-con-temperaturas-extremas\\\/#respond\"]}]},{\"@type\":\"WebPage\",\"@id\":\"https:\\\/\\\/informelitoral.com.ar\\\/se-vive-un-fin-de-semana-con-temperaturas-extremas\\\/\",\"url\":\"https:\\\/\\\/informelitoral.com.ar\\\/se-vive-un-fin-de-semana-con-temperaturas-extremas\\\/\",\"name\":\"Se vive un fin de semana con temperaturas extremas - Informe Litoral\",\"isPartOf\":{\"@id\":\"https:\\\/\\\/informelitoral.com.ar\\\/#website\"},\"primaryImageOfPage\":{\"@id\":\"https:\\\/\\\/informelitoral.com.ar\\\/se-vive-un-fin-de-semana-con-temperaturas-extremas\\\/#primaryimage\"},\"image\":{\"@id\":\"https:\\\/\\\/informelitoral.com.ar\\\/se-vive-un-fin-de-semana-con-temperaturas-extremas\\\/#primaryimage\"},\"thumbnailUrl\":\"https:\\\/\\\/informelitoral.com.ar\\\/%77%70%2d%63%6f%6e%74%65%6e%74\\\/uploads\\\/2022\\\/01\\\/calor.r_d.560-267.jpeg\",\"datePublished\":\"2026-01-24T12:22:20+00:00\",\"dateModified\":\"2026-01-24T12:28:07+00:00\",\"breadcrumb\":{\"@id\":\"https:\\\/\\\/informelitoral.com.ar\\\/se-vive-un-fin-de-semana-con-temperaturas-extremas\\\/#breadcrumb\"},\"inLanguage\":\"es\",\"potentialAction\":[{\"@type\":\"ReadAction\",\"target\":[\"https:\\\/\\\/informelitoral.com.ar\\\/se-vive-un-fin-de-semana-con-temperaturas-extremas\\\/\"]}]},{\"@type\":\"ImageObject\",\"inLanguage\":\"es\",\"@id\":\"https:\\\/\\\/informelitoral.com.ar\\\/se-vive-un-fin-de-semana-con-temperaturas-extremas\\\/#primaryimage\",\"url\":\"https:\\\/\\\/informelitoral.com.ar\\\/%77%70%2d%63%6f%6e%74%65%6e%74\\\/uploads\\\/2022\\\/01\\\/calor.r_d.560-267.jpeg\",\"contentUrl\":\"https:\\\/\\\/informelitoral.com.ar\\\/%77%70%2d%63%6f%6e%74%65%6e%74\\\/uploads\\\/2022\\\/01\\\/calor.r_d.560-267.jpeg\",\"width\":656,\"height\":370},{\"@type\":\"BreadcrumbList\",\"@id\":\"https:\\\/\\\/informelitoral.com.ar\\\/se-vive-un-fin-de-semana-con-temperaturas-extremas\\\/#breadcrumb\",\"itemListElement\":[{\"@type\":\"ListItem\",\"position\":1,\"name\":\"Portada\",\"item\":\"https:\\\/\\\/informelitoral.com.ar\\\/\"},{\"@type\":\"ListItem\",\"position\":2,\"name\":\"Se vive un fin de semana con temperaturas extremas\"}]},{\"@type\":\"WebSite\",\"@id\":\"https:\\\/\\\/informelitoral.com.ar\\\/#website\",\"url\":\"https:\\\/\\\/informelitoral.com.ar\\\/\",\"name\":\"Informe Litoral\",\"description\":\"&quot;Nos informamos&quot; \",\"publisher\":{\"@id\":\"https:\\\/\\\/informelitoral.com.ar\\\/#organization\"},\"potentialAction\":[{\"@type\":\"SearchAction\",\"target\":{\"@type\":\"EntryPoint\",\"urlTemplate\":\"https:\\\/\\\/informelitoral.com.ar\\\/?s={search_term_string}\"},\"query-input\":{\"@type\":\"PropertyValueSpecification\",\"valueRequired\":true,\"valueName\":\"search_term_string\"}}],\"inLanguage\":\"es\"},{\"@type\":\"Organization\",\"@id\":\"https:\\\/\\\/informelitoral.com.ar\\\/#organization\",\"name\":\"Informe Litoral\",\"url\":\"https:\\\/\\\/informelitoral.com.ar\\\/\",\"logo\":{\"@type\":\"ImageObject\",\"inLanguage\":\"es\",\"@id\":\"https:\\\/\\\/informelitoral.com.ar\\\/#\\\/schema\\\/logo\\\/image\\\/\",\"url\":\"https:\\\/\\\/informelitoral.com.ar\\\/%77%70%2d%63%6f%6e%74%65%6e%74\\\/uploads\\\/2021\\\/01\\\/circulo.png\",\"contentUrl\":\"https:\\\/\\\/informelitoral.com.ar\\\/%77%70%2d%63%6f%6e%74%65%6e%74\\\/uploads\\\/2021\\\/01\\\/circulo.png\",\"width\":723,\"height\":731,\"caption\":\"Informe Litoral\"},\"image\":{\"@id\":\"https:\\\/\\\/informelitoral.com.ar\\\/#\\\/schema\\\/logo\\\/image\\\/\"},\"sameAs\":[\"https:\\\/\\\/www.facebook.com\\\/informelitoral\\\/\",\"https:\\\/\\\/x.com\\\/InformeLitoral\",\"https:\\\/\\\/www.instagram.com\\\/informelitoral\\\/\",\"https:\\\/\\\/www.youtube.com\\\/channel\\\/UCua4Qvz8Icb6MYqhoq9xLXw\"]},{\"@type\":\"Person\",\"@id\":\"https:\\\/\\\/informelitoral.com.ar\\\/#\\\/schema\\\/person\\\/b9d00407c836482871ef1d57bf8e3180\",\"name\":\"Gonzalo Schmidt\",\"image\":{\"@type\":\"ImageObject\",\"inLanguage\":\"es\",\"@id\":\"https:\\\/\\\/secure.gravatar.com\\\/avatar\\\/31a1a7b66ff2de83bd0e9fd79d026630d2d99e55e8bfe501287647b4fd9743de?s=96&d=mm&r=g\",\"url\":\"https:\\\/\\\/secure.gravatar.com\\\/avatar\\\/31a1a7b66ff2de83bd0e9fd79d026630d2d99e55e8bfe501287647b4fd9743de?s=96&d=mm&r=g\",\"contentUrl\":\"https:\\\/\\\/secure.gravatar.com\\\/avatar\\\/31a1a7b66ff2de83bd0e9fd79d026630d2d99e55e8bfe501287647b4fd9743de?s=96&d=mm&r=g\",\"caption\":\"Gonzalo Schmidt\"},\"description\":\"Sitio web de noticias de la provincia de Entre R\u00edos, Argentina. Informaci\u00f3n y entretenimiento. Informe Litoral, nos informamos.\",\"sameAs\":[\"http:\\\/\\\/www.isletasnoticias.com.ar\"],\"url\":\"https:\\\/\\\/informelitoral.com.ar\\\/author\\\/gonzalo\\\/\"}]}<\/script>","yoast_head_json":{"title":"Se vive un fin de semana con temperaturas extremas - Informe Litoral","robots":{"index":"index","follow":"follow","max-snippet":"max-snippet:-1","max-image-preview":"max-image-preview:large","max-video-preview":"max-video-preview:-1"},"canonical":"https:\/\/informelitoral.com.ar\/se-vive-un-fin-de-semana-con-temperaturas-extremas\/","og_locale":"es_ES","og_type":"article","og_title":"Se vive un fin de semana con temperaturas extremas - Informe Litoral","og_description":"El calor intenso se har\u00e1 sentir tanto este s\u00e1bado como el domingo con m\u00e1ximas de hasta 36 grados. El cielo estar\u00e1 mayormente despejado y no hay lluvias a la vista.","og_url":"https:\/\/informelitoral.com.ar\/se-vive-un-fin-de-semana-con-temperaturas-extremas\/","og_site_name":"Informe Litoral","article_publisher":"https:\/\/www.facebook.com\/informelitoral\/","article_published_time":"2026-01-24T12:22:20+00:00","article_modified_time":"2026-01-24T12:28:07+00:00","og_image":[{"width":656,"height":370,"url":"https:\/\/informelitoral.com.ar\/%77%70%2d%63%6f%6e%74%65%6e%74\/uploads\/2022\/01\/calor.r_d.560-267.jpeg","type":"image\/jpeg"}],"author":"Gonzalo Schmidt","twitter_card":"summary_large_image","twitter_creator":"@InformeLitoral","twitter_site":"@InformeLitoral","twitter_misc":{"Escrito por":"Gonzalo Schmidt","Tiempo de lectura":"3 minutos"},"schema":{"@context":"https:\/\/schema.org","@graph":[{"@type":"Article","@id":"https:\/\/informelitoral.com.ar\/se-vive-un-fin-de-semana-con-temperaturas-extremas\/#article","isPartOf":{"@id":"https:\/\/informelitoral.com.ar\/se-vive-un-fin-de-semana-con-temperaturas-extremas\/"},"author":{"name":"Gonzalo Schmidt","@id":"https:\/\/informelitoral.com.ar\/#\/schema\/person\/b9d00407c836482871ef1d57bf8e3180"},"headline":"Se vive un fin de semana con temperaturas extremas","datePublished":"2026-01-24T12:22:20+00:00","dateModified":"2026-01-24T12:28:07+00:00","mainEntityOfPage":{"@id":"https:\/\/informelitoral.com.ar\/se-vive-un-fin-de-semana-con-temperaturas-extremas\/"},"wordCount":436,"commentCount":0,"publisher":{"@id":"https:\/\/informelitoral.com.ar\/#organization"},"image":{"@id":"https:\/\/informelitoral.com.ar\/se-vive-un-fin-de-semana-con-temperaturas-extremas\/#primaryimage"},"thumbnailUrl":"https:\/\/informelitoral.com.ar\/%77%70%2d%63%6f%6e%74%65%6e%74\/uploads\/2022\/01\/calor.r_d.560-267.jpeg","keywords":["Calor","El tiempo","Fin de semana","Ola de Calor","Pron\u00f3stico del tiempo"],"articleSection":["Entre R\u00edos"],"inLanguage":"es","potentialAction":[{"@type":"CommentAction","name":"Comment","target":["https:\/\/informelitoral.com.ar\/se-vive-un-fin-de-semana-con-temperaturas-extremas\/#respond"]}]},{"@type":"WebPage","@id":"https:\/\/informelitoral.com.ar\/se-vive-un-fin-de-semana-con-temperaturas-extremas\/","url":"https:\/\/informelitoral.com.ar\/se-vive-un-fin-de-semana-con-temperaturas-extremas\/","name":"Se vive un fin de semana con temperaturas extremas - Informe Litoral","isPartOf":{"@id":"https:\/\/informelitoral.com.ar\/#website"},"primaryImageOfPage":{"@id":"https:\/\/informelitoral.com.ar\/se-vive-un-fin-de-semana-con-temperaturas-extremas\/#primaryimage"},"image":{"@id":"https:\/\/informelitoral.com.ar\/se-vive-un-fin-de-semana-con-temperaturas-extremas\/#primaryimage"},"thumbnailUrl":"https:\/\/informelitoral.com.ar\/%77%70%2d%63%6f%6e%74%65%6e%74\/uploads\/2022\/01\/calor.r_d.560-267.jpeg","datePublished":"2026-01-24T12:22:20+00:00","dateModified":"2026-01-24T12:28:07+00:00","breadcrumb":{"@id":"https:\/\/informelitoral.com.ar\/se-vive-un-fin-de-semana-con-temperaturas-extremas\/#breadcrumb"},"inLanguage":"es","potentialAction":[{"@type":"ReadAction","target":["https:\/\/informelitoral.com.ar\/se-vive-un-fin-de-semana-con-temperaturas-extremas\/"]}]},{"@type":"ImageObject","inLanguage":"es","@id":"https:\/\/informelitoral.com.ar\/se-vive-un-fin-de-semana-con-temperaturas-extremas\/#primaryimage","url":"https:\/\/informelitoral.com.ar\/%77%70%2d%63%6f%6e%74%65%6e%74\/uploads\/2022\/01\/calor.r_d.560-267.jpeg","contentUrl":"https:\/\/informelitoral.com.ar\/%77%70%2d%63%6f%6e%74%65%6e%74\/uploads\/2022\/01\/calor.r_d.560-267.jpeg","width":656,"height":370},{"@type":"BreadcrumbList","@id":"https:\/\/informelitoral.com.ar\/se-vive-un-fin-de-semana-con-temperaturas-extremas\/#breadcrumb","itemListElement":[{"@type":"ListItem","position":1,"name":"Portada","item":"https:\/\/informelitoral.com.ar\/"},{"@type":"ListItem","position":2,"name":"Se vive un fin de semana con temperaturas extremas"}]},{"@type":"WebSite","@id":"https:\/\/informelitoral.com.ar\/#website","url":"https:\/\/informelitoral.com.ar\/","name":"Informe Litoral","description":"&quot;Nos informamos&quot; ","publisher":{"@id":"https:\/\/informelitoral.com.ar\/#organization"},"potentialAction":[{"@type":"SearchAction","target":{"@type":"EntryPoint","urlTemplate":"https:\/\/informelitoral.com.ar\/?s={search_term_string}"},"query-input":{"@type":"PropertyValueSpecification","valueRequired":true,"valueName":"search_term_string"}}],"inLanguage":"es"},{"@type":"Organization","@id":"https:\/\/informelitoral.com.ar\/#organization","name":"Informe Litoral","url":"https:\/\/informelitoral.com.ar\/","logo":{"@type":"ImageObject","inLanguage":"es","@id":"https:\/\/informelitoral.com.ar\/#\/schema\/logo\/image\/","url":"https:\/\/informelitoral.com.ar\/%77%70%2d%63%6f%6e%74%65%6e%74\/uploads\/2021\/01\/circulo.png","contentUrl":"https:\/\/informelitoral.com.ar\/%77%70%2d%63%6f%6e%74%65%6e%74\/uploads\/2021\/01\/circulo.png","width":723,"height":731,"caption":"Informe Litoral"},"image":{"@id":"https:\/\/informelitoral.com.ar\/#\/schema\/logo\/image\/"},"sameAs":["https:\/\/www.facebook.com\/informelitoral\/","https:\/\/x.com\/InformeLitoral","https:\/\/www.instagram.com\/informelitoral\/","https:\/\/www.youtube.com\/channel\/UCua4Qvz8Icb6MYqhoq9xLXw"]},{"@type":"Person","@id":"https:\/\/informelitoral.com.ar\/#\/schema\/person\/b9d00407c836482871ef1d57bf8e3180","name":"Gonzalo Schmidt","image":{"@type":"ImageObject","inLanguage":"es","@id":"https:\/\/secure.gravatar.com\/avatar\/31a1a7b66ff2de83bd0e9fd79d026630d2d99e55e8bfe501287647b4fd9743de?s=96&d=mm&r=g","url":"https:\/\/secure.gravatar.com\/avatar\/31a1a7b66ff2de83bd0e9fd79d026630d2d99e55e8bfe501287647b4fd9743de?s=96&d=mm&r=g","contentUrl":"https:\/\/secure.gravatar.com\/avatar\/31a1a7b66ff2de83bd0e9fd79d026630d2d99e55e8bfe501287647b4fd9743de?s=96&d=mm&r=g","caption":"Gonzalo Schmidt"},"description":"Sitio web de noticias de la provincia de Entre R\u00edos, Argentina. Informaci\u00f3n y entretenimiento. Informe Litoral, nos informamos.","sameAs":["http:\/\/www.isletasnoticias.com.ar"],"url":"https:\/\/informelitoral.com.ar\/author\/gonzalo\/"}]}},"_links":{"self":[{"href":"https:\/\/informelitoral.com.ar\/%77%70%2d%6a%73%6f%6e\/wp\/v2\/posts\/247446","targetHints":{"allow":["GET"]}}],"collection":[{"href":"https:\/\/informelitoral.com.ar\/%77%70%2d%6a%73%6f%6e\/wp\/v2\/posts"}],"about":[{"href":"https:\/\/informelitoral.com.ar\/%77%70%2d%6a%73%6f%6e\/wp\/v2\/types\/post"}],"author":[{"embeddable":true,"href":"https:\/\/informelitoral.com.ar\/%77%70%2d%6a%73%6f%6e\/wp\/v2\/users\/2"}],"replies":[{"embeddable":true,"href":"https:\/\/informelitoral.com.ar\/%77%70%2d%6a%73%6f%6e\/wp\/v2\/comments?post=247446"}],"version-history":[{"count":2,"href":"https:\/\/informelitoral.com.ar\/%77%70%2d%6a%73%6f%6e\/wp\/v2\/posts\/247446\/revisions"}],"predecessor-version":[{"id":247448,"href":"https:\/\/informelitoral.com.ar\/%77%70%2d%6a%73%6f%6e\/wp\/v2\/posts\/247446\/revisions\/247448"}],"wp:featuredmedia":[{"embeddable":true,"href":"https:\/\/informelitoral.com.ar\/%77%70%2d%6a%73%6f%6e\/wp\/v2\/media\/70240"}],"wp:attachment":[{"href":"https:\/\/informelitoral.com.ar\/%77%70%2d%6a%73%6f%6e\/wp\/v2\/media?parent=247446"}],"wp:term":[{"taxonomy":"category","embeddable":true,"href":"https:\/\/informelitoral.com.ar\/%77%70%2d%6a%73%6f%6e\/wp\/v2\/categories?post=247446"},{"taxonomy":"post_tag","embeddable":true,"href":"https:\/\/informelitoral.com.ar\/%77%70%2d%6a%73%6f%6e\/wp\/v2\/tags?post=247446"}],"curies":[{"name":"wp","href":"https:\/\/api.w.org\/{rel}","templated":true}]}}