{"id":247407,"date":"2026-01-23T09:41:13","date_gmt":"2026-01-23T12:41:13","guid":{"rendered":"https:\/\/informelitoral.com.ar\/?p=247407"},"modified":"2026-01-23T09:43:24","modified_gmt":"2026-01-23T12:43:24","slug":"ola-de-calor-rigen-alertas-por-temperaturas-extremas-y-salud-brinda-recomendaciones-clave","status":"publish","type":"post","link":"https:\/\/informelitoral.com.ar\/ola-de-calor-rigen-alertas-por-temperaturas-extremas-y-salud-brinda-recomendaciones-clave\/","title":{"rendered":"Ola de calor: rigen alertas por temperaturas extremas y Salud brinda recomendaciones clave"},"content":{"rendered":"<p data-path-to-node=\"4\">Ante el persistente ascenso de la temperatura, los organismos oficiales han emitido una alerta amarilla que pone el foco en los riesgos para la salud. Esta situaci\u00f3n clim\u00e1tica no solo afecta el confort diario, sino que puede representar un peligro real para los <b data-path-to-node=\"4\" data-index-in-node=\"298\">grupos de riesgo<\/b>, especialmente menores de edad, personas mayores de 65 a\u00f1os y pacientes con patolog\u00edas cr\u00f3nicas.<\/p>\n<h6 data-path-to-node=\"4\"><strong><em>Del archivo:\u00a0<a href=\"https:\/\/informelitoral.com.ar\/anticipan-un-fin-de-semana-caluroso-y-sin-lluvias-a-la-vista\/\" target=\"_blank\" rel=\"noopener\">Anticipan un fin de semana caluroso y sin lluvias a la vista<\/a><\/em><\/strong><\/h6>\n<p data-path-to-node=\"5\"><a href=\"https:\/\/drive.google.com\/thumbnail?id=1WjH_b6eweKqDfu2Y8OzeOY9amfls7Udi&amp;sz=w2048\"><img loading=\"lazy\" decoding=\"async\" class=\"aligncenter wp-image-247408 size-large\" src=\"https:\/\/drive.google.com\/thumbnail?id=1WjH_b6eweKqDfu2Y8OzeOY9amfls7Udi&amp;sz=w2048-h2048\" alt=\"\" width=\"1024\" height=\"1024\" \/><\/a>Desde el Ministerio de Salud recalcan que, al no existir un tratamiento farmacol\u00f3gico espec\u00edfico contra el golpe de calor, la <b data-path-to-node=\"6\" data-index-in-node=\"126\">prevenci\u00f3n mediante m\u00e9todos cl\u00e1sicos<\/b> es la \u00fanica herramienta efectiva.<\/p>\n<p data-path-to-node=\"5\"><a href=\"https:\/\/informelitoral.com.ar\/%77%70%2d%63%6f%6e%74%65%6e%74\/uploads\/2022\/01\/posible-episodio-altas-temperaturas-ola-de-calor-inicio-julio-2021-espana-346531-1_1024.jpeg\"><img loading=\"lazy\" decoding=\"async\" class=\"alignnone size-full wp-image-69891\" src=\"https:\/\/informelitoral.com.ar\/%77%70%2d%63%6f%6e%74%65%6e%74\/uploads\/2022\/01\/posible-episodio-altas-temperaturas-ola-de-calor-inicio-julio-2021-espana-346531-1_1024.jpeg\" alt=\"\" width=\"1024\" height=\"720\" srcset=\"https:\/\/informelitoral.com.ar\/%77%70%2d%63%6f%6e%74%65%6e%74\/uploads\/2022\/01\/posible-episodio-altas-temperaturas-ola-de-calor-inicio-julio-2021-espana-346531-1_1024.jpeg 1024w, https:\/\/informelitoral.com.ar\/%77%70%2d%63%6f%6e%74%65%6e%74\/uploads\/2022\/01\/posible-episodio-altas-temperaturas-ola-de-calor-inicio-julio-2021-espana-346531-1_1024-300x211.jpeg 300w, https:\/\/informelitoral.com.ar\/%77%70%2d%63%6f%6e%74%65%6e%74\/uploads\/2022\/01\/posible-episodio-altas-temperaturas-ola-de-calor-inicio-julio-2021-espana-346531-1_1024-768x540.jpeg 768w, https:\/\/informelitoral.com.ar\/%77%70%2d%63%6f%6e%74%65%6e%74\/uploads\/2022\/01\/posible-episodio-altas-temperaturas-ola-de-calor-inicio-julio-2021-espana-346531-1_1024-696x489.jpeg 696w, https:\/\/informelitoral.com.ar\/%77%70%2d%63%6f%6e%74%65%6e%74\/uploads\/2022\/01\/posible-episodio-altas-temperaturas-ola-de-calor-inicio-julio-2021-espana-346531-1_1024-597x420.jpeg 597w, https:\/\/informelitoral.com.ar\/%77%70%2d%63%6f%6e%74%65%6e%74\/uploads\/2022\/01\/posible-episodio-altas-temperaturas-ola-de-calor-inicio-julio-2021-espana-346531-1_1024-100x70.jpeg 100w\" sizes=\"auto, (max-width: 1024px) 100vw, 1024px\" \/><\/a><\/p>\n<p data-path-to-node=\"7\"><strong>Para evitar complicaciones, se recomienda a la poblaci\u00f3n:<\/strong><\/p>\n<ul data-path-to-node=\"8\">\n<li>\n<p data-path-to-node=\"8,0,0\"><b data-path-to-node=\"8,0,0\" data-index-in-node=\"0\">Hidrataci\u00f3n constante:<\/b> beber agua frecuentemente sin esperar a sentir sed.<\/p>\n<\/li>\n<li>\n<p data-path-to-node=\"8,1,0\"><b data-path-to-node=\"8,1,0\" data-index-in-node=\"0\">Alimentaci\u00f3n consciente:<\/b> priorizar frutas y verduras, evitando comidas pesadas, bebidas alcoh\u00f3licas, muy azucaradas o con cafe\u00edna.<\/p>\n<\/li>\n<li>\n<p data-path-to-node=\"8,2,0\"><b data-path-to-node=\"8,2,0\" data-index-in-node=\"0\">Protecci\u00f3n solar y vestimenta:<\/b> utilizar ropa clara y holgada, sombreros y anteojos. Es fundamental aplicar protector solar (FPS 30 o superior) cada dos horas, incluso en d\u00edas nublados.<\/p>\n<\/li>\n<li>\n<p data-path-to-node=\"8,3,0\"><b data-path-to-node=\"8,3,0\" data-index-in-node=\"0\">Evitar la exposici\u00f3n:<\/b> no permanecer bajo el sol entre las 10:00 y las 16:00 horas y reducir la actividad f\u00edsica intensa.<\/p>\n<\/li>\n<\/ul>\n<h2 data-path-to-node=\"9\"><strong>S\u00edntomas de alerta: C\u00f3mo actuar ante una emergencia<\/strong><\/h2>\n<p data-path-to-node=\"10\">Es vital saber identificar los signos de un golpe de calor. Los s\u00edntomas incluyen <b data-path-to-node=\"10\" data-index-in-node=\"82\">sed intensa, temperatura corporal superior a 39\u00b0C, piel seca, mareos, n\u00e1useas o desmayos<\/b>.<\/p>\n<p data-path-to-node=\"11\">En caso de detectar estos indicios en una persona, las autoridades instruyen:<\/p>\n<ol start=\"1\" data-path-to-node=\"12\">\n<li>\n<p data-path-to-node=\"12,0,0\"><b data-path-to-node=\"12,0,0\" data-index-in-node=\"0\">Solicitar asistencia m\u00e9dica<\/b> de forma inmediata.<\/p>\n<\/li>\n<li>\n<p data-path-to-node=\"12,1,0\">Llevar a la persona a un <b data-path-to-node=\"12,1,0\" data-index-in-node=\"25\">lugar fresco y con sombra<\/b>.<\/p>\n<\/li>\n<li>\n<p data-path-to-node=\"12,2,0\">Intentar bajar la temperatura corporal mojando la ropa y ofreciendo <b data-path-to-node=\"12,2,0\" data-index-in-node=\"68\">agua fresca<\/b>.<\/p>\n<\/li>\n<\/ol>\n<p data-path-to-node=\"13\">Las autoridades instan a la comunidad a mantener una vigilancia especial sobre beb\u00e9s y adultos mayores durante los d\u00edas que dure la alerta meteorol\u00f3gica.<\/p>\n","protected":false},"excerpt":{"rendered":"<p>Las autoridades sanitarias advierten que el fen\u00f3meno puede tener efectos \u00ableves a moderados\u00bb en la poblaci\u00f3n, siendo los ni\u00f1os y adultos mayores los grupos de mayor vulnerabilidad.<\/p>\n","protected":false},"author":8,"featured_media":85761,"comment_status":"open","ping_status":"open","sticky":false,"template":"","format":"standard","meta":{"fifu_image_url":"","fifu_image_alt":"","footnotes":""},"categories":[6],"tags":[2851,4007],"class_list":{"0":"post-247407","1":"post","2":"type-post","3":"status-publish","4":"format-standard","5":"has-post-thumbnail","7":"category-entre-rios","8":"tag-ola-de-calor","9":"tag-recomedaciones"},"yoast_head":"<title>Ola de calor: rigen alertas por temperaturas extremas y Salud brinda recomendaciones clave - Informe Litoral<\/title>\n<meta name=\"robots\" content=\"index, follow, max-snippet:-1, max-image-preview:large, max-video-preview:-1\" \/>\n<link rel=\"canonical\" href=\"https:\/\/informelitoral.com.ar\/ola-de-calor-rigen-alertas-por-temperaturas-extremas-y-salud-brinda-recomendaciones-clave\/\" \/>\n<meta property=\"og:locale\" content=\"es_ES\" \/>\n<meta property=\"og:type\" content=\"article\" \/>\n<meta property=\"og:title\" content=\"Ola de calor: rigen alertas por temperaturas extremas y Salud brinda recomendaciones clave - Informe Litoral\" \/>\n<meta property=\"og:description\" content=\"Las autoridades sanitarias advierten que el fen\u00f3meno puede tener efectos &quot;leves a moderados&quot; en la poblaci\u00f3n, siendo los ni\u00f1os y adultos mayores los grupos de mayor vulnerabilidad.\" \/>\n<meta property=\"og:url\" content=\"https:\/\/informelitoral.com.ar\/ola-de-calor-rigen-alertas-por-temperaturas-extremas-y-salud-brinda-recomendaciones-clave\/\" \/>\n<meta property=\"og:site_name\" content=\"Informe Litoral\" \/>\n<meta property=\"article:publisher\" content=\"https:\/\/www.facebook.com\/informelitoral\/\" \/>\n<meta property=\"article:published_time\" content=\"2026-01-23T12:41:13+00:00\" \/>\n<meta property=\"article:modified_time\" content=\"2026-01-23T12:43:24+00:00\" \/>\n<meta property=\"og:image\" content=\"https:\/\/informelitoral.com.ar\/%77%70%2d%63%6f%6e%74%65%6e%74\/uploads\/2022\/09\/soli1-696x497-1.jpg\" \/>\n\t<meta property=\"og:image:width\" content=\"696\" \/>\n\t<meta property=\"og:image:height\" content=\"497\" \/>\n\t<meta property=\"og:image:type\" content=\"image\/jpeg\" \/>\n<meta name=\"author\" content=\"Sebastian\" \/>\n<meta name=\"twitter:card\" content=\"summary_large_image\" \/>\n<meta name=\"twitter:creator\" content=\"@InformeLitoral\" \/>\n<meta name=\"twitter:site\" content=\"@InformeLitoral\" \/>\n<meta name=\"twitter:label1\" content=\"Escrito por\" \/>\n\t<meta name=\"twitter:data1\" content=\"Sebastian\" \/>\n\t<meta name=\"twitter:label2\" content=\"Tiempo de lectura\" \/>\n\t<meta name=\"twitter:data2\" content=\"2 minutos\" \/>\n<script type=\"application\/ld+json\" class=\"yoast-schema-graph\">{\"@context\":\"https:\\\/\\\/schema.org\",\"@graph\":[{\"@type\":\"Article\",\"@id\":\"https:\\\/\\\/informelitoral.com.ar\\\/ola-de-calor-rigen-alertas-por-temperaturas-extremas-y-salud-brinda-recomendaciones-clave\\\/#article\",\"isPartOf\":{\"@id\":\"https:\\\/\\\/informelitoral.com.ar\\\/ola-de-calor-rigen-alertas-por-temperaturas-extremas-y-salud-brinda-recomendaciones-clave\\\/\"},\"author\":{\"name\":\"Sebastian\",\"@id\":\"https:\\\/\\\/informelitoral.com.ar\\\/#\\\/schema\\\/person\\\/f05f9f461677119578717524b127d6d5\"},\"headline\":\"Ola de calor: rigen alertas por temperaturas extremas y Salud brinda recomendaciones clave\",\"datePublished\":\"2026-01-23T12:41:13+00:00\",\"dateModified\":\"2026-01-23T12:43:24+00:00\",\"mainEntityOfPage\":{\"@id\":\"https:\\\/\\\/informelitoral.com.ar\\\/ola-de-calor-rigen-alertas-por-temperaturas-extremas-y-salud-brinda-recomendaciones-clave\\\/\"},\"wordCount\":322,\"commentCount\":0,\"publisher\":{\"@id\":\"https:\\\/\\\/informelitoral.com.ar\\\/#organization\"},\"image\":{\"@id\":\"https:\\\/\\\/informelitoral.com.ar\\\/ola-de-calor-rigen-alertas-por-temperaturas-extremas-y-salud-brinda-recomendaciones-clave\\\/#primaryimage\"},\"thumbnailUrl\":\"https:\\\/\\\/informelitoral.com.ar\\\/%77%70%2d%63%6f%6e%74%65%6e%74\\\/uploads\\\/2022\\\/09\\\/soli1-696x497-1.jpg\",\"keywords\":[\"Ola de Calor\",\"Recomedaciones\"],\"articleSection\":[\"Entre R\u00edos\"],\"inLanguage\":\"es\",\"potentialAction\":[{\"@type\":\"CommentAction\",\"name\":\"Comment\",\"target\":[\"https:\\\/\\\/informelitoral.com.ar\\\/ola-de-calor-rigen-alertas-por-temperaturas-extremas-y-salud-brinda-recomendaciones-clave\\\/#respond\"]}]},{\"@type\":\"WebPage\",\"@id\":\"https:\\\/\\\/informelitoral.com.ar\\\/ola-de-calor-rigen-alertas-por-temperaturas-extremas-y-salud-brinda-recomendaciones-clave\\\/\",\"url\":\"https:\\\/\\\/informelitoral.com.ar\\\/ola-de-calor-rigen-alertas-por-temperaturas-extremas-y-salud-brinda-recomendaciones-clave\\\/\",\"name\":\"Ola de calor: rigen alertas por temperaturas extremas y Salud brinda recomendaciones clave - Informe Litoral\",\"isPartOf\":{\"@id\":\"https:\\\/\\\/informelitoral.com.ar\\\/#website\"},\"primaryImageOfPage\":{\"@id\":\"https:\\\/\\\/informelitoral.com.ar\\\/ola-de-calor-rigen-alertas-por-temperaturas-extremas-y-salud-brinda-recomendaciones-clave\\\/#primaryimage\"},\"image\":{\"@id\":\"https:\\\/\\\/informelitoral.com.ar\\\/ola-de-calor-rigen-alertas-por-temperaturas-extremas-y-salud-brinda-recomendaciones-clave\\\/#primaryimage\"},\"thumbnailUrl\":\"https:\\\/\\\/informelitoral.com.ar\\\/%77%70%2d%63%6f%6e%74%65%6e%74\\\/uploads\\\/2022\\\/09\\\/soli1-696x497-1.jpg\",\"datePublished\":\"2026-01-23T12:41:13+00:00\",\"dateModified\":\"2026-01-23T12:43:24+00:00\",\"breadcrumb\":{\"@id\":\"https:\\\/\\\/informelitoral.com.ar\\\/ola-de-calor-rigen-alertas-por-temperaturas-extremas-y-salud-brinda-recomendaciones-clave\\\/#breadcrumb\"},\"inLanguage\":\"es\",\"potentialAction\":[{\"@type\":\"ReadAction\",\"target\":[\"https:\\\/\\\/informelitoral.com.ar\\\/ola-de-calor-rigen-alertas-por-temperaturas-extremas-y-salud-brinda-recomendaciones-clave\\\/\"]}]},{\"@type\":\"ImageObject\",\"inLanguage\":\"es\",\"@id\":\"https:\\\/\\\/informelitoral.com.ar\\\/ola-de-calor-rigen-alertas-por-temperaturas-extremas-y-salud-brinda-recomendaciones-clave\\\/#primaryimage\",\"url\":\"https:\\\/\\\/informelitoral.com.ar\\\/%77%70%2d%63%6f%6e%74%65%6e%74\\\/uploads\\\/2022\\\/09\\\/soli1-696x497-1.jpg\",\"contentUrl\":\"https:\\\/\\\/informelitoral.com.ar\\\/%77%70%2d%63%6f%6e%74%65%6e%74\\\/uploads\\\/2022\\\/09\\\/soli1-696x497-1.jpg\",\"width\":696,\"height\":497},{\"@type\":\"BreadcrumbList\",\"@id\":\"https:\\\/\\\/informelitoral.com.ar\\\/ola-de-calor-rigen-alertas-por-temperaturas-extremas-y-salud-brinda-recomendaciones-clave\\\/#breadcrumb\",\"itemListElement\":[{\"@type\":\"ListItem\",\"position\":1,\"name\":\"Portada\",\"item\":\"https:\\\/\\\/informelitoral.com.ar\\\/\"},{\"@type\":\"ListItem\",\"position\":2,\"name\":\"Ola de calor: rigen alertas por temperaturas extremas y Salud brinda recomendaciones clave\"}]},{\"@type\":\"WebSite\",\"@id\":\"https:\\\/\\\/informelitoral.com.ar\\\/#website\",\"url\":\"https:\\\/\\\/informelitoral.com.ar\\\/\",\"name\":\"Informe Litoral\",\"description\":\"&quot;Nos informamos&quot; \",\"publisher\":{\"@id\":\"https:\\\/\\\/informelitoral.com.ar\\\/#organization\"},\"potentialAction\":[{\"@type\":\"SearchAction\",\"target\":{\"@type\":\"EntryPoint\",\"urlTemplate\":\"https:\\\/\\\/informelitoral.com.ar\\\/?s={search_term_string}\"},\"query-input\":{\"@type\":\"PropertyValueSpecification\",\"valueRequired\":true,\"valueName\":\"search_term_string\"}}],\"inLanguage\":\"es\"},{\"@type\":\"Organization\",\"@id\":\"https:\\\/\\\/informelitoral.com.ar\\\/#organization\",\"name\":\"Informe Litoral\",\"url\":\"https:\\\/\\\/informelitoral.com.ar\\\/\",\"logo\":{\"@type\":\"ImageObject\",\"inLanguage\":\"es\",\"@id\":\"https:\\\/\\\/informelitoral.com.ar\\\/#\\\/schema\\\/logo\\\/image\\\/\",\"url\":\"https:\\\/\\\/informelitoral.com.ar\\\/%77%70%2d%63%6f%6e%74%65%6e%74\\\/uploads\\\/2021\\\/01\\\/circulo.png\",\"contentUrl\":\"https:\\\/\\\/informelitoral.com.ar\\\/%77%70%2d%63%6f%6e%74%65%6e%74\\\/uploads\\\/2021\\\/01\\\/circulo.png\",\"width\":723,\"height\":731,\"caption\":\"Informe Litoral\"},\"image\":{\"@id\":\"https:\\\/\\\/informelitoral.com.ar\\\/#\\\/schema\\\/logo\\\/image\\\/\"},\"sameAs\":[\"https:\\\/\\\/www.facebook.com\\\/informelitoral\\\/\",\"https:\\\/\\\/x.com\\\/InformeLitoral\",\"https:\\\/\\\/www.instagram.com\\\/informelitoral\\\/\",\"https:\\\/\\\/www.youtube.com\\\/channel\\\/UCua4Qvz8Icb6MYqhoq9xLXw\"]},{\"@type\":\"Person\",\"@id\":\"https:\\\/\\\/informelitoral.com.ar\\\/#\\\/schema\\\/person\\\/f05f9f461677119578717524b127d6d5\",\"name\":\"Sebastian\",\"image\":{\"@type\":\"ImageObject\",\"inLanguage\":\"es\",\"@id\":\"https:\\\/\\\/secure.gravatar.com\\\/avatar\\\/b71bf7481d447dfb9583c7f2798e7cc64de6efb9067b74633ed8c31059a3bd82?s=96&d=mm&r=g\",\"url\":\"https:\\\/\\\/secure.gravatar.com\\\/avatar\\\/b71bf7481d447dfb9583c7f2798e7cc64de6efb9067b74633ed8c31059a3bd82?s=96&d=mm&r=g\",\"contentUrl\":\"https:\\\/\\\/secure.gravatar.com\\\/avatar\\\/b71bf7481d447dfb9583c7f2798e7cc64de6efb9067b74633ed8c31059a3bd82?s=96&d=mm&r=g\",\"caption\":\"Sebastian\"},\"url\":\"https:\\\/\\\/informelitoral.com.ar\\\/author\\\/sebastian\\\/\"}]}<\/script>","yoast_head_json":{"title":"Ola de calor: rigen alertas por temperaturas extremas y Salud brinda recomendaciones clave - Informe Litoral","robots":{"index":"index","follow":"follow","max-snippet":"max-snippet:-1","max-image-preview":"max-image-preview:large","max-video-preview":"max-video-preview:-1"},"canonical":"https:\/\/informelitoral.com.ar\/ola-de-calor-rigen-alertas-por-temperaturas-extremas-y-salud-brinda-recomendaciones-clave\/","og_locale":"es_ES","og_type":"article","og_title":"Ola de calor: rigen alertas por temperaturas extremas y Salud brinda recomendaciones clave - Informe Litoral","og_description":"Las autoridades sanitarias advierten que el fen\u00f3meno puede tener efectos \"leves a moderados\" en la poblaci\u00f3n, siendo los ni\u00f1os y adultos mayores los grupos de mayor vulnerabilidad.","og_url":"https:\/\/informelitoral.com.ar\/ola-de-calor-rigen-alertas-por-temperaturas-extremas-y-salud-brinda-recomendaciones-clave\/","og_site_name":"Informe Litoral","article_publisher":"https:\/\/www.facebook.com\/informelitoral\/","article_published_time":"2026-01-23T12:41:13+00:00","article_modified_time":"2026-01-23T12:43:24+00:00","og_image":[{"width":696,"height":497,"url":"https:\/\/informelitoral.com.ar\/%77%70%2d%63%6f%6e%74%65%6e%74\/uploads\/2022\/09\/soli1-696x497-1.jpg","type":"image\/jpeg"}],"author":"Sebastian","twitter_card":"summary_large_image","twitter_creator":"@InformeLitoral","twitter_site":"@InformeLitoral","twitter_misc":{"Escrito por":"Sebastian","Tiempo de lectura":"2 minutos"},"schema":{"@context":"https:\/\/schema.org","@graph":[{"@type":"Article","@id":"https:\/\/informelitoral.com.ar\/ola-de-calor-rigen-alertas-por-temperaturas-extremas-y-salud-brinda-recomendaciones-clave\/#article","isPartOf":{"@id":"https:\/\/informelitoral.com.ar\/ola-de-calor-rigen-alertas-por-temperaturas-extremas-y-salud-brinda-recomendaciones-clave\/"},"author":{"name":"Sebastian","@id":"https:\/\/informelitoral.com.ar\/#\/schema\/person\/f05f9f461677119578717524b127d6d5"},"headline":"Ola de calor: rigen alertas por temperaturas extremas y Salud brinda recomendaciones clave","datePublished":"2026-01-23T12:41:13+00:00","dateModified":"2026-01-23T12:43:24+00:00","mainEntityOfPage":{"@id":"https:\/\/informelitoral.com.ar\/ola-de-calor-rigen-alertas-por-temperaturas-extremas-y-salud-brinda-recomendaciones-clave\/"},"wordCount":322,"commentCount":0,"publisher":{"@id":"https:\/\/informelitoral.com.ar\/#organization"},"image":{"@id":"https:\/\/informelitoral.com.ar\/ola-de-calor-rigen-alertas-por-temperaturas-extremas-y-salud-brinda-recomendaciones-clave\/#primaryimage"},"thumbnailUrl":"https:\/\/informelitoral.com.ar\/%77%70%2d%63%6f%6e%74%65%6e%74\/uploads\/2022\/09\/soli1-696x497-1.jpg","keywords":["Ola de Calor","Recomedaciones"],"articleSection":["Entre R\u00edos"],"inLanguage":"es","potentialAction":[{"@type":"CommentAction","name":"Comment","target":["https:\/\/informelitoral.com.ar\/ola-de-calor-rigen-alertas-por-temperaturas-extremas-y-salud-brinda-recomendaciones-clave\/#respond"]}]},{"@type":"WebPage","@id":"https:\/\/informelitoral.com.ar\/ola-de-calor-rigen-alertas-por-temperaturas-extremas-y-salud-brinda-recomendaciones-clave\/","url":"https:\/\/informelitoral.com.ar\/ola-de-calor-rigen-alertas-por-temperaturas-extremas-y-salud-brinda-recomendaciones-clave\/","name":"Ola de calor: rigen alertas por temperaturas extremas y Salud brinda recomendaciones clave - Informe Litoral","isPartOf":{"@id":"https:\/\/informelitoral.com.ar\/#website"},"primaryImageOfPage":{"@id":"https:\/\/informelitoral.com.ar\/ola-de-calor-rigen-alertas-por-temperaturas-extremas-y-salud-brinda-recomendaciones-clave\/#primaryimage"},"image":{"@id":"https:\/\/informelitoral.com.ar\/ola-de-calor-rigen-alertas-por-temperaturas-extremas-y-salud-brinda-recomendaciones-clave\/#primaryimage"},"thumbnailUrl":"https:\/\/informelitoral.com.ar\/%77%70%2d%63%6f%6e%74%65%6e%74\/uploads\/2022\/09\/soli1-696x497-1.jpg","datePublished":"2026-01-23T12:41:13+00:00","dateModified":"2026-01-23T12:43:24+00:00","breadcrumb":{"@id":"https:\/\/informelitoral.com.ar\/ola-de-calor-rigen-alertas-por-temperaturas-extremas-y-salud-brinda-recomendaciones-clave\/#breadcrumb"},"inLanguage":"es","potentialAction":[{"@type":"ReadAction","target":["https:\/\/informelitoral.com.ar\/ola-de-calor-rigen-alertas-por-temperaturas-extremas-y-salud-brinda-recomendaciones-clave\/"]}]},{"@type":"ImageObject","inLanguage":"es","@id":"https:\/\/informelitoral.com.ar\/ola-de-calor-rigen-alertas-por-temperaturas-extremas-y-salud-brinda-recomendaciones-clave\/#primaryimage","url":"https:\/\/informelitoral.com.ar\/%77%70%2d%63%6f%6e%74%65%6e%74\/uploads\/2022\/09\/soli1-696x497-1.jpg","contentUrl":"https:\/\/informelitoral.com.ar\/%77%70%2d%63%6f%6e%74%65%6e%74\/uploads\/2022\/09\/soli1-696x497-1.jpg","width":696,"height":497},{"@type":"BreadcrumbList","@id":"https:\/\/informelitoral.com.ar\/ola-de-calor-rigen-alertas-por-temperaturas-extremas-y-salud-brinda-recomendaciones-clave\/#breadcrumb","itemListElement":[{"@type":"ListItem","position":1,"name":"Portada","item":"https:\/\/informelitoral.com.ar\/"},{"@type":"ListItem","position":2,"name":"Ola de calor: rigen alertas por temperaturas extremas y Salud brinda recomendaciones clave"}]},{"@type":"WebSite","@id":"https:\/\/informelitoral.com.ar\/#website","url":"https:\/\/informelitoral.com.ar\/","name":"Informe Litoral","description":"&quot;Nos informamos&quot; ","publisher":{"@id":"https:\/\/informelitoral.com.ar\/#organization"},"potentialAction":[{"@type":"SearchAction","target":{"@type":"EntryPoint","urlTemplate":"https:\/\/informelitoral.com.ar\/?s={search_term_string}"},"query-input":{"@type":"PropertyValueSpecification","valueRequired":true,"valueName":"search_term_string"}}],"inLanguage":"es"},{"@type":"Organization","@id":"https:\/\/informelitoral.com.ar\/#organization","name":"Informe Litoral","url":"https:\/\/informelitoral.com.ar\/","logo":{"@type":"ImageObject","inLanguage":"es","@id":"https:\/\/informelitoral.com.ar\/#\/schema\/logo\/image\/","url":"https:\/\/informelitoral.com.ar\/%77%70%2d%63%6f%6e%74%65%6e%74\/uploads\/2021\/01\/circulo.png","contentUrl":"https:\/\/informelitoral.com.ar\/%77%70%2d%63%6f%6e%74%65%6e%74\/uploads\/2021\/01\/circulo.png","width":723,"height":731,"caption":"Informe Litoral"},"image":{"@id":"https:\/\/informelitoral.com.ar\/#\/schema\/logo\/image\/"},"sameAs":["https:\/\/www.facebook.com\/informelitoral\/","https:\/\/x.com\/InformeLitoral","https:\/\/www.instagram.com\/informelitoral\/","https:\/\/www.youtube.com\/channel\/UCua4Qvz8Icb6MYqhoq9xLXw"]},{"@type":"Person","@id":"https:\/\/informelitoral.com.ar\/#\/schema\/person\/f05f9f461677119578717524b127d6d5","name":"Sebastian","image":{"@type":"ImageObject","inLanguage":"es","@id":"https:\/\/secure.gravatar.com\/avatar\/b71bf7481d447dfb9583c7f2798e7cc64de6efb9067b74633ed8c31059a3bd82?s=96&d=mm&r=g","url":"https:\/\/secure.gravatar.com\/avatar\/b71bf7481d447dfb9583c7f2798e7cc64de6efb9067b74633ed8c31059a3bd82?s=96&d=mm&r=g","contentUrl":"https:\/\/secure.gravatar.com\/avatar\/b71bf7481d447dfb9583c7f2798e7cc64de6efb9067b74633ed8c31059a3bd82?s=96&d=mm&r=g","caption":"Sebastian"},"url":"https:\/\/informelitoral.com.ar\/author\/sebastian\/"}]}},"_links":{"self":[{"href":"https:\/\/informelitoral.com.ar\/%77%70%2d%6a%73%6f%6e\/wp\/v2\/posts\/247407","targetHints":{"allow":["GET"]}}],"collection":[{"href":"https:\/\/informelitoral.com.ar\/%77%70%2d%6a%73%6f%6e\/wp\/v2\/posts"}],"about":[{"href":"https:\/\/informelitoral.com.ar\/%77%70%2d%6a%73%6f%6e\/wp\/v2\/types\/post"}],"author":[{"embeddable":true,"href":"https:\/\/informelitoral.com.ar\/%77%70%2d%6a%73%6f%6e\/wp\/v2\/users\/8"}],"replies":[{"embeddable":true,"href":"https:\/\/informelitoral.com.ar\/%77%70%2d%6a%73%6f%6e\/wp\/v2\/comments?post=247407"}],"version-history":[{"count":3,"href":"https:\/\/informelitoral.com.ar\/%77%70%2d%6a%73%6f%6e\/wp\/v2\/posts\/247407\/revisions"}],"predecessor-version":[{"id":247411,"href":"https:\/\/informelitoral.com.ar\/%77%70%2d%6a%73%6f%6e\/wp\/v2\/posts\/247407\/revisions\/247411"}],"wp:featuredmedia":[{"embeddable":true,"href":"https:\/\/informelitoral.com.ar\/%77%70%2d%6a%73%6f%6e\/wp\/v2\/media\/85761"}],"wp:attachment":[{"href":"https:\/\/informelitoral.com.ar\/%77%70%2d%6a%73%6f%6e\/wp\/v2\/media?parent=247407"}],"wp:term":[{"taxonomy":"category","embeddable":true,"href":"https:\/\/informelitoral.com.ar\/%77%70%2d%6a%73%6f%6e\/wp\/v2\/categories?post=247407"},{"taxonomy":"post_tag","embeddable":true,"href":"https:\/\/informelitoral.com.ar\/%77%70%2d%6a%73%6f%6e\/wp\/v2\/tags?post=247407"}],"curies":[{"name":"wp","href":"https:\/\/api.w.org\/{rel}","templated":true}]}}