{"id":247381,"date":"2026-01-23T07:33:37","date_gmt":"2026-01-23T10:33:37","guid":{"rendered":"https:\/\/informelitoral.com.ar\/?p=247381"},"modified":"2026-01-23T07:33:37","modified_gmt":"2026-01-23T10:33:37","slug":"anticipan-un-fin-de-semana-caluroso-y-sin-lluvias-a-la-vista","status":"publish","type":"post","link":"https:\/\/informelitoral.com.ar\/anticipan-un-fin-de-semana-caluroso-y-sin-lluvias-a-la-vista\/","title":{"rendered":"Anticipan un fin de semana caluroso y sin lluvias a la vista"},"content":{"rendered":"<p>Para este\u00a0<b>viernes,<\/b>\u00a0el Servicio Meteorol\u00f3gico Nacional (SMN) anticipa en Entre R\u00edos una temperatura\u00a0<b>m\u00ednima de 22 grados y una m\u00e1xima de 34 grados.<\/b>\u00a0El cielo se presentar\u00e1 con algunas nubes y el viento soplar\u00e1 del sector norte, una condici\u00f3n que favorece el ingreso de aire c\u00e1lido y potencia el ascenso t\u00e9rmico.<\/p>\n<p>En este contexto, toda la provincia se encuentra bajo alerta amarilla por temperaturas extremas. Este nivel implica un efecto leve a moderado en la salud, especialmente para los grupos de riesgo como ni\u00f1os y ni\u00f1as, personas mayores de 65 a\u00f1os y quienes padecen enfermedades cr\u00f3nicas.<\/p>\n<h2><strong>C\u00f3mo estar\u00e1 el tiempo durante el fin de semana<\/strong><\/h2>\n<p>Hasta este viernes inclusive, las temperaturas m\u00e1s elevadas se concentran en el oeste y noroeste del pa\u00eds. Regiones como Cuyo, Catamarca, La Rioja, La Pampa, el norte de C\u00f3rdoba y sectores del Litoral y el Chaco registran m\u00e1ximas que oscilan entre los 35 y 42 grados. El escenario comenzar\u00e1 a modificarse durante el fin de semana, cuando\u00a0<b>el centro de alta presi\u00f3n se desplace levemente hacia el este<\/b>. Este movimiento permitir\u00e1 el ingreso de aire m\u00e1s h\u00famedo desde el tr\u00f3pico, haciendo que el calor se vuelva m\u00e1s pesado y elevando notablemente la sensaci\u00f3n t\u00e9rmica.<\/p>\n<p><u><b>En Entre R\u00edos, el pron\u00f3stico indica:<\/b><\/u><\/p>\n<p><b>S\u00e1bado<\/b>: m\u00ednima de 23\u00b0C y m\u00e1xima de 36\u00b0C, con cielo parcialmente nublado y viento leve a moderado del norte.<\/p>\n<p><b>Domingo:<\/b>\u00a0m\u00ednima de 23\u00b0C y m\u00e1xima de 36\u00b0C, con cielo algo a parcialmente nublado.<\/p>\n<p><b>Lunes:<\/b>\u00a0m\u00ednima de 27\u00b0C y m\u00e1xima de 38\u00b0C, con cielo mayormente nublado.<\/p>\n<p><b>Martes<\/b>: ser\u00eda el d\u00eda m\u00e1s caluroso de esta ola de calor, con m\u00ednima de 28\u00b0C y m\u00e1xima de 38\u00b0C y cielo parcialmente nublado durante toda la jornada.<\/p>\n<p>Con el aumento de la humedad, la sensaci\u00f3n t\u00e9rmica podr\u00eda alcanzar los 40 grados en distintos puntos de la provincia. Adem\u00e1s, se prev\u00e9n noches tropicales, con m\u00ednimas que no descender\u00e1n de los 23 grados, lo que dificulta el enfriamiento natural de las viviendas durante la madrugada.<\/p>\n<div class=\"embed nota-relacionada\">\n<div class=\"inner-art\"><\/div>\n<\/div>\n","protected":false},"excerpt":{"rendered":"<p>El calor extremo avanza en Entre R\u00edos y otras provincias con temperaturas m\u00e1ximas que estar\u00e1n cercanas a los 40 grados. El alivio reci\u00e9n llegar\u00eda hacia el martes a la noche. <\/p>\n","protected":false},"author":2,"featured_media":69617,"comment_status":"open","ping_status":"open","sticky":false,"template":"","format":"standard","meta":{"fifu_image_url":"","fifu_image_alt":"","footnotes":""},"categories":[6],"tags":[38,114,2759,113],"class_list":{"0":"post-247381","1":"post","2":"type-post","3":"status-publish","4":"format-standard","5":"has-post-thumbnail","7":"category-entre-rios","8":"tag-el-tiempo","9":"tag-pronostico","10":"tag-pronostico-del-tiempo","11":"tag-smn"},"yoast_head":"<title>Anticipan un fin de semana caluroso y sin lluvias a la vista - Informe Litoral<\/title>\n<meta name=\"robots\" content=\"index, follow, max-snippet:-1, max-image-preview:large, max-video-preview:-1\" \/>\n<link rel=\"canonical\" href=\"https:\/\/informelitoral.com.ar\/anticipan-un-fin-de-semana-caluroso-y-sin-lluvias-a-la-vista\/\" \/>\n<meta property=\"og:locale\" content=\"es_ES\" \/>\n<meta property=\"og:type\" content=\"article\" \/>\n<meta property=\"og:title\" content=\"Anticipan un fin de semana caluroso y sin lluvias a la vista - Informe Litoral\" \/>\n<meta property=\"og:description\" content=\"El calor extremo avanza en Entre R\u00edos y otras provincias con temperaturas m\u00e1ximas que estar\u00e1n cercanas a los 40 grados. El alivio reci\u00e9n llegar\u00eda hacia el martes a la noche.\" \/>\n<meta property=\"og:url\" content=\"https:\/\/informelitoral.com.ar\/anticipan-un-fin-de-semana-caluroso-y-sin-lluvias-a-la-vista\/\" \/>\n<meta property=\"og:site_name\" content=\"Informe Litoral\" \/>\n<meta property=\"article:publisher\" content=\"https:\/\/www.facebook.com\/informelitoral\/\" \/>\n<meta property=\"article:published_time\" content=\"2026-01-23T10:33:37+00:00\" \/>\n<meta property=\"og:image\" content=\"https:\/\/informelitoral.com.ar\/%77%70%2d%63%6f%6e%74%65%6e%74\/uploads\/2021\/12\/calor-persona-sol-botella-de-agua-verano-696x392.x41509.jpg\" \/>\n\t<meta property=\"og:image:width\" content=\"696\" \/>\n\t<meta property=\"og:image:height\" content=\"392\" \/>\n\t<meta property=\"og:image:type\" content=\"image\/jpeg\" \/>\n<meta name=\"author\" content=\"Gonzalo Schmidt\" \/>\n<meta name=\"twitter:card\" content=\"summary_large_image\" \/>\n<meta name=\"twitter:creator\" content=\"@InformeLitoral\" \/>\n<meta name=\"twitter:site\" content=\"@InformeLitoral\" \/>\n<meta name=\"twitter:label1\" content=\"Escrito por\" \/>\n\t<meta name=\"twitter:data1\" content=\"Gonzalo Schmidt\" \/>\n\t<meta name=\"twitter:label2\" content=\"Tiempo de lectura\" \/>\n\t<meta name=\"twitter:data2\" content=\"2 minutos\" \/>\n<script type=\"application\/ld+json\" class=\"yoast-schema-graph\">{\"@context\":\"https:\\\/\\\/schema.org\",\"@graph\":[{\"@type\":\"Article\",\"@id\":\"https:\\\/\\\/informelitoral.com.ar\\\/anticipan-un-fin-de-semana-caluroso-y-sin-lluvias-a-la-vista\\\/#article\",\"isPartOf\":{\"@id\":\"https:\\\/\\\/informelitoral.com.ar\\\/anticipan-un-fin-de-semana-caluroso-y-sin-lluvias-a-la-vista\\\/\"},\"author\":{\"name\":\"Gonzalo Schmidt\",\"@id\":\"https:\\\/\\\/informelitoral.com.ar\\\/#\\\/schema\\\/person\\\/b9d00407c836482871ef1d57bf8e3180\"},\"headline\":\"Anticipan un fin de semana caluroso y sin lluvias a la vista\",\"datePublished\":\"2026-01-23T10:33:37+00:00\",\"mainEntityOfPage\":{\"@id\":\"https:\\\/\\\/informelitoral.com.ar\\\/anticipan-un-fin-de-semana-caluroso-y-sin-lluvias-a-la-vista\\\/\"},\"wordCount\":373,\"commentCount\":0,\"publisher\":{\"@id\":\"https:\\\/\\\/informelitoral.com.ar\\\/#organization\"},\"image\":{\"@id\":\"https:\\\/\\\/informelitoral.com.ar\\\/anticipan-un-fin-de-semana-caluroso-y-sin-lluvias-a-la-vista\\\/#primaryimage\"},\"thumbnailUrl\":\"https:\\\/\\\/informelitoral.com.ar\\\/%77%70%2d%63%6f%6e%74%65%6e%74\\\/uploads\\\/2021\\\/12\\\/calor-persona-sol-botella-de-agua-verano-696x392.x41509.jpg\",\"keywords\":[\"El tiempo\",\"Pron\u00f3stico\",\"Pron\u00f3stico del tiempo\",\"SMN\"],\"articleSection\":[\"Entre R\u00edos\"],\"inLanguage\":\"es\",\"potentialAction\":[{\"@type\":\"CommentAction\",\"name\":\"Comment\",\"target\":[\"https:\\\/\\\/informelitoral.com.ar\\\/anticipan-un-fin-de-semana-caluroso-y-sin-lluvias-a-la-vista\\\/#respond\"]}]},{\"@type\":\"WebPage\",\"@id\":\"https:\\\/\\\/informelitoral.com.ar\\\/anticipan-un-fin-de-semana-caluroso-y-sin-lluvias-a-la-vista\\\/\",\"url\":\"https:\\\/\\\/informelitoral.com.ar\\\/anticipan-un-fin-de-semana-caluroso-y-sin-lluvias-a-la-vista\\\/\",\"name\":\"Anticipan un fin de semana caluroso y sin lluvias a la vista - Informe Litoral\",\"isPartOf\":{\"@id\":\"https:\\\/\\\/informelitoral.com.ar\\\/#website\"},\"primaryImageOfPage\":{\"@id\":\"https:\\\/\\\/informelitoral.com.ar\\\/anticipan-un-fin-de-semana-caluroso-y-sin-lluvias-a-la-vista\\\/#primaryimage\"},\"image\":{\"@id\":\"https:\\\/\\\/informelitoral.com.ar\\\/anticipan-un-fin-de-semana-caluroso-y-sin-lluvias-a-la-vista\\\/#primaryimage\"},\"thumbnailUrl\":\"https:\\\/\\\/informelitoral.com.ar\\\/%77%70%2d%63%6f%6e%74%65%6e%74\\\/uploads\\\/2021\\\/12\\\/calor-persona-sol-botella-de-agua-verano-696x392.x41509.jpg\",\"datePublished\":\"2026-01-23T10:33:37+00:00\",\"breadcrumb\":{\"@id\":\"https:\\\/\\\/informelitoral.com.ar\\\/anticipan-un-fin-de-semana-caluroso-y-sin-lluvias-a-la-vista\\\/#breadcrumb\"},\"inLanguage\":\"es\",\"potentialAction\":[{\"@type\":\"ReadAction\",\"target\":[\"https:\\\/\\\/informelitoral.com.ar\\\/anticipan-un-fin-de-semana-caluroso-y-sin-lluvias-a-la-vista\\\/\"]}]},{\"@type\":\"ImageObject\",\"inLanguage\":\"es\",\"@id\":\"https:\\\/\\\/informelitoral.com.ar\\\/anticipan-un-fin-de-semana-caluroso-y-sin-lluvias-a-la-vista\\\/#primaryimage\",\"url\":\"https:\\\/\\\/informelitoral.com.ar\\\/%77%70%2d%63%6f%6e%74%65%6e%74\\\/uploads\\\/2021\\\/12\\\/calor-persona-sol-botella-de-agua-verano-696x392.x41509.jpg\",\"contentUrl\":\"https:\\\/\\\/informelitoral.com.ar\\\/%77%70%2d%63%6f%6e%74%65%6e%74\\\/uploads\\\/2021\\\/12\\\/calor-persona-sol-botella-de-agua-verano-696x392.x41509.jpg\",\"width\":696,\"height\":392},{\"@type\":\"BreadcrumbList\",\"@id\":\"https:\\\/\\\/informelitoral.com.ar\\\/anticipan-un-fin-de-semana-caluroso-y-sin-lluvias-a-la-vista\\\/#breadcrumb\",\"itemListElement\":[{\"@type\":\"ListItem\",\"position\":1,\"name\":\"Portada\",\"item\":\"https:\\\/\\\/informelitoral.com.ar\\\/\"},{\"@type\":\"ListItem\",\"position\":2,\"name\":\"Anticipan un fin de semana caluroso y sin lluvias a la vista\"}]},{\"@type\":\"WebSite\",\"@id\":\"https:\\\/\\\/informelitoral.com.ar\\\/#website\",\"url\":\"https:\\\/\\\/informelitoral.com.ar\\\/\",\"name\":\"Informe Litoral\",\"description\":\"&quot;Nos informamos&quot; \",\"publisher\":{\"@id\":\"https:\\\/\\\/informelitoral.com.ar\\\/#organization\"},\"potentialAction\":[{\"@type\":\"SearchAction\",\"target\":{\"@type\":\"EntryPoint\",\"urlTemplate\":\"https:\\\/\\\/informelitoral.com.ar\\\/?s={search_term_string}\"},\"query-input\":{\"@type\":\"PropertyValueSpecification\",\"valueRequired\":true,\"valueName\":\"search_term_string\"}}],\"inLanguage\":\"es\"},{\"@type\":\"Organization\",\"@id\":\"https:\\\/\\\/informelitoral.com.ar\\\/#organization\",\"name\":\"Informe Litoral\",\"url\":\"https:\\\/\\\/informelitoral.com.ar\\\/\",\"logo\":{\"@type\":\"ImageObject\",\"inLanguage\":\"es\",\"@id\":\"https:\\\/\\\/informelitoral.com.ar\\\/#\\\/schema\\\/logo\\\/image\\\/\",\"url\":\"https:\\\/\\\/informelitoral.com.ar\\\/%77%70%2d%63%6f%6e%74%65%6e%74\\\/uploads\\\/2021\\\/01\\\/circulo.png\",\"contentUrl\":\"https:\\\/\\\/informelitoral.com.ar\\\/%77%70%2d%63%6f%6e%74%65%6e%74\\\/uploads\\\/2021\\\/01\\\/circulo.png\",\"width\":723,\"height\":731,\"caption\":\"Informe Litoral\"},\"image\":{\"@id\":\"https:\\\/\\\/informelitoral.com.ar\\\/#\\\/schema\\\/logo\\\/image\\\/\"},\"sameAs\":[\"https:\\\/\\\/www.facebook.com\\\/informelitoral\\\/\",\"https:\\\/\\\/x.com\\\/InformeLitoral\",\"https:\\\/\\\/www.instagram.com\\\/informelitoral\\\/\",\"https:\\\/\\\/www.youtube.com\\\/channel\\\/UCua4Qvz8Icb6MYqhoq9xLXw\"]},{\"@type\":\"Person\",\"@id\":\"https:\\\/\\\/informelitoral.com.ar\\\/#\\\/schema\\\/person\\\/b9d00407c836482871ef1d57bf8e3180\",\"name\":\"Gonzalo Schmidt\",\"image\":{\"@type\":\"ImageObject\",\"inLanguage\":\"es\",\"@id\":\"https:\\\/\\\/secure.gravatar.com\\\/avatar\\\/31a1a7b66ff2de83bd0e9fd79d026630d2d99e55e8bfe501287647b4fd9743de?s=96&d=mm&r=g\",\"url\":\"https:\\\/\\\/secure.gravatar.com\\\/avatar\\\/31a1a7b66ff2de83bd0e9fd79d026630d2d99e55e8bfe501287647b4fd9743de?s=96&d=mm&r=g\",\"contentUrl\":\"https:\\\/\\\/secure.gravatar.com\\\/avatar\\\/31a1a7b66ff2de83bd0e9fd79d026630d2d99e55e8bfe501287647b4fd9743de?s=96&d=mm&r=g\",\"caption\":\"Gonzalo Schmidt\"},\"description\":\"Sitio web de noticias de la provincia de Entre R\u00edos, Argentina. Informaci\u00f3n y entretenimiento. Informe Litoral, nos informamos.\",\"sameAs\":[\"http:\\\/\\\/www.isletasnoticias.com.ar\"],\"url\":\"https:\\\/\\\/informelitoral.com.ar\\\/author\\\/gonzalo\\\/\"}]}<\/script>","yoast_head_json":{"title":"Anticipan un fin de semana caluroso y sin lluvias a la vista - Informe Litoral","robots":{"index":"index","follow":"follow","max-snippet":"max-snippet:-1","max-image-preview":"max-image-preview:large","max-video-preview":"max-video-preview:-1"},"canonical":"https:\/\/informelitoral.com.ar\/anticipan-un-fin-de-semana-caluroso-y-sin-lluvias-a-la-vista\/","og_locale":"es_ES","og_type":"article","og_title":"Anticipan un fin de semana caluroso y sin lluvias a la vista - Informe Litoral","og_description":"El calor extremo avanza en Entre R\u00edos y otras provincias con temperaturas m\u00e1ximas que estar\u00e1n cercanas a los 40 grados. El alivio reci\u00e9n llegar\u00eda hacia el martes a la noche.","og_url":"https:\/\/informelitoral.com.ar\/anticipan-un-fin-de-semana-caluroso-y-sin-lluvias-a-la-vista\/","og_site_name":"Informe Litoral","article_publisher":"https:\/\/www.facebook.com\/informelitoral\/","article_published_time":"2026-01-23T10:33:37+00:00","og_image":[{"width":696,"height":392,"url":"https:\/\/informelitoral.com.ar\/%77%70%2d%63%6f%6e%74%65%6e%74\/uploads\/2021\/12\/calor-persona-sol-botella-de-agua-verano-696x392.x41509.jpg","type":"image\/jpeg"}],"author":"Gonzalo Schmidt","twitter_card":"summary_large_image","twitter_creator":"@InformeLitoral","twitter_site":"@InformeLitoral","twitter_misc":{"Escrito por":"Gonzalo Schmidt","Tiempo de lectura":"2 minutos"},"schema":{"@context":"https:\/\/schema.org","@graph":[{"@type":"Article","@id":"https:\/\/informelitoral.com.ar\/anticipan-un-fin-de-semana-caluroso-y-sin-lluvias-a-la-vista\/#article","isPartOf":{"@id":"https:\/\/informelitoral.com.ar\/anticipan-un-fin-de-semana-caluroso-y-sin-lluvias-a-la-vista\/"},"author":{"name":"Gonzalo Schmidt","@id":"https:\/\/informelitoral.com.ar\/#\/schema\/person\/b9d00407c836482871ef1d57bf8e3180"},"headline":"Anticipan un fin de semana caluroso y sin lluvias a la vista","datePublished":"2026-01-23T10:33:37+00:00","mainEntityOfPage":{"@id":"https:\/\/informelitoral.com.ar\/anticipan-un-fin-de-semana-caluroso-y-sin-lluvias-a-la-vista\/"},"wordCount":373,"commentCount":0,"publisher":{"@id":"https:\/\/informelitoral.com.ar\/#organization"},"image":{"@id":"https:\/\/informelitoral.com.ar\/anticipan-un-fin-de-semana-caluroso-y-sin-lluvias-a-la-vista\/#primaryimage"},"thumbnailUrl":"https:\/\/informelitoral.com.ar\/%77%70%2d%63%6f%6e%74%65%6e%74\/uploads\/2021\/12\/calor-persona-sol-botella-de-agua-verano-696x392.x41509.jpg","keywords":["El tiempo","Pron\u00f3stico","Pron\u00f3stico del tiempo","SMN"],"articleSection":["Entre R\u00edos"],"inLanguage":"es","potentialAction":[{"@type":"CommentAction","name":"Comment","target":["https:\/\/informelitoral.com.ar\/anticipan-un-fin-de-semana-caluroso-y-sin-lluvias-a-la-vista\/#respond"]}]},{"@type":"WebPage","@id":"https:\/\/informelitoral.com.ar\/anticipan-un-fin-de-semana-caluroso-y-sin-lluvias-a-la-vista\/","url":"https:\/\/informelitoral.com.ar\/anticipan-un-fin-de-semana-caluroso-y-sin-lluvias-a-la-vista\/","name":"Anticipan un fin de semana caluroso y sin lluvias a la vista - Informe Litoral","isPartOf":{"@id":"https:\/\/informelitoral.com.ar\/#website"},"primaryImageOfPage":{"@id":"https:\/\/informelitoral.com.ar\/anticipan-un-fin-de-semana-caluroso-y-sin-lluvias-a-la-vista\/#primaryimage"},"image":{"@id":"https:\/\/informelitoral.com.ar\/anticipan-un-fin-de-semana-caluroso-y-sin-lluvias-a-la-vista\/#primaryimage"},"thumbnailUrl":"https:\/\/informelitoral.com.ar\/%77%70%2d%63%6f%6e%74%65%6e%74\/uploads\/2021\/12\/calor-persona-sol-botella-de-agua-verano-696x392.x41509.jpg","datePublished":"2026-01-23T10:33:37+00:00","breadcrumb":{"@id":"https:\/\/informelitoral.com.ar\/anticipan-un-fin-de-semana-caluroso-y-sin-lluvias-a-la-vista\/#breadcrumb"},"inLanguage":"es","potentialAction":[{"@type":"ReadAction","target":["https:\/\/informelitoral.com.ar\/anticipan-un-fin-de-semana-caluroso-y-sin-lluvias-a-la-vista\/"]}]},{"@type":"ImageObject","inLanguage":"es","@id":"https:\/\/informelitoral.com.ar\/anticipan-un-fin-de-semana-caluroso-y-sin-lluvias-a-la-vista\/#primaryimage","url":"https:\/\/informelitoral.com.ar\/%77%70%2d%63%6f%6e%74%65%6e%74\/uploads\/2021\/12\/calor-persona-sol-botella-de-agua-verano-696x392.x41509.jpg","contentUrl":"https:\/\/informelitoral.com.ar\/%77%70%2d%63%6f%6e%74%65%6e%74\/uploads\/2021\/12\/calor-persona-sol-botella-de-agua-verano-696x392.x41509.jpg","width":696,"height":392},{"@type":"BreadcrumbList","@id":"https:\/\/informelitoral.com.ar\/anticipan-un-fin-de-semana-caluroso-y-sin-lluvias-a-la-vista\/#breadcrumb","itemListElement":[{"@type":"ListItem","position":1,"name":"Portada","item":"https:\/\/informelitoral.com.ar\/"},{"@type":"ListItem","position":2,"name":"Anticipan un fin de semana caluroso y sin lluvias a la vista"}]},{"@type":"WebSite","@id":"https:\/\/informelitoral.com.ar\/#website","url":"https:\/\/informelitoral.com.ar\/","name":"Informe Litoral","description":"&quot;Nos informamos&quot; ","publisher":{"@id":"https:\/\/informelitoral.com.ar\/#organization"},"potentialAction":[{"@type":"SearchAction","target":{"@type":"EntryPoint","urlTemplate":"https:\/\/informelitoral.com.ar\/?s={search_term_string}"},"query-input":{"@type":"PropertyValueSpecification","valueRequired":true,"valueName":"search_term_string"}}],"inLanguage":"es"},{"@type":"Organization","@id":"https:\/\/informelitoral.com.ar\/#organization","name":"Informe Litoral","url":"https:\/\/informelitoral.com.ar\/","logo":{"@type":"ImageObject","inLanguage":"es","@id":"https:\/\/informelitoral.com.ar\/#\/schema\/logo\/image\/","url":"https:\/\/informelitoral.com.ar\/%77%70%2d%63%6f%6e%74%65%6e%74\/uploads\/2021\/01\/circulo.png","contentUrl":"https:\/\/informelitoral.com.ar\/%77%70%2d%63%6f%6e%74%65%6e%74\/uploads\/2021\/01\/circulo.png","width":723,"height":731,"caption":"Informe Litoral"},"image":{"@id":"https:\/\/informelitoral.com.ar\/#\/schema\/logo\/image\/"},"sameAs":["https:\/\/www.facebook.com\/informelitoral\/","https:\/\/x.com\/InformeLitoral","https:\/\/www.instagram.com\/informelitoral\/","https:\/\/www.youtube.com\/channel\/UCua4Qvz8Icb6MYqhoq9xLXw"]},{"@type":"Person","@id":"https:\/\/informelitoral.com.ar\/#\/schema\/person\/b9d00407c836482871ef1d57bf8e3180","name":"Gonzalo Schmidt","image":{"@type":"ImageObject","inLanguage":"es","@id":"https:\/\/secure.gravatar.com\/avatar\/31a1a7b66ff2de83bd0e9fd79d026630d2d99e55e8bfe501287647b4fd9743de?s=96&d=mm&r=g","url":"https:\/\/secure.gravatar.com\/avatar\/31a1a7b66ff2de83bd0e9fd79d026630d2d99e55e8bfe501287647b4fd9743de?s=96&d=mm&r=g","contentUrl":"https:\/\/secure.gravatar.com\/avatar\/31a1a7b66ff2de83bd0e9fd79d026630d2d99e55e8bfe501287647b4fd9743de?s=96&d=mm&r=g","caption":"Gonzalo Schmidt"},"description":"Sitio web de noticias de la provincia de Entre R\u00edos, Argentina. Informaci\u00f3n y entretenimiento. Informe Litoral, nos informamos.","sameAs":["http:\/\/www.isletasnoticias.com.ar"],"url":"https:\/\/informelitoral.com.ar\/author\/gonzalo\/"}]}},"_links":{"self":[{"href":"https:\/\/informelitoral.com.ar\/%77%70%2d%6a%73%6f%6e\/wp\/v2\/posts\/247381","targetHints":{"allow":["GET"]}}],"collection":[{"href":"https:\/\/informelitoral.com.ar\/%77%70%2d%6a%73%6f%6e\/wp\/v2\/posts"}],"about":[{"href":"https:\/\/informelitoral.com.ar\/%77%70%2d%6a%73%6f%6e\/wp\/v2\/types\/post"}],"author":[{"embeddable":true,"href":"https:\/\/informelitoral.com.ar\/%77%70%2d%6a%73%6f%6e\/wp\/v2\/users\/2"}],"replies":[{"embeddable":true,"href":"https:\/\/informelitoral.com.ar\/%77%70%2d%6a%73%6f%6e\/wp\/v2\/comments?post=247381"}],"version-history":[{"count":1,"href":"https:\/\/informelitoral.com.ar\/%77%70%2d%6a%73%6f%6e\/wp\/v2\/posts\/247381\/revisions"}],"predecessor-version":[{"id":247382,"href":"https:\/\/informelitoral.com.ar\/%77%70%2d%6a%73%6f%6e\/wp\/v2\/posts\/247381\/revisions\/247382"}],"wp:featuredmedia":[{"embeddable":true,"href":"https:\/\/informelitoral.com.ar\/%77%70%2d%6a%73%6f%6e\/wp\/v2\/media\/69617"}],"wp:attachment":[{"href":"https:\/\/informelitoral.com.ar\/%77%70%2d%6a%73%6f%6e\/wp\/v2\/media?parent=247381"}],"wp:term":[{"taxonomy":"category","embeddable":true,"href":"https:\/\/informelitoral.com.ar\/%77%70%2d%6a%73%6f%6e\/wp\/v2\/categories?post=247381"},{"taxonomy":"post_tag","embeddable":true,"href":"https:\/\/informelitoral.com.ar\/%77%70%2d%6a%73%6f%6e\/wp\/v2\/tags?post=247381"}],"curies":[{"name":"wp","href":"https:\/\/api.w.org\/{rel}","templated":true}]}}