{"id":247344,"date":"2026-01-22T16:50:07","date_gmt":"2026-01-22T19:50:07","guid":{"rendered":"https:\/\/informelitoral.com.ar\/?p=247344"},"modified":"2026-01-22T16:50:07","modified_gmt":"2026-01-22T19:50:07","slug":"santilli-se-llevo-el-apoyo-de-frigerio-a-la-reforma-laboral","status":"publish","type":"post","link":"https:\/\/informelitoral.com.ar\/santilli-se-llevo-el-apoyo-de-frigerio-a-la-reforma-laboral\/","title":{"rendered":"Santilli se llev\u00f3 el apoyo de Frigerio a la reforma laboral"},"content":{"rendered":"<p>El ministro del Interior,<strong> Diego Santilli,<\/strong> se lleva de Entre R\u00edos este jueves el apoyo a la iniciativa de reforma laboral que impulsa el gobierno de Javier Milei y que ha motorizado la gira del funcionario nacional por las provincias, en busca de acompa\u00f1amiento. El proyecto se debatir\u00e1 a partir del 2 de febrero en el Senado de la Naci\u00f3n.<\/p>\n<p>Junto a <strong>Rogelio Frigerio<\/strong>, Santilli dio una conferencia de prensa en la que se los consult\u00f3 por los t\u00e9rminos en que se arriba a este acuerdo. \u201cVenimos sembrando esta relaci\u00f3n con la Naci\u00f3n. Esta cosecha que sentimos que estamos teniendo hoy es fruto de dos a\u00f1os de sembrar este v\u00ednculo, sin especulaciones\u201d, resalt\u00f3 el gobernador entrerriano. Santilli devolvi\u00f3 la gentileza: \u201cEs mi amigo. Le quiero agradecer el trabajo que vienen realizando. El Presidente lo destaca como uno de los gobernadores que, con much\u00edsimos problemas, est\u00e1 comprometido con el equilibrio fiscal, la baja de impuestos, en concordancia con la visi\u00f3n del Presidente\u201d.<\/p>\n<p>El caso de espionaje en Casa de Gobierno y la denuncia presentada en la Justicia fue tema de la conferencia, aunque no se dieron precisiones sobre los hechos. Frigerio se limit\u00f3 a agradecer las expresiones de solidaridad de buena parte del arco pol\u00edtico entrerriano. \u201cNo es un problema para conmigo, es un problema para las instituciones de la democracia\u201d, enfatiz\u00f3 el Gobernador.<\/p>\n<h2><strong>La agenda del acuerdo<\/strong><\/h2>\n<p>Las negociaciones con Naci\u00f3n, que tienen la reforma laboral en el horizonte, involucran otros asuntos de inter\u00e9s para la provincia.<\/p>\n<p>Frigerio mencion\u00f3 la serie de auditor\u00edas que se planifican sobre las cuentas de la Caja de Jubilaciones que van a permitir a partir de mayo, una readecuaci\u00f3n de lo que la Naci\u00f3n remite todos los meses para paliar el d\u00e9ficit.<\/p>\n<p>\u201cMe llevo otros temas\u201d, a\u00f1adi\u00f3 Santilli en la conferencia y dio cuenta de las demandas de la provincia en materia de inversi\u00f3n en obra p\u00fablica, \u201csobre todo vial\u201d. Se mencion\u00f3 la concesi\u00f3n de la ruta 14, entre otros avances en esa materia.<\/p>\n<p>\u201cMe llevo tambi\u00e9n ideas que tienen que ver con impuestos que se coparticipan a las provincias\u201d, apunt\u00f3 Santilli tambi\u00e9n al se\u00f1alar, especialmente, el cap\u00edtulo de la reforma laboral vinculado a los impuestos: cambios en Ganancias que afectan a las provincias y que es el punto clave de la negociaci\u00f3n de Santilli con los gobernadores.<\/p>\n<p>Tambi\u00e9n se puso sobre la mesa la cesi\u00f3n de bienes p\u00fablicos como el Palacio de San Jos\u00e9, terrenos en zonas portuarias y de ferrocarriles, tierras en torno al Hospital de la Baxada. Al respecto, adelant\u00f3 Frigerio que se trabaja en planificaci\u00f3n de pol\u00edticas de vivienda en algunas de esas extensiones.<\/p>\n<h2><strong>Empleo formal<\/strong><\/h2>\n<p>\u201cHace 15 a\u00f1os que no se genera empleo formal\u201d, remarc\u00f3 Santilli que asever\u00f3 que se est\u00e1 saliendo \u201cdel nivel de estancamiento que ten\u00eda el pa\u00eds\u201d y que hoy el desaf\u00edo \u201ces generar trabajo\u201d.<\/p>\n<p>\u201cTe llev\u00e1s de Entre R\u00edos el apoyo contundente a la reforma laboral\u201d, dijo Frigerio y resumi\u00f3 la iniciativa como la decisi\u00f3n de dar \u201cderechos a la mitad de los trabajadores que no los tienen\u201d.<\/p>\n<p>Con relaci\u00f3n al cap\u00edtulo impositivo, que cuestiona la oposici\u00f3n por la cesi\u00f3n de fondos que supone para las provincias, Santilli y Frigerio descalificaron las voces en este sentido. \u201cYo les dir\u00eda a los que aumentaron impuestos, que llevaron a la Argentina a tener la carga fiscal m\u00e1s pesada de toda Latinoam\u00e9rica, que hay que bajar impuestos. Los que nos llenaron de impuestos son los que hablan\u201d, cuestion\u00f3 Santilli que asegur\u00f3 que el impacto de los cambios suponen \u201cel 0,15 en provincia y del 0,5 para Naci\u00f3n\u201d<\/p>\n<p>\u201cSon los mismos que han generado los impuestos no coparticipables. Son creadores de la retenciones y del Impuesto Pa\u00eds que este gobierno elimin\u00f3. No son preocupaciones reales. Sino lo hubieran hecho\u201d, descalific\u00f3 Frigerio que de todos modos aclar\u00f3 que \u201cseguimos conversando\u201d con Naci\u00f3n los t\u00e9rminos en que se plasmar\u00e1 el cap\u00edtulo impositivo de la reforma laboral.<\/p>\n<div class=\"youtube-embed\" data-video_id=\"RtRD2sHQlBk\"><iframe loading=\"lazy\" title=\"Conferencia de prensa Gobernador Rogelio Frigerio y Ministro del Interior Diego Santilli\" width=\"696\" height=\"392\" src=\"https:\/\/www.youtube.com\/embed\/RtRD2sHQlBk?feature=oembed&#038;enablejsapi=1\" frameborder=\"0\" allow=\"accelerometer; autoplay; clipboard-write; encrypted-media; gyroscope; picture-in-picture; web-share\" referrerpolicy=\"strict-origin-when-cross-origin\" allowfullscreen><\/iframe><\/div>\n<h6><em><strong>Del archivo:\u00a0<a href=\"https:\/\/informelitoral.com.ar\/aluani-se-reunio-con-el-intendente-de-cerrito\/\" target=\"_blank\" rel=\"noopener\">Aluani se reuni\u00f3 con el intendente de Cerrito<\/a><\/strong><\/em><\/h6>\n","protected":false},"excerpt":{"rendered":"<p>El gobernador Rogelio Frigerio recibi\u00f3 este jueves al ministro del Interior de la Naci\u00f3n, Diego Santilli, con quien mantuvo una reuni\u00f3n de trabajo. Obra p\u00fablica, Caja de Jubilaciones, cesi\u00f3n de bienes, autorizaci\u00f3n para buscar financiamiento para reperfilar la deuda en la agenda.<\/p>\n","protected":false},"author":2,"featured_media":247345,"comment_status":"open","ping_status":"open","sticky":false,"template":"","format":"standard","meta":{"fifu_image_url":"","fifu_image_alt":"","footnotes":""},"categories":[16],"tags":[6184,356,949],"class_list":{"0":"post-247344","1":"post","2":"type-post","3":"status-publish","4":"format-standard","5":"has-post-thumbnail","7":"category-politi","8":"tag-diego-santilli","9":"tag-reforma-laboral","10":"tag-rogelio-frigerio"},"yoast_head":"<title>Santilli se llev\u00f3 el apoyo de Frigerio a la reforma laboral - Informe Litoral<\/title>\n<meta name=\"robots\" content=\"index, follow, max-snippet:-1, max-image-preview:large, max-video-preview:-1\" \/>\n<link rel=\"canonical\" href=\"https:\/\/informelitoral.com.ar\/santilli-se-llevo-el-apoyo-de-frigerio-a-la-reforma-laboral\/\" \/>\n<meta property=\"og:locale\" content=\"es_ES\" \/>\n<meta property=\"og:type\" content=\"article\" \/>\n<meta property=\"og:title\" content=\"Santilli se llev\u00f3 el apoyo de Frigerio a la reforma laboral - Informe Litoral\" \/>\n<meta property=\"og:description\" content=\"El gobernador Rogelio Frigerio recibi\u00f3 este jueves al ministro del Interior de la Naci\u00f3n, Diego Santilli, con quien mantuvo una reuni\u00f3n de trabajo. Obra p\u00fablica, Caja de Jubilaciones, cesi\u00f3n de bienes, autorizaci\u00f3n para buscar financiamiento para reperfilar la deuda en la agenda.\" \/>\n<meta property=\"og:url\" content=\"https:\/\/informelitoral.com.ar\/santilli-se-llevo-el-apoyo-de-frigerio-a-la-reforma-laboral\/\" \/>\n<meta property=\"og:site_name\" content=\"Informe Litoral\" \/>\n<meta property=\"article:publisher\" content=\"https:\/\/www.facebook.com\/informelitoral\/\" \/>\n<meta property=\"article:published_time\" content=\"2026-01-22T19:50:07+00:00\" \/>\n<meta property=\"og:image\" content=\"https:\/\/drive.google.com\/thumbnail?id=1ch07pgCP1jQtaXwW2mOosCeOAvqM0Rp1&sz=w2048\" \/>\n\t<meta property=\"og:image:width\" content=\"1600\" \/>\n\t<meta property=\"og:image:height\" content=\"1067\" \/>\n\t<meta property=\"og:image:type\" content=\"image\/jpeg\" \/>\n<meta name=\"author\" content=\"Gonzalo Schmidt\" \/>\n<meta name=\"twitter:card\" content=\"summary_large_image\" \/>\n<meta name=\"twitter:creator\" content=\"@InformeLitoral\" \/>\n<meta name=\"twitter:site\" content=\"@InformeLitoral\" \/>\n<meta name=\"twitter:label1\" content=\"Escrito por\" \/>\n\t<meta name=\"twitter:data1\" content=\"Gonzalo Schmidt\" \/>\n\t<meta name=\"twitter:label2\" content=\"Tiempo de lectura\" \/>\n\t<meta name=\"twitter:data2\" content=\"4 minutos\" \/>\n<script type=\"application\/ld+json\" class=\"yoast-schema-graph\">{\"@context\":\"https:\\\/\\\/schema.org\",\"@graph\":[{\"@type\":\"Article\",\"@id\":\"https:\\\/\\\/informelitoral.com.ar\\\/santilli-se-llevo-el-apoyo-de-frigerio-a-la-reforma-laboral\\\/#article\",\"isPartOf\":{\"@id\":\"https:\\\/\\\/informelitoral.com.ar\\\/santilli-se-llevo-el-apoyo-de-frigerio-a-la-reforma-laboral\\\/\"},\"author\":{\"name\":\"Gonzalo Schmidt\",\"@id\":\"https:\\\/\\\/informelitoral.com.ar\\\/#\\\/schema\\\/person\\\/b9d00407c836482871ef1d57bf8e3180\"},\"headline\":\"Santilli se llev\u00f3 el apoyo de Frigerio a la reforma laboral\",\"datePublished\":\"2026-01-22T19:50:07+00:00\",\"mainEntityOfPage\":{\"@id\":\"https:\\\/\\\/informelitoral.com.ar\\\/santilli-se-llevo-el-apoyo-de-frigerio-a-la-reforma-laboral\\\/\"},\"wordCount\":718,\"commentCount\":0,\"publisher\":{\"@id\":\"https:\\\/\\\/informelitoral.com.ar\\\/#organization\"},\"image\":{\"@id\":\"https:\\\/\\\/informelitoral.com.ar\\\/santilli-se-llevo-el-apoyo-de-frigerio-a-la-reforma-laboral\\\/#primaryimage\"},\"thumbnailUrl\":\"https:\\\/\\\/drive.google.com\\\/thumbnail?id=1ch07pgCP1jQtaXwW2mOosCeOAvqM0Rp1&sz=w2048\",\"keywords\":[\"Diego Santilli\",\"Reforma laboral\",\"Rogelio Frigerio\"],\"articleSection\":[\"Politica\"],\"inLanguage\":\"es\",\"potentialAction\":[{\"@type\":\"CommentAction\",\"name\":\"Comment\",\"target\":[\"https:\\\/\\\/informelitoral.com.ar\\\/santilli-se-llevo-el-apoyo-de-frigerio-a-la-reforma-laboral\\\/#respond\"]}]},{\"@type\":\"WebPage\",\"@id\":\"https:\\\/\\\/informelitoral.com.ar\\\/santilli-se-llevo-el-apoyo-de-frigerio-a-la-reforma-laboral\\\/\",\"url\":\"https:\\\/\\\/informelitoral.com.ar\\\/santilli-se-llevo-el-apoyo-de-frigerio-a-la-reforma-laboral\\\/\",\"name\":\"Santilli se llev\u00f3 el apoyo de Frigerio a la reforma laboral - Informe Litoral\",\"isPartOf\":{\"@id\":\"https:\\\/\\\/informelitoral.com.ar\\\/#website\"},\"primaryImageOfPage\":{\"@id\":\"https:\\\/\\\/informelitoral.com.ar\\\/santilli-se-llevo-el-apoyo-de-frigerio-a-la-reforma-laboral\\\/#primaryimage\"},\"image\":{\"@id\":\"https:\\\/\\\/informelitoral.com.ar\\\/santilli-se-llevo-el-apoyo-de-frigerio-a-la-reforma-laboral\\\/#primaryimage\"},\"thumbnailUrl\":\"https:\\\/\\\/drive.google.com\\\/thumbnail?id=1ch07pgCP1jQtaXwW2mOosCeOAvqM0Rp1&sz=w2048\",\"datePublished\":\"2026-01-22T19:50:07+00:00\",\"breadcrumb\":{\"@id\":\"https:\\\/\\\/informelitoral.com.ar\\\/santilli-se-llevo-el-apoyo-de-frigerio-a-la-reforma-laboral\\\/#breadcrumb\"},\"inLanguage\":\"es\",\"potentialAction\":[{\"@type\":\"ReadAction\",\"target\":[\"https:\\\/\\\/informelitoral.com.ar\\\/santilli-se-llevo-el-apoyo-de-frigerio-a-la-reforma-laboral\\\/\"]}]},{\"@type\":\"ImageObject\",\"inLanguage\":\"es\",\"@id\":\"https:\\\/\\\/informelitoral.com.ar\\\/santilli-se-llevo-el-apoyo-de-frigerio-a-la-reforma-laboral\\\/#primaryimage\",\"url\":\"https:\\\/\\\/drive.google.com\\\/thumbnail?id=1ch07pgCP1jQtaXwW2mOosCeOAvqM0Rp1&sz=w2048\",\"contentUrl\":\"https:\\\/\\\/drive.google.com\\\/thumbnail?id=1ch07pgCP1jQtaXwW2mOosCeOAvqM0Rp1&sz=w2048\",\"width\":1600,\"height\":1067},{\"@type\":\"BreadcrumbList\",\"@id\":\"https:\\\/\\\/informelitoral.com.ar\\\/santilli-se-llevo-el-apoyo-de-frigerio-a-la-reforma-laboral\\\/#breadcrumb\",\"itemListElement\":[{\"@type\":\"ListItem\",\"position\":1,\"name\":\"Portada\",\"item\":\"https:\\\/\\\/informelitoral.com.ar\\\/\"},{\"@type\":\"ListItem\",\"position\":2,\"name\":\"Santilli se llev\u00f3 el apoyo de Frigerio a la reforma laboral\"}]},{\"@type\":\"WebSite\",\"@id\":\"https:\\\/\\\/informelitoral.com.ar\\\/#website\",\"url\":\"https:\\\/\\\/informelitoral.com.ar\\\/\",\"name\":\"Informe Litoral\",\"description\":\"&quot;Nos informamos&quot; \",\"publisher\":{\"@id\":\"https:\\\/\\\/informelitoral.com.ar\\\/#organization\"},\"potentialAction\":[{\"@type\":\"SearchAction\",\"target\":{\"@type\":\"EntryPoint\",\"urlTemplate\":\"https:\\\/\\\/informelitoral.com.ar\\\/?s={search_term_string}\"},\"query-input\":{\"@type\":\"PropertyValueSpecification\",\"valueRequired\":true,\"valueName\":\"search_term_string\"}}],\"inLanguage\":\"es\"},{\"@type\":\"Organization\",\"@id\":\"https:\\\/\\\/informelitoral.com.ar\\\/#organization\",\"name\":\"Informe Litoral\",\"url\":\"https:\\\/\\\/informelitoral.com.ar\\\/\",\"logo\":{\"@type\":\"ImageObject\",\"inLanguage\":\"es\",\"@id\":\"https:\\\/\\\/informelitoral.com.ar\\\/#\\\/schema\\\/logo\\\/image\\\/\",\"url\":\"https:\\\/\\\/informelitoral.com.ar\\\/%77%70%2d%63%6f%6e%74%65%6e%74\\\/uploads\\\/2021\\\/01\\\/circulo.png\",\"contentUrl\":\"https:\\\/\\\/informelitoral.com.ar\\\/%77%70%2d%63%6f%6e%74%65%6e%74\\\/uploads\\\/2021\\\/01\\\/circulo.png\",\"width\":723,\"height\":731,\"caption\":\"Informe Litoral\"},\"image\":{\"@id\":\"https:\\\/\\\/informelitoral.com.ar\\\/#\\\/schema\\\/logo\\\/image\\\/\"},\"sameAs\":[\"https:\\\/\\\/www.facebook.com\\\/informelitoral\\\/\",\"https:\\\/\\\/x.com\\\/InformeLitoral\",\"https:\\\/\\\/www.instagram.com\\\/informelitoral\\\/\",\"https:\\\/\\\/www.youtube.com\\\/channel\\\/UCua4Qvz8Icb6MYqhoq9xLXw\"]},{\"@type\":\"Person\",\"@id\":\"https:\\\/\\\/informelitoral.com.ar\\\/#\\\/schema\\\/person\\\/b9d00407c836482871ef1d57bf8e3180\",\"name\":\"Gonzalo Schmidt\",\"image\":{\"@type\":\"ImageObject\",\"inLanguage\":\"es\",\"@id\":\"https:\\\/\\\/secure.gravatar.com\\\/avatar\\\/31a1a7b66ff2de83bd0e9fd79d026630d2d99e55e8bfe501287647b4fd9743de?s=96&d=mm&r=g\",\"url\":\"https:\\\/\\\/secure.gravatar.com\\\/avatar\\\/31a1a7b66ff2de83bd0e9fd79d026630d2d99e55e8bfe501287647b4fd9743de?s=96&d=mm&r=g\",\"contentUrl\":\"https:\\\/\\\/secure.gravatar.com\\\/avatar\\\/31a1a7b66ff2de83bd0e9fd79d026630d2d99e55e8bfe501287647b4fd9743de?s=96&d=mm&r=g\",\"caption\":\"Gonzalo Schmidt\"},\"description\":\"Sitio web de noticias de la provincia de Entre R\u00edos, Argentina. Informaci\u00f3n y entretenimiento. Informe Litoral, nos informamos.\",\"sameAs\":[\"http:\\\/\\\/www.isletasnoticias.com.ar\"],\"url\":\"https:\\\/\\\/informelitoral.com.ar\\\/author\\\/gonzalo\\\/\"}]}<\/script>","yoast_head_json":{"title":"Santilli se llev\u00f3 el apoyo de Frigerio a la reforma laboral - Informe Litoral","robots":{"index":"index","follow":"follow","max-snippet":"max-snippet:-1","max-image-preview":"max-image-preview:large","max-video-preview":"max-video-preview:-1"},"canonical":"https:\/\/informelitoral.com.ar\/santilli-se-llevo-el-apoyo-de-frigerio-a-la-reforma-laboral\/","og_locale":"es_ES","og_type":"article","og_title":"Santilli se llev\u00f3 el apoyo de Frigerio a la reforma laboral - Informe Litoral","og_description":"El gobernador Rogelio Frigerio recibi\u00f3 este jueves al ministro del Interior de la Naci\u00f3n, Diego Santilli, con quien mantuvo una reuni\u00f3n de trabajo. Obra p\u00fablica, Caja de Jubilaciones, cesi\u00f3n de bienes, autorizaci\u00f3n para buscar financiamiento para reperfilar la deuda en la agenda.","og_url":"https:\/\/informelitoral.com.ar\/santilli-se-llevo-el-apoyo-de-frigerio-a-la-reforma-laboral\/","og_site_name":"Informe Litoral","article_publisher":"https:\/\/www.facebook.com\/informelitoral\/","article_published_time":"2026-01-22T19:50:07+00:00","og_image":[{"width":1600,"height":1067,"url":"https:\/\/drive.google.com\/thumbnail?id=1ch07pgCP1jQtaXwW2mOosCeOAvqM0Rp1&sz=w2048","type":"image\/jpeg"}],"author":"Gonzalo Schmidt","twitter_card":"summary_large_image","twitter_creator":"@InformeLitoral","twitter_site":"@InformeLitoral","twitter_misc":{"Escrito por":"Gonzalo Schmidt","Tiempo de lectura":"4 minutos"},"schema":{"@context":"https:\/\/schema.org","@graph":[{"@type":"Article","@id":"https:\/\/informelitoral.com.ar\/santilli-se-llevo-el-apoyo-de-frigerio-a-la-reforma-laboral\/#article","isPartOf":{"@id":"https:\/\/informelitoral.com.ar\/santilli-se-llevo-el-apoyo-de-frigerio-a-la-reforma-laboral\/"},"author":{"name":"Gonzalo Schmidt","@id":"https:\/\/informelitoral.com.ar\/#\/schema\/person\/b9d00407c836482871ef1d57bf8e3180"},"headline":"Santilli se llev\u00f3 el apoyo de Frigerio a la reforma laboral","datePublished":"2026-01-22T19:50:07+00:00","mainEntityOfPage":{"@id":"https:\/\/informelitoral.com.ar\/santilli-se-llevo-el-apoyo-de-frigerio-a-la-reforma-laboral\/"},"wordCount":718,"commentCount":0,"publisher":{"@id":"https:\/\/informelitoral.com.ar\/#organization"},"image":{"@id":"https:\/\/informelitoral.com.ar\/santilli-se-llevo-el-apoyo-de-frigerio-a-la-reforma-laboral\/#primaryimage"},"thumbnailUrl":"https:\/\/drive.google.com\/thumbnail?id=1ch07pgCP1jQtaXwW2mOosCeOAvqM0Rp1&sz=w2048","keywords":["Diego Santilli","Reforma laboral","Rogelio Frigerio"],"articleSection":["Politica"],"inLanguage":"es","potentialAction":[{"@type":"CommentAction","name":"Comment","target":["https:\/\/informelitoral.com.ar\/santilli-se-llevo-el-apoyo-de-frigerio-a-la-reforma-laboral\/#respond"]}]},{"@type":"WebPage","@id":"https:\/\/informelitoral.com.ar\/santilli-se-llevo-el-apoyo-de-frigerio-a-la-reforma-laboral\/","url":"https:\/\/informelitoral.com.ar\/santilli-se-llevo-el-apoyo-de-frigerio-a-la-reforma-laboral\/","name":"Santilli se llev\u00f3 el apoyo de Frigerio a la reforma laboral - Informe Litoral","isPartOf":{"@id":"https:\/\/informelitoral.com.ar\/#website"},"primaryImageOfPage":{"@id":"https:\/\/informelitoral.com.ar\/santilli-se-llevo-el-apoyo-de-frigerio-a-la-reforma-laboral\/#primaryimage"},"image":{"@id":"https:\/\/informelitoral.com.ar\/santilli-se-llevo-el-apoyo-de-frigerio-a-la-reforma-laboral\/#primaryimage"},"thumbnailUrl":"https:\/\/drive.google.com\/thumbnail?id=1ch07pgCP1jQtaXwW2mOosCeOAvqM0Rp1&sz=w2048","datePublished":"2026-01-22T19:50:07+00:00","breadcrumb":{"@id":"https:\/\/informelitoral.com.ar\/santilli-se-llevo-el-apoyo-de-frigerio-a-la-reforma-laboral\/#breadcrumb"},"inLanguage":"es","potentialAction":[{"@type":"ReadAction","target":["https:\/\/informelitoral.com.ar\/santilli-se-llevo-el-apoyo-de-frigerio-a-la-reforma-laboral\/"]}]},{"@type":"ImageObject","inLanguage":"es","@id":"https:\/\/informelitoral.com.ar\/santilli-se-llevo-el-apoyo-de-frigerio-a-la-reforma-laboral\/#primaryimage","url":"https:\/\/drive.google.com\/thumbnail?id=1ch07pgCP1jQtaXwW2mOosCeOAvqM0Rp1&sz=w2048","contentUrl":"https:\/\/drive.google.com\/thumbnail?id=1ch07pgCP1jQtaXwW2mOosCeOAvqM0Rp1&sz=w2048","width":1600,"height":1067},{"@type":"BreadcrumbList","@id":"https:\/\/informelitoral.com.ar\/santilli-se-llevo-el-apoyo-de-frigerio-a-la-reforma-laboral\/#breadcrumb","itemListElement":[{"@type":"ListItem","position":1,"name":"Portada","item":"https:\/\/informelitoral.com.ar\/"},{"@type":"ListItem","position":2,"name":"Santilli se llev\u00f3 el apoyo de Frigerio a la reforma laboral"}]},{"@type":"WebSite","@id":"https:\/\/informelitoral.com.ar\/#website","url":"https:\/\/informelitoral.com.ar\/","name":"Informe Litoral","description":"&quot;Nos informamos&quot; ","publisher":{"@id":"https:\/\/informelitoral.com.ar\/#organization"},"potentialAction":[{"@type":"SearchAction","target":{"@type":"EntryPoint","urlTemplate":"https:\/\/informelitoral.com.ar\/?s={search_term_string}"},"query-input":{"@type":"PropertyValueSpecification","valueRequired":true,"valueName":"search_term_string"}}],"inLanguage":"es"},{"@type":"Organization","@id":"https:\/\/informelitoral.com.ar\/#organization","name":"Informe Litoral","url":"https:\/\/informelitoral.com.ar\/","logo":{"@type":"ImageObject","inLanguage":"es","@id":"https:\/\/informelitoral.com.ar\/#\/schema\/logo\/image\/","url":"https:\/\/informelitoral.com.ar\/%77%70%2d%63%6f%6e%74%65%6e%74\/uploads\/2021\/01\/circulo.png","contentUrl":"https:\/\/informelitoral.com.ar\/%77%70%2d%63%6f%6e%74%65%6e%74\/uploads\/2021\/01\/circulo.png","width":723,"height":731,"caption":"Informe Litoral"},"image":{"@id":"https:\/\/informelitoral.com.ar\/#\/schema\/logo\/image\/"},"sameAs":["https:\/\/www.facebook.com\/informelitoral\/","https:\/\/x.com\/InformeLitoral","https:\/\/www.instagram.com\/informelitoral\/","https:\/\/www.youtube.com\/channel\/UCua4Qvz8Icb6MYqhoq9xLXw"]},{"@type":"Person","@id":"https:\/\/informelitoral.com.ar\/#\/schema\/person\/b9d00407c836482871ef1d57bf8e3180","name":"Gonzalo Schmidt","image":{"@type":"ImageObject","inLanguage":"es","@id":"https:\/\/secure.gravatar.com\/avatar\/31a1a7b66ff2de83bd0e9fd79d026630d2d99e55e8bfe501287647b4fd9743de?s=96&d=mm&r=g","url":"https:\/\/secure.gravatar.com\/avatar\/31a1a7b66ff2de83bd0e9fd79d026630d2d99e55e8bfe501287647b4fd9743de?s=96&d=mm&r=g","contentUrl":"https:\/\/secure.gravatar.com\/avatar\/31a1a7b66ff2de83bd0e9fd79d026630d2d99e55e8bfe501287647b4fd9743de?s=96&d=mm&r=g","caption":"Gonzalo Schmidt"},"description":"Sitio web de noticias de la provincia de Entre R\u00edos, Argentina. Informaci\u00f3n y entretenimiento. Informe Litoral, nos informamos.","sameAs":["http:\/\/www.isletasnoticias.com.ar"],"url":"https:\/\/informelitoral.com.ar\/author\/gonzalo\/"}]}},"_links":{"self":[{"href":"https:\/\/informelitoral.com.ar\/%77%70%2d%6a%73%6f%6e\/wp\/v2\/posts\/247344","targetHints":{"allow":["GET"]}}],"collection":[{"href":"https:\/\/informelitoral.com.ar\/%77%70%2d%6a%73%6f%6e\/wp\/v2\/posts"}],"about":[{"href":"https:\/\/informelitoral.com.ar\/%77%70%2d%6a%73%6f%6e\/wp\/v2\/types\/post"}],"author":[{"embeddable":true,"href":"https:\/\/informelitoral.com.ar\/%77%70%2d%6a%73%6f%6e\/wp\/v2\/users\/2"}],"replies":[{"embeddable":true,"href":"https:\/\/informelitoral.com.ar\/%77%70%2d%6a%73%6f%6e\/wp\/v2\/comments?post=247344"}],"version-history":[{"count":1,"href":"https:\/\/informelitoral.com.ar\/%77%70%2d%6a%73%6f%6e\/wp\/v2\/posts\/247344\/revisions"}],"predecessor-version":[{"id":247347,"href":"https:\/\/informelitoral.com.ar\/%77%70%2d%6a%73%6f%6e\/wp\/v2\/posts\/247344\/revisions\/247347"}],"wp:featuredmedia":[{"embeddable":true,"href":"https:\/\/informelitoral.com.ar\/%77%70%2d%6a%73%6f%6e\/wp\/v2\/media\/247345"}],"wp:attachment":[{"href":"https:\/\/informelitoral.com.ar\/%77%70%2d%6a%73%6f%6e\/wp\/v2\/media?parent=247344"}],"wp:term":[{"taxonomy":"category","embeddable":true,"href":"https:\/\/informelitoral.com.ar\/%77%70%2d%6a%73%6f%6e\/wp\/v2\/categories?post=247344"},{"taxonomy":"post_tag","embeddable":true,"href":"https:\/\/informelitoral.com.ar\/%77%70%2d%6a%73%6f%6e\/wp\/v2\/tags?post=247344"}],"curies":[{"name":"wp","href":"https:\/\/api.w.org\/{rel}","templated":true}]}}