{"id":247278,"date":"2026-01-22T08:56:00","date_gmt":"2026-01-22T11:56:00","guid":{"rendered":"https:\/\/informelitoral.com.ar\/?p=247278"},"modified":"2026-01-22T08:59:07","modified_gmt":"2026-01-22T11:59:07","slug":"dengue-nacion-enviara-170-000-dosis-a-entre-rios-para-reforzar-la-vacunacion-focalizada","status":"publish","type":"post","link":"https:\/\/informelitoral.com.ar\/dengue-nacion-enviara-170-000-dosis-a-entre-rios-para-reforzar-la-vacunacion-focalizada\/","title":{"rendered":"Dengue: Naci\u00f3n enviar\u00e1 vacunas a Entre R\u00edos para reforzar la prevenci\u00f3n en j\u00f3venes y adultos"},"content":{"rendered":"<p data-path-to-node=\"4\">En el marco de la estrategia nacional para combatir el avance del dengue, el Ministerio de Salud de la Naci\u00f3n comenz\u00f3 la distribuci\u00f3n de <b data-path-to-node=\"4\" data-index-in-node=\"137\">170.000 dosis<\/b> de la vacuna Qdenga\u00ae hacia las provincias con mayor carga epidemiol\u00f3gica. El env\u00edo, que se realizar\u00e1 de forma progresiva, incluye a <b data-path-to-node=\"4\" data-index-in-node=\"283\">Entre R\u00edos, Santa Fe, C\u00f3rdoba, Chaco, Formosa, Misiones, Corrientes, Catamarca, Jujuy, Salta, La Rioja y Santiago del Estero.<\/b><\/p>\n<h2 data-path-to-node=\"5\"><b data-path-to-node=\"5\" data-index-in-node=\"0\">Esquemas de vacunaci\u00f3n y poblaci\u00f3n priorizada<\/b><\/h2>\n<p data-path-to-node=\"6\">Este cargamento permitir\u00e1 completar un total de <b data-path-to-node=\"6\" data-index-in-node=\"48\">85.000 esquemas de inmunizaci\u00f3n<\/b>, ya que el protocolo requiere la aplicaci\u00f3n de dos dosis con un intervalo de tres meses entre cada una. La campa\u00f1a est\u00e1 dirigida espec\u00edficamente a personas de entre <b data-path-to-node=\"6\" data-index-in-node=\"245\">15 y 39 a\u00f1os<\/b> que residan en los 48 departamentos seleccionados por su alta densidad poblacional y antecedentes de brotes.<\/p>\n<p data-path-to-node=\"7\">El proceso de vacunaci\u00f3n se llevar\u00e1 a cabo de la siguiente manera:<\/p>\n<ul data-path-to-node=\"8\">\n<li>\n<p data-path-to-node=\"8,0,0\"><b data-path-to-node=\"8,0,0\" data-index-in-node=\"0\">Etapa inicial:<\/b> J\u00f3venes de 15 a 19 a\u00f1os.<\/p>\n<\/li>\n<li>\n<p data-path-to-node=\"8,1,0\"><b data-path-to-node=\"8,1,0\" data-index-in-node=\"0\">Etapa progresiva:<\/b> Avance escalonado hacia los grupos de mayor edad hasta alcanzar los 39 a\u00f1os.<\/p>\n<\/li>\n<\/ul>\n<p data-path-to-node=\"9\">Cabe destacar que, si bien Naci\u00f3n realiza esta compra estrat\u00e9gica, cada provincia mantiene la facultad de adquirir dosis adicionales con recursos propios para ampliar la cobertura seg\u00fan su situaci\u00f3n sanitaria particular.<\/p>\n<h2 data-path-to-node=\"10\"><a href=\"https:\/\/informelitoral.com.ar\/%77%70%2d%63%6f%6e%74%65%6e%74\/uploads\/2024\/04\/mosquito-denguejpg.webp\"><img loading=\"lazy\" decoding=\"async\" class=\"alignnone size-full wp-image-183869\" src=\"https:\/\/informelitoral.com.ar\/%77%70%2d%63%6f%6e%74%65%6e%74\/uploads\/2024\/04\/mosquito-denguejpg.webp\" alt=\"\" width=\"655\" height=\"368\" srcset=\"https:\/\/informelitoral.com.ar\/%77%70%2d%63%6f%6e%74%65%6e%74\/uploads\/2024\/04\/mosquito-denguejpg.webp 655w, https:\/\/informelitoral.com.ar\/%77%70%2d%63%6f%6e%74%65%6e%74\/uploads\/2024\/04\/mosquito-denguejpg-300x169.webp 300w\" sizes=\"auto, (max-width: 655px) 100vw, 655px\" \/><\/a><\/h2>\n<p data-path-to-node=\"11\">La vacuna utilizada es la <b data-path-to-node=\"11\" data-index-in-node=\"26\">tetravalente (Qdenga\u00ae)<\/b> del laboratorio Takeda, aprobada por la <b data-path-to-node=\"11\" data-index-in-node=\"89\">ANMAT<\/b> para personas a partir de los 4 a\u00f1os. Estudios cl\u00ednicos han demostrado que la inmunidad persiste por al menos 48 meses tras la aplicaci\u00f3n, mostrando una eficacia superior ante el serotipo <b data-path-to-node=\"11\" data-index-in-node=\"283\">DENV-2<\/b>.<\/p>\n<p data-path-to-node=\"12\">Sin embargo, las autoridades sanitarias recordaron que, aunque la provincia de Entre R\u00edos confirm\u00f3 recientemente la detecci\u00f3n de una <b data-path-to-node=\"12\" data-index-in-node=\"133\">nueva cepa<\/b>, la situaci\u00f3n epidemiol\u00f3gica actual es de bajo riesgo.<\/p>\n<p data-path-to-node=\"14\">Desde la cartera de Salud enfatizaron que la vacuna es solo una herramienta complementaria y no debe ser la \u00fanica medida de prevenci\u00f3n. Al no impedir la infecci\u00f3n en el 100% de los casos, resulta vital sostener las acciones de control del mosquito <i data-path-to-node=\"14\" data-index-in-node=\"248\">Aedes aegypti<\/i>:<\/p>\n<ol start=\"1\" data-path-to-node=\"15\">\n<li>\n<p data-path-to-node=\"15,0,0\"><b data-path-to-node=\"15,0,0\" data-index-in-node=\"0\">Eliminaci\u00f3n de criaderos<\/b> (descacharrizaci\u00f3n).<\/p>\n<\/li>\n<li>\n<p data-path-to-node=\"15,1,0\"><b data-path-to-node=\"15,1,0\" data-index-in-node=\"0\">Uso frecuente de repelente.<\/b><\/p>\n<\/li>\n<li>\n<p data-path-to-node=\"15,2,0\"><b data-path-to-node=\"15,2,0\" data-index-in-node=\"0\">Monitoreo y diagn\u00f3stico temprano<\/b> ante la aparici\u00f3n de s\u00edntomas.<\/p>\n<\/li>\n<\/ol>\n","protected":false},"excerpt":{"rendered":"<p>El Ministerio de Salud inici\u00f3 la distribuci\u00f3n escalonada de vacunas para completar esquemas en el NOA, NEA y Centro del pa\u00eds. Entre R\u00edos se encuentra entre las jurisdicciones priorizadas para recibir las dosis.<\/p>\n","protected":false},"author":8,"featured_media":142836,"comment_status":"open","ping_status":"open","sticky":false,"template":"","format":"standard","meta":{"fifu_image_url":"","fifu_image_alt":"","footnotes":""},"categories":[7,1595],"tags":[242,81,214],"class_list":{"0":"post-247278","1":"post","2":"type-post","3":"status-publish","4":"format-standard","5":"has-post-thumbnail","7":"category-nacionales","8":"category-salud","9":"tag-dengue","10":"tag-entre-rios","11":"tag-vacunacion"},"yoast_head":"<title>Dengue: Naci\u00f3n enviar\u00e1 vacunas a Entre R\u00edos para reforzar la prevenci\u00f3n en j\u00f3venes y adultos - Informe Litoral<\/title>\n<meta name=\"robots\" content=\"index, follow, max-snippet:-1, max-image-preview:large, max-video-preview:-1\" \/>\n<link rel=\"canonical\" href=\"https:\/\/informelitoral.com.ar\/dengue-nacion-enviara-170-000-dosis-a-entre-rios-para-reforzar-la-vacunacion-focalizada\/\" \/>\n<meta property=\"og:locale\" content=\"es_ES\" \/>\n<meta property=\"og:type\" content=\"article\" \/>\n<meta property=\"og:title\" content=\"Dengue: Naci\u00f3n enviar\u00e1 vacunas a Entre R\u00edos para reforzar la prevenci\u00f3n en j\u00f3venes y adultos - Informe Litoral\" \/>\n<meta property=\"og:description\" content=\"El Ministerio de Salud inici\u00f3 la distribuci\u00f3n escalonada de vacunas para completar esquemas en el NOA, NEA y Centro del pa\u00eds. Entre R\u00edos se encuentra entre las jurisdicciones priorizadas para recibir las dosis.\" \/>\n<meta property=\"og:url\" content=\"https:\/\/informelitoral.com.ar\/dengue-nacion-enviara-170-000-dosis-a-entre-rios-para-reforzar-la-vacunacion-focalizada\/\" \/>\n<meta property=\"og:site_name\" content=\"Informe Litoral\" \/>\n<meta property=\"article:publisher\" content=\"https:\/\/www.facebook.com\/informelitoral\/\" \/>\n<meta property=\"article:published_time\" content=\"2026-01-22T11:56:00+00:00\" \/>\n<meta property=\"article:modified_time\" content=\"2026-01-22T11:59:07+00:00\" \/>\n<meta property=\"og:image\" content=\"https:\/\/informelitoral.com.ar\/%77%70%2d%63%6f%6e%74%65%6e%74\/uploads\/2023\/04\/Dengue-ilustrativa-17042023-editada.webp\" \/>\n\t<meta property=\"og:image:width\" content=\"730\" \/>\n\t<meta property=\"og:image:height\" content=\"443\" \/>\n\t<meta property=\"og:image:type\" content=\"image\/webp\" \/>\n<meta name=\"author\" content=\"Sebastian\" \/>\n<meta name=\"twitter:card\" content=\"summary_large_image\" \/>\n<meta name=\"twitter:creator\" content=\"@InformeLitoral\" \/>\n<meta name=\"twitter:site\" content=\"@InformeLitoral\" \/>\n<meta name=\"twitter:label1\" content=\"Escrito por\" \/>\n\t<meta name=\"twitter:data1\" content=\"Sebastian\" \/>\n\t<meta name=\"twitter:label2\" content=\"Tiempo de lectura\" \/>\n\t<meta name=\"twitter:data2\" content=\"2 minutos\" \/>\n<script type=\"application\/ld+json\" class=\"yoast-schema-graph\">{\"@context\":\"https:\\\/\\\/schema.org\",\"@graph\":[{\"@type\":\"Article\",\"@id\":\"https:\\\/\\\/informelitoral.com.ar\\\/dengue-nacion-enviara-170-000-dosis-a-entre-rios-para-reforzar-la-vacunacion-focalizada\\\/#article\",\"isPartOf\":{\"@id\":\"https:\\\/\\\/informelitoral.com.ar\\\/dengue-nacion-enviara-170-000-dosis-a-entre-rios-para-reforzar-la-vacunacion-focalizada\\\/\"},\"author\":{\"name\":\"Sebastian\",\"@id\":\"https:\\\/\\\/informelitoral.com.ar\\\/#\\\/schema\\\/person\\\/f05f9f461677119578717524b127d6d5\"},\"headline\":\"Dengue: Naci\u00f3n enviar\u00e1 vacunas a Entre R\u00edos para reforzar la prevenci\u00f3n en j\u00f3venes y adultos\",\"datePublished\":\"2026-01-22T11:56:00+00:00\",\"dateModified\":\"2026-01-22T11:59:07+00:00\",\"mainEntityOfPage\":{\"@id\":\"https:\\\/\\\/informelitoral.com.ar\\\/dengue-nacion-enviara-170-000-dosis-a-entre-rios-para-reforzar-la-vacunacion-focalizada\\\/\"},\"wordCount\":376,\"commentCount\":0,\"publisher\":{\"@id\":\"https:\\\/\\\/informelitoral.com.ar\\\/#organization\"},\"image\":{\"@id\":\"https:\\\/\\\/informelitoral.com.ar\\\/dengue-nacion-enviara-170-000-dosis-a-entre-rios-para-reforzar-la-vacunacion-focalizada\\\/#primaryimage\"},\"thumbnailUrl\":\"https:\\\/\\\/informelitoral.com.ar\\\/%77%70%2d%63%6f%6e%74%65%6e%74\\\/uploads\\\/2023\\\/04\\\/Dengue-ilustrativa-17042023-editada.webp\",\"keywords\":[\"Dengue\",\"Entre R\u00edos\",\"Vacunaci\u00f3n\"],\"articleSection\":[\"Nacionales\",\"Salud\"],\"inLanguage\":\"es\",\"potentialAction\":[{\"@type\":\"CommentAction\",\"name\":\"Comment\",\"target\":[\"https:\\\/\\\/informelitoral.com.ar\\\/dengue-nacion-enviara-170-000-dosis-a-entre-rios-para-reforzar-la-vacunacion-focalizada\\\/#respond\"]}]},{\"@type\":\"WebPage\",\"@id\":\"https:\\\/\\\/informelitoral.com.ar\\\/dengue-nacion-enviara-170-000-dosis-a-entre-rios-para-reforzar-la-vacunacion-focalizada\\\/\",\"url\":\"https:\\\/\\\/informelitoral.com.ar\\\/dengue-nacion-enviara-170-000-dosis-a-entre-rios-para-reforzar-la-vacunacion-focalizada\\\/\",\"name\":\"Dengue: Naci\u00f3n enviar\u00e1 vacunas a Entre R\u00edos para reforzar la prevenci\u00f3n en j\u00f3venes y adultos - Informe Litoral\",\"isPartOf\":{\"@id\":\"https:\\\/\\\/informelitoral.com.ar\\\/#website\"},\"primaryImageOfPage\":{\"@id\":\"https:\\\/\\\/informelitoral.com.ar\\\/dengue-nacion-enviara-170-000-dosis-a-entre-rios-para-reforzar-la-vacunacion-focalizada\\\/#primaryimage\"},\"image\":{\"@id\":\"https:\\\/\\\/informelitoral.com.ar\\\/dengue-nacion-enviara-170-000-dosis-a-entre-rios-para-reforzar-la-vacunacion-focalizada\\\/#primaryimage\"},\"thumbnailUrl\":\"https:\\\/\\\/informelitoral.com.ar\\\/%77%70%2d%63%6f%6e%74%65%6e%74\\\/uploads\\\/2023\\\/04\\\/Dengue-ilustrativa-17042023-editada.webp\",\"datePublished\":\"2026-01-22T11:56:00+00:00\",\"dateModified\":\"2026-01-22T11:59:07+00:00\",\"breadcrumb\":{\"@id\":\"https:\\\/\\\/informelitoral.com.ar\\\/dengue-nacion-enviara-170-000-dosis-a-entre-rios-para-reforzar-la-vacunacion-focalizada\\\/#breadcrumb\"},\"inLanguage\":\"es\",\"potentialAction\":[{\"@type\":\"ReadAction\",\"target\":[\"https:\\\/\\\/informelitoral.com.ar\\\/dengue-nacion-enviara-170-000-dosis-a-entre-rios-para-reforzar-la-vacunacion-focalizada\\\/\"]}]},{\"@type\":\"ImageObject\",\"inLanguage\":\"es\",\"@id\":\"https:\\\/\\\/informelitoral.com.ar\\\/dengue-nacion-enviara-170-000-dosis-a-entre-rios-para-reforzar-la-vacunacion-focalizada\\\/#primaryimage\",\"url\":\"https:\\\/\\\/informelitoral.com.ar\\\/%77%70%2d%63%6f%6e%74%65%6e%74\\\/uploads\\\/2023\\\/04\\\/Dengue-ilustrativa-17042023-editada.webp\",\"contentUrl\":\"https:\\\/\\\/informelitoral.com.ar\\\/%77%70%2d%63%6f%6e%74%65%6e%74\\\/uploads\\\/2023\\\/04\\\/Dengue-ilustrativa-17042023-editada.webp\",\"width\":730,\"height\":443},{\"@type\":\"BreadcrumbList\",\"@id\":\"https:\\\/\\\/informelitoral.com.ar\\\/dengue-nacion-enviara-170-000-dosis-a-entre-rios-para-reforzar-la-vacunacion-focalizada\\\/#breadcrumb\",\"itemListElement\":[{\"@type\":\"ListItem\",\"position\":1,\"name\":\"Portada\",\"item\":\"https:\\\/\\\/informelitoral.com.ar\\\/\"},{\"@type\":\"ListItem\",\"position\":2,\"name\":\"Dengue: Naci\u00f3n enviar\u00e1 vacunas a Entre R\u00edos para reforzar la prevenci\u00f3n en j\u00f3venes y adultos\"}]},{\"@type\":\"WebSite\",\"@id\":\"https:\\\/\\\/informelitoral.com.ar\\\/#website\",\"url\":\"https:\\\/\\\/informelitoral.com.ar\\\/\",\"name\":\"Informe Litoral\",\"description\":\"&quot;Nos informamos&quot; \",\"publisher\":{\"@id\":\"https:\\\/\\\/informelitoral.com.ar\\\/#organization\"},\"potentialAction\":[{\"@type\":\"SearchAction\",\"target\":{\"@type\":\"EntryPoint\",\"urlTemplate\":\"https:\\\/\\\/informelitoral.com.ar\\\/?s={search_term_string}\"},\"query-input\":{\"@type\":\"PropertyValueSpecification\",\"valueRequired\":true,\"valueName\":\"search_term_string\"}}],\"inLanguage\":\"es\"},{\"@type\":\"Organization\",\"@id\":\"https:\\\/\\\/informelitoral.com.ar\\\/#organization\",\"name\":\"Informe Litoral\",\"url\":\"https:\\\/\\\/informelitoral.com.ar\\\/\",\"logo\":{\"@type\":\"ImageObject\",\"inLanguage\":\"es\",\"@id\":\"https:\\\/\\\/informelitoral.com.ar\\\/#\\\/schema\\\/logo\\\/image\\\/\",\"url\":\"https:\\\/\\\/informelitoral.com.ar\\\/%77%70%2d%63%6f%6e%74%65%6e%74\\\/uploads\\\/2021\\\/01\\\/circulo.png\",\"contentUrl\":\"https:\\\/\\\/informelitoral.com.ar\\\/%77%70%2d%63%6f%6e%74%65%6e%74\\\/uploads\\\/2021\\\/01\\\/circulo.png\",\"width\":723,\"height\":731,\"caption\":\"Informe Litoral\"},\"image\":{\"@id\":\"https:\\\/\\\/informelitoral.com.ar\\\/#\\\/schema\\\/logo\\\/image\\\/\"},\"sameAs\":[\"https:\\\/\\\/www.facebook.com\\\/informelitoral\\\/\",\"https:\\\/\\\/x.com\\\/InformeLitoral\",\"https:\\\/\\\/www.instagram.com\\\/informelitoral\\\/\",\"https:\\\/\\\/www.youtube.com\\\/channel\\\/UCua4Qvz8Icb6MYqhoq9xLXw\"]},{\"@type\":\"Person\",\"@id\":\"https:\\\/\\\/informelitoral.com.ar\\\/#\\\/schema\\\/person\\\/f05f9f461677119578717524b127d6d5\",\"name\":\"Sebastian\",\"image\":{\"@type\":\"ImageObject\",\"inLanguage\":\"es\",\"@id\":\"https:\\\/\\\/secure.gravatar.com\\\/avatar\\\/b71bf7481d447dfb9583c7f2798e7cc64de6efb9067b74633ed8c31059a3bd82?s=96&d=mm&r=g\",\"url\":\"https:\\\/\\\/secure.gravatar.com\\\/avatar\\\/b71bf7481d447dfb9583c7f2798e7cc64de6efb9067b74633ed8c31059a3bd82?s=96&d=mm&r=g\",\"contentUrl\":\"https:\\\/\\\/secure.gravatar.com\\\/avatar\\\/b71bf7481d447dfb9583c7f2798e7cc64de6efb9067b74633ed8c31059a3bd82?s=96&d=mm&r=g\",\"caption\":\"Sebastian\"},\"url\":\"https:\\\/\\\/informelitoral.com.ar\\\/author\\\/sebastian\\\/\"}]}<\/script>","yoast_head_json":{"title":"Dengue: Naci\u00f3n enviar\u00e1 vacunas a Entre R\u00edos para reforzar la prevenci\u00f3n en j\u00f3venes y adultos - Informe Litoral","robots":{"index":"index","follow":"follow","max-snippet":"max-snippet:-1","max-image-preview":"max-image-preview:large","max-video-preview":"max-video-preview:-1"},"canonical":"https:\/\/informelitoral.com.ar\/dengue-nacion-enviara-170-000-dosis-a-entre-rios-para-reforzar-la-vacunacion-focalizada\/","og_locale":"es_ES","og_type":"article","og_title":"Dengue: Naci\u00f3n enviar\u00e1 vacunas a Entre R\u00edos para reforzar la prevenci\u00f3n en j\u00f3venes y adultos - Informe Litoral","og_description":"El Ministerio de Salud inici\u00f3 la distribuci\u00f3n escalonada de vacunas para completar esquemas en el NOA, NEA y Centro del pa\u00eds. Entre R\u00edos se encuentra entre las jurisdicciones priorizadas para recibir las dosis.","og_url":"https:\/\/informelitoral.com.ar\/dengue-nacion-enviara-170-000-dosis-a-entre-rios-para-reforzar-la-vacunacion-focalizada\/","og_site_name":"Informe Litoral","article_publisher":"https:\/\/www.facebook.com\/informelitoral\/","article_published_time":"2026-01-22T11:56:00+00:00","article_modified_time":"2026-01-22T11:59:07+00:00","og_image":[{"width":730,"height":443,"url":"https:\/\/informelitoral.com.ar\/%77%70%2d%63%6f%6e%74%65%6e%74\/uploads\/2023\/04\/Dengue-ilustrativa-17042023-editada.webp","type":"image\/webp"}],"author":"Sebastian","twitter_card":"summary_large_image","twitter_creator":"@InformeLitoral","twitter_site":"@InformeLitoral","twitter_misc":{"Escrito por":"Sebastian","Tiempo de lectura":"2 minutos"},"schema":{"@context":"https:\/\/schema.org","@graph":[{"@type":"Article","@id":"https:\/\/informelitoral.com.ar\/dengue-nacion-enviara-170-000-dosis-a-entre-rios-para-reforzar-la-vacunacion-focalizada\/#article","isPartOf":{"@id":"https:\/\/informelitoral.com.ar\/dengue-nacion-enviara-170-000-dosis-a-entre-rios-para-reforzar-la-vacunacion-focalizada\/"},"author":{"name":"Sebastian","@id":"https:\/\/informelitoral.com.ar\/#\/schema\/person\/f05f9f461677119578717524b127d6d5"},"headline":"Dengue: Naci\u00f3n enviar\u00e1 vacunas a Entre R\u00edos para reforzar la prevenci\u00f3n en j\u00f3venes y adultos","datePublished":"2026-01-22T11:56:00+00:00","dateModified":"2026-01-22T11:59:07+00:00","mainEntityOfPage":{"@id":"https:\/\/informelitoral.com.ar\/dengue-nacion-enviara-170-000-dosis-a-entre-rios-para-reforzar-la-vacunacion-focalizada\/"},"wordCount":376,"commentCount":0,"publisher":{"@id":"https:\/\/informelitoral.com.ar\/#organization"},"image":{"@id":"https:\/\/informelitoral.com.ar\/dengue-nacion-enviara-170-000-dosis-a-entre-rios-para-reforzar-la-vacunacion-focalizada\/#primaryimage"},"thumbnailUrl":"https:\/\/informelitoral.com.ar\/%77%70%2d%63%6f%6e%74%65%6e%74\/uploads\/2023\/04\/Dengue-ilustrativa-17042023-editada.webp","keywords":["Dengue","Entre R\u00edos","Vacunaci\u00f3n"],"articleSection":["Nacionales","Salud"],"inLanguage":"es","potentialAction":[{"@type":"CommentAction","name":"Comment","target":["https:\/\/informelitoral.com.ar\/dengue-nacion-enviara-170-000-dosis-a-entre-rios-para-reforzar-la-vacunacion-focalizada\/#respond"]}]},{"@type":"WebPage","@id":"https:\/\/informelitoral.com.ar\/dengue-nacion-enviara-170-000-dosis-a-entre-rios-para-reforzar-la-vacunacion-focalizada\/","url":"https:\/\/informelitoral.com.ar\/dengue-nacion-enviara-170-000-dosis-a-entre-rios-para-reforzar-la-vacunacion-focalizada\/","name":"Dengue: Naci\u00f3n enviar\u00e1 vacunas a Entre R\u00edos para reforzar la prevenci\u00f3n en j\u00f3venes y adultos - Informe Litoral","isPartOf":{"@id":"https:\/\/informelitoral.com.ar\/#website"},"primaryImageOfPage":{"@id":"https:\/\/informelitoral.com.ar\/dengue-nacion-enviara-170-000-dosis-a-entre-rios-para-reforzar-la-vacunacion-focalizada\/#primaryimage"},"image":{"@id":"https:\/\/informelitoral.com.ar\/dengue-nacion-enviara-170-000-dosis-a-entre-rios-para-reforzar-la-vacunacion-focalizada\/#primaryimage"},"thumbnailUrl":"https:\/\/informelitoral.com.ar\/%77%70%2d%63%6f%6e%74%65%6e%74\/uploads\/2023\/04\/Dengue-ilustrativa-17042023-editada.webp","datePublished":"2026-01-22T11:56:00+00:00","dateModified":"2026-01-22T11:59:07+00:00","breadcrumb":{"@id":"https:\/\/informelitoral.com.ar\/dengue-nacion-enviara-170-000-dosis-a-entre-rios-para-reforzar-la-vacunacion-focalizada\/#breadcrumb"},"inLanguage":"es","potentialAction":[{"@type":"ReadAction","target":["https:\/\/informelitoral.com.ar\/dengue-nacion-enviara-170-000-dosis-a-entre-rios-para-reforzar-la-vacunacion-focalizada\/"]}]},{"@type":"ImageObject","inLanguage":"es","@id":"https:\/\/informelitoral.com.ar\/dengue-nacion-enviara-170-000-dosis-a-entre-rios-para-reforzar-la-vacunacion-focalizada\/#primaryimage","url":"https:\/\/informelitoral.com.ar\/%77%70%2d%63%6f%6e%74%65%6e%74\/uploads\/2023\/04\/Dengue-ilustrativa-17042023-editada.webp","contentUrl":"https:\/\/informelitoral.com.ar\/%77%70%2d%63%6f%6e%74%65%6e%74\/uploads\/2023\/04\/Dengue-ilustrativa-17042023-editada.webp","width":730,"height":443},{"@type":"BreadcrumbList","@id":"https:\/\/informelitoral.com.ar\/dengue-nacion-enviara-170-000-dosis-a-entre-rios-para-reforzar-la-vacunacion-focalizada\/#breadcrumb","itemListElement":[{"@type":"ListItem","position":1,"name":"Portada","item":"https:\/\/informelitoral.com.ar\/"},{"@type":"ListItem","position":2,"name":"Dengue: Naci\u00f3n enviar\u00e1 vacunas a Entre R\u00edos para reforzar la prevenci\u00f3n en j\u00f3venes y adultos"}]},{"@type":"WebSite","@id":"https:\/\/informelitoral.com.ar\/#website","url":"https:\/\/informelitoral.com.ar\/","name":"Informe Litoral","description":"&quot;Nos informamos&quot; ","publisher":{"@id":"https:\/\/informelitoral.com.ar\/#organization"},"potentialAction":[{"@type":"SearchAction","target":{"@type":"EntryPoint","urlTemplate":"https:\/\/informelitoral.com.ar\/?s={search_term_string}"},"query-input":{"@type":"PropertyValueSpecification","valueRequired":true,"valueName":"search_term_string"}}],"inLanguage":"es"},{"@type":"Organization","@id":"https:\/\/informelitoral.com.ar\/#organization","name":"Informe Litoral","url":"https:\/\/informelitoral.com.ar\/","logo":{"@type":"ImageObject","inLanguage":"es","@id":"https:\/\/informelitoral.com.ar\/#\/schema\/logo\/image\/","url":"https:\/\/informelitoral.com.ar\/%77%70%2d%63%6f%6e%74%65%6e%74\/uploads\/2021\/01\/circulo.png","contentUrl":"https:\/\/informelitoral.com.ar\/%77%70%2d%63%6f%6e%74%65%6e%74\/uploads\/2021\/01\/circulo.png","width":723,"height":731,"caption":"Informe Litoral"},"image":{"@id":"https:\/\/informelitoral.com.ar\/#\/schema\/logo\/image\/"},"sameAs":["https:\/\/www.facebook.com\/informelitoral\/","https:\/\/x.com\/InformeLitoral","https:\/\/www.instagram.com\/informelitoral\/","https:\/\/www.youtube.com\/channel\/UCua4Qvz8Icb6MYqhoq9xLXw"]},{"@type":"Person","@id":"https:\/\/informelitoral.com.ar\/#\/schema\/person\/f05f9f461677119578717524b127d6d5","name":"Sebastian","image":{"@type":"ImageObject","inLanguage":"es","@id":"https:\/\/secure.gravatar.com\/avatar\/b71bf7481d447dfb9583c7f2798e7cc64de6efb9067b74633ed8c31059a3bd82?s=96&d=mm&r=g","url":"https:\/\/secure.gravatar.com\/avatar\/b71bf7481d447dfb9583c7f2798e7cc64de6efb9067b74633ed8c31059a3bd82?s=96&d=mm&r=g","contentUrl":"https:\/\/secure.gravatar.com\/avatar\/b71bf7481d447dfb9583c7f2798e7cc64de6efb9067b74633ed8c31059a3bd82?s=96&d=mm&r=g","caption":"Sebastian"},"url":"https:\/\/informelitoral.com.ar\/author\/sebastian\/"}]}},"_links":{"self":[{"href":"https:\/\/informelitoral.com.ar\/%77%70%2d%6a%73%6f%6e\/wp\/v2\/posts\/247278","targetHints":{"allow":["GET"]}}],"collection":[{"href":"https:\/\/informelitoral.com.ar\/%77%70%2d%6a%73%6f%6e\/wp\/v2\/posts"}],"about":[{"href":"https:\/\/informelitoral.com.ar\/%77%70%2d%6a%73%6f%6e\/wp\/v2\/types\/post"}],"author":[{"embeddable":true,"href":"https:\/\/informelitoral.com.ar\/%77%70%2d%6a%73%6f%6e\/wp\/v2\/users\/8"}],"replies":[{"embeddable":true,"href":"https:\/\/informelitoral.com.ar\/%77%70%2d%6a%73%6f%6e\/wp\/v2\/comments?post=247278"}],"version-history":[{"count":2,"href":"https:\/\/informelitoral.com.ar\/%77%70%2d%6a%73%6f%6e\/wp\/v2\/posts\/247278\/revisions"}],"predecessor-version":[{"id":247280,"href":"https:\/\/informelitoral.com.ar\/%77%70%2d%6a%73%6f%6e\/wp\/v2\/posts\/247278\/revisions\/247280"}],"wp:featuredmedia":[{"embeddable":true,"href":"https:\/\/informelitoral.com.ar\/%77%70%2d%6a%73%6f%6e\/wp\/v2\/media\/142836"}],"wp:attachment":[{"href":"https:\/\/informelitoral.com.ar\/%77%70%2d%6a%73%6f%6e\/wp\/v2\/media?parent=247278"}],"wp:term":[{"taxonomy":"category","embeddable":true,"href":"https:\/\/informelitoral.com.ar\/%77%70%2d%6a%73%6f%6e\/wp\/v2\/categories?post=247278"},{"taxonomy":"post_tag","embeddable":true,"href":"https:\/\/informelitoral.com.ar\/%77%70%2d%6a%73%6f%6e\/wp\/v2\/tags?post=247278"}],"curies":[{"name":"wp","href":"https:\/\/api.w.org\/{rel}","templated":true}]}}